{"id":6884,"date":"2020-02-04T21:05:10","date_gmt":"2020-02-05T00:05:10","guid":{"rendered":"https:\/\/mhcalculos.com.br\/noticias\/area\/previdenciario\/stf-cnti-questiona-trecho-da-reforma-da-previdencia-que-exige-idade-minima-para-aposentadoria-especial\/"},"modified":"2021-07-28T14:30:23","modified_gmt":"2021-07-28T17:30:23","slug":"stf-cnti-questiona-trecho-da-reforma-da-previdencia-que-exige-idade-minima-para-aposentadoria-especial","status":"publish","type":"post","link":"https:\/\/mhcalculos.com.br\/noticias\/area\/previdenciario\/stf-cnti-questiona-trecho-da-reforma-da-previdencia-que-exige-idade-minima-para-aposentadoria-especial.html","title":{"rendered":"STF: CNTI questiona trecho da Reforma da Previd\u00eancia que exige idade m\u00ednima para aposentadoria especial"},"content":{"rendered":"<p><br \/>\n<\/p>\n<p>A Confedera\u00e7\u00e3o Nacional dos Trabalhadores da Ind\u00fastria (CNTI) ajuizou no Supremo Tribunal Federal (STF) A\u00e7\u00e3o Direta de Inconstitucionalidade (ADI 6309) contra dispositivos da Reforma da Previd\u00eancia (Emenda Constitucional 103\/2019) que criaram requisito et\u00e1rio para a concess\u00e3o da aposentadoria especial para segurados que trabalham expostos a agentes nocivos \u00e0 sa\u00fade ou \u00e0 integridade f\u00edsica. O relator \u00e9 o ministro Luiz Roberto Barroso.<\/p>\n<p>De acordo com a confedera\u00e7\u00e3o, a finalidade da aposentadoria especial \u00e9 evitar que o trabalhador sofra preju\u00edzos em decorr\u00eancia da exposi\u00e7\u00e3o ao agente nocivo por tempo superior ao suport\u00e1vel. O destinat\u00e1rio da aposentadoria especial, nessas condi\u00e7\u00f5es, n\u00e3o pode aguardar eventual idade m\u00ednima, sob pena de ter de permanecer exposto ao risco. Essa exig\u00eancia, segundo a CNTI, viola o artigo 7&ordm;, inciso XXII, da Constitui\u00e7\u00e3o Federal, que assegura aos trabalhadores urbanos e rurais a redu\u00e7\u00e3o dos riscos inerentes ao trabalho por meio de normas de sa\u00fade, higiene e seguran\u00e7a, e o princ\u00edpio da dignidade humana, que busca assegurar condi\u00e7\u00f5es justas e adequadas para a vida do segurado e sua fam\u00edlia. &ldquo;\u00c9 dever do Estado evitar que o trabalhador continue, deliberadamente, prejudicando a sua sa\u00fade e a sua integridade f\u00edsica ap\u00f3s o cumprimento do tempo m\u00ednimo de contribui\u00e7\u00e3o exigido para aposentaria especial&rdquo;, sustenta.<\/p>\n<p>Al\u00e9m de pedir a declara\u00e7\u00e3o de inconstitucionalidade dos dispositivos questionados (artigo 19, inciso I; artigo 25, par\u00e1grafo 2&ordm;; e artigo 26, par\u00e1grafo 2&ordm;, inciso IV) da Emenda Constitucional 103\/2019, a entidade de classe pede a realiza\u00e7\u00e3o de audi\u00eancia p\u00fablica para ouvir depoimento de engenheiros de seguran\u00e7a e m\u00e9dicos do trabalho com experi\u00eancia em ambiente com agentes nocivos.<\/p>\n<p><span style=\"font-size: smaller\">SP\/AS\/\/CF<\/span><\/p>\n<p><i>Com informa\u00e7\u00f5es da assessoria de imprensa do STF.<\/i><br \/>\n<br \/><br \/>\n<br \/><a href=\"http:\/\/www.stf.jus.br\/portal\/cms\/verNoticiaDetalhe.asp?idConteudo=436033\">Fonte<\/a><\/p>\n","protected":false},"excerpt":{"rendered":"<p>A Confedera\u00e7\u00e3o Nacional dos Trabalhadores da Ind\u00fastria (CNTI) ajuizou no Supremo Tribunal Federal (STF) A\u00e7\u00e3o Direta de Inconstitucionalidade (ADI 6309) contra dispositivos da Reforma da Previd\u00eancia (Emenda Constitucional 103\/2019) que criaram requisito et\u00e1rio para a concess\u00e3o da aposentadoria especial para segurados que trabalham expostos a agentes nocivos \u00e0 sa\u00fade ou \u00e0 integridade f\u00edsica. O relator [&hellip;]<\/p>\n","protected":false},"author":3063,"featured_media":2667,"comment_status":"open","ping_status":"open","sticky":false,"template":"","format":"standard","meta":{"footnotes":""},"categories":[5,15],"tags":[11,10,8,13,9,12,16],"class_list":{"0":"post-6884","1":"post","2":"type-post","3":"status-publish","4":"format-standard","5":"has-post-thumbnail","7":"category-previdenciario","8":"category-stf","9":"tag-aposentadoria","10":"tag-calculos-previdenciarios","11":"tag-direito-previdenciario","12":"tag-inss","13":"tag-pericia","14":"tag-perito","15":"tag-stf"},"yoast_head":"<!-- This site is optimized with the Yoast SEO plugin v27.2 - https:\/\/yoast.com\/product\/yoast-seo-wordpress\/ -->\n<title>STF: CNTI questiona trecho da Reforma da Previd\u00eancia que exige idade m\u00ednima para aposentadoria especial | Portal de Not\u00edcias<\/title>\n<meta name=\"robots\" content=\"index, follow, max-snippet:-1, max-image-preview:large, max-video-preview:-1\" \/>\n<link rel=\"canonical\" href=\"https:\/\/mhcalculos.com.br\/noticias\/area\/previdenciario\/stf-cnti-questiona-trecho-da-reforma-da-previdencia-que-exige-idade-minima-para-aposentadoria-especial.html\" \/>\n<meta property=\"og:locale\" content=\"pt_BR\" \/>\n<meta property=\"og:type\" content=\"article\" \/>\n<meta property=\"og:title\" content=\"STF: CNTI questiona trecho da Reforma da Previd\u00eancia que exige idade m\u00ednima para aposentadoria especial | Portal de Not\u00edcias\" \/>\n<meta property=\"og:description\" content=\"A Confedera\u00e7\u00e3o Nacional dos Trabalhadores da Ind\u00fastria (CNTI) ajuizou no Supremo Tribunal Federal (STF) A\u00e7\u00e3o Direta de Inconstitucionalidade (ADI 6309) contra dispositivos da Reforma da Previd\u00eancia (Emenda Constitucional 103\/2019) que criaram requisito et\u00e1rio para a concess\u00e3o da aposentadoria especial para segurados que trabalham expostos a agentes nocivos \u00e0 sa\u00fade ou \u00e0 integridade f\u00edsica. O relator [&hellip;]\" \/>\n<meta property=\"og:url\" content=\"https:\/\/mhcalculos.com.br\/noticias\/area\/previdenciario\/stf-cnti-questiona-trecho-da-reforma-da-previdencia-que-exige-idade-minima-para-aposentadoria-especial.html\" \/>\n<meta property=\"og:site_name\" content=\"Portal de Not\u00edcias\" \/>\n<meta property=\"article:published_time\" content=\"2020-02-05T00:05:10+00:00\" \/>\n<meta property=\"article:modified_time\" content=\"2021-07-28T17:30:23+00:00\" \/>\n<meta property=\"og:image\" content=\"https:\/\/mhcalculos.com.br\/noticias\/wp-content\/uploads\/sites\/2\/2018\/07\/previdenciario-0012.jpg\" \/>\n\t<meta property=\"og:image:width\" content=\"2000\" \/>\n\t<meta property=\"og:image:height\" content=\"800\" \/>\n\t<meta property=\"og:image:type\" content=\"image\/jpeg\" \/>\n<meta name=\"author\" content=\"Equipe MH\" \/>\n<meta name=\"twitter:card\" content=\"summary_large_image\" \/>\n<meta name=\"twitter:label1\" content=\"Escrito por\" \/>\n\t<meta name=\"twitter:data1\" content=\"Equipe MH\" \/>\n\t<meta name=\"twitter:label2\" content=\"Est. tempo de leitura\" \/>\n\t<meta name=\"twitter:data2\" content=\"2 minutos\" \/>\n<script type=\"application\/ld+json\" class=\"yoast-schema-graph\">{\"@context\":\"https:\/\/schema.org\",\"@graph\":[{\"@type\":\"Article\",\"@id\":\"https:\/\/mhcalculos.com.br\/noticias\/area\/previdenciario\/stf-cnti-questiona-trecho-da-reforma-da-previdencia-que-exige-idade-minima-para-aposentadoria-especial.html#article\",\"isPartOf\":{\"@id\":\"https:\/\/mhcalculos.com.br\/noticias\/area\/previdenciario\/stf-cnti-questiona-trecho-da-reforma-da-previdencia-que-exige-idade-minima-para-aposentadoria-especial.html\"},\"author\":{\"name\":\"Equipe MH\",\"@id\":\"https:\/\/mhcalculos.com.br\/noticias\/#\/schema\/person\/88d1c34bf72dc779ea14a5a6b8e0ae8d\"},\"headline\":\"STF: CNTI questiona trecho da Reforma da Previd\u00eancia que exige idade m\u00ednima para aposentadoria especial\",\"datePublished\":\"2020-02-05T00:05:10+00:00\",\"dateModified\":\"2021-07-28T17:30:23+00:00\",\"mainEntityOfPage\":{\"@id\":\"https:\/\/mhcalculos.com.br\/noticias\/area\/previdenciario\/stf-cnti-questiona-trecho-da-reforma-da-previdencia-que-exige-idade-minima-para-aposentadoria-especial.html\"},\"wordCount\":322,\"commentCount\":0,\"image\":{\"@id\":\"https:\/\/mhcalculos.com.br\/noticias\/area\/previdenciario\/stf-cnti-questiona-trecho-da-reforma-da-previdencia-que-exige-idade-minima-para-aposentadoria-especial.html#primaryimage\"},\"thumbnailUrl\":\"https:\/\/mhcalculos.com.br\/noticias\/wp-content\/uploads\/sites\/2\/2018\/07\/previdenciario-0012.jpg\",\"keywords\":[\"aposentadoria\",\"c\u00e1lculos previdenci\u00e1rios\",\"direito previdenci\u00e1rio\",\"inss\",\"per\u00edcia\",\"perito\",\"stf\"],\"articleSection\":[\"Direito Previdenci\u00e1rio\",\"STF\"],\"inLanguage\":\"pt-BR\",\"potentialAction\":[{\"@type\":\"CommentAction\",\"name\":\"Comment\",\"target\":[\"https:\/\/mhcalculos.com.br\/noticias\/area\/previdenciario\/stf-cnti-questiona-trecho-da-reforma-da-previdencia-que-exige-idade-minima-para-aposentadoria-especial.html#respond\"]}]},{\"@type\":\"WebPage\",\"@id\":\"https:\/\/mhcalculos.com.br\/noticias\/area\/previdenciario\/stf-cnti-questiona-trecho-da-reforma-da-previdencia-que-exige-idade-minima-para-aposentadoria-especial.html\",\"url\":\"https:\/\/mhcalculos.com.br\/noticias\/area\/previdenciario\/stf-cnti-questiona-trecho-da-reforma-da-previdencia-que-exige-idade-minima-para-aposentadoria-especial.html\",\"name\":\"STF: CNTI questiona trecho da Reforma da Previd\u00eancia que exige idade m\u00ednima para aposentadoria especial | Portal de Not\u00edcias\",\"isPartOf\":{\"@id\":\"https:\/\/mhcalculos.com.br\/noticias\/#website\"},\"primaryImageOfPage\":{\"@id\":\"https:\/\/mhcalculos.com.br\/noticias\/area\/previdenciario\/stf-cnti-questiona-trecho-da-reforma-da-previdencia-que-exige-idade-minima-para-aposentadoria-especial.html#primaryimage\"},\"image\":{\"@id\":\"https:\/\/mhcalculos.com.br\/noticias\/area\/previdenciario\/stf-cnti-questiona-trecho-da-reforma-da-previdencia-que-exige-idade-minima-para-aposentadoria-especial.html#primaryimage\"},\"thumbnailUrl\":\"https:\/\/mhcalculos.com.br\/noticias\/wp-content\/uploads\/sites\/2\/2018\/07\/previdenciario-0012.jpg\",\"datePublished\":\"2020-02-05T00:05:10+00:00\",\"dateModified\":\"2021-07-28T17:30:23+00:00\",\"author\":{\"@id\":\"https:\/\/mhcalculos.com.br\/noticias\/#\/schema\/person\/88d1c34bf72dc779ea14a5a6b8e0ae8d\"},\"breadcrumb\":{\"@id\":\"https:\/\/mhcalculos.com.br\/noticias\/area\/previdenciario\/stf-cnti-questiona-trecho-da-reforma-da-previdencia-que-exige-idade-minima-para-aposentadoria-especial.html#breadcrumb\"},\"inLanguage\":\"pt-BR\",\"potentialAction\":[{\"@type\":\"ReadAction\",\"target\":[\"https:\/\/mhcalculos.com.br\/noticias\/area\/previdenciario\/stf-cnti-questiona-trecho-da-reforma-da-previdencia-que-exige-idade-minima-para-aposentadoria-especial.html\"]}]},{\"@type\":\"ImageObject\",\"inLanguage\":\"pt-BR\",\"@id\":\"https:\/\/mhcalculos.com.br\/noticias\/area\/previdenciario\/stf-cnti-questiona-trecho-da-reforma-da-previdencia-que-exige-idade-minima-para-aposentadoria-especial.html#primaryimage\",\"url\":\"https:\/\/mhcalculos.com.br\/noticias\/wp-content\/uploads\/sites\/2\/2018\/07\/previdenciario-0012.jpg\",\"contentUrl\":\"https:\/\/mhcalculos.com.br\/noticias\/wp-content\/uploads\/sites\/2\/2018\/07\/previdenciario-0012.jpg\",\"width\":2000,\"height\":800},{\"@type\":\"BreadcrumbList\",\"@id\":\"https:\/\/mhcalculos.com.br\/noticias\/area\/previdenciario\/stf-cnti-questiona-trecho-da-reforma-da-previdencia-que-exige-idade-minima-para-aposentadoria-especial.html#breadcrumb\",\"itemListElement\":[{\"@type\":\"ListItem\",\"position\":1,\"name\":\"In\u00edcio\",\"item\":\"https:\/\/mhcalculos.com.br\/noticias\/\"},{\"@type\":\"ListItem\",\"position\":2,\"name\":\"STF: CNTI questiona trecho da Reforma da Previd\u00eancia que exige idade m\u00ednima para aposentadoria especial\"}]},{\"@type\":\"WebSite\",\"@id\":\"https:\/\/mhcalculos.com.br\/noticias\/#website\",\"url\":\"https:\/\/mhcalculos.com.br\/noticias\/\",\"name\":\"Portal de Not\u00edcias\",\"description\":\"Not\u00edcias e Jurisprud\u00eancia\",\"potentialAction\":[{\"@type\":\"SearchAction\",\"target\":{\"@type\":\"EntryPoint\",\"urlTemplate\":\"https:\/\/mhcalculos.com.br\/noticias\/?s={search_term_string}\"},\"query-input\":{\"@type\":\"PropertyValueSpecification\",\"valueRequired\":true,\"valueName\":\"search_term_string\"}}],\"inLanguage\":\"pt-BR\"},{\"@type\":\"Person\",\"@id\":\"https:\/\/mhcalculos.com.br\/noticias\/#\/schema\/person\/88d1c34bf72dc779ea14a5a6b8e0ae8d\",\"name\":\"Equipe MH\",\"image\":{\"@type\":\"ImageObject\",\"inLanguage\":\"pt-BR\",\"@id\":\"https:\/\/secure.gravatar.com\/avatar\/de1c686c2ecc9c5a3f327e3431d819eb39f8f05d4e1045f5a1caad6daaba987f?s=96&d=mm&r=g\",\"url\":\"https:\/\/secure.gravatar.com\/avatar\/de1c686c2ecc9c5a3f327e3431d819eb39f8f05d4e1045f5a1caad6daaba987f?s=96&d=mm&r=g\",\"contentUrl\":\"https:\/\/secure.gravatar.com\/avatar\/de1c686c2ecc9c5a3f327e3431d819eb39f8f05d4e1045f5a1caad6daaba987f?s=96&d=mm&r=g\",\"caption\":\"Equipe MH\"}}]}<\/script>\n<!-- \/ Yoast SEO plugin. -->","yoast_head_json":{"title":"STF: CNTI questiona trecho da Reforma da Previd\u00eancia que exige idade m\u00ednima para aposentadoria especial | Portal de Not\u00edcias","robots":{"index":"index","follow":"follow","max-snippet":"max-snippet:-1","max-image-preview":"max-image-preview:large","max-video-preview":"max-video-preview:-1"},"canonical":"https:\/\/mhcalculos.com.br\/noticias\/area\/previdenciario\/stf-cnti-questiona-trecho-da-reforma-da-previdencia-que-exige-idade-minima-para-aposentadoria-especial.html","og_locale":"pt_BR","og_type":"article","og_title":"STF: CNTI questiona trecho da Reforma da Previd\u00eancia que exige idade m\u00ednima para aposentadoria especial | Portal de Not\u00edcias","og_description":"A Confedera\u00e7\u00e3o Nacional dos Trabalhadores da Ind\u00fastria (CNTI) ajuizou no Supremo Tribunal Federal (STF) A\u00e7\u00e3o Direta de Inconstitucionalidade (ADI 6309) contra dispositivos da Reforma da Previd\u00eancia (Emenda Constitucional 103\/2019) que criaram requisito et\u00e1rio para a concess\u00e3o da aposentadoria especial para segurados que trabalham expostos a agentes nocivos \u00e0 sa\u00fade ou \u00e0 integridade f\u00edsica. O relator [&hellip;]","og_url":"https:\/\/mhcalculos.com.br\/noticias\/area\/previdenciario\/stf-cnti-questiona-trecho-da-reforma-da-previdencia-que-exige-idade-minima-para-aposentadoria-especial.html","og_site_name":"Portal de Not\u00edcias","article_published_time":"2020-02-05T00:05:10+00:00","article_modified_time":"2021-07-28T17:30:23+00:00","og_image":[{"width":2000,"height":800,"url":"https:\/\/mhcalculos.com.br\/noticias\/wp-content\/uploads\/sites\/2\/2018\/07\/previdenciario-0012.jpg","type":"image\/jpeg"}],"author":"Equipe MH","twitter_card":"summary_large_image","twitter_misc":{"Escrito por":"Equipe MH","Est. tempo de leitura":"2 minutos"},"schema":{"@context":"https:\/\/schema.org","@graph":[{"@type":"Article","@id":"https:\/\/mhcalculos.com.br\/noticias\/area\/previdenciario\/stf-cnti-questiona-trecho-da-reforma-da-previdencia-que-exige-idade-minima-para-aposentadoria-especial.html#article","isPartOf":{"@id":"https:\/\/mhcalculos.com.br\/noticias\/area\/previdenciario\/stf-cnti-questiona-trecho-da-reforma-da-previdencia-que-exige-idade-minima-para-aposentadoria-especial.html"},"author":{"name":"Equipe MH","@id":"https:\/\/mhcalculos.com.br\/noticias\/#\/schema\/person\/88d1c34bf72dc779ea14a5a6b8e0ae8d"},"headline":"STF: CNTI questiona trecho da Reforma da Previd\u00eancia que exige idade m\u00ednima para aposentadoria especial","datePublished":"2020-02-05T00:05:10+00:00","dateModified":"2021-07-28T17:30:23+00:00","mainEntityOfPage":{"@id":"https:\/\/mhcalculos.com.br\/noticias\/area\/previdenciario\/stf-cnti-questiona-trecho-da-reforma-da-previdencia-que-exige-idade-minima-para-aposentadoria-especial.html"},"wordCount":322,"commentCount":0,"image":{"@id":"https:\/\/mhcalculos.com.br\/noticias\/area\/previdenciario\/stf-cnti-questiona-trecho-da-reforma-da-previdencia-que-exige-idade-minima-para-aposentadoria-especial.html#primaryimage"},"thumbnailUrl":"https:\/\/mhcalculos.com.br\/noticias\/wp-content\/uploads\/sites\/2\/2018\/07\/previdenciario-0012.jpg","keywords":["aposentadoria","c\u00e1lculos previdenci\u00e1rios","direito previdenci\u00e1rio","inss","per\u00edcia","perito","stf"],"articleSection":["Direito Previdenci\u00e1rio","STF"],"inLanguage":"pt-BR","potentialAction":[{"@type":"CommentAction","name":"Comment","target":["https:\/\/mhcalculos.com.br\/noticias\/area\/previdenciario\/stf-cnti-questiona-trecho-da-reforma-da-previdencia-que-exige-idade-minima-para-aposentadoria-especial.html#respond"]}]},{"@type":"WebPage","@id":"https:\/\/mhcalculos.com.br\/noticias\/area\/previdenciario\/stf-cnti-questiona-trecho-da-reforma-da-previdencia-que-exige-idade-minima-para-aposentadoria-especial.html","url":"https:\/\/mhcalculos.com.br\/noticias\/area\/previdenciario\/stf-cnti-questiona-trecho-da-reforma-da-previdencia-que-exige-idade-minima-para-aposentadoria-especial.html","name":"STF: CNTI questiona trecho da Reforma da Previd\u00eancia que exige idade m\u00ednima para aposentadoria especial | Portal de Not\u00edcias","isPartOf":{"@id":"https:\/\/mhcalculos.com.br\/noticias\/#website"},"primaryImageOfPage":{"@id":"https:\/\/mhcalculos.com.br\/noticias\/area\/previdenciario\/stf-cnti-questiona-trecho-da-reforma-da-previdencia-que-exige-idade-minima-para-aposentadoria-especial.html#primaryimage"},"image":{"@id":"https:\/\/mhcalculos.com.br\/noticias\/area\/previdenciario\/stf-cnti-questiona-trecho-da-reforma-da-previdencia-que-exige-idade-minima-para-aposentadoria-especial.html#primaryimage"},"thumbnailUrl":"https:\/\/mhcalculos.com.br\/noticias\/wp-content\/uploads\/sites\/2\/2018\/07\/previdenciario-0012.jpg","datePublished":"2020-02-05T00:05:10+00:00","dateModified":"2021-07-28T17:30:23+00:00","author":{"@id":"https:\/\/mhcalculos.com.br\/noticias\/#\/schema\/person\/88d1c34bf72dc779ea14a5a6b8e0ae8d"},"breadcrumb":{"@id":"https:\/\/mhcalculos.com.br\/noticias\/area\/previdenciario\/stf-cnti-questiona-trecho-da-reforma-da-previdencia-que-exige-idade-minima-para-aposentadoria-especial.html#breadcrumb"},"inLanguage":"pt-BR","potentialAction":[{"@type":"ReadAction","target":["https:\/\/mhcalculos.com.br\/noticias\/area\/previdenciario\/stf-cnti-questiona-trecho-da-reforma-da-previdencia-que-exige-idade-minima-para-aposentadoria-especial.html"]}]},{"@type":"ImageObject","inLanguage":"pt-BR","@id":"https:\/\/mhcalculos.com.br\/noticias\/area\/previdenciario\/stf-cnti-questiona-trecho-da-reforma-da-previdencia-que-exige-idade-minima-para-aposentadoria-especial.html#primaryimage","url":"https:\/\/mhcalculos.com.br\/noticias\/wp-content\/uploads\/sites\/2\/2018\/07\/previdenciario-0012.jpg","contentUrl":"https:\/\/mhcalculos.com.br\/noticias\/wp-content\/uploads\/sites\/2\/2018\/07\/previdenciario-0012.jpg","width":2000,"height":800},{"@type":"BreadcrumbList","@id":"https:\/\/mhcalculos.com.br\/noticias\/area\/previdenciario\/stf-cnti-questiona-trecho-da-reforma-da-previdencia-que-exige-idade-minima-para-aposentadoria-especial.html#breadcrumb","itemListElement":[{"@type":"ListItem","position":1,"name":"In\u00edcio","item":"https:\/\/mhcalculos.com.br\/noticias\/"},{"@type":"ListItem","position":2,"name":"STF: CNTI questiona trecho da Reforma da Previd\u00eancia que exige idade m\u00ednima para aposentadoria especial"}]},{"@type":"WebSite","@id":"https:\/\/mhcalculos.com.br\/noticias\/#website","url":"https:\/\/mhcalculos.com.br\/noticias\/","name":"Portal de Not\u00edcias","description":"Not\u00edcias e Jurisprud\u00eancia","potentialAction":[{"@type":"SearchAction","target":{"@type":"EntryPoint","urlTemplate":"https:\/\/mhcalculos.com.br\/noticias\/?s={search_term_string}"},"query-input":{"@type":"PropertyValueSpecification","valueRequired":true,"valueName":"search_term_string"}}],"inLanguage":"pt-BR"},{"@type":"Person","@id":"https:\/\/mhcalculos.com.br\/noticias\/#\/schema\/person\/88d1c34bf72dc779ea14a5a6b8e0ae8d","name":"Equipe MH","image":{"@type":"ImageObject","inLanguage":"pt-BR","@id":"https:\/\/secure.gravatar.com\/avatar\/de1c686c2ecc9c5a3f327e3431d819eb39f8f05d4e1045f5a1caad6daaba987f?s=96&d=mm&r=g","url":"https:\/\/secure.gravatar.com\/avatar\/de1c686c2ecc9c5a3f327e3431d819eb39f8f05d4e1045f5a1caad6daaba987f?s=96&d=mm&r=g","contentUrl":"https:\/\/secure.gravatar.com\/avatar\/de1c686c2ecc9c5a3f327e3431d819eb39f8f05d4e1045f5a1caad6daaba987f?s=96&d=mm&r=g","caption":"Equipe MH"}}]}},"_links":{"self":[{"href":"https:\/\/mhcalculos.com.br\/noticias\/wp-json\/wp\/v2\/posts\/6884","targetHints":{"allow":["GET"]}}],"collection":[{"href":"https:\/\/mhcalculos.com.br\/noticias\/wp-json\/wp\/v2\/posts"}],"about":[{"href":"https:\/\/mhcalculos.com.br\/noticias\/wp-json\/wp\/v2\/types\/post"}],"author":[{"embeddable":true,"href":"https:\/\/mhcalculos.com.br\/noticias\/wp-json\/wp\/v2\/users\/3063"}],"replies":[{"embeddable":true,"href":"https:\/\/mhcalculos.com.br\/noticias\/wp-json\/wp\/v2\/comments?post=6884"}],"version-history":[{"count":1,"href":"https:\/\/mhcalculos.com.br\/noticias\/wp-json\/wp\/v2\/posts\/6884\/revisions"}],"predecessor-version":[{"id":9409,"href":"https:\/\/mhcalculos.com.br\/noticias\/wp-json\/wp\/v2\/posts\/6884\/revisions\/9409"}],"wp:featuredmedia":[{"embeddable":true,"href":"https:\/\/mhcalculos.com.br\/noticias\/wp-json\/wp\/v2\/media\/2667"}],"wp:attachment":[{"href":"https:\/\/mhcalculos.com.br\/noticias\/wp-json\/wp\/v2\/media?parent=6884"}],"wp:term":[{"taxonomy":"category","embeddable":true,"href":"https:\/\/mhcalculos.com.br\/noticias\/wp-json\/wp\/v2\/categories?post=6884"},{"taxonomy":"post_tag","embeddable":true,"href":"https:\/\/mhcalculos.com.br\/noticias\/wp-json\/wp\/v2\/tags?post=6884"}],"curies":[{"name":"wp","href":"https:\/\/api.w.org\/{rel}","templated":true}]}}