{"id":6882,"date":"2020-02-04T15:05:12","date_gmt":"2020-02-04T18:05:12","guid":{"rendered":"https:\/\/mhcalculos.com.br\/noticias\/tribunais\/stf\/stf-ministro-dias-toffoli-abre-ano-judiciario-e-destaca-empenho-do-stf-para-garantir-direitos-fundamentais\/"},"modified":"2021-07-28T14:30:23","modified_gmt":"2021-07-28T17:30:23","slug":"stf-ministro-dias-toffoli-abre-ano-judiciario-e-destaca-empenho-do-stf-para-garantir-direitos-fundamentais","status":"publish","type":"post","link":"https:\/\/mhcalculos.com.br\/noticias\/tribunais\/stf\/stf-ministro-dias-toffoli-abre-ano-judiciario-e-destaca-empenho-do-stf-para-garantir-direitos-fundamentais.html","title":{"rendered":"STF: Ministro Dias Toffoli abre Ano Judici\u00e1rio e destaca empenho do STF para garantir direitos fundamentais"},"content":{"rendered":"<p><br \/>\n<\/p>\n<p>Na abertura do Ano Judici\u00e1rio de 2020, o presidente do Supremo Tribunal Federal (STF), ministro Dias Toffoli, disse, na manh\u00e3 desta segunda-feira (3), que a Corte permanecer\u00e1 &ldquo;empenhada e destemida&rdquo; em garantir os direitos fundamentais, as liberdades p\u00fablicas, e moderar e pacificar os grandes conflitos do pa\u00eds, como forma de promover a seguran\u00e7a jur\u00eddica necess\u00e1ria \u00e0 retomada do desenvolvimento.<\/p>\n<p>O ministro Dias Toffoli afirmou que a for\u00e7a-motriz do STF neste ano ser\u00e1 buscar a realiza\u00e7\u00e3o dos objetivos fundamentais da Rep\u00fablica previstos no artigo 3&ordm; da Constitui\u00e7\u00e3o Federal: construir uma sociedade livre, justa e solid\u00e1ria; garantir o desenvolvimento nacional; erradicar a pobreza e a marginaliza\u00e7\u00e3o e reduzir as desigualdades sociais e regionais; e promover o bem de todos, sem preconceitos de origem, ra\u00e7a, sexo, cor, idade ou quaisquer outras formas de discrimina\u00e7\u00e3o.<\/p>\n<p>O presidente do Supremo destacou que manter\u00e1 o di\u00e1logo institucional com os demais Poderes, com as institui\u00e7\u00f5es essenciais \u00e0 Justi\u00e7a e com a sociedade. &ldquo;Se temos hoje uma democracia consolidada, na qual as liberdades p\u00fablicas s\u00e3o exercidas amplamente e os direitos fundamentais s\u00e3o reafirmados, isso se deve, em grande medida, \u00e0 solidez do nosso sistema de Justi\u00e7a&rdquo;, apontou.<\/p>\n<p>De acordo com o ministro Dias Toffoli, o Judici\u00e1rio brasileiro \u00e9 um dos mais produtivos do mundo e avan\u00e7a continuamente em efici\u00eancia e celeridade. Citando o relat\u00f3rio &ldquo;Justi\u00e7a em N\u00fameros de 2019&rdquo;, citou que o n\u00famero de processos em tramita\u00e7\u00e3o em todo o pa\u00eds, em 2018, reduziu em 1 milh\u00e3o, rompendo com uma s\u00e9rie hist\u00f3rica de quinze anos de cont\u00ednuo aumento do acervo.<\/p>\n<p>&ldquo;O Poder Judici\u00e1rio nacional apresentou os maiores \u00edndices de produtividade dos \u00faltimos 10 anos. Foram proferidas 32 milh\u00f5es de senten\u00e7as terminativas; 1.877 casos baixados por magistrado. Os resultados alcan\u00e7ados devem-se \u00e0 dedica\u00e7\u00e3o e ao trabalho di\u00e1rio e incans\u00e1vel dos 18.141 magistrados, 272.138 servidores, 73.926 colaboradores terceirizados, 64.609 estagi\u00e1rios e 21.361 conciliadores, ju\u00edzes leigos e volunt\u00e1rios, que comp\u00f5em a enorme for\u00e7a de trabalho do Poder Judici\u00e1rio brasileiro&rdquo;, salientou.<\/p>\n<p>O presidente do STF observou que os n\u00fameros alcan\u00e7ados em 2019 refletem o compromisso da Corte em uma presta\u00e7\u00e3o jurisdicional eficiente. &ldquo;Estamos decidindo mais, em menos tempo e baixando mais processos. Tudo isso a despeito da diminui\u00e7\u00e3o real de 20% no or\u00e7amento da Corte nos \u00faltimos 10 anos, evidenciando o uso mais eficiente dos recursos p\u00fablicos. Encerramos 2019 com o menor acervo dos \u00faltimos 22 anos, com 31 mil processos&rdquo;, disse.<\/p>\n<p>Segundo o ministro Dias Toffoli, o Supremo enfrentar\u00e1, em 2020, uma s\u00e9rie de temas de relev\u00e2ncia nacional, como a incid\u00eancia de ICMS na base de c\u00e1lculo do PIS\/Cofins, o pre\u00e7o m\u00ednimo para o transporte rodovi\u00e1rio de cargas, a distribui\u00e7\u00e3o dos royalties de petr\u00f3leo, a\u00e7\u00f5es contra a Reforma Trabalhista e a Minirreforma Eleitoral.<\/p>\n<p>O presidente do Supremo ressaltou ainda pol\u00edticas p\u00fablicas formuladas e implementas pelo Conselho Nacional de Justi\u00e7a (CNJ) para impulsionar o processo de moderniza\u00e7\u00e3o administrativa, judicial e tecnol\u00f3gica do Judici\u00e1rio brasileiro, como a melhoria e a expans\u00e3o do Sistema Eletr\u00f4nico de Execu\u00e7\u00e3o Unificado e do Sistema de Processo Judicial Eletr\u00f4nico (PJe).<\/p>\n<p>Estiveram presentes na sess\u00e3o solene o vice-presidente da Rep\u00fablica, Hamilton Mour\u00e3o, os presidentes do Senado, Davi Alcolumbre, e da C\u00e2mara dos Deputados, Rodrigo Maia, ministros aposentados do STF, presidentes dos tribunais superiores, ministros do Executivo e integrantes das For\u00e7as Armadas, do CNJ e de associa\u00e7\u00f5es de magistrados.<\/p>\n<p>&#8211; <a href=\"http:\/\/www.stf.jus.br\/arquivo\/cms\/noticiaNoticiaStf\/anexo\/DiscursoAberturaAnoJudiciario2020.pdf\">Leia a \u00edntegra do discurso do ministro Dias Toffoli<\/a>.<\/p>\n<p><span style=\"font-size: smaller\">RP\/EH<\/span><\/p>\n<p>&nbsp;<\/p>\n<p><i>Com informa\u00e7\u00f5es da assessoria de imprensa do STF.<\/i><br \/>\n<br \/><a href=\"http:\/\/www.stf.jus.br\/portal\/cms\/verNoticiaDetalhe.asp?idConteudo=435928\">Fonte<\/a><br \/>\n<br \/><\/p>\n","protected":false},"excerpt":{"rendered":"<p>Na abertura do Ano Judici\u00e1rio de 2020, o presidente do Supremo Tribunal Federal (STF), ministro Dias Toffoli, disse, na manh\u00e3 desta segunda-feira (3), que a Corte permanecer\u00e1 &ldquo;empenhada e destemida&rdquo; em garantir os direitos fundamentais, as liberdades p\u00fablicas, e moderar e pacificar os grandes conflitos do pa\u00eds, como forma de promover a seguran\u00e7a jur\u00eddica necess\u00e1ria [&hellip;]<\/p>\n","protected":false},"author":3063,"featured_media":6883,"comment_status":"open","ping_status":"open","sticky":false,"template":"","format":"standard","meta":{"footnotes":""},"categories":[18,15],"tags":[32,31,42,30,29,213,9,12,16],"class_list":{"0":"post-6882","1":"post","2":"type-post","3":"status-publish","4":"format-standard","5":"has-post-thumbnail","7":"category-tributario","8":"category-stf","9":"tag-calculos-judiciais","10":"tag-calculos-tributarios","11":"tag-direito-tributario","12":"tag-divida-ativa","13":"tag-fazenda-publica","14":"tag-imposto","15":"tag-pericia","16":"tag-perito","17":"tag-stf"},"yoast_head":"<!-- This site is optimized with the Yoast SEO plugin v27.2 - https:\/\/yoast.com\/product\/yoast-seo-wordpress\/ -->\n<title>STF: Ministro Dias Toffoli abre Ano Judici\u00e1rio e destaca empenho do STF para garantir direitos fundamentais | Portal de Not\u00edcias<\/title>\n<meta name=\"robots\" content=\"index, follow, max-snippet:-1, max-image-preview:large, max-video-preview:-1\" \/>\n<link rel=\"canonical\" href=\"http:\/\/www.stf.jus.br\/portal\/cms\/verNoticiaDetalhe.asp?idConteudo=435928\" \/>\n<meta property=\"og:locale\" content=\"pt_BR\" \/>\n<meta property=\"og:type\" content=\"article\" \/>\n<meta property=\"og:title\" content=\"STF: Ministro Dias Toffoli abre Ano Judici\u00e1rio e destaca empenho do STF para garantir direitos fundamentais | Portal de Not\u00edcias\" \/>\n<meta property=\"og:description\" content=\"Na abertura do Ano Judici\u00e1rio de 2020, o presidente do Supremo Tribunal Federal (STF), ministro Dias Toffoli, disse, na manh\u00e3 desta segunda-feira (3), que a Corte permanecer\u00e1 &ldquo;empenhada e destemida&rdquo; em garantir os direitos fundamentais, as liberdades p\u00fablicas, e moderar e pacificar os grandes conflitos do pa\u00eds, como forma de promover a seguran\u00e7a jur\u00eddica necess\u00e1ria [&hellip;]\" \/>\n<meta property=\"og:url\" content=\"http:\/\/www.stf.jus.br\/portal\/cms\/verNoticiaDetalhe.asp?idConteudo=435928\" \/>\n<meta property=\"og:site_name\" content=\"Portal de Not\u00edcias\" \/>\n<meta property=\"article:published_time\" content=\"2020-02-04T18:05:12+00:00\" \/>\n<meta property=\"article:modified_time\" content=\"2021-07-28T17:30:23+00:00\" \/>\n<meta property=\"og:image\" content=\"https:\/\/mhcalculos.com.br\/noticias\/wp-content\/uploads\/sites\/2\/2020\/02\/tributario-0016.jpg\" \/>\n\t<meta property=\"og:image:width\" content=\"2000\" \/>\n\t<meta property=\"og:image:height\" content=\"800\" \/>\n\t<meta property=\"og:image:type\" content=\"image\/jpeg\" \/>\n<meta name=\"author\" content=\"Equipe MH\" \/>\n<meta name=\"twitter:card\" content=\"summary_large_image\" \/>\n<meta name=\"twitter:label1\" content=\"Escrito por\" \/>\n\t<meta name=\"twitter:data1\" content=\"Equipe MH\" \/>\n\t<meta name=\"twitter:label2\" content=\"Est. tempo de leitura\" \/>\n\t<meta name=\"twitter:data2\" content=\"3 minutos\" \/>\n<script type=\"application\/ld+json\" class=\"yoast-schema-graph\">{\"@context\":\"https:\/\/schema.org\",\"@graph\":[{\"@type\":\"Article\",\"@id\":\"http:\/\/www.stf.jus.br\/portal\/cms\/verNoticiaDetalhe.asp?idConteudo=435928#article\",\"isPartOf\":{\"@id\":\"https:\/\/mhcalculos.com.br\/noticias\/tribunais\/stf\/stf-ministro-dias-toffoli-abre-ano-judiciario-e-destaca-empenho-do-stf-para-garantir-direitos-fundamentais.html\"},\"author\":{\"name\":\"Equipe MH\",\"@id\":\"https:\/\/mhcalculos.com.br\/noticias\/#\/schema\/person\/88d1c34bf72dc779ea14a5a6b8e0ae8d\"},\"headline\":\"STF: Ministro Dias Toffoli abre Ano Judici\u00e1rio e destaca empenho do STF para garantir direitos fundamentais\",\"datePublished\":\"2020-02-04T18:05:12+00:00\",\"dateModified\":\"2021-07-28T17:30:23+00:00\",\"mainEntityOfPage\":{\"@id\":\"https:\/\/mhcalculos.com.br\/noticias\/tribunais\/stf\/stf-ministro-dias-toffoli-abre-ano-judiciario-e-destaca-empenho-do-stf-para-garantir-direitos-fundamentais.html\"},\"wordCount\":646,\"commentCount\":0,\"image\":{\"@id\":\"http:\/\/www.stf.jus.br\/portal\/cms\/verNoticiaDetalhe.asp?idConteudo=435928#primaryimage\"},\"thumbnailUrl\":\"https:\/\/mhcalculos.com.br\/noticias\/wp-content\/uploads\/sites\/2\/2020\/02\/tributario-0016.jpg\",\"keywords\":[\"c\u00e1lculos judiciais\",\"c\u00e1lculos tribut\u00e1rios\",\"direito tribut\u00e1rio\",\"d\u00edvida ativa\",\"fazenda p\u00fablica\",\"Imposto\",\"per\u00edcia\",\"perito\",\"stf\"],\"articleSection\":[\"Direito Tribut\u00e1rio\",\"STF\"],\"inLanguage\":\"pt-BR\",\"potentialAction\":[{\"@type\":\"CommentAction\",\"name\":\"Comment\",\"target\":[\"http:\/\/www.stf.jus.br\/portal\/cms\/verNoticiaDetalhe.asp?idConteudo=435928#respond\"]}]},{\"@type\":\"WebPage\",\"@id\":\"https:\/\/mhcalculos.com.br\/noticias\/tribunais\/stf\/stf-ministro-dias-toffoli-abre-ano-judiciario-e-destaca-empenho-do-stf-para-garantir-direitos-fundamentais.html\",\"url\":\"http:\/\/www.stf.jus.br\/portal\/cms\/verNoticiaDetalhe.asp?idConteudo=435928\",\"name\":\"STF: Ministro Dias Toffoli abre Ano Judici\u00e1rio e destaca empenho do STF para garantir direitos fundamentais | Portal de Not\u00edcias\",\"isPartOf\":{\"@id\":\"https:\/\/mhcalculos.com.br\/noticias\/#website\"},\"primaryImageOfPage\":{\"@id\":\"http:\/\/www.stf.jus.br\/portal\/cms\/verNoticiaDetalhe.asp?idConteudo=435928#primaryimage\"},\"image\":{\"@id\":\"http:\/\/www.stf.jus.br\/portal\/cms\/verNoticiaDetalhe.asp?idConteudo=435928#primaryimage\"},\"thumbnailUrl\":\"https:\/\/mhcalculos.com.br\/noticias\/wp-content\/uploads\/sites\/2\/2020\/02\/tributario-0016.jpg\",\"datePublished\":\"2020-02-04T18:05:12+00:00\",\"dateModified\":\"2021-07-28T17:30:23+00:00\",\"author\":{\"@id\":\"https:\/\/mhcalculos.com.br\/noticias\/#\/schema\/person\/88d1c34bf72dc779ea14a5a6b8e0ae8d\"},\"breadcrumb\":{\"@id\":\"http:\/\/www.stf.jus.br\/portal\/cms\/verNoticiaDetalhe.asp?idConteudo=435928#breadcrumb\"},\"inLanguage\":\"pt-BR\",\"potentialAction\":[{\"@type\":\"ReadAction\",\"target\":[\"http:\/\/www.stf.jus.br\/portal\/cms\/verNoticiaDetalhe.asp?idConteudo=435928\"]}]},{\"@type\":\"ImageObject\",\"inLanguage\":\"pt-BR\",\"@id\":\"http:\/\/www.stf.jus.br\/portal\/cms\/verNoticiaDetalhe.asp?idConteudo=435928#primaryimage\",\"url\":\"https:\/\/mhcalculos.com.br\/noticias\/wp-content\/uploads\/sites\/2\/2020\/02\/tributario-0016.jpg\",\"contentUrl\":\"https:\/\/mhcalculos.com.br\/noticias\/wp-content\/uploads\/sites\/2\/2020\/02\/tributario-0016.jpg\",\"width\":2000,\"height\":800},{\"@type\":\"BreadcrumbList\",\"@id\":\"http:\/\/www.stf.jus.br\/portal\/cms\/verNoticiaDetalhe.asp?idConteudo=435928#breadcrumb\",\"itemListElement\":[{\"@type\":\"ListItem\",\"position\":1,\"name\":\"In\u00edcio\",\"item\":\"https:\/\/mhcalculos.com.br\/noticias\/\"},{\"@type\":\"ListItem\",\"position\":2,\"name\":\"STF: Ministro Dias Toffoli abre Ano Judici\u00e1rio e destaca empenho do STF para garantir direitos fundamentais\"}]},{\"@type\":\"WebSite\",\"@id\":\"https:\/\/mhcalculos.com.br\/noticias\/#website\",\"url\":\"https:\/\/mhcalculos.com.br\/noticias\/\",\"name\":\"Portal de Not\u00edcias\",\"description\":\"Not\u00edcias e Jurisprud\u00eancia\",\"potentialAction\":[{\"@type\":\"SearchAction\",\"target\":{\"@type\":\"EntryPoint\",\"urlTemplate\":\"https:\/\/mhcalculos.com.br\/noticias\/?s={search_term_string}\"},\"query-input\":{\"@type\":\"PropertyValueSpecification\",\"valueRequired\":true,\"valueName\":\"search_term_string\"}}],\"inLanguage\":\"pt-BR\"},{\"@type\":\"Person\",\"@id\":\"https:\/\/mhcalculos.com.br\/noticias\/#\/schema\/person\/88d1c34bf72dc779ea14a5a6b8e0ae8d\",\"name\":\"Equipe MH\",\"image\":{\"@type\":\"ImageObject\",\"inLanguage\":\"pt-BR\",\"@id\":\"https:\/\/secure.gravatar.com\/avatar\/de1c686c2ecc9c5a3f327e3431d819eb39f8f05d4e1045f5a1caad6daaba987f?s=96&d=mm&r=g\",\"url\":\"https:\/\/secure.gravatar.com\/avatar\/de1c686c2ecc9c5a3f327e3431d819eb39f8f05d4e1045f5a1caad6daaba987f?s=96&d=mm&r=g\",\"contentUrl\":\"https:\/\/secure.gravatar.com\/avatar\/de1c686c2ecc9c5a3f327e3431d819eb39f8f05d4e1045f5a1caad6daaba987f?s=96&d=mm&r=g\",\"caption\":\"Equipe MH\"}}]}<\/script>\n<!-- \/ Yoast SEO plugin. -->","yoast_head_json":{"title":"STF: Ministro Dias Toffoli abre Ano Judici\u00e1rio e destaca empenho do STF para garantir direitos fundamentais | Portal de Not\u00edcias","robots":{"index":"index","follow":"follow","max-snippet":"max-snippet:-1","max-image-preview":"max-image-preview:large","max-video-preview":"max-video-preview:-1"},"canonical":"http:\/\/www.stf.jus.br\/portal\/cms\/verNoticiaDetalhe.asp?idConteudo=435928","og_locale":"pt_BR","og_type":"article","og_title":"STF: Ministro Dias Toffoli abre Ano Judici\u00e1rio e destaca empenho do STF para garantir direitos fundamentais | Portal de Not\u00edcias","og_description":"Na abertura do Ano Judici\u00e1rio de 2020, o presidente do Supremo Tribunal Federal (STF), ministro Dias Toffoli, disse, na manh\u00e3 desta segunda-feira (3), que a Corte permanecer\u00e1 &ldquo;empenhada e destemida&rdquo; em garantir os direitos fundamentais, as liberdades p\u00fablicas, e moderar e pacificar os grandes conflitos do pa\u00eds, como forma de promover a seguran\u00e7a jur\u00eddica necess\u00e1ria [&hellip;]","og_url":"http:\/\/www.stf.jus.br\/portal\/cms\/verNoticiaDetalhe.asp?idConteudo=435928","og_site_name":"Portal de Not\u00edcias","article_published_time":"2020-02-04T18:05:12+00:00","article_modified_time":"2021-07-28T17:30:23+00:00","og_image":[{"width":2000,"height":800,"url":"https:\/\/mhcalculos.com.br\/noticias\/wp-content\/uploads\/sites\/2\/2020\/02\/tributario-0016.jpg","type":"image\/jpeg"}],"author":"Equipe MH","twitter_card":"summary_large_image","twitter_misc":{"Escrito por":"Equipe MH","Est. tempo de leitura":"3 minutos"},"schema":{"@context":"https:\/\/schema.org","@graph":[{"@type":"Article","@id":"http:\/\/www.stf.jus.br\/portal\/cms\/verNoticiaDetalhe.asp?idConteudo=435928#article","isPartOf":{"@id":"https:\/\/mhcalculos.com.br\/noticias\/tribunais\/stf\/stf-ministro-dias-toffoli-abre-ano-judiciario-e-destaca-empenho-do-stf-para-garantir-direitos-fundamentais.html"},"author":{"name":"Equipe MH","@id":"https:\/\/mhcalculos.com.br\/noticias\/#\/schema\/person\/88d1c34bf72dc779ea14a5a6b8e0ae8d"},"headline":"STF: Ministro Dias Toffoli abre Ano Judici\u00e1rio e destaca empenho do STF para garantir direitos fundamentais","datePublished":"2020-02-04T18:05:12+00:00","dateModified":"2021-07-28T17:30:23+00:00","mainEntityOfPage":{"@id":"https:\/\/mhcalculos.com.br\/noticias\/tribunais\/stf\/stf-ministro-dias-toffoli-abre-ano-judiciario-e-destaca-empenho-do-stf-para-garantir-direitos-fundamentais.html"},"wordCount":646,"commentCount":0,"image":{"@id":"http:\/\/www.stf.jus.br\/portal\/cms\/verNoticiaDetalhe.asp?idConteudo=435928#primaryimage"},"thumbnailUrl":"https:\/\/mhcalculos.com.br\/noticias\/wp-content\/uploads\/sites\/2\/2020\/02\/tributario-0016.jpg","keywords":["c\u00e1lculos judiciais","c\u00e1lculos tribut\u00e1rios","direito tribut\u00e1rio","d\u00edvida ativa","fazenda p\u00fablica","Imposto","per\u00edcia","perito","stf"],"articleSection":["Direito Tribut\u00e1rio","STF"],"inLanguage":"pt-BR","potentialAction":[{"@type":"CommentAction","name":"Comment","target":["http:\/\/www.stf.jus.br\/portal\/cms\/verNoticiaDetalhe.asp?idConteudo=435928#respond"]}]},{"@type":"WebPage","@id":"https:\/\/mhcalculos.com.br\/noticias\/tribunais\/stf\/stf-ministro-dias-toffoli-abre-ano-judiciario-e-destaca-empenho-do-stf-para-garantir-direitos-fundamentais.html","url":"http:\/\/www.stf.jus.br\/portal\/cms\/verNoticiaDetalhe.asp?idConteudo=435928","name":"STF: Ministro Dias Toffoli abre Ano Judici\u00e1rio e destaca empenho do STF para garantir direitos fundamentais | Portal de Not\u00edcias","isPartOf":{"@id":"https:\/\/mhcalculos.com.br\/noticias\/#website"},"primaryImageOfPage":{"@id":"http:\/\/www.stf.jus.br\/portal\/cms\/verNoticiaDetalhe.asp?idConteudo=435928#primaryimage"},"image":{"@id":"http:\/\/www.stf.jus.br\/portal\/cms\/verNoticiaDetalhe.asp?idConteudo=435928#primaryimage"},"thumbnailUrl":"https:\/\/mhcalculos.com.br\/noticias\/wp-content\/uploads\/sites\/2\/2020\/02\/tributario-0016.jpg","datePublished":"2020-02-04T18:05:12+00:00","dateModified":"2021-07-28T17:30:23+00:00","author":{"@id":"https:\/\/mhcalculos.com.br\/noticias\/#\/schema\/person\/88d1c34bf72dc779ea14a5a6b8e0ae8d"},"breadcrumb":{"@id":"http:\/\/www.stf.jus.br\/portal\/cms\/verNoticiaDetalhe.asp?idConteudo=435928#breadcrumb"},"inLanguage":"pt-BR","potentialAction":[{"@type":"ReadAction","target":["http:\/\/www.stf.jus.br\/portal\/cms\/verNoticiaDetalhe.asp?idConteudo=435928"]}]},{"@type":"ImageObject","inLanguage":"pt-BR","@id":"http:\/\/www.stf.jus.br\/portal\/cms\/verNoticiaDetalhe.asp?idConteudo=435928#primaryimage","url":"https:\/\/mhcalculos.com.br\/noticias\/wp-content\/uploads\/sites\/2\/2020\/02\/tributario-0016.jpg","contentUrl":"https:\/\/mhcalculos.com.br\/noticias\/wp-content\/uploads\/sites\/2\/2020\/02\/tributario-0016.jpg","width":2000,"height":800},{"@type":"BreadcrumbList","@id":"http:\/\/www.stf.jus.br\/portal\/cms\/verNoticiaDetalhe.asp?idConteudo=435928#breadcrumb","itemListElement":[{"@type":"ListItem","position":1,"name":"In\u00edcio","item":"https:\/\/mhcalculos.com.br\/noticias\/"},{"@type":"ListItem","position":2,"name":"STF: Ministro Dias Toffoli abre Ano Judici\u00e1rio e destaca empenho do STF para garantir direitos fundamentais"}]},{"@type":"WebSite","@id":"https:\/\/mhcalculos.com.br\/noticias\/#website","url":"https:\/\/mhcalculos.com.br\/noticias\/","name":"Portal de Not\u00edcias","description":"Not\u00edcias e Jurisprud\u00eancia","potentialAction":[{"@type":"SearchAction","target":{"@type":"EntryPoint","urlTemplate":"https:\/\/mhcalculos.com.br\/noticias\/?s={search_term_string}"},"query-input":{"@type":"PropertyValueSpecification","valueRequired":true,"valueName":"search_term_string"}}],"inLanguage":"pt-BR"},{"@type":"Person","@id":"https:\/\/mhcalculos.com.br\/noticias\/#\/schema\/person\/88d1c34bf72dc779ea14a5a6b8e0ae8d","name":"Equipe MH","image":{"@type":"ImageObject","inLanguage":"pt-BR","@id":"https:\/\/secure.gravatar.com\/avatar\/de1c686c2ecc9c5a3f327e3431d819eb39f8f05d4e1045f5a1caad6daaba987f?s=96&d=mm&r=g","url":"https:\/\/secure.gravatar.com\/avatar\/de1c686c2ecc9c5a3f327e3431d819eb39f8f05d4e1045f5a1caad6daaba987f?s=96&d=mm&r=g","contentUrl":"https:\/\/secure.gravatar.com\/avatar\/de1c686c2ecc9c5a3f327e3431d819eb39f8f05d4e1045f5a1caad6daaba987f?s=96&d=mm&r=g","caption":"Equipe MH"}}]}},"_links":{"self":[{"href":"https:\/\/mhcalculos.com.br\/noticias\/wp-json\/wp\/v2\/posts\/6882","targetHints":{"allow":["GET"]}}],"collection":[{"href":"https:\/\/mhcalculos.com.br\/noticias\/wp-json\/wp\/v2\/posts"}],"about":[{"href":"https:\/\/mhcalculos.com.br\/noticias\/wp-json\/wp\/v2\/types\/post"}],"author":[{"embeddable":true,"href":"https:\/\/mhcalculos.com.br\/noticias\/wp-json\/wp\/v2\/users\/3063"}],"replies":[{"embeddable":true,"href":"https:\/\/mhcalculos.com.br\/noticias\/wp-json\/wp\/v2\/comments?post=6882"}],"version-history":[{"count":1,"href":"https:\/\/mhcalculos.com.br\/noticias\/wp-json\/wp\/v2\/posts\/6882\/revisions"}],"predecessor-version":[{"id":9411,"href":"https:\/\/mhcalculos.com.br\/noticias\/wp-json\/wp\/v2\/posts\/6882\/revisions\/9411"}],"wp:featuredmedia":[{"embeddable":true,"href":"https:\/\/mhcalculos.com.br\/noticias\/wp-json\/wp\/v2\/media\/6883"}],"wp:attachment":[{"href":"https:\/\/mhcalculos.com.br\/noticias\/wp-json\/wp\/v2\/media?parent=6882"}],"wp:term":[{"taxonomy":"category","embeddable":true,"href":"https:\/\/mhcalculos.com.br\/noticias\/wp-json\/wp\/v2\/categories?post=6882"},{"taxonomy":"post_tag","embeddable":true,"href":"https:\/\/mhcalculos.com.br\/noticias\/wp-json\/wp\/v2\/tags?post=6882"}],"curies":[{"name":"wp","href":"https:\/\/api.w.org\/{rel}","templated":true}]}}