{"id":6496,"date":"2020-01-15T20:05:10","date_gmt":"2020-01-15T23:05:10","guid":{"rendered":"https:\/\/mhcalculos.com.br\/noticias\/2020\/01\/15\/stf-governador-de-roraima-questiona-lei-estadual-que-isenta-de-ipva-motos-de-ate-160-cilindradas\/"},"modified":"2021-07-28T14:30:27","modified_gmt":"2021-07-28T17:30:27","slug":"stf-governador-de-roraima-questiona-lei-estadual-que-isenta-de-ipva-motos-de-ate-160-cilindradas","status":"publish","type":"post","link":"https:\/\/mhcalculos.com.br\/noticias\/area\/tributario\/stf-governador-de-roraima-questiona-lei-estadual-que-isenta-de-ipva-motos-de-ate-160-cilindradas.html","title":{"rendered":"STF: Governador de Roraima questiona lei estadual que isenta de IPVA motos de at\u00e9 160 cilindradas"},"content":{"rendered":"\n<p>O governador do Estado de Roraima, Ant\u00f4nio Denarium, ajuizou no Supremo Tribunal Federal (STF) a A\u00e7\u00e3o Direta de Inconstitucionalidade (ADI) 6303, com pedido de liminar, contra a lei complementar estadual que ampliou o rol de isen\u00e7\u00f5es do IPVA (Imposto sobre a Propriedade de Ve\u00edculos Automotores) para incluir motocicletas, motonetas e ciclomotores com pot\u00eancia de at\u00e9 160 cilindradas. De acordo com o governador, a norma viola o princ\u00edpio constitucional da isonomia tribut\u00e1ria, pois concede isen\u00e7\u00e3o fiscal a ve\u00edculos de caracter\u00edsticas similares unicamente em raz\u00e3o de sua pot\u00eancia, sem especificar o valor do bem, ano de fabrica\u00e7\u00e3o ou outras particularidades que os diferencie.<\/p>\n<p>Na ADI, o governador afirma que a Lei Complementar 278\/2019 do estado foi aprovada sem a elabora\u00e7\u00e3o de estimativa do impacto or\u00e7ament\u00e1rio-financeiro para a ren\u00fancia das receitas tribut\u00e1rias, desrespeitando a regra constitucional do artigo 113 do Ato das Disposi\u00e7\u00f5es Constitucionais Transit\u00f3rias (ADCT). Ele argumenta que, embora n\u00e3o haja aumento de despesa, a ren\u00fancia fiscal tem impacto direto na receita dos munic\u00edpios, que recebem 50% da arrecada\u00e7\u00e3o do IPVA sobre os ve\u00edculos licenciados em seus territ\u00f3rios (artigo 158, inciso III, da Constitui\u00e7\u00e3o Federal).<\/p>\n<p>Segundo Denarium, os parlamentares ignoraram alerta da consultoria-geral da Assembleia Legislativa sobre a necessidade de cumprir os requisitos previstos na Lei de Responsabilidade Fiscal (LRF), que exige, para a concess\u00e3o de isen\u00e7\u00f5es, a elabora\u00e7\u00e3o de estimativa de impacto or\u00e7ament\u00e1rio-financeiro da ren\u00fancia e a demonstra\u00e7\u00e3o de que a nova estimativa de receita n\u00e3o afeta as metas de resultados fiscais. Assinala, ainda, que vetou a Lei Complementar 278\/2019, mas o veto foi derrubado pela Assembleia Legislativa.<\/p>\n<p>O relator da ADI 6303 \u00e9 o ministro Lu\u00eds Roberto Barroso.<\/p>\n<p><span style=\"font-size: smaller;\">PR\/AAS\/\/CF<\/span><\/p>\n<p><i>Com informa\u00e7\u00f5es da assessoria de imprensa do STF.<\/i><\/p>\n<p><a href=\"http:\/\/www.stf.jus.br\/portal\/cms\/verNoticiaDetalhe.asp?idConteudo=434713\">Fonte<\/a><\/p>\n\n","protected":false},"excerpt":{"rendered":"<p>O governador do Estado de Roraima, Ant\u00f4nio Denarium, ajuizou no Supremo Tribunal Federal (STF) a A\u00e7\u00e3o Direta de Inconstitucionalidade (ADI) 6303, com pedido de liminar, contra a lei complementar estadual que ampliou o rol de isen\u00e7\u00f5es do IPVA (Imposto sobre a Propriedade de Ve\u00edculos Automotores) para incluir motocicletas, motonetas e ciclomotores com pot\u00eancia de at\u00e9 [&hellip;]<\/p>\n","protected":false},"author":3063,"featured_media":2779,"comment_status":"open","ping_status":"open","sticky":false,"template":"","format":"standard","meta":{"footnotes":""},"categories":[18,15],"tags":[32,31,42,30,29,213,9,12,16],"class_list":{"0":"post-6496","1":"post","2":"type-post","3":"status-publish","4":"format-standard","5":"has-post-thumbnail","7":"category-tributario","8":"category-stf","9":"tag-calculos-judiciais","10":"tag-calculos-tributarios","11":"tag-direito-tributario","12":"tag-divida-ativa","13":"tag-fazenda-publica","14":"tag-imposto","15":"tag-pericia","16":"tag-perito","17":"tag-stf"},"yoast_head":"<!-- This site is optimized with the Yoast SEO plugin v27.2 - https:\/\/yoast.com\/product\/yoast-seo-wordpress\/ -->\n<title>STF: Governador de Roraima questiona lei estadual que isenta de IPVA motos de at\u00e9 160 cilindradas | Portal de Not\u00edcias<\/title>\n<meta name=\"robots\" content=\"index, follow, max-snippet:-1, max-image-preview:large, max-video-preview:-1\" \/>\n<link rel=\"canonical\" href=\"http:\/\/www.stf.jus.br\/portal\/cms\/verNoticiaDetalhe.asp?idConteudo=434713\" \/>\n<meta property=\"og:locale\" content=\"pt_BR\" \/>\n<meta property=\"og:type\" content=\"article\" \/>\n<meta property=\"og:title\" content=\"STF: Governador de Roraima questiona lei estadual que isenta de IPVA motos de at\u00e9 160 cilindradas | Portal de Not\u00edcias\" \/>\n<meta property=\"og:description\" content=\"O governador do Estado de Roraima, Ant\u00f4nio Denarium, ajuizou no Supremo Tribunal Federal (STF) a A\u00e7\u00e3o Direta de Inconstitucionalidade (ADI) 6303, com pedido de liminar, contra a lei complementar estadual que ampliou o rol de isen\u00e7\u00f5es do IPVA (Imposto sobre a Propriedade de Ve\u00edculos Automotores) para incluir motocicletas, motonetas e ciclomotores com pot\u00eancia de at\u00e9 [&hellip;]\" \/>\n<meta property=\"og:url\" content=\"http:\/\/www.stf.jus.br\/portal\/cms\/verNoticiaDetalhe.asp?idConteudo=434713\" \/>\n<meta property=\"og:site_name\" content=\"Portal de Not\u00edcias\" \/>\n<meta property=\"article:published_time\" content=\"2020-01-15T23:05:10+00:00\" \/>\n<meta property=\"article:modified_time\" content=\"2021-07-28T17:30:27+00:00\" \/>\n<meta property=\"og:image\" content=\"https:\/\/mhcalculos.com.br\/noticias\/wp-content\/uploads\/sites\/2\/2018\/08\/judiciario-0009.jpg\" \/>\n\t<meta property=\"og:image:width\" content=\"2000\" \/>\n\t<meta property=\"og:image:height\" content=\"800\" \/>\n\t<meta property=\"og:image:type\" content=\"image\/jpeg\" \/>\n<meta name=\"author\" content=\"Equipe MH\" \/>\n<meta name=\"twitter:card\" content=\"summary_large_image\" \/>\n<meta name=\"twitter:label1\" content=\"Escrito por\" \/>\n\t<meta name=\"twitter:data1\" content=\"Equipe MH\" \/>\n\t<meta name=\"twitter:label2\" content=\"Est. tempo de leitura\" \/>\n\t<meta name=\"twitter:data2\" content=\"2 minutos\" \/>\n<script type=\"application\/ld+json\" class=\"yoast-schema-graph\">{\"@context\":\"https:\/\/schema.org\",\"@graph\":[{\"@type\":\"Article\",\"@id\":\"http:\/\/www.stf.jus.br\/portal\/cms\/verNoticiaDetalhe.asp?idConteudo=434713#article\",\"isPartOf\":{\"@id\":\"https:\/\/mhcalculos.com.br\/noticias\/area\/tributario\/stf-governador-de-roraima-questiona-lei-estadual-que-isenta-de-ipva-motos-de-ate-160-cilindradas.html\"},\"author\":{\"name\":\"Equipe MH\",\"@id\":\"https:\/\/mhcalculos.com.br\/noticias\/#\/schema\/person\/88d1c34bf72dc779ea14a5a6b8e0ae8d\"},\"headline\":\"STF: Governador de Roraima questiona lei estadual que isenta de IPVA motos de at\u00e9 160 cilindradas\",\"datePublished\":\"2020-01-15T23:05:10+00:00\",\"dateModified\":\"2021-07-28T17:30:27+00:00\",\"mainEntityOfPage\":{\"@id\":\"https:\/\/mhcalculos.com.br\/noticias\/area\/tributario\/stf-governador-de-roraima-questiona-lei-estadual-que-isenta-de-ipva-motos-de-ate-160-cilindradas.html\"},\"wordCount\":325,\"commentCount\":0,\"image\":{\"@id\":\"http:\/\/www.stf.jus.br\/portal\/cms\/verNoticiaDetalhe.asp?idConteudo=434713#primaryimage\"},\"thumbnailUrl\":\"https:\/\/mhcalculos.com.br\/noticias\/wp-content\/uploads\/sites\/2\/2018\/08\/judiciario-0009.jpg\",\"keywords\":[\"c\u00e1lculos judiciais\",\"c\u00e1lculos tribut\u00e1rios\",\"direito tribut\u00e1rio\",\"d\u00edvida ativa\",\"fazenda p\u00fablica\",\"Imposto\",\"per\u00edcia\",\"perito\",\"stf\"],\"articleSection\":[\"Direito Tribut\u00e1rio\",\"STF\"],\"inLanguage\":\"pt-BR\",\"potentialAction\":[{\"@type\":\"CommentAction\",\"name\":\"Comment\",\"target\":[\"http:\/\/www.stf.jus.br\/portal\/cms\/verNoticiaDetalhe.asp?idConteudo=434713#respond\"]}]},{\"@type\":\"WebPage\",\"@id\":\"https:\/\/mhcalculos.com.br\/noticias\/area\/tributario\/stf-governador-de-roraima-questiona-lei-estadual-que-isenta-de-ipva-motos-de-ate-160-cilindradas.html\",\"url\":\"http:\/\/www.stf.jus.br\/portal\/cms\/verNoticiaDetalhe.asp?idConteudo=434713\",\"name\":\"STF: Governador de Roraima questiona lei estadual que isenta de IPVA motos de at\u00e9 160 cilindradas | Portal de Not\u00edcias\",\"isPartOf\":{\"@id\":\"https:\/\/mhcalculos.com.br\/noticias\/#website\"},\"primaryImageOfPage\":{\"@id\":\"http:\/\/www.stf.jus.br\/portal\/cms\/verNoticiaDetalhe.asp?idConteudo=434713#primaryimage\"},\"image\":{\"@id\":\"http:\/\/www.stf.jus.br\/portal\/cms\/verNoticiaDetalhe.asp?idConteudo=434713#primaryimage\"},\"thumbnailUrl\":\"https:\/\/mhcalculos.com.br\/noticias\/wp-content\/uploads\/sites\/2\/2018\/08\/judiciario-0009.jpg\",\"datePublished\":\"2020-01-15T23:05:10+00:00\",\"dateModified\":\"2021-07-28T17:30:27+00:00\",\"author\":{\"@id\":\"https:\/\/mhcalculos.com.br\/noticias\/#\/schema\/person\/88d1c34bf72dc779ea14a5a6b8e0ae8d\"},\"breadcrumb\":{\"@id\":\"http:\/\/www.stf.jus.br\/portal\/cms\/verNoticiaDetalhe.asp?idConteudo=434713#breadcrumb\"},\"inLanguage\":\"pt-BR\",\"potentialAction\":[{\"@type\":\"ReadAction\",\"target\":[\"http:\/\/www.stf.jus.br\/portal\/cms\/verNoticiaDetalhe.asp?idConteudo=434713\"]}]},{\"@type\":\"ImageObject\",\"inLanguage\":\"pt-BR\",\"@id\":\"http:\/\/www.stf.jus.br\/portal\/cms\/verNoticiaDetalhe.asp?idConteudo=434713#primaryimage\",\"url\":\"https:\/\/mhcalculos.com.br\/noticias\/wp-content\/uploads\/sites\/2\/2018\/08\/judiciario-0009.jpg\",\"contentUrl\":\"https:\/\/mhcalculos.com.br\/noticias\/wp-content\/uploads\/sites\/2\/2018\/08\/judiciario-0009.jpg\",\"width\":2000,\"height\":800},{\"@type\":\"BreadcrumbList\",\"@id\":\"http:\/\/www.stf.jus.br\/portal\/cms\/verNoticiaDetalhe.asp?idConteudo=434713#breadcrumb\",\"itemListElement\":[{\"@type\":\"ListItem\",\"position\":1,\"name\":\"In\u00edcio\",\"item\":\"https:\/\/mhcalculos.com.br\/noticias\/\"},{\"@type\":\"ListItem\",\"position\":2,\"name\":\"STF: Governador de Roraima questiona lei estadual que isenta de IPVA motos de at\u00e9 160 cilindradas\"}]},{\"@type\":\"WebSite\",\"@id\":\"https:\/\/mhcalculos.com.br\/noticias\/#website\",\"url\":\"https:\/\/mhcalculos.com.br\/noticias\/\",\"name\":\"Portal de Not\u00edcias\",\"description\":\"Not\u00edcias e Jurisprud\u00eancia\",\"potentialAction\":[{\"@type\":\"SearchAction\",\"target\":{\"@type\":\"EntryPoint\",\"urlTemplate\":\"https:\/\/mhcalculos.com.br\/noticias\/?s={search_term_string}\"},\"query-input\":{\"@type\":\"PropertyValueSpecification\",\"valueRequired\":true,\"valueName\":\"search_term_string\"}}],\"inLanguage\":\"pt-BR\"},{\"@type\":\"Person\",\"@id\":\"https:\/\/mhcalculos.com.br\/noticias\/#\/schema\/person\/88d1c34bf72dc779ea14a5a6b8e0ae8d\",\"name\":\"Equipe MH\",\"image\":{\"@type\":\"ImageObject\",\"inLanguage\":\"pt-BR\",\"@id\":\"https:\/\/secure.gravatar.com\/avatar\/de1c686c2ecc9c5a3f327e3431d819eb39f8f05d4e1045f5a1caad6daaba987f?s=96&d=mm&r=g\",\"url\":\"https:\/\/secure.gravatar.com\/avatar\/de1c686c2ecc9c5a3f327e3431d819eb39f8f05d4e1045f5a1caad6daaba987f?s=96&d=mm&r=g\",\"contentUrl\":\"https:\/\/secure.gravatar.com\/avatar\/de1c686c2ecc9c5a3f327e3431d819eb39f8f05d4e1045f5a1caad6daaba987f?s=96&d=mm&r=g\",\"caption\":\"Equipe MH\"}}]}<\/script>\n<!-- \/ Yoast SEO plugin. -->","yoast_head_json":{"title":"STF: Governador de Roraima questiona lei estadual que isenta de IPVA motos de at\u00e9 160 cilindradas | Portal de Not\u00edcias","robots":{"index":"index","follow":"follow","max-snippet":"max-snippet:-1","max-image-preview":"max-image-preview:large","max-video-preview":"max-video-preview:-1"},"canonical":"http:\/\/www.stf.jus.br\/portal\/cms\/verNoticiaDetalhe.asp?idConteudo=434713","og_locale":"pt_BR","og_type":"article","og_title":"STF: Governador de Roraima questiona lei estadual que isenta de IPVA motos de at\u00e9 160 cilindradas | Portal de Not\u00edcias","og_description":"O governador do Estado de Roraima, Ant\u00f4nio Denarium, ajuizou no Supremo Tribunal Federal (STF) a A\u00e7\u00e3o Direta de Inconstitucionalidade (ADI) 6303, com pedido de liminar, contra a lei complementar estadual que ampliou o rol de isen\u00e7\u00f5es do IPVA (Imposto sobre a Propriedade de Ve\u00edculos Automotores) para incluir motocicletas, motonetas e ciclomotores com pot\u00eancia de at\u00e9 [&hellip;]","og_url":"http:\/\/www.stf.jus.br\/portal\/cms\/verNoticiaDetalhe.asp?idConteudo=434713","og_site_name":"Portal de Not\u00edcias","article_published_time":"2020-01-15T23:05:10+00:00","article_modified_time":"2021-07-28T17:30:27+00:00","og_image":[{"width":2000,"height":800,"url":"https:\/\/mhcalculos.com.br\/noticias\/wp-content\/uploads\/sites\/2\/2018\/08\/judiciario-0009.jpg","type":"image\/jpeg"}],"author":"Equipe MH","twitter_card":"summary_large_image","twitter_misc":{"Escrito por":"Equipe MH","Est. tempo de leitura":"2 minutos"},"schema":{"@context":"https:\/\/schema.org","@graph":[{"@type":"Article","@id":"http:\/\/www.stf.jus.br\/portal\/cms\/verNoticiaDetalhe.asp?idConteudo=434713#article","isPartOf":{"@id":"https:\/\/mhcalculos.com.br\/noticias\/area\/tributario\/stf-governador-de-roraima-questiona-lei-estadual-que-isenta-de-ipva-motos-de-ate-160-cilindradas.html"},"author":{"name":"Equipe MH","@id":"https:\/\/mhcalculos.com.br\/noticias\/#\/schema\/person\/88d1c34bf72dc779ea14a5a6b8e0ae8d"},"headline":"STF: Governador de Roraima questiona lei estadual que isenta de IPVA motos de at\u00e9 160 cilindradas","datePublished":"2020-01-15T23:05:10+00:00","dateModified":"2021-07-28T17:30:27+00:00","mainEntityOfPage":{"@id":"https:\/\/mhcalculos.com.br\/noticias\/area\/tributario\/stf-governador-de-roraima-questiona-lei-estadual-que-isenta-de-ipva-motos-de-ate-160-cilindradas.html"},"wordCount":325,"commentCount":0,"image":{"@id":"http:\/\/www.stf.jus.br\/portal\/cms\/verNoticiaDetalhe.asp?idConteudo=434713#primaryimage"},"thumbnailUrl":"https:\/\/mhcalculos.com.br\/noticias\/wp-content\/uploads\/sites\/2\/2018\/08\/judiciario-0009.jpg","keywords":["c\u00e1lculos judiciais","c\u00e1lculos tribut\u00e1rios","direito tribut\u00e1rio","d\u00edvida ativa","fazenda p\u00fablica","Imposto","per\u00edcia","perito","stf"],"articleSection":["Direito Tribut\u00e1rio","STF"],"inLanguage":"pt-BR","potentialAction":[{"@type":"CommentAction","name":"Comment","target":["http:\/\/www.stf.jus.br\/portal\/cms\/verNoticiaDetalhe.asp?idConteudo=434713#respond"]}]},{"@type":"WebPage","@id":"https:\/\/mhcalculos.com.br\/noticias\/area\/tributario\/stf-governador-de-roraima-questiona-lei-estadual-que-isenta-de-ipva-motos-de-ate-160-cilindradas.html","url":"http:\/\/www.stf.jus.br\/portal\/cms\/verNoticiaDetalhe.asp?idConteudo=434713","name":"STF: Governador de Roraima questiona lei estadual que isenta de IPVA motos de at\u00e9 160 cilindradas | Portal de Not\u00edcias","isPartOf":{"@id":"https:\/\/mhcalculos.com.br\/noticias\/#website"},"primaryImageOfPage":{"@id":"http:\/\/www.stf.jus.br\/portal\/cms\/verNoticiaDetalhe.asp?idConteudo=434713#primaryimage"},"image":{"@id":"http:\/\/www.stf.jus.br\/portal\/cms\/verNoticiaDetalhe.asp?idConteudo=434713#primaryimage"},"thumbnailUrl":"https:\/\/mhcalculos.com.br\/noticias\/wp-content\/uploads\/sites\/2\/2018\/08\/judiciario-0009.jpg","datePublished":"2020-01-15T23:05:10+00:00","dateModified":"2021-07-28T17:30:27+00:00","author":{"@id":"https:\/\/mhcalculos.com.br\/noticias\/#\/schema\/person\/88d1c34bf72dc779ea14a5a6b8e0ae8d"},"breadcrumb":{"@id":"http:\/\/www.stf.jus.br\/portal\/cms\/verNoticiaDetalhe.asp?idConteudo=434713#breadcrumb"},"inLanguage":"pt-BR","potentialAction":[{"@type":"ReadAction","target":["http:\/\/www.stf.jus.br\/portal\/cms\/verNoticiaDetalhe.asp?idConteudo=434713"]}]},{"@type":"ImageObject","inLanguage":"pt-BR","@id":"http:\/\/www.stf.jus.br\/portal\/cms\/verNoticiaDetalhe.asp?idConteudo=434713#primaryimage","url":"https:\/\/mhcalculos.com.br\/noticias\/wp-content\/uploads\/sites\/2\/2018\/08\/judiciario-0009.jpg","contentUrl":"https:\/\/mhcalculos.com.br\/noticias\/wp-content\/uploads\/sites\/2\/2018\/08\/judiciario-0009.jpg","width":2000,"height":800},{"@type":"BreadcrumbList","@id":"http:\/\/www.stf.jus.br\/portal\/cms\/verNoticiaDetalhe.asp?idConteudo=434713#breadcrumb","itemListElement":[{"@type":"ListItem","position":1,"name":"In\u00edcio","item":"https:\/\/mhcalculos.com.br\/noticias\/"},{"@type":"ListItem","position":2,"name":"STF: Governador de Roraima questiona lei estadual que isenta de IPVA motos de at\u00e9 160 cilindradas"}]},{"@type":"WebSite","@id":"https:\/\/mhcalculos.com.br\/noticias\/#website","url":"https:\/\/mhcalculos.com.br\/noticias\/","name":"Portal de Not\u00edcias","description":"Not\u00edcias e Jurisprud\u00eancia","potentialAction":[{"@type":"SearchAction","target":{"@type":"EntryPoint","urlTemplate":"https:\/\/mhcalculos.com.br\/noticias\/?s={search_term_string}"},"query-input":{"@type":"PropertyValueSpecification","valueRequired":true,"valueName":"search_term_string"}}],"inLanguage":"pt-BR"},{"@type":"Person","@id":"https:\/\/mhcalculos.com.br\/noticias\/#\/schema\/person\/88d1c34bf72dc779ea14a5a6b8e0ae8d","name":"Equipe MH","image":{"@type":"ImageObject","inLanguage":"pt-BR","@id":"https:\/\/secure.gravatar.com\/avatar\/de1c686c2ecc9c5a3f327e3431d819eb39f8f05d4e1045f5a1caad6daaba987f?s=96&d=mm&r=g","url":"https:\/\/secure.gravatar.com\/avatar\/de1c686c2ecc9c5a3f327e3431d819eb39f8f05d4e1045f5a1caad6daaba987f?s=96&d=mm&r=g","contentUrl":"https:\/\/secure.gravatar.com\/avatar\/de1c686c2ecc9c5a3f327e3431d819eb39f8f05d4e1045f5a1caad6daaba987f?s=96&d=mm&r=g","caption":"Equipe MH"}}]}},"_links":{"self":[{"href":"https:\/\/mhcalculos.com.br\/noticias\/wp-json\/wp\/v2\/posts\/6496","targetHints":{"allow":["GET"]}}],"collection":[{"href":"https:\/\/mhcalculos.com.br\/noticias\/wp-json\/wp\/v2\/posts"}],"about":[{"href":"https:\/\/mhcalculos.com.br\/noticias\/wp-json\/wp\/v2\/types\/post"}],"author":[{"embeddable":true,"href":"https:\/\/mhcalculos.com.br\/noticias\/wp-json\/wp\/v2\/users\/3063"}],"replies":[{"embeddable":true,"href":"https:\/\/mhcalculos.com.br\/noticias\/wp-json\/wp\/v2\/comments?post=6496"}],"version-history":[{"count":1,"href":"https:\/\/mhcalculos.com.br\/noticias\/wp-json\/wp\/v2\/posts\/6496\/revisions"}],"predecessor-version":[{"id":6511,"href":"https:\/\/mhcalculos.com.br\/noticias\/wp-json\/wp\/v2\/posts\/6496\/revisions\/6511"}],"wp:featuredmedia":[{"embeddable":true,"href":"https:\/\/mhcalculos.com.br\/noticias\/wp-json\/wp\/v2\/media\/2779"}],"wp:attachment":[{"href":"https:\/\/mhcalculos.com.br\/noticias\/wp-json\/wp\/v2\/media?parent=6496"}],"wp:term":[{"taxonomy":"category","embeddable":true,"href":"https:\/\/mhcalculos.com.br\/noticias\/wp-json\/wp\/v2\/categories?post=6496"},{"taxonomy":"post_tag","embeddable":true,"href":"https:\/\/mhcalculos.com.br\/noticias\/wp-json\/wp\/v2\/tags?post=6496"}],"curies":[{"name":"wp","href":"https:\/\/api.w.org\/{rel}","templated":true}]}}