{"id":6495,"date":"2020-01-15T14:05:09","date_gmt":"2020-01-15T17:05:09","guid":{"rendered":"https:\/\/mhcalculos.com.br\/noticias\/2020\/01\/15\/trf3-seminario-celebra-19-anos-da-justica-federal-em-taubate\/"},"modified":"2021-07-28T14:30:27","modified_gmt":"2021-07-28T17:30:27","slug":"trf3-seminario-celebra-19-anos-da-justica-federal-em-taubate","status":"publish","type":"post","link":"https:\/\/mhcalculos.com.br\/noticias\/area\/previdenciario\/trf3-seminario-celebra-19-anos-da-justica-federal-em-taubate.html","title":{"rendered":"TRF3: SEMIN\u00c1RIO CELEBRA 19 ANOS DA JUSTI\u00c7A FEDERAL EM TAUBAT\u00c9"},"content":{"rendered":"\n<div class=\"mat\">\n<p>Evento ser\u00e1 realizado nos dias 27 a 29 de janeiro, no F\u00f3rum Federal de Taubat\u00e9\u00a0<\/p>\n<p>A 21.\u00aa Subse\u00e7\u00e3o Judici\u00e1ria\u00a0do estado de S\u00e3o Paulo, com o apoio da Escola de Magistrados da Justi\u00e7a Federal da 3.\u00aa Regi\u00e3o (Emag), da Associa\u00e7\u00e3o dos Ju\u00edzes Federais do Brasil (Ajufe) e da Associa\u00e7\u00e3o dos Ju\u00edzes Federais de S\u00e3o Paulo e Mato Grosso do Sul (Ajufesp), promove, nos dias 27 a 29 de janeiro, evento em celebra\u00e7\u00e3o dos 19 anos da Justi\u00e7a Federal em Taubat\u00e9. O semin\u00e1rio ser\u00e1 realizado na Rua Francisco Eug\u00eanio de Toledo, 236 &#8211; Centro.<\/p>\n<p>No dia 27, \u00e0s 9h30, o Presidente da Ajufesp, Juiz Federal Ot\u00e1vio Henrique Martins Port, ministrar\u00e1 a palestra \u201cQuest\u00f5es relevantes acerca da Emenda Constitucional n.\u00ba 103\/2019\u201d, referente \u00e0 reforma da Previd\u00eancia.<\/p>\n<p>No dia 28, \u00e0s 9h30, o Juiz Federal Antonio Andr\u00e9 Muniz Mascarenhas de Souza, do Juizado Especial Federal de S\u00e3o Jos\u00e9 dos Campos, abordar\u00e1 o tema \u201cCompet\u00eancia delegada em mat\u00e9ria previdenci\u00e1ria\u201d. \u00c0s 10h30, o Juiz Federal Renato Barth Pires, da 3.\u00aa Vara Federal de S\u00e3o Jos\u00e9 dos Campos e Professor de Direito da PUC\/SP, falar\u00e1 sobre \u201cMandado de Seguran\u00e7a em mat\u00e9ria previdenci\u00e1ria\u201d. <\/p>\n<p>No dia 29 de janeiro, \u00e0s 9h30, o Procurador Federal Leonardo Monteiro Xex\u00e9o, Mestre em Direito e Professor Titular da Universidade de Taubat\u00e9, apresentar\u00e1 o tema \u201cOs impactos da reforma previdenci\u00e1ria na atividade especial\u201d.<\/p>\n<p>O Semin\u00e1rio tem carga hor\u00e1ria de seis horas e \u00e9 voltado para magistrados, servidores federais, advogados, estudantes e p\u00fablico em geral.<\/p>\n<p>O evento \u00e9 dirigido pelo Diretor do Foro de Taubat\u00e9, Juiz Federal M\u00e1rcio Satalino Mesquita, e coordenado pela Ju\u00edza Federal Marisa Vasconcelos, da 1.\u00aa Vara Federal de Taubat\u00e9.<\/p>\n<p>A inscri\u00e7\u00e3o \u00e9 gratuita no endere\u00e7o eletr\u00f4nico <a href=\"http:\/\/www.trf3.jus.br\/semag\">www.trf3.jus.br\/semag<\/a>.<\/p>\n<p>No per\u00edodo do evento, o F\u00f3rum da Justi\u00e7a Federal de Taubat\u00e9 receber\u00e1 doa\u00e7\u00f5es de alimentos n\u00e3o perec\u00edveis que ser\u00e3o entregues \u00e0 Casa S\u00e3o Francisco de Idosos, \u00e0 Casa de Apoio Mulher &amp; Vida e \u00e0 APAE.<br \/>\n\u00a0<\/p>\n<table width=\"500\" align=\"center\" border=\"0\" cellspacing=\"0\" cellpadding=\"0\">\n<tbody>\n<tr>\n<td><img decoding=\"async\" width=\"500\" height=\"706\" alt=\"\" data-src=\"http:\/\/web.trf3.jus.br\/noticias\/uploaddir\/image\/2020\/489_19%20anos%20de%20Justi%C3%A7a%20Federal%20em%20Taubat%C3%A9%20-%20800px.jpg\" src=\"data:image\/svg+xml;base64,PHN2ZyB3aWR0aD0iMSIgaGVpZ2h0PSIxIiB4bWxucz0iaHR0cDovL3d3dy53My5vcmcvMjAwMC9zdmciPjwvc3ZnPg==\" class=\"lazyload\" style=\"--smush-placeholder-width: 500px; --smush-placeholder-aspect-ratio: 500\/706;\"><\/td>\n<\/tr>\n<\/tbody>\n<\/table>\n<p>\n<\/p>\n<\/div>\n<p><i>Com informa\u00e7\u00f5es da assessoria de imprensa do TRF3.<\/i><br \/>\n<br \/><a href=\"http:\/\/web.trf3.jus.br\/noticias\/Noticias\/Noticia\/Exibir\/389672\">Fonte<\/a><br \/>\n<br \/><\/p>\n","protected":false},"excerpt":{"rendered":"<p>Evento ser\u00e1 realizado nos dias 27 a 29 de janeiro, no F\u00f3rum Federal de Taubat\u00e9\u00a0 A 21.\u00aa Subse\u00e7\u00e3o Judici\u00e1ria\u00a0do estado de S\u00e3o Paulo, com o apoio da Escola de Magistrados da Justi\u00e7a Federal da 3.\u00aa Regi\u00e3o (Emag), da Associa\u00e7\u00e3o dos Ju\u00edzes Federais do Brasil (Ajufe) e da Associa\u00e7\u00e3o dos Ju\u00edzes Federais de S\u00e3o Paulo e [&hellip;]<\/p>\n","protected":false},"author":3063,"featured_media":3334,"comment_status":"open","ping_status":"open","sticky":false,"template":"","format":"standard","meta":{"footnotes":""},"categories":[5,110],"tags":[11,10,8,13,9,12,152],"class_list":{"0":"post-6495","1":"post","2":"type-post","3":"status-publish","4":"format-standard","5":"has-post-thumbnail","7":"category-previdenciario","8":"category-trf3","9":"tag-aposentadoria","10":"tag-calculos-previdenciarios","11":"tag-direito-previdenciario","12":"tag-inss","13":"tag-pericia","14":"tag-perito","15":"tag-trf3"},"yoast_head":"<!-- This site is optimized with the Yoast SEO plugin v27.2 - https:\/\/yoast.com\/product\/yoast-seo-wordpress\/ -->\n<title>TRF3: SEMIN\u00c1RIO CELEBRA 19 ANOS DA JUSTI\u00c7A FEDERAL EM TAUBAT\u00c9 | Portal de Not\u00edcias<\/title>\n<meta name=\"robots\" content=\"index, follow, max-snippet:-1, max-image-preview:large, max-video-preview:-1\" \/>\n<link rel=\"canonical\" href=\"https:\/\/mhcalculos.com.br\/noticias\/area\/previdenciario\/trf3-seminario-celebra-19-anos-da-justica-federal-em-taubate.html\" \/>\n<meta property=\"og:locale\" content=\"pt_BR\" \/>\n<meta property=\"og:type\" content=\"article\" \/>\n<meta property=\"og:title\" content=\"TRF3: SEMIN\u00c1RIO CELEBRA 19 ANOS DA JUSTI\u00c7A FEDERAL EM TAUBAT\u00c9 | Portal de Not\u00edcias\" \/>\n<meta property=\"og:description\" content=\"Evento ser\u00e1 realizado nos dias 27 a 29 de janeiro, no F\u00f3rum Federal de Taubat\u00e9\u00a0 A 21.\u00aa Subse\u00e7\u00e3o Judici\u00e1ria\u00a0do estado de S\u00e3o Paulo, com o apoio da Escola de Magistrados da Justi\u00e7a Federal da 3.\u00aa Regi\u00e3o (Emag), da Associa\u00e7\u00e3o dos Ju\u00edzes Federais do Brasil (Ajufe) e da Associa\u00e7\u00e3o dos Ju\u00edzes Federais de S\u00e3o Paulo e [&hellip;]\" \/>\n<meta property=\"og:url\" content=\"https:\/\/mhcalculos.com.br\/noticias\/area\/previdenciario\/trf3-seminario-celebra-19-anos-da-justica-federal-em-taubate.html\" \/>\n<meta property=\"og:site_name\" content=\"Portal de Not\u00edcias\" \/>\n<meta property=\"article:published_time\" content=\"2020-01-15T17:05:09+00:00\" \/>\n<meta property=\"article:modified_time\" content=\"2021-07-28T17:30:27+00:00\" \/>\n<meta property=\"og:image\" content=\"https:\/\/mhcalculos.com.br\/noticias\/wp-content\/uploads\/sites\/2\/2018\/10\/previdenciario-0046.jpg\" \/>\n\t<meta property=\"og:image:width\" content=\"2000\" \/>\n\t<meta property=\"og:image:height\" content=\"800\" \/>\n\t<meta property=\"og:image:type\" content=\"image\/jpeg\" \/>\n<meta name=\"author\" content=\"Equipe MH\" \/>\n<meta name=\"twitter:card\" content=\"summary_large_image\" \/>\n<meta name=\"twitter:label1\" content=\"Escrito por\" \/>\n\t<meta name=\"twitter:data1\" content=\"Equipe MH\" \/>\n\t<meta name=\"twitter:label2\" content=\"Est. tempo de leitura\" \/>\n\t<meta name=\"twitter:data2\" content=\"2 minutos\" \/>\n<script type=\"application\/ld+json\" class=\"yoast-schema-graph\">{\"@context\":\"https:\/\/schema.org\",\"@graph\":[{\"@type\":\"Article\",\"@id\":\"https:\/\/mhcalculos.com.br\/noticias\/area\/previdenciario\/trf3-seminario-celebra-19-anos-da-justica-federal-em-taubate.html#article\",\"isPartOf\":{\"@id\":\"https:\/\/mhcalculos.com.br\/noticias\/area\/previdenciario\/trf3-seminario-celebra-19-anos-da-justica-federal-em-taubate.html\"},\"author\":{\"name\":\"Equipe MH\",\"@id\":\"https:\/\/mhcalculos.com.br\/noticias\/#\/schema\/person\/88d1c34bf72dc779ea14a5a6b8e0ae8d\"},\"headline\":\"TRF3: SEMIN\u00c1RIO CELEBRA 19 ANOS DA JUSTI\u00c7A FEDERAL EM TAUBAT\u00c9\",\"datePublished\":\"2020-01-15T17:05:09+00:00\",\"dateModified\":\"2021-07-28T17:30:27+00:00\",\"mainEntityOfPage\":{\"@id\":\"https:\/\/mhcalculos.com.br\/noticias\/area\/previdenciario\/trf3-seminario-celebra-19-anos-da-justica-federal-em-taubate.html\"},\"wordCount\":364,\"commentCount\":0,\"image\":{\"@id\":\"https:\/\/mhcalculos.com.br\/noticias\/area\/previdenciario\/trf3-seminario-celebra-19-anos-da-justica-federal-em-taubate.html#primaryimage\"},\"thumbnailUrl\":\"https:\/\/mhcalculos.com.br\/noticias\/wp-content\/uploads\/sites\/2\/2018\/10\/previdenciario-0046.jpg\",\"keywords\":[\"aposentadoria\",\"c\u00e1lculos previdenci\u00e1rios\",\"direito previdenci\u00e1rio\",\"inss\",\"per\u00edcia\",\"perito\",\"trf3\"],\"articleSection\":[\"Direito Previdenci\u00e1rio\",\"TRF3\"],\"inLanguage\":\"pt-BR\",\"potentialAction\":[{\"@type\":\"CommentAction\",\"name\":\"Comment\",\"target\":[\"https:\/\/mhcalculos.com.br\/noticias\/area\/previdenciario\/trf3-seminario-celebra-19-anos-da-justica-federal-em-taubate.html#respond\"]}]},{\"@type\":\"WebPage\",\"@id\":\"https:\/\/mhcalculos.com.br\/noticias\/area\/previdenciario\/trf3-seminario-celebra-19-anos-da-justica-federal-em-taubate.html\",\"url\":\"https:\/\/mhcalculos.com.br\/noticias\/area\/previdenciario\/trf3-seminario-celebra-19-anos-da-justica-federal-em-taubate.html\",\"name\":\"TRF3: SEMIN\u00c1RIO CELEBRA 19 ANOS DA JUSTI\u00c7A FEDERAL EM TAUBAT\u00c9 | Portal de Not\u00edcias\",\"isPartOf\":{\"@id\":\"https:\/\/mhcalculos.com.br\/noticias\/#website\"},\"primaryImageOfPage\":{\"@id\":\"https:\/\/mhcalculos.com.br\/noticias\/area\/previdenciario\/trf3-seminario-celebra-19-anos-da-justica-federal-em-taubate.html#primaryimage\"},\"image\":{\"@id\":\"https:\/\/mhcalculos.com.br\/noticias\/area\/previdenciario\/trf3-seminario-celebra-19-anos-da-justica-federal-em-taubate.html#primaryimage\"},\"thumbnailUrl\":\"https:\/\/mhcalculos.com.br\/noticias\/wp-content\/uploads\/sites\/2\/2018\/10\/previdenciario-0046.jpg\",\"datePublished\":\"2020-01-15T17:05:09+00:00\",\"dateModified\":\"2021-07-28T17:30:27+00:00\",\"author\":{\"@id\":\"https:\/\/mhcalculos.com.br\/noticias\/#\/schema\/person\/88d1c34bf72dc779ea14a5a6b8e0ae8d\"},\"breadcrumb\":{\"@id\":\"https:\/\/mhcalculos.com.br\/noticias\/area\/previdenciario\/trf3-seminario-celebra-19-anos-da-justica-federal-em-taubate.html#breadcrumb\"},\"inLanguage\":\"pt-BR\",\"potentialAction\":[{\"@type\":\"ReadAction\",\"target\":[\"https:\/\/mhcalculos.com.br\/noticias\/area\/previdenciario\/trf3-seminario-celebra-19-anos-da-justica-federal-em-taubate.html\"]}]},{\"@type\":\"ImageObject\",\"inLanguage\":\"pt-BR\",\"@id\":\"https:\/\/mhcalculos.com.br\/noticias\/area\/previdenciario\/trf3-seminario-celebra-19-anos-da-justica-federal-em-taubate.html#primaryimage\",\"url\":\"https:\/\/mhcalculos.com.br\/noticias\/wp-content\/uploads\/sites\/2\/2018\/10\/previdenciario-0046.jpg\",\"contentUrl\":\"https:\/\/mhcalculos.com.br\/noticias\/wp-content\/uploads\/sites\/2\/2018\/10\/previdenciario-0046.jpg\",\"width\":2000,\"height\":800},{\"@type\":\"BreadcrumbList\",\"@id\":\"https:\/\/mhcalculos.com.br\/noticias\/area\/previdenciario\/trf3-seminario-celebra-19-anos-da-justica-federal-em-taubate.html#breadcrumb\",\"itemListElement\":[{\"@type\":\"ListItem\",\"position\":1,\"name\":\"In\u00edcio\",\"item\":\"https:\/\/mhcalculos.com.br\/noticias\/\"},{\"@type\":\"ListItem\",\"position\":2,\"name\":\"TRF3: SEMIN\u00c1RIO CELEBRA 19 ANOS DA JUSTI\u00c7A FEDERAL EM TAUBAT\u00c9\"}]},{\"@type\":\"WebSite\",\"@id\":\"https:\/\/mhcalculos.com.br\/noticias\/#website\",\"url\":\"https:\/\/mhcalculos.com.br\/noticias\/\",\"name\":\"Portal de Not\u00edcias\",\"description\":\"Not\u00edcias e Jurisprud\u00eancia\",\"potentialAction\":[{\"@type\":\"SearchAction\",\"target\":{\"@type\":\"EntryPoint\",\"urlTemplate\":\"https:\/\/mhcalculos.com.br\/noticias\/?s={search_term_string}\"},\"query-input\":{\"@type\":\"PropertyValueSpecification\",\"valueRequired\":true,\"valueName\":\"search_term_string\"}}],\"inLanguage\":\"pt-BR\"},{\"@type\":\"Person\",\"@id\":\"https:\/\/mhcalculos.com.br\/noticias\/#\/schema\/person\/88d1c34bf72dc779ea14a5a6b8e0ae8d\",\"name\":\"Equipe MH\",\"image\":{\"@type\":\"ImageObject\",\"inLanguage\":\"pt-BR\",\"@id\":\"https:\/\/secure.gravatar.com\/avatar\/de1c686c2ecc9c5a3f327e3431d819eb39f8f05d4e1045f5a1caad6daaba987f?s=96&d=mm&r=g\",\"url\":\"https:\/\/secure.gravatar.com\/avatar\/de1c686c2ecc9c5a3f327e3431d819eb39f8f05d4e1045f5a1caad6daaba987f?s=96&d=mm&r=g\",\"contentUrl\":\"https:\/\/secure.gravatar.com\/avatar\/de1c686c2ecc9c5a3f327e3431d819eb39f8f05d4e1045f5a1caad6daaba987f?s=96&d=mm&r=g\",\"caption\":\"Equipe MH\"}}]}<\/script>\n<!-- \/ Yoast SEO plugin. -->","yoast_head_json":{"title":"TRF3: SEMIN\u00c1RIO CELEBRA 19 ANOS DA JUSTI\u00c7A FEDERAL EM TAUBAT\u00c9 | Portal de Not\u00edcias","robots":{"index":"index","follow":"follow","max-snippet":"max-snippet:-1","max-image-preview":"max-image-preview:large","max-video-preview":"max-video-preview:-1"},"canonical":"https:\/\/mhcalculos.com.br\/noticias\/area\/previdenciario\/trf3-seminario-celebra-19-anos-da-justica-federal-em-taubate.html","og_locale":"pt_BR","og_type":"article","og_title":"TRF3: SEMIN\u00c1RIO CELEBRA 19 ANOS DA JUSTI\u00c7A FEDERAL EM TAUBAT\u00c9 | Portal de Not\u00edcias","og_description":"Evento ser\u00e1 realizado nos dias 27 a 29 de janeiro, no F\u00f3rum Federal de Taubat\u00e9\u00a0 A 21.\u00aa Subse\u00e7\u00e3o Judici\u00e1ria\u00a0do estado de S\u00e3o Paulo, com o apoio da Escola de Magistrados da Justi\u00e7a Federal da 3.\u00aa Regi\u00e3o (Emag), da Associa\u00e7\u00e3o dos Ju\u00edzes Federais do Brasil (Ajufe) e da Associa\u00e7\u00e3o dos Ju\u00edzes Federais de S\u00e3o Paulo e [&hellip;]","og_url":"https:\/\/mhcalculos.com.br\/noticias\/area\/previdenciario\/trf3-seminario-celebra-19-anos-da-justica-federal-em-taubate.html","og_site_name":"Portal de Not\u00edcias","article_published_time":"2020-01-15T17:05:09+00:00","article_modified_time":"2021-07-28T17:30:27+00:00","og_image":[{"width":2000,"height":800,"url":"https:\/\/mhcalculos.com.br\/noticias\/wp-content\/uploads\/sites\/2\/2018\/10\/previdenciario-0046.jpg","type":"image\/jpeg"}],"author":"Equipe MH","twitter_card":"summary_large_image","twitter_misc":{"Escrito por":"Equipe MH","Est. tempo de leitura":"2 minutos"},"schema":{"@context":"https:\/\/schema.org","@graph":[{"@type":"Article","@id":"https:\/\/mhcalculos.com.br\/noticias\/area\/previdenciario\/trf3-seminario-celebra-19-anos-da-justica-federal-em-taubate.html#article","isPartOf":{"@id":"https:\/\/mhcalculos.com.br\/noticias\/area\/previdenciario\/trf3-seminario-celebra-19-anos-da-justica-federal-em-taubate.html"},"author":{"name":"Equipe MH","@id":"https:\/\/mhcalculos.com.br\/noticias\/#\/schema\/person\/88d1c34bf72dc779ea14a5a6b8e0ae8d"},"headline":"TRF3: SEMIN\u00c1RIO CELEBRA 19 ANOS DA JUSTI\u00c7A FEDERAL EM TAUBAT\u00c9","datePublished":"2020-01-15T17:05:09+00:00","dateModified":"2021-07-28T17:30:27+00:00","mainEntityOfPage":{"@id":"https:\/\/mhcalculos.com.br\/noticias\/area\/previdenciario\/trf3-seminario-celebra-19-anos-da-justica-federal-em-taubate.html"},"wordCount":364,"commentCount":0,"image":{"@id":"https:\/\/mhcalculos.com.br\/noticias\/area\/previdenciario\/trf3-seminario-celebra-19-anos-da-justica-federal-em-taubate.html#primaryimage"},"thumbnailUrl":"https:\/\/mhcalculos.com.br\/noticias\/wp-content\/uploads\/sites\/2\/2018\/10\/previdenciario-0046.jpg","keywords":["aposentadoria","c\u00e1lculos previdenci\u00e1rios","direito previdenci\u00e1rio","inss","per\u00edcia","perito","trf3"],"articleSection":["Direito Previdenci\u00e1rio","TRF3"],"inLanguage":"pt-BR","potentialAction":[{"@type":"CommentAction","name":"Comment","target":["https:\/\/mhcalculos.com.br\/noticias\/area\/previdenciario\/trf3-seminario-celebra-19-anos-da-justica-federal-em-taubate.html#respond"]}]},{"@type":"WebPage","@id":"https:\/\/mhcalculos.com.br\/noticias\/area\/previdenciario\/trf3-seminario-celebra-19-anos-da-justica-federal-em-taubate.html","url":"https:\/\/mhcalculos.com.br\/noticias\/area\/previdenciario\/trf3-seminario-celebra-19-anos-da-justica-federal-em-taubate.html","name":"TRF3: SEMIN\u00c1RIO CELEBRA 19 ANOS DA JUSTI\u00c7A FEDERAL EM TAUBAT\u00c9 | Portal de Not\u00edcias","isPartOf":{"@id":"https:\/\/mhcalculos.com.br\/noticias\/#website"},"primaryImageOfPage":{"@id":"https:\/\/mhcalculos.com.br\/noticias\/area\/previdenciario\/trf3-seminario-celebra-19-anos-da-justica-federal-em-taubate.html#primaryimage"},"image":{"@id":"https:\/\/mhcalculos.com.br\/noticias\/area\/previdenciario\/trf3-seminario-celebra-19-anos-da-justica-federal-em-taubate.html#primaryimage"},"thumbnailUrl":"https:\/\/mhcalculos.com.br\/noticias\/wp-content\/uploads\/sites\/2\/2018\/10\/previdenciario-0046.jpg","datePublished":"2020-01-15T17:05:09+00:00","dateModified":"2021-07-28T17:30:27+00:00","author":{"@id":"https:\/\/mhcalculos.com.br\/noticias\/#\/schema\/person\/88d1c34bf72dc779ea14a5a6b8e0ae8d"},"breadcrumb":{"@id":"https:\/\/mhcalculos.com.br\/noticias\/area\/previdenciario\/trf3-seminario-celebra-19-anos-da-justica-federal-em-taubate.html#breadcrumb"},"inLanguage":"pt-BR","potentialAction":[{"@type":"ReadAction","target":["https:\/\/mhcalculos.com.br\/noticias\/area\/previdenciario\/trf3-seminario-celebra-19-anos-da-justica-federal-em-taubate.html"]}]},{"@type":"ImageObject","inLanguage":"pt-BR","@id":"https:\/\/mhcalculos.com.br\/noticias\/area\/previdenciario\/trf3-seminario-celebra-19-anos-da-justica-federal-em-taubate.html#primaryimage","url":"https:\/\/mhcalculos.com.br\/noticias\/wp-content\/uploads\/sites\/2\/2018\/10\/previdenciario-0046.jpg","contentUrl":"https:\/\/mhcalculos.com.br\/noticias\/wp-content\/uploads\/sites\/2\/2018\/10\/previdenciario-0046.jpg","width":2000,"height":800},{"@type":"BreadcrumbList","@id":"https:\/\/mhcalculos.com.br\/noticias\/area\/previdenciario\/trf3-seminario-celebra-19-anos-da-justica-federal-em-taubate.html#breadcrumb","itemListElement":[{"@type":"ListItem","position":1,"name":"In\u00edcio","item":"https:\/\/mhcalculos.com.br\/noticias\/"},{"@type":"ListItem","position":2,"name":"TRF3: SEMIN\u00c1RIO CELEBRA 19 ANOS DA JUSTI\u00c7A FEDERAL EM TAUBAT\u00c9"}]},{"@type":"WebSite","@id":"https:\/\/mhcalculos.com.br\/noticias\/#website","url":"https:\/\/mhcalculos.com.br\/noticias\/","name":"Portal de Not\u00edcias","description":"Not\u00edcias e Jurisprud\u00eancia","potentialAction":[{"@type":"SearchAction","target":{"@type":"EntryPoint","urlTemplate":"https:\/\/mhcalculos.com.br\/noticias\/?s={search_term_string}"},"query-input":{"@type":"PropertyValueSpecification","valueRequired":true,"valueName":"search_term_string"}}],"inLanguage":"pt-BR"},{"@type":"Person","@id":"https:\/\/mhcalculos.com.br\/noticias\/#\/schema\/person\/88d1c34bf72dc779ea14a5a6b8e0ae8d","name":"Equipe MH","image":{"@type":"ImageObject","inLanguage":"pt-BR","@id":"https:\/\/secure.gravatar.com\/avatar\/de1c686c2ecc9c5a3f327e3431d819eb39f8f05d4e1045f5a1caad6daaba987f?s=96&d=mm&r=g","url":"https:\/\/secure.gravatar.com\/avatar\/de1c686c2ecc9c5a3f327e3431d819eb39f8f05d4e1045f5a1caad6daaba987f?s=96&d=mm&r=g","contentUrl":"https:\/\/secure.gravatar.com\/avatar\/de1c686c2ecc9c5a3f327e3431d819eb39f8f05d4e1045f5a1caad6daaba987f?s=96&d=mm&r=g","caption":"Equipe MH"}}]}},"_links":{"self":[{"href":"https:\/\/mhcalculos.com.br\/noticias\/wp-json\/wp\/v2\/posts\/6495","targetHints":{"allow":["GET"]}}],"collection":[{"href":"https:\/\/mhcalculos.com.br\/noticias\/wp-json\/wp\/v2\/posts"}],"about":[{"href":"https:\/\/mhcalculos.com.br\/noticias\/wp-json\/wp\/v2\/types\/post"}],"author":[{"embeddable":true,"href":"https:\/\/mhcalculos.com.br\/noticias\/wp-json\/wp\/v2\/users\/3063"}],"replies":[{"embeddable":true,"href":"https:\/\/mhcalculos.com.br\/noticias\/wp-json\/wp\/v2\/comments?post=6495"}],"version-history":[{"count":1,"href":"https:\/\/mhcalculos.com.br\/noticias\/wp-json\/wp\/v2\/posts\/6495\/revisions"}],"predecessor-version":[{"id":9435,"href":"https:\/\/mhcalculos.com.br\/noticias\/wp-json\/wp\/v2\/posts\/6495\/revisions\/9435"}],"wp:featuredmedia":[{"embeddable":true,"href":"https:\/\/mhcalculos.com.br\/noticias\/wp-json\/wp\/v2\/media\/3334"}],"wp:attachment":[{"href":"https:\/\/mhcalculos.com.br\/noticias\/wp-json\/wp\/v2\/media?parent=6495"}],"wp:term":[{"taxonomy":"category","embeddable":true,"href":"https:\/\/mhcalculos.com.br\/noticias\/wp-json\/wp\/v2\/categories?post=6495"},{"taxonomy":"post_tag","embeddable":true,"href":"https:\/\/mhcalculos.com.br\/noticias\/wp-json\/wp\/v2\/tags?post=6495"}],"curies":[{"name":"wp","href":"https:\/\/api.w.org\/{rel}","templated":true}]}}