{"id":6494,"date":"2020-01-15T02:05:09","date_gmt":"2020-01-15T05:05:09","guid":{"rendered":"https:\/\/mhcalculos.com.br\/noticias\/2020\/01\/15\/trf4-tribunal-anula-sentenca-e-determina-realizacao-de-nova-pericia-medica-em-processo-de-beneficio-para-deficiente-14-01-2020\/"},"modified":"2021-07-28T14:30:27","modified_gmt":"2021-07-28T17:30:27","slug":"trf4-tribunal-anula-sentenca-e-determina-realizacao-de-nova-pericia-medica-em-processo-de-beneficio-para-deficiente-14-01-2020","status":"publish","type":"post","link":"https:\/\/mhcalculos.com.br\/noticias\/area\/previdenciario\/trf4-tribunal-anula-sentenca-e-determina-realizacao-de-nova-pericia-medica-em-processo-de-beneficio-para-deficiente-14-01-2020.html","title":{"rendered":"TRF4: Tribunal&nbsp;anula senten\u00e7a e determina realiza\u00e7\u00e3o de nova per\u00edcia m\u00e9dica em processo de benef\u00edcio para deficiente (14\/01\/2020)"},"content":{"rendered":"<p><br \/>\n<\/p>\n<p>O Tribunal Regional Federal da 4\u00aa Regi\u00e3o (TRF4) anulou uma senten\u00e7a que havia negado a concess\u00e3o de beneficio assistencial ao deficiente para um homem de 33 anos, residente de Lagoa Vermelha (RS), e determinou que sejam realizadas nova per\u00edcia m\u00e9dica e estudo socioecon\u00f4mico para ele. No recurso, o autor afirmou possuir sequelas graves de uma leucemia que sofreu na inf\u00e2ncia que o impedem de trabalhar e que a per\u00edcia que foi utilizada para negar o benef\u00edcio n\u00e3o analisou as sequelas alegadas. A decis\u00e3o foi proferida pela 5\u00aa Turma da corte em sess\u00e3o de julgamento do dia 17 do \u00faltimo m\u00eas de dezembro.\u00a0<\/p>\n<p>O homem ingressou com uma a\u00e7\u00e3o contra o Instituto Nacional do Seguro Social (INSS) requisitando a concess\u00e3o do benef\u00edcio ao deficiente previsto no artigo 203, inciso V, da Constitui\u00e7\u00e3o Federal.<\/p>\n<p>No processo, o autor declarou que apresenta problemas de sa\u00fade que lhe impedem de desenvolver qualquer atividade laboral. Alegou que sofreu de leucemia linfoc\u00edtica aguda durante a inf\u00e2ncia, que foi curada com tratamento de quimioterapia, mas que deixou sequelas em seu organismo. Segundo ele, possui hepatite C, hipognodismo hipogonadotr\u00f3fico e defici\u00eancias pulmonares, de modo que a recomenda\u00e7\u00e3o m\u00e9dica para o seu quadro cl\u00ednico \u00e9 de afastamento do trabalho.<\/p>\n<p>O homem sustentou que em raz\u00e3o de seus problemas de sa\u00fade n\u00e3o consegue prover o seu pr\u00f3prio sustento e tamb\u00e9m n\u00e3o consegue ser provido pela sua fam\u00edlia, pois s\u00e3o pessoas que n\u00e3o apresentam situa\u00e7\u00e3o econ\u00f4mica favor\u00e1vel. Ainda afirmou que necessita de recursos para compra de rem\u00e9dios e realiza\u00e7\u00e3o de exames.<\/p>\n<p>Ele narrou que o pedido administrativo para a concess\u00e3o do benef\u00edcio foi indeferido pelo INSS e por isso ajuizou a a\u00e7\u00e3o.<\/p>\n<p>A 2\u00aa Vara Judicial da Comarca de Lagoa Vermelha, por meio da compet\u00eancia delegada, analisou o processo em primeira inst\u00e2ncia e julgou a demanda improcedente. O ju\u00edzo considerou que, pela avalia\u00e7\u00e3o do laudo m\u00e9dico, n\u00e3o foram comprovados impedimentos de longo prazo do autor para o trabalho.<\/p>\n<p>Ele recorreu da senten\u00e7a ao TRF4. No recurso, reafirmou que apresenta sequelas decorrentes de leucemia, que afetaram seu crescimento e as fun\u00e7\u00f5es pulmonares, de forma que n\u00e3o tem condi\u00e7\u00f5es de laborar. Requereu a remessa dos autos \u00e0 vara de origem para realiza\u00e7\u00e3o de nova per\u00edcia m\u00e9dica, j\u00e1 que o perito n\u00e3o se aprofundou nas quest\u00f5es referentes \u00e0s sequelas da doen\u00e7a, assim como a produ\u00e7\u00e3o de novo estudo socioecon\u00f4mico de sua fam\u00edlia.<\/p>\n<p>A 5\u00aa Turma do tribunal, por unanimidade, decidiu dar provimento \u00e0 apela\u00e7\u00e3o c\u00edvel. O colegiado anulou a senten\u00e7a e determinou o retorno do processo \u00e0 primeira inst\u00e2ncia para produ\u00e7\u00e3o de nova per\u00edcia m\u00e9dica, em que sejam analisadas as sequelas alegadas pelo autor, e do estudo socioecon\u00f4mico.<\/p>\n<p>Em seu voto, a relatora do caso na corte, ju\u00edza federal convocada Gisele Lemke, ressaltou que &ldquo;foi colacionado aos autos atestado emitido em maio de 2016 por m\u00e9dico mencionando que o autor \u00e9 seu paciente desde 1990, quando apresentou leucemia linfoc\u00edtica aguda e fez tratamento quimioter\u00e1pico completo, apresentando recidiva em 1994 no test\u00edculo direito, tratada com novo ciclo de quimioterapia. O especialista referiu que o demandante estava curado da leucemia, mas apresentava sequelas decorrentes do tratamento, como hepatite C, hipogonadismo hipogonadotr\u00f3fico, d\u00e9ficit de crescimento e sequela pulmonar, havendo recomenda\u00e7\u00e3o de afastamento do trabalho&rdquo;.<\/p>\n<p>Para a magistrada,\u00a0&ldquo;observa-se que o perito judicial n\u00e3o se aprofundou nas sequelas decorrentes da leucemia, referidas nos autos e no dia da per\u00edcia m\u00e9dica, conforme constou do laudo. Sendo o juiz o destinat\u00e1rio da prova e considerando que o laudo m\u00e9dico n\u00e3o analisou as mencionadas sequelas \u00e9 de ser acolhido o apelo, para que anulada a senten\u00e7a e determinada a realiza\u00e7\u00e3o de complementa\u00e7\u00e3o da per\u00edcia ou nova per\u00edcia m\u00e9dica, com a an\u00e1lise detalhada das sequelas da leucemia e estudo socioecon\u00f4mico&rdquo;.<\/p>\n<p><br \/> (Foto: StockPhotos)<\/p>\n<p><i>Com informa\u00e7\u00f5es da assessoria de imprensa do TRF4.<\/i><br \/>\n<br \/><a href=\"http:\/\/www2.trf4.jus.br\/trf4\/controlador.php?acao=noticia_visualizar&#038;id_noticia=14973\">Fonte<\/a><br \/>\n<br \/><\/p>\n","protected":false},"excerpt":{"rendered":"<p>O Tribunal Regional Federal da 4\u00aa Regi\u00e3o (TRF4) anulou uma senten\u00e7a que havia negado a concess\u00e3o de beneficio assistencial ao deficiente para um homem de 33 anos, residente de Lagoa Vermelha (RS), e determinou que sejam realizadas nova per\u00edcia m\u00e9dica e estudo socioecon\u00f4mico para ele. No recurso, o autor afirmou possuir sequelas graves de uma [&hellip;]<\/p>\n","protected":false},"author":3063,"featured_media":2717,"comment_status":"open","ping_status":"open","sticky":false,"template":"","format":"standard","meta":{"footnotes":""},"categories":[5,6],"tags":[11,10,8,13,9,12,17],"class_list":{"0":"post-6494","1":"post","2":"type-post","3":"status-publish","4":"format-standard","5":"has-post-thumbnail","7":"category-previdenciario","8":"category-trf4","9":"tag-aposentadoria","10":"tag-calculos-previdenciarios","11":"tag-direito-previdenciario","12":"tag-inss","13":"tag-pericia","14":"tag-perito","15":"tag-trf4"},"yoast_head":"<!-- This site is optimized with the Yoast SEO plugin v27.2 - https:\/\/yoast.com\/product\/yoast-seo-wordpress\/ -->\n<title>TRF4: Tribunal&nbsp;anula senten\u00e7a e determina realiza\u00e7\u00e3o de nova per\u00edcia m\u00e9dica em processo de benef\u00edcio para deficiente (14\/01\/2020) | Portal de Not\u00edcias<\/title>\n<meta name=\"robots\" content=\"index, follow, max-snippet:-1, max-image-preview:large, max-video-preview:-1\" \/>\n<link rel=\"canonical\" href=\"https:\/\/mhcalculos.com.br\/noticias\/area\/previdenciario\/trf4-tribunal-anula-sentenca-e-determina-realizacao-de-nova-pericia-medica-em-processo-de-beneficio-para-deficiente-14-01-2020.html\" \/>\n<meta property=\"og:locale\" content=\"pt_BR\" \/>\n<meta property=\"og:type\" content=\"article\" \/>\n<meta property=\"og:title\" content=\"TRF4: Tribunal&nbsp;anula senten\u00e7a e determina realiza\u00e7\u00e3o de nova per\u00edcia m\u00e9dica em processo de benef\u00edcio para deficiente (14\/01\/2020) | Portal de Not\u00edcias\" \/>\n<meta property=\"og:description\" content=\"O Tribunal Regional Federal da 4\u00aa Regi\u00e3o (TRF4) anulou uma senten\u00e7a que havia negado a concess\u00e3o de beneficio assistencial ao deficiente para um homem de 33 anos, residente de Lagoa Vermelha (RS), e determinou que sejam realizadas nova per\u00edcia m\u00e9dica e estudo socioecon\u00f4mico para ele. No recurso, o autor afirmou possuir sequelas graves de uma [&hellip;]\" \/>\n<meta property=\"og:url\" content=\"https:\/\/mhcalculos.com.br\/noticias\/area\/previdenciario\/trf4-tribunal-anula-sentenca-e-determina-realizacao-de-nova-pericia-medica-em-processo-de-beneficio-para-deficiente-14-01-2020.html\" \/>\n<meta property=\"og:site_name\" content=\"Portal de Not\u00edcias\" \/>\n<meta property=\"article:published_time\" content=\"2020-01-15T05:05:09+00:00\" \/>\n<meta property=\"article:modified_time\" content=\"2021-07-28T17:30:27+00:00\" \/>\n<meta property=\"og:image\" content=\"https:\/\/mhcalculos.com.br\/noticias\/wp-content\/uploads\/sites\/2\/2018\/08\/previdenciario-0029.jpg\" \/>\n\t<meta property=\"og:image:width\" content=\"2000\" \/>\n\t<meta property=\"og:image:height\" content=\"800\" \/>\n\t<meta property=\"og:image:type\" content=\"image\/jpeg\" \/>\n<meta name=\"author\" content=\"Equipe MH\" \/>\n<meta name=\"twitter:card\" content=\"summary_large_image\" \/>\n<meta name=\"twitter:label1\" content=\"Escrito por\" \/>\n\t<meta name=\"twitter:data1\" content=\"Equipe MH\" \/>\n\t<meta name=\"twitter:label2\" content=\"Est. tempo de leitura\" \/>\n\t<meta name=\"twitter:data2\" content=\"4 minutos\" \/>\n<script type=\"application\/ld+json\" class=\"yoast-schema-graph\">{\"@context\":\"https:\/\/schema.org\",\"@graph\":[{\"@type\":\"Article\",\"@id\":\"https:\/\/mhcalculos.com.br\/noticias\/area\/previdenciario\/trf4-tribunal-anula-sentenca-e-determina-realizacao-de-nova-pericia-medica-em-processo-de-beneficio-para-deficiente-14-01-2020.html#article\",\"isPartOf\":{\"@id\":\"https:\/\/mhcalculos.com.br\/noticias\/area\/previdenciario\/trf4-tribunal-anula-sentenca-e-determina-realizacao-de-nova-pericia-medica-em-processo-de-beneficio-para-deficiente-14-01-2020.html\"},\"author\":{\"name\":\"Equipe MH\",\"@id\":\"https:\/\/mhcalculos.com.br\/noticias\/#\/schema\/person\/88d1c34bf72dc779ea14a5a6b8e0ae8d\"},\"headline\":\"TRF4: Tribunal&nbsp;anula senten\u00e7a e determina realiza\u00e7\u00e3o de nova per\u00edcia m\u00e9dica em processo de benef\u00edcio para deficiente (14\/01\/2020)\",\"datePublished\":\"2020-01-15T05:05:09+00:00\",\"dateModified\":\"2021-07-28T17:30:27+00:00\",\"mainEntityOfPage\":{\"@id\":\"https:\/\/mhcalculos.com.br\/noticias\/area\/previdenciario\/trf4-tribunal-anula-sentenca-e-determina-realizacao-de-nova-pericia-medica-em-processo-de-beneficio-para-deficiente-14-01-2020.html\"},\"wordCount\":724,\"commentCount\":0,\"image\":{\"@id\":\"https:\/\/mhcalculos.com.br\/noticias\/area\/previdenciario\/trf4-tribunal-anula-sentenca-e-determina-realizacao-de-nova-pericia-medica-em-processo-de-beneficio-para-deficiente-14-01-2020.html#primaryimage\"},\"thumbnailUrl\":\"https:\/\/mhcalculos.com.br\/noticias\/wp-content\/uploads\/sites\/2\/2018\/08\/previdenciario-0029.jpg\",\"keywords\":[\"aposentadoria\",\"c\u00e1lculos previdenci\u00e1rios\",\"direito previdenci\u00e1rio\",\"inss\",\"per\u00edcia\",\"perito\",\"trf4\"],\"articleSection\":[\"Direito Previdenci\u00e1rio\",\"TRF4\"],\"inLanguage\":\"pt-BR\",\"potentialAction\":[{\"@type\":\"CommentAction\",\"name\":\"Comment\",\"target\":[\"https:\/\/mhcalculos.com.br\/noticias\/area\/previdenciario\/trf4-tribunal-anula-sentenca-e-determina-realizacao-de-nova-pericia-medica-em-processo-de-beneficio-para-deficiente-14-01-2020.html#respond\"]}]},{\"@type\":\"WebPage\",\"@id\":\"https:\/\/mhcalculos.com.br\/noticias\/area\/previdenciario\/trf4-tribunal-anula-sentenca-e-determina-realizacao-de-nova-pericia-medica-em-processo-de-beneficio-para-deficiente-14-01-2020.html\",\"url\":\"https:\/\/mhcalculos.com.br\/noticias\/area\/previdenciario\/trf4-tribunal-anula-sentenca-e-determina-realizacao-de-nova-pericia-medica-em-processo-de-beneficio-para-deficiente-14-01-2020.html\",\"name\":\"TRF4: Tribunal&nbsp;anula senten\u00e7a e determina realiza\u00e7\u00e3o de nova per\u00edcia m\u00e9dica em processo de benef\u00edcio para deficiente (14\/01\/2020) | Portal de Not\u00edcias\",\"isPartOf\":{\"@id\":\"https:\/\/mhcalculos.com.br\/noticias\/#website\"},\"primaryImageOfPage\":{\"@id\":\"https:\/\/mhcalculos.com.br\/noticias\/area\/previdenciario\/trf4-tribunal-anula-sentenca-e-determina-realizacao-de-nova-pericia-medica-em-processo-de-beneficio-para-deficiente-14-01-2020.html#primaryimage\"},\"image\":{\"@id\":\"https:\/\/mhcalculos.com.br\/noticias\/area\/previdenciario\/trf4-tribunal-anula-sentenca-e-determina-realizacao-de-nova-pericia-medica-em-processo-de-beneficio-para-deficiente-14-01-2020.html#primaryimage\"},\"thumbnailUrl\":\"https:\/\/mhcalculos.com.br\/noticias\/wp-content\/uploads\/sites\/2\/2018\/08\/previdenciario-0029.jpg\",\"datePublished\":\"2020-01-15T05:05:09+00:00\",\"dateModified\":\"2021-07-28T17:30:27+00:00\",\"author\":{\"@id\":\"https:\/\/mhcalculos.com.br\/noticias\/#\/schema\/person\/88d1c34bf72dc779ea14a5a6b8e0ae8d\"},\"breadcrumb\":{\"@id\":\"https:\/\/mhcalculos.com.br\/noticias\/area\/previdenciario\/trf4-tribunal-anula-sentenca-e-determina-realizacao-de-nova-pericia-medica-em-processo-de-beneficio-para-deficiente-14-01-2020.html#breadcrumb\"},\"inLanguage\":\"pt-BR\",\"potentialAction\":[{\"@type\":\"ReadAction\",\"target\":[\"https:\/\/mhcalculos.com.br\/noticias\/area\/previdenciario\/trf4-tribunal-anula-sentenca-e-determina-realizacao-de-nova-pericia-medica-em-processo-de-beneficio-para-deficiente-14-01-2020.html\"]}]},{\"@type\":\"ImageObject\",\"inLanguage\":\"pt-BR\",\"@id\":\"https:\/\/mhcalculos.com.br\/noticias\/area\/previdenciario\/trf4-tribunal-anula-sentenca-e-determina-realizacao-de-nova-pericia-medica-em-processo-de-beneficio-para-deficiente-14-01-2020.html#primaryimage\",\"url\":\"https:\/\/mhcalculos.com.br\/noticias\/wp-content\/uploads\/sites\/2\/2018\/08\/previdenciario-0029.jpg\",\"contentUrl\":\"https:\/\/mhcalculos.com.br\/noticias\/wp-content\/uploads\/sites\/2\/2018\/08\/previdenciario-0029.jpg\",\"width\":2000,\"height\":800},{\"@type\":\"BreadcrumbList\",\"@id\":\"https:\/\/mhcalculos.com.br\/noticias\/area\/previdenciario\/trf4-tribunal-anula-sentenca-e-determina-realizacao-de-nova-pericia-medica-em-processo-de-beneficio-para-deficiente-14-01-2020.html#breadcrumb\",\"itemListElement\":[{\"@type\":\"ListItem\",\"position\":1,\"name\":\"In\u00edcio\",\"item\":\"https:\/\/mhcalculos.com.br\/noticias\/\"},{\"@type\":\"ListItem\",\"position\":2,\"name\":\"TRF4: Tribunal&nbsp;anula senten\u00e7a e determina realiza\u00e7\u00e3o de nova per\u00edcia m\u00e9dica em processo de benef\u00edcio para deficiente (14\/01\/2020)\"}]},{\"@type\":\"WebSite\",\"@id\":\"https:\/\/mhcalculos.com.br\/noticias\/#website\",\"url\":\"https:\/\/mhcalculos.com.br\/noticias\/\",\"name\":\"Portal de Not\u00edcias\",\"description\":\"Not\u00edcias e Jurisprud\u00eancia\",\"potentialAction\":[{\"@type\":\"SearchAction\",\"target\":{\"@type\":\"EntryPoint\",\"urlTemplate\":\"https:\/\/mhcalculos.com.br\/noticias\/?s={search_term_string}\"},\"query-input\":{\"@type\":\"PropertyValueSpecification\",\"valueRequired\":true,\"valueName\":\"search_term_string\"}}],\"inLanguage\":\"pt-BR\"},{\"@type\":\"Person\",\"@id\":\"https:\/\/mhcalculos.com.br\/noticias\/#\/schema\/person\/88d1c34bf72dc779ea14a5a6b8e0ae8d\",\"name\":\"Equipe MH\",\"image\":{\"@type\":\"ImageObject\",\"inLanguage\":\"pt-BR\",\"@id\":\"https:\/\/secure.gravatar.com\/avatar\/de1c686c2ecc9c5a3f327e3431d819eb39f8f05d4e1045f5a1caad6daaba987f?s=96&d=mm&r=g\",\"url\":\"https:\/\/secure.gravatar.com\/avatar\/de1c686c2ecc9c5a3f327e3431d819eb39f8f05d4e1045f5a1caad6daaba987f?s=96&d=mm&r=g\",\"contentUrl\":\"https:\/\/secure.gravatar.com\/avatar\/de1c686c2ecc9c5a3f327e3431d819eb39f8f05d4e1045f5a1caad6daaba987f?s=96&d=mm&r=g\",\"caption\":\"Equipe MH\"}}]}<\/script>\n<!-- \/ Yoast SEO plugin. -->","yoast_head_json":{"title":"TRF4: Tribunal&nbsp;anula senten\u00e7a e determina realiza\u00e7\u00e3o de nova per\u00edcia m\u00e9dica em processo de benef\u00edcio para deficiente (14\/01\/2020) | Portal de Not\u00edcias","robots":{"index":"index","follow":"follow","max-snippet":"max-snippet:-1","max-image-preview":"max-image-preview:large","max-video-preview":"max-video-preview:-1"},"canonical":"https:\/\/mhcalculos.com.br\/noticias\/area\/previdenciario\/trf4-tribunal-anula-sentenca-e-determina-realizacao-de-nova-pericia-medica-em-processo-de-beneficio-para-deficiente-14-01-2020.html","og_locale":"pt_BR","og_type":"article","og_title":"TRF4: Tribunal&nbsp;anula senten\u00e7a e determina realiza\u00e7\u00e3o de nova per\u00edcia m\u00e9dica em processo de benef\u00edcio para deficiente (14\/01\/2020) | Portal de Not\u00edcias","og_description":"O Tribunal Regional Federal da 4\u00aa Regi\u00e3o (TRF4) anulou uma senten\u00e7a que havia negado a concess\u00e3o de beneficio assistencial ao deficiente para um homem de 33 anos, residente de Lagoa Vermelha (RS), e determinou que sejam realizadas nova per\u00edcia m\u00e9dica e estudo socioecon\u00f4mico para ele. No recurso, o autor afirmou possuir sequelas graves de uma [&hellip;]","og_url":"https:\/\/mhcalculos.com.br\/noticias\/area\/previdenciario\/trf4-tribunal-anula-sentenca-e-determina-realizacao-de-nova-pericia-medica-em-processo-de-beneficio-para-deficiente-14-01-2020.html","og_site_name":"Portal de Not\u00edcias","article_published_time":"2020-01-15T05:05:09+00:00","article_modified_time":"2021-07-28T17:30:27+00:00","og_image":[{"width":2000,"height":800,"url":"https:\/\/mhcalculos.com.br\/noticias\/wp-content\/uploads\/sites\/2\/2018\/08\/previdenciario-0029.jpg","type":"image\/jpeg"}],"author":"Equipe MH","twitter_card":"summary_large_image","twitter_misc":{"Escrito por":"Equipe MH","Est. tempo de leitura":"4 minutos"},"schema":{"@context":"https:\/\/schema.org","@graph":[{"@type":"Article","@id":"https:\/\/mhcalculos.com.br\/noticias\/area\/previdenciario\/trf4-tribunal-anula-sentenca-e-determina-realizacao-de-nova-pericia-medica-em-processo-de-beneficio-para-deficiente-14-01-2020.html#article","isPartOf":{"@id":"https:\/\/mhcalculos.com.br\/noticias\/area\/previdenciario\/trf4-tribunal-anula-sentenca-e-determina-realizacao-de-nova-pericia-medica-em-processo-de-beneficio-para-deficiente-14-01-2020.html"},"author":{"name":"Equipe MH","@id":"https:\/\/mhcalculos.com.br\/noticias\/#\/schema\/person\/88d1c34bf72dc779ea14a5a6b8e0ae8d"},"headline":"TRF4: Tribunal&nbsp;anula senten\u00e7a e determina realiza\u00e7\u00e3o de nova per\u00edcia m\u00e9dica em processo de benef\u00edcio para deficiente (14\/01\/2020)","datePublished":"2020-01-15T05:05:09+00:00","dateModified":"2021-07-28T17:30:27+00:00","mainEntityOfPage":{"@id":"https:\/\/mhcalculos.com.br\/noticias\/area\/previdenciario\/trf4-tribunal-anula-sentenca-e-determina-realizacao-de-nova-pericia-medica-em-processo-de-beneficio-para-deficiente-14-01-2020.html"},"wordCount":724,"commentCount":0,"image":{"@id":"https:\/\/mhcalculos.com.br\/noticias\/area\/previdenciario\/trf4-tribunal-anula-sentenca-e-determina-realizacao-de-nova-pericia-medica-em-processo-de-beneficio-para-deficiente-14-01-2020.html#primaryimage"},"thumbnailUrl":"https:\/\/mhcalculos.com.br\/noticias\/wp-content\/uploads\/sites\/2\/2018\/08\/previdenciario-0029.jpg","keywords":["aposentadoria","c\u00e1lculos previdenci\u00e1rios","direito previdenci\u00e1rio","inss","per\u00edcia","perito","trf4"],"articleSection":["Direito Previdenci\u00e1rio","TRF4"],"inLanguage":"pt-BR","potentialAction":[{"@type":"CommentAction","name":"Comment","target":["https:\/\/mhcalculos.com.br\/noticias\/area\/previdenciario\/trf4-tribunal-anula-sentenca-e-determina-realizacao-de-nova-pericia-medica-em-processo-de-beneficio-para-deficiente-14-01-2020.html#respond"]}]},{"@type":"WebPage","@id":"https:\/\/mhcalculos.com.br\/noticias\/area\/previdenciario\/trf4-tribunal-anula-sentenca-e-determina-realizacao-de-nova-pericia-medica-em-processo-de-beneficio-para-deficiente-14-01-2020.html","url":"https:\/\/mhcalculos.com.br\/noticias\/area\/previdenciario\/trf4-tribunal-anula-sentenca-e-determina-realizacao-de-nova-pericia-medica-em-processo-de-beneficio-para-deficiente-14-01-2020.html","name":"TRF4: Tribunal&nbsp;anula senten\u00e7a e determina realiza\u00e7\u00e3o de nova per\u00edcia m\u00e9dica em processo de benef\u00edcio para deficiente (14\/01\/2020) | Portal de Not\u00edcias","isPartOf":{"@id":"https:\/\/mhcalculos.com.br\/noticias\/#website"},"primaryImageOfPage":{"@id":"https:\/\/mhcalculos.com.br\/noticias\/area\/previdenciario\/trf4-tribunal-anula-sentenca-e-determina-realizacao-de-nova-pericia-medica-em-processo-de-beneficio-para-deficiente-14-01-2020.html#primaryimage"},"image":{"@id":"https:\/\/mhcalculos.com.br\/noticias\/area\/previdenciario\/trf4-tribunal-anula-sentenca-e-determina-realizacao-de-nova-pericia-medica-em-processo-de-beneficio-para-deficiente-14-01-2020.html#primaryimage"},"thumbnailUrl":"https:\/\/mhcalculos.com.br\/noticias\/wp-content\/uploads\/sites\/2\/2018\/08\/previdenciario-0029.jpg","datePublished":"2020-01-15T05:05:09+00:00","dateModified":"2021-07-28T17:30:27+00:00","author":{"@id":"https:\/\/mhcalculos.com.br\/noticias\/#\/schema\/person\/88d1c34bf72dc779ea14a5a6b8e0ae8d"},"breadcrumb":{"@id":"https:\/\/mhcalculos.com.br\/noticias\/area\/previdenciario\/trf4-tribunal-anula-sentenca-e-determina-realizacao-de-nova-pericia-medica-em-processo-de-beneficio-para-deficiente-14-01-2020.html#breadcrumb"},"inLanguage":"pt-BR","potentialAction":[{"@type":"ReadAction","target":["https:\/\/mhcalculos.com.br\/noticias\/area\/previdenciario\/trf4-tribunal-anula-sentenca-e-determina-realizacao-de-nova-pericia-medica-em-processo-de-beneficio-para-deficiente-14-01-2020.html"]}]},{"@type":"ImageObject","inLanguage":"pt-BR","@id":"https:\/\/mhcalculos.com.br\/noticias\/area\/previdenciario\/trf4-tribunal-anula-sentenca-e-determina-realizacao-de-nova-pericia-medica-em-processo-de-beneficio-para-deficiente-14-01-2020.html#primaryimage","url":"https:\/\/mhcalculos.com.br\/noticias\/wp-content\/uploads\/sites\/2\/2018\/08\/previdenciario-0029.jpg","contentUrl":"https:\/\/mhcalculos.com.br\/noticias\/wp-content\/uploads\/sites\/2\/2018\/08\/previdenciario-0029.jpg","width":2000,"height":800},{"@type":"BreadcrumbList","@id":"https:\/\/mhcalculos.com.br\/noticias\/area\/previdenciario\/trf4-tribunal-anula-sentenca-e-determina-realizacao-de-nova-pericia-medica-em-processo-de-beneficio-para-deficiente-14-01-2020.html#breadcrumb","itemListElement":[{"@type":"ListItem","position":1,"name":"In\u00edcio","item":"https:\/\/mhcalculos.com.br\/noticias\/"},{"@type":"ListItem","position":2,"name":"TRF4: Tribunal&nbsp;anula senten\u00e7a e determina realiza\u00e7\u00e3o de nova per\u00edcia m\u00e9dica em processo de benef\u00edcio para deficiente (14\/01\/2020)"}]},{"@type":"WebSite","@id":"https:\/\/mhcalculos.com.br\/noticias\/#website","url":"https:\/\/mhcalculos.com.br\/noticias\/","name":"Portal de Not\u00edcias","description":"Not\u00edcias e Jurisprud\u00eancia","potentialAction":[{"@type":"SearchAction","target":{"@type":"EntryPoint","urlTemplate":"https:\/\/mhcalculos.com.br\/noticias\/?s={search_term_string}"},"query-input":{"@type":"PropertyValueSpecification","valueRequired":true,"valueName":"search_term_string"}}],"inLanguage":"pt-BR"},{"@type":"Person","@id":"https:\/\/mhcalculos.com.br\/noticias\/#\/schema\/person\/88d1c34bf72dc779ea14a5a6b8e0ae8d","name":"Equipe MH","image":{"@type":"ImageObject","inLanguage":"pt-BR","@id":"https:\/\/secure.gravatar.com\/avatar\/de1c686c2ecc9c5a3f327e3431d819eb39f8f05d4e1045f5a1caad6daaba987f?s=96&d=mm&r=g","url":"https:\/\/secure.gravatar.com\/avatar\/de1c686c2ecc9c5a3f327e3431d819eb39f8f05d4e1045f5a1caad6daaba987f?s=96&d=mm&r=g","contentUrl":"https:\/\/secure.gravatar.com\/avatar\/de1c686c2ecc9c5a3f327e3431d819eb39f8f05d4e1045f5a1caad6daaba987f?s=96&d=mm&r=g","caption":"Equipe MH"}}]}},"_links":{"self":[{"href":"https:\/\/mhcalculos.com.br\/noticias\/wp-json\/wp\/v2\/posts\/6494","targetHints":{"allow":["GET"]}}],"collection":[{"href":"https:\/\/mhcalculos.com.br\/noticias\/wp-json\/wp\/v2\/posts"}],"about":[{"href":"https:\/\/mhcalculos.com.br\/noticias\/wp-json\/wp\/v2\/types\/post"}],"author":[{"embeddable":true,"href":"https:\/\/mhcalculos.com.br\/noticias\/wp-json\/wp\/v2\/users\/3063"}],"replies":[{"embeddable":true,"href":"https:\/\/mhcalculos.com.br\/noticias\/wp-json\/wp\/v2\/comments?post=6494"}],"version-history":[{"count":1,"href":"https:\/\/mhcalculos.com.br\/noticias\/wp-json\/wp\/v2\/posts\/6494\/revisions"}],"predecessor-version":[{"id":9436,"href":"https:\/\/mhcalculos.com.br\/noticias\/wp-json\/wp\/v2\/posts\/6494\/revisions\/9436"}],"wp:featuredmedia":[{"embeddable":true,"href":"https:\/\/mhcalculos.com.br\/noticias\/wp-json\/wp\/v2\/media\/2717"}],"wp:attachment":[{"href":"https:\/\/mhcalculos.com.br\/noticias\/wp-json\/wp\/v2\/media?parent=6494"}],"wp:term":[{"taxonomy":"category","embeddable":true,"href":"https:\/\/mhcalculos.com.br\/noticias\/wp-json\/wp\/v2\/categories?post=6494"},{"taxonomy":"post_tag","embeddable":true,"href":"https:\/\/mhcalculos.com.br\/noticias\/wp-json\/wp\/v2\/tags?post=6494"}],"curies":[{"name":"wp","href":"https:\/\/api.w.org\/{rel}","templated":true}]}}