{"id":6493,"date":"2020-01-14T16:05:10","date_gmt":"2020-01-14T19:05:10","guid":{"rendered":"https:\/\/mhcalculos.com.br\/noticias\/2020\/01\/14\/stf-partido-questiona-norma-que-admite-cobranca-de-tarifa-de-cheque-especial-sem-utilizacao-do-servico\/"},"modified":"2021-07-28T14:30:27","modified_gmt":"2021-07-28T17:30:27","slug":"stf-partido-questiona-norma-que-admite-cobranca-de-tarifa-de-cheque-especial-sem-utilizacao-do-servico","status":"publish","type":"post","link":"https:\/\/mhcalculos.com.br\/noticias\/area\/tributario\/stf-partido-questiona-norma-que-admite-cobranca-de-tarifa-de-cheque-especial-sem-utilizacao-do-servico.html","title":{"rendered":"STF: Partido questiona norma que admite cobran\u00e7a de tarifa de cheque especial sem utiliza\u00e7\u00e3o do servi\u00e7o"},"content":{"rendered":"\n<p>O partido Podemos ajuizou no Supremo Tribunal Federal (STF) a\u00e7\u00e3o contra a resolu\u00e7\u00e3o do Conselho Monet\u00e1rio Nacional (CMN) que passou a admitir a cobran\u00e7a de tarifa pela oferta de cheque especial por institui\u00e7\u00f5es financeiras mesmo que o servi\u00e7o n\u00e3o seja utilizado. A mat\u00e9ria \u00e9 objeto da Argui\u00e7\u00e3o de Descumprimento de Preceito Fundamental (ADPF) 645, distribu\u00edda ao ministro Gilmar Mendes.<\/p>\n<p>A Resolu\u00e7\u00e3o 4.765\/2019 do CNM possibilita a cobran\u00e7a de 0,25% pelo cr\u00e9dito autom\u00e1tico em conta de dep\u00f3sitos \u00e0 vista de pessoas f\u00edsicas e microempreendedores individuais (MEI) para limites superiores a R$ 500 \u2013 o que, para o Podemos, interfere em regras de livre concorr\u00eancia em rela\u00e7\u00f5es contratuais privadas para beneficiar institui\u00e7\u00f5es financeiras e onera o consumidor. Ao admitir a cobran\u00e7a de tarifa pela mera possibilidade do uso de servi\u00e7o de cr\u00e9dito, segundo o partido, o ato normativo eleva as tarifas banc\u00e1rias ao status de tributo, \u201csubvertendo completamente a rela\u00e7\u00e3o consumerista cliente-banco, equiparando-a \u00e0 rela\u00e7\u00e3o tribut\u00e1ria cidad\u00e3o-Estado\u201d.<\/p>\n<p>Ainda de acordo com o Podemos, o argumento utilizado pelo CMN de que a tarifa favoreceria a melhor concess\u00e3o de limite pelas institui\u00e7\u00f5es financeiras e a utiliza\u00e7\u00e3o racional do cheque especial pelos clientes parte do pressuposto de que o poder p\u00fablico teria legitimidade para tutelar as escolhas individuais dos cidad\u00e3os, o que fere a dignidade da pessoa humana, o exerc\u00edcio da cidadania e o princ\u00edpio da isonomia, pois n\u00e3o alcan\u00e7a as pessoas jur\u00eddicas. A resolu\u00e7\u00e3o tamb\u00e9m afetaria os pr\u00f3prios bancos, ao impedir que formulem estrat\u00e9gias negociais visando \u00e0 maior efici\u00eancia econ\u00f4mica e \u00e0 competitividade, em ofensa aos princ\u00edpios da livre iniciativa e da livre concorr\u00eancia.<\/p>\n<p>O partido pede que o STF declare que o CMN n\u00e3o tem compet\u00eancia para editar norma que preveja a cobran\u00e7a de tarifa pela mera disponibiliza\u00e7\u00e3o, quando n\u00e3o utilizado, de cheque especial concedido por institui\u00e7\u00f5es financeiras em conta de dep\u00f3sitos \u00e0 vista titulada por pessoas naturais e por microempreendedores individuais.<\/p>\n<p><span style=\"font-size: smaller;\">SP\/AAS\/\/CF<\/span><\/p>\n<p><i>Com informa\u00e7\u00f5es da assessoria de imprensa do STF.<\/i><\/p>\n<p><a href=\"http:\/\/www.stf.jus.br\/portal\/cms\/verNoticiaDetalhe.asp?idConteudo=434658\">Fonte<\/a><\/p>\n\n","protected":false},"excerpt":{"rendered":"<p>O partido Podemos ajuizou no Supremo Tribunal Federal (STF) a\u00e7\u00e3o contra a resolu\u00e7\u00e3o do Conselho Monet\u00e1rio Nacional (CMN) que passou a admitir a cobran\u00e7a de tarifa pela oferta de cheque especial por institui\u00e7\u00f5es financeiras mesmo que o servi\u00e7o n\u00e3o seja utilizado. A mat\u00e9ria \u00e9 objeto da Argui\u00e7\u00e3o de Descumprimento de Preceito Fundamental (ADPF) 645, distribu\u00edda [&hellip;]<\/p>\n","protected":false},"author":3063,"featured_media":1924,"comment_status":"open","ping_status":"open","sticky":false,"template":"","format":"standard","meta":{"footnotes":""},"categories":[18,15],"tags":[32,31,42,30,29,213,9,12,16],"class_list":{"0":"post-6493","1":"post","2":"type-post","3":"status-publish","4":"format-standard","5":"has-post-thumbnail","7":"category-tributario","8":"category-stf","9":"tag-calculos-judiciais","10":"tag-calculos-tributarios","11":"tag-direito-tributario","12":"tag-divida-ativa","13":"tag-fazenda-publica","14":"tag-imposto","15":"tag-pericia","16":"tag-perito","17":"tag-stf"},"yoast_head":"<!-- This site is optimized with the Yoast SEO plugin v27.2 - https:\/\/yoast.com\/product\/yoast-seo-wordpress\/ -->\n<title>STF: Partido questiona norma que admite cobran\u00e7a de tarifa de cheque especial sem utiliza\u00e7\u00e3o do servi\u00e7o | Portal de Not\u00edcias<\/title>\n<meta name=\"robots\" content=\"index, follow, max-snippet:-1, max-image-preview:large, max-video-preview:-1\" \/>\n<link rel=\"canonical\" href=\"http:\/\/www.stf.jus.br\/portal\/cms\/verNoticiaDetalhe.asp?idConteudo=434658\" \/>\n<meta property=\"og:locale\" content=\"pt_BR\" \/>\n<meta property=\"og:type\" content=\"article\" \/>\n<meta property=\"og:title\" content=\"STF: Partido questiona norma que admite cobran\u00e7a de tarifa de cheque especial sem utiliza\u00e7\u00e3o do servi\u00e7o | Portal de Not\u00edcias\" \/>\n<meta property=\"og:description\" content=\"O partido Podemos ajuizou no Supremo Tribunal Federal (STF) a\u00e7\u00e3o contra a resolu\u00e7\u00e3o do Conselho Monet\u00e1rio Nacional (CMN) que passou a admitir a cobran\u00e7a de tarifa pela oferta de cheque especial por institui\u00e7\u00f5es financeiras mesmo que o servi\u00e7o n\u00e3o seja utilizado. A mat\u00e9ria \u00e9 objeto da Argui\u00e7\u00e3o de Descumprimento de Preceito Fundamental (ADPF) 645, distribu\u00edda [&hellip;]\" \/>\n<meta property=\"og:url\" content=\"http:\/\/www.stf.jus.br\/portal\/cms\/verNoticiaDetalhe.asp?idConteudo=434658\" \/>\n<meta property=\"og:site_name\" content=\"Portal de Not\u00edcias\" \/>\n<meta property=\"article:published_time\" content=\"2020-01-14T19:05:10+00:00\" \/>\n<meta property=\"article:modified_time\" content=\"2021-07-28T17:30:27+00:00\" \/>\n<meta property=\"og:image\" content=\"https:\/\/mhcalculos.com.br\/noticias\/wp-content\/uploads\/sites\/2\/2018\/06\/tributario-0029.jpg\" \/>\n\t<meta property=\"og:image:width\" content=\"2000\" \/>\n\t<meta property=\"og:image:height\" content=\"800\" \/>\n\t<meta property=\"og:image:type\" content=\"image\/jpeg\" \/>\n<meta name=\"author\" content=\"Equipe MH\" \/>\n<meta name=\"twitter:card\" content=\"summary_large_image\" \/>\n<meta name=\"twitter:label1\" content=\"Escrito por\" \/>\n\t<meta name=\"twitter:data1\" content=\"Equipe MH\" \/>\n\t<meta name=\"twitter:label2\" content=\"Est. tempo de leitura\" \/>\n\t<meta name=\"twitter:data2\" content=\"2 minutos\" \/>\n<script type=\"application\/ld+json\" class=\"yoast-schema-graph\">{\"@context\":\"https:\/\/schema.org\",\"@graph\":[{\"@type\":\"Article\",\"@id\":\"http:\/\/www.stf.jus.br\/portal\/cms\/verNoticiaDetalhe.asp?idConteudo=434658#article\",\"isPartOf\":{\"@id\":\"https:\/\/mhcalculos.com.br\/noticias\/area\/tributario\/stf-partido-questiona-norma-que-admite-cobranca-de-tarifa-de-cheque-especial-sem-utilizacao-do-servico.html\"},\"author\":{\"name\":\"Equipe MH\",\"@id\":\"https:\/\/mhcalculos.com.br\/noticias\/#\/schema\/person\/88d1c34bf72dc779ea14a5a6b8e0ae8d\"},\"headline\":\"STF: Partido questiona norma que admite cobran\u00e7a de tarifa de cheque especial sem utiliza\u00e7\u00e3o do servi\u00e7o\",\"datePublished\":\"2020-01-14T19:05:10+00:00\",\"dateModified\":\"2021-07-28T17:30:27+00:00\",\"mainEntityOfPage\":{\"@id\":\"https:\/\/mhcalculos.com.br\/noticias\/area\/tributario\/stf-partido-questiona-norma-que-admite-cobranca-de-tarifa-de-cheque-especial-sem-utilizacao-do-servico.html\"},\"wordCount\":384,\"commentCount\":0,\"image\":{\"@id\":\"http:\/\/www.stf.jus.br\/portal\/cms\/verNoticiaDetalhe.asp?idConteudo=434658#primaryimage\"},\"thumbnailUrl\":\"https:\/\/mhcalculos.com.br\/noticias\/wp-content\/uploads\/sites\/2\/2018\/06\/tributario-0029.jpg\",\"keywords\":[\"c\u00e1lculos judiciais\",\"c\u00e1lculos tribut\u00e1rios\",\"direito tribut\u00e1rio\",\"d\u00edvida ativa\",\"fazenda p\u00fablica\",\"Imposto\",\"per\u00edcia\",\"perito\",\"stf\"],\"articleSection\":[\"Direito Tribut\u00e1rio\",\"STF\"],\"inLanguage\":\"pt-BR\",\"potentialAction\":[{\"@type\":\"CommentAction\",\"name\":\"Comment\",\"target\":[\"http:\/\/www.stf.jus.br\/portal\/cms\/verNoticiaDetalhe.asp?idConteudo=434658#respond\"]}]},{\"@type\":\"WebPage\",\"@id\":\"https:\/\/mhcalculos.com.br\/noticias\/area\/tributario\/stf-partido-questiona-norma-que-admite-cobranca-de-tarifa-de-cheque-especial-sem-utilizacao-do-servico.html\",\"url\":\"http:\/\/www.stf.jus.br\/portal\/cms\/verNoticiaDetalhe.asp?idConteudo=434658\",\"name\":\"STF: Partido questiona norma que admite cobran\u00e7a de tarifa de cheque especial sem utiliza\u00e7\u00e3o do servi\u00e7o | Portal de Not\u00edcias\",\"isPartOf\":{\"@id\":\"https:\/\/mhcalculos.com.br\/noticias\/#website\"},\"primaryImageOfPage\":{\"@id\":\"http:\/\/www.stf.jus.br\/portal\/cms\/verNoticiaDetalhe.asp?idConteudo=434658#primaryimage\"},\"image\":{\"@id\":\"http:\/\/www.stf.jus.br\/portal\/cms\/verNoticiaDetalhe.asp?idConteudo=434658#primaryimage\"},\"thumbnailUrl\":\"https:\/\/mhcalculos.com.br\/noticias\/wp-content\/uploads\/sites\/2\/2018\/06\/tributario-0029.jpg\",\"datePublished\":\"2020-01-14T19:05:10+00:00\",\"dateModified\":\"2021-07-28T17:30:27+00:00\",\"author\":{\"@id\":\"https:\/\/mhcalculos.com.br\/noticias\/#\/schema\/person\/88d1c34bf72dc779ea14a5a6b8e0ae8d\"},\"breadcrumb\":{\"@id\":\"http:\/\/www.stf.jus.br\/portal\/cms\/verNoticiaDetalhe.asp?idConteudo=434658#breadcrumb\"},\"inLanguage\":\"pt-BR\",\"potentialAction\":[{\"@type\":\"ReadAction\",\"target\":[\"http:\/\/www.stf.jus.br\/portal\/cms\/verNoticiaDetalhe.asp?idConteudo=434658\"]}]},{\"@type\":\"ImageObject\",\"inLanguage\":\"pt-BR\",\"@id\":\"http:\/\/www.stf.jus.br\/portal\/cms\/verNoticiaDetalhe.asp?idConteudo=434658#primaryimage\",\"url\":\"https:\/\/mhcalculos.com.br\/noticias\/wp-content\/uploads\/sites\/2\/2018\/06\/tributario-0029.jpg\",\"contentUrl\":\"https:\/\/mhcalculos.com.br\/noticias\/wp-content\/uploads\/sites\/2\/2018\/06\/tributario-0029.jpg\",\"width\":2000,\"height\":800},{\"@type\":\"BreadcrumbList\",\"@id\":\"http:\/\/www.stf.jus.br\/portal\/cms\/verNoticiaDetalhe.asp?idConteudo=434658#breadcrumb\",\"itemListElement\":[{\"@type\":\"ListItem\",\"position\":1,\"name\":\"In\u00edcio\",\"item\":\"https:\/\/mhcalculos.com.br\/noticias\/\"},{\"@type\":\"ListItem\",\"position\":2,\"name\":\"STF: Partido questiona norma que admite cobran\u00e7a de tarifa de cheque especial sem utiliza\u00e7\u00e3o do servi\u00e7o\"}]},{\"@type\":\"WebSite\",\"@id\":\"https:\/\/mhcalculos.com.br\/noticias\/#website\",\"url\":\"https:\/\/mhcalculos.com.br\/noticias\/\",\"name\":\"Portal de Not\u00edcias\",\"description\":\"Not\u00edcias e Jurisprud\u00eancia\",\"potentialAction\":[{\"@type\":\"SearchAction\",\"target\":{\"@type\":\"EntryPoint\",\"urlTemplate\":\"https:\/\/mhcalculos.com.br\/noticias\/?s={search_term_string}\"},\"query-input\":{\"@type\":\"PropertyValueSpecification\",\"valueRequired\":true,\"valueName\":\"search_term_string\"}}],\"inLanguage\":\"pt-BR\"},{\"@type\":\"Person\",\"@id\":\"https:\/\/mhcalculos.com.br\/noticias\/#\/schema\/person\/88d1c34bf72dc779ea14a5a6b8e0ae8d\",\"name\":\"Equipe MH\",\"image\":{\"@type\":\"ImageObject\",\"inLanguage\":\"pt-BR\",\"@id\":\"https:\/\/secure.gravatar.com\/avatar\/de1c686c2ecc9c5a3f327e3431d819eb39f8f05d4e1045f5a1caad6daaba987f?s=96&d=mm&r=g\",\"url\":\"https:\/\/secure.gravatar.com\/avatar\/de1c686c2ecc9c5a3f327e3431d819eb39f8f05d4e1045f5a1caad6daaba987f?s=96&d=mm&r=g\",\"contentUrl\":\"https:\/\/secure.gravatar.com\/avatar\/de1c686c2ecc9c5a3f327e3431d819eb39f8f05d4e1045f5a1caad6daaba987f?s=96&d=mm&r=g\",\"caption\":\"Equipe MH\"}}]}<\/script>\n<!-- \/ Yoast SEO plugin. -->","yoast_head_json":{"title":"STF: Partido questiona norma que admite cobran\u00e7a de tarifa de cheque especial sem utiliza\u00e7\u00e3o do servi\u00e7o | Portal de Not\u00edcias","robots":{"index":"index","follow":"follow","max-snippet":"max-snippet:-1","max-image-preview":"max-image-preview:large","max-video-preview":"max-video-preview:-1"},"canonical":"http:\/\/www.stf.jus.br\/portal\/cms\/verNoticiaDetalhe.asp?idConteudo=434658","og_locale":"pt_BR","og_type":"article","og_title":"STF: Partido questiona norma que admite cobran\u00e7a de tarifa de cheque especial sem utiliza\u00e7\u00e3o do servi\u00e7o | Portal de Not\u00edcias","og_description":"O partido Podemos ajuizou no Supremo Tribunal Federal (STF) a\u00e7\u00e3o contra a resolu\u00e7\u00e3o do Conselho Monet\u00e1rio Nacional (CMN) que passou a admitir a cobran\u00e7a de tarifa pela oferta de cheque especial por institui\u00e7\u00f5es financeiras mesmo que o servi\u00e7o n\u00e3o seja utilizado. A mat\u00e9ria \u00e9 objeto da Argui\u00e7\u00e3o de Descumprimento de Preceito Fundamental (ADPF) 645, distribu\u00edda [&hellip;]","og_url":"http:\/\/www.stf.jus.br\/portal\/cms\/verNoticiaDetalhe.asp?idConteudo=434658","og_site_name":"Portal de Not\u00edcias","article_published_time":"2020-01-14T19:05:10+00:00","article_modified_time":"2021-07-28T17:30:27+00:00","og_image":[{"width":2000,"height":800,"url":"https:\/\/mhcalculos.com.br\/noticias\/wp-content\/uploads\/sites\/2\/2018\/06\/tributario-0029.jpg","type":"image\/jpeg"}],"author":"Equipe MH","twitter_card":"summary_large_image","twitter_misc":{"Escrito por":"Equipe MH","Est. tempo de leitura":"2 minutos"},"schema":{"@context":"https:\/\/schema.org","@graph":[{"@type":"Article","@id":"http:\/\/www.stf.jus.br\/portal\/cms\/verNoticiaDetalhe.asp?idConteudo=434658#article","isPartOf":{"@id":"https:\/\/mhcalculos.com.br\/noticias\/area\/tributario\/stf-partido-questiona-norma-que-admite-cobranca-de-tarifa-de-cheque-especial-sem-utilizacao-do-servico.html"},"author":{"name":"Equipe MH","@id":"https:\/\/mhcalculos.com.br\/noticias\/#\/schema\/person\/88d1c34bf72dc779ea14a5a6b8e0ae8d"},"headline":"STF: Partido questiona norma que admite cobran\u00e7a de tarifa de cheque especial sem utiliza\u00e7\u00e3o do servi\u00e7o","datePublished":"2020-01-14T19:05:10+00:00","dateModified":"2021-07-28T17:30:27+00:00","mainEntityOfPage":{"@id":"https:\/\/mhcalculos.com.br\/noticias\/area\/tributario\/stf-partido-questiona-norma-que-admite-cobranca-de-tarifa-de-cheque-especial-sem-utilizacao-do-servico.html"},"wordCount":384,"commentCount":0,"image":{"@id":"http:\/\/www.stf.jus.br\/portal\/cms\/verNoticiaDetalhe.asp?idConteudo=434658#primaryimage"},"thumbnailUrl":"https:\/\/mhcalculos.com.br\/noticias\/wp-content\/uploads\/sites\/2\/2018\/06\/tributario-0029.jpg","keywords":["c\u00e1lculos judiciais","c\u00e1lculos tribut\u00e1rios","direito tribut\u00e1rio","d\u00edvida ativa","fazenda p\u00fablica","Imposto","per\u00edcia","perito","stf"],"articleSection":["Direito Tribut\u00e1rio","STF"],"inLanguage":"pt-BR","potentialAction":[{"@type":"CommentAction","name":"Comment","target":["http:\/\/www.stf.jus.br\/portal\/cms\/verNoticiaDetalhe.asp?idConteudo=434658#respond"]}]},{"@type":"WebPage","@id":"https:\/\/mhcalculos.com.br\/noticias\/area\/tributario\/stf-partido-questiona-norma-que-admite-cobranca-de-tarifa-de-cheque-especial-sem-utilizacao-do-servico.html","url":"http:\/\/www.stf.jus.br\/portal\/cms\/verNoticiaDetalhe.asp?idConteudo=434658","name":"STF: Partido questiona norma que admite cobran\u00e7a de tarifa de cheque especial sem utiliza\u00e7\u00e3o do servi\u00e7o | Portal de Not\u00edcias","isPartOf":{"@id":"https:\/\/mhcalculos.com.br\/noticias\/#website"},"primaryImageOfPage":{"@id":"http:\/\/www.stf.jus.br\/portal\/cms\/verNoticiaDetalhe.asp?idConteudo=434658#primaryimage"},"image":{"@id":"http:\/\/www.stf.jus.br\/portal\/cms\/verNoticiaDetalhe.asp?idConteudo=434658#primaryimage"},"thumbnailUrl":"https:\/\/mhcalculos.com.br\/noticias\/wp-content\/uploads\/sites\/2\/2018\/06\/tributario-0029.jpg","datePublished":"2020-01-14T19:05:10+00:00","dateModified":"2021-07-28T17:30:27+00:00","author":{"@id":"https:\/\/mhcalculos.com.br\/noticias\/#\/schema\/person\/88d1c34bf72dc779ea14a5a6b8e0ae8d"},"breadcrumb":{"@id":"http:\/\/www.stf.jus.br\/portal\/cms\/verNoticiaDetalhe.asp?idConteudo=434658#breadcrumb"},"inLanguage":"pt-BR","potentialAction":[{"@type":"ReadAction","target":["http:\/\/www.stf.jus.br\/portal\/cms\/verNoticiaDetalhe.asp?idConteudo=434658"]}]},{"@type":"ImageObject","inLanguage":"pt-BR","@id":"http:\/\/www.stf.jus.br\/portal\/cms\/verNoticiaDetalhe.asp?idConteudo=434658#primaryimage","url":"https:\/\/mhcalculos.com.br\/noticias\/wp-content\/uploads\/sites\/2\/2018\/06\/tributario-0029.jpg","contentUrl":"https:\/\/mhcalculos.com.br\/noticias\/wp-content\/uploads\/sites\/2\/2018\/06\/tributario-0029.jpg","width":2000,"height":800},{"@type":"BreadcrumbList","@id":"http:\/\/www.stf.jus.br\/portal\/cms\/verNoticiaDetalhe.asp?idConteudo=434658#breadcrumb","itemListElement":[{"@type":"ListItem","position":1,"name":"In\u00edcio","item":"https:\/\/mhcalculos.com.br\/noticias\/"},{"@type":"ListItem","position":2,"name":"STF: Partido questiona norma que admite cobran\u00e7a de tarifa de cheque especial sem utiliza\u00e7\u00e3o do servi\u00e7o"}]},{"@type":"WebSite","@id":"https:\/\/mhcalculos.com.br\/noticias\/#website","url":"https:\/\/mhcalculos.com.br\/noticias\/","name":"Portal de Not\u00edcias","description":"Not\u00edcias e Jurisprud\u00eancia","potentialAction":[{"@type":"SearchAction","target":{"@type":"EntryPoint","urlTemplate":"https:\/\/mhcalculos.com.br\/noticias\/?s={search_term_string}"},"query-input":{"@type":"PropertyValueSpecification","valueRequired":true,"valueName":"search_term_string"}}],"inLanguage":"pt-BR"},{"@type":"Person","@id":"https:\/\/mhcalculos.com.br\/noticias\/#\/schema\/person\/88d1c34bf72dc779ea14a5a6b8e0ae8d","name":"Equipe MH","image":{"@type":"ImageObject","inLanguage":"pt-BR","@id":"https:\/\/secure.gravatar.com\/avatar\/de1c686c2ecc9c5a3f327e3431d819eb39f8f05d4e1045f5a1caad6daaba987f?s=96&d=mm&r=g","url":"https:\/\/secure.gravatar.com\/avatar\/de1c686c2ecc9c5a3f327e3431d819eb39f8f05d4e1045f5a1caad6daaba987f?s=96&d=mm&r=g","contentUrl":"https:\/\/secure.gravatar.com\/avatar\/de1c686c2ecc9c5a3f327e3431d819eb39f8f05d4e1045f5a1caad6daaba987f?s=96&d=mm&r=g","caption":"Equipe MH"}}]}},"_links":{"self":[{"href":"https:\/\/mhcalculos.com.br\/noticias\/wp-json\/wp\/v2\/posts\/6493","targetHints":{"allow":["GET"]}}],"collection":[{"href":"https:\/\/mhcalculos.com.br\/noticias\/wp-json\/wp\/v2\/posts"}],"about":[{"href":"https:\/\/mhcalculos.com.br\/noticias\/wp-json\/wp\/v2\/types\/post"}],"author":[{"embeddable":true,"href":"https:\/\/mhcalculos.com.br\/noticias\/wp-json\/wp\/v2\/users\/3063"}],"replies":[{"embeddable":true,"href":"https:\/\/mhcalculos.com.br\/noticias\/wp-json\/wp\/v2\/comments?post=6493"}],"version-history":[{"count":1,"href":"https:\/\/mhcalculos.com.br\/noticias\/wp-json\/wp\/v2\/posts\/6493\/revisions"}],"predecessor-version":[{"id":6512,"href":"https:\/\/mhcalculos.com.br\/noticias\/wp-json\/wp\/v2\/posts\/6493\/revisions\/6512"}],"wp:featuredmedia":[{"embeddable":true,"href":"https:\/\/mhcalculos.com.br\/noticias\/wp-json\/wp\/v2\/media\/1924"}],"wp:attachment":[{"href":"https:\/\/mhcalculos.com.br\/noticias\/wp-json\/wp\/v2\/media?parent=6493"}],"wp:term":[{"taxonomy":"category","embeddable":true,"href":"https:\/\/mhcalculos.com.br\/noticias\/wp-json\/wp\/v2\/categories?post=6493"},{"taxonomy":"post_tag","embeddable":true,"href":"https:\/\/mhcalculos.com.br\/noticias\/wp-json\/wp\/v2\/tags?post=6493"}],"curies":[{"name":"wp","href":"https:\/\/api.w.org\/{rel}","templated":true}]}}