{"id":6483,"date":"2020-01-07T16:18:00","date_gmt":"2020-01-07T19:18:00","guid":{"rendered":"https:\/\/mhcalculos.com.br\/noticias\/2020\/01\/07\/tst-acao-de-servidor-de-cartorio-deve-ser-julgada-pela-justica-comum-de-sp\/"},"modified":"2021-07-28T14:30:29","modified_gmt":"2021-07-28T17:30:29","slug":"tst-acao-de-servidor-de-cartorio-deve-ser-julgada-pela-justica-comum-de-sp","status":"publish","type":"post","link":"https:\/\/mhcalculos.com.br\/noticias\/area\/trabalhista\/tst-acao-de-servidor-de-cartorio-deve-ser-julgada-pela-justica-comum-de-sp.html","title":{"rendered":"TST: A\u00e7\u00e3o de servidor de cart\u00f3rio deve ser julgada pela Justi\u00e7a Comum de SP"},"content":{"rendered":"<p><br \/>\n  <\/p>\n<p ><em>Ele foi admitido sem concurso antes da Constitui\u00e7\u00e3o da Rep\u00fablica de 1988.<\/em><\/p>\n<p >07\/01\/20 &#8211; A Subse\u00e7\u00e3o II Especializada em Diss\u00eddios Individuais (SDI-2) do Tribunal Superior do Trabalho determinou a remessa \u00e0 Justi\u00e7a Estadual de a\u00e7\u00e3o ajuizada por um servidor do 26\u00ba Tabelionato de Notas de S\u00e3o Paulo admitido sob o regime estatut\u00e1rio, sem concurso p\u00fablico, antes da promulga\u00e7\u00e3o da Constitui\u00e7\u00e3o da Rep\u00fablica de 1988. Segundo o colegiado, ainda que a pretens\u00e3o se referisse a direitos trabalhistas, a quest\u00e3o de fundo diz respeito a v\u00ednculo jur\u00eddico-administrativo entre o servidor p\u00fablico e a administra\u00e7\u00e3o, o que afasta a compet\u00eancia da Justi\u00e7a do Trabalho.<\/p>\n<p ><strong>V\u00ednculo de emprego<\/strong><\/p>\n<p >Aposentado desde 2014 pelo Instituto de Previd\u00eancia do Estado de S\u00e3o Paulo (Ipesp), o serventu\u00e1rio havia sido admitido em 1983 como auxiliar e depois promovido a escrevente. Na reclama\u00e7\u00e3o trabalhista, ele pretendia que fosse declarada a nulidade da rela\u00e7\u00e3o estatut\u00e1ria e reconhecido o v\u00ednculo de emprego sob o regime da CLT.<\/p>\n<p >O Tribunal Regional do Trabalho da 2\u00aa Regi\u00e3o reconheceu a exist\u00eancia de rela\u00e7\u00e3o de emprego, com o entendimento de que o escrevente n\u00e3o teria ingressado no tabelionato mediante concurso. Com isso, o cart\u00f3rio foi condenado a anotar a carteira de trabalho e a pagar diversas parcelas decorrentes.<\/p>\n<p ><strong>A\u00e7\u00e3o rescis\u00f3ria<\/strong><\/p>\n<p >Ap\u00f3s o esgotamento das possibilidades de recurso (tr\u00e2nsito em julgado), o tabeli\u00e3o ajuizou a\u00e7\u00e3o rescis\u00f3ria, a fim de anular a condena\u00e7\u00e3o. O argumento foi que a senten\u00e7a fora proferida por ju\u00edzo absolutamente incompetente. O valor apurado no processo atingia R$ 468 mil at\u00e9 2010. A a\u00e7\u00e3o, no entanto, foi julgada improcedente pelo TRT.<\/p>\n<p ><strong>Regime jur\u00eddico<\/strong><\/p>\n<p >No julgamento do recurso ordin\u00e1rio, a SDI-2 observou que o servidor fora admitido como estatut\u00e1rio em 1983 \u2013 antes, portanto, da promulga\u00e7\u00e3o da Constitui\u00e7\u00e3o da Rep\u00fablica de 1988 \u2013 e n\u00e3o havia optado pela migra\u00e7\u00e3o para o regime celetista no prazo facultado pela Lei 8.935\/1994 em rela\u00e7\u00e3o aos serventu\u00e1rios de cart\u00f3rio admitidos nessa situa\u00e7\u00e3o. Outro aspecto considerado foi que ele se aposentou pelo Ipesp, e n\u00e3o pelo INSS, como fazem os celetistas. Segundo o relator, ministro Douglas Alencar, essas circunst\u00e2ncias caracterizam o v\u00ednculo estatut\u00e1rio.\u201cQuando a quest\u00e3o de fundo diz respeito ao v\u00ednculo jur\u00eddico-administrativo entre o servidor p\u00fablico e a administra\u00e7\u00e3o, a compet\u00eancia para analisar a controv\u00e9rsia recai sobre a Justi\u00e7a Comum\u201d, concluiu.<\/p>\n<p >A decis\u00e3o foi un\u00e2nime.<\/p>\n<p >(GL\/CF)<\/p>\n<p >Processo: <a href=\"http:\/\/aplicacao5.tst.jus.br\/consultaProcessual\/resumoForm.do?consulta=1&amp;numeroInt=122684&amp;anoInt=2014\" target=\"_blank\" rel=\"noopener noreferrer\">RO-6372-66.2012.5.02.0000<\/a><\/p>\n<p> A Subse\u00e7\u00e3o II Especializada em Diss\u00eddios Individuais \u00e9 formada por 10 ministros, com quorum m\u00ednimo de seis ministros. Entre as atribui\u00e7\u00f5es da SDI-2 est\u00e1 o julgamento de a\u00e7\u00f5es rescis\u00f3rias, mandados de seguran\u00e7a, a\u00e7\u00f5es cautelares, habeas corpus, conflitos de compet\u00eancia, recursos ordin\u00e1rios e agravos de instrumento. <strong>Esta mat\u00e9ria tem car\u00e1ter informativo, sem cunho oficial.<br \/> Permitida a reprodu\u00e7\u00e3o mediante cita\u00e7\u00e3o da fonte.<br \/> Secretaria de Comunica\u00e7\u00e3o Social<br \/> <a href=\"http:\/\/www.tst.jus.br\/\" target=\"_blank\" rel=\"noopener noreferrer\">Tribunal Superior do Trabalho<\/a><br \/> Tel. (61) 3043-4907<br \/> <a href=\"mailto:secom@tst.jus.br\" >secom@tst.jus.br<\/a><\/strong>       <\/br><br \/>\n<br \/><i>Com informa\u00e7\u00f5es da assessoria de imprensa do TST.<\/i><br \/>\n<br \/><a href=\"http:\/\/www.tst.jus.br\/web\/guest\/noticias?p_p_id=89Dk&#038;p_p_lifecycle=0&#038;refererPlid=10730&#038;_89Dk_struts_action=%2Fjournal_content%2Fview&#038;_89Dk_groupId=10157&#038;_89Dk_articleId=25069534\">Fonte<\/a><br \/>\n<br \/><\/p>\n","protected":false},"excerpt":{"rendered":"<p>Ele foi admitido sem concurso antes da Constitui\u00e7\u00e3o da Rep\u00fablica de 1988. 07\/01\/20 &#8211; A Subse\u00e7\u00e3o II Especializada em Diss\u00eddios Individuais (SDI-2) do Tribunal Superior do Trabalho determinou a remessa \u00e0 Justi\u00e7a Estadual de a\u00e7\u00e3o ajuizada por um servidor do 26\u00ba Tabelionato de Notas de S\u00e3o Paulo admitido sob o regime estatut\u00e1rio, sem concurso p\u00fablico, [&hellip;]<\/p>\n","protected":false},"author":3063,"featured_media":2108,"comment_status":"open","ping_status":"open","sticky":false,"template":"","format":"standard","meta":{"footnotes":""},"categories":[3,21],"tags":[33,216,9,12,217,215],"class_list":{"0":"post-6483","1":"post","2":"type-post","3":"status-publish","4":"format-standard","5":"has-post-thumbnail","7":"category-trabalhista","8":"category-tst","9":"tag-calculos-trabalhistas","10":"tag-direito-trabalhista","11":"tag-pericia","12":"tag-perito","13":"tag-trabalho","14":"tag-tst"},"yoast_head":"<!-- This site is optimized with the Yoast SEO plugin v27.2 - https:\/\/yoast.com\/product\/yoast-seo-wordpress\/ -->\n<title>TST: A\u00e7\u00e3o de servidor de cart\u00f3rio deve ser julgada pela Justi\u00e7a Comum de SP | Portal de Not\u00edcias<\/title>\n<meta name=\"robots\" content=\"index, follow, max-snippet:-1, max-image-preview:large, max-video-preview:-1\" \/>\n<link rel=\"canonical\" href=\"https:\/\/mhcalculos.com.br\/noticias\/area\/trabalhista\/tst-acao-de-servidor-de-cartorio-deve-ser-julgada-pela-justica-comum-de-sp.html\" \/>\n<meta property=\"og:locale\" content=\"pt_BR\" \/>\n<meta property=\"og:type\" content=\"article\" \/>\n<meta property=\"og:title\" content=\"TST: A\u00e7\u00e3o de servidor de cart\u00f3rio deve ser julgada pela Justi\u00e7a Comum de SP | Portal de Not\u00edcias\" \/>\n<meta property=\"og:description\" content=\"Ele foi admitido sem concurso antes da Constitui\u00e7\u00e3o da Rep\u00fablica de 1988. 07\/01\/20 &#8211; A Subse\u00e7\u00e3o II Especializada em Diss\u00eddios Individuais (SDI-2) do Tribunal Superior do Trabalho determinou a remessa \u00e0 Justi\u00e7a Estadual de a\u00e7\u00e3o ajuizada por um servidor do 26\u00ba Tabelionato de Notas de S\u00e3o Paulo admitido sob o regime estatut\u00e1rio, sem concurso p\u00fablico, [&hellip;]\" \/>\n<meta property=\"og:url\" content=\"https:\/\/mhcalculos.com.br\/noticias\/area\/trabalhista\/tst-acao-de-servidor-de-cartorio-deve-ser-julgada-pela-justica-comum-de-sp.html\" \/>\n<meta property=\"og:site_name\" content=\"Portal de Not\u00edcias\" \/>\n<meta property=\"article:published_time\" content=\"2020-01-07T19:18:00+00:00\" \/>\n<meta property=\"article:modified_time\" content=\"2021-07-28T17:30:29+00:00\" \/>\n<meta property=\"og:image\" content=\"https:\/\/mhcalculos.com.br\/noticias\/wp-content\/uploads\/sites\/2\/2018\/06\/judiciario-0003.jpg\" \/>\n\t<meta property=\"og:image:width\" content=\"2000\" \/>\n\t<meta property=\"og:image:height\" content=\"800\" \/>\n\t<meta property=\"og:image:type\" content=\"image\/jpeg\" \/>\n<meta name=\"author\" content=\"Equipe MH\" \/>\n<meta name=\"twitter:card\" content=\"summary_large_image\" \/>\n<meta name=\"twitter:label1\" content=\"Escrito por\" \/>\n\t<meta name=\"twitter:data1\" content=\"Equipe MH\" \/>\n\t<meta name=\"twitter:label2\" content=\"Est. tempo de leitura\" \/>\n\t<meta name=\"twitter:data2\" content=\"3 minutos\" \/>\n<script type=\"application\/ld+json\" class=\"yoast-schema-graph\">{\"@context\":\"https:\/\/schema.org\",\"@graph\":[{\"@type\":\"Article\",\"@id\":\"https:\/\/mhcalculos.com.br\/noticias\/area\/trabalhista\/tst-acao-de-servidor-de-cartorio-deve-ser-julgada-pela-justica-comum-de-sp.html#article\",\"isPartOf\":{\"@id\":\"https:\/\/mhcalculos.com.br\/noticias\/area\/trabalhista\/tst-acao-de-servidor-de-cartorio-deve-ser-julgada-pela-justica-comum-de-sp.html\"},\"author\":{\"name\":\"Equipe MH\",\"@id\":\"https:\/\/mhcalculos.com.br\/noticias\/#\/schema\/person\/88d1c34bf72dc779ea14a5a6b8e0ae8d\"},\"headline\":\"TST: A\u00e7\u00e3o de servidor de cart\u00f3rio deve ser julgada pela Justi\u00e7a Comum de SP\",\"datePublished\":\"2020-01-07T19:18:00+00:00\",\"dateModified\":\"2021-07-28T17:30:29+00:00\",\"mainEntityOfPage\":{\"@id\":\"https:\/\/mhcalculos.com.br\/noticias\/area\/trabalhista\/tst-acao-de-servidor-de-cartorio-deve-ser-julgada-pela-justica-comum-de-sp.html\"},\"wordCount\":552,\"commentCount\":0,\"image\":{\"@id\":\"https:\/\/mhcalculos.com.br\/noticias\/area\/trabalhista\/tst-acao-de-servidor-de-cartorio-deve-ser-julgada-pela-justica-comum-de-sp.html#primaryimage\"},\"thumbnailUrl\":\"https:\/\/mhcalculos.com.br\/noticias\/wp-content\/uploads\/sites\/2\/2018\/06\/judiciario-0003.jpg\",\"keywords\":[\"c\u00e1lculos trabalhistas\",\"direito trabalhista\",\"per\u00edcia\",\"perito\",\"trabalho\",\"TST\"],\"articleSection\":[\"Direito Trabalhista\",\"TST\"],\"inLanguage\":\"pt-BR\",\"potentialAction\":[{\"@type\":\"CommentAction\",\"name\":\"Comment\",\"target\":[\"https:\/\/mhcalculos.com.br\/noticias\/area\/trabalhista\/tst-acao-de-servidor-de-cartorio-deve-ser-julgada-pela-justica-comum-de-sp.html#respond\"]}]},{\"@type\":\"WebPage\",\"@id\":\"https:\/\/mhcalculos.com.br\/noticias\/area\/trabalhista\/tst-acao-de-servidor-de-cartorio-deve-ser-julgada-pela-justica-comum-de-sp.html\",\"url\":\"https:\/\/mhcalculos.com.br\/noticias\/area\/trabalhista\/tst-acao-de-servidor-de-cartorio-deve-ser-julgada-pela-justica-comum-de-sp.html\",\"name\":\"TST: A\u00e7\u00e3o de servidor de cart\u00f3rio deve ser julgada pela Justi\u00e7a Comum de SP | Portal de Not\u00edcias\",\"isPartOf\":{\"@id\":\"https:\/\/mhcalculos.com.br\/noticias\/#website\"},\"primaryImageOfPage\":{\"@id\":\"https:\/\/mhcalculos.com.br\/noticias\/area\/trabalhista\/tst-acao-de-servidor-de-cartorio-deve-ser-julgada-pela-justica-comum-de-sp.html#primaryimage\"},\"image\":{\"@id\":\"https:\/\/mhcalculos.com.br\/noticias\/area\/trabalhista\/tst-acao-de-servidor-de-cartorio-deve-ser-julgada-pela-justica-comum-de-sp.html#primaryimage\"},\"thumbnailUrl\":\"https:\/\/mhcalculos.com.br\/noticias\/wp-content\/uploads\/sites\/2\/2018\/06\/judiciario-0003.jpg\",\"datePublished\":\"2020-01-07T19:18:00+00:00\",\"dateModified\":\"2021-07-28T17:30:29+00:00\",\"author\":{\"@id\":\"https:\/\/mhcalculos.com.br\/noticias\/#\/schema\/person\/88d1c34bf72dc779ea14a5a6b8e0ae8d\"},\"breadcrumb\":{\"@id\":\"https:\/\/mhcalculos.com.br\/noticias\/area\/trabalhista\/tst-acao-de-servidor-de-cartorio-deve-ser-julgada-pela-justica-comum-de-sp.html#breadcrumb\"},\"inLanguage\":\"pt-BR\",\"potentialAction\":[{\"@type\":\"ReadAction\",\"target\":[\"https:\/\/mhcalculos.com.br\/noticias\/area\/trabalhista\/tst-acao-de-servidor-de-cartorio-deve-ser-julgada-pela-justica-comum-de-sp.html\"]}]},{\"@type\":\"ImageObject\",\"inLanguage\":\"pt-BR\",\"@id\":\"https:\/\/mhcalculos.com.br\/noticias\/area\/trabalhista\/tst-acao-de-servidor-de-cartorio-deve-ser-julgada-pela-justica-comum-de-sp.html#primaryimage\",\"url\":\"https:\/\/mhcalculos.com.br\/noticias\/wp-content\/uploads\/sites\/2\/2018\/06\/judiciario-0003.jpg\",\"contentUrl\":\"https:\/\/mhcalculos.com.br\/noticias\/wp-content\/uploads\/sites\/2\/2018\/06\/judiciario-0003.jpg\",\"width\":2000,\"height\":800},{\"@type\":\"BreadcrumbList\",\"@id\":\"https:\/\/mhcalculos.com.br\/noticias\/area\/trabalhista\/tst-acao-de-servidor-de-cartorio-deve-ser-julgada-pela-justica-comum-de-sp.html#breadcrumb\",\"itemListElement\":[{\"@type\":\"ListItem\",\"position\":1,\"name\":\"In\u00edcio\",\"item\":\"https:\/\/mhcalculos.com.br\/noticias\/\"},{\"@type\":\"ListItem\",\"position\":2,\"name\":\"TST: A\u00e7\u00e3o de servidor de cart\u00f3rio deve ser julgada pela Justi\u00e7a Comum de SP\"}]},{\"@type\":\"WebSite\",\"@id\":\"https:\/\/mhcalculos.com.br\/noticias\/#website\",\"url\":\"https:\/\/mhcalculos.com.br\/noticias\/\",\"name\":\"Portal de Not\u00edcias\",\"description\":\"Not\u00edcias e Jurisprud\u00eancia\",\"potentialAction\":[{\"@type\":\"SearchAction\",\"target\":{\"@type\":\"EntryPoint\",\"urlTemplate\":\"https:\/\/mhcalculos.com.br\/noticias\/?s={search_term_string}\"},\"query-input\":{\"@type\":\"PropertyValueSpecification\",\"valueRequired\":true,\"valueName\":\"search_term_string\"}}],\"inLanguage\":\"pt-BR\"},{\"@type\":\"Person\",\"@id\":\"https:\/\/mhcalculos.com.br\/noticias\/#\/schema\/person\/88d1c34bf72dc779ea14a5a6b8e0ae8d\",\"name\":\"Equipe MH\",\"image\":{\"@type\":\"ImageObject\",\"inLanguage\":\"pt-BR\",\"@id\":\"https:\/\/secure.gravatar.com\/avatar\/de1c686c2ecc9c5a3f327e3431d819eb39f8f05d4e1045f5a1caad6daaba987f?s=96&d=mm&r=g\",\"url\":\"https:\/\/secure.gravatar.com\/avatar\/de1c686c2ecc9c5a3f327e3431d819eb39f8f05d4e1045f5a1caad6daaba987f?s=96&d=mm&r=g\",\"contentUrl\":\"https:\/\/secure.gravatar.com\/avatar\/de1c686c2ecc9c5a3f327e3431d819eb39f8f05d4e1045f5a1caad6daaba987f?s=96&d=mm&r=g\",\"caption\":\"Equipe MH\"}}]}<\/script>\n<!-- \/ Yoast SEO plugin. -->","yoast_head_json":{"title":"TST: A\u00e7\u00e3o de servidor de cart\u00f3rio deve ser julgada pela Justi\u00e7a Comum de SP | Portal de Not\u00edcias","robots":{"index":"index","follow":"follow","max-snippet":"max-snippet:-1","max-image-preview":"max-image-preview:large","max-video-preview":"max-video-preview:-1"},"canonical":"https:\/\/mhcalculos.com.br\/noticias\/area\/trabalhista\/tst-acao-de-servidor-de-cartorio-deve-ser-julgada-pela-justica-comum-de-sp.html","og_locale":"pt_BR","og_type":"article","og_title":"TST: A\u00e7\u00e3o de servidor de cart\u00f3rio deve ser julgada pela Justi\u00e7a Comum de SP | Portal de Not\u00edcias","og_description":"Ele foi admitido sem concurso antes da Constitui\u00e7\u00e3o da Rep\u00fablica de 1988. 07\/01\/20 &#8211; A Subse\u00e7\u00e3o II Especializada em Diss\u00eddios Individuais (SDI-2) do Tribunal Superior do Trabalho determinou a remessa \u00e0 Justi\u00e7a Estadual de a\u00e7\u00e3o ajuizada por um servidor do 26\u00ba Tabelionato de Notas de S\u00e3o Paulo admitido sob o regime estatut\u00e1rio, sem concurso p\u00fablico, [&hellip;]","og_url":"https:\/\/mhcalculos.com.br\/noticias\/area\/trabalhista\/tst-acao-de-servidor-de-cartorio-deve-ser-julgada-pela-justica-comum-de-sp.html","og_site_name":"Portal de Not\u00edcias","article_published_time":"2020-01-07T19:18:00+00:00","article_modified_time":"2021-07-28T17:30:29+00:00","og_image":[{"width":2000,"height":800,"url":"https:\/\/mhcalculos.com.br\/noticias\/wp-content\/uploads\/sites\/2\/2018\/06\/judiciario-0003.jpg","type":"image\/jpeg"}],"author":"Equipe MH","twitter_card":"summary_large_image","twitter_misc":{"Escrito por":"Equipe MH","Est. tempo de leitura":"3 minutos"},"schema":{"@context":"https:\/\/schema.org","@graph":[{"@type":"Article","@id":"https:\/\/mhcalculos.com.br\/noticias\/area\/trabalhista\/tst-acao-de-servidor-de-cartorio-deve-ser-julgada-pela-justica-comum-de-sp.html#article","isPartOf":{"@id":"https:\/\/mhcalculos.com.br\/noticias\/area\/trabalhista\/tst-acao-de-servidor-de-cartorio-deve-ser-julgada-pela-justica-comum-de-sp.html"},"author":{"name":"Equipe MH","@id":"https:\/\/mhcalculos.com.br\/noticias\/#\/schema\/person\/88d1c34bf72dc779ea14a5a6b8e0ae8d"},"headline":"TST: A\u00e7\u00e3o de servidor de cart\u00f3rio deve ser julgada pela Justi\u00e7a Comum de SP","datePublished":"2020-01-07T19:18:00+00:00","dateModified":"2021-07-28T17:30:29+00:00","mainEntityOfPage":{"@id":"https:\/\/mhcalculos.com.br\/noticias\/area\/trabalhista\/tst-acao-de-servidor-de-cartorio-deve-ser-julgada-pela-justica-comum-de-sp.html"},"wordCount":552,"commentCount":0,"image":{"@id":"https:\/\/mhcalculos.com.br\/noticias\/area\/trabalhista\/tst-acao-de-servidor-de-cartorio-deve-ser-julgada-pela-justica-comum-de-sp.html#primaryimage"},"thumbnailUrl":"https:\/\/mhcalculos.com.br\/noticias\/wp-content\/uploads\/sites\/2\/2018\/06\/judiciario-0003.jpg","keywords":["c\u00e1lculos trabalhistas","direito trabalhista","per\u00edcia","perito","trabalho","TST"],"articleSection":["Direito Trabalhista","TST"],"inLanguage":"pt-BR","potentialAction":[{"@type":"CommentAction","name":"Comment","target":["https:\/\/mhcalculos.com.br\/noticias\/area\/trabalhista\/tst-acao-de-servidor-de-cartorio-deve-ser-julgada-pela-justica-comum-de-sp.html#respond"]}]},{"@type":"WebPage","@id":"https:\/\/mhcalculos.com.br\/noticias\/area\/trabalhista\/tst-acao-de-servidor-de-cartorio-deve-ser-julgada-pela-justica-comum-de-sp.html","url":"https:\/\/mhcalculos.com.br\/noticias\/area\/trabalhista\/tst-acao-de-servidor-de-cartorio-deve-ser-julgada-pela-justica-comum-de-sp.html","name":"TST: A\u00e7\u00e3o de servidor de cart\u00f3rio deve ser julgada pela Justi\u00e7a Comum de SP | Portal de Not\u00edcias","isPartOf":{"@id":"https:\/\/mhcalculos.com.br\/noticias\/#website"},"primaryImageOfPage":{"@id":"https:\/\/mhcalculos.com.br\/noticias\/area\/trabalhista\/tst-acao-de-servidor-de-cartorio-deve-ser-julgada-pela-justica-comum-de-sp.html#primaryimage"},"image":{"@id":"https:\/\/mhcalculos.com.br\/noticias\/area\/trabalhista\/tst-acao-de-servidor-de-cartorio-deve-ser-julgada-pela-justica-comum-de-sp.html#primaryimage"},"thumbnailUrl":"https:\/\/mhcalculos.com.br\/noticias\/wp-content\/uploads\/sites\/2\/2018\/06\/judiciario-0003.jpg","datePublished":"2020-01-07T19:18:00+00:00","dateModified":"2021-07-28T17:30:29+00:00","author":{"@id":"https:\/\/mhcalculos.com.br\/noticias\/#\/schema\/person\/88d1c34bf72dc779ea14a5a6b8e0ae8d"},"breadcrumb":{"@id":"https:\/\/mhcalculos.com.br\/noticias\/area\/trabalhista\/tst-acao-de-servidor-de-cartorio-deve-ser-julgada-pela-justica-comum-de-sp.html#breadcrumb"},"inLanguage":"pt-BR","potentialAction":[{"@type":"ReadAction","target":["https:\/\/mhcalculos.com.br\/noticias\/area\/trabalhista\/tst-acao-de-servidor-de-cartorio-deve-ser-julgada-pela-justica-comum-de-sp.html"]}]},{"@type":"ImageObject","inLanguage":"pt-BR","@id":"https:\/\/mhcalculos.com.br\/noticias\/area\/trabalhista\/tst-acao-de-servidor-de-cartorio-deve-ser-julgada-pela-justica-comum-de-sp.html#primaryimage","url":"https:\/\/mhcalculos.com.br\/noticias\/wp-content\/uploads\/sites\/2\/2018\/06\/judiciario-0003.jpg","contentUrl":"https:\/\/mhcalculos.com.br\/noticias\/wp-content\/uploads\/sites\/2\/2018\/06\/judiciario-0003.jpg","width":2000,"height":800},{"@type":"BreadcrumbList","@id":"https:\/\/mhcalculos.com.br\/noticias\/area\/trabalhista\/tst-acao-de-servidor-de-cartorio-deve-ser-julgada-pela-justica-comum-de-sp.html#breadcrumb","itemListElement":[{"@type":"ListItem","position":1,"name":"In\u00edcio","item":"https:\/\/mhcalculos.com.br\/noticias\/"},{"@type":"ListItem","position":2,"name":"TST: A\u00e7\u00e3o de servidor de cart\u00f3rio deve ser julgada pela Justi\u00e7a Comum de SP"}]},{"@type":"WebSite","@id":"https:\/\/mhcalculos.com.br\/noticias\/#website","url":"https:\/\/mhcalculos.com.br\/noticias\/","name":"Portal de Not\u00edcias","description":"Not\u00edcias e Jurisprud\u00eancia","potentialAction":[{"@type":"SearchAction","target":{"@type":"EntryPoint","urlTemplate":"https:\/\/mhcalculos.com.br\/noticias\/?s={search_term_string}"},"query-input":{"@type":"PropertyValueSpecification","valueRequired":true,"valueName":"search_term_string"}}],"inLanguage":"pt-BR"},{"@type":"Person","@id":"https:\/\/mhcalculos.com.br\/noticias\/#\/schema\/person\/88d1c34bf72dc779ea14a5a6b8e0ae8d","name":"Equipe MH","image":{"@type":"ImageObject","inLanguage":"pt-BR","@id":"https:\/\/secure.gravatar.com\/avatar\/de1c686c2ecc9c5a3f327e3431d819eb39f8f05d4e1045f5a1caad6daaba987f?s=96&d=mm&r=g","url":"https:\/\/secure.gravatar.com\/avatar\/de1c686c2ecc9c5a3f327e3431d819eb39f8f05d4e1045f5a1caad6daaba987f?s=96&d=mm&r=g","contentUrl":"https:\/\/secure.gravatar.com\/avatar\/de1c686c2ecc9c5a3f327e3431d819eb39f8f05d4e1045f5a1caad6daaba987f?s=96&d=mm&r=g","caption":"Equipe MH"}}]}},"_links":{"self":[{"href":"https:\/\/mhcalculos.com.br\/noticias\/wp-json\/wp\/v2\/posts\/6483","targetHints":{"allow":["GET"]}}],"collection":[{"href":"https:\/\/mhcalculos.com.br\/noticias\/wp-json\/wp\/v2\/posts"}],"about":[{"href":"https:\/\/mhcalculos.com.br\/noticias\/wp-json\/wp\/v2\/types\/post"}],"author":[{"embeddable":true,"href":"https:\/\/mhcalculos.com.br\/noticias\/wp-json\/wp\/v2\/users\/3063"}],"replies":[{"embeddable":true,"href":"https:\/\/mhcalculos.com.br\/noticias\/wp-json\/wp\/v2\/comments?post=6483"}],"version-history":[{"count":1,"href":"https:\/\/mhcalculos.com.br\/noticias\/wp-json\/wp\/v2\/posts\/6483\/revisions"}],"predecessor-version":[{"id":9445,"href":"https:\/\/mhcalculos.com.br\/noticias\/wp-json\/wp\/v2\/posts\/6483\/revisions\/9445"}],"wp:featuredmedia":[{"embeddable":true,"href":"https:\/\/mhcalculos.com.br\/noticias\/wp-json\/wp\/v2\/media\/2108"}],"wp:attachment":[{"href":"https:\/\/mhcalculos.com.br\/noticias\/wp-json\/wp\/v2\/media?parent=6483"}],"wp:term":[{"taxonomy":"category","embeddable":true,"href":"https:\/\/mhcalculos.com.br\/noticias\/wp-json\/wp\/v2\/categories?post=6483"},{"taxonomy":"post_tag","embeddable":true,"href":"https:\/\/mhcalculos.com.br\/noticias\/wp-json\/wp\/v2\/tags?post=6483"}],"curies":[{"name":"wp","href":"https:\/\/api.w.org\/{rel}","templated":true}]}}