{"id":6467,"date":"2019-12-23T08:10:00","date_gmt":"2019-12-23T11:10:00","guid":{"rendered":"https:\/\/mhcalculos.com.br\/noticias\/2019\/12\/23\/tst-identificacao-de-grupo-economico-nao-afeta-personalidade-juridica-do-devedor-principal\/"},"modified":"2021-07-28T14:30:32","modified_gmt":"2021-07-28T17:30:32","slug":"tst-identificacao-de-grupo-economico-nao-afeta-personalidade-juridica-do-devedor-principal","status":"publish","type":"post","link":"https:\/\/mhcalculos.com.br\/noticias\/area\/trabalhista\/tst-identificacao-de-grupo-economico-nao-afeta-personalidade-juridica-do-devedor-principal.html","title":{"rendered":"TST: Identifica\u00e7\u00e3o de grupo econ\u00f4mico n\u00e3o afeta personalidade jur\u00eddica do devedor principal"},"content":{"rendered":"<p><br \/>\n  <\/p>\n<p ><em>\u00c9 desnecess\u00e1rio o incidente de desconsidera\u00e7\u00e3o da personalidade jur\u00eddica.<\/em><\/p>\n<p >23\/12\/19 &#8211; A S\u00e9tima Turma do Tribunal Superior do Trabalho decidiu que \u00e9 desnecess\u00e1rio a aplica\u00e7\u00e3o do incidente de desconsidera\u00e7\u00e3o da personalidade jur\u00eddica \u00e0 Alcana &#8211; Destilaria de \u00c1lcool de Nanuque S\/A para reconhecer a exist\u00eancia de grupo econ\u00f4mico e incluir na execu\u00e7\u00e3o de uma reclama\u00e7\u00e3o trabalhista a Rodovias das Colinas S.A. De acordo com os ministros, a instaura\u00e7\u00e3o do incidente n\u00e3o \u00e9 aplic\u00e1vel quando se trata de descoberta de grupo econ\u00f4mico, porque a pessoa jur\u00eddica executada e respons\u00e1vel direta pelo d\u00e9bito, Alcana Destilaria, continua h\u00edgida.<\/p>\n<p >Na inst\u00e2ncia ordin\u00e1ria, o Tribunal Regional do Trabalho da 3\u00aa Regi\u00e3o manteve decis\u00e3o do ju\u00edzo da Vara do Trabalho de Nanuque (MG) que havia condenado a Alcana a pagar FGTS, f\u00e9rias vencidas, saldo de sal\u00e1rio, horas extras e outros cr\u00e9ditos a um empregado rural.<\/p>\n<p >Com o t\u00e9rmino das possibilidades de recurso, iniciou-se a fase execu\u00e7\u00e3o da condena\u00e7\u00e3o. Nessa etapa, o ju\u00edzo inseriu a Rodovias das Colinas no processo, por ter identificado a exist\u00eancia de grupo econ\u00f4mico entre as empresas. Conforme o <a href=\"http:\/\/www.planalto.gov.br\/ccivil_03\/decreto-lei\/del5452.htm#art2\" target=\"_blank\" rel=\"noopener noreferrer\">artigo 2\u00ba<\/a>, par\u00e1grafo 2\u00ba, da CLT, nessa hip\u00f3tese, as entidades do grupo t\u00eam responsabilidade solid\u00e1ria pelo cumprimento da obriga\u00e7\u00e3o reconhecida em ju\u00edzo.<\/p>\n<p >A administradora de rodovias recorreu ao TST com o argumento de cerceamento de defesa, pois entendeu ter havido desconstitui\u00e7\u00e3o da personalidade jur\u00eddica da devedora principal para inclu\u00ed-la no processo.<\/p>\n<p ><strong>Transcend\u00eancia jur\u00eddica<\/strong><\/p>\n<p >No exame de admissibilidade, o relator, ministro Cl\u00e1udio Brand\u00e3o, afirmou que o recurso da Colinas n\u00e3o alcan\u00e7ou o requisito da transcend\u00eancia com rela\u00e7\u00e3o aos reflexos gerais de natureza econ\u00f4mica, pol\u00edtica, social ou jur\u00eddica (<a href=\"http:\/\/www.planalto.gov.br\/ccivil_03\/decreto-lei\/del5452.htm#art896\" target=\"_blank\" rel=\"noopener noreferrer\">artigo 896-A<\/a> da CLT). A transcend\u00eancia jur\u00eddica diz respeito \u00e0 interpreta\u00e7\u00e3o e \u00e0 aplica\u00e7\u00e3o de novas leis ou a altera\u00e7\u00f5es de lei preexistente. No entendimento da Turma, tamb\u00e9m \u00e9 relacionada \u00e0 prov\u00e1vel viola\u00e7\u00e3o de direitos e garantias constitucionais de especial relev\u00e2ncia.<\/p>\n<p ><strong>Desconsidera\u00e7\u00e3o da personalidade jur\u00eddica<\/strong><\/p>\n<p >Sobre a instaura\u00e7\u00e3o do incidente de desconsidera\u00e7\u00e3o da pessoa jur\u00eddica, o relator explicou que a medida \u00e9 desnecess\u00e1ria quando se trata do reconhecimento de grupo econ\u00f4mico e da consequente inclus\u00e3o de empresa dele componente no polo passivo da execu\u00e7\u00e3o. \u201cA pessoa jur\u00eddica executada continua h\u00edgida, e nada \u00e9 afetado quanto \u00e0 sua responsabilidade direta e principal\u201d, afirmou. \u201cApenas se ampliou o rol dos respons\u00e1veis pelo adimplemento da obriga\u00e7\u00e3o para alcan\u00e7ar a empresa que, como integrante do grupo, possa responder de forma solid\u00e1ria\u201d.<\/p>\n<p >A decis\u00e3o foi un\u00e2nime.<\/p>\n<p >(GS\/CF)<\/p>\n<p >Processo: <a href=\"http:\/\/aplicacao4.tst.jus.br\/consultaProcessual\/resumoForm.do?consulta=1&amp;numeroInt=19902&amp;anoInt=2017\" target=\"_blank\" rel=\"noopener noreferrer\">Ag-AIRR-856-80.2015.5.03.0146<\/a><\/p>\n<p> O TST possui oito Turmas, cada uma composta de tr\u00eas ministros, com a atribui\u00e7\u00e3o de analisar recursos de revista, agravos, agravos de instrumento, agravos regimentais e recursos ordin\u00e1rios em a\u00e7\u00e3o cautelar. Das decis\u00f5es das Turmas, a parte ainda pode, em alguns casos, recorrer \u00e0 Subse\u00e7\u00e3o I Especializada em Diss\u00eddios Individuais (SBDI-1). <strong>Esta mat\u00e9ria tem car\u00e1ter informativo.<br \/> Permitida a reprodu\u00e7\u00e3o mediante cita\u00e7\u00e3o da fonte.<br \/> Secretaria de Comunica\u00e7\u00e3o Social<br \/> <a href=\"http:\/\/www.tst.jus.br\/\">Tribunal Superior do Trabalho<\/a><br \/> Tel. (61) 3043-4907<br \/> <a href=\"mailto:secom@tst.jus.br\">secom@tst.jus.br<\/a><\/strong>       <\/br><br \/>\n<br \/><i>Com informa\u00e7\u00f5es da assessoria de imprensa do TST.<\/i><br \/>\n<br \/><a href=\"http:\/\/www.tst.jus.br\/web\/guest\/noticias?p_p_id=89Dk&#038;p_p_lifecycle=0&#038;refererPlid=10730&#038;_89Dk_struts_action=%2Fjournal_content%2Fview&#038;_89Dk_groupId=10157&#038;_89Dk_articleId=25067695\">Fonte<\/a><br \/>\n<br \/><\/p>\n","protected":false},"excerpt":{"rendered":"<p>\u00c9 desnecess\u00e1rio o incidente de desconsidera\u00e7\u00e3o da personalidade jur\u00eddica. 23\/12\/19 &#8211; A S\u00e9tima Turma do Tribunal Superior do Trabalho decidiu que \u00e9 desnecess\u00e1rio a aplica\u00e7\u00e3o do incidente de desconsidera\u00e7\u00e3o da personalidade jur\u00eddica \u00e0 Alcana &#8211; Destilaria de \u00c1lcool de Nanuque S\/A para reconhecer a exist\u00eancia de grupo econ\u00f4mico e incluir na execu\u00e7\u00e3o de uma reclama\u00e7\u00e3o [&hellip;]<\/p>\n","protected":false},"author":3063,"featured_media":2779,"comment_status":"open","ping_status":"open","sticky":false,"template":"","format":"standard","meta":{"footnotes":""},"categories":[3,21],"tags":[33,216,9,12,217,215],"class_list":{"0":"post-6467","1":"post","2":"type-post","3":"status-publish","4":"format-standard","5":"has-post-thumbnail","7":"category-trabalhista","8":"category-tst","9":"tag-calculos-trabalhistas","10":"tag-direito-trabalhista","11":"tag-pericia","12":"tag-perito","13":"tag-trabalho","14":"tag-tst"},"yoast_head":"<!-- This site is optimized with the Yoast SEO plugin v27.2 - https:\/\/yoast.com\/product\/yoast-seo-wordpress\/ -->\n<title>TST: Identifica\u00e7\u00e3o de grupo econ\u00f4mico n\u00e3o afeta personalidade jur\u00eddica do devedor principal | Portal de Not\u00edcias<\/title>\n<meta name=\"robots\" content=\"index, follow, max-snippet:-1, max-image-preview:large, max-video-preview:-1\" \/>\n<link rel=\"canonical\" href=\"https:\/\/mhcalculos.com.br\/noticias\/area\/trabalhista\/tst-identificacao-de-grupo-economico-nao-afeta-personalidade-juridica-do-devedor-principal.html\" \/>\n<meta property=\"og:locale\" content=\"pt_BR\" \/>\n<meta property=\"og:type\" content=\"article\" \/>\n<meta property=\"og:title\" content=\"TST: Identifica\u00e7\u00e3o de grupo econ\u00f4mico n\u00e3o afeta personalidade jur\u00eddica do devedor principal | Portal de Not\u00edcias\" \/>\n<meta property=\"og:description\" content=\"\u00c9 desnecess\u00e1rio o incidente de desconsidera\u00e7\u00e3o da personalidade jur\u00eddica. 23\/12\/19 &#8211; A S\u00e9tima Turma do Tribunal Superior do Trabalho decidiu que \u00e9 desnecess\u00e1rio a aplica\u00e7\u00e3o do incidente de desconsidera\u00e7\u00e3o da personalidade jur\u00eddica \u00e0 Alcana &#8211; Destilaria de \u00c1lcool de Nanuque S\/A para reconhecer a exist\u00eancia de grupo econ\u00f4mico e incluir na execu\u00e7\u00e3o de uma reclama\u00e7\u00e3o [&hellip;]\" \/>\n<meta property=\"og:url\" content=\"https:\/\/mhcalculos.com.br\/noticias\/area\/trabalhista\/tst-identificacao-de-grupo-economico-nao-afeta-personalidade-juridica-do-devedor-principal.html\" \/>\n<meta property=\"og:site_name\" content=\"Portal de Not\u00edcias\" \/>\n<meta property=\"article:published_time\" content=\"2019-12-23T11:10:00+00:00\" \/>\n<meta property=\"article:modified_time\" content=\"2021-07-28T17:30:32+00:00\" \/>\n<meta property=\"og:image\" content=\"https:\/\/mhcalculos.com.br\/noticias\/wp-content\/uploads\/sites\/2\/2018\/08\/judiciario-0009.jpg\" \/>\n\t<meta property=\"og:image:width\" content=\"2000\" \/>\n\t<meta property=\"og:image:height\" content=\"800\" \/>\n\t<meta property=\"og:image:type\" content=\"image\/jpeg\" \/>\n<meta name=\"author\" content=\"Equipe MH\" \/>\n<meta name=\"twitter:card\" content=\"summary_large_image\" \/>\n<meta name=\"twitter:label1\" content=\"Escrito por\" \/>\n\t<meta name=\"twitter:data1\" content=\"Equipe MH\" \/>\n\t<meta name=\"twitter:label2\" content=\"Est. tempo de leitura\" \/>\n\t<meta name=\"twitter:data2\" content=\"3 minutos\" \/>\n<script type=\"application\/ld+json\" class=\"yoast-schema-graph\">{\"@context\":\"https:\/\/schema.org\",\"@graph\":[{\"@type\":\"Article\",\"@id\":\"https:\/\/mhcalculos.com.br\/noticias\/area\/trabalhista\/tst-identificacao-de-grupo-economico-nao-afeta-personalidade-juridica-do-devedor-principal.html#article\",\"isPartOf\":{\"@id\":\"https:\/\/mhcalculos.com.br\/noticias\/area\/trabalhista\/tst-identificacao-de-grupo-economico-nao-afeta-personalidade-juridica-do-devedor-principal.html\"},\"author\":{\"name\":\"Equipe MH\",\"@id\":\"https:\/\/mhcalculos.com.br\/noticias\/#\/schema\/person\/88d1c34bf72dc779ea14a5a6b8e0ae8d\"},\"headline\":\"TST: Identifica\u00e7\u00e3o de grupo econ\u00f4mico n\u00e3o afeta personalidade jur\u00eddica do devedor principal\",\"datePublished\":\"2019-12-23T11:10:00+00:00\",\"dateModified\":\"2021-07-28T17:30:32+00:00\",\"mainEntityOfPage\":{\"@id\":\"https:\/\/mhcalculos.com.br\/noticias\/area\/trabalhista\/tst-identificacao-de-grupo-economico-nao-afeta-personalidade-juridica-do-devedor-principal.html\"},\"wordCount\":581,\"commentCount\":0,\"image\":{\"@id\":\"https:\/\/mhcalculos.com.br\/noticias\/area\/trabalhista\/tst-identificacao-de-grupo-economico-nao-afeta-personalidade-juridica-do-devedor-principal.html#primaryimage\"},\"thumbnailUrl\":\"https:\/\/mhcalculos.com.br\/noticias\/wp-content\/uploads\/sites\/2\/2018\/08\/judiciario-0009.jpg\",\"keywords\":[\"c\u00e1lculos trabalhistas\",\"direito trabalhista\",\"per\u00edcia\",\"perito\",\"trabalho\",\"TST\"],\"articleSection\":[\"Direito Trabalhista\",\"TST\"],\"inLanguage\":\"pt-BR\",\"potentialAction\":[{\"@type\":\"CommentAction\",\"name\":\"Comment\",\"target\":[\"https:\/\/mhcalculos.com.br\/noticias\/area\/trabalhista\/tst-identificacao-de-grupo-economico-nao-afeta-personalidade-juridica-do-devedor-principal.html#respond\"]}]},{\"@type\":\"WebPage\",\"@id\":\"https:\/\/mhcalculos.com.br\/noticias\/area\/trabalhista\/tst-identificacao-de-grupo-economico-nao-afeta-personalidade-juridica-do-devedor-principal.html\",\"url\":\"https:\/\/mhcalculos.com.br\/noticias\/area\/trabalhista\/tst-identificacao-de-grupo-economico-nao-afeta-personalidade-juridica-do-devedor-principal.html\",\"name\":\"TST: Identifica\u00e7\u00e3o de grupo econ\u00f4mico n\u00e3o afeta personalidade jur\u00eddica do devedor principal | Portal de Not\u00edcias\",\"isPartOf\":{\"@id\":\"https:\/\/mhcalculos.com.br\/noticias\/#website\"},\"primaryImageOfPage\":{\"@id\":\"https:\/\/mhcalculos.com.br\/noticias\/area\/trabalhista\/tst-identificacao-de-grupo-economico-nao-afeta-personalidade-juridica-do-devedor-principal.html#primaryimage\"},\"image\":{\"@id\":\"https:\/\/mhcalculos.com.br\/noticias\/area\/trabalhista\/tst-identificacao-de-grupo-economico-nao-afeta-personalidade-juridica-do-devedor-principal.html#primaryimage\"},\"thumbnailUrl\":\"https:\/\/mhcalculos.com.br\/noticias\/wp-content\/uploads\/sites\/2\/2018\/08\/judiciario-0009.jpg\",\"datePublished\":\"2019-12-23T11:10:00+00:00\",\"dateModified\":\"2021-07-28T17:30:32+00:00\",\"author\":{\"@id\":\"https:\/\/mhcalculos.com.br\/noticias\/#\/schema\/person\/88d1c34bf72dc779ea14a5a6b8e0ae8d\"},\"breadcrumb\":{\"@id\":\"https:\/\/mhcalculos.com.br\/noticias\/area\/trabalhista\/tst-identificacao-de-grupo-economico-nao-afeta-personalidade-juridica-do-devedor-principal.html#breadcrumb\"},\"inLanguage\":\"pt-BR\",\"potentialAction\":[{\"@type\":\"ReadAction\",\"target\":[\"https:\/\/mhcalculos.com.br\/noticias\/area\/trabalhista\/tst-identificacao-de-grupo-economico-nao-afeta-personalidade-juridica-do-devedor-principal.html\"]}]},{\"@type\":\"ImageObject\",\"inLanguage\":\"pt-BR\",\"@id\":\"https:\/\/mhcalculos.com.br\/noticias\/area\/trabalhista\/tst-identificacao-de-grupo-economico-nao-afeta-personalidade-juridica-do-devedor-principal.html#primaryimage\",\"url\":\"https:\/\/mhcalculos.com.br\/noticias\/wp-content\/uploads\/sites\/2\/2018\/08\/judiciario-0009.jpg\",\"contentUrl\":\"https:\/\/mhcalculos.com.br\/noticias\/wp-content\/uploads\/sites\/2\/2018\/08\/judiciario-0009.jpg\",\"width\":2000,\"height\":800},{\"@type\":\"BreadcrumbList\",\"@id\":\"https:\/\/mhcalculos.com.br\/noticias\/area\/trabalhista\/tst-identificacao-de-grupo-economico-nao-afeta-personalidade-juridica-do-devedor-principal.html#breadcrumb\",\"itemListElement\":[{\"@type\":\"ListItem\",\"position\":1,\"name\":\"In\u00edcio\",\"item\":\"https:\/\/mhcalculos.com.br\/noticias\/\"},{\"@type\":\"ListItem\",\"position\":2,\"name\":\"TST: Identifica\u00e7\u00e3o de grupo econ\u00f4mico n\u00e3o afeta personalidade jur\u00eddica do devedor principal\"}]},{\"@type\":\"WebSite\",\"@id\":\"https:\/\/mhcalculos.com.br\/noticias\/#website\",\"url\":\"https:\/\/mhcalculos.com.br\/noticias\/\",\"name\":\"Portal de Not\u00edcias\",\"description\":\"Not\u00edcias e Jurisprud\u00eancia\",\"potentialAction\":[{\"@type\":\"SearchAction\",\"target\":{\"@type\":\"EntryPoint\",\"urlTemplate\":\"https:\/\/mhcalculos.com.br\/noticias\/?s={search_term_string}\"},\"query-input\":{\"@type\":\"PropertyValueSpecification\",\"valueRequired\":true,\"valueName\":\"search_term_string\"}}],\"inLanguage\":\"pt-BR\"},{\"@type\":\"Person\",\"@id\":\"https:\/\/mhcalculos.com.br\/noticias\/#\/schema\/person\/88d1c34bf72dc779ea14a5a6b8e0ae8d\",\"name\":\"Equipe MH\",\"image\":{\"@type\":\"ImageObject\",\"inLanguage\":\"pt-BR\",\"@id\":\"https:\/\/secure.gravatar.com\/avatar\/de1c686c2ecc9c5a3f327e3431d819eb39f8f05d4e1045f5a1caad6daaba987f?s=96&d=mm&r=g\",\"url\":\"https:\/\/secure.gravatar.com\/avatar\/de1c686c2ecc9c5a3f327e3431d819eb39f8f05d4e1045f5a1caad6daaba987f?s=96&d=mm&r=g\",\"contentUrl\":\"https:\/\/secure.gravatar.com\/avatar\/de1c686c2ecc9c5a3f327e3431d819eb39f8f05d4e1045f5a1caad6daaba987f?s=96&d=mm&r=g\",\"caption\":\"Equipe MH\"}}]}<\/script>\n<!-- \/ Yoast SEO plugin. -->","yoast_head_json":{"title":"TST: Identifica\u00e7\u00e3o de grupo econ\u00f4mico n\u00e3o afeta personalidade jur\u00eddica do devedor principal | Portal de Not\u00edcias","robots":{"index":"index","follow":"follow","max-snippet":"max-snippet:-1","max-image-preview":"max-image-preview:large","max-video-preview":"max-video-preview:-1"},"canonical":"https:\/\/mhcalculos.com.br\/noticias\/area\/trabalhista\/tst-identificacao-de-grupo-economico-nao-afeta-personalidade-juridica-do-devedor-principal.html","og_locale":"pt_BR","og_type":"article","og_title":"TST: Identifica\u00e7\u00e3o de grupo econ\u00f4mico n\u00e3o afeta personalidade jur\u00eddica do devedor principal | Portal de Not\u00edcias","og_description":"\u00c9 desnecess\u00e1rio o incidente de desconsidera\u00e7\u00e3o da personalidade jur\u00eddica. 23\/12\/19 &#8211; A S\u00e9tima Turma do Tribunal Superior do Trabalho decidiu que \u00e9 desnecess\u00e1rio a aplica\u00e7\u00e3o do incidente de desconsidera\u00e7\u00e3o da personalidade jur\u00eddica \u00e0 Alcana &#8211; Destilaria de \u00c1lcool de Nanuque S\/A para reconhecer a exist\u00eancia de grupo econ\u00f4mico e incluir na execu\u00e7\u00e3o de uma reclama\u00e7\u00e3o [&hellip;]","og_url":"https:\/\/mhcalculos.com.br\/noticias\/area\/trabalhista\/tst-identificacao-de-grupo-economico-nao-afeta-personalidade-juridica-do-devedor-principal.html","og_site_name":"Portal de Not\u00edcias","article_published_time":"2019-12-23T11:10:00+00:00","article_modified_time":"2021-07-28T17:30:32+00:00","og_image":[{"width":2000,"height":800,"url":"https:\/\/mhcalculos.com.br\/noticias\/wp-content\/uploads\/sites\/2\/2018\/08\/judiciario-0009.jpg","type":"image\/jpeg"}],"author":"Equipe MH","twitter_card":"summary_large_image","twitter_misc":{"Escrito por":"Equipe MH","Est. tempo de leitura":"3 minutos"},"schema":{"@context":"https:\/\/schema.org","@graph":[{"@type":"Article","@id":"https:\/\/mhcalculos.com.br\/noticias\/area\/trabalhista\/tst-identificacao-de-grupo-economico-nao-afeta-personalidade-juridica-do-devedor-principal.html#article","isPartOf":{"@id":"https:\/\/mhcalculos.com.br\/noticias\/area\/trabalhista\/tst-identificacao-de-grupo-economico-nao-afeta-personalidade-juridica-do-devedor-principal.html"},"author":{"name":"Equipe MH","@id":"https:\/\/mhcalculos.com.br\/noticias\/#\/schema\/person\/88d1c34bf72dc779ea14a5a6b8e0ae8d"},"headline":"TST: Identifica\u00e7\u00e3o de grupo econ\u00f4mico n\u00e3o afeta personalidade jur\u00eddica do devedor principal","datePublished":"2019-12-23T11:10:00+00:00","dateModified":"2021-07-28T17:30:32+00:00","mainEntityOfPage":{"@id":"https:\/\/mhcalculos.com.br\/noticias\/area\/trabalhista\/tst-identificacao-de-grupo-economico-nao-afeta-personalidade-juridica-do-devedor-principal.html"},"wordCount":581,"commentCount":0,"image":{"@id":"https:\/\/mhcalculos.com.br\/noticias\/area\/trabalhista\/tst-identificacao-de-grupo-economico-nao-afeta-personalidade-juridica-do-devedor-principal.html#primaryimage"},"thumbnailUrl":"https:\/\/mhcalculos.com.br\/noticias\/wp-content\/uploads\/sites\/2\/2018\/08\/judiciario-0009.jpg","keywords":["c\u00e1lculos trabalhistas","direito trabalhista","per\u00edcia","perito","trabalho","TST"],"articleSection":["Direito Trabalhista","TST"],"inLanguage":"pt-BR","potentialAction":[{"@type":"CommentAction","name":"Comment","target":["https:\/\/mhcalculos.com.br\/noticias\/area\/trabalhista\/tst-identificacao-de-grupo-economico-nao-afeta-personalidade-juridica-do-devedor-principal.html#respond"]}]},{"@type":"WebPage","@id":"https:\/\/mhcalculos.com.br\/noticias\/area\/trabalhista\/tst-identificacao-de-grupo-economico-nao-afeta-personalidade-juridica-do-devedor-principal.html","url":"https:\/\/mhcalculos.com.br\/noticias\/area\/trabalhista\/tst-identificacao-de-grupo-economico-nao-afeta-personalidade-juridica-do-devedor-principal.html","name":"TST: Identifica\u00e7\u00e3o de grupo econ\u00f4mico n\u00e3o afeta personalidade jur\u00eddica do devedor principal | Portal de Not\u00edcias","isPartOf":{"@id":"https:\/\/mhcalculos.com.br\/noticias\/#website"},"primaryImageOfPage":{"@id":"https:\/\/mhcalculos.com.br\/noticias\/area\/trabalhista\/tst-identificacao-de-grupo-economico-nao-afeta-personalidade-juridica-do-devedor-principal.html#primaryimage"},"image":{"@id":"https:\/\/mhcalculos.com.br\/noticias\/area\/trabalhista\/tst-identificacao-de-grupo-economico-nao-afeta-personalidade-juridica-do-devedor-principal.html#primaryimage"},"thumbnailUrl":"https:\/\/mhcalculos.com.br\/noticias\/wp-content\/uploads\/sites\/2\/2018\/08\/judiciario-0009.jpg","datePublished":"2019-12-23T11:10:00+00:00","dateModified":"2021-07-28T17:30:32+00:00","author":{"@id":"https:\/\/mhcalculos.com.br\/noticias\/#\/schema\/person\/88d1c34bf72dc779ea14a5a6b8e0ae8d"},"breadcrumb":{"@id":"https:\/\/mhcalculos.com.br\/noticias\/area\/trabalhista\/tst-identificacao-de-grupo-economico-nao-afeta-personalidade-juridica-do-devedor-principal.html#breadcrumb"},"inLanguage":"pt-BR","potentialAction":[{"@type":"ReadAction","target":["https:\/\/mhcalculos.com.br\/noticias\/area\/trabalhista\/tst-identificacao-de-grupo-economico-nao-afeta-personalidade-juridica-do-devedor-principal.html"]}]},{"@type":"ImageObject","inLanguage":"pt-BR","@id":"https:\/\/mhcalculos.com.br\/noticias\/area\/trabalhista\/tst-identificacao-de-grupo-economico-nao-afeta-personalidade-juridica-do-devedor-principal.html#primaryimage","url":"https:\/\/mhcalculos.com.br\/noticias\/wp-content\/uploads\/sites\/2\/2018\/08\/judiciario-0009.jpg","contentUrl":"https:\/\/mhcalculos.com.br\/noticias\/wp-content\/uploads\/sites\/2\/2018\/08\/judiciario-0009.jpg","width":2000,"height":800},{"@type":"BreadcrumbList","@id":"https:\/\/mhcalculos.com.br\/noticias\/area\/trabalhista\/tst-identificacao-de-grupo-economico-nao-afeta-personalidade-juridica-do-devedor-principal.html#breadcrumb","itemListElement":[{"@type":"ListItem","position":1,"name":"In\u00edcio","item":"https:\/\/mhcalculos.com.br\/noticias\/"},{"@type":"ListItem","position":2,"name":"TST: Identifica\u00e7\u00e3o de grupo econ\u00f4mico n\u00e3o afeta personalidade jur\u00eddica do devedor principal"}]},{"@type":"WebSite","@id":"https:\/\/mhcalculos.com.br\/noticias\/#website","url":"https:\/\/mhcalculos.com.br\/noticias\/","name":"Portal de Not\u00edcias","description":"Not\u00edcias e Jurisprud\u00eancia","potentialAction":[{"@type":"SearchAction","target":{"@type":"EntryPoint","urlTemplate":"https:\/\/mhcalculos.com.br\/noticias\/?s={search_term_string}"},"query-input":{"@type":"PropertyValueSpecification","valueRequired":true,"valueName":"search_term_string"}}],"inLanguage":"pt-BR"},{"@type":"Person","@id":"https:\/\/mhcalculos.com.br\/noticias\/#\/schema\/person\/88d1c34bf72dc779ea14a5a6b8e0ae8d","name":"Equipe MH","image":{"@type":"ImageObject","inLanguage":"pt-BR","@id":"https:\/\/secure.gravatar.com\/avatar\/de1c686c2ecc9c5a3f327e3431d819eb39f8f05d4e1045f5a1caad6daaba987f?s=96&d=mm&r=g","url":"https:\/\/secure.gravatar.com\/avatar\/de1c686c2ecc9c5a3f327e3431d819eb39f8f05d4e1045f5a1caad6daaba987f?s=96&d=mm&r=g","contentUrl":"https:\/\/secure.gravatar.com\/avatar\/de1c686c2ecc9c5a3f327e3431d819eb39f8f05d4e1045f5a1caad6daaba987f?s=96&d=mm&r=g","caption":"Equipe MH"}}]}},"_links":{"self":[{"href":"https:\/\/mhcalculos.com.br\/noticias\/wp-json\/wp\/v2\/posts\/6467","targetHints":{"allow":["GET"]}}],"collection":[{"href":"https:\/\/mhcalculos.com.br\/noticias\/wp-json\/wp\/v2\/posts"}],"about":[{"href":"https:\/\/mhcalculos.com.br\/noticias\/wp-json\/wp\/v2\/types\/post"}],"author":[{"embeddable":true,"href":"https:\/\/mhcalculos.com.br\/noticias\/wp-json\/wp\/v2\/users\/3063"}],"replies":[{"embeddable":true,"href":"https:\/\/mhcalculos.com.br\/noticias\/wp-json\/wp\/v2\/comments?post=6467"}],"version-history":[{"count":1,"href":"https:\/\/mhcalculos.com.br\/noticias\/wp-json\/wp\/v2\/posts\/6467\/revisions"}],"predecessor-version":[{"id":9460,"href":"https:\/\/mhcalculos.com.br\/noticias\/wp-json\/wp\/v2\/posts\/6467\/revisions\/9460"}],"wp:featuredmedia":[{"embeddable":true,"href":"https:\/\/mhcalculos.com.br\/noticias\/wp-json\/wp\/v2\/media\/2779"}],"wp:attachment":[{"href":"https:\/\/mhcalculos.com.br\/noticias\/wp-json\/wp\/v2\/media?parent=6467"}],"wp:term":[{"taxonomy":"category","embeddable":true,"href":"https:\/\/mhcalculos.com.br\/noticias\/wp-json\/wp\/v2\/categories?post=6467"},{"taxonomy":"post_tag","embeddable":true,"href":"https:\/\/mhcalculos.com.br\/noticias\/wp-json\/wp\/v2\/tags?post=6467"}],"curies":[{"name":"wp","href":"https:\/\/api.w.org\/{rel}","templated":true}]}}