{"id":6461,"date":"2019-12-24T08:05:11","date_gmt":"2019-12-24T11:05:11","guid":{"rendered":"https:\/\/mhcalculos.com.br\/noticias\/2019\/12\/24\/trf3-uniao-adquire-edificio-sede-para-justica-federal-em-santo-andre\/"},"modified":"2021-07-28T14:30:31","modified_gmt":"2021-07-28T17:30:31","slug":"trf3-uniao-adquire-edificio-sede-para-justica-federal-em-santo-andre","status":"publish","type":"post","link":"https:\/\/mhcalculos.com.br\/noticias\/area\/previdenciario\/trf3-uniao-adquire-edificio-sede-para-justica-federal-em-santo-andre.html","title":{"rendered":"TRF3: UNI\u00c3O ADQUIRE EDIF\u00cdCIO-SEDE PARA JUSTI\u00c7A FEDERAL EM SANTO ANDR\u00c9"},"content":{"rendered":"\n<div class=\"mat\">\n<p><em>Im\u00f3vel onde est\u00e1 instalado o F\u00f3rum da Subse\u00e7\u00e3o Judici\u00e1ria passe a ser de propriedade da Uni\u00e3o<\/em><\/p>\n<p>Na presen\u00e7a da Presidente do Tribunal Regional Federal da 3.a Regi\u00e3o (TRF3), Desembargadora Federal Therezinha Cazerta, o Superintendente do Patrim\u00f4nio da Uni\u00e3o em S\u00e3o Paulo (SPU-SP), Eduardo Santos Barroso, reuniu-se, no dia 20 de dezembro, na sede do Tribunal, com a Diretora do Foro da Se\u00e7\u00e3o Judici\u00e1ria de S\u00e3o Paulo, Ju\u00edza Federal Luciana Ortiz, e representantes da empresa Senp Administra\u00e7\u00e3o de Bens Ltda., at\u00e9 ent\u00e3o propriet\u00e1ria do pr\u00e9dio, para formalizar a aquisi\u00e7\u00e3o, pela Uni\u00e3o, do pr\u00e9dio onde est\u00e1 instalada a Justi\u00e7a Federal de Santo Andr\u00e9.<\/p>\n<p>No encontro, a Uni\u00e3o Federal, por interm\u00e9dio da SPU e com a interveni\u00eancia da Justi\u00e7a Federal de Primeiro Grau em S\u00e3o Paulo, firmou contrato de compra e venda com for\u00e7a de escritura p\u00fablica do im\u00f3vel localizado na Av. Pereira Barreto, n.\u00ba 1.299, em Santo Andr\u00e9, destinando-o a abrigar a 26.\u00aa Subse\u00e7\u00e3o Judici\u00e1ria da Justi\u00e7a Federal da 3.\u00aa Regi\u00e3o.<\/p>\n<p>Estiveram presentes a Diretora da Subse\u00e7\u00e3o Judici\u00e1ria de Santo Andr\u00e9, Ju\u00edza Federal Audrey Gasparini; a Diretora da Secretaria Administrativa da Se\u00e7\u00e3o Judici\u00e1ria de S\u00e3o Paulo, Maria Helena de Almeida Santos; a Diretora do N\u00facleo de Administra\u00e7\u00e3o Predial e Gest\u00e3o de Servi\u00e7os da Justi\u00e7a Federal, Carla Moraes; o Assessor Jur\u00eddico da Diretoria-Geral do TRF3, Matheus Henrique de Paiva Carvalho; a Assistente da Se\u00e7\u00e3o de Processo e Controle Imobili\u00e1rio, Karla Santana Matos; e as representantes da Senp Administra\u00e7\u00e3o de Bens Ltda., D\u00e9borah Vutano S. Jacomini e Carina Takaesu Saez.<\/p>\n<p>A aquisi\u00e7\u00e3o do pr\u00e9dio, mediante destina\u00e7\u00e3o de or\u00e7amento da Uni\u00e3o autorizada pelo Congresso Nacional, por meio da Lei n.\u00ba 13.941\/2019, ir\u00e1 gerar, para os cofres p\u00fablicos, uma economia anual de R$ 1,32 milh\u00e3o, gastos hoje com o pagamento de aluguel, e de R$ 64 mil, com a isen\u00e7\u00e3o do Imposto Predial e Territorial Urbano (IPTU).<\/p>\n<p>A Presidente do TRF3 destacou a import\u00e2ncia da racionaliza\u00e7\u00e3o da gest\u00e3o imobili\u00e1ria em conjunto com a SPU. \u201cOs gastos do Poder Judici\u00e1rio com aluguel de im\u00f3veis s\u00e3o muito elevados. Estamos buscando a possibilidade de economizar por meio de aquisi\u00e7\u00f5es e permutas, porque o or\u00e7amento est\u00e1 cada vez mais reduzido. Com o apoio da SPU, temos conseguido avan\u00e7ar nesse processo. O avan\u00e7o da Justi\u00e7a Federal se reflete em favor do jurisdicionado, que merece pr\u00e9dios adequados e uma boa presta\u00e7\u00e3o jurisdicional\u201d, concluiu.<\/p>\n<p>O Superintendente da SPU reconheceu a relev\u00e2ncia da aquisi\u00e7\u00e3o para o TRF3 e reiterou a disposi\u00e7\u00e3o da Secretaria em alcan\u00e7ar mais. \u201cA SPU est\u00e1 trabalhando para, num curto espa\u00e7o de tempo, conseguir algumas permutas a fim de deixar o Tribunal mais bem servido de im\u00f3veis e de assegurar tranquilidade nas a\u00e7\u00f5es julgadoras, que deve ser o foco de sua atividade\u201d.<\/p>\n<p>A Diretora do Foro explicou que a compra do im\u00f3vel \u00e9 uma grande realiza\u00e7\u00e3o, que envolveu a dedica\u00e7\u00e3o de todos. \u201cTenho certeza que vamos avan\u00e7ar; \u00e9 um pr\u00e9dio bem cuidado, que vai atender \u00e0s nossas necessidades e, com isso, teremos economia grande para o ano que vem. Hoje \u00e9 um dia para comemorarmos. Fica o nosso agradecimento a toda a equipe que participou desse processo\u201d, finalizou.<\/p>\n<p>A Diretora da Subse\u00e7\u00e3o Judici\u00e1ria de Santo Andr\u00e9 afirmou que a aquisi\u00e7\u00e3o foi uma grande conquista e manifestou sua alegria em participar desse momento, uma vez que atua naquele f\u00f3rum desde a instala\u00e7\u00e3o da Justi\u00e7a Federal no local, em 2001. <br \/>\n\u00a0<\/p>\n<table border=\"0\" width=\"500\" cellspacing=\"0\" cellpadding=\"0\" align=\"center\">\n<tbody>\n<tr>\n<td><span><span>Fotos: ACOM<\/span><\/span><\/td>\n<\/tr>\n<tr>\n<td><img decoding=\"async\" alt=\"\" src=\"http:\/\/web.trf3.jus.br\/noticias\/uploaddir\/image\/2019\/Dezembro\/SPU\/foto%20(1).jpg\" width=\"500\" height=\"255\" align=\"middle\"><\/td>\n<\/tr>\n<tr>\n<td><span>Da esq. para a dir.: Ju\u00edzas Federais Audrey Gasparini e Luciana Ortiz, Desembargadora Federal Therezinha Cazerta e Superintendente <span>Eduardo Santos Barroso<\/span><\/span><\/td>\n<\/tr>\n<tr>\n<td><img decoding=\"async\" alt=\"\" src=\"http:\/\/web.trf3.jus.br\/noticias\/uploaddir\/image\/2019\/Dezembro\/SPU\/foto%20(2).jpg\" width=\"500\" height=\"351\"><\/td>\n<\/tr>\n<tr>\n<td>Ju\u00edza Federal Luciana Ortiz (\u00e0 dir.) assina contrato de compra e venda do im\u00f3vel<\/td>\n<\/tr>\n<tr>\n<td><img decoding=\"async\" alt=\"\" src=\"http:\/\/web.trf3.jus.br\/noticias\/uploaddir\/image\/2019\/Dezembro\/SPU\/foto%20(3).jpg\" width=\"500\" height=\"309\"><\/td>\n<\/tr>\n<tr>\n<td><span>Superintendente <span>Eduardo Santos Barroso formaliza a aquisi\u00e7\u00e3o do im\u00f3vel\u00a0<\/span><\/span><\/td>\n<\/tr>\n<tr>\n<td><img decoding=\"async\" alt=\"\" src=\"http:\/\/web.trf3.jus.br\/noticias\/uploaddir\/image\/2019\/Dezembro\/SPU\/foto%20(4).jpg\" width=\"500\" height=\"312\"><\/td>\n<\/tr>\n<tr>\n<td>A assinatura do contrato de compra e venda do edif\u00edcio-sede da Justi\u00e7a Federal em Santo Andr\u00e9 ocorreu no Gabinete da Presid\u00eancia do TRF3<\/td>\n<\/tr>\n<\/tbody>\n<\/table>\n<p>\u00a0<\/p>\n<\/div>\n<p><i>Com informa\u00e7\u00f5es da assessoria de imprensa do TRF3.<\/i><br \/>\n<br \/><a href=\"http:\/\/web.trf3.jus.br\/noticias\/Noticias\/Noticia\/Exibir\/389281\">Fonte<\/a><br \/>\n<br \/><\/p>\n","protected":false},"excerpt":{"rendered":"<p>Im\u00f3vel onde est\u00e1 instalado o F\u00f3rum da Subse\u00e7\u00e3o Judici\u00e1ria passe a ser de propriedade da Uni\u00e3o Na presen\u00e7a da Presidente do Tribunal Regional Federal da 3.a Regi\u00e3o (TRF3), Desembargadora Federal Therezinha Cazerta, o Superintendente do Patrim\u00f4nio da Uni\u00e3o em S\u00e3o Paulo (SPU-SP), Eduardo Santos Barroso, reuniu-se, no dia 20 de dezembro, na sede do Tribunal, [&hellip;]<\/p>\n","protected":false},"author":3063,"featured_media":1622,"comment_status":"open","ping_status":"open","sticky":false,"template":"","format":"standard","meta":{"footnotes":""},"categories":[5,110],"tags":[32,31,42,30,29,213,9,152,218,214],"class_list":{"0":"post-6461","1":"post","2":"type-post","3":"status-publish","4":"format-standard","5":"has-post-thumbnail","7":"category-previdenciario","8":"category-trf3","9":"tag-calculos-judiciais","10":"tag-calculos-tributarios","11":"tag-direito-tributario","12":"tag-divida-ativa","13":"tag-fazenda-publica","14":"tag-imposto","15":"tag-pericia","16":"tag-trf3","17":"tag-tribunal-regional-federal","18":"tag-tributo"},"yoast_head":"<!-- This site is optimized with the Yoast SEO plugin v27.2 - https:\/\/yoast.com\/product\/yoast-seo-wordpress\/ -->\n<title>TRF3: UNI\u00c3O ADQUIRE EDIF\u00cdCIO-SEDE PARA JUSTI\u00c7A FEDERAL EM SANTO ANDR\u00c9 | Portal de Not\u00edcias<\/title>\n<meta name=\"robots\" content=\"index, follow, max-snippet:-1, max-image-preview:large, max-video-preview:-1\" \/>\n<link rel=\"canonical\" href=\"https:\/\/mhcalculos.com.br\/noticias\/area\/previdenciario\/trf3-uniao-adquire-edificio-sede-para-justica-federal-em-santo-andre.html\" \/>\n<meta property=\"og:locale\" content=\"pt_BR\" \/>\n<meta property=\"og:type\" content=\"article\" \/>\n<meta property=\"og:title\" content=\"TRF3: UNI\u00c3O ADQUIRE EDIF\u00cdCIO-SEDE PARA JUSTI\u00c7A FEDERAL EM SANTO ANDR\u00c9 | Portal de Not\u00edcias\" \/>\n<meta property=\"og:description\" content=\"Im\u00f3vel onde est\u00e1 instalado o F\u00f3rum da Subse\u00e7\u00e3o Judici\u00e1ria passe a ser de propriedade da Uni\u00e3o Na presen\u00e7a da Presidente do Tribunal Regional Federal da 3.a Regi\u00e3o (TRF3), Desembargadora Federal Therezinha Cazerta, o Superintendente do Patrim\u00f4nio da Uni\u00e3o em S\u00e3o Paulo (SPU-SP), Eduardo Santos Barroso, reuniu-se, no dia 20 de dezembro, na sede do Tribunal, [&hellip;]\" \/>\n<meta property=\"og:url\" content=\"https:\/\/mhcalculos.com.br\/noticias\/area\/previdenciario\/trf3-uniao-adquire-edificio-sede-para-justica-federal-em-santo-andre.html\" \/>\n<meta property=\"og:site_name\" content=\"Portal de Not\u00edcias\" \/>\n<meta property=\"article:published_time\" content=\"2019-12-24T11:05:11+00:00\" \/>\n<meta property=\"article:modified_time\" content=\"2021-07-28T17:30:31+00:00\" \/>\n<meta property=\"og:image\" content=\"https:\/\/mhcalculos.com.br\/noticias\/wp-content\/uploads\/sites\/2\/2018\/06\/tributario-0041.jpg\" \/>\n\t<meta property=\"og:image:width\" content=\"2000\" \/>\n\t<meta property=\"og:image:height\" content=\"800\" \/>\n\t<meta property=\"og:image:type\" content=\"image\/jpeg\" \/>\n<meta name=\"author\" content=\"Equipe MH\" \/>\n<meta name=\"twitter:card\" content=\"summary_large_image\" \/>\n<meta name=\"twitter:label1\" content=\"Escrito por\" \/>\n\t<meta name=\"twitter:data1\" content=\"Equipe MH\" \/>\n\t<meta name=\"twitter:label2\" content=\"Est. tempo de leitura\" \/>\n\t<meta name=\"twitter:data2\" content=\"4 minutos\" \/>\n<script type=\"application\/ld+json\" class=\"yoast-schema-graph\">{\"@context\":\"https:\/\/schema.org\",\"@graph\":[{\"@type\":\"Article\",\"@id\":\"https:\/\/mhcalculos.com.br\/noticias\/area\/previdenciario\/trf3-uniao-adquire-edificio-sede-para-justica-federal-em-santo-andre.html#article\",\"isPartOf\":{\"@id\":\"https:\/\/mhcalculos.com.br\/noticias\/area\/previdenciario\/trf3-uniao-adquire-edificio-sede-para-justica-federal-em-santo-andre.html\"},\"author\":{\"name\":\"Equipe MH\",\"@id\":\"https:\/\/mhcalculos.com.br\/noticias\/#\/schema\/person\/88d1c34bf72dc779ea14a5a6b8e0ae8d\"},\"headline\":\"TRF3: UNI\u00c3O ADQUIRE EDIF\u00cdCIO-SEDE PARA JUSTI\u00c7A FEDERAL EM SANTO ANDR\u00c9\",\"datePublished\":\"2019-12-24T11:05:11+00:00\",\"dateModified\":\"2021-07-28T17:30:31+00:00\",\"mainEntityOfPage\":{\"@id\":\"https:\/\/mhcalculos.com.br\/noticias\/area\/previdenciario\/trf3-uniao-adquire-edificio-sede-para-justica-federal-em-santo-andre.html\"},\"wordCount\":727,\"commentCount\":0,\"image\":{\"@id\":\"https:\/\/mhcalculos.com.br\/noticias\/area\/previdenciario\/trf3-uniao-adquire-edificio-sede-para-justica-federal-em-santo-andre.html#primaryimage\"},\"thumbnailUrl\":\"https:\/\/mhcalculos.com.br\/noticias\/wp-content\/uploads\/sites\/2\/2018\/06\/tributario-0041.jpg\",\"keywords\":[\"c\u00e1lculos judiciais\",\"c\u00e1lculos tribut\u00e1rios\",\"direito tribut\u00e1rio\",\"d\u00edvida ativa\",\"fazenda p\u00fablica\",\"Imposto\",\"per\u00edcia\",\"trf3\",\"Tribunal Regional Federal\",\"tributo\"],\"articleSection\":[\"Direito Previdenci\u00e1rio\",\"TRF3\"],\"inLanguage\":\"pt-BR\",\"potentialAction\":[{\"@type\":\"CommentAction\",\"name\":\"Comment\",\"target\":[\"https:\/\/mhcalculos.com.br\/noticias\/area\/previdenciario\/trf3-uniao-adquire-edificio-sede-para-justica-federal-em-santo-andre.html#respond\"]}]},{\"@type\":\"WebPage\",\"@id\":\"https:\/\/mhcalculos.com.br\/noticias\/area\/previdenciario\/trf3-uniao-adquire-edificio-sede-para-justica-federal-em-santo-andre.html\",\"url\":\"https:\/\/mhcalculos.com.br\/noticias\/area\/previdenciario\/trf3-uniao-adquire-edificio-sede-para-justica-federal-em-santo-andre.html\",\"name\":\"TRF3: UNI\u00c3O ADQUIRE EDIF\u00cdCIO-SEDE PARA JUSTI\u00c7A FEDERAL EM SANTO ANDR\u00c9 | Portal de Not\u00edcias\",\"isPartOf\":{\"@id\":\"https:\/\/mhcalculos.com.br\/noticias\/#website\"},\"primaryImageOfPage\":{\"@id\":\"https:\/\/mhcalculos.com.br\/noticias\/area\/previdenciario\/trf3-uniao-adquire-edificio-sede-para-justica-federal-em-santo-andre.html#primaryimage\"},\"image\":{\"@id\":\"https:\/\/mhcalculos.com.br\/noticias\/area\/previdenciario\/trf3-uniao-adquire-edificio-sede-para-justica-federal-em-santo-andre.html#primaryimage\"},\"thumbnailUrl\":\"https:\/\/mhcalculos.com.br\/noticias\/wp-content\/uploads\/sites\/2\/2018\/06\/tributario-0041.jpg\",\"datePublished\":\"2019-12-24T11:05:11+00:00\",\"dateModified\":\"2021-07-28T17:30:31+00:00\",\"author\":{\"@id\":\"https:\/\/mhcalculos.com.br\/noticias\/#\/schema\/person\/88d1c34bf72dc779ea14a5a6b8e0ae8d\"},\"breadcrumb\":{\"@id\":\"https:\/\/mhcalculos.com.br\/noticias\/area\/previdenciario\/trf3-uniao-adquire-edificio-sede-para-justica-federal-em-santo-andre.html#breadcrumb\"},\"inLanguage\":\"pt-BR\",\"potentialAction\":[{\"@type\":\"ReadAction\",\"target\":[\"https:\/\/mhcalculos.com.br\/noticias\/area\/previdenciario\/trf3-uniao-adquire-edificio-sede-para-justica-federal-em-santo-andre.html\"]}]},{\"@type\":\"ImageObject\",\"inLanguage\":\"pt-BR\",\"@id\":\"https:\/\/mhcalculos.com.br\/noticias\/area\/previdenciario\/trf3-uniao-adquire-edificio-sede-para-justica-federal-em-santo-andre.html#primaryimage\",\"url\":\"https:\/\/mhcalculos.com.br\/noticias\/wp-content\/uploads\/sites\/2\/2018\/06\/tributario-0041.jpg\",\"contentUrl\":\"https:\/\/mhcalculos.com.br\/noticias\/wp-content\/uploads\/sites\/2\/2018\/06\/tributario-0041.jpg\",\"width\":2000,\"height\":800},{\"@type\":\"BreadcrumbList\",\"@id\":\"https:\/\/mhcalculos.com.br\/noticias\/area\/previdenciario\/trf3-uniao-adquire-edificio-sede-para-justica-federal-em-santo-andre.html#breadcrumb\",\"itemListElement\":[{\"@type\":\"ListItem\",\"position\":1,\"name\":\"In\u00edcio\",\"item\":\"https:\/\/mhcalculos.com.br\/noticias\/\"},{\"@type\":\"ListItem\",\"position\":2,\"name\":\"TRF3: UNI\u00c3O ADQUIRE EDIF\u00cdCIO-SEDE PARA JUSTI\u00c7A FEDERAL EM SANTO ANDR\u00c9\"}]},{\"@type\":\"WebSite\",\"@id\":\"https:\/\/mhcalculos.com.br\/noticias\/#website\",\"url\":\"https:\/\/mhcalculos.com.br\/noticias\/\",\"name\":\"Portal de Not\u00edcias\",\"description\":\"Not\u00edcias e Jurisprud\u00eancia\",\"potentialAction\":[{\"@type\":\"SearchAction\",\"target\":{\"@type\":\"EntryPoint\",\"urlTemplate\":\"https:\/\/mhcalculos.com.br\/noticias\/?s={search_term_string}\"},\"query-input\":{\"@type\":\"PropertyValueSpecification\",\"valueRequired\":true,\"valueName\":\"search_term_string\"}}],\"inLanguage\":\"pt-BR\"},{\"@type\":\"Person\",\"@id\":\"https:\/\/mhcalculos.com.br\/noticias\/#\/schema\/person\/88d1c34bf72dc779ea14a5a6b8e0ae8d\",\"name\":\"Equipe MH\",\"image\":{\"@type\":\"ImageObject\",\"inLanguage\":\"pt-BR\",\"@id\":\"https:\/\/secure.gravatar.com\/avatar\/de1c686c2ecc9c5a3f327e3431d819eb39f8f05d4e1045f5a1caad6daaba987f?s=96&d=mm&r=g\",\"url\":\"https:\/\/secure.gravatar.com\/avatar\/de1c686c2ecc9c5a3f327e3431d819eb39f8f05d4e1045f5a1caad6daaba987f?s=96&d=mm&r=g\",\"contentUrl\":\"https:\/\/secure.gravatar.com\/avatar\/de1c686c2ecc9c5a3f327e3431d819eb39f8f05d4e1045f5a1caad6daaba987f?s=96&d=mm&r=g\",\"caption\":\"Equipe MH\"}}]}<\/script>\n<!-- \/ Yoast SEO plugin. -->","yoast_head_json":{"title":"TRF3: UNI\u00c3O ADQUIRE EDIF\u00cdCIO-SEDE PARA JUSTI\u00c7A FEDERAL EM SANTO ANDR\u00c9 | Portal de Not\u00edcias","robots":{"index":"index","follow":"follow","max-snippet":"max-snippet:-1","max-image-preview":"max-image-preview:large","max-video-preview":"max-video-preview:-1"},"canonical":"https:\/\/mhcalculos.com.br\/noticias\/area\/previdenciario\/trf3-uniao-adquire-edificio-sede-para-justica-federal-em-santo-andre.html","og_locale":"pt_BR","og_type":"article","og_title":"TRF3: UNI\u00c3O ADQUIRE EDIF\u00cdCIO-SEDE PARA JUSTI\u00c7A FEDERAL EM SANTO ANDR\u00c9 | Portal de Not\u00edcias","og_description":"Im\u00f3vel onde est\u00e1 instalado o F\u00f3rum da Subse\u00e7\u00e3o Judici\u00e1ria passe a ser de propriedade da Uni\u00e3o Na presen\u00e7a da Presidente do Tribunal Regional Federal da 3.a Regi\u00e3o (TRF3), Desembargadora Federal Therezinha Cazerta, o Superintendente do Patrim\u00f4nio da Uni\u00e3o em S\u00e3o Paulo (SPU-SP), Eduardo Santos Barroso, reuniu-se, no dia 20 de dezembro, na sede do Tribunal, [&hellip;]","og_url":"https:\/\/mhcalculos.com.br\/noticias\/area\/previdenciario\/trf3-uniao-adquire-edificio-sede-para-justica-federal-em-santo-andre.html","og_site_name":"Portal de Not\u00edcias","article_published_time":"2019-12-24T11:05:11+00:00","article_modified_time":"2021-07-28T17:30:31+00:00","og_image":[{"width":2000,"height":800,"url":"https:\/\/mhcalculos.com.br\/noticias\/wp-content\/uploads\/sites\/2\/2018\/06\/tributario-0041.jpg","type":"image\/jpeg"}],"author":"Equipe MH","twitter_card":"summary_large_image","twitter_misc":{"Escrito por":"Equipe MH","Est. tempo de leitura":"4 minutos"},"schema":{"@context":"https:\/\/schema.org","@graph":[{"@type":"Article","@id":"https:\/\/mhcalculos.com.br\/noticias\/area\/previdenciario\/trf3-uniao-adquire-edificio-sede-para-justica-federal-em-santo-andre.html#article","isPartOf":{"@id":"https:\/\/mhcalculos.com.br\/noticias\/area\/previdenciario\/trf3-uniao-adquire-edificio-sede-para-justica-federal-em-santo-andre.html"},"author":{"name":"Equipe MH","@id":"https:\/\/mhcalculos.com.br\/noticias\/#\/schema\/person\/88d1c34bf72dc779ea14a5a6b8e0ae8d"},"headline":"TRF3: UNI\u00c3O ADQUIRE EDIF\u00cdCIO-SEDE PARA JUSTI\u00c7A FEDERAL EM SANTO ANDR\u00c9","datePublished":"2019-12-24T11:05:11+00:00","dateModified":"2021-07-28T17:30:31+00:00","mainEntityOfPage":{"@id":"https:\/\/mhcalculos.com.br\/noticias\/area\/previdenciario\/trf3-uniao-adquire-edificio-sede-para-justica-federal-em-santo-andre.html"},"wordCount":727,"commentCount":0,"image":{"@id":"https:\/\/mhcalculos.com.br\/noticias\/area\/previdenciario\/trf3-uniao-adquire-edificio-sede-para-justica-federal-em-santo-andre.html#primaryimage"},"thumbnailUrl":"https:\/\/mhcalculos.com.br\/noticias\/wp-content\/uploads\/sites\/2\/2018\/06\/tributario-0041.jpg","keywords":["c\u00e1lculos judiciais","c\u00e1lculos tribut\u00e1rios","direito tribut\u00e1rio","d\u00edvida ativa","fazenda p\u00fablica","Imposto","per\u00edcia","trf3","Tribunal Regional Federal","tributo"],"articleSection":["Direito Previdenci\u00e1rio","TRF3"],"inLanguage":"pt-BR","potentialAction":[{"@type":"CommentAction","name":"Comment","target":["https:\/\/mhcalculos.com.br\/noticias\/area\/previdenciario\/trf3-uniao-adquire-edificio-sede-para-justica-federal-em-santo-andre.html#respond"]}]},{"@type":"WebPage","@id":"https:\/\/mhcalculos.com.br\/noticias\/area\/previdenciario\/trf3-uniao-adquire-edificio-sede-para-justica-federal-em-santo-andre.html","url":"https:\/\/mhcalculos.com.br\/noticias\/area\/previdenciario\/trf3-uniao-adquire-edificio-sede-para-justica-federal-em-santo-andre.html","name":"TRF3: UNI\u00c3O ADQUIRE EDIF\u00cdCIO-SEDE PARA JUSTI\u00c7A FEDERAL EM SANTO ANDR\u00c9 | Portal de Not\u00edcias","isPartOf":{"@id":"https:\/\/mhcalculos.com.br\/noticias\/#website"},"primaryImageOfPage":{"@id":"https:\/\/mhcalculos.com.br\/noticias\/area\/previdenciario\/trf3-uniao-adquire-edificio-sede-para-justica-federal-em-santo-andre.html#primaryimage"},"image":{"@id":"https:\/\/mhcalculos.com.br\/noticias\/area\/previdenciario\/trf3-uniao-adquire-edificio-sede-para-justica-federal-em-santo-andre.html#primaryimage"},"thumbnailUrl":"https:\/\/mhcalculos.com.br\/noticias\/wp-content\/uploads\/sites\/2\/2018\/06\/tributario-0041.jpg","datePublished":"2019-12-24T11:05:11+00:00","dateModified":"2021-07-28T17:30:31+00:00","author":{"@id":"https:\/\/mhcalculos.com.br\/noticias\/#\/schema\/person\/88d1c34bf72dc779ea14a5a6b8e0ae8d"},"breadcrumb":{"@id":"https:\/\/mhcalculos.com.br\/noticias\/area\/previdenciario\/trf3-uniao-adquire-edificio-sede-para-justica-federal-em-santo-andre.html#breadcrumb"},"inLanguage":"pt-BR","potentialAction":[{"@type":"ReadAction","target":["https:\/\/mhcalculos.com.br\/noticias\/area\/previdenciario\/trf3-uniao-adquire-edificio-sede-para-justica-federal-em-santo-andre.html"]}]},{"@type":"ImageObject","inLanguage":"pt-BR","@id":"https:\/\/mhcalculos.com.br\/noticias\/area\/previdenciario\/trf3-uniao-adquire-edificio-sede-para-justica-federal-em-santo-andre.html#primaryimage","url":"https:\/\/mhcalculos.com.br\/noticias\/wp-content\/uploads\/sites\/2\/2018\/06\/tributario-0041.jpg","contentUrl":"https:\/\/mhcalculos.com.br\/noticias\/wp-content\/uploads\/sites\/2\/2018\/06\/tributario-0041.jpg","width":2000,"height":800},{"@type":"BreadcrumbList","@id":"https:\/\/mhcalculos.com.br\/noticias\/area\/previdenciario\/trf3-uniao-adquire-edificio-sede-para-justica-federal-em-santo-andre.html#breadcrumb","itemListElement":[{"@type":"ListItem","position":1,"name":"In\u00edcio","item":"https:\/\/mhcalculos.com.br\/noticias\/"},{"@type":"ListItem","position":2,"name":"TRF3: UNI\u00c3O ADQUIRE EDIF\u00cdCIO-SEDE PARA JUSTI\u00c7A FEDERAL EM SANTO ANDR\u00c9"}]},{"@type":"WebSite","@id":"https:\/\/mhcalculos.com.br\/noticias\/#website","url":"https:\/\/mhcalculos.com.br\/noticias\/","name":"Portal de Not\u00edcias","description":"Not\u00edcias e Jurisprud\u00eancia","potentialAction":[{"@type":"SearchAction","target":{"@type":"EntryPoint","urlTemplate":"https:\/\/mhcalculos.com.br\/noticias\/?s={search_term_string}"},"query-input":{"@type":"PropertyValueSpecification","valueRequired":true,"valueName":"search_term_string"}}],"inLanguage":"pt-BR"},{"@type":"Person","@id":"https:\/\/mhcalculos.com.br\/noticias\/#\/schema\/person\/88d1c34bf72dc779ea14a5a6b8e0ae8d","name":"Equipe MH","image":{"@type":"ImageObject","inLanguage":"pt-BR","@id":"https:\/\/secure.gravatar.com\/avatar\/de1c686c2ecc9c5a3f327e3431d819eb39f8f05d4e1045f5a1caad6daaba987f?s=96&d=mm&r=g","url":"https:\/\/secure.gravatar.com\/avatar\/de1c686c2ecc9c5a3f327e3431d819eb39f8f05d4e1045f5a1caad6daaba987f?s=96&d=mm&r=g","contentUrl":"https:\/\/secure.gravatar.com\/avatar\/de1c686c2ecc9c5a3f327e3431d819eb39f8f05d4e1045f5a1caad6daaba987f?s=96&d=mm&r=g","caption":"Equipe MH"}}]}},"_links":{"self":[{"href":"https:\/\/mhcalculos.com.br\/noticias\/wp-json\/wp\/v2\/posts\/6461","targetHints":{"allow":["GET"]}}],"collection":[{"href":"https:\/\/mhcalculos.com.br\/noticias\/wp-json\/wp\/v2\/posts"}],"about":[{"href":"https:\/\/mhcalculos.com.br\/noticias\/wp-json\/wp\/v2\/types\/post"}],"author":[{"embeddable":true,"href":"https:\/\/mhcalculos.com.br\/noticias\/wp-json\/wp\/v2\/users\/3063"}],"replies":[{"embeddable":true,"href":"https:\/\/mhcalculos.com.br\/noticias\/wp-json\/wp\/v2\/comments?post=6461"}],"version-history":[{"count":1,"href":"https:\/\/mhcalculos.com.br\/noticias\/wp-json\/wp\/v2\/posts\/6461\/revisions"}],"predecessor-version":[{"id":9457,"href":"https:\/\/mhcalculos.com.br\/noticias\/wp-json\/wp\/v2\/posts\/6461\/revisions\/9457"}],"wp:featuredmedia":[{"embeddable":true,"href":"https:\/\/mhcalculos.com.br\/noticias\/wp-json\/wp\/v2\/media\/1622"}],"wp:attachment":[{"href":"https:\/\/mhcalculos.com.br\/noticias\/wp-json\/wp\/v2\/media?parent=6461"}],"wp:term":[{"taxonomy":"category","embeddable":true,"href":"https:\/\/mhcalculos.com.br\/noticias\/wp-json\/wp\/v2\/categories?post=6461"},{"taxonomy":"post_tag","embeddable":true,"href":"https:\/\/mhcalculos.com.br\/noticias\/wp-json\/wp\/v2\/tags?post=6461"}],"curies":[{"name":"wp","href":"https:\/\/api.w.org\/{rel}","templated":true}]}}