{"id":6453,"date":"2019-12-20T00:05:22","date_gmt":"2019-12-20T03:05:22","guid":{"rendered":"https:\/\/mhcalculos.com.br\/noticias\/2019\/12\/20\/stf-plenario-conclui-julgamento-de-acoes-sobre-normas-estaduais-e-medida-provisoria-pautadas-em-listas\/"},"modified":"2021-07-28T14:30:33","modified_gmt":"2021-07-28T17:30:33","slug":"stf-plenario-conclui-julgamento-de-acoes-sobre-normas-estaduais-e-medida-provisoria-pautadas-em-listas","status":"publish","type":"post","link":"https:\/\/mhcalculos.com.br\/noticias\/area\/tributario\/stf-plenario-conclui-julgamento-de-acoes-sobre-normas-estaduais-e-medida-provisoria-pautadas-em-listas.html","title":{"rendered":"STF: Plen\u00e1rio conclui julgamento de a\u00e7\u00f5es sobre normas estaduais e medida provis\u00f3ria pautadas em listas"},"content":{"rendered":"\n<p>Na sess\u00e3o desta quarta-feira (18), o Plen\u00e1rio do Supremo Tribunal Federal (STF) julgou o m\u00e9rito de cinco A\u00e7\u00f5es Diretas de Inconstitucionalidade (ADIs) julgadas em lista. As a\u00e7\u00f5es diziam respeito a leis estaduais sobre temas diversos e a uma medida provis\u00f3ria.<\/p>\n<p><b>Procurador-geral de Justi\u00e7a<\/b><\/p>\n<p>Na ADI 5704, foi declarada a inconstitucionalidade de norma da Constitui\u00e7\u00e3o de Minas Gerais e da lei complementar estadual 21\/1991 que estabeleciam que apenas procuradores de justi\u00e7a vital\u00edcios podiam se candidatar ao cargo de procurador-geral de Justi\u00e7a. De acordo com a Procuradoria-Geral da Rep\u00fablica, autora da a\u00e7\u00e3o, as normas s\u00e3o inconstitucionais pois, com o objetivo de manter uniformidade entre o Minist\u00e9rio P\u00fablico dos estados, a Lei Org\u00e2nica do Minist\u00e9rio P\u00fablico estabelece normas gerais de organiza\u00e7\u00e3o e o estatuto b\u00e1sico de seus membros. Por unanimidade, foi seguido o voto do relator, ministro Marco Aur\u00e9lio, pela proced\u00eancia do pedido.\u00a0Leia mais <a href=\"http:\/\/portal.stf.jus.br\/noticias\/verNoticiaDetalhe.asp?idConteudo=346239&amp;ori=1\" target=\"_blank\" rel=\"noopener noreferrer\">aqui<\/a>.<\/p>\n<p><b>Est\u00e1gio<\/b><\/p>\n<p>Na ADI 5803, tamb\u00e9m de relatoria do ministro Marco Aur\u00e9lio, o Plen\u00e1rio considerou constitucional a Lei Complementar 915\/2016 de Rond\u00f4nia, que criou o est\u00e1gio para estudantes de p\u00f3s-gradua\u00e7\u00e3o (denominado MP-Resid\u00eancia) no \u00e2mbito do Minist\u00e9rio P\u00fablico do Estado. Por unanimidade, o pedido da Associa\u00e7\u00e3o Nacional dos Servidores do Minist\u00e9rio P\u00fablico (Ansemp) foi julgado improcedente.\u00a0Leia mais\u00a0<a href=\"http:\/\/portal.stf.jus.br\/noticias\/verNoticiaDetalhe.asp?idConteudo=360963&amp;ori=1\" target=\"_blank\" rel=\"noopener noreferrer\">aqui<\/a>.<\/p>\n<p><b>Remo\u00e7\u00e3o de ju\u00edzes<\/b><\/p>\n<p>Ajuizada pela Associa\u00e7\u00e3o Nacional dos Magistrados Estaduais (Anamages), a ADI 4758 impugnava dispositivo da Lei Complementar 96\/2010 da Para\u00edba (Lei de Organiza\u00e7\u00e3o e Divis\u00e3o Judici\u00e1ria do estado), que trata de procedimentos de remo\u00e7\u00e3o e promo\u00e7\u00e3o de ju\u00edzes estaduais. A a\u00e7\u00e3o, de relatoria da ministra C\u00e1rmen L\u00facia, foi julgada procedente por unanimidade. Os ministros modularam os efeitos da decis\u00e3o para que passe a ter efeitos a partir da declara\u00e7\u00e3o de inconstitucionalidade da norma. O ministro Marco Aur\u00e9lio ficou vencido neste ponto.\u00a0Leia mais\u00a0<a href=\"http:\/\/portal.stf.jus.br\/noticias\/verNoticiaDetalhe.asp?idConteudo=206564&amp;ori=1\" target=\"_blank\" rel=\"noopener noreferrer\">aqui<\/a>.<\/p>\n<p><b>Fiscaliza\u00e7\u00e3o sanit\u00e1ria<\/b><\/p>\n<p>Por unanimidade, foi julgada improcedente a ADI 2658, ajuizada pela Confedera\u00e7\u00e3o Nacional do Com\u00e9rcio contra dispositivo da Medida Provis\u00f3ria 2190-34\/2001. De relatoria do ministro Dias Toffoli, a a\u00e7\u00e3o pedia a exclus\u00e3o do com\u00e9rcio varejista de produtos farmac\u00eauticos do rol dos contribuintes para Taxa de Fiscaliza\u00e7\u00e3o Sanit\u00e1ria Federal.\u00a0Leia mais\u00a0<a href=\"http:\/\/portal.stf.jus.br\/noticias\/verNoticiaDetalhe.asp?idConteudo=58831&amp;ori=1\" target=\"_blank\" rel=\"noopener noreferrer\">aqui<\/a>.<\/p>\n<p><b>ICMS<\/b><\/p>\n<p>Tamb\u00e9m em vota\u00e7\u00e3o un\u00e2nime, a ADI 3550 foi julgada procedente para declarar a inconstitucionalidade de dispositivo de lei do Estado do Rio de Janeiro (artigo 12 da Lei 4.546\/2005) que estabelece cr\u00e9dito do Imposto sobre Circula\u00e7\u00e3o de Mercadorias e Servi\u00e7os (ICMS) aos contribuintes do Fundo de Aplica\u00e7\u00f5es Econ\u00f4micas e Sociais do Estado do Rio de Janeiro (FAES). O Plen\u00e1rio aprovou proposta de modula\u00e7\u00e3o para que a decis\u00e3o produza efeitos somente a partir da data da sess\u00e3o de julgamento, nos termos do voto do ministro Dias Toffoli, relator. O ministro Marco Aur\u00e9lio ficou vencido neste ponto.\u00a0Leia mais\u00a0<a href=\"http:\/\/portal.stf.jus.br\/noticias\/verNoticiaDetalhe.asp?idConteudo=65321&amp;ori=1\" target=\"_blank\" rel=\"noopener noreferrer\">aqui.<\/a><\/p>\n<p><span style=\"font-size: smaller;\">PR\/CR\/\/CF<\/span><\/p>\n<p>&nbsp;<\/p>\n<p>&nbsp;<\/p>\n<p><i>Com informa\u00e7\u00f5es da assessoria de imprensa do STF.<\/i><\/p>\n<p><a href=\"http:\/\/www.stf.jus.br\/portal\/cms\/verNoticiaDetalhe.asp?idConteudo=433278\">Fonte<\/a><\/p>\n\n","protected":false},"excerpt":{"rendered":"<p>Na sess\u00e3o desta quarta-feira (18), o Plen\u00e1rio do Supremo Tribunal Federal (STF) julgou o m\u00e9rito de cinco A\u00e7\u00f5es Diretas de Inconstitucionalidade (ADIs) julgadas em lista. As a\u00e7\u00f5es diziam respeito a leis estaduais sobre temas diversos e a uma medida provis\u00f3ria. Procurador-geral de Justi\u00e7a Na ADI 5704, foi declarada a inconstitucionalidade de norma da Constitui\u00e7\u00e3o de [&hellip;]<\/p>\n","protected":false},"author":3063,"featured_media":1990,"comment_status":"open","ping_status":"open","sticky":false,"template":"","format":"standard","meta":{"footnotes":""},"categories":[18,15],"tags":[32,31,42,30,29,213,9,12,16],"class_list":{"0":"post-6453","1":"post","2":"type-post","3":"status-publish","4":"format-standard","5":"has-post-thumbnail","7":"category-tributario","8":"category-stf","9":"tag-calculos-judiciais","10":"tag-calculos-tributarios","11":"tag-direito-tributario","12":"tag-divida-ativa","13":"tag-fazenda-publica","14":"tag-imposto","15":"tag-pericia","16":"tag-perito","17":"tag-stf"},"yoast_head":"<!-- This site is optimized with the Yoast SEO plugin v27.2 - https:\/\/yoast.com\/product\/yoast-seo-wordpress\/ -->\n<title>STF: Plen\u00e1rio conclui julgamento de a\u00e7\u00f5es sobre normas estaduais e medida provis\u00f3ria pautadas em listas | Portal de Not\u00edcias<\/title>\n<meta name=\"robots\" content=\"index, follow, max-snippet:-1, max-image-preview:large, max-video-preview:-1\" \/>\n<link rel=\"canonical\" href=\"http:\/\/www.stf.jus.br\/portal\/cms\/verNoticiaDetalhe.asp?idConteudo=433278\" \/>\n<meta property=\"og:locale\" content=\"pt_BR\" \/>\n<meta property=\"og:type\" content=\"article\" \/>\n<meta property=\"og:title\" content=\"STF: Plen\u00e1rio conclui julgamento de a\u00e7\u00f5es sobre normas estaduais e medida provis\u00f3ria pautadas em listas | Portal de Not\u00edcias\" \/>\n<meta property=\"og:description\" content=\"Na sess\u00e3o desta quarta-feira (18), o Plen\u00e1rio do Supremo Tribunal Federal (STF) julgou o m\u00e9rito de cinco A\u00e7\u00f5es Diretas de Inconstitucionalidade (ADIs) julgadas em lista. As a\u00e7\u00f5es diziam respeito a leis estaduais sobre temas diversos e a uma medida provis\u00f3ria. Procurador-geral de Justi\u00e7a Na ADI 5704, foi declarada a inconstitucionalidade de norma da Constitui\u00e7\u00e3o de [&hellip;]\" \/>\n<meta property=\"og:url\" content=\"http:\/\/www.stf.jus.br\/portal\/cms\/verNoticiaDetalhe.asp?idConteudo=433278\" \/>\n<meta property=\"og:site_name\" content=\"Portal de Not\u00edcias\" \/>\n<meta property=\"article:published_time\" content=\"2019-12-20T03:05:22+00:00\" \/>\n<meta property=\"article:modified_time\" content=\"2021-07-28T17:30:33+00:00\" \/>\n<meta property=\"og:image\" content=\"https:\/\/mhcalculos.com.br\/noticias\/wp-content\/uploads\/sites\/2\/2018\/06\/judiciario-0007.jpg\" \/>\n\t<meta property=\"og:image:width\" content=\"2000\" \/>\n\t<meta property=\"og:image:height\" content=\"800\" \/>\n\t<meta property=\"og:image:type\" content=\"image\/jpeg\" \/>\n<meta name=\"author\" content=\"Equipe MH\" \/>\n<meta name=\"twitter:card\" content=\"summary_large_image\" \/>\n<meta name=\"twitter:label1\" content=\"Escrito por\" \/>\n\t<meta name=\"twitter:data1\" content=\"Equipe MH\" \/>\n\t<meta name=\"twitter:label2\" content=\"Est. tempo de leitura\" \/>\n\t<meta name=\"twitter:data2\" content=\"3 minutos\" \/>\n<script type=\"application\/ld+json\" class=\"yoast-schema-graph\">{\"@context\":\"https:\/\/schema.org\",\"@graph\":[{\"@type\":\"Article\",\"@id\":\"http:\/\/www.stf.jus.br\/portal\/cms\/verNoticiaDetalhe.asp?idConteudo=433278#article\",\"isPartOf\":{\"@id\":\"https:\/\/mhcalculos.com.br\/noticias\/area\/tributario\/stf-plenario-conclui-julgamento-de-acoes-sobre-normas-estaduais-e-medida-provisoria-pautadas-em-listas.html\"},\"author\":{\"name\":\"Equipe MH\",\"@id\":\"https:\/\/mhcalculos.com.br\/noticias\/#\/schema\/person\/88d1c34bf72dc779ea14a5a6b8e0ae8d\"},\"headline\":\"STF: Plen\u00e1rio conclui julgamento de a\u00e7\u00f5es sobre normas estaduais e medida provis\u00f3ria pautadas em listas\",\"datePublished\":\"2019-12-20T03:05:22+00:00\",\"dateModified\":\"2021-07-28T17:30:33+00:00\",\"mainEntityOfPage\":{\"@id\":\"https:\/\/mhcalculos.com.br\/noticias\/area\/tributario\/stf-plenario-conclui-julgamento-de-acoes-sobre-normas-estaduais-e-medida-provisoria-pautadas-em-listas.html\"},\"wordCount\":538,\"commentCount\":0,\"image\":{\"@id\":\"http:\/\/www.stf.jus.br\/portal\/cms\/verNoticiaDetalhe.asp?idConteudo=433278#primaryimage\"},\"thumbnailUrl\":\"https:\/\/mhcalculos.com.br\/noticias\/wp-content\/uploads\/sites\/2\/2018\/06\/judiciario-0007.jpg\",\"keywords\":[\"c\u00e1lculos judiciais\",\"c\u00e1lculos tribut\u00e1rios\",\"direito tribut\u00e1rio\",\"d\u00edvida ativa\",\"fazenda p\u00fablica\",\"Imposto\",\"per\u00edcia\",\"perito\",\"stf\"],\"articleSection\":[\"Direito Tribut\u00e1rio\",\"STF\"],\"inLanguage\":\"pt-BR\",\"potentialAction\":[{\"@type\":\"CommentAction\",\"name\":\"Comment\",\"target\":[\"http:\/\/www.stf.jus.br\/portal\/cms\/verNoticiaDetalhe.asp?idConteudo=433278#respond\"]}]},{\"@type\":\"WebPage\",\"@id\":\"https:\/\/mhcalculos.com.br\/noticias\/area\/tributario\/stf-plenario-conclui-julgamento-de-acoes-sobre-normas-estaduais-e-medida-provisoria-pautadas-em-listas.html\",\"url\":\"http:\/\/www.stf.jus.br\/portal\/cms\/verNoticiaDetalhe.asp?idConteudo=433278\",\"name\":\"STF: Plen\u00e1rio conclui julgamento de a\u00e7\u00f5es sobre normas estaduais e medida provis\u00f3ria pautadas em listas | Portal de Not\u00edcias\",\"isPartOf\":{\"@id\":\"https:\/\/mhcalculos.com.br\/noticias\/#website\"},\"primaryImageOfPage\":{\"@id\":\"http:\/\/www.stf.jus.br\/portal\/cms\/verNoticiaDetalhe.asp?idConteudo=433278#primaryimage\"},\"image\":{\"@id\":\"http:\/\/www.stf.jus.br\/portal\/cms\/verNoticiaDetalhe.asp?idConteudo=433278#primaryimage\"},\"thumbnailUrl\":\"https:\/\/mhcalculos.com.br\/noticias\/wp-content\/uploads\/sites\/2\/2018\/06\/judiciario-0007.jpg\",\"datePublished\":\"2019-12-20T03:05:22+00:00\",\"dateModified\":\"2021-07-28T17:30:33+00:00\",\"author\":{\"@id\":\"https:\/\/mhcalculos.com.br\/noticias\/#\/schema\/person\/88d1c34bf72dc779ea14a5a6b8e0ae8d\"},\"breadcrumb\":{\"@id\":\"http:\/\/www.stf.jus.br\/portal\/cms\/verNoticiaDetalhe.asp?idConteudo=433278#breadcrumb\"},\"inLanguage\":\"pt-BR\",\"potentialAction\":[{\"@type\":\"ReadAction\",\"target\":[\"http:\/\/www.stf.jus.br\/portal\/cms\/verNoticiaDetalhe.asp?idConteudo=433278\"]}]},{\"@type\":\"ImageObject\",\"inLanguage\":\"pt-BR\",\"@id\":\"http:\/\/www.stf.jus.br\/portal\/cms\/verNoticiaDetalhe.asp?idConteudo=433278#primaryimage\",\"url\":\"https:\/\/mhcalculos.com.br\/noticias\/wp-content\/uploads\/sites\/2\/2018\/06\/judiciario-0007.jpg\",\"contentUrl\":\"https:\/\/mhcalculos.com.br\/noticias\/wp-content\/uploads\/sites\/2\/2018\/06\/judiciario-0007.jpg\",\"width\":2000,\"height\":800},{\"@type\":\"BreadcrumbList\",\"@id\":\"http:\/\/www.stf.jus.br\/portal\/cms\/verNoticiaDetalhe.asp?idConteudo=433278#breadcrumb\",\"itemListElement\":[{\"@type\":\"ListItem\",\"position\":1,\"name\":\"In\u00edcio\",\"item\":\"https:\/\/mhcalculos.com.br\/noticias\/\"},{\"@type\":\"ListItem\",\"position\":2,\"name\":\"STF: Plen\u00e1rio conclui julgamento de a\u00e7\u00f5es sobre normas estaduais e medida provis\u00f3ria pautadas em listas\"}]},{\"@type\":\"WebSite\",\"@id\":\"https:\/\/mhcalculos.com.br\/noticias\/#website\",\"url\":\"https:\/\/mhcalculos.com.br\/noticias\/\",\"name\":\"Portal de Not\u00edcias\",\"description\":\"Not\u00edcias e Jurisprud\u00eancia\",\"potentialAction\":[{\"@type\":\"SearchAction\",\"target\":{\"@type\":\"EntryPoint\",\"urlTemplate\":\"https:\/\/mhcalculos.com.br\/noticias\/?s={search_term_string}\"},\"query-input\":{\"@type\":\"PropertyValueSpecification\",\"valueRequired\":true,\"valueName\":\"search_term_string\"}}],\"inLanguage\":\"pt-BR\"},{\"@type\":\"Person\",\"@id\":\"https:\/\/mhcalculos.com.br\/noticias\/#\/schema\/person\/88d1c34bf72dc779ea14a5a6b8e0ae8d\",\"name\":\"Equipe MH\",\"image\":{\"@type\":\"ImageObject\",\"inLanguage\":\"pt-BR\",\"@id\":\"https:\/\/secure.gravatar.com\/avatar\/de1c686c2ecc9c5a3f327e3431d819eb39f8f05d4e1045f5a1caad6daaba987f?s=96&d=mm&r=g\",\"url\":\"https:\/\/secure.gravatar.com\/avatar\/de1c686c2ecc9c5a3f327e3431d819eb39f8f05d4e1045f5a1caad6daaba987f?s=96&d=mm&r=g\",\"contentUrl\":\"https:\/\/secure.gravatar.com\/avatar\/de1c686c2ecc9c5a3f327e3431d819eb39f8f05d4e1045f5a1caad6daaba987f?s=96&d=mm&r=g\",\"caption\":\"Equipe MH\"}}]}<\/script>\n<!-- \/ Yoast SEO plugin. -->","yoast_head_json":{"title":"STF: Plen\u00e1rio conclui julgamento de a\u00e7\u00f5es sobre normas estaduais e medida provis\u00f3ria pautadas em listas | Portal de Not\u00edcias","robots":{"index":"index","follow":"follow","max-snippet":"max-snippet:-1","max-image-preview":"max-image-preview:large","max-video-preview":"max-video-preview:-1"},"canonical":"http:\/\/www.stf.jus.br\/portal\/cms\/verNoticiaDetalhe.asp?idConteudo=433278","og_locale":"pt_BR","og_type":"article","og_title":"STF: Plen\u00e1rio conclui julgamento de a\u00e7\u00f5es sobre normas estaduais e medida provis\u00f3ria pautadas em listas | Portal de Not\u00edcias","og_description":"Na sess\u00e3o desta quarta-feira (18), o Plen\u00e1rio do Supremo Tribunal Federal (STF) julgou o m\u00e9rito de cinco A\u00e7\u00f5es Diretas de Inconstitucionalidade (ADIs) julgadas em lista. As a\u00e7\u00f5es diziam respeito a leis estaduais sobre temas diversos e a uma medida provis\u00f3ria. Procurador-geral de Justi\u00e7a Na ADI 5704, foi declarada a inconstitucionalidade de norma da Constitui\u00e7\u00e3o de [&hellip;]","og_url":"http:\/\/www.stf.jus.br\/portal\/cms\/verNoticiaDetalhe.asp?idConteudo=433278","og_site_name":"Portal de Not\u00edcias","article_published_time":"2019-12-20T03:05:22+00:00","article_modified_time":"2021-07-28T17:30:33+00:00","og_image":[{"width":2000,"height":800,"url":"https:\/\/mhcalculos.com.br\/noticias\/wp-content\/uploads\/sites\/2\/2018\/06\/judiciario-0007.jpg","type":"image\/jpeg"}],"author":"Equipe MH","twitter_card":"summary_large_image","twitter_misc":{"Escrito por":"Equipe MH","Est. tempo de leitura":"3 minutos"},"schema":{"@context":"https:\/\/schema.org","@graph":[{"@type":"Article","@id":"http:\/\/www.stf.jus.br\/portal\/cms\/verNoticiaDetalhe.asp?idConteudo=433278#article","isPartOf":{"@id":"https:\/\/mhcalculos.com.br\/noticias\/area\/tributario\/stf-plenario-conclui-julgamento-de-acoes-sobre-normas-estaduais-e-medida-provisoria-pautadas-em-listas.html"},"author":{"name":"Equipe MH","@id":"https:\/\/mhcalculos.com.br\/noticias\/#\/schema\/person\/88d1c34bf72dc779ea14a5a6b8e0ae8d"},"headline":"STF: Plen\u00e1rio conclui julgamento de a\u00e7\u00f5es sobre normas estaduais e medida provis\u00f3ria pautadas em listas","datePublished":"2019-12-20T03:05:22+00:00","dateModified":"2021-07-28T17:30:33+00:00","mainEntityOfPage":{"@id":"https:\/\/mhcalculos.com.br\/noticias\/area\/tributario\/stf-plenario-conclui-julgamento-de-acoes-sobre-normas-estaduais-e-medida-provisoria-pautadas-em-listas.html"},"wordCount":538,"commentCount":0,"image":{"@id":"http:\/\/www.stf.jus.br\/portal\/cms\/verNoticiaDetalhe.asp?idConteudo=433278#primaryimage"},"thumbnailUrl":"https:\/\/mhcalculos.com.br\/noticias\/wp-content\/uploads\/sites\/2\/2018\/06\/judiciario-0007.jpg","keywords":["c\u00e1lculos judiciais","c\u00e1lculos tribut\u00e1rios","direito tribut\u00e1rio","d\u00edvida ativa","fazenda p\u00fablica","Imposto","per\u00edcia","perito","stf"],"articleSection":["Direito Tribut\u00e1rio","STF"],"inLanguage":"pt-BR","potentialAction":[{"@type":"CommentAction","name":"Comment","target":["http:\/\/www.stf.jus.br\/portal\/cms\/verNoticiaDetalhe.asp?idConteudo=433278#respond"]}]},{"@type":"WebPage","@id":"https:\/\/mhcalculos.com.br\/noticias\/area\/tributario\/stf-plenario-conclui-julgamento-de-acoes-sobre-normas-estaduais-e-medida-provisoria-pautadas-em-listas.html","url":"http:\/\/www.stf.jus.br\/portal\/cms\/verNoticiaDetalhe.asp?idConteudo=433278","name":"STF: Plen\u00e1rio conclui julgamento de a\u00e7\u00f5es sobre normas estaduais e medida provis\u00f3ria pautadas em listas | Portal de Not\u00edcias","isPartOf":{"@id":"https:\/\/mhcalculos.com.br\/noticias\/#website"},"primaryImageOfPage":{"@id":"http:\/\/www.stf.jus.br\/portal\/cms\/verNoticiaDetalhe.asp?idConteudo=433278#primaryimage"},"image":{"@id":"http:\/\/www.stf.jus.br\/portal\/cms\/verNoticiaDetalhe.asp?idConteudo=433278#primaryimage"},"thumbnailUrl":"https:\/\/mhcalculos.com.br\/noticias\/wp-content\/uploads\/sites\/2\/2018\/06\/judiciario-0007.jpg","datePublished":"2019-12-20T03:05:22+00:00","dateModified":"2021-07-28T17:30:33+00:00","author":{"@id":"https:\/\/mhcalculos.com.br\/noticias\/#\/schema\/person\/88d1c34bf72dc779ea14a5a6b8e0ae8d"},"breadcrumb":{"@id":"http:\/\/www.stf.jus.br\/portal\/cms\/verNoticiaDetalhe.asp?idConteudo=433278#breadcrumb"},"inLanguage":"pt-BR","potentialAction":[{"@type":"ReadAction","target":["http:\/\/www.stf.jus.br\/portal\/cms\/verNoticiaDetalhe.asp?idConteudo=433278"]}]},{"@type":"ImageObject","inLanguage":"pt-BR","@id":"http:\/\/www.stf.jus.br\/portal\/cms\/verNoticiaDetalhe.asp?idConteudo=433278#primaryimage","url":"https:\/\/mhcalculos.com.br\/noticias\/wp-content\/uploads\/sites\/2\/2018\/06\/judiciario-0007.jpg","contentUrl":"https:\/\/mhcalculos.com.br\/noticias\/wp-content\/uploads\/sites\/2\/2018\/06\/judiciario-0007.jpg","width":2000,"height":800},{"@type":"BreadcrumbList","@id":"http:\/\/www.stf.jus.br\/portal\/cms\/verNoticiaDetalhe.asp?idConteudo=433278#breadcrumb","itemListElement":[{"@type":"ListItem","position":1,"name":"In\u00edcio","item":"https:\/\/mhcalculos.com.br\/noticias\/"},{"@type":"ListItem","position":2,"name":"STF: Plen\u00e1rio conclui julgamento de a\u00e7\u00f5es sobre normas estaduais e medida provis\u00f3ria pautadas em listas"}]},{"@type":"WebSite","@id":"https:\/\/mhcalculos.com.br\/noticias\/#website","url":"https:\/\/mhcalculos.com.br\/noticias\/","name":"Portal de Not\u00edcias","description":"Not\u00edcias e Jurisprud\u00eancia","potentialAction":[{"@type":"SearchAction","target":{"@type":"EntryPoint","urlTemplate":"https:\/\/mhcalculos.com.br\/noticias\/?s={search_term_string}"},"query-input":{"@type":"PropertyValueSpecification","valueRequired":true,"valueName":"search_term_string"}}],"inLanguage":"pt-BR"},{"@type":"Person","@id":"https:\/\/mhcalculos.com.br\/noticias\/#\/schema\/person\/88d1c34bf72dc779ea14a5a6b8e0ae8d","name":"Equipe MH","image":{"@type":"ImageObject","inLanguage":"pt-BR","@id":"https:\/\/secure.gravatar.com\/avatar\/de1c686c2ecc9c5a3f327e3431d819eb39f8f05d4e1045f5a1caad6daaba987f?s=96&d=mm&r=g","url":"https:\/\/secure.gravatar.com\/avatar\/de1c686c2ecc9c5a3f327e3431d819eb39f8f05d4e1045f5a1caad6daaba987f?s=96&d=mm&r=g","contentUrl":"https:\/\/secure.gravatar.com\/avatar\/de1c686c2ecc9c5a3f327e3431d819eb39f8f05d4e1045f5a1caad6daaba987f?s=96&d=mm&r=g","caption":"Equipe MH"}}]}},"_links":{"self":[{"href":"https:\/\/mhcalculos.com.br\/noticias\/wp-json\/wp\/v2\/posts\/6453","targetHints":{"allow":["GET"]}}],"collection":[{"href":"https:\/\/mhcalculos.com.br\/noticias\/wp-json\/wp\/v2\/posts"}],"about":[{"href":"https:\/\/mhcalculos.com.br\/noticias\/wp-json\/wp\/v2\/types\/post"}],"author":[{"embeddable":true,"href":"https:\/\/mhcalculos.com.br\/noticias\/wp-json\/wp\/v2\/users\/3063"}],"replies":[{"embeddable":true,"href":"https:\/\/mhcalculos.com.br\/noticias\/wp-json\/wp\/v2\/comments?post=6453"}],"version-history":[{"count":1,"href":"https:\/\/mhcalculos.com.br\/noticias\/wp-json\/wp\/v2\/posts\/6453\/revisions"}],"predecessor-version":[{"id":6517,"href":"https:\/\/mhcalculos.com.br\/noticias\/wp-json\/wp\/v2\/posts\/6453\/revisions\/6517"}],"wp:featuredmedia":[{"embeddable":true,"href":"https:\/\/mhcalculos.com.br\/noticias\/wp-json\/wp\/v2\/media\/1990"}],"wp:attachment":[{"href":"https:\/\/mhcalculos.com.br\/noticias\/wp-json\/wp\/v2\/media?parent=6453"}],"wp:term":[{"taxonomy":"category","embeddable":true,"href":"https:\/\/mhcalculos.com.br\/noticias\/wp-json\/wp\/v2\/categories?post=6453"},{"taxonomy":"post_tag","embeddable":true,"href":"https:\/\/mhcalculos.com.br\/noticias\/wp-json\/wp\/v2\/tags?post=6453"}],"curies":[{"name":"wp","href":"https:\/\/api.w.org\/{rel}","templated":true}]}}