{"id":6446,"date":"2019-12-16T18:11:00","date_gmt":"2019-12-16T21:11:00","guid":{"rendered":"https:\/\/mhcalculos.com.br\/noticias\/2019\/12\/16\/tst-montadora-nao-e-responsavel-por-divida-trabalhista-de-fabricante-de-materia-prima\/"},"modified":"2021-07-28T14:30:35","modified_gmt":"2021-07-28T17:30:35","slug":"tst-montadora-nao-e-responsavel-por-divida-trabalhista-de-fabricante-de-materia-prima","status":"publish","type":"post","link":"https:\/\/mhcalculos.com.br\/noticias\/area\/trabalhista\/tst-montadora-nao-e-responsavel-por-divida-trabalhista-de-fabricante-de-materia-prima.html","title":{"rendered":"TST: Montadora n\u00e3o \u00e9 respons\u00e1vel por d\u00edvida trabalhista de fabricante de mat\u00e9ria-prima"},"content":{"rendered":"<p><br \/>\n  <\/p>\n<p ><em>O contrato tinha natureza comercial.<\/em><\/p>\n<p >16\/12\/19 &#8211; A Quinta Turma do Tribunal Superior do Trabalho afastou a responsabilidade da Toyota do Brasil Ltda. pelo pagamento de parcelas devidas a um metal\u00fargico da Proema Automotiva S.A., fabricante de mat\u00e9ria-prima. Para a Turma, o contrato entre as duas empresas era de natureza comercial.&nbsp;<\/p>\n<p ><strong>Fal\u00eancia<\/strong><\/p>\n<p >A Proema fabricava pe\u00e7as automotivas especializadas exclusivamente para a FCA Fiat Chrysler Autom\u00f3veis Brasil Ltda. durante determinado per\u00edodo e, depois, para a Toyota. Com a fal\u00eancia da fabricante, a Toyota foi condenada, de forma subsidi\u00e1ria, ao pagamento das parcelas devidas ao metal\u00fargico.<\/p>\n<p >Segundo o Tribunal Regional do Trabalho da 3\u00aa Regi\u00e3o (MG), por ter se beneficiado do trabalho executado pelo metal\u00fargico e por ter adquirido o maquin\u00e1rio pertencente \u00e0 Proema, a montadora teria terminado por terceirizar o servi\u00e7o prestado por ele.<\/p>\n<p ><strong>Compra e venda<\/strong><\/p>\n<p >No recurso de revista, a empresa sustentou que havia ocorrido mera transa\u00e7\u00e3o comercial autorizada e homologada judicialmente, com a anu\u00eancia do sindicato da categoria profissional.<\/p>\n<p >O relator, ministro Breno Medeiros, assinalou que, ao contr\u00e1rio do entendimento do TRT, o contrato firmado entre as empresas, tendo como objeto a venda de equipamentos utilizados para realizar o fornecimento de pe\u00e7as para a Toyota, tem natureza estritamente comercial. Essa circunst\u00e2ncia afasta a aplica\u00e7\u00e3o da S\u00famula 331 do TST, que trata da terceiriza\u00e7\u00e3o de m\u00e3o de obra.<\/p>\n<p >A decis\u00e3o foi un\u00e2nime.<\/p>\n<p >(LT\/CF)<\/p>\n<p >Processo: <a href=\"http:\/\/aplicacao4.tst.jus.br\/consultaProcessual\/consultaTstNumUnica.do;jsessionid=4083B453BEF19BFAE739B3424441C930.vm652?conscsjt=&amp;numeroTst=10328&amp;digitoTst=83&amp;anoTst=2016&amp;orgaoTst=5&amp;tribunalTst=03&amp;varaTst=0142&amp;consulta=Consultar\" target=\"_blank\" rel=\"noopener noreferrer\">RR-10328-83.2016.5.03.0142<\/a><\/p>\n<p> O TST possui oito Turmas, cada uma composta de tr\u00eas ministros, com a atribui\u00e7\u00e3o de analisar recursos de revista, agravos, agravos de instrumento, agravos regimentais e recursos ordin\u00e1rios em a\u00e7\u00e3o cautelar. Das decis\u00f5es das Turmas, a parte ainda pode, em alguns casos, recorrer \u00e0 Subse\u00e7\u00e3o I Especializada em Diss\u00eddios Individuais (SBDI-1). <strong>Esta mat\u00e9ria tem cunho meramente informativo.<br \/> Permitida a reprodu\u00e7\u00e3o mediante cita\u00e7\u00e3o da fonte.<br \/> Secretaria de Comunica\u00e7\u00e3o Social<br \/> <a href=\"http:\/\/www.tst.jus.br\/\" target=\"_blank\" rel=\"noopener noreferrer\">Tribunal Superior do Trabalho<\/a><br \/> Tel. (61) 3043-4907<br \/> <a href=\"mailto:secom@tst.jus.br\">secom@tst.jus.br<\/a><\/strong>       <\/br><br \/>\n<br \/><i>Com informa\u00e7\u00f5es da assessoria de imprensa do TST.<\/i><br \/>\n<br \/><a href=\"http:\/\/www.tst.jus.br\/web\/guest\/noticias?p_p_id=89Dk&#038;p_p_lifecycle=0&#038;refererPlid=10730&#038;_89Dk_struts_action=%2Fjournal_content%2Fview&#038;_89Dk_groupId=10157&#038;_89Dk_articleId=25062939\">Fonte<\/a><br \/>\n<br \/><\/p>\n","protected":false},"excerpt":{"rendered":"<p>O contrato tinha natureza comercial. 16\/12\/19 &#8211; A Quinta Turma do Tribunal Superior do Trabalho afastou a responsabilidade da Toyota do Brasil Ltda. pelo pagamento de parcelas devidas a um metal\u00fargico da Proema Automotiva S.A., fabricante de mat\u00e9ria-prima. Para a Turma, o contrato entre as duas empresas era de natureza comercial.&nbsp; Fal\u00eancia A Proema fabricava [&hellip;]<\/p>\n","protected":false},"author":3063,"featured_media":4072,"comment_status":"open","ping_status":"open","sticky":false,"template":"","format":"standard","meta":{"footnotes":""},"categories":[3,21],"tags":[33,216,9,12,217,215],"class_list":{"0":"post-6446","1":"post","2":"type-post","3":"status-publish","4":"format-standard","5":"has-post-thumbnail","7":"category-trabalhista","8":"category-tst","9":"tag-calculos-trabalhistas","10":"tag-direito-trabalhista","11":"tag-pericia","12":"tag-perito","13":"tag-trabalho","14":"tag-tst"},"yoast_head":"<!-- This site is optimized with the Yoast SEO plugin v27.2 - https:\/\/yoast.com\/product\/yoast-seo-wordpress\/ -->\n<title>TST: Montadora n\u00e3o \u00e9 respons\u00e1vel por d\u00edvida trabalhista de fabricante de mat\u00e9ria-prima | Portal de Not\u00edcias<\/title>\n<meta name=\"robots\" content=\"index, follow, max-snippet:-1, max-image-preview:large, max-video-preview:-1\" \/>\n<link rel=\"canonical\" href=\"https:\/\/mhcalculos.com.br\/noticias\/area\/trabalhista\/tst-montadora-nao-e-responsavel-por-divida-trabalhista-de-fabricante-de-materia-prima.html\" \/>\n<meta property=\"og:locale\" content=\"pt_BR\" \/>\n<meta property=\"og:type\" content=\"article\" \/>\n<meta property=\"og:title\" content=\"TST: Montadora n\u00e3o \u00e9 respons\u00e1vel por d\u00edvida trabalhista de fabricante de mat\u00e9ria-prima | Portal de Not\u00edcias\" \/>\n<meta property=\"og:description\" content=\"O contrato tinha natureza comercial. 16\/12\/19 &#8211; A Quinta Turma do Tribunal Superior do Trabalho afastou a responsabilidade da Toyota do Brasil Ltda. pelo pagamento de parcelas devidas a um metal\u00fargico da Proema Automotiva S.A., fabricante de mat\u00e9ria-prima. Para a Turma, o contrato entre as duas empresas era de natureza comercial.&nbsp; Fal\u00eancia A Proema fabricava [&hellip;]\" \/>\n<meta property=\"og:url\" content=\"https:\/\/mhcalculos.com.br\/noticias\/area\/trabalhista\/tst-montadora-nao-e-responsavel-por-divida-trabalhista-de-fabricante-de-materia-prima.html\" \/>\n<meta property=\"og:site_name\" content=\"Portal de Not\u00edcias\" \/>\n<meta property=\"article:published_time\" content=\"2019-12-16T21:11:00+00:00\" \/>\n<meta property=\"article:modified_time\" content=\"2021-07-28T17:30:35+00:00\" \/>\n<meta property=\"og:image\" content=\"https:\/\/mhcalculos.com.br\/noticias\/wp-content\/uploads\/sites\/2\/2019\/04\/trabalhista-0026.jpg\" \/>\n\t<meta property=\"og:image:width\" content=\"2000\" \/>\n\t<meta property=\"og:image:height\" content=\"800\" \/>\n\t<meta property=\"og:image:type\" content=\"image\/jpeg\" \/>\n<meta name=\"author\" content=\"Equipe MH\" \/>\n<meta name=\"twitter:card\" content=\"summary_large_image\" \/>\n<meta name=\"twitter:label1\" content=\"Escrito por\" \/>\n\t<meta name=\"twitter:data1\" content=\"Equipe MH\" \/>\n\t<meta name=\"twitter:label2\" content=\"Est. tempo de leitura\" \/>\n\t<meta name=\"twitter:data2\" content=\"2 minutos\" \/>\n<script type=\"application\/ld+json\" class=\"yoast-schema-graph\">{\"@context\":\"https:\/\/schema.org\",\"@graph\":[{\"@type\":\"Article\",\"@id\":\"https:\/\/mhcalculos.com.br\/noticias\/area\/trabalhista\/tst-montadora-nao-e-responsavel-por-divida-trabalhista-de-fabricante-de-materia-prima.html#article\",\"isPartOf\":{\"@id\":\"https:\/\/mhcalculos.com.br\/noticias\/area\/trabalhista\/tst-montadora-nao-e-responsavel-por-divida-trabalhista-de-fabricante-de-materia-prima.html\"},\"author\":{\"name\":\"Equipe MH\",\"@id\":\"https:\/\/mhcalculos.com.br\/noticias\/#\/schema\/person\/88d1c34bf72dc779ea14a5a6b8e0ae8d\"},\"headline\":\"TST: Montadora n\u00e3o \u00e9 respons\u00e1vel por d\u00edvida trabalhista de fabricante de mat\u00e9ria-prima\",\"datePublished\":\"2019-12-16T21:11:00+00:00\",\"dateModified\":\"2021-07-28T17:30:35+00:00\",\"mainEntityOfPage\":{\"@id\":\"https:\/\/mhcalculos.com.br\/noticias\/area\/trabalhista\/tst-montadora-nao-e-responsavel-por-divida-trabalhista-de-fabricante-de-materia-prima.html\"},\"wordCount\":365,\"commentCount\":0,\"image\":{\"@id\":\"https:\/\/mhcalculos.com.br\/noticias\/area\/trabalhista\/tst-montadora-nao-e-responsavel-por-divida-trabalhista-de-fabricante-de-materia-prima.html#primaryimage\"},\"thumbnailUrl\":\"https:\/\/mhcalculos.com.br\/noticias\/wp-content\/uploads\/sites\/2\/2019\/04\/trabalhista-0026.jpg\",\"keywords\":[\"c\u00e1lculos trabalhistas\",\"direito trabalhista\",\"per\u00edcia\",\"perito\",\"trabalho\",\"TST\"],\"articleSection\":[\"Direito Trabalhista\",\"TST\"],\"inLanguage\":\"pt-BR\",\"potentialAction\":[{\"@type\":\"CommentAction\",\"name\":\"Comment\",\"target\":[\"https:\/\/mhcalculos.com.br\/noticias\/area\/trabalhista\/tst-montadora-nao-e-responsavel-por-divida-trabalhista-de-fabricante-de-materia-prima.html#respond\"]}]},{\"@type\":\"WebPage\",\"@id\":\"https:\/\/mhcalculos.com.br\/noticias\/area\/trabalhista\/tst-montadora-nao-e-responsavel-por-divida-trabalhista-de-fabricante-de-materia-prima.html\",\"url\":\"https:\/\/mhcalculos.com.br\/noticias\/area\/trabalhista\/tst-montadora-nao-e-responsavel-por-divida-trabalhista-de-fabricante-de-materia-prima.html\",\"name\":\"TST: Montadora n\u00e3o \u00e9 respons\u00e1vel por d\u00edvida trabalhista de fabricante de mat\u00e9ria-prima | Portal de Not\u00edcias\",\"isPartOf\":{\"@id\":\"https:\/\/mhcalculos.com.br\/noticias\/#website\"},\"primaryImageOfPage\":{\"@id\":\"https:\/\/mhcalculos.com.br\/noticias\/area\/trabalhista\/tst-montadora-nao-e-responsavel-por-divida-trabalhista-de-fabricante-de-materia-prima.html#primaryimage\"},\"image\":{\"@id\":\"https:\/\/mhcalculos.com.br\/noticias\/area\/trabalhista\/tst-montadora-nao-e-responsavel-por-divida-trabalhista-de-fabricante-de-materia-prima.html#primaryimage\"},\"thumbnailUrl\":\"https:\/\/mhcalculos.com.br\/noticias\/wp-content\/uploads\/sites\/2\/2019\/04\/trabalhista-0026.jpg\",\"datePublished\":\"2019-12-16T21:11:00+00:00\",\"dateModified\":\"2021-07-28T17:30:35+00:00\",\"author\":{\"@id\":\"https:\/\/mhcalculos.com.br\/noticias\/#\/schema\/person\/88d1c34bf72dc779ea14a5a6b8e0ae8d\"},\"breadcrumb\":{\"@id\":\"https:\/\/mhcalculos.com.br\/noticias\/area\/trabalhista\/tst-montadora-nao-e-responsavel-por-divida-trabalhista-de-fabricante-de-materia-prima.html#breadcrumb\"},\"inLanguage\":\"pt-BR\",\"potentialAction\":[{\"@type\":\"ReadAction\",\"target\":[\"https:\/\/mhcalculos.com.br\/noticias\/area\/trabalhista\/tst-montadora-nao-e-responsavel-por-divida-trabalhista-de-fabricante-de-materia-prima.html\"]}]},{\"@type\":\"ImageObject\",\"inLanguage\":\"pt-BR\",\"@id\":\"https:\/\/mhcalculos.com.br\/noticias\/area\/trabalhista\/tst-montadora-nao-e-responsavel-por-divida-trabalhista-de-fabricante-de-materia-prima.html#primaryimage\",\"url\":\"https:\/\/mhcalculos.com.br\/noticias\/wp-content\/uploads\/sites\/2\/2019\/04\/trabalhista-0026.jpg\",\"contentUrl\":\"https:\/\/mhcalculos.com.br\/noticias\/wp-content\/uploads\/sites\/2\/2019\/04\/trabalhista-0026.jpg\",\"width\":2000,\"height\":800},{\"@type\":\"BreadcrumbList\",\"@id\":\"https:\/\/mhcalculos.com.br\/noticias\/area\/trabalhista\/tst-montadora-nao-e-responsavel-por-divida-trabalhista-de-fabricante-de-materia-prima.html#breadcrumb\",\"itemListElement\":[{\"@type\":\"ListItem\",\"position\":1,\"name\":\"In\u00edcio\",\"item\":\"https:\/\/mhcalculos.com.br\/noticias\/\"},{\"@type\":\"ListItem\",\"position\":2,\"name\":\"TST: Montadora n\u00e3o \u00e9 respons\u00e1vel por d\u00edvida trabalhista de fabricante de mat\u00e9ria-prima\"}]},{\"@type\":\"WebSite\",\"@id\":\"https:\/\/mhcalculos.com.br\/noticias\/#website\",\"url\":\"https:\/\/mhcalculos.com.br\/noticias\/\",\"name\":\"Portal de Not\u00edcias\",\"description\":\"Not\u00edcias e Jurisprud\u00eancia\",\"potentialAction\":[{\"@type\":\"SearchAction\",\"target\":{\"@type\":\"EntryPoint\",\"urlTemplate\":\"https:\/\/mhcalculos.com.br\/noticias\/?s={search_term_string}\"},\"query-input\":{\"@type\":\"PropertyValueSpecification\",\"valueRequired\":true,\"valueName\":\"search_term_string\"}}],\"inLanguage\":\"pt-BR\"},{\"@type\":\"Person\",\"@id\":\"https:\/\/mhcalculos.com.br\/noticias\/#\/schema\/person\/88d1c34bf72dc779ea14a5a6b8e0ae8d\",\"name\":\"Equipe MH\",\"image\":{\"@type\":\"ImageObject\",\"inLanguage\":\"pt-BR\",\"@id\":\"https:\/\/secure.gravatar.com\/avatar\/de1c686c2ecc9c5a3f327e3431d819eb39f8f05d4e1045f5a1caad6daaba987f?s=96&d=mm&r=g\",\"url\":\"https:\/\/secure.gravatar.com\/avatar\/de1c686c2ecc9c5a3f327e3431d819eb39f8f05d4e1045f5a1caad6daaba987f?s=96&d=mm&r=g\",\"contentUrl\":\"https:\/\/secure.gravatar.com\/avatar\/de1c686c2ecc9c5a3f327e3431d819eb39f8f05d4e1045f5a1caad6daaba987f?s=96&d=mm&r=g\",\"caption\":\"Equipe MH\"}}]}<\/script>\n<!-- \/ Yoast SEO plugin. -->","yoast_head_json":{"title":"TST: Montadora n\u00e3o \u00e9 respons\u00e1vel por d\u00edvida trabalhista de fabricante de mat\u00e9ria-prima | Portal de Not\u00edcias","robots":{"index":"index","follow":"follow","max-snippet":"max-snippet:-1","max-image-preview":"max-image-preview:large","max-video-preview":"max-video-preview:-1"},"canonical":"https:\/\/mhcalculos.com.br\/noticias\/area\/trabalhista\/tst-montadora-nao-e-responsavel-por-divida-trabalhista-de-fabricante-de-materia-prima.html","og_locale":"pt_BR","og_type":"article","og_title":"TST: Montadora n\u00e3o \u00e9 respons\u00e1vel por d\u00edvida trabalhista de fabricante de mat\u00e9ria-prima | Portal de Not\u00edcias","og_description":"O contrato tinha natureza comercial. 16\/12\/19 &#8211; A Quinta Turma do Tribunal Superior do Trabalho afastou a responsabilidade da Toyota do Brasil Ltda. pelo pagamento de parcelas devidas a um metal\u00fargico da Proema Automotiva S.A., fabricante de mat\u00e9ria-prima. Para a Turma, o contrato entre as duas empresas era de natureza comercial.&nbsp; Fal\u00eancia A Proema fabricava [&hellip;]","og_url":"https:\/\/mhcalculos.com.br\/noticias\/area\/trabalhista\/tst-montadora-nao-e-responsavel-por-divida-trabalhista-de-fabricante-de-materia-prima.html","og_site_name":"Portal de Not\u00edcias","article_published_time":"2019-12-16T21:11:00+00:00","article_modified_time":"2021-07-28T17:30:35+00:00","og_image":[{"width":2000,"height":800,"url":"https:\/\/mhcalculos.com.br\/noticias\/wp-content\/uploads\/sites\/2\/2019\/04\/trabalhista-0026.jpg","type":"image\/jpeg"}],"author":"Equipe MH","twitter_card":"summary_large_image","twitter_misc":{"Escrito por":"Equipe MH","Est. tempo de leitura":"2 minutos"},"schema":{"@context":"https:\/\/schema.org","@graph":[{"@type":"Article","@id":"https:\/\/mhcalculos.com.br\/noticias\/area\/trabalhista\/tst-montadora-nao-e-responsavel-por-divida-trabalhista-de-fabricante-de-materia-prima.html#article","isPartOf":{"@id":"https:\/\/mhcalculos.com.br\/noticias\/area\/trabalhista\/tst-montadora-nao-e-responsavel-por-divida-trabalhista-de-fabricante-de-materia-prima.html"},"author":{"name":"Equipe MH","@id":"https:\/\/mhcalculos.com.br\/noticias\/#\/schema\/person\/88d1c34bf72dc779ea14a5a6b8e0ae8d"},"headline":"TST: Montadora n\u00e3o \u00e9 respons\u00e1vel por d\u00edvida trabalhista de fabricante de mat\u00e9ria-prima","datePublished":"2019-12-16T21:11:00+00:00","dateModified":"2021-07-28T17:30:35+00:00","mainEntityOfPage":{"@id":"https:\/\/mhcalculos.com.br\/noticias\/area\/trabalhista\/tst-montadora-nao-e-responsavel-por-divida-trabalhista-de-fabricante-de-materia-prima.html"},"wordCount":365,"commentCount":0,"image":{"@id":"https:\/\/mhcalculos.com.br\/noticias\/area\/trabalhista\/tst-montadora-nao-e-responsavel-por-divida-trabalhista-de-fabricante-de-materia-prima.html#primaryimage"},"thumbnailUrl":"https:\/\/mhcalculos.com.br\/noticias\/wp-content\/uploads\/sites\/2\/2019\/04\/trabalhista-0026.jpg","keywords":["c\u00e1lculos trabalhistas","direito trabalhista","per\u00edcia","perito","trabalho","TST"],"articleSection":["Direito Trabalhista","TST"],"inLanguage":"pt-BR","potentialAction":[{"@type":"CommentAction","name":"Comment","target":["https:\/\/mhcalculos.com.br\/noticias\/area\/trabalhista\/tst-montadora-nao-e-responsavel-por-divida-trabalhista-de-fabricante-de-materia-prima.html#respond"]}]},{"@type":"WebPage","@id":"https:\/\/mhcalculos.com.br\/noticias\/area\/trabalhista\/tst-montadora-nao-e-responsavel-por-divida-trabalhista-de-fabricante-de-materia-prima.html","url":"https:\/\/mhcalculos.com.br\/noticias\/area\/trabalhista\/tst-montadora-nao-e-responsavel-por-divida-trabalhista-de-fabricante-de-materia-prima.html","name":"TST: Montadora n\u00e3o \u00e9 respons\u00e1vel por d\u00edvida trabalhista de fabricante de mat\u00e9ria-prima | Portal de Not\u00edcias","isPartOf":{"@id":"https:\/\/mhcalculos.com.br\/noticias\/#website"},"primaryImageOfPage":{"@id":"https:\/\/mhcalculos.com.br\/noticias\/area\/trabalhista\/tst-montadora-nao-e-responsavel-por-divida-trabalhista-de-fabricante-de-materia-prima.html#primaryimage"},"image":{"@id":"https:\/\/mhcalculos.com.br\/noticias\/area\/trabalhista\/tst-montadora-nao-e-responsavel-por-divida-trabalhista-de-fabricante-de-materia-prima.html#primaryimage"},"thumbnailUrl":"https:\/\/mhcalculos.com.br\/noticias\/wp-content\/uploads\/sites\/2\/2019\/04\/trabalhista-0026.jpg","datePublished":"2019-12-16T21:11:00+00:00","dateModified":"2021-07-28T17:30:35+00:00","author":{"@id":"https:\/\/mhcalculos.com.br\/noticias\/#\/schema\/person\/88d1c34bf72dc779ea14a5a6b8e0ae8d"},"breadcrumb":{"@id":"https:\/\/mhcalculos.com.br\/noticias\/area\/trabalhista\/tst-montadora-nao-e-responsavel-por-divida-trabalhista-de-fabricante-de-materia-prima.html#breadcrumb"},"inLanguage":"pt-BR","potentialAction":[{"@type":"ReadAction","target":["https:\/\/mhcalculos.com.br\/noticias\/area\/trabalhista\/tst-montadora-nao-e-responsavel-por-divida-trabalhista-de-fabricante-de-materia-prima.html"]}]},{"@type":"ImageObject","inLanguage":"pt-BR","@id":"https:\/\/mhcalculos.com.br\/noticias\/area\/trabalhista\/tst-montadora-nao-e-responsavel-por-divida-trabalhista-de-fabricante-de-materia-prima.html#primaryimage","url":"https:\/\/mhcalculos.com.br\/noticias\/wp-content\/uploads\/sites\/2\/2019\/04\/trabalhista-0026.jpg","contentUrl":"https:\/\/mhcalculos.com.br\/noticias\/wp-content\/uploads\/sites\/2\/2019\/04\/trabalhista-0026.jpg","width":2000,"height":800},{"@type":"BreadcrumbList","@id":"https:\/\/mhcalculos.com.br\/noticias\/area\/trabalhista\/tst-montadora-nao-e-responsavel-por-divida-trabalhista-de-fabricante-de-materia-prima.html#breadcrumb","itemListElement":[{"@type":"ListItem","position":1,"name":"In\u00edcio","item":"https:\/\/mhcalculos.com.br\/noticias\/"},{"@type":"ListItem","position":2,"name":"TST: Montadora n\u00e3o \u00e9 respons\u00e1vel por d\u00edvida trabalhista de fabricante de mat\u00e9ria-prima"}]},{"@type":"WebSite","@id":"https:\/\/mhcalculos.com.br\/noticias\/#website","url":"https:\/\/mhcalculos.com.br\/noticias\/","name":"Portal de Not\u00edcias","description":"Not\u00edcias e Jurisprud\u00eancia","potentialAction":[{"@type":"SearchAction","target":{"@type":"EntryPoint","urlTemplate":"https:\/\/mhcalculos.com.br\/noticias\/?s={search_term_string}"},"query-input":{"@type":"PropertyValueSpecification","valueRequired":true,"valueName":"search_term_string"}}],"inLanguage":"pt-BR"},{"@type":"Person","@id":"https:\/\/mhcalculos.com.br\/noticias\/#\/schema\/person\/88d1c34bf72dc779ea14a5a6b8e0ae8d","name":"Equipe MH","image":{"@type":"ImageObject","inLanguage":"pt-BR","@id":"https:\/\/secure.gravatar.com\/avatar\/de1c686c2ecc9c5a3f327e3431d819eb39f8f05d4e1045f5a1caad6daaba987f?s=96&d=mm&r=g","url":"https:\/\/secure.gravatar.com\/avatar\/de1c686c2ecc9c5a3f327e3431d819eb39f8f05d4e1045f5a1caad6daaba987f?s=96&d=mm&r=g","contentUrl":"https:\/\/secure.gravatar.com\/avatar\/de1c686c2ecc9c5a3f327e3431d819eb39f8f05d4e1045f5a1caad6daaba987f?s=96&d=mm&r=g","caption":"Equipe MH"}}]}},"_links":{"self":[{"href":"https:\/\/mhcalculos.com.br\/noticias\/wp-json\/wp\/v2\/posts\/6446","targetHints":{"allow":["GET"]}}],"collection":[{"href":"https:\/\/mhcalculos.com.br\/noticias\/wp-json\/wp\/v2\/posts"}],"about":[{"href":"https:\/\/mhcalculos.com.br\/noticias\/wp-json\/wp\/v2\/types\/post"}],"author":[{"embeddable":true,"href":"https:\/\/mhcalculos.com.br\/noticias\/wp-json\/wp\/v2\/users\/3063"}],"replies":[{"embeddable":true,"href":"https:\/\/mhcalculos.com.br\/noticias\/wp-json\/wp\/v2\/comments?post=6446"}],"version-history":[{"count":1,"href":"https:\/\/mhcalculos.com.br\/noticias\/wp-json\/wp\/v2\/posts\/6446\/revisions"}],"predecessor-version":[{"id":9477,"href":"https:\/\/mhcalculos.com.br\/noticias\/wp-json\/wp\/v2\/posts\/6446\/revisions\/9477"}],"wp:featuredmedia":[{"embeddable":true,"href":"https:\/\/mhcalculos.com.br\/noticias\/wp-json\/wp\/v2\/media\/4072"}],"wp:attachment":[{"href":"https:\/\/mhcalculos.com.br\/noticias\/wp-json\/wp\/v2\/media?parent=6446"}],"wp:term":[{"taxonomy":"category","embeddable":true,"href":"https:\/\/mhcalculos.com.br\/noticias\/wp-json\/wp\/v2\/categories?post=6446"},{"taxonomy":"post_tag","embeddable":true,"href":"https:\/\/mhcalculos.com.br\/noticias\/wp-json\/wp\/v2\/tags?post=6446"}],"curies":[{"name":"wp","href":"https:\/\/api.w.org\/{rel}","templated":true}]}}