{"id":6444,"date":"2019-12-18T12:05:07","date_gmt":"2019-12-18T15:05:07","guid":{"rendered":"https:\/\/mhcalculos.com.br\/noticias\/2019\/12\/18\/trf3-justica-federal-em-guarulhos-comemora-20-anos\/"},"modified":"2021-07-28T14:30:34","modified_gmt":"2021-07-28T17:30:34","slug":"trf3-justica-federal-em-guarulhos-comemora-20-anos","status":"publish","type":"post","link":"https:\/\/mhcalculos.com.br\/noticias\/area\/previdenciario\/trf3-justica-federal-em-guarulhos-comemora-20-anos.html","title":{"rendered":"TRF3: JUSTI\u00c7A FEDERAL EM GUARULHOS COMEMORA 20 ANOS"},"content":{"rendered":"\n<div class=\"mat\">\n<div>\n<p><em>Solenidade contou com a presen\u00e7a da Presidente do TRF3 <\/em><\/p>\n<p>Solenidade realizada no dia 12\/12 marcou a comemora\u00e7\u00e3o dos 20 anos de instala\u00e7\u00e3o da Justi\u00e7a Federal em Guarulhos, o segundo maior munic\u00edpio paulista. A cerim\u00f4nia, no audit\u00f3rio do Centro Universit\u00e1rio FIG-Unimesp, foi organizada pela 19.\u00aa Subse\u00e7\u00e3o Judici\u00e1ria do Estado de S\u00e3o Paulo, que \u00e9 dirigida pelo Juiz Federal Marcio Ferro Catapani, e teve o apoio do TRF3.<\/p>\n<p>A Presidente do TRF3, Desembargadora Federal Therezinha Cazerta, comp\u00f4s a mesa de honra da comemora\u00e7\u00e3o juntamente com a Diretora do Foro da Se\u00e7\u00e3o Judici\u00e1ria de S\u00e3o Paulo (SJSP), Ju\u00edza Federal Luciana Ortiz Tavares Costa Zanoni; Juiz Federal Marcio Ferro Catapani; o Presidente do Juizado Especial Federal e Coordenador da Central de Concilia\u00e7\u00e3o na Subse\u00e7\u00e3o de Guarulhos, Juiz Federal Paulo Marcos Rodrigues de Almeida; a Ju\u00edza de Direito em Aux\u00edlio da Comarca de Guarulhos, Ana Carolina Miranda de Oliveira; o Procurador da Rep\u00fablica Daniel Sampaio; o Delegado Chefe da Pol\u00edcia Federal no Aeroporto Internacional de S\u00e3o Paulo, Rodrigo Weber de Jesus; o Diretor de Pol\u00edticas Municipais, Ecio Juliano Felicio; a Vice-Presidente da Ordem dos Advogados do Brasil \u2013 57.\u00aa Subse\u00e7\u00e3o (OAB\/Guarulhos), Ivany Marques Rezende Tavares; o Diretor Titular Regional do Centro das Ind\u00fastrias do Estado de S\u00e3o Paulo (Ciesp), Mauricio Carlos Collin; e a Coordenadora da Faculdade de Direito FIG-Unimesp, Ossanna Chememian Tolmajian.<\/p>\n<p>Tamb\u00e9m participaram da solenidade autoridades locais, magistrados, servidores, advogados e convidados.<\/p>\n<p>A Presidente do TRF3 saudou os presentes e falou da alegria em celebrar o anivers\u00e1rio da 19.\u00aa Subse\u00e7\u00e3o Judici\u00e1ria, que oferece um trabalho de primeira linha para a popula\u00e7\u00e3o.<\/p>\n<p>A Desembargadora Federal Therezinha Cazerta destacou o esfor\u00e7o dos servidores envolvidos no projeto \u201cTRF3 100% PJe\u201d, referindo-se ao Processo Judicial Eletr\u00f4nico na 3.\u00aa Regi\u00e3o. Ela lembrou que o volume de processos virtualizados na Justi\u00e7a Federal de Guarulhos, em outubro de 2018 representou cerca de 55% do acervo total de mat\u00e9ria c\u00edvel e previdenci\u00e1ria e que, em novembro de 2019, esse n\u00famero atingiu o patamar de 90%. E acrescentou que, findada a opera\u00e7\u00e3o, 100% das a\u00e7\u00f5es dessa natureza tramitar\u00e3o eletronicamente.<\/p>\n<p>\u201cAinda h\u00e1 muito por fazer. Processo eletr\u00f4nico \u00e9 o futuro; \u00e9 a forma de prestarmos uma jurisdi\u00e7\u00e3o mais c\u00e9lere, mais confi\u00e1vel e mais segura. N\u00f3s estamos caminhando a passos largos na Subse\u00e7\u00e3o de Guarulhos e avan\u00e7ando bastante.\u201d<\/p>\n<p>A Diretora do Foro da SJSP cumprimentou as autoridades, em especial a Presidente do TRF3, pelo apoio e pela oportunidade de compartilhar de sua gest\u00e3o, parabenizando-a pelos projetos e trabalhos realizados na 3.\u00aa Regi\u00e3o. A Ju\u00edza Federal Luciana Ortiz Tavares Costa Zanoni apontou a import\u00e2ncia da Subse\u00e7\u00e3o de Guarulhos em raz\u00e3o do tamanho de sua popula\u00e7\u00e3o, da presen\u00e7a do aeroporto internacional e da concentra\u00e7\u00e3o de empresas na regi\u00e3o.<\/p>\n<p>\u201c\u00c9 inevit\u00e1vel que toda essa pujan\u00e7a e complexidade se retrate na Subse\u00e7\u00e3o de Guarulhos. Por conta de todos os desafios, percebemos que os ju\u00edzes e servidores que passaram por aqui ou aqui est\u00e3o, se envolvem de corpo e alma para atender de forma eficiente a popula\u00e7\u00e3o.\u201d<\/p>\n<p>O Juiz Federal Marcio Ferro Catapani lembrou que, ao longo desses 20 anos, a Subse\u00e7\u00e3o tem prestado servi\u00e7o jurisdicional de qualidade, humanizado e que considera as expectativas e as necessidades da popula\u00e7\u00e3o local.<\/p>\n<p>\u201cA responsabilidade de estar aqui \u00e9 muito grande; 62% das pessoas que ingressam no pa\u00eds o fazem pelo aeroporto desta cidade. Os lit\u00edgios s\u00e3o de compet\u00eancia federal, e n\u00f3s, de alguma forma, ajudamos a guardar essa porta de entrada.\u201d<\/p>\n<p>O Juiz Federal Paulo Marcos de Almeida ressaltou o lado humano da atividade jurisdicional na regi\u00e3o. \u201cA gente aprende logo que chega que o importante \u00e9 a satisfa\u00e7\u00e3o do jurisdicionado. Aqui todos s\u00e3o tratados com o mesmo respeito: seja um Ministro do Supremo Tribunal Federal que nos visite, seja um r\u00e9u estrangeiro algemado que venha para uma audi\u00eancia de instru\u00e7\u00e3o.\u201d<\/p>\n<p>A Vice-Presidente da OAB\/Guarulhos parabenizou os ju\u00edzes federais pelos relevantes servi\u00e7os prestados \u00e0 comunidade guarulhense e aos munic\u00edpios abrangidos pela sua jurisdi\u00e7\u00e3o. Ela citou o fato de haver cerca de 300 r\u00e9us estrangeiros presos na \u00e1rea de abrang\u00eancia da 19.\u00aa Subse\u00e7\u00e3o e destacou a import\u00e2ncia do Programa de Ressocializa\u00e7\u00e3o de R\u00e9us Estrangeiros (Prorrest) na vida dessas pessoas, que se encontram em situa\u00e7\u00e3o de vulnerabilidade.<\/p>\n<p>Na solenidade, os servidores que fizeram parte da hist\u00f3ria na Justi\u00e7a Federal de Guarulhos desde a instala\u00e7\u00e3o, h\u00e1 20 anos, receberam homenagem da Presidente do TRF3 e da Diretora do Foro da SJSP. Os servidores com mais de 15 anos de atua\u00e7\u00e3o tamb\u00e9m foram homenageados.<\/p>\n<p><strong>Hist\u00f3rico<\/strong><\/p>\n<p>Guarulhos \u00e9 o segundo munic\u00edpio mais populoso e o segundo com maior Produto Interno Bruto (PIB) do Estado de S\u00e3o Paulo. A presen\u00e7a da Justi\u00e7a Federal no munic\u00edpio atendeu a uma grande demanda da regi\u00e3o por essa presta\u00e7\u00e3o jurisdicional.<\/p>\n<p>O F\u00f3rum da Justi\u00e7a Federal no munic\u00edpio foi instalado no dia 3 de dezembro de 1999, sob a gest\u00e3o do Desembargador Federal Jos\u00e9 Kall\u00e1s na Presid\u00eancia do TRF3. No momento da sua cria\u00e7\u00e3o, j\u00e1 recebeu um acervo com cerca de 30 mil a\u00e7\u00f5es, distribu\u00eddas em tr\u00eas Varas.<\/p>\n<p>Em pouco tempo, foi necess\u00e1rio ampliar a estrutura para melhor atender aos usu\u00e1rios. Em 2005, as instala\u00e7\u00f5es da Justi\u00e7a Federal foram transferidas da Avenida Castelo Branco, pr\u00f3xima \u00e0 Via Dutra, para o centro da cidade.<\/p>\n<p>A sede atual, nas imedia\u00e7\u00f5es do Parque Bosque Maia, foi inaugurada em 2012 e conta com cinco Varas Federais de compet\u00eancia mista, uma especializada em execu\u00e7\u00e3o fiscal, duas Varas-gabinete de Juizados Especiais Federais e uma Central de Concilia\u00e7\u00e3o.<\/p>\n<p>O funcionamento do Aeroporto Internacional de S\u00e3o Paulo Em 2001, passou a ser chamado de Aeroporto Internacional de S\u00e3o Paulo\/Guarulhos &#8211; Governador Andr\u00e9 Franco Montoro. no munic\u00edpio traz reflexos para os trabalhos da Justi\u00e7a Federal. Lit\u00edgios envolvendo tr\u00e1fico internacional de drogas, uso de documento falso, descaminho, quest\u00f5es relacionadas aos regimes aduaneiro e tribut\u00e1rio das importa\u00e7\u00f5es, entre outros, s\u00e3o de compet\u00eancia federal.<\/p>\n<p>Merece destaque o papel que a Central de Concilia\u00e7\u00e3o do munic\u00edpio teve no processo de desapropria\u00e7\u00e3o de terreno para a amplia\u00e7\u00e3o do aeroporto. O mutir\u00e3o de concilia\u00e7\u00e3o, realizado em 2012, resultou em mais de tr\u00eas mil acordos homologados.<\/p>\n<p>Al\u00e9m de Guarulhos, a 19.\u00aa Subse\u00e7\u00e3o Judici\u00e1ria do Estado de S\u00e3o Paulo tamb\u00e9m tem jurisdi\u00e7\u00e3o sobre os munic\u00edpios de Aruj\u00e1, Ferraz de Vasconcelos, Itaquaquecetuba, Mairipor\u00e3, Po\u00e1 e Santa Isabel.<\/p>\n<\/p>\n<table width=\"200\" align=\"center\" border=\"0\" cellspacing=\"0\" cellpadding=\"0\">\n<tbody>\n<tr>\n<td><span><span>Fotos: ACOM\/ TRF3<\/span><\/span><\/td>\n<\/tr>\n<tr>\n<td><img decoding=\"async\" width=\"500\" height=\"231\" alt=\"\" data-src=\"http:\/\/web.trf3.jus.br\/noticias\/uploaddir\/image\/2019\/Dezembro\/Guarulhos\/IMG_6608parasite.jpg\" src=\"data:image\/svg+xml;base64,PHN2ZyB3aWR0aD0iMSIgaGVpZ2h0PSIxIiB4bWxucz0iaHR0cDovL3d3dy53My5vcmcvMjAwMC9zdmciPjwvc3ZnPg==\" class=\"lazyload\" style=\"--smush-placeholder-width: 500px; --smush-placeholder-aspect-ratio: 500\/231;\"><\/td>\n<\/tr>\n<tr>\n<td>\u00a0A Presidente do TRF3,\u00a0Therezinha Cazerta (no p\u00falpito \u00e0 esq.), faz\u00a0 discurso na solenidade\u00a0<\/td>\n<\/tr>\n<tr>\n<td><img decoding=\"async\" width=\"500\" height=\"221\" alt=\"\" data-src=\"http:\/\/web.trf3.jus.br\/noticias\/uploaddir\/image\/2019\/Dezembro\/Guarulhos\/IMG_6486parasite.jpg\" src=\"data:image\/svg+xml;base64,PHN2ZyB3aWR0aD0iMSIgaGVpZ2h0PSIxIiB4bWxucz0iaHR0cDovL3d3dy53My5vcmcvMjAwMC9zdmciPjwvc3ZnPg==\" class=\"lazyload\" style=\"--smush-placeholder-width: 500px; --smush-placeholder-aspect-ratio: 500\/221;\"><\/td>\n<\/tr>\n<tr>\n<td>Autoridades da mesa de honra\u00a0na comemora\u00e7\u00e3o dos 20 anos da JF\/Guarulhos<\/td>\n<\/tr>\n<tr>\n<td><img decoding=\"async\" width=\"500\" height=\"234\" alt=\"\" data-src=\"http:\/\/web.trf3.jus.br\/noticias\/uploaddir\/image\/2019\/Dezembro\/Guarulhos\/IMG_6491parasite.jpg\" src=\"data:image\/svg+xml;base64,PHN2ZyB3aWR0aD0iMSIgaGVpZ2h0PSIxIiB4bWxucz0iaHR0cDovL3d3dy53My5vcmcvMjAwMC9zdmciPjwvc3ZnPg==\" class=\"lazyload\" style=\"--smush-placeholder-width: 500px; --smush-placeholder-aspect-ratio: 500\/234;\"><\/td>\n<\/tr>\n<tr>\n<td>Autoridades da mesa de honra na comemora\u00e7\u00e3o dos 20 anos da JF\/Guarulhos\u00a0<\/td>\n<\/tr>\n<tr>\n<td><img decoding=\"async\" width=\"500\" height=\"386\" alt=\"\" data-src=\"http:\/\/web.trf3.jus.br\/noticias\/uploaddir\/image\/2019\/Dezembro\/Guarulhos\/IMG_6595parasite.jpg\" src=\"data:image\/svg+xml;base64,PHN2ZyB3aWR0aD0iMSIgaGVpZ2h0PSIxIiB4bWxucz0iaHR0cDovL3d3dy53My5vcmcvMjAwMC9zdmciPjwvc3ZnPg==\" class=\"lazyload\" style=\"--smush-placeholder-width: 500px; --smush-placeholder-aspect-ratio: 500\/386;\"><\/td>\n<\/tr>\n<tr>\n<td>Presidente do TRF3, Desembargadora Federal Therezinha Cazerta\u00a0<\/td>\n<\/tr>\n<tr>\n<td><img decoding=\"async\" width=\"500\" height=\"399\" alt=\"\" data-src=\"http:\/\/web.trf3.jus.br\/noticias\/uploaddir\/image\/2019\/Dezembro\/Guarulhos\/IMG_6666parasite.jpg\" src=\"data:image\/svg+xml;base64,PHN2ZyB3aWR0aD0iMSIgaGVpZ2h0PSIxIiB4bWxucz0iaHR0cDovL3d3dy53My5vcmcvMjAwMC9zdmciPjwvc3ZnPg==\" class=\"lazyload\" style=\"--smush-placeholder-width: 500px; --smush-placeholder-aspect-ratio: 500\/399;\"><\/td>\n<\/tr>\n<tr>\n<td>Servidor com\u00a020 anos\u00a0servindo a Justi\u00e7a Federal em Guarulhos recebeu homenagem<\/td>\n<\/tr>\n<tr>\n<td><img decoding=\"async\" width=\"500\" height=\"241\" alt=\"\" data-src=\"http:\/\/web.trf3.jus.br\/noticias\/uploaddir\/image\/2019\/Dezembro\/Guarulhos\/IMG_6682parasite.jpg\" src=\"data:image\/svg+xml;base64,PHN2ZyB3aWR0aD0iMSIgaGVpZ2h0PSIxIiB4bWxucz0iaHR0cDovL3d3dy53My5vcmcvMjAwMC9zdmciPjwvc3ZnPg==\" class=\"lazyload\" style=\"--smush-placeholder-width: 500px; --smush-placeholder-aspect-ratio: 500\/241;\"><\/td>\n<\/tr>\n<tr>\n<td>Desembargadora Federal Therezinha Cazerta com\u00a0Ju\u00edzes Federais que atuam\u00a0e que j\u00e1 atuaram na Justi\u00e7a Federal em Guarulhos<\/td>\n<\/tr>\n<\/tbody>\n<\/table>\n<\/div>\n<\/div>\n<p><i>Com informa\u00e7\u00f5es da assessoria de imprensa do TRF3.<\/i><br \/>\n<br \/><a href=\"http:\/\/web.trf3.jus.br\/noticias\/Noticias\/Noticia\/Exibir\/389124\">Fonte<\/a><br \/>\n<br \/><\/p>\n","protected":false},"excerpt":{"rendered":"<p>Solenidade contou com a presen\u00e7a da Presidente do TRF3 Solenidade realizada no dia 12\/12 marcou a comemora\u00e7\u00e3o dos 20 anos de instala\u00e7\u00e3o da Justi\u00e7a Federal em Guarulhos, o segundo maior munic\u00edpio paulista. A cerim\u00f4nia, no audit\u00f3rio do Centro Universit\u00e1rio FIG-Unimesp, foi organizada pela 19.\u00aa Subse\u00e7\u00e3o Judici\u00e1ria do Estado de S\u00e3o Paulo, que \u00e9 dirigida pelo [&hellip;]<\/p>\n","protected":false},"author":3063,"featured_media":2059,"comment_status":"open","ping_status":"open","sticky":false,"template":"","format":"standard","meta":{"footnotes":""},"categories":[5,110],"tags":[32,31,42,30,29,213,9,152,218,214],"class_list":{"0":"post-6444","1":"post","2":"type-post","3":"status-publish","4":"format-standard","5":"has-post-thumbnail","7":"category-previdenciario","8":"category-trf3","9":"tag-calculos-judiciais","10":"tag-calculos-tributarios","11":"tag-direito-tributario","12":"tag-divida-ativa","13":"tag-fazenda-publica","14":"tag-imposto","15":"tag-pericia","16":"tag-trf3","17":"tag-tribunal-regional-federal","18":"tag-tributo"},"yoast_head":"<!-- This site is optimized with the Yoast SEO plugin v27.2 - https:\/\/yoast.com\/product\/yoast-seo-wordpress\/ -->\n<title>TRF3: JUSTI\u00c7A FEDERAL EM GUARULHOS COMEMORA 20 ANOS | Portal de Not\u00edcias<\/title>\n<meta name=\"robots\" content=\"index, follow, max-snippet:-1, max-image-preview:large, max-video-preview:-1\" \/>\n<link rel=\"canonical\" href=\"https:\/\/mhcalculos.com.br\/noticias\/area\/previdenciario\/trf3-justica-federal-em-guarulhos-comemora-20-anos.html\" \/>\n<meta property=\"og:locale\" content=\"pt_BR\" \/>\n<meta property=\"og:type\" content=\"article\" \/>\n<meta property=\"og:title\" content=\"TRF3: JUSTI\u00c7A FEDERAL EM GUARULHOS COMEMORA 20 ANOS | Portal de Not\u00edcias\" \/>\n<meta property=\"og:description\" content=\"Solenidade contou com a presen\u00e7a da Presidente do TRF3 Solenidade realizada no dia 12\/12 marcou a comemora\u00e7\u00e3o dos 20 anos de instala\u00e7\u00e3o da Justi\u00e7a Federal em Guarulhos, o segundo maior munic\u00edpio paulista. A cerim\u00f4nia, no audit\u00f3rio do Centro Universit\u00e1rio FIG-Unimesp, foi organizada pela 19.\u00aa Subse\u00e7\u00e3o Judici\u00e1ria do Estado de S\u00e3o Paulo, que \u00e9 dirigida pelo [&hellip;]\" \/>\n<meta property=\"og:url\" content=\"https:\/\/mhcalculos.com.br\/noticias\/area\/previdenciario\/trf3-justica-federal-em-guarulhos-comemora-20-anos.html\" \/>\n<meta property=\"og:site_name\" content=\"Portal de Not\u00edcias\" \/>\n<meta property=\"article:published_time\" content=\"2019-12-18T15:05:07+00:00\" \/>\n<meta property=\"article:modified_time\" content=\"2021-07-28T17:30:34+00:00\" \/>\n<meta property=\"og:image\" content=\"https:\/\/mhcalculos.com.br\/noticias\/wp-content\/uploads\/sites\/2\/2018\/06\/tributario-0018.jpg\" \/>\n\t<meta property=\"og:image:width\" content=\"2000\" \/>\n\t<meta property=\"og:image:height\" content=\"800\" \/>\n\t<meta property=\"og:image:type\" content=\"image\/jpeg\" \/>\n<meta name=\"author\" content=\"Equipe MH\" \/>\n<meta name=\"twitter:card\" content=\"summary_large_image\" \/>\n<meta name=\"twitter:label1\" content=\"Escrito por\" \/>\n\t<meta name=\"twitter:data1\" content=\"Equipe MH\" \/>\n\t<meta name=\"twitter:label2\" content=\"Est. tempo de leitura\" \/>\n\t<meta name=\"twitter:data2\" content=\"6 minutos\" \/>\n<script type=\"application\/ld+json\" class=\"yoast-schema-graph\">{\"@context\":\"https:\/\/schema.org\",\"@graph\":[{\"@type\":\"Article\",\"@id\":\"https:\/\/mhcalculos.com.br\/noticias\/area\/previdenciario\/trf3-justica-federal-em-guarulhos-comemora-20-anos.html#article\",\"isPartOf\":{\"@id\":\"https:\/\/mhcalculos.com.br\/noticias\/area\/previdenciario\/trf3-justica-federal-em-guarulhos-comemora-20-anos.html\"},\"author\":{\"name\":\"Equipe MH\",\"@id\":\"https:\/\/mhcalculos.com.br\/noticias\/#\/schema\/person\/88d1c34bf72dc779ea14a5a6b8e0ae8d\"},\"headline\":\"TRF3: JUSTI\u00c7A FEDERAL EM GUARULHOS COMEMORA 20 ANOS\",\"datePublished\":\"2019-12-18T15:05:07+00:00\",\"dateModified\":\"2021-07-28T17:30:34+00:00\",\"mainEntityOfPage\":{\"@id\":\"https:\/\/mhcalculos.com.br\/noticias\/area\/previdenciario\/trf3-justica-federal-em-guarulhos-comemora-20-anos.html\"},\"wordCount\":1234,\"commentCount\":0,\"image\":{\"@id\":\"https:\/\/mhcalculos.com.br\/noticias\/area\/previdenciario\/trf3-justica-federal-em-guarulhos-comemora-20-anos.html#primaryimage\"},\"thumbnailUrl\":\"https:\/\/mhcalculos.com.br\/noticias\/wp-content\/uploads\/sites\/2\/2018\/06\/tributario-0018.jpg\",\"keywords\":[\"c\u00e1lculos judiciais\",\"c\u00e1lculos tribut\u00e1rios\",\"direito tribut\u00e1rio\",\"d\u00edvida ativa\",\"fazenda p\u00fablica\",\"Imposto\",\"per\u00edcia\",\"trf3\",\"Tribunal Regional Federal\",\"tributo\"],\"articleSection\":[\"Direito Previdenci\u00e1rio\",\"TRF3\"],\"inLanguage\":\"pt-BR\",\"potentialAction\":[{\"@type\":\"CommentAction\",\"name\":\"Comment\",\"target\":[\"https:\/\/mhcalculos.com.br\/noticias\/area\/previdenciario\/trf3-justica-federal-em-guarulhos-comemora-20-anos.html#respond\"]}]},{\"@type\":\"WebPage\",\"@id\":\"https:\/\/mhcalculos.com.br\/noticias\/area\/previdenciario\/trf3-justica-federal-em-guarulhos-comemora-20-anos.html\",\"url\":\"https:\/\/mhcalculos.com.br\/noticias\/area\/previdenciario\/trf3-justica-federal-em-guarulhos-comemora-20-anos.html\",\"name\":\"TRF3: JUSTI\u00c7A FEDERAL EM GUARULHOS COMEMORA 20 ANOS | Portal de Not\u00edcias\",\"isPartOf\":{\"@id\":\"https:\/\/mhcalculos.com.br\/noticias\/#website\"},\"primaryImageOfPage\":{\"@id\":\"https:\/\/mhcalculos.com.br\/noticias\/area\/previdenciario\/trf3-justica-federal-em-guarulhos-comemora-20-anos.html#primaryimage\"},\"image\":{\"@id\":\"https:\/\/mhcalculos.com.br\/noticias\/area\/previdenciario\/trf3-justica-federal-em-guarulhos-comemora-20-anos.html#primaryimage\"},\"thumbnailUrl\":\"https:\/\/mhcalculos.com.br\/noticias\/wp-content\/uploads\/sites\/2\/2018\/06\/tributario-0018.jpg\",\"datePublished\":\"2019-12-18T15:05:07+00:00\",\"dateModified\":\"2021-07-28T17:30:34+00:00\",\"author\":{\"@id\":\"https:\/\/mhcalculos.com.br\/noticias\/#\/schema\/person\/88d1c34bf72dc779ea14a5a6b8e0ae8d\"},\"breadcrumb\":{\"@id\":\"https:\/\/mhcalculos.com.br\/noticias\/area\/previdenciario\/trf3-justica-federal-em-guarulhos-comemora-20-anos.html#breadcrumb\"},\"inLanguage\":\"pt-BR\",\"potentialAction\":[{\"@type\":\"ReadAction\",\"target\":[\"https:\/\/mhcalculos.com.br\/noticias\/area\/previdenciario\/trf3-justica-federal-em-guarulhos-comemora-20-anos.html\"]}]},{\"@type\":\"ImageObject\",\"inLanguage\":\"pt-BR\",\"@id\":\"https:\/\/mhcalculos.com.br\/noticias\/area\/previdenciario\/trf3-justica-federal-em-guarulhos-comemora-20-anos.html#primaryimage\",\"url\":\"https:\/\/mhcalculos.com.br\/noticias\/wp-content\/uploads\/sites\/2\/2018\/06\/tributario-0018.jpg\",\"contentUrl\":\"https:\/\/mhcalculos.com.br\/noticias\/wp-content\/uploads\/sites\/2\/2018\/06\/tributario-0018.jpg\",\"width\":2000,\"height\":800},{\"@type\":\"BreadcrumbList\",\"@id\":\"https:\/\/mhcalculos.com.br\/noticias\/area\/previdenciario\/trf3-justica-federal-em-guarulhos-comemora-20-anos.html#breadcrumb\",\"itemListElement\":[{\"@type\":\"ListItem\",\"position\":1,\"name\":\"In\u00edcio\",\"item\":\"https:\/\/mhcalculos.com.br\/noticias\/\"},{\"@type\":\"ListItem\",\"position\":2,\"name\":\"TRF3: JUSTI\u00c7A FEDERAL EM GUARULHOS COMEMORA 20 ANOS\"}]},{\"@type\":\"WebSite\",\"@id\":\"https:\/\/mhcalculos.com.br\/noticias\/#website\",\"url\":\"https:\/\/mhcalculos.com.br\/noticias\/\",\"name\":\"Portal de Not\u00edcias\",\"description\":\"Not\u00edcias e Jurisprud\u00eancia\",\"potentialAction\":[{\"@type\":\"SearchAction\",\"target\":{\"@type\":\"EntryPoint\",\"urlTemplate\":\"https:\/\/mhcalculos.com.br\/noticias\/?s={search_term_string}\"},\"query-input\":{\"@type\":\"PropertyValueSpecification\",\"valueRequired\":true,\"valueName\":\"search_term_string\"}}],\"inLanguage\":\"pt-BR\"},{\"@type\":\"Person\",\"@id\":\"https:\/\/mhcalculos.com.br\/noticias\/#\/schema\/person\/88d1c34bf72dc779ea14a5a6b8e0ae8d\",\"name\":\"Equipe MH\",\"image\":{\"@type\":\"ImageObject\",\"inLanguage\":\"pt-BR\",\"@id\":\"https:\/\/secure.gravatar.com\/avatar\/de1c686c2ecc9c5a3f327e3431d819eb39f8f05d4e1045f5a1caad6daaba987f?s=96&d=mm&r=g\",\"url\":\"https:\/\/secure.gravatar.com\/avatar\/de1c686c2ecc9c5a3f327e3431d819eb39f8f05d4e1045f5a1caad6daaba987f?s=96&d=mm&r=g\",\"contentUrl\":\"https:\/\/secure.gravatar.com\/avatar\/de1c686c2ecc9c5a3f327e3431d819eb39f8f05d4e1045f5a1caad6daaba987f?s=96&d=mm&r=g\",\"caption\":\"Equipe MH\"}}]}<\/script>\n<!-- \/ Yoast SEO plugin. -->","yoast_head_json":{"title":"TRF3: JUSTI\u00c7A FEDERAL EM GUARULHOS COMEMORA 20 ANOS | Portal de Not\u00edcias","robots":{"index":"index","follow":"follow","max-snippet":"max-snippet:-1","max-image-preview":"max-image-preview:large","max-video-preview":"max-video-preview:-1"},"canonical":"https:\/\/mhcalculos.com.br\/noticias\/area\/previdenciario\/trf3-justica-federal-em-guarulhos-comemora-20-anos.html","og_locale":"pt_BR","og_type":"article","og_title":"TRF3: JUSTI\u00c7A FEDERAL EM GUARULHOS COMEMORA 20 ANOS | Portal de Not\u00edcias","og_description":"Solenidade contou com a presen\u00e7a da Presidente do TRF3 Solenidade realizada no dia 12\/12 marcou a comemora\u00e7\u00e3o dos 20 anos de instala\u00e7\u00e3o da Justi\u00e7a Federal em Guarulhos, o segundo maior munic\u00edpio paulista. A cerim\u00f4nia, no audit\u00f3rio do Centro Universit\u00e1rio FIG-Unimesp, foi organizada pela 19.\u00aa Subse\u00e7\u00e3o Judici\u00e1ria do Estado de S\u00e3o Paulo, que \u00e9 dirigida pelo [&hellip;]","og_url":"https:\/\/mhcalculos.com.br\/noticias\/area\/previdenciario\/trf3-justica-federal-em-guarulhos-comemora-20-anos.html","og_site_name":"Portal de Not\u00edcias","article_published_time":"2019-12-18T15:05:07+00:00","article_modified_time":"2021-07-28T17:30:34+00:00","og_image":[{"width":2000,"height":800,"url":"https:\/\/mhcalculos.com.br\/noticias\/wp-content\/uploads\/sites\/2\/2018\/06\/tributario-0018.jpg","type":"image\/jpeg"}],"author":"Equipe MH","twitter_card":"summary_large_image","twitter_misc":{"Escrito por":"Equipe MH","Est. tempo de leitura":"6 minutos"},"schema":{"@context":"https:\/\/schema.org","@graph":[{"@type":"Article","@id":"https:\/\/mhcalculos.com.br\/noticias\/area\/previdenciario\/trf3-justica-federal-em-guarulhos-comemora-20-anos.html#article","isPartOf":{"@id":"https:\/\/mhcalculos.com.br\/noticias\/area\/previdenciario\/trf3-justica-federal-em-guarulhos-comemora-20-anos.html"},"author":{"name":"Equipe MH","@id":"https:\/\/mhcalculos.com.br\/noticias\/#\/schema\/person\/88d1c34bf72dc779ea14a5a6b8e0ae8d"},"headline":"TRF3: JUSTI\u00c7A FEDERAL EM GUARULHOS COMEMORA 20 ANOS","datePublished":"2019-12-18T15:05:07+00:00","dateModified":"2021-07-28T17:30:34+00:00","mainEntityOfPage":{"@id":"https:\/\/mhcalculos.com.br\/noticias\/area\/previdenciario\/trf3-justica-federal-em-guarulhos-comemora-20-anos.html"},"wordCount":1234,"commentCount":0,"image":{"@id":"https:\/\/mhcalculos.com.br\/noticias\/area\/previdenciario\/trf3-justica-federal-em-guarulhos-comemora-20-anos.html#primaryimage"},"thumbnailUrl":"https:\/\/mhcalculos.com.br\/noticias\/wp-content\/uploads\/sites\/2\/2018\/06\/tributario-0018.jpg","keywords":["c\u00e1lculos judiciais","c\u00e1lculos tribut\u00e1rios","direito tribut\u00e1rio","d\u00edvida ativa","fazenda p\u00fablica","Imposto","per\u00edcia","trf3","Tribunal Regional Federal","tributo"],"articleSection":["Direito Previdenci\u00e1rio","TRF3"],"inLanguage":"pt-BR","potentialAction":[{"@type":"CommentAction","name":"Comment","target":["https:\/\/mhcalculos.com.br\/noticias\/area\/previdenciario\/trf3-justica-federal-em-guarulhos-comemora-20-anos.html#respond"]}]},{"@type":"WebPage","@id":"https:\/\/mhcalculos.com.br\/noticias\/area\/previdenciario\/trf3-justica-federal-em-guarulhos-comemora-20-anos.html","url":"https:\/\/mhcalculos.com.br\/noticias\/area\/previdenciario\/trf3-justica-federal-em-guarulhos-comemora-20-anos.html","name":"TRF3: JUSTI\u00c7A FEDERAL EM GUARULHOS COMEMORA 20 ANOS | Portal de Not\u00edcias","isPartOf":{"@id":"https:\/\/mhcalculos.com.br\/noticias\/#website"},"primaryImageOfPage":{"@id":"https:\/\/mhcalculos.com.br\/noticias\/area\/previdenciario\/trf3-justica-federal-em-guarulhos-comemora-20-anos.html#primaryimage"},"image":{"@id":"https:\/\/mhcalculos.com.br\/noticias\/area\/previdenciario\/trf3-justica-federal-em-guarulhos-comemora-20-anos.html#primaryimage"},"thumbnailUrl":"https:\/\/mhcalculos.com.br\/noticias\/wp-content\/uploads\/sites\/2\/2018\/06\/tributario-0018.jpg","datePublished":"2019-12-18T15:05:07+00:00","dateModified":"2021-07-28T17:30:34+00:00","author":{"@id":"https:\/\/mhcalculos.com.br\/noticias\/#\/schema\/person\/88d1c34bf72dc779ea14a5a6b8e0ae8d"},"breadcrumb":{"@id":"https:\/\/mhcalculos.com.br\/noticias\/area\/previdenciario\/trf3-justica-federal-em-guarulhos-comemora-20-anos.html#breadcrumb"},"inLanguage":"pt-BR","potentialAction":[{"@type":"ReadAction","target":["https:\/\/mhcalculos.com.br\/noticias\/area\/previdenciario\/trf3-justica-federal-em-guarulhos-comemora-20-anos.html"]}]},{"@type":"ImageObject","inLanguage":"pt-BR","@id":"https:\/\/mhcalculos.com.br\/noticias\/area\/previdenciario\/trf3-justica-federal-em-guarulhos-comemora-20-anos.html#primaryimage","url":"https:\/\/mhcalculos.com.br\/noticias\/wp-content\/uploads\/sites\/2\/2018\/06\/tributario-0018.jpg","contentUrl":"https:\/\/mhcalculos.com.br\/noticias\/wp-content\/uploads\/sites\/2\/2018\/06\/tributario-0018.jpg","width":2000,"height":800},{"@type":"BreadcrumbList","@id":"https:\/\/mhcalculos.com.br\/noticias\/area\/previdenciario\/trf3-justica-federal-em-guarulhos-comemora-20-anos.html#breadcrumb","itemListElement":[{"@type":"ListItem","position":1,"name":"In\u00edcio","item":"https:\/\/mhcalculos.com.br\/noticias\/"},{"@type":"ListItem","position":2,"name":"TRF3: JUSTI\u00c7A FEDERAL EM GUARULHOS COMEMORA 20 ANOS"}]},{"@type":"WebSite","@id":"https:\/\/mhcalculos.com.br\/noticias\/#website","url":"https:\/\/mhcalculos.com.br\/noticias\/","name":"Portal de Not\u00edcias","description":"Not\u00edcias e Jurisprud\u00eancia","potentialAction":[{"@type":"SearchAction","target":{"@type":"EntryPoint","urlTemplate":"https:\/\/mhcalculos.com.br\/noticias\/?s={search_term_string}"},"query-input":{"@type":"PropertyValueSpecification","valueRequired":true,"valueName":"search_term_string"}}],"inLanguage":"pt-BR"},{"@type":"Person","@id":"https:\/\/mhcalculos.com.br\/noticias\/#\/schema\/person\/88d1c34bf72dc779ea14a5a6b8e0ae8d","name":"Equipe MH","image":{"@type":"ImageObject","inLanguage":"pt-BR","@id":"https:\/\/secure.gravatar.com\/avatar\/de1c686c2ecc9c5a3f327e3431d819eb39f8f05d4e1045f5a1caad6daaba987f?s=96&d=mm&r=g","url":"https:\/\/secure.gravatar.com\/avatar\/de1c686c2ecc9c5a3f327e3431d819eb39f8f05d4e1045f5a1caad6daaba987f?s=96&d=mm&r=g","contentUrl":"https:\/\/secure.gravatar.com\/avatar\/de1c686c2ecc9c5a3f327e3431d819eb39f8f05d4e1045f5a1caad6daaba987f?s=96&d=mm&r=g","caption":"Equipe MH"}}]}},"_links":{"self":[{"href":"https:\/\/mhcalculos.com.br\/noticias\/wp-json\/wp\/v2\/posts\/6444","targetHints":{"allow":["GET"]}}],"collection":[{"href":"https:\/\/mhcalculos.com.br\/noticias\/wp-json\/wp\/v2\/posts"}],"about":[{"href":"https:\/\/mhcalculos.com.br\/noticias\/wp-json\/wp\/v2\/types\/post"}],"author":[{"embeddable":true,"href":"https:\/\/mhcalculos.com.br\/noticias\/wp-json\/wp\/v2\/users\/3063"}],"replies":[{"embeddable":true,"href":"https:\/\/mhcalculos.com.br\/noticias\/wp-json\/wp\/v2\/comments?post=6444"}],"version-history":[{"count":1,"href":"https:\/\/mhcalculos.com.br\/noticias\/wp-json\/wp\/v2\/posts\/6444\/revisions"}],"predecessor-version":[{"id":9472,"href":"https:\/\/mhcalculos.com.br\/noticias\/wp-json\/wp\/v2\/posts\/6444\/revisions\/9472"}],"wp:featuredmedia":[{"embeddable":true,"href":"https:\/\/mhcalculos.com.br\/noticias\/wp-json\/wp\/v2\/media\/2059"}],"wp:attachment":[{"href":"https:\/\/mhcalculos.com.br\/noticias\/wp-json\/wp\/v2\/media?parent=6444"}],"wp:term":[{"taxonomy":"category","embeddable":true,"href":"https:\/\/mhcalculos.com.br\/noticias\/wp-json\/wp\/v2\/categories?post=6444"},{"taxonomy":"post_tag","embeddable":true,"href":"https:\/\/mhcalculos.com.br\/noticias\/wp-json\/wp\/v2\/tags?post=6444"}],"curies":[{"name":"wp","href":"https:\/\/api.w.org\/{rel}","templated":true}]}}