{"id":6436,"date":"2019-12-16T22:05:13","date_gmt":"2019-12-17T01:05:13","guid":{"rendered":"https:\/\/mhcalculos.com.br\/noticias\/2019\/12\/16\/trf4-servidor-que-passou-do-regime-celetista-para-o-estatutario-tem-direito-a-saque-16-12-2019\/"},"modified":"2021-07-28T14:30:35","modified_gmt":"2021-07-28T17:30:35","slug":"trf4-servidor-que-passou-do-regime-celetista-para-o-estatutario-tem-direito-a-saque-16-12-2019","status":"publish","type":"post","link":"https:\/\/mhcalculos.com.br\/noticias\/area\/previdenciario\/trf4-servidor-que-passou-do-regime-celetista-para-o-estatutario-tem-direito-a-saque-16-12-2019.html","title":{"rendered":"TRF4: Servidor que passou do regime celetista para o estatut\u00e1rio tem direito a saque (16\/12\/2019)"},"content":{"rendered":"<p><br \/>\n<\/p>\n<p>O Tribunal Regional Federal da 4\u00aa Regi\u00e3o (TRF4) confirmou o direito de um motorista, servidor p\u00fablico da Prefeitura de Lauro M\u00fcller (SC), de sacar os valores depositados em sua conta vinculada ao Fundo de Garantia do Tempo de Servi\u00e7o (FGTS) que havia sido negado por uma ag\u00eancia da Caixa Econ\u00f4mica Federal. A 3\u00aa Turma da corte, por unanimidade, entendeu que, em virtude da mudan\u00e7a do regime jur\u00eddico de trabalho de celetista para estatut\u00e1rio, o homem possui o direito de movimentar a conta e retirar o dinheiro. A decis\u00e3o foi proferida em sess\u00e3o de julgamento da \u00faltima semana (12\/12).<\/p>\n<p>O autor impetrou um mandado de seguran\u00e7a contra ato do gerente da ag\u00eancia da Caixa do munic\u00edpio catarinense, que o impediu de sacar os valores. No processo, narrou que foi admitido em mar\u00e7o de 2002 como servidor p\u00fablico da Prefeitura de Lauro M\u00fcller para exercer o cargo de motorista. Por conta da Lei Municipal n\u00ba 1.490, vigente \u00e0 \u00e9poca da contrata\u00e7\u00e3o, o regime jur\u00eddico adotado para o servidor foi o celetista (regulado pela Consolida\u00e7\u00e3o das Leis do Trabalho &ndash; CLT), com registro na carteira de trabalho e previd\u00eancia social e op\u00e7\u00e3o pelo FGTS.<\/p>\n<p>No entanto, em julho de 2017 com a aprova\u00e7\u00e3o da Lei Complementar n\u00ba 005, houve modifica\u00e7\u00e3o no regime jur\u00eddico de contrata\u00e7\u00e3o dos servidores municipais, passando o autor de celetista para estatut\u00e1rio.<\/p>\n<p>Em consequ\u00eancia da altera\u00e7\u00e3o de regime, a Prefeitura deixou de realizar os recolhimentos do FGTS, o que autorizou o saque pelo impetrante dos valores anteriormente recolhidos desde a sua contrata\u00e7\u00e3o.<\/p>\n<p>Ele afirmou que ao se dirigir at\u00e9 \u00e0 ag\u00eancia da Caixa, o gerente o informou que isso n\u00e3o seria poss\u00edvel. Ap\u00f3s a negativa, o motorista protocolou por escrito um requerimento administrativo para a libera\u00e7\u00e3o dos valores, mas n\u00e3o obteve resposta do banco. Dessa forma, ajuizou a a\u00e7\u00e3o para ter acesso a conta.<\/p>\n<p>O ju\u00edzo da 4\u00aa Vara Federal de Crici\u00fama (SC) julgou o pedido procedente e concedeu a seguran\u00e7a, determinando que Caixa liberasse em favor do autor o saque do saldo da sua conta vinculada ao FGTS.<\/p>\n<p>O processo foi enviado para o TRF4 para reexame de senten\u00e7a por conta do instituto da remessa necess\u00e1ria.<\/p>\n<p>A 3\u00aa Turma do tribunal, de forma un\u00e2nime, negou provimento \u00e0 remessa, confirmando na \u00edntegra a decis\u00e3o de primeira inst\u00e2ncia. A relatora do caso, desembargadora federal Marga Inge Barth Tessler, destacou que foi acertado o entendimento que permitiu \u00e0 movimenta\u00e7\u00e3o da conta do FGTS, a t\u00edtulo de equipara\u00e7\u00e3o da transposi\u00e7\u00e3o do regime jur\u00eddico de trabalho do impetrante de celetista para estatut\u00e1rio \u00e0 uma extin\u00e7\u00e3o do contrato de trabalho.<\/p>\n<p>No seu voto, a magistrada ressaltou: &ldquo;filio-me ao entendimento pacificado no \u00e2mbito do Superior Tribunal de Justi\u00e7a no sentido de que \u00e9 poss\u00edvel o levantamento do saldo da conta vinculada do FGTS no caso de altera\u00e7\u00e3o do regime de trabalho de celetista para estatut\u00e1rio, sem que isso implique ofensa ao artigo 20 da Lei n\u00ba 8.036\/1990, que regulamenta o Fundo de Garantia do Tempo de Servi\u00e7o&rdquo;. Ela ainda apontou para diversos precedentes do pr\u00f3prio TRF4, que firmaram a jurisprud\u00eancia da corte no sentido de garantir a possibilidade do pedido feito pelo autor da a\u00e7\u00e3o.<\/p>\n<p><br \/> (Foto: Ag\u00eancia Brasil)<\/p>\n<p><i>Com informa\u00e7\u00f5es da assessoria de imprensa do TRF4.<\/i><br \/>\n<br \/><a href=\"http:\/\/www2.trf4.jus.br\/trf4\/controlador.php?acao=noticia_visualizar&#038;id_noticia=14952\">Fonte<\/a><br \/>\n<br \/><\/p>\n","protected":false},"excerpt":{"rendered":"<p>O Tribunal Regional Federal da 4\u00aa Regi\u00e3o (TRF4) confirmou o direito de um motorista, servidor p\u00fablico da Prefeitura de Lauro M\u00fcller (SC), de sacar os valores depositados em sua conta vinculada ao Fundo de Garantia do Tempo de Servi\u00e7o (FGTS) que havia sido negado por uma ag\u00eancia da Caixa Econ\u00f4mica Federal. A 3\u00aa Turma da [&hellip;]<\/p>\n","protected":false},"author":3063,"featured_media":3457,"comment_status":"open","ping_status":"open","sticky":false,"template":"","format":"standard","meta":{"footnotes":""},"categories":[5,6],"tags":[11,10,8,13,9,12,17],"class_list":{"0":"post-6436","1":"post","2":"type-post","3":"status-publish","4":"format-standard","5":"has-post-thumbnail","7":"category-previdenciario","8":"category-trf4","9":"tag-aposentadoria","10":"tag-calculos-previdenciarios","11":"tag-direito-previdenciario","12":"tag-inss","13":"tag-pericia","14":"tag-perito","15":"tag-trf4"},"yoast_head":"<!-- This site is optimized with the Yoast SEO plugin v27.2 - https:\/\/yoast.com\/product\/yoast-seo-wordpress\/ -->\n<title>TRF4: Servidor que passou do regime celetista para o estatut\u00e1rio tem direito a saque (16\/12\/2019) | Portal de Not\u00edcias<\/title>\n<meta name=\"robots\" content=\"index, follow, max-snippet:-1, max-image-preview:large, max-video-preview:-1\" \/>\n<link rel=\"canonical\" href=\"https:\/\/mhcalculos.com.br\/noticias\/area\/previdenciario\/trf4-servidor-que-passou-do-regime-celetista-para-o-estatutario-tem-direito-a-saque-16-12-2019.html\" \/>\n<meta property=\"og:locale\" content=\"pt_BR\" \/>\n<meta property=\"og:type\" content=\"article\" \/>\n<meta property=\"og:title\" content=\"TRF4: Servidor que passou do regime celetista para o estatut\u00e1rio tem direito a saque (16\/12\/2019) | Portal de Not\u00edcias\" \/>\n<meta property=\"og:description\" content=\"O Tribunal Regional Federal da 4\u00aa Regi\u00e3o (TRF4) confirmou o direito de um motorista, servidor p\u00fablico da Prefeitura de Lauro M\u00fcller (SC), de sacar os valores depositados em sua conta vinculada ao Fundo de Garantia do Tempo de Servi\u00e7o (FGTS) que havia sido negado por uma ag\u00eancia da Caixa Econ\u00f4mica Federal. A 3\u00aa Turma da [&hellip;]\" \/>\n<meta property=\"og:url\" content=\"https:\/\/mhcalculos.com.br\/noticias\/area\/previdenciario\/trf4-servidor-que-passou-do-regime-celetista-para-o-estatutario-tem-direito-a-saque-16-12-2019.html\" \/>\n<meta property=\"og:site_name\" content=\"Portal de Not\u00edcias\" \/>\n<meta property=\"article:published_time\" content=\"2019-12-17T01:05:13+00:00\" \/>\n<meta property=\"article:modified_time\" content=\"2021-07-28T17:30:35+00:00\" \/>\n<meta property=\"og:image\" content=\"https:\/\/mhcalculos.com.br\/noticias\/wp-content\/uploads\/sites\/2\/2018\/12\/previdenciario-0009.jpg\" \/>\n\t<meta property=\"og:image:width\" content=\"2000\" \/>\n\t<meta property=\"og:image:height\" content=\"800\" \/>\n\t<meta property=\"og:image:type\" content=\"image\/jpeg\" \/>\n<meta name=\"author\" content=\"Equipe MH\" \/>\n<meta name=\"twitter:card\" content=\"summary_large_image\" \/>\n<meta name=\"twitter:label1\" content=\"Escrito por\" \/>\n\t<meta name=\"twitter:data1\" content=\"Equipe MH\" \/>\n\t<meta name=\"twitter:label2\" content=\"Est. tempo de leitura\" \/>\n\t<meta name=\"twitter:data2\" content=\"3 minutos\" \/>\n<script type=\"application\/ld+json\" class=\"yoast-schema-graph\">{\"@context\":\"https:\/\/schema.org\",\"@graph\":[{\"@type\":\"Article\",\"@id\":\"https:\/\/mhcalculos.com.br\/noticias\/area\/previdenciario\/trf4-servidor-que-passou-do-regime-celetista-para-o-estatutario-tem-direito-a-saque-16-12-2019.html#article\",\"isPartOf\":{\"@id\":\"https:\/\/mhcalculos.com.br\/noticias\/area\/previdenciario\/trf4-servidor-que-passou-do-regime-celetista-para-o-estatutario-tem-direito-a-saque-16-12-2019.html\"},\"author\":{\"name\":\"Equipe MH\",\"@id\":\"https:\/\/mhcalculos.com.br\/noticias\/#\/schema\/person\/88d1c34bf72dc779ea14a5a6b8e0ae8d\"},\"headline\":\"TRF4: Servidor que passou do regime celetista para o estatut\u00e1rio tem direito a saque (16\/12\/2019)\",\"datePublished\":\"2019-12-17T01:05:13+00:00\",\"dateModified\":\"2021-07-28T17:30:35+00:00\",\"mainEntityOfPage\":{\"@id\":\"https:\/\/mhcalculos.com.br\/noticias\/area\/previdenciario\/trf4-servidor-que-passou-do-regime-celetista-para-o-estatutario-tem-direito-a-saque-16-12-2019.html\"},\"wordCount\":595,\"commentCount\":0,\"image\":{\"@id\":\"https:\/\/mhcalculos.com.br\/noticias\/area\/previdenciario\/trf4-servidor-que-passou-do-regime-celetista-para-o-estatutario-tem-direito-a-saque-16-12-2019.html#primaryimage\"},\"thumbnailUrl\":\"https:\/\/mhcalculos.com.br\/noticias\/wp-content\/uploads\/sites\/2\/2018\/12\/previdenciario-0009.jpg\",\"keywords\":[\"aposentadoria\",\"c\u00e1lculos previdenci\u00e1rios\",\"direito previdenci\u00e1rio\",\"inss\",\"per\u00edcia\",\"perito\",\"trf4\"],\"articleSection\":[\"Direito Previdenci\u00e1rio\",\"TRF4\"],\"inLanguage\":\"pt-BR\",\"potentialAction\":[{\"@type\":\"CommentAction\",\"name\":\"Comment\",\"target\":[\"https:\/\/mhcalculos.com.br\/noticias\/area\/previdenciario\/trf4-servidor-que-passou-do-regime-celetista-para-o-estatutario-tem-direito-a-saque-16-12-2019.html#respond\"]}]},{\"@type\":\"WebPage\",\"@id\":\"https:\/\/mhcalculos.com.br\/noticias\/area\/previdenciario\/trf4-servidor-que-passou-do-regime-celetista-para-o-estatutario-tem-direito-a-saque-16-12-2019.html\",\"url\":\"https:\/\/mhcalculos.com.br\/noticias\/area\/previdenciario\/trf4-servidor-que-passou-do-regime-celetista-para-o-estatutario-tem-direito-a-saque-16-12-2019.html\",\"name\":\"TRF4: Servidor que passou do regime celetista para o estatut\u00e1rio tem direito a saque (16\/12\/2019) | Portal de Not\u00edcias\",\"isPartOf\":{\"@id\":\"https:\/\/mhcalculos.com.br\/noticias\/#website\"},\"primaryImageOfPage\":{\"@id\":\"https:\/\/mhcalculos.com.br\/noticias\/area\/previdenciario\/trf4-servidor-que-passou-do-regime-celetista-para-o-estatutario-tem-direito-a-saque-16-12-2019.html#primaryimage\"},\"image\":{\"@id\":\"https:\/\/mhcalculos.com.br\/noticias\/area\/previdenciario\/trf4-servidor-que-passou-do-regime-celetista-para-o-estatutario-tem-direito-a-saque-16-12-2019.html#primaryimage\"},\"thumbnailUrl\":\"https:\/\/mhcalculos.com.br\/noticias\/wp-content\/uploads\/sites\/2\/2018\/12\/previdenciario-0009.jpg\",\"datePublished\":\"2019-12-17T01:05:13+00:00\",\"dateModified\":\"2021-07-28T17:30:35+00:00\",\"author\":{\"@id\":\"https:\/\/mhcalculos.com.br\/noticias\/#\/schema\/person\/88d1c34bf72dc779ea14a5a6b8e0ae8d\"},\"breadcrumb\":{\"@id\":\"https:\/\/mhcalculos.com.br\/noticias\/area\/previdenciario\/trf4-servidor-que-passou-do-regime-celetista-para-o-estatutario-tem-direito-a-saque-16-12-2019.html#breadcrumb\"},\"inLanguage\":\"pt-BR\",\"potentialAction\":[{\"@type\":\"ReadAction\",\"target\":[\"https:\/\/mhcalculos.com.br\/noticias\/area\/previdenciario\/trf4-servidor-que-passou-do-regime-celetista-para-o-estatutario-tem-direito-a-saque-16-12-2019.html\"]}]},{\"@type\":\"ImageObject\",\"inLanguage\":\"pt-BR\",\"@id\":\"https:\/\/mhcalculos.com.br\/noticias\/area\/previdenciario\/trf4-servidor-que-passou-do-regime-celetista-para-o-estatutario-tem-direito-a-saque-16-12-2019.html#primaryimage\",\"url\":\"https:\/\/mhcalculos.com.br\/noticias\/wp-content\/uploads\/sites\/2\/2018\/12\/previdenciario-0009.jpg\",\"contentUrl\":\"https:\/\/mhcalculos.com.br\/noticias\/wp-content\/uploads\/sites\/2\/2018\/12\/previdenciario-0009.jpg\",\"width\":2000,\"height\":800},{\"@type\":\"BreadcrumbList\",\"@id\":\"https:\/\/mhcalculos.com.br\/noticias\/area\/previdenciario\/trf4-servidor-que-passou-do-regime-celetista-para-o-estatutario-tem-direito-a-saque-16-12-2019.html#breadcrumb\",\"itemListElement\":[{\"@type\":\"ListItem\",\"position\":1,\"name\":\"In\u00edcio\",\"item\":\"https:\/\/mhcalculos.com.br\/noticias\/\"},{\"@type\":\"ListItem\",\"position\":2,\"name\":\"TRF4: Servidor que passou do regime celetista para o estatut\u00e1rio tem direito a saque (16\/12\/2019)\"}]},{\"@type\":\"WebSite\",\"@id\":\"https:\/\/mhcalculos.com.br\/noticias\/#website\",\"url\":\"https:\/\/mhcalculos.com.br\/noticias\/\",\"name\":\"Portal de Not\u00edcias\",\"description\":\"Not\u00edcias e Jurisprud\u00eancia\",\"potentialAction\":[{\"@type\":\"SearchAction\",\"target\":{\"@type\":\"EntryPoint\",\"urlTemplate\":\"https:\/\/mhcalculos.com.br\/noticias\/?s={search_term_string}\"},\"query-input\":{\"@type\":\"PropertyValueSpecification\",\"valueRequired\":true,\"valueName\":\"search_term_string\"}}],\"inLanguage\":\"pt-BR\"},{\"@type\":\"Person\",\"@id\":\"https:\/\/mhcalculos.com.br\/noticias\/#\/schema\/person\/88d1c34bf72dc779ea14a5a6b8e0ae8d\",\"name\":\"Equipe MH\",\"image\":{\"@type\":\"ImageObject\",\"inLanguage\":\"pt-BR\",\"@id\":\"https:\/\/secure.gravatar.com\/avatar\/de1c686c2ecc9c5a3f327e3431d819eb39f8f05d4e1045f5a1caad6daaba987f?s=96&d=mm&r=g\",\"url\":\"https:\/\/secure.gravatar.com\/avatar\/de1c686c2ecc9c5a3f327e3431d819eb39f8f05d4e1045f5a1caad6daaba987f?s=96&d=mm&r=g\",\"contentUrl\":\"https:\/\/secure.gravatar.com\/avatar\/de1c686c2ecc9c5a3f327e3431d819eb39f8f05d4e1045f5a1caad6daaba987f?s=96&d=mm&r=g\",\"caption\":\"Equipe MH\"}}]}<\/script>\n<!-- \/ Yoast SEO plugin. -->","yoast_head_json":{"title":"TRF4: Servidor que passou do regime celetista para o estatut\u00e1rio tem direito a saque (16\/12\/2019) | Portal de Not\u00edcias","robots":{"index":"index","follow":"follow","max-snippet":"max-snippet:-1","max-image-preview":"max-image-preview:large","max-video-preview":"max-video-preview:-1"},"canonical":"https:\/\/mhcalculos.com.br\/noticias\/area\/previdenciario\/trf4-servidor-que-passou-do-regime-celetista-para-o-estatutario-tem-direito-a-saque-16-12-2019.html","og_locale":"pt_BR","og_type":"article","og_title":"TRF4: Servidor que passou do regime celetista para o estatut\u00e1rio tem direito a saque (16\/12\/2019) | Portal de Not\u00edcias","og_description":"O Tribunal Regional Federal da 4\u00aa Regi\u00e3o (TRF4) confirmou o direito de um motorista, servidor p\u00fablico da Prefeitura de Lauro M\u00fcller (SC), de sacar os valores depositados em sua conta vinculada ao Fundo de Garantia do Tempo de Servi\u00e7o (FGTS) que havia sido negado por uma ag\u00eancia da Caixa Econ\u00f4mica Federal. A 3\u00aa Turma da [&hellip;]","og_url":"https:\/\/mhcalculos.com.br\/noticias\/area\/previdenciario\/trf4-servidor-que-passou-do-regime-celetista-para-o-estatutario-tem-direito-a-saque-16-12-2019.html","og_site_name":"Portal de Not\u00edcias","article_published_time":"2019-12-17T01:05:13+00:00","article_modified_time":"2021-07-28T17:30:35+00:00","og_image":[{"width":2000,"height":800,"url":"https:\/\/mhcalculos.com.br\/noticias\/wp-content\/uploads\/sites\/2\/2018\/12\/previdenciario-0009.jpg","type":"image\/jpeg"}],"author":"Equipe MH","twitter_card":"summary_large_image","twitter_misc":{"Escrito por":"Equipe MH","Est. tempo de leitura":"3 minutos"},"schema":{"@context":"https:\/\/schema.org","@graph":[{"@type":"Article","@id":"https:\/\/mhcalculos.com.br\/noticias\/area\/previdenciario\/trf4-servidor-que-passou-do-regime-celetista-para-o-estatutario-tem-direito-a-saque-16-12-2019.html#article","isPartOf":{"@id":"https:\/\/mhcalculos.com.br\/noticias\/area\/previdenciario\/trf4-servidor-que-passou-do-regime-celetista-para-o-estatutario-tem-direito-a-saque-16-12-2019.html"},"author":{"name":"Equipe MH","@id":"https:\/\/mhcalculos.com.br\/noticias\/#\/schema\/person\/88d1c34bf72dc779ea14a5a6b8e0ae8d"},"headline":"TRF4: Servidor que passou do regime celetista para o estatut\u00e1rio tem direito a saque (16\/12\/2019)","datePublished":"2019-12-17T01:05:13+00:00","dateModified":"2021-07-28T17:30:35+00:00","mainEntityOfPage":{"@id":"https:\/\/mhcalculos.com.br\/noticias\/area\/previdenciario\/trf4-servidor-que-passou-do-regime-celetista-para-o-estatutario-tem-direito-a-saque-16-12-2019.html"},"wordCount":595,"commentCount":0,"image":{"@id":"https:\/\/mhcalculos.com.br\/noticias\/area\/previdenciario\/trf4-servidor-que-passou-do-regime-celetista-para-o-estatutario-tem-direito-a-saque-16-12-2019.html#primaryimage"},"thumbnailUrl":"https:\/\/mhcalculos.com.br\/noticias\/wp-content\/uploads\/sites\/2\/2018\/12\/previdenciario-0009.jpg","keywords":["aposentadoria","c\u00e1lculos previdenci\u00e1rios","direito previdenci\u00e1rio","inss","per\u00edcia","perito","trf4"],"articleSection":["Direito Previdenci\u00e1rio","TRF4"],"inLanguage":"pt-BR","potentialAction":[{"@type":"CommentAction","name":"Comment","target":["https:\/\/mhcalculos.com.br\/noticias\/area\/previdenciario\/trf4-servidor-que-passou-do-regime-celetista-para-o-estatutario-tem-direito-a-saque-16-12-2019.html#respond"]}]},{"@type":"WebPage","@id":"https:\/\/mhcalculos.com.br\/noticias\/area\/previdenciario\/trf4-servidor-que-passou-do-regime-celetista-para-o-estatutario-tem-direito-a-saque-16-12-2019.html","url":"https:\/\/mhcalculos.com.br\/noticias\/area\/previdenciario\/trf4-servidor-que-passou-do-regime-celetista-para-o-estatutario-tem-direito-a-saque-16-12-2019.html","name":"TRF4: Servidor que passou do regime celetista para o estatut\u00e1rio tem direito a saque (16\/12\/2019) | Portal de Not\u00edcias","isPartOf":{"@id":"https:\/\/mhcalculos.com.br\/noticias\/#website"},"primaryImageOfPage":{"@id":"https:\/\/mhcalculos.com.br\/noticias\/area\/previdenciario\/trf4-servidor-que-passou-do-regime-celetista-para-o-estatutario-tem-direito-a-saque-16-12-2019.html#primaryimage"},"image":{"@id":"https:\/\/mhcalculos.com.br\/noticias\/area\/previdenciario\/trf4-servidor-que-passou-do-regime-celetista-para-o-estatutario-tem-direito-a-saque-16-12-2019.html#primaryimage"},"thumbnailUrl":"https:\/\/mhcalculos.com.br\/noticias\/wp-content\/uploads\/sites\/2\/2018\/12\/previdenciario-0009.jpg","datePublished":"2019-12-17T01:05:13+00:00","dateModified":"2021-07-28T17:30:35+00:00","author":{"@id":"https:\/\/mhcalculos.com.br\/noticias\/#\/schema\/person\/88d1c34bf72dc779ea14a5a6b8e0ae8d"},"breadcrumb":{"@id":"https:\/\/mhcalculos.com.br\/noticias\/area\/previdenciario\/trf4-servidor-que-passou-do-regime-celetista-para-o-estatutario-tem-direito-a-saque-16-12-2019.html#breadcrumb"},"inLanguage":"pt-BR","potentialAction":[{"@type":"ReadAction","target":["https:\/\/mhcalculos.com.br\/noticias\/area\/previdenciario\/trf4-servidor-que-passou-do-regime-celetista-para-o-estatutario-tem-direito-a-saque-16-12-2019.html"]}]},{"@type":"ImageObject","inLanguage":"pt-BR","@id":"https:\/\/mhcalculos.com.br\/noticias\/area\/previdenciario\/trf4-servidor-que-passou-do-regime-celetista-para-o-estatutario-tem-direito-a-saque-16-12-2019.html#primaryimage","url":"https:\/\/mhcalculos.com.br\/noticias\/wp-content\/uploads\/sites\/2\/2018\/12\/previdenciario-0009.jpg","contentUrl":"https:\/\/mhcalculos.com.br\/noticias\/wp-content\/uploads\/sites\/2\/2018\/12\/previdenciario-0009.jpg","width":2000,"height":800},{"@type":"BreadcrumbList","@id":"https:\/\/mhcalculos.com.br\/noticias\/area\/previdenciario\/trf4-servidor-que-passou-do-regime-celetista-para-o-estatutario-tem-direito-a-saque-16-12-2019.html#breadcrumb","itemListElement":[{"@type":"ListItem","position":1,"name":"In\u00edcio","item":"https:\/\/mhcalculos.com.br\/noticias\/"},{"@type":"ListItem","position":2,"name":"TRF4: Servidor que passou do regime celetista para o estatut\u00e1rio tem direito a saque (16\/12\/2019)"}]},{"@type":"WebSite","@id":"https:\/\/mhcalculos.com.br\/noticias\/#website","url":"https:\/\/mhcalculos.com.br\/noticias\/","name":"Portal de Not\u00edcias","description":"Not\u00edcias e Jurisprud\u00eancia","potentialAction":[{"@type":"SearchAction","target":{"@type":"EntryPoint","urlTemplate":"https:\/\/mhcalculos.com.br\/noticias\/?s={search_term_string}"},"query-input":{"@type":"PropertyValueSpecification","valueRequired":true,"valueName":"search_term_string"}}],"inLanguage":"pt-BR"},{"@type":"Person","@id":"https:\/\/mhcalculos.com.br\/noticias\/#\/schema\/person\/88d1c34bf72dc779ea14a5a6b8e0ae8d","name":"Equipe MH","image":{"@type":"ImageObject","inLanguage":"pt-BR","@id":"https:\/\/secure.gravatar.com\/avatar\/de1c686c2ecc9c5a3f327e3431d819eb39f8f05d4e1045f5a1caad6daaba987f?s=96&d=mm&r=g","url":"https:\/\/secure.gravatar.com\/avatar\/de1c686c2ecc9c5a3f327e3431d819eb39f8f05d4e1045f5a1caad6daaba987f?s=96&d=mm&r=g","contentUrl":"https:\/\/secure.gravatar.com\/avatar\/de1c686c2ecc9c5a3f327e3431d819eb39f8f05d4e1045f5a1caad6daaba987f?s=96&d=mm&r=g","caption":"Equipe MH"}}]}},"_links":{"self":[{"href":"https:\/\/mhcalculos.com.br\/noticias\/wp-json\/wp\/v2\/posts\/6436","targetHints":{"allow":["GET"]}}],"collection":[{"href":"https:\/\/mhcalculos.com.br\/noticias\/wp-json\/wp\/v2\/posts"}],"about":[{"href":"https:\/\/mhcalculos.com.br\/noticias\/wp-json\/wp\/v2\/types\/post"}],"author":[{"embeddable":true,"href":"https:\/\/mhcalculos.com.br\/noticias\/wp-json\/wp\/v2\/users\/3063"}],"replies":[{"embeddable":true,"href":"https:\/\/mhcalculos.com.br\/noticias\/wp-json\/wp\/v2\/comments?post=6436"}],"version-history":[{"count":1,"href":"https:\/\/mhcalculos.com.br\/noticias\/wp-json\/wp\/v2\/posts\/6436\/revisions"}],"predecessor-version":[{"id":9476,"href":"https:\/\/mhcalculos.com.br\/noticias\/wp-json\/wp\/v2\/posts\/6436\/revisions\/9476"}],"wp:featuredmedia":[{"embeddable":true,"href":"https:\/\/mhcalculos.com.br\/noticias\/wp-json\/wp\/v2\/media\/3457"}],"wp:attachment":[{"href":"https:\/\/mhcalculos.com.br\/noticias\/wp-json\/wp\/v2\/media?parent=6436"}],"wp:term":[{"taxonomy":"category","embeddable":true,"href":"https:\/\/mhcalculos.com.br\/noticias\/wp-json\/wp\/v2\/categories?post=6436"},{"taxonomy":"post_tag","embeddable":true,"href":"https:\/\/mhcalculos.com.br\/noticias\/wp-json\/wp\/v2\/tags?post=6436"}],"curies":[{"name":"wp","href":"https:\/\/api.w.org\/{rel}","templated":true}]}}