{"id":6435,"date":"2019-12-16T18:06:13","date_gmt":"2019-12-16T21:06:13","guid":{"rendered":"https:\/\/mhcalculos.com.br\/noticias\/2019\/12\/16\/stf-pt-questiona-trechos-da-reforma-da-previdencia-nao-aprovados-em-dois-turnos\/"},"modified":"2021-07-28T14:30:35","modified_gmt":"2021-07-28T17:30:35","slug":"stf-pt-questiona-trechos-da-reforma-da-previdencia-nao-aprovados-em-dois-turnos","status":"publish","type":"post","link":"https:\/\/mhcalculos.com.br\/noticias\/area\/previdenciario\/stf-pt-questiona-trechos-da-reforma-da-previdencia-nao-aprovados-em-dois-turnos.html","title":{"rendered":"STF: PT questiona trechos da Reforma da Previd\u00eancia n\u00e3o aprovados em dois turnos"},"content":{"rendered":"<p><br \/>\n<\/p>\n<p>O Partido dos Trabalhadores (PT) ajuizou no Supremo Tribunal Federal (STF) a A\u00e7\u00e3o Direta de Inconstitucionalidade (ADI) 6279, com pedido de medida liminar, contra dispositivos da Reforma da Previd\u00eancia (Emenda Constitucional 103\/2019). O partido sustenta que os dispositivos questionados deixaram de ser aprovados em dois turnos na C\u00e2mara dos Deputados e no Senado, o que contraria o artigo 60 da Constitui\u00e7\u00e3o Federal. O relator \u00e9 o ministro Lu\u00eds Roberto Barroso.<\/p>\n<p>De acordo com o PT, a Proposta de Emenda Constitucional (PEC) 6\/2019, ao ser encaminhada para aprecia\u00e7\u00e3o do Senado, teve itens destacados e posteriormente retirados, o que fez com que fossem inclu\u00eddos no texto da emenda sem que tivessem sido devidamente votados. Segundo a legenda, como houve destaques na aprova\u00e7\u00e3o da PEC em primeiro turno no Senado, deveria ter havido delibera\u00e7\u00e3o sobre cada um deles, sob pena de serem aprovar dispositivos n\u00e3o apreciados pela Casa.<\/p>\n<p>O mesmo teria acontecido, conforme a argumenta\u00e7\u00e3o do partido, no segundo turno da vota\u00e7\u00e3o, quando a mat\u00e9ria foi aprovada com quatro destaques de bancada. Esses trechos, assim, n\u00e3o teriam sido votados no respetivo turno e, consequentemente, n\u00e3o foram aprovados por 3\/5 dos membros do Senado.<\/p>\n<p>O PT pede a concess\u00e3o de liminar para suspender a efic\u00e1cia dos artigos 1&ordm;; 19, par\u00e1grafo 1&ordm;, inciso I, al\u00edneas &ldquo;a&rdquo;, &ldquo;b&rdquo; e &ldquo;c&rdquo;; 20, inciso IV; e 26 da Emenda Constitucional 103\/2019.<\/p>\n<p><span style=\"font-size: smaller\">RP\/CR\/\/CF<\/span><\/p>\n<p><i>Com informa\u00e7\u00f5es da assessoria de imprensa do STF.<\/i><br \/>\n<br \/><br \/>\n<br \/><a href=\"http:\/\/www.stf.jus.br\/portal\/cms\/verNoticiaDetalhe.asp?idConteudo=432685\">Fonte<\/a><\/p>\n","protected":false},"excerpt":{"rendered":"<p>O Partido dos Trabalhadores (PT) ajuizou no Supremo Tribunal Federal (STF) a A\u00e7\u00e3o Direta de Inconstitucionalidade (ADI) 6279, com pedido de medida liminar, contra dispositivos da Reforma da Previd\u00eancia (Emenda Constitucional 103\/2019). O partido sustenta que os dispositivos questionados deixaram de ser aprovados em dois turnos na C\u00e2mara dos Deputados e no Senado, o que [&hellip;]<\/p>\n","protected":false},"author":3063,"featured_media":2932,"comment_status":"open","ping_status":"open","sticky":false,"template":"","format":"standard","meta":{"footnotes":""},"categories":[5,15],"tags":[11,10,8,13,9,12,16],"class_list":{"0":"post-6435","1":"post","2":"type-post","3":"status-publish","4":"format-standard","5":"has-post-thumbnail","7":"category-previdenciario","8":"category-stf","9":"tag-aposentadoria","10":"tag-calculos-previdenciarios","11":"tag-direito-previdenciario","12":"tag-inss","13":"tag-pericia","14":"tag-perito","15":"tag-stf"},"yoast_head":"<!-- This site is optimized with the Yoast SEO plugin v27.2 - https:\/\/yoast.com\/product\/yoast-seo-wordpress\/ -->\n<title>STF: PT questiona trechos da Reforma da Previd\u00eancia n\u00e3o aprovados em dois turnos | Portal de Not\u00edcias<\/title>\n<meta name=\"robots\" content=\"index, follow, max-snippet:-1, max-image-preview:large, max-video-preview:-1\" \/>\n<link rel=\"canonical\" href=\"https:\/\/mhcalculos.com.br\/noticias\/area\/previdenciario\/stf-pt-questiona-trechos-da-reforma-da-previdencia-nao-aprovados-em-dois-turnos.html\" \/>\n<meta property=\"og:locale\" content=\"pt_BR\" \/>\n<meta property=\"og:type\" content=\"article\" \/>\n<meta property=\"og:title\" content=\"STF: PT questiona trechos da Reforma da Previd\u00eancia n\u00e3o aprovados em dois turnos | Portal de Not\u00edcias\" \/>\n<meta property=\"og:description\" content=\"O Partido dos Trabalhadores (PT) ajuizou no Supremo Tribunal Federal (STF) a A\u00e7\u00e3o Direta de Inconstitucionalidade (ADI) 6279, com pedido de medida liminar, contra dispositivos da Reforma da Previd\u00eancia (Emenda Constitucional 103\/2019). O partido sustenta que os dispositivos questionados deixaram de ser aprovados em dois turnos na C\u00e2mara dos Deputados e no Senado, o que [&hellip;]\" \/>\n<meta property=\"og:url\" content=\"https:\/\/mhcalculos.com.br\/noticias\/area\/previdenciario\/stf-pt-questiona-trechos-da-reforma-da-previdencia-nao-aprovados-em-dois-turnos.html\" \/>\n<meta property=\"og:site_name\" content=\"Portal de Not\u00edcias\" \/>\n<meta property=\"article:published_time\" content=\"2019-12-16T21:06:13+00:00\" \/>\n<meta property=\"article:modified_time\" content=\"2021-07-28T17:30:35+00:00\" \/>\n<meta property=\"og:image\" content=\"https:\/\/mhcalculos.com.br\/noticias\/wp-content\/uploads\/sites\/2\/2018\/08\/previdenciario-0044.jpg\" \/>\n\t<meta property=\"og:image:width\" content=\"2000\" \/>\n\t<meta property=\"og:image:height\" content=\"800\" \/>\n\t<meta property=\"og:image:type\" content=\"image\/jpeg\" \/>\n<meta name=\"author\" content=\"Equipe MH\" \/>\n<meta name=\"twitter:card\" content=\"summary_large_image\" \/>\n<meta name=\"twitter:label1\" content=\"Escrito por\" \/>\n\t<meta name=\"twitter:data1\" content=\"Equipe MH\" \/>\n\t<meta name=\"twitter:label2\" content=\"Est. tempo de leitura\" \/>\n\t<meta name=\"twitter:data2\" content=\"1 minuto\" \/>\n<script type=\"application\/ld+json\" class=\"yoast-schema-graph\">{\"@context\":\"https:\/\/schema.org\",\"@graph\":[{\"@type\":\"Article\",\"@id\":\"https:\/\/mhcalculos.com.br\/noticias\/area\/previdenciario\/stf-pt-questiona-trechos-da-reforma-da-previdencia-nao-aprovados-em-dois-turnos.html#article\",\"isPartOf\":{\"@id\":\"https:\/\/mhcalculos.com.br\/noticias\/area\/previdenciario\/stf-pt-questiona-trechos-da-reforma-da-previdencia-nao-aprovados-em-dois-turnos.html\"},\"author\":{\"name\":\"Equipe MH\",\"@id\":\"https:\/\/mhcalculos.com.br\/noticias\/#\/schema\/person\/88d1c34bf72dc779ea14a5a6b8e0ae8d\"},\"headline\":\"STF: PT questiona trechos da Reforma da Previd\u00eancia n\u00e3o aprovados em dois turnos\",\"datePublished\":\"2019-12-16T21:06:13+00:00\",\"dateModified\":\"2021-07-28T17:30:35+00:00\",\"mainEntityOfPage\":{\"@id\":\"https:\/\/mhcalculos.com.br\/noticias\/area\/previdenciario\/stf-pt-questiona-trechos-da-reforma-da-previdencia-nao-aprovados-em-dois-turnos.html\"},\"wordCount\":268,\"commentCount\":0,\"image\":{\"@id\":\"https:\/\/mhcalculos.com.br\/noticias\/area\/previdenciario\/stf-pt-questiona-trechos-da-reforma-da-previdencia-nao-aprovados-em-dois-turnos.html#primaryimage\"},\"thumbnailUrl\":\"https:\/\/mhcalculos.com.br\/noticias\/wp-content\/uploads\/sites\/2\/2018\/08\/previdenciario-0044.jpg\",\"keywords\":[\"aposentadoria\",\"c\u00e1lculos previdenci\u00e1rios\",\"direito previdenci\u00e1rio\",\"inss\",\"per\u00edcia\",\"perito\",\"stf\"],\"articleSection\":[\"Direito Previdenci\u00e1rio\",\"STF\"],\"inLanguage\":\"pt-BR\",\"potentialAction\":[{\"@type\":\"CommentAction\",\"name\":\"Comment\",\"target\":[\"https:\/\/mhcalculos.com.br\/noticias\/area\/previdenciario\/stf-pt-questiona-trechos-da-reforma-da-previdencia-nao-aprovados-em-dois-turnos.html#respond\"]}]},{\"@type\":\"WebPage\",\"@id\":\"https:\/\/mhcalculos.com.br\/noticias\/area\/previdenciario\/stf-pt-questiona-trechos-da-reforma-da-previdencia-nao-aprovados-em-dois-turnos.html\",\"url\":\"https:\/\/mhcalculos.com.br\/noticias\/area\/previdenciario\/stf-pt-questiona-trechos-da-reforma-da-previdencia-nao-aprovados-em-dois-turnos.html\",\"name\":\"STF: PT questiona trechos da Reforma da Previd\u00eancia n\u00e3o aprovados em dois turnos | Portal de Not\u00edcias\",\"isPartOf\":{\"@id\":\"https:\/\/mhcalculos.com.br\/noticias\/#website\"},\"primaryImageOfPage\":{\"@id\":\"https:\/\/mhcalculos.com.br\/noticias\/area\/previdenciario\/stf-pt-questiona-trechos-da-reforma-da-previdencia-nao-aprovados-em-dois-turnos.html#primaryimage\"},\"image\":{\"@id\":\"https:\/\/mhcalculos.com.br\/noticias\/area\/previdenciario\/stf-pt-questiona-trechos-da-reforma-da-previdencia-nao-aprovados-em-dois-turnos.html#primaryimage\"},\"thumbnailUrl\":\"https:\/\/mhcalculos.com.br\/noticias\/wp-content\/uploads\/sites\/2\/2018\/08\/previdenciario-0044.jpg\",\"datePublished\":\"2019-12-16T21:06:13+00:00\",\"dateModified\":\"2021-07-28T17:30:35+00:00\",\"author\":{\"@id\":\"https:\/\/mhcalculos.com.br\/noticias\/#\/schema\/person\/88d1c34bf72dc779ea14a5a6b8e0ae8d\"},\"breadcrumb\":{\"@id\":\"https:\/\/mhcalculos.com.br\/noticias\/area\/previdenciario\/stf-pt-questiona-trechos-da-reforma-da-previdencia-nao-aprovados-em-dois-turnos.html#breadcrumb\"},\"inLanguage\":\"pt-BR\",\"potentialAction\":[{\"@type\":\"ReadAction\",\"target\":[\"https:\/\/mhcalculos.com.br\/noticias\/area\/previdenciario\/stf-pt-questiona-trechos-da-reforma-da-previdencia-nao-aprovados-em-dois-turnos.html\"]}]},{\"@type\":\"ImageObject\",\"inLanguage\":\"pt-BR\",\"@id\":\"https:\/\/mhcalculos.com.br\/noticias\/area\/previdenciario\/stf-pt-questiona-trechos-da-reforma-da-previdencia-nao-aprovados-em-dois-turnos.html#primaryimage\",\"url\":\"https:\/\/mhcalculos.com.br\/noticias\/wp-content\/uploads\/sites\/2\/2018\/08\/previdenciario-0044.jpg\",\"contentUrl\":\"https:\/\/mhcalculos.com.br\/noticias\/wp-content\/uploads\/sites\/2\/2018\/08\/previdenciario-0044.jpg\",\"width\":2000,\"height\":800,\"caption\":\"Horas extras reconhecidas pela Justi\u00e7a do Trabalho n\u00e3o afetam benef\u00edcio complementar j\u00e1 concedido\"},{\"@type\":\"BreadcrumbList\",\"@id\":\"https:\/\/mhcalculos.com.br\/noticias\/area\/previdenciario\/stf-pt-questiona-trechos-da-reforma-da-previdencia-nao-aprovados-em-dois-turnos.html#breadcrumb\",\"itemListElement\":[{\"@type\":\"ListItem\",\"position\":1,\"name\":\"In\u00edcio\",\"item\":\"https:\/\/mhcalculos.com.br\/noticias\/\"},{\"@type\":\"ListItem\",\"position\":2,\"name\":\"STF: PT questiona trechos da Reforma da Previd\u00eancia n\u00e3o aprovados em dois turnos\"}]},{\"@type\":\"WebSite\",\"@id\":\"https:\/\/mhcalculos.com.br\/noticias\/#website\",\"url\":\"https:\/\/mhcalculos.com.br\/noticias\/\",\"name\":\"Portal de Not\u00edcias\",\"description\":\"Not\u00edcias e Jurisprud\u00eancia\",\"potentialAction\":[{\"@type\":\"SearchAction\",\"target\":{\"@type\":\"EntryPoint\",\"urlTemplate\":\"https:\/\/mhcalculos.com.br\/noticias\/?s={search_term_string}\"},\"query-input\":{\"@type\":\"PropertyValueSpecification\",\"valueRequired\":true,\"valueName\":\"search_term_string\"}}],\"inLanguage\":\"pt-BR\"},{\"@type\":\"Person\",\"@id\":\"https:\/\/mhcalculos.com.br\/noticias\/#\/schema\/person\/88d1c34bf72dc779ea14a5a6b8e0ae8d\",\"name\":\"Equipe MH\",\"image\":{\"@type\":\"ImageObject\",\"inLanguage\":\"pt-BR\",\"@id\":\"https:\/\/secure.gravatar.com\/avatar\/de1c686c2ecc9c5a3f327e3431d819eb39f8f05d4e1045f5a1caad6daaba987f?s=96&d=mm&r=g\",\"url\":\"https:\/\/secure.gravatar.com\/avatar\/de1c686c2ecc9c5a3f327e3431d819eb39f8f05d4e1045f5a1caad6daaba987f?s=96&d=mm&r=g\",\"contentUrl\":\"https:\/\/secure.gravatar.com\/avatar\/de1c686c2ecc9c5a3f327e3431d819eb39f8f05d4e1045f5a1caad6daaba987f?s=96&d=mm&r=g\",\"caption\":\"Equipe MH\"}}]}<\/script>\n<!-- \/ Yoast SEO plugin. -->","yoast_head_json":{"title":"STF: PT questiona trechos da Reforma da Previd\u00eancia n\u00e3o aprovados em dois turnos | Portal de Not\u00edcias","robots":{"index":"index","follow":"follow","max-snippet":"max-snippet:-1","max-image-preview":"max-image-preview:large","max-video-preview":"max-video-preview:-1"},"canonical":"https:\/\/mhcalculos.com.br\/noticias\/area\/previdenciario\/stf-pt-questiona-trechos-da-reforma-da-previdencia-nao-aprovados-em-dois-turnos.html","og_locale":"pt_BR","og_type":"article","og_title":"STF: PT questiona trechos da Reforma da Previd\u00eancia n\u00e3o aprovados em dois turnos | Portal de Not\u00edcias","og_description":"O Partido dos Trabalhadores (PT) ajuizou no Supremo Tribunal Federal (STF) a A\u00e7\u00e3o Direta de Inconstitucionalidade (ADI) 6279, com pedido de medida liminar, contra dispositivos da Reforma da Previd\u00eancia (Emenda Constitucional 103\/2019). O partido sustenta que os dispositivos questionados deixaram de ser aprovados em dois turnos na C\u00e2mara dos Deputados e no Senado, o que [&hellip;]","og_url":"https:\/\/mhcalculos.com.br\/noticias\/area\/previdenciario\/stf-pt-questiona-trechos-da-reforma-da-previdencia-nao-aprovados-em-dois-turnos.html","og_site_name":"Portal de Not\u00edcias","article_published_time":"2019-12-16T21:06:13+00:00","article_modified_time":"2021-07-28T17:30:35+00:00","og_image":[{"width":2000,"height":800,"url":"https:\/\/mhcalculos.com.br\/noticias\/wp-content\/uploads\/sites\/2\/2018\/08\/previdenciario-0044.jpg","type":"image\/jpeg"}],"author":"Equipe MH","twitter_card":"summary_large_image","twitter_misc":{"Escrito por":"Equipe MH","Est. tempo de leitura":"1 minuto"},"schema":{"@context":"https:\/\/schema.org","@graph":[{"@type":"Article","@id":"https:\/\/mhcalculos.com.br\/noticias\/area\/previdenciario\/stf-pt-questiona-trechos-da-reforma-da-previdencia-nao-aprovados-em-dois-turnos.html#article","isPartOf":{"@id":"https:\/\/mhcalculos.com.br\/noticias\/area\/previdenciario\/stf-pt-questiona-trechos-da-reforma-da-previdencia-nao-aprovados-em-dois-turnos.html"},"author":{"name":"Equipe MH","@id":"https:\/\/mhcalculos.com.br\/noticias\/#\/schema\/person\/88d1c34bf72dc779ea14a5a6b8e0ae8d"},"headline":"STF: PT questiona trechos da Reforma da Previd\u00eancia n\u00e3o aprovados em dois turnos","datePublished":"2019-12-16T21:06:13+00:00","dateModified":"2021-07-28T17:30:35+00:00","mainEntityOfPage":{"@id":"https:\/\/mhcalculos.com.br\/noticias\/area\/previdenciario\/stf-pt-questiona-trechos-da-reforma-da-previdencia-nao-aprovados-em-dois-turnos.html"},"wordCount":268,"commentCount":0,"image":{"@id":"https:\/\/mhcalculos.com.br\/noticias\/area\/previdenciario\/stf-pt-questiona-trechos-da-reforma-da-previdencia-nao-aprovados-em-dois-turnos.html#primaryimage"},"thumbnailUrl":"https:\/\/mhcalculos.com.br\/noticias\/wp-content\/uploads\/sites\/2\/2018\/08\/previdenciario-0044.jpg","keywords":["aposentadoria","c\u00e1lculos previdenci\u00e1rios","direito previdenci\u00e1rio","inss","per\u00edcia","perito","stf"],"articleSection":["Direito Previdenci\u00e1rio","STF"],"inLanguage":"pt-BR","potentialAction":[{"@type":"CommentAction","name":"Comment","target":["https:\/\/mhcalculos.com.br\/noticias\/area\/previdenciario\/stf-pt-questiona-trechos-da-reforma-da-previdencia-nao-aprovados-em-dois-turnos.html#respond"]}]},{"@type":"WebPage","@id":"https:\/\/mhcalculos.com.br\/noticias\/area\/previdenciario\/stf-pt-questiona-trechos-da-reforma-da-previdencia-nao-aprovados-em-dois-turnos.html","url":"https:\/\/mhcalculos.com.br\/noticias\/area\/previdenciario\/stf-pt-questiona-trechos-da-reforma-da-previdencia-nao-aprovados-em-dois-turnos.html","name":"STF: PT questiona trechos da Reforma da Previd\u00eancia n\u00e3o aprovados em dois turnos | Portal de Not\u00edcias","isPartOf":{"@id":"https:\/\/mhcalculos.com.br\/noticias\/#website"},"primaryImageOfPage":{"@id":"https:\/\/mhcalculos.com.br\/noticias\/area\/previdenciario\/stf-pt-questiona-trechos-da-reforma-da-previdencia-nao-aprovados-em-dois-turnos.html#primaryimage"},"image":{"@id":"https:\/\/mhcalculos.com.br\/noticias\/area\/previdenciario\/stf-pt-questiona-trechos-da-reforma-da-previdencia-nao-aprovados-em-dois-turnos.html#primaryimage"},"thumbnailUrl":"https:\/\/mhcalculos.com.br\/noticias\/wp-content\/uploads\/sites\/2\/2018\/08\/previdenciario-0044.jpg","datePublished":"2019-12-16T21:06:13+00:00","dateModified":"2021-07-28T17:30:35+00:00","author":{"@id":"https:\/\/mhcalculos.com.br\/noticias\/#\/schema\/person\/88d1c34bf72dc779ea14a5a6b8e0ae8d"},"breadcrumb":{"@id":"https:\/\/mhcalculos.com.br\/noticias\/area\/previdenciario\/stf-pt-questiona-trechos-da-reforma-da-previdencia-nao-aprovados-em-dois-turnos.html#breadcrumb"},"inLanguage":"pt-BR","potentialAction":[{"@type":"ReadAction","target":["https:\/\/mhcalculos.com.br\/noticias\/area\/previdenciario\/stf-pt-questiona-trechos-da-reforma-da-previdencia-nao-aprovados-em-dois-turnos.html"]}]},{"@type":"ImageObject","inLanguage":"pt-BR","@id":"https:\/\/mhcalculos.com.br\/noticias\/area\/previdenciario\/stf-pt-questiona-trechos-da-reforma-da-previdencia-nao-aprovados-em-dois-turnos.html#primaryimage","url":"https:\/\/mhcalculos.com.br\/noticias\/wp-content\/uploads\/sites\/2\/2018\/08\/previdenciario-0044.jpg","contentUrl":"https:\/\/mhcalculos.com.br\/noticias\/wp-content\/uploads\/sites\/2\/2018\/08\/previdenciario-0044.jpg","width":2000,"height":800,"caption":"Horas extras reconhecidas pela Justi\u00e7a do Trabalho n\u00e3o afetam benef\u00edcio complementar j\u00e1 concedido"},{"@type":"BreadcrumbList","@id":"https:\/\/mhcalculos.com.br\/noticias\/area\/previdenciario\/stf-pt-questiona-trechos-da-reforma-da-previdencia-nao-aprovados-em-dois-turnos.html#breadcrumb","itemListElement":[{"@type":"ListItem","position":1,"name":"In\u00edcio","item":"https:\/\/mhcalculos.com.br\/noticias\/"},{"@type":"ListItem","position":2,"name":"STF: PT questiona trechos da Reforma da Previd\u00eancia n\u00e3o aprovados em dois turnos"}]},{"@type":"WebSite","@id":"https:\/\/mhcalculos.com.br\/noticias\/#website","url":"https:\/\/mhcalculos.com.br\/noticias\/","name":"Portal de Not\u00edcias","description":"Not\u00edcias e Jurisprud\u00eancia","potentialAction":[{"@type":"SearchAction","target":{"@type":"EntryPoint","urlTemplate":"https:\/\/mhcalculos.com.br\/noticias\/?s={search_term_string}"},"query-input":{"@type":"PropertyValueSpecification","valueRequired":true,"valueName":"search_term_string"}}],"inLanguage":"pt-BR"},{"@type":"Person","@id":"https:\/\/mhcalculos.com.br\/noticias\/#\/schema\/person\/88d1c34bf72dc779ea14a5a6b8e0ae8d","name":"Equipe MH","image":{"@type":"ImageObject","inLanguage":"pt-BR","@id":"https:\/\/secure.gravatar.com\/avatar\/de1c686c2ecc9c5a3f327e3431d819eb39f8f05d4e1045f5a1caad6daaba987f?s=96&d=mm&r=g","url":"https:\/\/secure.gravatar.com\/avatar\/de1c686c2ecc9c5a3f327e3431d819eb39f8f05d4e1045f5a1caad6daaba987f?s=96&d=mm&r=g","contentUrl":"https:\/\/secure.gravatar.com\/avatar\/de1c686c2ecc9c5a3f327e3431d819eb39f8f05d4e1045f5a1caad6daaba987f?s=96&d=mm&r=g","caption":"Equipe MH"}}]}},"_links":{"self":[{"href":"https:\/\/mhcalculos.com.br\/noticias\/wp-json\/wp\/v2\/posts\/6435","targetHints":{"allow":["GET"]}}],"collection":[{"href":"https:\/\/mhcalculos.com.br\/noticias\/wp-json\/wp\/v2\/posts"}],"about":[{"href":"https:\/\/mhcalculos.com.br\/noticias\/wp-json\/wp\/v2\/types\/post"}],"author":[{"embeddable":true,"href":"https:\/\/mhcalculos.com.br\/noticias\/wp-json\/wp\/v2\/users\/3063"}],"replies":[{"embeddable":true,"href":"https:\/\/mhcalculos.com.br\/noticias\/wp-json\/wp\/v2\/comments?post=6435"}],"version-history":[{"count":1,"href":"https:\/\/mhcalculos.com.br\/noticias\/wp-json\/wp\/v2\/posts\/6435\/revisions"}],"predecessor-version":[{"id":9478,"href":"https:\/\/mhcalculos.com.br\/noticias\/wp-json\/wp\/v2\/posts\/6435\/revisions\/9478"}],"wp:featuredmedia":[{"embeddable":true,"href":"https:\/\/mhcalculos.com.br\/noticias\/wp-json\/wp\/v2\/media\/2932"}],"wp:attachment":[{"href":"https:\/\/mhcalculos.com.br\/noticias\/wp-json\/wp\/v2\/media?parent=6435"}],"wp:term":[{"taxonomy":"category","embeddable":true,"href":"https:\/\/mhcalculos.com.br\/noticias\/wp-json\/wp\/v2\/categories?post=6435"},{"taxonomy":"post_tag","embeddable":true,"href":"https:\/\/mhcalculos.com.br\/noticias\/wp-json\/wp\/v2\/tags?post=6435"}],"curies":[{"name":"wp","href":"https:\/\/api.w.org\/{rel}","templated":true}]}}