{"id":6424,"date":"2019-12-12T14:05:20","date_gmt":"2019-12-12T17:05:20","guid":{"rendered":"https:\/\/mhcalculos.com.br\/noticias\/2019\/12\/12\/movimento-inclusao-leva-sensibilizacao-na-causa-para-centenas-de-pessoas\/"},"modified":"2021-07-28T14:30:36","modified_gmt":"2021-07-28T17:30:36","slug":"movimento-inclusao-leva-sensibilizacao-na-causa-para-centenas-de-pessoas","status":"publish","type":"post","link":"https:\/\/mhcalculos.com.br\/noticias\/cidadania\/movimento-inclusao-leva-sensibilizacao-na-causa-para-centenas-de-pessoas.html","title":{"rendered":"Movimento + Inclus\u00e3o leva sensibiliza\u00e7\u00e3o na causa para centenas de pessoas"},"content":{"rendered":"<p> <br \/>\n<\/p>\n<p>O <strong>Movimento + Inclus\u00e3o<\/strong> \u00e9 uma iniciativa da empresa <strong><a href=\"https:\/\/www.thalesgroup.com\/en\">Thales Group<\/a><\/strong>, em parceria com a <strong>ASID Brasil<\/strong>, e prop\u00f5e uma semana de sensibiliza\u00e7\u00e3o e conscientiza\u00e7\u00e3o de colaboradores frente a causa da pessoa com defici\u00eancia.&nbsp;<\/p>\n<p>Para isto o movimento foi divido em tr\u00eas a\u00e7\u00f5es principais, denominadas: Campanha, Roda de Conversa \u201cQuintal de Casa\u201d e Workshop \u201cDiferen\u00e7as que constroem\u201d. <\/p>\n<p>O <strong>Movimento + Inclus\u00e3o<\/strong> aconteceu em 2019, entre os dias 11 de novembro e 14 de novembro.<\/p>\n<p>O detalhamento das a\u00e7\u00f5es, assim como os n\u00fameros alcan\u00e7ados e impacto est\u00e3o relatados na sequ\u00eancia. <\/p>\n<h4>Campanha<\/h4>\n<p>A Campanha aconteceu durante os quatro dias do <strong>Movimento + Inclus\u00e3o<\/strong>. Com o objetivo de levar informa\u00e7\u00e3o e conscientizar colaboradores da empresa Thales sobre a causa da pessoa com defici\u00eancia (PcD) atrav\u00e9s de banners, cartilhas, cartazes e e-mails, a Campanha foi dividida em duas frentes:<\/p>\n<ul>\n<li>Direitos da PcD: nos dias 11\/11 e 12\/11 foram divulgados quais s\u00e3o os direitos da PcD perante lei e alguns dados importantes sobre a causa; e <\/li>\n<li>Boas Pr\u00e1ticas: nos dias 13\/11 e 14\/11 os colaboradores tiveram acesso a informa\u00e7\u00f5es sobre Boas Pr\u00e1ticas a serem realizadas com a PcD. <\/li>\n<\/ul>\n<p>Atrav\u00e9s desses materiais, os colaboradores conheceram a causa da pessoa com defici\u00eancia e aprenderam como lidar com situa\u00e7\u00f5es em sua rotina, seja na inclus\u00e3o da PcD no trabalho ou no dia a dia. <\/p>\n<figure class=\"wp-block-image\"><figcaption>Banners da Campanha em exposi\u00e7\u00e3o na empresa<\/figcaption><\/figure>\n<figure class=\"wp-block-image\"><img decoding=\"async\" data-src=\"https:\/\/asidbrasil.org.br\/wp-content\/uploads\/2019\/12\/Cartilhas-Movimento-MaisInclusao.jpg\" alt=\"\" class=\"wp-image-19179 lazyload\" src=\"data:image\/svg+xml;base64,PHN2ZyB3aWR0aD0iMSIgaGVpZ2h0PSIxIiB4bWxucz0iaHR0cDovL3d3dy53My5vcmcvMjAwMC9zdmciPjwvc3ZnPg==\" \/><figcaption>Cartilhas de conscientiza\u00e7\u00e3o<\/figcaption><\/figure>\n<h3>Roda de Conversa: Quintal de Casa<\/h3>\n<p>Diante do objetivo de aproximar os<br \/>\ncolaboradores da empresa da causa da pessoa com defici\u00eancia foi identificada a<br \/>\noportunidade de convidar colegas de trabalho com defici\u00eancia para que<br \/>\ncompartilhassem suas hist\u00f3rias e viv\u00eancias. <\/p>\n<p>Denominada \u201cQuintal de Casa\u201d, cinco colaboradores com defici\u00eancia foram convidados \u00e0 participar de uma Roda de Conversa. O momento foi mediado pela <strong><a href=\"https:\/\/www.amandalyra.com\/\">Amanda Lyra<\/a><\/strong>, tamb\u00e9m PcD, que direcionou aos convidados quest\u00f5es abordando a descoberta da defici\u00eancia, a rela\u00e7\u00e3o com a fam\u00edlia, as conquistas de cada um e as barreiras encontras na sociedade.<\/p>\n<p>Os espectadores tamb\u00e9m puderam<br \/>\nparticipar: al\u00e9m do esclarecimento de d\u00favidas junto aos PcD, eles tamb\u00e9m foram convidados a<br \/>\nrelatarem como era trabalhar com cada um dos colaboradores que estavam a<br \/>\nfrente. <\/p>\n<p>O momento trouxe reflex\u00e3o para<br \/>\ntodos e tornou ainda mais claro que o respeito \u00e9 imprescind\u00edvel. <\/p>\n<figure class=\"wp-block-image\"><img decoding=\"async\" data-src=\"https:\/\/asidbrasil.org.br\/wp-content\/uploads\/2019\/12\/Roda-de-Conversa-Quintal-de-Casa-1.jpg\" alt=\"\" class=\"wp-image-19185 lazyload\" src=\"data:image\/svg+xml;base64,PHN2ZyB3aWR0aD0iMSIgaGVpZ2h0PSIxIiB4bWxucz0iaHR0cDovL3d3dy53My5vcmcvMjAwMC9zdmciPjwvc3ZnPg==\" \/><figcaption>Roda de Conversa Quintal de Casa<\/figcaption><\/figure>\n<h3>Workshop Diferen\u00e7as que Constroem <\/h3>\n<p>Vislumbrando tratar do tema da inclus\u00e3o da PcD na sociedade, passando pela compreens\u00e3o da diversidade e da responsabilidade de cada um em promover pr\u00e1ticas inclusivas, outra a\u00e7\u00e3o do <strong>Movimento + Inclus\u00e3o<\/strong> foi o Workshop \u201cDiferen\u00e7as que Constroem\u201d.<\/p>\n<p>Com um p\u00fablico selecionado de l\u00edderes e gestores, o momento foi iniciado com uma contextualiza\u00e7\u00e3o sobre diversidade e privil\u00e9gios, trazendo em destaque dados da PcD no Brasil. Na sequ\u00eancia foram realizadas duas din\u00e2micas:  <\/p>\n<ul>\n<li>A primeira \u00e9 intitulada de \u201cMitos e Verdades\u201d, onde os participantes s\u00e3o convidados a discutir perguntas e respostas a respeito de quest\u00f5es comuns que envolvem a causa.<\/li>\n<li>J\u00e1 a segunda din\u00e2mica \u00e9 denominada \u201cCaf\u00e9 Sensorial\u201d. Nela cada participante vivencia uma defici\u00eancia, podendo refletir de for emp\u00e1tica a experi\u00eancia de ser uma pessoa com defici\u00eancia. <\/li>\n<\/ul>\n<p>A atividade foi encerrada com uma roda de conversa visando trazer a troca de percep\u00e7\u00f5es e enfatizar a presen\u00e7a de barreiras \u2013 que impedem que a PcD tenha uma participa\u00e7\u00e3o plena na sociedade. <\/p>\n<h4>N\u00fameros<\/h4>\n<ul>\n<li><strong>28<\/strong> Participantes no Quintal de Casa e Workshop<\/li>\n<li><strong>5 <\/strong>Pessoas com defici\u00eancia ativas no projeto<\/li>\n<li><strong>350<\/strong> colaboradores sensibilizados<\/li>\n<\/ul>\n<h4>Impacto<\/h4>\n<p>Atrav\u00e9s da Campanha, os colaboradores tiveram acesso a informa\u00e7\u00f5es muitas vezes desconhecidas sobre a causa da pessoa com defici\u00eancia. Com isso, o contato com divulga\u00e7\u00f5es e informa\u00e7\u00f5es sensibilizaram os colaboradores, tornando-os mais inclusivos tanto no trabalho quanto em sua rotina social, entendendo as diferen\u00e7as e potencial de cada um. <\/p>\n<p>Entre os participantes, <strong>66,7%<\/strong> se declararam muito satisfa\u00e7\u00e3o com o <strong>Movimento + Inclus\u00e3o<\/strong>.<\/p>\n<blockquote class=\"wp-block-quote\">\n<p> Important\u00edssimo, para demonstrar o quanto n\u00f3s \u00e9 que temos que nos adaptar a eles e n\u00e3o o contr\u00e1rio.<\/p>\n<p><cite>Depoimento de participante<\/cite><\/p><\/blockquote>\n<blockquote class=\"wp-block-quote\">\n<p>Eu gostei muito disso, e tamb\u00e9m senti respeito. Ent\u00e3o espero que aqui na empresa a gente continue crescendo e respeitando uns aos outros.<\/p>\n<p><cite>Depoimento de participante<\/cite><\/p><\/blockquote>\n<figure class=\"wp-block-image\"><img decoding=\"async\" data-src=\"https:\/\/asidbrasil.org.br\/wp-content\/uploads\/2019\/12\/Participantes-da-Roda-de-Conversa.jpg\" alt=\"\" class=\"wp-image-19181 lazyload\" src=\"data:image\/svg+xml;base64,PHN2ZyB3aWR0aD0iMSIgaGVpZ2h0PSIxIiB4bWxucz0iaHR0cDovL3d3dy53My5vcmcvMjAwMC9zdmciPjwvc3ZnPg==\" \/><figcaption>Alguns participantes do Movimento + Inclus\u00e3o ap\u00f3s a Roda de Conversa Quintal de Casa<\/figcaption><\/figure>\n<h4>Conclus\u00e3o<\/h4>\n<p>A\u00e7\u00f5es como essa&nbsp; promovem uma alta sensibiliza\u00e7\u00e3o nos<br \/>\ncolaboradores, conhecendo mais a causa da pessoa com defici\u00eancia e ent\u00e3o,<br \/>\ntornando-os pessoas mais inclusivas no mercado de trabalho e em outras rotinas.\n<\/p>\n<p>Atrav\u00e9s do Quintal de Casa e Workshop, gestores t\u00eam a oportunidade de estarem pr\u00f3ximos dos colaboradores com defici\u00eancia conhecendo suas vis\u00f5es e realidades. Assim, tornam suas equipes mais inclusivas, gerando maior diversidade, melhor trabalho em equipe e inova\u00e7\u00e3o. <\/p>\n<p>Quer conhecer mais projetos?<\/p>\n<div class=\"wp-block-button aligncenter\"><a class=\"wp-block-button__link has-background has-vivid-green-cyan-background-color\" href=\"https:\/\/asidbrasil.org.br\/cases-de-inclusao\/\">Acessar mais projetos<\/a><\/div>\n<p>O post <a rel=\"nofollow\" href=\"https:\/\/asidbrasil.org.br\/movimento-inclusao-leva-sensibilizacao-na-causa-para-centenas-de-pessoas\/\">Movimento + Inclus\u00e3o leva sensibiliza\u00e7\u00e3o na causa para centenas de pessoas<\/a> apareceu primeiro em <a rel=\"nofollow\" href=\"https:\/\/asidbrasil.org.br\">ASID Brasil<\/a>.<\/p>\n<p><i>Visite o site <a href=\"https:\/\/asidbrasil.org.br\/\">asidbrasil.org.br<\/a> e conhe\u00e7a mais sobre a ASID Brasil.<\/i><br \/>\n<br \/><a href=\"https:\/\/asidbrasil.org.br\/movimento-inclusao-leva-sensibilizacao-na-causa-para-centenas-de-pessoas\/\">Fonte<\/a><br \/>\n<br \/><\/p>\n","protected":false},"excerpt":{"rendered":"<p>O Movimento + Inclus\u00e3o \u00e9 uma iniciativa da empresa Thales Group, em parceria com a ASID Brasil, e prop\u00f5e uma semana de sensibiliza\u00e7\u00e3o e conscientiza\u00e7\u00e3o de colaboradores frente a causa da pessoa com defici\u00eancia.&nbsp; Para isto o movimento foi divido em tr\u00eas a\u00e7\u00f5es principais, denominadas: Campanha, Roda de Conversa \u201cQuintal de Casa\u201d e Workshop \u201cDiferen\u00e7as [&hellip;]<\/p>\n","protected":false},"author":3063,"featured_media":2458,"comment_status":"open","ping_status":"open","sticky":false,"template":"","format":"standard","meta":{"footnotes":""},"categories":[113],"tags":[158,157,163,162,164,161,160,159],"class_list":{"0":"post-6424","1":"post","2":"type-post","3":"status-publish","4":"format-standard","5":"has-post-thumbnail","7":"category-cidadania","8":"tag-asid","9":"tag-cidadania","10":"tag-desenvolvimento-institucional","11":"tag-diversidade","12":"tag-impacto-social","13":"tag-inclusao","14":"tag-voluntariado","15":"tag-voluntario"},"yoast_head":"<!-- This site is optimized with the Yoast SEO plugin v27.2 - https:\/\/yoast.com\/product\/yoast-seo-wordpress\/ -->\n<title>Movimento + Inclus\u00e3o leva sensibiliza\u00e7\u00e3o na causa para centenas de pessoas | Portal de Not\u00edcias<\/title>\n<meta name=\"robots\" content=\"index, follow, max-snippet:-1, max-image-preview:large, max-video-preview:-1\" \/>\n<link rel=\"canonical\" href=\"https:\/\/asidbrasil.org.br\/movimento-inclusao-leva-sensibilizacao-na-causa-para-centenas-de-pessoas\/\" \/>\n<meta property=\"og:locale\" content=\"pt_BR\" \/>\n<meta property=\"og:type\" content=\"article\" \/>\n<meta property=\"og:title\" content=\"Movimento + Inclus\u00e3o leva sensibiliza\u00e7\u00e3o na causa para centenas de pessoas | Portal de Not\u00edcias\" \/>\n<meta property=\"og:description\" content=\"O Movimento + Inclus\u00e3o \u00e9 uma iniciativa da empresa Thales Group, em parceria com a ASID Brasil, e prop\u00f5e uma semana de sensibiliza\u00e7\u00e3o e conscientiza\u00e7\u00e3o de colaboradores frente a causa da pessoa com defici\u00eancia.&nbsp; Para isto o movimento foi divido em tr\u00eas a\u00e7\u00f5es principais, denominadas: Campanha, Roda de Conversa \u201cQuintal de Casa\u201d e Workshop \u201cDiferen\u00e7as [&hellip;]\" \/>\n<meta property=\"og:url\" content=\"https:\/\/asidbrasil.org.br\/movimento-inclusao-leva-sensibilizacao-na-causa-para-centenas-de-pessoas\/\" \/>\n<meta property=\"og:site_name\" content=\"Portal de Not\u00edcias\" \/>\n<meta property=\"article:published_time\" content=\"2019-12-12T17:05:20+00:00\" \/>\n<meta property=\"article:modified_time\" content=\"2021-07-28T17:30:36+00:00\" \/>\n<meta property=\"og:image\" content=\"https:\/\/mhcalculos.com.br\/noticias\/wp-content\/uploads\/sites\/2\/2018\/07\/logo@2x.png\" \/>\n\t<meta property=\"og:image:width\" content=\"198\" \/>\n\t<meta property=\"og:image:height\" content=\"44\" \/>\n\t<meta property=\"og:image:type\" content=\"image\/png\" \/>\n<meta name=\"author\" content=\"Equipe MH\" \/>\n<meta name=\"twitter:card\" content=\"summary_large_image\" \/>\n<meta name=\"twitter:label1\" content=\"Escrito por\" \/>\n\t<meta name=\"twitter:data1\" content=\"Equipe MH\" \/>\n\t<meta name=\"twitter:label2\" content=\"Est. tempo de leitura\" \/>\n\t<meta name=\"twitter:data2\" content=\"4 minutos\" \/>\n<script type=\"application\/ld+json\" class=\"yoast-schema-graph\">{\"@context\":\"https:\/\/schema.org\",\"@graph\":[{\"@type\":\"Article\",\"@id\":\"https:\/\/asidbrasil.org.br\/movimento-inclusao-leva-sensibilizacao-na-causa-para-centenas-de-pessoas\/#article\",\"isPartOf\":{\"@id\":\"https:\/\/mhcalculos.com.br\/noticias\/cidadania\/movimento-inclusao-leva-sensibilizacao-na-causa-para-centenas-de-pessoas.html\"},\"author\":{\"name\":\"Equipe MH\",\"@id\":\"https:\/\/mhcalculos.com.br\/noticias\/#\/schema\/person\/88d1c34bf72dc779ea14a5a6b8e0ae8d\"},\"headline\":\"Movimento + Inclus\u00e3o leva sensibiliza\u00e7\u00e3o na causa para centenas de pessoas\",\"datePublished\":\"2019-12-12T17:05:20+00:00\",\"dateModified\":\"2021-07-28T17:30:36+00:00\",\"mainEntityOfPage\":{\"@id\":\"https:\/\/mhcalculos.com.br\/noticias\/cidadania\/movimento-inclusao-leva-sensibilizacao-na-causa-para-centenas-de-pessoas.html\"},\"wordCount\":873,\"commentCount\":0,\"image\":{\"@id\":\"https:\/\/asidbrasil.org.br\/movimento-inclusao-leva-sensibilizacao-na-causa-para-centenas-de-pessoas\/#primaryimage\"},\"thumbnailUrl\":\"https:\/\/mhcalculos.com.br\/noticias\/wp-content\/uploads\/sites\/2\/2018\/07\/logo@2x.png\",\"keywords\":[\"asid\",\"cidadania\",\"desenvolvimento institucional\",\"diversidade\",\"impacto social\",\"inclus\u00e3o\",\"voluntariado\",\"volunt\u00e1rio\"],\"articleSection\":[\"Cidadania\"],\"inLanguage\":\"pt-BR\",\"potentialAction\":[{\"@type\":\"CommentAction\",\"name\":\"Comment\",\"target\":[\"https:\/\/asidbrasil.org.br\/movimento-inclusao-leva-sensibilizacao-na-causa-para-centenas-de-pessoas\/#respond\"]}]},{\"@type\":\"WebPage\",\"@id\":\"https:\/\/mhcalculos.com.br\/noticias\/cidadania\/movimento-inclusao-leva-sensibilizacao-na-causa-para-centenas-de-pessoas.html\",\"url\":\"https:\/\/asidbrasil.org.br\/movimento-inclusao-leva-sensibilizacao-na-causa-para-centenas-de-pessoas\/\",\"name\":\"Movimento + Inclus\u00e3o leva sensibiliza\u00e7\u00e3o na causa para centenas de pessoas | Portal de Not\u00edcias\",\"isPartOf\":{\"@id\":\"https:\/\/mhcalculos.com.br\/noticias\/#website\"},\"primaryImageOfPage\":{\"@id\":\"https:\/\/asidbrasil.org.br\/movimento-inclusao-leva-sensibilizacao-na-causa-para-centenas-de-pessoas\/#primaryimage\"},\"image\":{\"@id\":\"https:\/\/asidbrasil.org.br\/movimento-inclusao-leva-sensibilizacao-na-causa-para-centenas-de-pessoas\/#primaryimage\"},\"thumbnailUrl\":\"https:\/\/mhcalculos.com.br\/noticias\/wp-content\/uploads\/sites\/2\/2018\/07\/logo@2x.png\",\"datePublished\":\"2019-12-12T17:05:20+00:00\",\"dateModified\":\"2021-07-28T17:30:36+00:00\",\"author\":{\"@id\":\"https:\/\/mhcalculos.com.br\/noticias\/#\/schema\/person\/88d1c34bf72dc779ea14a5a6b8e0ae8d\"},\"breadcrumb\":{\"@id\":\"https:\/\/asidbrasil.org.br\/movimento-inclusao-leva-sensibilizacao-na-causa-para-centenas-de-pessoas\/#breadcrumb\"},\"inLanguage\":\"pt-BR\",\"potentialAction\":[{\"@type\":\"ReadAction\",\"target\":[\"https:\/\/asidbrasil.org.br\/movimento-inclusao-leva-sensibilizacao-na-causa-para-centenas-de-pessoas\/\"]}]},{\"@type\":\"ImageObject\",\"inLanguage\":\"pt-BR\",\"@id\":\"https:\/\/asidbrasil.org.br\/movimento-inclusao-leva-sensibilizacao-na-causa-para-centenas-de-pessoas\/#primaryimage\",\"url\":\"https:\/\/mhcalculos.com.br\/noticias\/wp-content\/uploads\/sites\/2\/2018\/07\/logo@2x.png\",\"contentUrl\":\"https:\/\/mhcalculos.com.br\/noticias\/wp-content\/uploads\/sites\/2\/2018\/07\/logo@2x.png\",\"width\":198,\"height\":44},{\"@type\":\"BreadcrumbList\",\"@id\":\"https:\/\/asidbrasil.org.br\/movimento-inclusao-leva-sensibilizacao-na-causa-para-centenas-de-pessoas\/#breadcrumb\",\"itemListElement\":[{\"@type\":\"ListItem\",\"position\":1,\"name\":\"In\u00edcio\",\"item\":\"https:\/\/mhcalculos.com.br\/noticias\/\"},{\"@type\":\"ListItem\",\"position\":2,\"name\":\"Movimento + Inclus\u00e3o leva sensibiliza\u00e7\u00e3o na causa para centenas de pessoas\"}]},{\"@type\":\"WebSite\",\"@id\":\"https:\/\/mhcalculos.com.br\/noticias\/#website\",\"url\":\"https:\/\/mhcalculos.com.br\/noticias\/\",\"name\":\"Portal de Not\u00edcias\",\"description\":\"Not\u00edcias e Jurisprud\u00eancia\",\"potentialAction\":[{\"@type\":\"SearchAction\",\"target\":{\"@type\":\"EntryPoint\",\"urlTemplate\":\"https:\/\/mhcalculos.com.br\/noticias\/?s={search_term_string}\"},\"query-input\":{\"@type\":\"PropertyValueSpecification\",\"valueRequired\":true,\"valueName\":\"search_term_string\"}}],\"inLanguage\":\"pt-BR\"},{\"@type\":\"Person\",\"@id\":\"https:\/\/mhcalculos.com.br\/noticias\/#\/schema\/person\/88d1c34bf72dc779ea14a5a6b8e0ae8d\",\"name\":\"Equipe MH\",\"image\":{\"@type\":\"ImageObject\",\"inLanguage\":\"pt-BR\",\"@id\":\"https:\/\/secure.gravatar.com\/avatar\/de1c686c2ecc9c5a3f327e3431d819eb39f8f05d4e1045f5a1caad6daaba987f?s=96&d=mm&r=g\",\"url\":\"https:\/\/secure.gravatar.com\/avatar\/de1c686c2ecc9c5a3f327e3431d819eb39f8f05d4e1045f5a1caad6daaba987f?s=96&d=mm&r=g\",\"contentUrl\":\"https:\/\/secure.gravatar.com\/avatar\/de1c686c2ecc9c5a3f327e3431d819eb39f8f05d4e1045f5a1caad6daaba987f?s=96&d=mm&r=g\",\"caption\":\"Equipe MH\"}}]}<\/script>\n<!-- \/ Yoast SEO plugin. -->","yoast_head_json":{"title":"Movimento + Inclus\u00e3o leva sensibiliza\u00e7\u00e3o na causa para centenas de pessoas | Portal de Not\u00edcias","robots":{"index":"index","follow":"follow","max-snippet":"max-snippet:-1","max-image-preview":"max-image-preview:large","max-video-preview":"max-video-preview:-1"},"canonical":"https:\/\/asidbrasil.org.br\/movimento-inclusao-leva-sensibilizacao-na-causa-para-centenas-de-pessoas\/","og_locale":"pt_BR","og_type":"article","og_title":"Movimento + Inclus\u00e3o leva sensibiliza\u00e7\u00e3o na causa para centenas de pessoas | Portal de Not\u00edcias","og_description":"O Movimento + Inclus\u00e3o \u00e9 uma iniciativa da empresa Thales Group, em parceria com a ASID Brasil, e prop\u00f5e uma semana de sensibiliza\u00e7\u00e3o e conscientiza\u00e7\u00e3o de colaboradores frente a causa da pessoa com defici\u00eancia.&nbsp; Para isto o movimento foi divido em tr\u00eas a\u00e7\u00f5es principais, denominadas: Campanha, Roda de Conversa \u201cQuintal de Casa\u201d e Workshop \u201cDiferen\u00e7as [&hellip;]","og_url":"https:\/\/asidbrasil.org.br\/movimento-inclusao-leva-sensibilizacao-na-causa-para-centenas-de-pessoas\/","og_site_name":"Portal de Not\u00edcias","article_published_time":"2019-12-12T17:05:20+00:00","article_modified_time":"2021-07-28T17:30:36+00:00","og_image":[{"width":198,"height":44,"url":"https:\/\/mhcalculos.com.br\/noticias\/wp-content\/uploads\/sites\/2\/2018\/07\/logo@2x.png","type":"image\/png"}],"author":"Equipe MH","twitter_card":"summary_large_image","twitter_misc":{"Escrito por":"Equipe MH","Est. tempo de leitura":"4 minutos"},"schema":{"@context":"https:\/\/schema.org","@graph":[{"@type":"Article","@id":"https:\/\/asidbrasil.org.br\/movimento-inclusao-leva-sensibilizacao-na-causa-para-centenas-de-pessoas\/#article","isPartOf":{"@id":"https:\/\/mhcalculos.com.br\/noticias\/cidadania\/movimento-inclusao-leva-sensibilizacao-na-causa-para-centenas-de-pessoas.html"},"author":{"name":"Equipe MH","@id":"https:\/\/mhcalculos.com.br\/noticias\/#\/schema\/person\/88d1c34bf72dc779ea14a5a6b8e0ae8d"},"headline":"Movimento + Inclus\u00e3o leva sensibiliza\u00e7\u00e3o na causa para centenas de pessoas","datePublished":"2019-12-12T17:05:20+00:00","dateModified":"2021-07-28T17:30:36+00:00","mainEntityOfPage":{"@id":"https:\/\/mhcalculos.com.br\/noticias\/cidadania\/movimento-inclusao-leva-sensibilizacao-na-causa-para-centenas-de-pessoas.html"},"wordCount":873,"commentCount":0,"image":{"@id":"https:\/\/asidbrasil.org.br\/movimento-inclusao-leva-sensibilizacao-na-causa-para-centenas-de-pessoas\/#primaryimage"},"thumbnailUrl":"https:\/\/mhcalculos.com.br\/noticias\/wp-content\/uploads\/sites\/2\/2018\/07\/logo@2x.png","keywords":["asid","cidadania","desenvolvimento institucional","diversidade","impacto social","inclus\u00e3o","voluntariado","volunt\u00e1rio"],"articleSection":["Cidadania"],"inLanguage":"pt-BR","potentialAction":[{"@type":"CommentAction","name":"Comment","target":["https:\/\/asidbrasil.org.br\/movimento-inclusao-leva-sensibilizacao-na-causa-para-centenas-de-pessoas\/#respond"]}]},{"@type":"WebPage","@id":"https:\/\/mhcalculos.com.br\/noticias\/cidadania\/movimento-inclusao-leva-sensibilizacao-na-causa-para-centenas-de-pessoas.html","url":"https:\/\/asidbrasil.org.br\/movimento-inclusao-leva-sensibilizacao-na-causa-para-centenas-de-pessoas\/","name":"Movimento + Inclus\u00e3o leva sensibiliza\u00e7\u00e3o na causa para centenas de pessoas | Portal de Not\u00edcias","isPartOf":{"@id":"https:\/\/mhcalculos.com.br\/noticias\/#website"},"primaryImageOfPage":{"@id":"https:\/\/asidbrasil.org.br\/movimento-inclusao-leva-sensibilizacao-na-causa-para-centenas-de-pessoas\/#primaryimage"},"image":{"@id":"https:\/\/asidbrasil.org.br\/movimento-inclusao-leva-sensibilizacao-na-causa-para-centenas-de-pessoas\/#primaryimage"},"thumbnailUrl":"https:\/\/mhcalculos.com.br\/noticias\/wp-content\/uploads\/sites\/2\/2018\/07\/logo@2x.png","datePublished":"2019-12-12T17:05:20+00:00","dateModified":"2021-07-28T17:30:36+00:00","author":{"@id":"https:\/\/mhcalculos.com.br\/noticias\/#\/schema\/person\/88d1c34bf72dc779ea14a5a6b8e0ae8d"},"breadcrumb":{"@id":"https:\/\/asidbrasil.org.br\/movimento-inclusao-leva-sensibilizacao-na-causa-para-centenas-de-pessoas\/#breadcrumb"},"inLanguage":"pt-BR","potentialAction":[{"@type":"ReadAction","target":["https:\/\/asidbrasil.org.br\/movimento-inclusao-leva-sensibilizacao-na-causa-para-centenas-de-pessoas\/"]}]},{"@type":"ImageObject","inLanguage":"pt-BR","@id":"https:\/\/asidbrasil.org.br\/movimento-inclusao-leva-sensibilizacao-na-causa-para-centenas-de-pessoas\/#primaryimage","url":"https:\/\/mhcalculos.com.br\/noticias\/wp-content\/uploads\/sites\/2\/2018\/07\/logo@2x.png","contentUrl":"https:\/\/mhcalculos.com.br\/noticias\/wp-content\/uploads\/sites\/2\/2018\/07\/logo@2x.png","width":198,"height":44},{"@type":"BreadcrumbList","@id":"https:\/\/asidbrasil.org.br\/movimento-inclusao-leva-sensibilizacao-na-causa-para-centenas-de-pessoas\/#breadcrumb","itemListElement":[{"@type":"ListItem","position":1,"name":"In\u00edcio","item":"https:\/\/mhcalculos.com.br\/noticias\/"},{"@type":"ListItem","position":2,"name":"Movimento + Inclus\u00e3o leva sensibiliza\u00e7\u00e3o na causa para centenas de pessoas"}]},{"@type":"WebSite","@id":"https:\/\/mhcalculos.com.br\/noticias\/#website","url":"https:\/\/mhcalculos.com.br\/noticias\/","name":"Portal de Not\u00edcias","description":"Not\u00edcias e Jurisprud\u00eancia","potentialAction":[{"@type":"SearchAction","target":{"@type":"EntryPoint","urlTemplate":"https:\/\/mhcalculos.com.br\/noticias\/?s={search_term_string}"},"query-input":{"@type":"PropertyValueSpecification","valueRequired":true,"valueName":"search_term_string"}}],"inLanguage":"pt-BR"},{"@type":"Person","@id":"https:\/\/mhcalculos.com.br\/noticias\/#\/schema\/person\/88d1c34bf72dc779ea14a5a6b8e0ae8d","name":"Equipe MH","image":{"@type":"ImageObject","inLanguage":"pt-BR","@id":"https:\/\/secure.gravatar.com\/avatar\/de1c686c2ecc9c5a3f327e3431d819eb39f8f05d4e1045f5a1caad6daaba987f?s=96&d=mm&r=g","url":"https:\/\/secure.gravatar.com\/avatar\/de1c686c2ecc9c5a3f327e3431d819eb39f8f05d4e1045f5a1caad6daaba987f?s=96&d=mm&r=g","contentUrl":"https:\/\/secure.gravatar.com\/avatar\/de1c686c2ecc9c5a3f327e3431d819eb39f8f05d4e1045f5a1caad6daaba987f?s=96&d=mm&r=g","caption":"Equipe MH"}}]}},"_links":{"self":[{"href":"https:\/\/mhcalculos.com.br\/noticias\/wp-json\/wp\/v2\/posts\/6424","targetHints":{"allow":["GET"]}}],"collection":[{"href":"https:\/\/mhcalculos.com.br\/noticias\/wp-json\/wp\/v2\/posts"}],"about":[{"href":"https:\/\/mhcalculos.com.br\/noticias\/wp-json\/wp\/v2\/types\/post"}],"author":[{"embeddable":true,"href":"https:\/\/mhcalculos.com.br\/noticias\/wp-json\/wp\/v2\/users\/3063"}],"replies":[{"embeddable":true,"href":"https:\/\/mhcalculos.com.br\/noticias\/wp-json\/wp\/v2\/comments?post=6424"}],"version-history":[{"count":1,"href":"https:\/\/mhcalculos.com.br\/noticias\/wp-json\/wp\/v2\/posts\/6424\/revisions"}],"predecessor-version":[{"id":9485,"href":"https:\/\/mhcalculos.com.br\/noticias\/wp-json\/wp\/v2\/posts\/6424\/revisions\/9485"}],"wp:featuredmedia":[{"embeddable":true,"href":"https:\/\/mhcalculos.com.br\/noticias\/wp-json\/wp\/v2\/media\/2458"}],"wp:attachment":[{"href":"https:\/\/mhcalculos.com.br\/noticias\/wp-json\/wp\/v2\/media?parent=6424"}],"wp:term":[{"taxonomy":"category","embeddable":true,"href":"https:\/\/mhcalculos.com.br\/noticias\/wp-json\/wp\/v2\/categories?post=6424"},{"taxonomy":"post_tag","embeddable":true,"href":"https:\/\/mhcalculos.com.br\/noticias\/wp-json\/wp\/v2\/tags?post=6424"}],"curies":[{"name":"wp","href":"https:\/\/api.w.org\/{rel}","templated":true}]}}