{"id":6421,"date":"2019-12-06T19:09:00","date_gmt":"2019-12-06T22:09:00","guid":{"rendered":"https:\/\/mhcalculos.com.br\/noticias\/2019\/12\/06\/tst-motorista-exposto-a-ruido-e-vibracao-excessivos-recebera-o-adicional-de-insalubridade\/"},"modified":"2021-07-28T14:30:38","modified_gmt":"2021-07-28T17:30:38","slug":"tst-motorista-exposto-a-ruido-e-vibracao-excessivos-recebera-o-adicional-de-insalubridade","status":"publish","type":"post","link":"https:\/\/mhcalculos.com.br\/noticias\/area\/trabalhista\/tst-motorista-exposto-a-ruido-e-vibracao-excessivos-recebera-o-adicional-de-insalubridade.html","title":{"rendered":"TST: Motorista exposto a ru\u00eddo e vibra\u00e7\u00e3o excessivos receber\u00e1 o adicional de insalubridade"},"content":{"rendered":"<p><br \/>\n  <\/p>\n<p><em>Ele dirigia \u00f4nibus antigos com motor dianteiro.<\/em><\/p>\n<p>06\/12\/19 &#8211; A Subse\u00e7\u00e3o I Especializada em Diss\u00eddios Individuais (SDI-1) do Tribunal Superior do Trabalho deferiu a um motorista de \u00f4nibus da Cota Transportes Ltda., de Matozinhos (MG), o adicional de insalubridade em grau m\u00e9dio. De acordo com a jurisprud\u00eancia do TST, a exposi\u00e7\u00e3o \u00e0 vibra\u00e7\u00e3o acima dos limites de toler\u00e2ncia previstos nas normas regulamentadoras acarreta potencial risco \u00e0 sa\u00fade do empregado.<\/p>\n<p><strong>Ru\u00eddo e vibra\u00e7\u00e3o<\/strong><\/p>\n<p>Na reclama\u00e7\u00e3o trabalhista, o motorista disse que dirigia \u00f4nibus antigos com motor dianteiro que causava \u201cenorme ru\u00eddo e intensa vibra\u00e7\u00e3o\u201d do corpo inteiro e que a empresa n\u00e3o fornecia protetores auriculares nem tomava medidas para reduzir ou eliminar as fontes de vibra\u00e7\u00e3o.<\/p>\n<p>O pedido relativo ao adicional de insalubridade foi negado pelo ju\u00edzo da 2\u00aa Vara do Trabalho de Pedro Leopoldo (MG), que ainda condenou o empregado ao pagamento dos honor\u00e1rios periciais de R$ 1,2 mil. A decis\u00e3o foi mantida pelo Tribunal Regional do Trabalho da 3\u00aa Regi\u00e3o (MG) e pela Sexta Turma do TST. Segundo a Turma, a vibra\u00e7\u00e3o constatada pela per\u00edcia era inferior ao limite previsto no Anexo 8 da Norma Regulamentadora 15 do extinto Minist\u00e9rio do Trabalho.<\/p>\n<p><strong>Potencial risco \u00e0 sa\u00fade<\/strong><\/p>\n<p>No julgamento dos embargos pela SDI-1, \u00f3rg\u00e3o respons\u00e1vel pela uniformiza\u00e7\u00e3o da jurisprud\u00eancia das Turmas do TST, o relator, ministro Hugo Scheuermann, observou que, de acordo com a jurisprud\u00eancia do TST, nos casos em h\u00e1 exposi\u00e7\u00e3o \u00e0 vibra\u00e7\u00e3o situada na zona \u201cB\u201d do gr\u00e1fico da Norma 2631 da Organiza\u00e7\u00e3o Internacional de Normaliza\u00e7\u00e3o (ISSO),&nbsp; h\u00e1 potencial risco \u00e0 sa\u00fade do trabalhador.<\/p>\n<p>O ministro assinalou que os limites de vibra\u00e7\u00e3o no ambiente de trabalho que fundamentaram a decis\u00e3o da Turma foram alterados em 2014 pelo Minist\u00e9rio do Trabalho. No entanto, o contrato do motorista havia sido rescindido em 2013. Assim, acerca do reconhecimento do direito ao adicional, deve-se considerar apenas os limites disciplinados pela ISO.<\/p>\n<p>(GL\/CF)<\/p>\n<p>Processo: <a href=\"http:\/\/aplicacao5.tst.jus.br\/consultaProcessual\/resumoForm.do?consulta=1&amp;numeroInt=294894&amp;anoInt=2018\" target=\"_blank\" rel=\"noopener noreferrer\">E-ARR-12520-17.2015.5.03.0144<\/a><\/p>\n<p> O TST possui oito Turmas julgadoras, cada uma composta por tr\u00eas ministros, com a atribui\u00e7\u00e3o de analisar recursos de revista, agravos, agravos de instrumento, agravos regimentais e recursos ordin\u00e1rios em a\u00e7\u00e3o cautelar. Das decis\u00f5es das Turmas, a parte ainda pode, em alguns casos, recorrer \u00e0 Subse\u00e7\u00e3o I Especializada em Diss\u00eddios Individuais (SBDI-1). <strong>Esta mat\u00e9ria tem car\u00e1ter informativo, sem cunho oficial.<br \/> Permitida a reprodu\u00e7\u00e3o mediante cita\u00e7\u00e3o da fonte.<br \/> Secretaria de Comunica\u00e7\u00e3o Social<br \/> <a href=\"http:\/\/www.tst.jus.br\" target=\"_blank\" rel=\"noopener noreferrer\">Tribunal Superior do Trabalho<\/a><br \/> Tel. (61) 3043-4907<br \/> <a href=\"mailto:secom@tst.jus.br\" >secom@tst.jus.br<\/a><\/strong>       <\/br><br \/>\n<br \/><i>Com informa\u00e7\u00f5es da assessoria de imprensa do TST.<\/i><br \/>\n<br \/><a href=\"http:\/\/www.tst.jus.br\/web\/guest\/noticias?p_p_id=89Dk&#038;p_p_lifecycle=0&#038;refererPlid=10730&#038;_89Dk_struts_action=%2Fjournal_content%2Fview&#038;_89Dk_groupId=10157&#038;_89Dk_articleId=25055781\">Fonte<\/a><br \/>\n<br \/><\/p>\n","protected":false},"excerpt":{"rendered":"<p>Ele dirigia \u00f4nibus antigos com motor dianteiro. 06\/12\/19 &#8211; A Subse\u00e7\u00e3o I Especializada em Diss\u00eddios Individuais (SDI-1) do Tribunal Superior do Trabalho deferiu a um motorista de \u00f4nibus da Cota Transportes Ltda., de Matozinhos (MG), o adicional de insalubridade em grau m\u00e9dio. De acordo com a jurisprud\u00eancia do TST, a exposi\u00e7\u00e3o \u00e0 vibra\u00e7\u00e3o acima dos [&hellip;]<\/p>\n","protected":false},"author":3063,"featured_media":1559,"comment_status":"open","ping_status":"open","sticky":false,"template":"","format":"standard","meta":{"footnotes":""},"categories":[3,21],"tags":[33,216,9,12,217,215],"class_list":{"0":"post-6421","1":"post","2":"type-post","3":"status-publish","4":"format-standard","5":"has-post-thumbnail","7":"category-trabalhista","8":"category-tst","9":"tag-calculos-trabalhistas","10":"tag-direito-trabalhista","11":"tag-pericia","12":"tag-perito","13":"tag-trabalho","14":"tag-tst"},"yoast_head":"<!-- This site is optimized with the Yoast SEO plugin v27.2 - https:\/\/yoast.com\/product\/yoast-seo-wordpress\/ -->\n<title>TST: Motorista exposto a ru\u00eddo e vibra\u00e7\u00e3o excessivos receber\u00e1 o adicional de insalubridade | Portal de Not\u00edcias<\/title>\n<meta name=\"robots\" content=\"index, follow, max-snippet:-1, max-image-preview:large, max-video-preview:-1\" \/>\n<link rel=\"canonical\" href=\"https:\/\/mhcalculos.com.br\/noticias\/area\/trabalhista\/tst-motorista-exposto-a-ruido-e-vibracao-excessivos-recebera-o-adicional-de-insalubridade.html\" \/>\n<meta property=\"og:locale\" content=\"pt_BR\" \/>\n<meta property=\"og:type\" content=\"article\" \/>\n<meta property=\"og:title\" content=\"TST: Motorista exposto a ru\u00eddo e vibra\u00e7\u00e3o excessivos receber\u00e1 o adicional de insalubridade | Portal de Not\u00edcias\" \/>\n<meta property=\"og:description\" content=\"Ele dirigia \u00f4nibus antigos com motor dianteiro. 06\/12\/19 &#8211; A Subse\u00e7\u00e3o I Especializada em Diss\u00eddios Individuais (SDI-1) do Tribunal Superior do Trabalho deferiu a um motorista de \u00f4nibus da Cota Transportes Ltda., de Matozinhos (MG), o adicional de insalubridade em grau m\u00e9dio. De acordo com a jurisprud\u00eancia do TST, a exposi\u00e7\u00e3o \u00e0 vibra\u00e7\u00e3o acima dos [&hellip;]\" \/>\n<meta property=\"og:url\" content=\"https:\/\/mhcalculos.com.br\/noticias\/area\/trabalhista\/tst-motorista-exposto-a-ruido-e-vibracao-excessivos-recebera-o-adicional-de-insalubridade.html\" \/>\n<meta property=\"og:site_name\" content=\"Portal de Not\u00edcias\" \/>\n<meta property=\"article:published_time\" content=\"2019-12-06T22:09:00+00:00\" \/>\n<meta property=\"article:modified_time\" content=\"2021-07-28T17:30:38+00:00\" \/>\n<meta property=\"og:image\" content=\"https:\/\/mhcalculos.com.br\/noticias\/wp-content\/uploads\/sites\/2\/2018\/05\/trabalhista-0003.jpg\" \/>\n\t<meta property=\"og:image:width\" content=\"2000\" \/>\n\t<meta property=\"og:image:height\" content=\"800\" \/>\n\t<meta property=\"og:image:type\" content=\"image\/jpeg\" \/>\n<meta name=\"author\" content=\"Equipe MH\" \/>\n<meta name=\"twitter:card\" content=\"summary_large_image\" \/>\n<meta name=\"twitter:label1\" content=\"Escrito por\" \/>\n\t<meta name=\"twitter:data1\" content=\"Equipe MH\" \/>\n\t<meta name=\"twitter:label2\" content=\"Est. tempo de leitura\" \/>\n\t<meta name=\"twitter:data2\" content=\"2 minutos\" \/>\n<script type=\"application\/ld+json\" class=\"yoast-schema-graph\">{\"@context\":\"https:\/\/schema.org\",\"@graph\":[{\"@type\":\"Article\",\"@id\":\"https:\/\/mhcalculos.com.br\/noticias\/area\/trabalhista\/tst-motorista-exposto-a-ruido-e-vibracao-excessivos-recebera-o-adicional-de-insalubridade.html#article\",\"isPartOf\":{\"@id\":\"https:\/\/mhcalculos.com.br\/noticias\/area\/trabalhista\/tst-motorista-exposto-a-ruido-e-vibracao-excessivos-recebera-o-adicional-de-insalubridade.html\"},\"author\":{\"name\":\"Equipe MH\",\"@id\":\"https:\/\/mhcalculos.com.br\/noticias\/#\/schema\/person\/88d1c34bf72dc779ea14a5a6b8e0ae8d\"},\"headline\":\"TST: Motorista exposto a ru\u00eddo e vibra\u00e7\u00e3o excessivos receber\u00e1 o adicional de insalubridade\",\"datePublished\":\"2019-12-06T22:09:00+00:00\",\"dateModified\":\"2021-07-28T17:30:38+00:00\",\"mainEntityOfPage\":{\"@id\":\"https:\/\/mhcalculos.com.br\/noticias\/area\/trabalhista\/tst-motorista-exposto-a-ruido-e-vibracao-excessivos-recebera-o-adicional-de-insalubridade.html\"},\"wordCount\":456,\"commentCount\":0,\"image\":{\"@id\":\"https:\/\/mhcalculos.com.br\/noticias\/area\/trabalhista\/tst-motorista-exposto-a-ruido-e-vibracao-excessivos-recebera-o-adicional-de-insalubridade.html#primaryimage\"},\"thumbnailUrl\":\"https:\/\/mhcalculos.com.br\/noticias\/wp-content\/uploads\/sites\/2\/2018\/05\/trabalhista-0003.jpg\",\"keywords\":[\"c\u00e1lculos trabalhistas\",\"direito trabalhista\",\"per\u00edcia\",\"perito\",\"trabalho\",\"TST\"],\"articleSection\":[\"Direito Trabalhista\",\"TST\"],\"inLanguage\":\"pt-BR\",\"potentialAction\":[{\"@type\":\"CommentAction\",\"name\":\"Comment\",\"target\":[\"https:\/\/mhcalculos.com.br\/noticias\/area\/trabalhista\/tst-motorista-exposto-a-ruido-e-vibracao-excessivos-recebera-o-adicional-de-insalubridade.html#respond\"]}]},{\"@type\":\"WebPage\",\"@id\":\"https:\/\/mhcalculos.com.br\/noticias\/area\/trabalhista\/tst-motorista-exposto-a-ruido-e-vibracao-excessivos-recebera-o-adicional-de-insalubridade.html\",\"url\":\"https:\/\/mhcalculos.com.br\/noticias\/area\/trabalhista\/tst-motorista-exposto-a-ruido-e-vibracao-excessivos-recebera-o-adicional-de-insalubridade.html\",\"name\":\"TST: Motorista exposto a ru\u00eddo e vibra\u00e7\u00e3o excessivos receber\u00e1 o adicional de insalubridade | Portal de Not\u00edcias\",\"isPartOf\":{\"@id\":\"https:\/\/mhcalculos.com.br\/noticias\/#website\"},\"primaryImageOfPage\":{\"@id\":\"https:\/\/mhcalculos.com.br\/noticias\/area\/trabalhista\/tst-motorista-exposto-a-ruido-e-vibracao-excessivos-recebera-o-adicional-de-insalubridade.html#primaryimage\"},\"image\":{\"@id\":\"https:\/\/mhcalculos.com.br\/noticias\/area\/trabalhista\/tst-motorista-exposto-a-ruido-e-vibracao-excessivos-recebera-o-adicional-de-insalubridade.html#primaryimage\"},\"thumbnailUrl\":\"https:\/\/mhcalculos.com.br\/noticias\/wp-content\/uploads\/sites\/2\/2018\/05\/trabalhista-0003.jpg\",\"datePublished\":\"2019-12-06T22:09:00+00:00\",\"dateModified\":\"2021-07-28T17:30:38+00:00\",\"author\":{\"@id\":\"https:\/\/mhcalculos.com.br\/noticias\/#\/schema\/person\/88d1c34bf72dc779ea14a5a6b8e0ae8d\"},\"breadcrumb\":{\"@id\":\"https:\/\/mhcalculos.com.br\/noticias\/area\/trabalhista\/tst-motorista-exposto-a-ruido-e-vibracao-excessivos-recebera-o-adicional-de-insalubridade.html#breadcrumb\"},\"inLanguage\":\"pt-BR\",\"potentialAction\":[{\"@type\":\"ReadAction\",\"target\":[\"https:\/\/mhcalculos.com.br\/noticias\/area\/trabalhista\/tst-motorista-exposto-a-ruido-e-vibracao-excessivos-recebera-o-adicional-de-insalubridade.html\"]}]},{\"@type\":\"ImageObject\",\"inLanguage\":\"pt-BR\",\"@id\":\"https:\/\/mhcalculos.com.br\/noticias\/area\/trabalhista\/tst-motorista-exposto-a-ruido-e-vibracao-excessivos-recebera-o-adicional-de-insalubridade.html#primaryimage\",\"url\":\"https:\/\/mhcalculos.com.br\/noticias\/wp-content\/uploads\/sites\/2\/2018\/05\/trabalhista-0003.jpg\",\"contentUrl\":\"https:\/\/mhcalculos.com.br\/noticias\/wp-content\/uploads\/sites\/2\/2018\/05\/trabalhista-0003.jpg\",\"width\":2000,\"height\":800},{\"@type\":\"BreadcrumbList\",\"@id\":\"https:\/\/mhcalculos.com.br\/noticias\/area\/trabalhista\/tst-motorista-exposto-a-ruido-e-vibracao-excessivos-recebera-o-adicional-de-insalubridade.html#breadcrumb\",\"itemListElement\":[{\"@type\":\"ListItem\",\"position\":1,\"name\":\"In\u00edcio\",\"item\":\"https:\/\/mhcalculos.com.br\/noticias\/\"},{\"@type\":\"ListItem\",\"position\":2,\"name\":\"TST: Motorista exposto a ru\u00eddo e vibra\u00e7\u00e3o excessivos receber\u00e1 o adicional de insalubridade\"}]},{\"@type\":\"WebSite\",\"@id\":\"https:\/\/mhcalculos.com.br\/noticias\/#website\",\"url\":\"https:\/\/mhcalculos.com.br\/noticias\/\",\"name\":\"Portal de Not\u00edcias\",\"description\":\"Not\u00edcias e Jurisprud\u00eancia\",\"potentialAction\":[{\"@type\":\"SearchAction\",\"target\":{\"@type\":\"EntryPoint\",\"urlTemplate\":\"https:\/\/mhcalculos.com.br\/noticias\/?s={search_term_string}\"},\"query-input\":{\"@type\":\"PropertyValueSpecification\",\"valueRequired\":true,\"valueName\":\"search_term_string\"}}],\"inLanguage\":\"pt-BR\"},{\"@type\":\"Person\",\"@id\":\"https:\/\/mhcalculos.com.br\/noticias\/#\/schema\/person\/88d1c34bf72dc779ea14a5a6b8e0ae8d\",\"name\":\"Equipe MH\",\"image\":{\"@type\":\"ImageObject\",\"inLanguage\":\"pt-BR\",\"@id\":\"https:\/\/secure.gravatar.com\/avatar\/de1c686c2ecc9c5a3f327e3431d819eb39f8f05d4e1045f5a1caad6daaba987f?s=96&d=mm&r=g\",\"url\":\"https:\/\/secure.gravatar.com\/avatar\/de1c686c2ecc9c5a3f327e3431d819eb39f8f05d4e1045f5a1caad6daaba987f?s=96&d=mm&r=g\",\"contentUrl\":\"https:\/\/secure.gravatar.com\/avatar\/de1c686c2ecc9c5a3f327e3431d819eb39f8f05d4e1045f5a1caad6daaba987f?s=96&d=mm&r=g\",\"caption\":\"Equipe MH\"}}]}<\/script>\n<!-- \/ Yoast SEO plugin. -->","yoast_head_json":{"title":"TST: Motorista exposto a ru\u00eddo e vibra\u00e7\u00e3o excessivos receber\u00e1 o adicional de insalubridade | Portal de Not\u00edcias","robots":{"index":"index","follow":"follow","max-snippet":"max-snippet:-1","max-image-preview":"max-image-preview:large","max-video-preview":"max-video-preview:-1"},"canonical":"https:\/\/mhcalculos.com.br\/noticias\/area\/trabalhista\/tst-motorista-exposto-a-ruido-e-vibracao-excessivos-recebera-o-adicional-de-insalubridade.html","og_locale":"pt_BR","og_type":"article","og_title":"TST: Motorista exposto a ru\u00eddo e vibra\u00e7\u00e3o excessivos receber\u00e1 o adicional de insalubridade | Portal de Not\u00edcias","og_description":"Ele dirigia \u00f4nibus antigos com motor dianteiro. 06\/12\/19 &#8211; A Subse\u00e7\u00e3o I Especializada em Diss\u00eddios Individuais (SDI-1) do Tribunal Superior do Trabalho deferiu a um motorista de \u00f4nibus da Cota Transportes Ltda., de Matozinhos (MG), o adicional de insalubridade em grau m\u00e9dio. De acordo com a jurisprud\u00eancia do TST, a exposi\u00e7\u00e3o \u00e0 vibra\u00e7\u00e3o acima dos [&hellip;]","og_url":"https:\/\/mhcalculos.com.br\/noticias\/area\/trabalhista\/tst-motorista-exposto-a-ruido-e-vibracao-excessivos-recebera-o-adicional-de-insalubridade.html","og_site_name":"Portal de Not\u00edcias","article_published_time":"2019-12-06T22:09:00+00:00","article_modified_time":"2021-07-28T17:30:38+00:00","og_image":[{"width":2000,"height":800,"url":"https:\/\/mhcalculos.com.br\/noticias\/wp-content\/uploads\/sites\/2\/2018\/05\/trabalhista-0003.jpg","type":"image\/jpeg"}],"author":"Equipe MH","twitter_card":"summary_large_image","twitter_misc":{"Escrito por":"Equipe MH","Est. tempo de leitura":"2 minutos"},"schema":{"@context":"https:\/\/schema.org","@graph":[{"@type":"Article","@id":"https:\/\/mhcalculos.com.br\/noticias\/area\/trabalhista\/tst-motorista-exposto-a-ruido-e-vibracao-excessivos-recebera-o-adicional-de-insalubridade.html#article","isPartOf":{"@id":"https:\/\/mhcalculos.com.br\/noticias\/area\/trabalhista\/tst-motorista-exposto-a-ruido-e-vibracao-excessivos-recebera-o-adicional-de-insalubridade.html"},"author":{"name":"Equipe MH","@id":"https:\/\/mhcalculos.com.br\/noticias\/#\/schema\/person\/88d1c34bf72dc779ea14a5a6b8e0ae8d"},"headline":"TST: Motorista exposto a ru\u00eddo e vibra\u00e7\u00e3o excessivos receber\u00e1 o adicional de insalubridade","datePublished":"2019-12-06T22:09:00+00:00","dateModified":"2021-07-28T17:30:38+00:00","mainEntityOfPage":{"@id":"https:\/\/mhcalculos.com.br\/noticias\/area\/trabalhista\/tst-motorista-exposto-a-ruido-e-vibracao-excessivos-recebera-o-adicional-de-insalubridade.html"},"wordCount":456,"commentCount":0,"image":{"@id":"https:\/\/mhcalculos.com.br\/noticias\/area\/trabalhista\/tst-motorista-exposto-a-ruido-e-vibracao-excessivos-recebera-o-adicional-de-insalubridade.html#primaryimage"},"thumbnailUrl":"https:\/\/mhcalculos.com.br\/noticias\/wp-content\/uploads\/sites\/2\/2018\/05\/trabalhista-0003.jpg","keywords":["c\u00e1lculos trabalhistas","direito trabalhista","per\u00edcia","perito","trabalho","TST"],"articleSection":["Direito Trabalhista","TST"],"inLanguage":"pt-BR","potentialAction":[{"@type":"CommentAction","name":"Comment","target":["https:\/\/mhcalculos.com.br\/noticias\/area\/trabalhista\/tst-motorista-exposto-a-ruido-e-vibracao-excessivos-recebera-o-adicional-de-insalubridade.html#respond"]}]},{"@type":"WebPage","@id":"https:\/\/mhcalculos.com.br\/noticias\/area\/trabalhista\/tst-motorista-exposto-a-ruido-e-vibracao-excessivos-recebera-o-adicional-de-insalubridade.html","url":"https:\/\/mhcalculos.com.br\/noticias\/area\/trabalhista\/tst-motorista-exposto-a-ruido-e-vibracao-excessivos-recebera-o-adicional-de-insalubridade.html","name":"TST: Motorista exposto a ru\u00eddo e vibra\u00e7\u00e3o excessivos receber\u00e1 o adicional de insalubridade | Portal de Not\u00edcias","isPartOf":{"@id":"https:\/\/mhcalculos.com.br\/noticias\/#website"},"primaryImageOfPage":{"@id":"https:\/\/mhcalculos.com.br\/noticias\/area\/trabalhista\/tst-motorista-exposto-a-ruido-e-vibracao-excessivos-recebera-o-adicional-de-insalubridade.html#primaryimage"},"image":{"@id":"https:\/\/mhcalculos.com.br\/noticias\/area\/trabalhista\/tst-motorista-exposto-a-ruido-e-vibracao-excessivos-recebera-o-adicional-de-insalubridade.html#primaryimage"},"thumbnailUrl":"https:\/\/mhcalculos.com.br\/noticias\/wp-content\/uploads\/sites\/2\/2018\/05\/trabalhista-0003.jpg","datePublished":"2019-12-06T22:09:00+00:00","dateModified":"2021-07-28T17:30:38+00:00","author":{"@id":"https:\/\/mhcalculos.com.br\/noticias\/#\/schema\/person\/88d1c34bf72dc779ea14a5a6b8e0ae8d"},"breadcrumb":{"@id":"https:\/\/mhcalculos.com.br\/noticias\/area\/trabalhista\/tst-motorista-exposto-a-ruido-e-vibracao-excessivos-recebera-o-adicional-de-insalubridade.html#breadcrumb"},"inLanguage":"pt-BR","potentialAction":[{"@type":"ReadAction","target":["https:\/\/mhcalculos.com.br\/noticias\/area\/trabalhista\/tst-motorista-exposto-a-ruido-e-vibracao-excessivos-recebera-o-adicional-de-insalubridade.html"]}]},{"@type":"ImageObject","inLanguage":"pt-BR","@id":"https:\/\/mhcalculos.com.br\/noticias\/area\/trabalhista\/tst-motorista-exposto-a-ruido-e-vibracao-excessivos-recebera-o-adicional-de-insalubridade.html#primaryimage","url":"https:\/\/mhcalculos.com.br\/noticias\/wp-content\/uploads\/sites\/2\/2018\/05\/trabalhista-0003.jpg","contentUrl":"https:\/\/mhcalculos.com.br\/noticias\/wp-content\/uploads\/sites\/2\/2018\/05\/trabalhista-0003.jpg","width":2000,"height":800},{"@type":"BreadcrumbList","@id":"https:\/\/mhcalculos.com.br\/noticias\/area\/trabalhista\/tst-motorista-exposto-a-ruido-e-vibracao-excessivos-recebera-o-adicional-de-insalubridade.html#breadcrumb","itemListElement":[{"@type":"ListItem","position":1,"name":"In\u00edcio","item":"https:\/\/mhcalculos.com.br\/noticias\/"},{"@type":"ListItem","position":2,"name":"TST: Motorista exposto a ru\u00eddo e vibra\u00e7\u00e3o excessivos receber\u00e1 o adicional de insalubridade"}]},{"@type":"WebSite","@id":"https:\/\/mhcalculos.com.br\/noticias\/#website","url":"https:\/\/mhcalculos.com.br\/noticias\/","name":"Portal de Not\u00edcias","description":"Not\u00edcias e Jurisprud\u00eancia","potentialAction":[{"@type":"SearchAction","target":{"@type":"EntryPoint","urlTemplate":"https:\/\/mhcalculos.com.br\/noticias\/?s={search_term_string}"},"query-input":{"@type":"PropertyValueSpecification","valueRequired":true,"valueName":"search_term_string"}}],"inLanguage":"pt-BR"},{"@type":"Person","@id":"https:\/\/mhcalculos.com.br\/noticias\/#\/schema\/person\/88d1c34bf72dc779ea14a5a6b8e0ae8d","name":"Equipe MH","image":{"@type":"ImageObject","inLanguage":"pt-BR","@id":"https:\/\/secure.gravatar.com\/avatar\/de1c686c2ecc9c5a3f327e3431d819eb39f8f05d4e1045f5a1caad6daaba987f?s=96&d=mm&r=g","url":"https:\/\/secure.gravatar.com\/avatar\/de1c686c2ecc9c5a3f327e3431d819eb39f8f05d4e1045f5a1caad6daaba987f?s=96&d=mm&r=g","contentUrl":"https:\/\/secure.gravatar.com\/avatar\/de1c686c2ecc9c5a3f327e3431d819eb39f8f05d4e1045f5a1caad6daaba987f?s=96&d=mm&r=g","caption":"Equipe MH"}}]}},"_links":{"self":[{"href":"https:\/\/mhcalculos.com.br\/noticias\/wp-json\/wp\/v2\/posts\/6421","targetHints":{"allow":["GET"]}}],"collection":[{"href":"https:\/\/mhcalculos.com.br\/noticias\/wp-json\/wp\/v2\/posts"}],"about":[{"href":"https:\/\/mhcalculos.com.br\/noticias\/wp-json\/wp\/v2\/types\/post"}],"author":[{"embeddable":true,"href":"https:\/\/mhcalculos.com.br\/noticias\/wp-json\/wp\/v2\/users\/3063"}],"replies":[{"embeddable":true,"href":"https:\/\/mhcalculos.com.br\/noticias\/wp-json\/wp\/v2\/comments?post=6421"}],"version-history":[{"count":1,"href":"https:\/\/mhcalculos.com.br\/noticias\/wp-json\/wp\/v2\/posts\/6421\/revisions"}],"predecessor-version":[{"id":9493,"href":"https:\/\/mhcalculos.com.br\/noticias\/wp-json\/wp\/v2\/posts\/6421\/revisions\/9493"}],"wp:featuredmedia":[{"embeddable":true,"href":"https:\/\/mhcalculos.com.br\/noticias\/wp-json\/wp\/v2\/media\/1559"}],"wp:attachment":[{"href":"https:\/\/mhcalculos.com.br\/noticias\/wp-json\/wp\/v2\/media?parent=6421"}],"wp:term":[{"taxonomy":"category","embeddable":true,"href":"https:\/\/mhcalculos.com.br\/noticias\/wp-json\/wp\/v2\/categories?post=6421"},{"taxonomy":"post_tag","embeddable":true,"href":"https:\/\/mhcalculos.com.br\/noticias\/wp-json\/wp\/v2\/tags?post=6421"}],"curies":[{"name":"wp","href":"https:\/\/api.w.org\/{rel}","templated":true}]}}