{"id":6405,"date":"2019-12-02T17:26:00","date_gmt":"2019-12-02T20:26:00","guid":{"rendered":"https:\/\/mhcalculos.com.br\/noticias\/2019\/12\/02\/tst-gerente-que-teve-ferias-interrompidas-recebera-pagamento-em-dobro\/"},"modified":"2021-07-28T14:30:40","modified_gmt":"2021-07-28T17:30:40","slug":"tst-gerente-que-teve-ferias-interrompidas-recebera-pagamento-em-dobro","status":"publish","type":"post","link":"https:\/\/mhcalculos.com.br\/noticias\/area\/trabalhista\/tst-gerente-que-teve-ferias-interrompidas-recebera-pagamento-em-dobro.html","title":{"rendered":"TST: Gerente que teve f\u00e9rias interrompidas receber\u00e1 pagamento em dobro"},"content":{"rendered":"<p><br \/>\n  <\/p>\n<p ><em>Ela trabalhou tr\u00eas dias durante as f\u00e9rias.<\/em><\/p>\n<p >02\/12\/19 &#8211; A Segunda Turma do Tribunal Superior do Trabalho condenou as Lojas Renner S.A. ao pagamento em dobro das f\u00e9rias de uma gerente de Porto Alegre (RS). Ela teve as f\u00e9rias interrompidas por tr\u00eas dias e iria receber apenas pelos dias em que havia trabalhado. Mas, segundo a Turma, \u00e9 devido o pagamento em dobro do per\u00edodo integral de 30 dias.<\/p>\n<p ><strong>Mundo real<\/strong><\/p>\n<p >Segundo a gerente, as f\u00e9rias eram anotadas pela empregadora nos registros funcionais, mas \u201cn\u00e3o aconteciam no mundo real\u201d. Os tr\u00eas dias em que havia trabalhado quando deveria estar usufruindo f\u00e9rias foram comprovados pelas trocas de e-mails com fornecedores. A empregada argumentou ainda que a Renner, em nenhum momento, havia mencionado a ocorr\u00eancia de caso excepcional capaz de justificar o fracionamento das f\u00e9rias.<\/p>\n<p ><strong>Tr\u00eas dias<\/strong><\/p>\n<p >O ju\u00edzo da 24\u00aa Vara do Trabalho de Porto Alegre e o Tribunal Regional do Trabalho da 4\u00aa Regi\u00e3o restringiram o direito ao pagamento em dobro apenas aos tr\u00eas dias em que, no decurso das f\u00e9rias, entendeu ter havido presta\u00e7\u00e3o de servi\u00e7o. O TRT acolheu os argumentos da empresa de que, \u00e0 exce\u00e7\u00e3o desse per\u00edodo, e na aus\u00eancia de outras provas de trabalho durante as f\u00e9rias, o restante dos dias fora gozado dentro do per\u00edodo aquisitivo.<\/p>\n<p ><strong>F\u00e9rias<\/strong><\/p>\n<p >Mas, para a relatora do recurso de revista da gerente, ministra Dela\u00edde Miranda Arantes, a ocorr\u00eancia de trabalho, ainda que em alguns dias, durante as f\u00e9rias, acarreta a obriga\u00e7\u00e3o de pagar todo o per\u00edodo em dobro, e n\u00e3o apenas dos dias de interrup\u00e7\u00e3o (artigo 137 da <a href=\"http:\/\/www.planalto.gov.br\/ccivil_03\/decreto-lei\/del5452.htm\">CLT<\/a>). A ministra observou que o trabalho durante as f\u00e9rias torna irregular a sua concess\u00e3o, \u201cuma vez que frustra a finalidade do instituto\u201d.<\/p>\n<p >(RR\/CF)<\/p>\n<p >Processo:&nbsp;<a href=\"http:\/\/aplicacao4.tst.jus.br\/consultaProcessual\/consultaTstNumUnica.do?consulta=Consultar&amp;conscsjt=&amp;numeroTst=684&amp;digitoTst=94&amp;anoTst=2012&amp;orgaoTst=5&amp;tribunalTst=04&amp;varaTst=0024&amp;submit=Consultar\" target=\"_blank\" rel=\"noopener noreferrer\">RR-684-94.2012.5.04.0024<\/a><\/p>\n<p> O TST possui oito Turmas, cada uma composta de tr\u00eas ministros, com a atribui\u00e7\u00e3o de analisar recursos de revista, agravos, agravos de instrumento, agravos regimentais e recursos ordin\u00e1rios em a\u00e7\u00e3o cautelar. Das decis\u00f5es das Turmas, a parte ainda pode, em alguns casos, recorrer \u00e0 Subse\u00e7\u00e3o I Especializada em Diss\u00eddios Individuais (SBDI-1). <strong>Esta mat\u00e9ria tem cunho meramente informativo.<br \/> Permitida a reprodu\u00e7\u00e3o mediante cita\u00e7\u00e3o da fonte.<br \/> Secretaria de Comunica\u00e7\u00e3o Social<br \/> <a href=\"http:\/\/www.tst.jus.br\/\" target=\"_blank\" rel=\"noopener noreferrer\">Tribunal Superior do Trabalho<\/a><br \/> Tel. (61) 3043-4907<br \/> <a href=\"mailto:secom@tst.jus.br\">secom@tst.jus.br<\/a><\/strong>       <\/br><br \/>\n<br \/><i>Com informa\u00e7\u00f5es da assessoria de imprensa do TST.<\/i><br \/>\n<br \/><a href=\"http:\/\/www.tst.jus.br\/web\/guest\/noticias?p_p_id=89Dk&#038;p_p_lifecycle=0&#038;refererPlid=10730&#038;_89Dk_struts_action=%2Fjournal_content%2Fview&#038;_89Dk_groupId=10157&#038;_89Dk_articleId=25051221\">Fonte<\/a><br \/>\n<br \/><\/p>\n","protected":false},"excerpt":{"rendered":"<p>Ela trabalhou tr\u00eas dias durante as f\u00e9rias. 02\/12\/19 &#8211; A Segunda Turma do Tribunal Superior do Trabalho condenou as Lojas Renner S.A. ao pagamento em dobro das f\u00e9rias de uma gerente de Porto Alegre (RS). Ela teve as f\u00e9rias interrompidas por tr\u00eas dias e iria receber apenas pelos dias em que havia trabalhado. Mas, segundo [&hellip;]<\/p>\n","protected":false},"author":3063,"featured_media":1590,"comment_status":"open","ping_status":"open","sticky":false,"template":"","format":"standard","meta":{"footnotes":""},"categories":[3,21],"tags":[33,216,9,12,217,215],"class_list":{"0":"post-6405","1":"post","2":"type-post","3":"status-publish","4":"format-standard","5":"has-post-thumbnail","7":"category-trabalhista","8":"category-tst","9":"tag-calculos-trabalhistas","10":"tag-direito-trabalhista","11":"tag-pericia","12":"tag-perito","13":"tag-trabalho","14":"tag-tst"},"yoast_head":"<!-- This site is optimized with the Yoast SEO plugin v27.2 - https:\/\/yoast.com\/product\/yoast-seo-wordpress\/ -->\n<title>TST: Gerente que teve f\u00e9rias interrompidas receber\u00e1 pagamento em dobro | Portal de Not\u00edcias<\/title>\n<meta name=\"robots\" content=\"index, follow, max-snippet:-1, max-image-preview:large, max-video-preview:-1\" \/>\n<link rel=\"canonical\" href=\"https:\/\/mhcalculos.com.br\/noticias\/area\/trabalhista\/tst-gerente-que-teve-ferias-interrompidas-recebera-pagamento-em-dobro.html\" \/>\n<meta property=\"og:locale\" content=\"pt_BR\" \/>\n<meta property=\"og:type\" content=\"article\" \/>\n<meta property=\"og:title\" content=\"TST: Gerente que teve f\u00e9rias interrompidas receber\u00e1 pagamento em dobro | Portal de Not\u00edcias\" \/>\n<meta property=\"og:description\" content=\"Ela trabalhou tr\u00eas dias durante as f\u00e9rias. 02\/12\/19 &#8211; A Segunda Turma do Tribunal Superior do Trabalho condenou as Lojas Renner S.A. ao pagamento em dobro das f\u00e9rias de uma gerente de Porto Alegre (RS). Ela teve as f\u00e9rias interrompidas por tr\u00eas dias e iria receber apenas pelos dias em que havia trabalhado. Mas, segundo [&hellip;]\" \/>\n<meta property=\"og:url\" content=\"https:\/\/mhcalculos.com.br\/noticias\/area\/trabalhista\/tst-gerente-que-teve-ferias-interrompidas-recebera-pagamento-em-dobro.html\" \/>\n<meta property=\"og:site_name\" content=\"Portal de Not\u00edcias\" \/>\n<meta property=\"article:published_time\" content=\"2019-12-02T20:26:00+00:00\" \/>\n<meta property=\"article:modified_time\" content=\"2021-07-28T17:30:40+00:00\" \/>\n<meta property=\"og:image\" content=\"https:\/\/mhcalculos.com.br\/noticias\/wp-content\/uploads\/sites\/2\/2018\/06\/trabalhista-0012.jpg\" \/>\n\t<meta property=\"og:image:width\" content=\"2000\" \/>\n\t<meta property=\"og:image:height\" content=\"800\" \/>\n\t<meta property=\"og:image:type\" content=\"image\/jpeg\" \/>\n<meta name=\"author\" content=\"Equipe MH\" \/>\n<meta name=\"twitter:card\" content=\"summary_large_image\" \/>\n<meta name=\"twitter:label1\" content=\"Escrito por\" \/>\n\t<meta name=\"twitter:data1\" content=\"Equipe MH\" \/>\n\t<meta name=\"twitter:label2\" content=\"Est. tempo de leitura\" \/>\n\t<meta name=\"twitter:data2\" content=\"2 minutos\" \/>\n<script type=\"application\/ld+json\" class=\"yoast-schema-graph\">{\"@context\":\"https:\/\/schema.org\",\"@graph\":[{\"@type\":\"Article\",\"@id\":\"https:\/\/mhcalculos.com.br\/noticias\/area\/trabalhista\/tst-gerente-que-teve-ferias-interrompidas-recebera-pagamento-em-dobro.html#article\",\"isPartOf\":{\"@id\":\"https:\/\/mhcalculos.com.br\/noticias\/area\/trabalhista\/tst-gerente-que-teve-ferias-interrompidas-recebera-pagamento-em-dobro.html\"},\"author\":{\"name\":\"Equipe MH\",\"@id\":\"https:\/\/mhcalculos.com.br\/noticias\/#\/schema\/person\/88d1c34bf72dc779ea14a5a6b8e0ae8d\"},\"headline\":\"TST: Gerente que teve f\u00e9rias interrompidas receber\u00e1 pagamento em dobro\",\"datePublished\":\"2019-12-02T20:26:00+00:00\",\"dateModified\":\"2021-07-28T17:30:40+00:00\",\"mainEntityOfPage\":{\"@id\":\"https:\/\/mhcalculos.com.br\/noticias\/area\/trabalhista\/tst-gerente-que-teve-ferias-interrompidas-recebera-pagamento-em-dobro.html\"},\"wordCount\":426,\"commentCount\":0,\"image\":{\"@id\":\"https:\/\/mhcalculos.com.br\/noticias\/area\/trabalhista\/tst-gerente-que-teve-ferias-interrompidas-recebera-pagamento-em-dobro.html#primaryimage\"},\"thumbnailUrl\":\"https:\/\/mhcalculos.com.br\/noticias\/wp-content\/uploads\/sites\/2\/2018\/06\/trabalhista-0012.jpg\",\"keywords\":[\"c\u00e1lculos trabalhistas\",\"direito trabalhista\",\"per\u00edcia\",\"perito\",\"trabalho\",\"TST\"],\"articleSection\":[\"Direito Trabalhista\",\"TST\"],\"inLanguage\":\"pt-BR\",\"potentialAction\":[{\"@type\":\"CommentAction\",\"name\":\"Comment\",\"target\":[\"https:\/\/mhcalculos.com.br\/noticias\/area\/trabalhista\/tst-gerente-que-teve-ferias-interrompidas-recebera-pagamento-em-dobro.html#respond\"]}]},{\"@type\":\"WebPage\",\"@id\":\"https:\/\/mhcalculos.com.br\/noticias\/area\/trabalhista\/tst-gerente-que-teve-ferias-interrompidas-recebera-pagamento-em-dobro.html\",\"url\":\"https:\/\/mhcalculos.com.br\/noticias\/area\/trabalhista\/tst-gerente-que-teve-ferias-interrompidas-recebera-pagamento-em-dobro.html\",\"name\":\"TST: Gerente que teve f\u00e9rias interrompidas receber\u00e1 pagamento em dobro | Portal de Not\u00edcias\",\"isPartOf\":{\"@id\":\"https:\/\/mhcalculos.com.br\/noticias\/#website\"},\"primaryImageOfPage\":{\"@id\":\"https:\/\/mhcalculos.com.br\/noticias\/area\/trabalhista\/tst-gerente-que-teve-ferias-interrompidas-recebera-pagamento-em-dobro.html#primaryimage\"},\"image\":{\"@id\":\"https:\/\/mhcalculos.com.br\/noticias\/area\/trabalhista\/tst-gerente-que-teve-ferias-interrompidas-recebera-pagamento-em-dobro.html#primaryimage\"},\"thumbnailUrl\":\"https:\/\/mhcalculos.com.br\/noticias\/wp-content\/uploads\/sites\/2\/2018\/06\/trabalhista-0012.jpg\",\"datePublished\":\"2019-12-02T20:26:00+00:00\",\"dateModified\":\"2021-07-28T17:30:40+00:00\",\"author\":{\"@id\":\"https:\/\/mhcalculos.com.br\/noticias\/#\/schema\/person\/88d1c34bf72dc779ea14a5a6b8e0ae8d\"},\"breadcrumb\":{\"@id\":\"https:\/\/mhcalculos.com.br\/noticias\/area\/trabalhista\/tst-gerente-que-teve-ferias-interrompidas-recebera-pagamento-em-dobro.html#breadcrumb\"},\"inLanguage\":\"pt-BR\",\"potentialAction\":[{\"@type\":\"ReadAction\",\"target\":[\"https:\/\/mhcalculos.com.br\/noticias\/area\/trabalhista\/tst-gerente-que-teve-ferias-interrompidas-recebera-pagamento-em-dobro.html\"]}]},{\"@type\":\"ImageObject\",\"inLanguage\":\"pt-BR\",\"@id\":\"https:\/\/mhcalculos.com.br\/noticias\/area\/trabalhista\/tst-gerente-que-teve-ferias-interrompidas-recebera-pagamento-em-dobro.html#primaryimage\",\"url\":\"https:\/\/mhcalculos.com.br\/noticias\/wp-content\/uploads\/sites\/2\/2018\/06\/trabalhista-0012.jpg\",\"contentUrl\":\"https:\/\/mhcalculos.com.br\/noticias\/wp-content\/uploads\/sites\/2\/2018\/06\/trabalhista-0012.jpg\",\"width\":2000,\"height\":800},{\"@type\":\"BreadcrumbList\",\"@id\":\"https:\/\/mhcalculos.com.br\/noticias\/area\/trabalhista\/tst-gerente-que-teve-ferias-interrompidas-recebera-pagamento-em-dobro.html#breadcrumb\",\"itemListElement\":[{\"@type\":\"ListItem\",\"position\":1,\"name\":\"In\u00edcio\",\"item\":\"https:\/\/mhcalculos.com.br\/noticias\/\"},{\"@type\":\"ListItem\",\"position\":2,\"name\":\"TST: Gerente que teve f\u00e9rias interrompidas receber\u00e1 pagamento em dobro\"}]},{\"@type\":\"WebSite\",\"@id\":\"https:\/\/mhcalculos.com.br\/noticias\/#website\",\"url\":\"https:\/\/mhcalculos.com.br\/noticias\/\",\"name\":\"Portal de Not\u00edcias\",\"description\":\"Not\u00edcias e Jurisprud\u00eancia\",\"potentialAction\":[{\"@type\":\"SearchAction\",\"target\":{\"@type\":\"EntryPoint\",\"urlTemplate\":\"https:\/\/mhcalculos.com.br\/noticias\/?s={search_term_string}\"},\"query-input\":{\"@type\":\"PropertyValueSpecification\",\"valueRequired\":true,\"valueName\":\"search_term_string\"}}],\"inLanguage\":\"pt-BR\"},{\"@type\":\"Person\",\"@id\":\"https:\/\/mhcalculos.com.br\/noticias\/#\/schema\/person\/88d1c34bf72dc779ea14a5a6b8e0ae8d\",\"name\":\"Equipe MH\",\"image\":{\"@type\":\"ImageObject\",\"inLanguage\":\"pt-BR\",\"@id\":\"https:\/\/secure.gravatar.com\/avatar\/de1c686c2ecc9c5a3f327e3431d819eb39f8f05d4e1045f5a1caad6daaba987f?s=96&d=mm&r=g\",\"url\":\"https:\/\/secure.gravatar.com\/avatar\/de1c686c2ecc9c5a3f327e3431d819eb39f8f05d4e1045f5a1caad6daaba987f?s=96&d=mm&r=g\",\"contentUrl\":\"https:\/\/secure.gravatar.com\/avatar\/de1c686c2ecc9c5a3f327e3431d819eb39f8f05d4e1045f5a1caad6daaba987f?s=96&d=mm&r=g\",\"caption\":\"Equipe MH\"}}]}<\/script>\n<!-- \/ Yoast SEO plugin. -->","yoast_head_json":{"title":"TST: Gerente que teve f\u00e9rias interrompidas receber\u00e1 pagamento em dobro | Portal de Not\u00edcias","robots":{"index":"index","follow":"follow","max-snippet":"max-snippet:-1","max-image-preview":"max-image-preview:large","max-video-preview":"max-video-preview:-1"},"canonical":"https:\/\/mhcalculos.com.br\/noticias\/area\/trabalhista\/tst-gerente-que-teve-ferias-interrompidas-recebera-pagamento-em-dobro.html","og_locale":"pt_BR","og_type":"article","og_title":"TST: Gerente que teve f\u00e9rias interrompidas receber\u00e1 pagamento em dobro | Portal de Not\u00edcias","og_description":"Ela trabalhou tr\u00eas dias durante as f\u00e9rias. 02\/12\/19 &#8211; A Segunda Turma do Tribunal Superior do Trabalho condenou as Lojas Renner S.A. ao pagamento em dobro das f\u00e9rias de uma gerente de Porto Alegre (RS). Ela teve as f\u00e9rias interrompidas por tr\u00eas dias e iria receber apenas pelos dias em que havia trabalhado. Mas, segundo [&hellip;]","og_url":"https:\/\/mhcalculos.com.br\/noticias\/area\/trabalhista\/tst-gerente-que-teve-ferias-interrompidas-recebera-pagamento-em-dobro.html","og_site_name":"Portal de Not\u00edcias","article_published_time":"2019-12-02T20:26:00+00:00","article_modified_time":"2021-07-28T17:30:40+00:00","og_image":[{"width":2000,"height":800,"url":"https:\/\/mhcalculos.com.br\/noticias\/wp-content\/uploads\/sites\/2\/2018\/06\/trabalhista-0012.jpg","type":"image\/jpeg"}],"author":"Equipe MH","twitter_card":"summary_large_image","twitter_misc":{"Escrito por":"Equipe MH","Est. tempo de leitura":"2 minutos"},"schema":{"@context":"https:\/\/schema.org","@graph":[{"@type":"Article","@id":"https:\/\/mhcalculos.com.br\/noticias\/area\/trabalhista\/tst-gerente-que-teve-ferias-interrompidas-recebera-pagamento-em-dobro.html#article","isPartOf":{"@id":"https:\/\/mhcalculos.com.br\/noticias\/area\/trabalhista\/tst-gerente-que-teve-ferias-interrompidas-recebera-pagamento-em-dobro.html"},"author":{"name":"Equipe MH","@id":"https:\/\/mhcalculos.com.br\/noticias\/#\/schema\/person\/88d1c34bf72dc779ea14a5a6b8e0ae8d"},"headline":"TST: Gerente que teve f\u00e9rias interrompidas receber\u00e1 pagamento em dobro","datePublished":"2019-12-02T20:26:00+00:00","dateModified":"2021-07-28T17:30:40+00:00","mainEntityOfPage":{"@id":"https:\/\/mhcalculos.com.br\/noticias\/area\/trabalhista\/tst-gerente-que-teve-ferias-interrompidas-recebera-pagamento-em-dobro.html"},"wordCount":426,"commentCount":0,"image":{"@id":"https:\/\/mhcalculos.com.br\/noticias\/area\/trabalhista\/tst-gerente-que-teve-ferias-interrompidas-recebera-pagamento-em-dobro.html#primaryimage"},"thumbnailUrl":"https:\/\/mhcalculos.com.br\/noticias\/wp-content\/uploads\/sites\/2\/2018\/06\/trabalhista-0012.jpg","keywords":["c\u00e1lculos trabalhistas","direito trabalhista","per\u00edcia","perito","trabalho","TST"],"articleSection":["Direito Trabalhista","TST"],"inLanguage":"pt-BR","potentialAction":[{"@type":"CommentAction","name":"Comment","target":["https:\/\/mhcalculos.com.br\/noticias\/area\/trabalhista\/tst-gerente-que-teve-ferias-interrompidas-recebera-pagamento-em-dobro.html#respond"]}]},{"@type":"WebPage","@id":"https:\/\/mhcalculos.com.br\/noticias\/area\/trabalhista\/tst-gerente-que-teve-ferias-interrompidas-recebera-pagamento-em-dobro.html","url":"https:\/\/mhcalculos.com.br\/noticias\/area\/trabalhista\/tst-gerente-que-teve-ferias-interrompidas-recebera-pagamento-em-dobro.html","name":"TST: Gerente que teve f\u00e9rias interrompidas receber\u00e1 pagamento em dobro | Portal de Not\u00edcias","isPartOf":{"@id":"https:\/\/mhcalculos.com.br\/noticias\/#website"},"primaryImageOfPage":{"@id":"https:\/\/mhcalculos.com.br\/noticias\/area\/trabalhista\/tst-gerente-que-teve-ferias-interrompidas-recebera-pagamento-em-dobro.html#primaryimage"},"image":{"@id":"https:\/\/mhcalculos.com.br\/noticias\/area\/trabalhista\/tst-gerente-que-teve-ferias-interrompidas-recebera-pagamento-em-dobro.html#primaryimage"},"thumbnailUrl":"https:\/\/mhcalculos.com.br\/noticias\/wp-content\/uploads\/sites\/2\/2018\/06\/trabalhista-0012.jpg","datePublished":"2019-12-02T20:26:00+00:00","dateModified":"2021-07-28T17:30:40+00:00","author":{"@id":"https:\/\/mhcalculos.com.br\/noticias\/#\/schema\/person\/88d1c34bf72dc779ea14a5a6b8e0ae8d"},"breadcrumb":{"@id":"https:\/\/mhcalculos.com.br\/noticias\/area\/trabalhista\/tst-gerente-que-teve-ferias-interrompidas-recebera-pagamento-em-dobro.html#breadcrumb"},"inLanguage":"pt-BR","potentialAction":[{"@type":"ReadAction","target":["https:\/\/mhcalculos.com.br\/noticias\/area\/trabalhista\/tst-gerente-que-teve-ferias-interrompidas-recebera-pagamento-em-dobro.html"]}]},{"@type":"ImageObject","inLanguage":"pt-BR","@id":"https:\/\/mhcalculos.com.br\/noticias\/area\/trabalhista\/tst-gerente-que-teve-ferias-interrompidas-recebera-pagamento-em-dobro.html#primaryimage","url":"https:\/\/mhcalculos.com.br\/noticias\/wp-content\/uploads\/sites\/2\/2018\/06\/trabalhista-0012.jpg","contentUrl":"https:\/\/mhcalculos.com.br\/noticias\/wp-content\/uploads\/sites\/2\/2018\/06\/trabalhista-0012.jpg","width":2000,"height":800},{"@type":"BreadcrumbList","@id":"https:\/\/mhcalculos.com.br\/noticias\/area\/trabalhista\/tst-gerente-que-teve-ferias-interrompidas-recebera-pagamento-em-dobro.html#breadcrumb","itemListElement":[{"@type":"ListItem","position":1,"name":"In\u00edcio","item":"https:\/\/mhcalculos.com.br\/noticias\/"},{"@type":"ListItem","position":2,"name":"TST: Gerente que teve f\u00e9rias interrompidas receber\u00e1 pagamento em dobro"}]},{"@type":"WebSite","@id":"https:\/\/mhcalculos.com.br\/noticias\/#website","url":"https:\/\/mhcalculos.com.br\/noticias\/","name":"Portal de Not\u00edcias","description":"Not\u00edcias e Jurisprud\u00eancia","potentialAction":[{"@type":"SearchAction","target":{"@type":"EntryPoint","urlTemplate":"https:\/\/mhcalculos.com.br\/noticias\/?s={search_term_string}"},"query-input":{"@type":"PropertyValueSpecification","valueRequired":true,"valueName":"search_term_string"}}],"inLanguage":"pt-BR"},{"@type":"Person","@id":"https:\/\/mhcalculos.com.br\/noticias\/#\/schema\/person\/88d1c34bf72dc779ea14a5a6b8e0ae8d","name":"Equipe MH","image":{"@type":"ImageObject","inLanguage":"pt-BR","@id":"https:\/\/secure.gravatar.com\/avatar\/de1c686c2ecc9c5a3f327e3431d819eb39f8f05d4e1045f5a1caad6daaba987f?s=96&d=mm&r=g","url":"https:\/\/secure.gravatar.com\/avatar\/de1c686c2ecc9c5a3f327e3431d819eb39f8f05d4e1045f5a1caad6daaba987f?s=96&d=mm&r=g","contentUrl":"https:\/\/secure.gravatar.com\/avatar\/de1c686c2ecc9c5a3f327e3431d819eb39f8f05d4e1045f5a1caad6daaba987f?s=96&d=mm&r=g","caption":"Equipe MH"}}]}},"_links":{"self":[{"href":"https:\/\/mhcalculos.com.br\/noticias\/wp-json\/wp\/v2\/posts\/6405","targetHints":{"allow":["GET"]}}],"collection":[{"href":"https:\/\/mhcalculos.com.br\/noticias\/wp-json\/wp\/v2\/posts"}],"about":[{"href":"https:\/\/mhcalculos.com.br\/noticias\/wp-json\/wp\/v2\/types\/post"}],"author":[{"embeddable":true,"href":"https:\/\/mhcalculos.com.br\/noticias\/wp-json\/wp\/v2\/users\/3063"}],"replies":[{"embeddable":true,"href":"https:\/\/mhcalculos.com.br\/noticias\/wp-json\/wp\/v2\/comments?post=6405"}],"version-history":[{"count":1,"href":"https:\/\/mhcalculos.com.br\/noticias\/wp-json\/wp\/v2\/posts\/6405\/revisions"}],"predecessor-version":[{"id":9504,"href":"https:\/\/mhcalculos.com.br\/noticias\/wp-json\/wp\/v2\/posts\/6405\/revisions\/9504"}],"wp:featuredmedia":[{"embeddable":true,"href":"https:\/\/mhcalculos.com.br\/noticias\/wp-json\/wp\/v2\/media\/1590"}],"wp:attachment":[{"href":"https:\/\/mhcalculos.com.br\/noticias\/wp-json\/wp\/v2\/media?parent=6405"}],"wp:term":[{"taxonomy":"category","embeddable":true,"href":"https:\/\/mhcalculos.com.br\/noticias\/wp-json\/wp\/v2\/categories?post=6405"},{"taxonomy":"post_tag","embeddable":true,"href":"https:\/\/mhcalculos.com.br\/noticias\/wp-json\/wp\/v2\/tags?post=6405"}],"curies":[{"name":"wp","href":"https:\/\/api.w.org\/{rel}","templated":true}]}}