{"id":6400,"date":"2019-12-02T18:05:42","date_gmt":"2019-12-02T21:05:42","guid":{"rendered":"https:\/\/mhcalculos.com.br\/noticias\/2019\/12\/02\/stf-acoes-contra-reforma-da-previdencia-tramitarao-em-rito-abreviado\/"},"modified":"2021-07-28T14:30:40","modified_gmt":"2021-07-28T17:30:40","slug":"stf-acoes-contra-reforma-da-previdencia-tramitarao-em-rito-abreviado","status":"publish","type":"post","link":"https:\/\/mhcalculos.com.br\/noticias\/area\/previdenciario\/stf-acoes-contra-reforma-da-previdencia-tramitarao-em-rito-abreviado.html","title":{"rendered":"STF: A\u00e7\u00f5es contra Reforma da Previd\u00eancia tramitar\u00e3o em rito abreviado"},"content":{"rendered":"<p><br \/>\n<\/p>\n<p>O ministro Lu\u00eds Roberto Barroso, relator das A\u00e7\u00f5es Diretas de Inconstitucionalidade (ADIs 6254, 6255, 6256 e 6258) que questionam dispositivos da Reforma da Previd\u00eancia (Emenda Constitucional 103\/2019), aplicou aos quatro processos o rito abreviado previsto na Lei das ADIs (Lei 9.868\/1999) em raz\u00e3o da &ldquo;inequ\u00edvoca relev\u00e2ncia&rdquo; e do &ldquo;especial significado para a ordem social e a seguran\u00e7a jur\u00eddica&rdquo; da mat\u00e9ria. A provid\u00eancia faz com que as ADIs sejam julgadas pelo Plen\u00e1rio do STF diretamente no m\u00e9rito, dispensando-se o pr\u00e9vio exame das liminares.&nbsp;<\/p>\n<p>O ministro tamb\u00e9m solicitou informa\u00e7\u00f5es ao presidente da Rep\u00fablica e aos presidentes do Senado Federal e da C\u00e2mara dos Deputados, que dever\u00e3o ser prestadas no prazo de 10 dias. Em seguida, determinou a abertura de vista ao advogado-geral da Uni\u00e3o e, sucessivamente, ao procurador-geral da Rep\u00fablica, para manifesta\u00e7\u00e3o no prazo de cinco dias. As quatro primeiras ADIs contra a Reforma da Previd\u00eancia foram ajuizadas por associa\u00e7\u00f5es de defensores p\u00fablicos, magistrados e integrantes do Minist\u00e9rio P\u00fablico.<\/p>\n<p><span style=\"font-size: smaller\">VP\/\/CF<\/span><\/p>\n<p>Leia mais:<\/p>\n<p>19\/11\/2019 &#8211; <a href=\"http:\/\/portal.stf.jus.br\/noticias\/verNoticiaDetalhe.asp?idConteudo=430198&amp;ori=1\">STF recebe as primeiras a\u00e7\u00f5es contra a Reforma da Previd\u00eancia<\/a><br \/>\n&nbsp;<\/p>\n<p><i>Com informa\u00e7\u00f5es da assessoria de imprensa do STF.<\/i><br \/>\n<br \/><br \/>\n<br \/><a href=\"http:\/\/www.stf.jus.br\/portal\/cms\/verNoticiaDetalhe.asp?idConteudo=431349\">Fonte<\/a><\/p>\n","protected":false},"excerpt":{"rendered":"<p>O ministro Lu\u00eds Roberto Barroso, relator das A\u00e7\u00f5es Diretas de Inconstitucionalidade (ADIs 6254, 6255, 6256 e 6258) que questionam dispositivos da Reforma da Previd\u00eancia (Emenda Constitucional 103\/2019), aplicou aos quatro processos o rito abreviado previsto na Lei das ADIs (Lei 9.868\/1999) em raz\u00e3o da &ldquo;inequ\u00edvoca relev\u00e2ncia&rdquo; e do &ldquo;especial significado para a ordem social e [&hellip;]<\/p>\n","protected":false},"author":3063,"featured_media":1967,"comment_status":"open","ping_status":"open","sticky":false,"template":"","format":"standard","meta":{"footnotes":""},"categories":[5,15],"tags":[11,10,8,13,9,12,16],"class_list":{"0":"post-6400","1":"post","2":"type-post","3":"status-publish","4":"format-standard","5":"has-post-thumbnail","7":"category-previdenciario","8":"category-stf","9":"tag-aposentadoria","10":"tag-calculos-previdenciarios","11":"tag-direito-previdenciario","12":"tag-inss","13":"tag-pericia","14":"tag-perito","15":"tag-stf"},"yoast_head":"<!-- This site is optimized with the Yoast SEO plugin v27.2 - https:\/\/yoast.com\/product\/yoast-seo-wordpress\/ -->\n<title>STF: A\u00e7\u00f5es contra Reforma da Previd\u00eancia tramitar\u00e3o em rito abreviado | Portal de Not\u00edcias<\/title>\n<meta name=\"robots\" content=\"index, follow, max-snippet:-1, max-image-preview:large, max-video-preview:-1\" \/>\n<link rel=\"canonical\" href=\"https:\/\/mhcalculos.com.br\/noticias\/area\/previdenciario\/stf-acoes-contra-reforma-da-previdencia-tramitarao-em-rito-abreviado.html\" \/>\n<meta property=\"og:locale\" content=\"pt_BR\" \/>\n<meta property=\"og:type\" content=\"article\" \/>\n<meta property=\"og:title\" content=\"STF: A\u00e7\u00f5es contra Reforma da Previd\u00eancia tramitar\u00e3o em rito abreviado | Portal de Not\u00edcias\" \/>\n<meta property=\"og:description\" content=\"O ministro Lu\u00eds Roberto Barroso, relator das A\u00e7\u00f5es Diretas de Inconstitucionalidade (ADIs 6254, 6255, 6256 e 6258) que questionam dispositivos da Reforma da Previd\u00eancia (Emenda Constitucional 103\/2019), aplicou aos quatro processos o rito abreviado previsto na Lei das ADIs (Lei 9.868\/1999) em raz\u00e3o da &ldquo;inequ\u00edvoca relev\u00e2ncia&rdquo; e do &ldquo;especial significado para a ordem social e [&hellip;]\" \/>\n<meta property=\"og:url\" content=\"https:\/\/mhcalculos.com.br\/noticias\/area\/previdenciario\/stf-acoes-contra-reforma-da-previdencia-tramitarao-em-rito-abreviado.html\" \/>\n<meta property=\"og:site_name\" content=\"Portal de Not\u00edcias\" \/>\n<meta property=\"article:published_time\" content=\"2019-12-02T21:05:42+00:00\" \/>\n<meta property=\"article:modified_time\" content=\"2021-07-28T17:30:40+00:00\" \/>\n<meta property=\"og:image\" content=\"https:\/\/mhcalculos.com.br\/noticias\/wp-content\/uploads\/sites\/2\/2018\/06\/previdenciario-0008.jpg\" \/>\n\t<meta property=\"og:image:width\" content=\"2000\" \/>\n\t<meta property=\"og:image:height\" content=\"800\" \/>\n\t<meta property=\"og:image:type\" content=\"image\/jpeg\" \/>\n<meta name=\"author\" content=\"Equipe MH\" \/>\n<meta name=\"twitter:card\" content=\"summary_large_image\" \/>\n<meta name=\"twitter:label1\" content=\"Escrito por\" \/>\n\t<meta name=\"twitter:data1\" content=\"Equipe MH\" \/>\n\t<meta name=\"twitter:label2\" content=\"Est. tempo de leitura\" \/>\n\t<meta name=\"twitter:data2\" content=\"1 minuto\" \/>\n<script type=\"application\/ld+json\" class=\"yoast-schema-graph\">{\"@context\":\"https:\/\/schema.org\",\"@graph\":[{\"@type\":\"Article\",\"@id\":\"https:\/\/mhcalculos.com.br\/noticias\/area\/previdenciario\/stf-acoes-contra-reforma-da-previdencia-tramitarao-em-rito-abreviado.html#article\",\"isPartOf\":{\"@id\":\"https:\/\/mhcalculos.com.br\/noticias\/area\/previdenciario\/stf-acoes-contra-reforma-da-previdencia-tramitarao-em-rito-abreviado.html\"},\"author\":{\"name\":\"Equipe MH\",\"@id\":\"https:\/\/mhcalculos.com.br\/noticias\/#\/schema\/person\/88d1c34bf72dc779ea14a5a6b8e0ae8d\"},\"headline\":\"STF: A\u00e7\u00f5es contra Reforma da Previd\u00eancia tramitar\u00e3o em rito abreviado\",\"datePublished\":\"2019-12-02T21:05:42+00:00\",\"dateModified\":\"2021-07-28T17:30:40+00:00\",\"mainEntityOfPage\":{\"@id\":\"https:\/\/mhcalculos.com.br\/noticias\/area\/previdenciario\/stf-acoes-contra-reforma-da-previdencia-tramitarao-em-rito-abreviado.html\"},\"wordCount\":224,\"commentCount\":0,\"image\":{\"@id\":\"https:\/\/mhcalculos.com.br\/noticias\/area\/previdenciario\/stf-acoes-contra-reforma-da-previdencia-tramitarao-em-rito-abreviado.html#primaryimage\"},\"thumbnailUrl\":\"https:\/\/mhcalculos.com.br\/noticias\/wp-content\/uploads\/sites\/2\/2018\/06\/previdenciario-0008.jpg\",\"keywords\":[\"aposentadoria\",\"c\u00e1lculos previdenci\u00e1rios\",\"direito previdenci\u00e1rio\",\"inss\",\"per\u00edcia\",\"perito\",\"stf\"],\"articleSection\":[\"Direito Previdenci\u00e1rio\",\"STF\"],\"inLanguage\":\"pt-BR\",\"potentialAction\":[{\"@type\":\"CommentAction\",\"name\":\"Comment\",\"target\":[\"https:\/\/mhcalculos.com.br\/noticias\/area\/previdenciario\/stf-acoes-contra-reforma-da-previdencia-tramitarao-em-rito-abreviado.html#respond\"]}]},{\"@type\":\"WebPage\",\"@id\":\"https:\/\/mhcalculos.com.br\/noticias\/area\/previdenciario\/stf-acoes-contra-reforma-da-previdencia-tramitarao-em-rito-abreviado.html\",\"url\":\"https:\/\/mhcalculos.com.br\/noticias\/area\/previdenciario\/stf-acoes-contra-reforma-da-previdencia-tramitarao-em-rito-abreviado.html\",\"name\":\"STF: A\u00e7\u00f5es contra Reforma da Previd\u00eancia tramitar\u00e3o em rito abreviado | Portal de Not\u00edcias\",\"isPartOf\":{\"@id\":\"https:\/\/mhcalculos.com.br\/noticias\/#website\"},\"primaryImageOfPage\":{\"@id\":\"https:\/\/mhcalculos.com.br\/noticias\/area\/previdenciario\/stf-acoes-contra-reforma-da-previdencia-tramitarao-em-rito-abreviado.html#primaryimage\"},\"image\":{\"@id\":\"https:\/\/mhcalculos.com.br\/noticias\/area\/previdenciario\/stf-acoes-contra-reforma-da-previdencia-tramitarao-em-rito-abreviado.html#primaryimage\"},\"thumbnailUrl\":\"https:\/\/mhcalculos.com.br\/noticias\/wp-content\/uploads\/sites\/2\/2018\/06\/previdenciario-0008.jpg\",\"datePublished\":\"2019-12-02T21:05:42+00:00\",\"dateModified\":\"2021-07-28T17:30:40+00:00\",\"author\":{\"@id\":\"https:\/\/mhcalculos.com.br\/noticias\/#\/schema\/person\/88d1c34bf72dc779ea14a5a6b8e0ae8d\"},\"breadcrumb\":{\"@id\":\"https:\/\/mhcalculos.com.br\/noticias\/area\/previdenciario\/stf-acoes-contra-reforma-da-previdencia-tramitarao-em-rito-abreviado.html#breadcrumb\"},\"inLanguage\":\"pt-BR\",\"potentialAction\":[{\"@type\":\"ReadAction\",\"target\":[\"https:\/\/mhcalculos.com.br\/noticias\/area\/previdenciario\/stf-acoes-contra-reforma-da-previdencia-tramitarao-em-rito-abreviado.html\"]}]},{\"@type\":\"ImageObject\",\"inLanguage\":\"pt-BR\",\"@id\":\"https:\/\/mhcalculos.com.br\/noticias\/area\/previdenciario\/stf-acoes-contra-reforma-da-previdencia-tramitarao-em-rito-abreviado.html#primaryimage\",\"url\":\"https:\/\/mhcalculos.com.br\/noticias\/wp-content\/uploads\/sites\/2\/2018\/06\/previdenciario-0008.jpg\",\"contentUrl\":\"https:\/\/mhcalculos.com.br\/noticias\/wp-content\/uploads\/sites\/2\/2018\/06\/previdenciario-0008.jpg\",\"width\":2000,\"height\":800},{\"@type\":\"BreadcrumbList\",\"@id\":\"https:\/\/mhcalculos.com.br\/noticias\/area\/previdenciario\/stf-acoes-contra-reforma-da-previdencia-tramitarao-em-rito-abreviado.html#breadcrumb\",\"itemListElement\":[{\"@type\":\"ListItem\",\"position\":1,\"name\":\"In\u00edcio\",\"item\":\"https:\/\/mhcalculos.com.br\/noticias\/\"},{\"@type\":\"ListItem\",\"position\":2,\"name\":\"STF: A\u00e7\u00f5es contra Reforma da Previd\u00eancia tramitar\u00e3o em rito abreviado\"}]},{\"@type\":\"WebSite\",\"@id\":\"https:\/\/mhcalculos.com.br\/noticias\/#website\",\"url\":\"https:\/\/mhcalculos.com.br\/noticias\/\",\"name\":\"Portal de Not\u00edcias\",\"description\":\"Not\u00edcias e Jurisprud\u00eancia\",\"potentialAction\":[{\"@type\":\"SearchAction\",\"target\":{\"@type\":\"EntryPoint\",\"urlTemplate\":\"https:\/\/mhcalculos.com.br\/noticias\/?s={search_term_string}\"},\"query-input\":{\"@type\":\"PropertyValueSpecification\",\"valueRequired\":true,\"valueName\":\"search_term_string\"}}],\"inLanguage\":\"pt-BR\"},{\"@type\":\"Person\",\"@id\":\"https:\/\/mhcalculos.com.br\/noticias\/#\/schema\/person\/88d1c34bf72dc779ea14a5a6b8e0ae8d\",\"name\":\"Equipe MH\",\"image\":{\"@type\":\"ImageObject\",\"inLanguage\":\"pt-BR\",\"@id\":\"https:\/\/secure.gravatar.com\/avatar\/de1c686c2ecc9c5a3f327e3431d819eb39f8f05d4e1045f5a1caad6daaba987f?s=96&d=mm&r=g\",\"url\":\"https:\/\/secure.gravatar.com\/avatar\/de1c686c2ecc9c5a3f327e3431d819eb39f8f05d4e1045f5a1caad6daaba987f?s=96&d=mm&r=g\",\"contentUrl\":\"https:\/\/secure.gravatar.com\/avatar\/de1c686c2ecc9c5a3f327e3431d819eb39f8f05d4e1045f5a1caad6daaba987f?s=96&d=mm&r=g\",\"caption\":\"Equipe MH\"}}]}<\/script>\n<!-- \/ Yoast SEO plugin. -->","yoast_head_json":{"title":"STF: A\u00e7\u00f5es contra Reforma da Previd\u00eancia tramitar\u00e3o em rito abreviado | Portal de Not\u00edcias","robots":{"index":"index","follow":"follow","max-snippet":"max-snippet:-1","max-image-preview":"max-image-preview:large","max-video-preview":"max-video-preview:-1"},"canonical":"https:\/\/mhcalculos.com.br\/noticias\/area\/previdenciario\/stf-acoes-contra-reforma-da-previdencia-tramitarao-em-rito-abreviado.html","og_locale":"pt_BR","og_type":"article","og_title":"STF: A\u00e7\u00f5es contra Reforma da Previd\u00eancia tramitar\u00e3o em rito abreviado | Portal de Not\u00edcias","og_description":"O ministro Lu\u00eds Roberto Barroso, relator das A\u00e7\u00f5es Diretas de Inconstitucionalidade (ADIs 6254, 6255, 6256 e 6258) que questionam dispositivos da Reforma da Previd\u00eancia (Emenda Constitucional 103\/2019), aplicou aos quatro processos o rito abreviado previsto na Lei das ADIs (Lei 9.868\/1999) em raz\u00e3o da &ldquo;inequ\u00edvoca relev\u00e2ncia&rdquo; e do &ldquo;especial significado para a ordem social e [&hellip;]","og_url":"https:\/\/mhcalculos.com.br\/noticias\/area\/previdenciario\/stf-acoes-contra-reforma-da-previdencia-tramitarao-em-rito-abreviado.html","og_site_name":"Portal de Not\u00edcias","article_published_time":"2019-12-02T21:05:42+00:00","article_modified_time":"2021-07-28T17:30:40+00:00","og_image":[{"width":2000,"height":800,"url":"https:\/\/mhcalculos.com.br\/noticias\/wp-content\/uploads\/sites\/2\/2018\/06\/previdenciario-0008.jpg","type":"image\/jpeg"}],"author":"Equipe MH","twitter_card":"summary_large_image","twitter_misc":{"Escrito por":"Equipe MH","Est. tempo de leitura":"1 minuto"},"schema":{"@context":"https:\/\/schema.org","@graph":[{"@type":"Article","@id":"https:\/\/mhcalculos.com.br\/noticias\/area\/previdenciario\/stf-acoes-contra-reforma-da-previdencia-tramitarao-em-rito-abreviado.html#article","isPartOf":{"@id":"https:\/\/mhcalculos.com.br\/noticias\/area\/previdenciario\/stf-acoes-contra-reforma-da-previdencia-tramitarao-em-rito-abreviado.html"},"author":{"name":"Equipe MH","@id":"https:\/\/mhcalculos.com.br\/noticias\/#\/schema\/person\/88d1c34bf72dc779ea14a5a6b8e0ae8d"},"headline":"STF: A\u00e7\u00f5es contra Reforma da Previd\u00eancia tramitar\u00e3o em rito abreviado","datePublished":"2019-12-02T21:05:42+00:00","dateModified":"2021-07-28T17:30:40+00:00","mainEntityOfPage":{"@id":"https:\/\/mhcalculos.com.br\/noticias\/area\/previdenciario\/stf-acoes-contra-reforma-da-previdencia-tramitarao-em-rito-abreviado.html"},"wordCount":224,"commentCount":0,"image":{"@id":"https:\/\/mhcalculos.com.br\/noticias\/area\/previdenciario\/stf-acoes-contra-reforma-da-previdencia-tramitarao-em-rito-abreviado.html#primaryimage"},"thumbnailUrl":"https:\/\/mhcalculos.com.br\/noticias\/wp-content\/uploads\/sites\/2\/2018\/06\/previdenciario-0008.jpg","keywords":["aposentadoria","c\u00e1lculos previdenci\u00e1rios","direito previdenci\u00e1rio","inss","per\u00edcia","perito","stf"],"articleSection":["Direito Previdenci\u00e1rio","STF"],"inLanguage":"pt-BR","potentialAction":[{"@type":"CommentAction","name":"Comment","target":["https:\/\/mhcalculos.com.br\/noticias\/area\/previdenciario\/stf-acoes-contra-reforma-da-previdencia-tramitarao-em-rito-abreviado.html#respond"]}]},{"@type":"WebPage","@id":"https:\/\/mhcalculos.com.br\/noticias\/area\/previdenciario\/stf-acoes-contra-reforma-da-previdencia-tramitarao-em-rito-abreviado.html","url":"https:\/\/mhcalculos.com.br\/noticias\/area\/previdenciario\/stf-acoes-contra-reforma-da-previdencia-tramitarao-em-rito-abreviado.html","name":"STF: A\u00e7\u00f5es contra Reforma da Previd\u00eancia tramitar\u00e3o em rito abreviado | Portal de Not\u00edcias","isPartOf":{"@id":"https:\/\/mhcalculos.com.br\/noticias\/#website"},"primaryImageOfPage":{"@id":"https:\/\/mhcalculos.com.br\/noticias\/area\/previdenciario\/stf-acoes-contra-reforma-da-previdencia-tramitarao-em-rito-abreviado.html#primaryimage"},"image":{"@id":"https:\/\/mhcalculos.com.br\/noticias\/area\/previdenciario\/stf-acoes-contra-reforma-da-previdencia-tramitarao-em-rito-abreviado.html#primaryimage"},"thumbnailUrl":"https:\/\/mhcalculos.com.br\/noticias\/wp-content\/uploads\/sites\/2\/2018\/06\/previdenciario-0008.jpg","datePublished":"2019-12-02T21:05:42+00:00","dateModified":"2021-07-28T17:30:40+00:00","author":{"@id":"https:\/\/mhcalculos.com.br\/noticias\/#\/schema\/person\/88d1c34bf72dc779ea14a5a6b8e0ae8d"},"breadcrumb":{"@id":"https:\/\/mhcalculos.com.br\/noticias\/area\/previdenciario\/stf-acoes-contra-reforma-da-previdencia-tramitarao-em-rito-abreviado.html#breadcrumb"},"inLanguage":"pt-BR","potentialAction":[{"@type":"ReadAction","target":["https:\/\/mhcalculos.com.br\/noticias\/area\/previdenciario\/stf-acoes-contra-reforma-da-previdencia-tramitarao-em-rito-abreviado.html"]}]},{"@type":"ImageObject","inLanguage":"pt-BR","@id":"https:\/\/mhcalculos.com.br\/noticias\/area\/previdenciario\/stf-acoes-contra-reforma-da-previdencia-tramitarao-em-rito-abreviado.html#primaryimage","url":"https:\/\/mhcalculos.com.br\/noticias\/wp-content\/uploads\/sites\/2\/2018\/06\/previdenciario-0008.jpg","contentUrl":"https:\/\/mhcalculos.com.br\/noticias\/wp-content\/uploads\/sites\/2\/2018\/06\/previdenciario-0008.jpg","width":2000,"height":800},{"@type":"BreadcrumbList","@id":"https:\/\/mhcalculos.com.br\/noticias\/area\/previdenciario\/stf-acoes-contra-reforma-da-previdencia-tramitarao-em-rito-abreviado.html#breadcrumb","itemListElement":[{"@type":"ListItem","position":1,"name":"In\u00edcio","item":"https:\/\/mhcalculos.com.br\/noticias\/"},{"@type":"ListItem","position":2,"name":"STF: A\u00e7\u00f5es contra Reforma da Previd\u00eancia tramitar\u00e3o em rito abreviado"}]},{"@type":"WebSite","@id":"https:\/\/mhcalculos.com.br\/noticias\/#website","url":"https:\/\/mhcalculos.com.br\/noticias\/","name":"Portal de Not\u00edcias","description":"Not\u00edcias e Jurisprud\u00eancia","potentialAction":[{"@type":"SearchAction","target":{"@type":"EntryPoint","urlTemplate":"https:\/\/mhcalculos.com.br\/noticias\/?s={search_term_string}"},"query-input":{"@type":"PropertyValueSpecification","valueRequired":true,"valueName":"search_term_string"}}],"inLanguage":"pt-BR"},{"@type":"Person","@id":"https:\/\/mhcalculos.com.br\/noticias\/#\/schema\/person\/88d1c34bf72dc779ea14a5a6b8e0ae8d","name":"Equipe MH","image":{"@type":"ImageObject","inLanguage":"pt-BR","@id":"https:\/\/secure.gravatar.com\/avatar\/de1c686c2ecc9c5a3f327e3431d819eb39f8f05d4e1045f5a1caad6daaba987f?s=96&d=mm&r=g","url":"https:\/\/secure.gravatar.com\/avatar\/de1c686c2ecc9c5a3f327e3431d819eb39f8f05d4e1045f5a1caad6daaba987f?s=96&d=mm&r=g","contentUrl":"https:\/\/secure.gravatar.com\/avatar\/de1c686c2ecc9c5a3f327e3431d819eb39f8f05d4e1045f5a1caad6daaba987f?s=96&d=mm&r=g","caption":"Equipe MH"}}]}},"_links":{"self":[{"href":"https:\/\/mhcalculos.com.br\/noticias\/wp-json\/wp\/v2\/posts\/6400","targetHints":{"allow":["GET"]}}],"collection":[{"href":"https:\/\/mhcalculos.com.br\/noticias\/wp-json\/wp\/v2\/posts"}],"about":[{"href":"https:\/\/mhcalculos.com.br\/noticias\/wp-json\/wp\/v2\/types\/post"}],"author":[{"embeddable":true,"href":"https:\/\/mhcalculos.com.br\/noticias\/wp-json\/wp\/v2\/users\/3063"}],"replies":[{"embeddable":true,"href":"https:\/\/mhcalculos.com.br\/noticias\/wp-json\/wp\/v2\/comments?post=6400"}],"version-history":[{"count":1,"href":"https:\/\/mhcalculos.com.br\/noticias\/wp-json\/wp\/v2\/posts\/6400\/revisions"}],"predecessor-version":[{"id":9502,"href":"https:\/\/mhcalculos.com.br\/noticias\/wp-json\/wp\/v2\/posts\/6400\/revisions\/9502"}],"wp:featuredmedia":[{"embeddable":true,"href":"https:\/\/mhcalculos.com.br\/noticias\/wp-json\/wp\/v2\/media\/1967"}],"wp:attachment":[{"href":"https:\/\/mhcalculos.com.br\/noticias\/wp-json\/wp\/v2\/media?parent=6400"}],"wp:term":[{"taxonomy":"category","embeddable":true,"href":"https:\/\/mhcalculos.com.br\/noticias\/wp-json\/wp\/v2\/categories?post=6400"},{"taxonomy":"post_tag","embeddable":true,"href":"https:\/\/mhcalculos.com.br\/noticias\/wp-json\/wp\/v2\/tags?post=6400"}],"curies":[{"name":"wp","href":"https:\/\/api.w.org\/{rel}","templated":true}]}}