{"id":6389,"date":"2019-11-29T17:48:00","date_gmt":"2019-11-29T20:48:00","guid":{"rendered":"https:\/\/mhcalculos.com.br\/noticias\/2019\/11\/29\/tst-cprm-vice-presidente-do-tribunal-faz-proposta-de-acordo-coletivo\/"},"modified":"2021-07-28T14:30:41","modified_gmt":"2021-07-28T17:30:41","slug":"tst-cprm-vice-presidente-do-tribunal-faz-proposta-de-acordo-coletivo","status":"publish","type":"post","link":"https:\/\/mhcalculos.com.br\/noticias\/area\/trabalhista\/tst-cprm-vice-presidente-do-tribunal-faz-proposta-de-acordo-coletivo.html","title":{"rendered":"TST: CPRM: vice-presidente do Tribunal&nbsp;faz proposta de acordo coletivo"},"content":{"rendered":"<p><br \/>\n  <\/p>\n<p ><em>Al\u00e9m do reajuste salarial, a proposta trata de cl\u00e1usulas sociais.<\/em><\/p>\n<p >29\/11\/19 \u2013 O vice-presidente do Tribunal Superior do Trabalho, ministro Renato de Lacerda Paiva, apresentou, nesta sexta-feira (29), proposta de Acordo Coletivo de Trabalho entre a Companhia de Pesquisa de Recursos Minerais (CPRM) e as entidades sindicais que representam os empregados. O objetivo \u00e9 resolver a data-base de 2019, cuja negocia\u00e7\u00e3o coletiva \u00e9 objeto de media\u00e7\u00e3o e concilia\u00e7\u00e3o pr\u00e9-processual no TST. Al\u00e9m do reajuste salarial, a proposta trata de cl\u00e1usulas sociais.<\/p>\n<p ><strong>Reajuste salarial<\/strong><\/p>\n<p >De acordo com os termos propostos, o reajuste do sal\u00e1rio e dos benef\u00edcios a ele vinculados, \u00e0 exce\u00e7\u00e3o do aux\u00edlio-alimenta\u00e7\u00e3o e do aux\u00edlio-creche, corresponder\u00e1 a 70% do \u00cdndice Nacional de Pre\u00e7os ao Consumidor (INPC) acumulado de 1\u00ba\/7\/2018 a 30\/6\/2019. O aumento ser\u00e1 aplicado a partir de 1\u00ba\/7\/2019, com pagamento retroativo a essa data, aos sal\u00e1rios dos empregados que mantenham contrato de trabalho com a CPRM na ocasi\u00e3o da implementa\u00e7\u00e3o.&nbsp;<\/p>\n<p ><strong>Cl\u00e1usulas sociais<\/strong><\/p>\n<p >O vice-presidente prop\u00f5e a manuten\u00e7\u00e3o da maioria das cl\u00e1usulas sociais constantes do acordo coletivo de 2018\/2019. Seriam exclu\u00eddas, no entanto, as que tratam do pagamento de sal\u00e1rios e dos adicionais noturno e de sobreaviso e as cl\u00e1usulas sobre gest\u00e3o, previd\u00eancia complementar, vale cultura, normas internas, licita\u00e7\u00f5es e contratos.<\/p>\n<p >Conforme o <a href=\"https:\/\/pje.tst.jus.br\/consultaprocessual\/detalhe-processo\/10007275320195000000\" target=\"_blank\" rel=\"noopener noreferrer\">despacho<\/a> em que o ministro registrou a proposta, ocorrer\u00e3o altera\u00e7\u00f5es nas cl\u00e1usulas relativas a jornada de trabalho; hor\u00e1rio e horas extraordin\u00e1rias; seguro p\u00f3s-vida; aux\u00edlio ao empregado e dependente com necessidades especiais; assist\u00eancia m\u00e9dica e odontol\u00f3gica; seguro de vida em grupo; sindic\u00e2ncia e processo administrativo-disciplinar; e dispensa especial de trabalho. O vice-presidente tamb\u00e9m prop\u00f5e mudan\u00e7as nas cl\u00e1usulas sobre 13\u00ba sal\u00e1rio, f\u00e9rias e fracionamento de f\u00e9rias.&nbsp;<\/p>\n<p >Por fim, o ministro sugere a ado\u00e7\u00e3o de cl\u00e1usula de custeio sindical nos moldes do <a href=\"https:\/\/pje.tst.jus.br\/consultaprocessual\/detalhe-processo\/10001917620185000000\">PMPP-1000191-76.2018.5.00.0000<\/a> mediante o cumprimento das exig\u00eancias previstas em lei, como a comprova\u00e7\u00e3o de autoriza\u00e7\u00e3o individual e a celebra\u00e7\u00e3o de conv\u00eanio com o Serpro para a efetiva\u00e7\u00e3o do desconto.<\/p>\n<p ><strong>Constru\u00e7\u00e3o da proposta<\/strong><\/p>\n<p >A proposta foi constru\u00edda ap\u00f3s diversas reuni\u00f5es da Vice-Presid\u00eancia com as partes, a fim de conhecer os interesses e mapear os pontos de consenso e de diverg\u00eancia. Na elabora\u00e7\u00e3o, o ministro buscou o caminho do meio entre as pretens\u00f5es. \u201cNem no contexto de julgamento, tampouco no de negocia\u00e7\u00e3o, h\u00e1 espa\u00e7o para a conviv\u00eancia das pretens\u00f5es integrais e antag\u00f4nicas\u201d, afirmou. \u201cO consenso exige racionalidade, intelig\u00eancia e preocupa\u00e7\u00e3o com o presente, mas tamb\u00e9m com o futuro, por ambos os lados\u201d.<\/p>\n<p >De acordo com o vice-presidente do TST, a proposta assegura aos empregados a manuten\u00e7\u00e3o de praticamente a integralidade das cl\u00e1usulas sociais previstas no acordo anterior, principalmente as de conte\u00fado econ\u00f4mico. \u201cNo atual cen\u00e1rio, no qual se discute o sistema que rege as rela\u00e7\u00f5es de trabalho, e com o fim do instituto da ultratividade, ganham import\u00e2ncia nas negocia\u00e7\u00f5es coletivas as cl\u00e1usulas sociais, principalmente as que contemplam vantagens de conte\u00fado econ\u00f4mico\u201d, avaliou.<\/p>\n<p ><strong>Prazo para vota\u00e7\u00e3o<\/strong><\/p>\n<p >Os empregados devem votar a proposta e informar o resultado ao TST at\u00e9 6\/12. A CPRM deve responder at\u00e9 9\/12. O ministro Renato de Lacerda Paiva pede que os dirigentes sindicais fa\u00e7am as assembleias e leiam a proposta, com as premissas e os fundamentos, para os empregados. \u201cSolicito o mesmo exerc\u00edcio de avalia\u00e7\u00e3o cuidadosa e com boa vontade por parte dos dirigentes da CPRM\u201d, assinalou.<\/p>\n<p >Em caso de aceita\u00e7\u00e3o, a audi\u00eancia de assinatura do ACT est\u00e1 marcada para 13\/12, \u00e0s 10h.<\/p>\n<p >(GS\/CF)<\/p>\n<p >Processo: <a href=\"https:\/\/pje.tst.jus.br\/consultaprocessual\/detalhe-processo\/10007275320195000000\" target=\"_blank\" rel=\"noopener noreferrer\">PMPP-1000727-53.2019.5.00.0000<\/a><\/p>\n<p> <strong>Esta mat\u00e9ria tem car\u00e1ter informativo, sem cunho oficial.<br \/> Permitida a reprodu\u00e7\u00e3o mediante cita\u00e7\u00e3o da fonte.<br \/> Secretaria de Comunica\u00e7\u00e3o Social<br \/> <a href=\"http:\/\/www.tst.jus.br\" target=\"_blank\" rel=\"noopener noreferrer\">Tribunal Superior do Trabalho<\/a><br \/> Tel. (61) 3043-4907<br \/> <a href=\"mailto:secom@tst.jus.br\">secom@tst.jus.br<\/a><\/strong>       <\/br><br \/>\n<br \/><i>Com informa\u00e7\u00f5es da assessoria de imprensa do TST.<\/i><br \/>\n<br \/><a href=\"http:\/\/www.tst.jus.br\/web\/guest\/noticias?p_p_id=89Dk&#038;p_p_lifecycle=0&#038;refererPlid=10730&#038;_89Dk_struts_action=%2Fjournal_content%2Fview&#038;_89Dk_groupId=10157&#038;_89Dk_articleId=25050465\">Fonte<\/a><br \/>\n<br \/><\/p>\n","protected":false},"excerpt":{"rendered":"<p>Al\u00e9m do reajuste salarial, a proposta trata de cl\u00e1usulas sociais. 29\/11\/19 \u2013 O vice-presidente do Tribunal Superior do Trabalho, ministro Renato de Lacerda Paiva, apresentou, nesta sexta-feira (29), proposta de Acordo Coletivo de Trabalho entre a Companhia de Pesquisa de Recursos Minerais (CPRM) e as entidades sindicais que representam os empregados. O objetivo \u00e9 resolver [&hellip;]<\/p>\n","protected":false},"author":3063,"featured_media":1670,"comment_status":"open","ping_status":"open","sticky":false,"template":"","format":"standard","meta":{"footnotes":""},"categories":[3,21],"tags":[33,216,9,12,217,215],"class_list":{"0":"post-6389","1":"post","2":"type-post","3":"status-publish","4":"format-standard","5":"has-post-thumbnail","7":"category-trabalhista","8":"category-tst","9":"tag-calculos-trabalhistas","10":"tag-direito-trabalhista","11":"tag-pericia","12":"tag-perito","13":"tag-trabalho","14":"tag-tst"},"yoast_head":"<!-- This site is optimized with the Yoast SEO plugin v27.2 - https:\/\/yoast.com\/product\/yoast-seo-wordpress\/ -->\n<title>TST: CPRM: vice-presidente do Tribunal&nbsp;faz proposta de acordo coletivo | Portal de Not\u00edcias<\/title>\n<meta name=\"robots\" content=\"index, follow, max-snippet:-1, max-image-preview:large, max-video-preview:-1\" \/>\n<link rel=\"canonical\" href=\"https:\/\/mhcalculos.com.br\/noticias\/area\/trabalhista\/tst-cprm-vice-presidente-do-tribunal-faz-proposta-de-acordo-coletivo.html\" \/>\n<meta property=\"og:locale\" content=\"pt_BR\" \/>\n<meta property=\"og:type\" content=\"article\" \/>\n<meta property=\"og:title\" content=\"TST: CPRM: vice-presidente do Tribunal&nbsp;faz proposta de acordo coletivo | Portal de Not\u00edcias\" \/>\n<meta property=\"og:description\" content=\"Al\u00e9m do reajuste salarial, a proposta trata de cl\u00e1usulas sociais. 29\/11\/19 \u2013 O vice-presidente do Tribunal Superior do Trabalho, ministro Renato de Lacerda Paiva, apresentou, nesta sexta-feira (29), proposta de Acordo Coletivo de Trabalho entre a Companhia de Pesquisa de Recursos Minerais (CPRM) e as entidades sindicais que representam os empregados. O objetivo \u00e9 resolver [&hellip;]\" \/>\n<meta property=\"og:url\" content=\"https:\/\/mhcalculos.com.br\/noticias\/area\/trabalhista\/tst-cprm-vice-presidente-do-tribunal-faz-proposta-de-acordo-coletivo.html\" \/>\n<meta property=\"og:site_name\" content=\"Portal de Not\u00edcias\" \/>\n<meta property=\"article:published_time\" content=\"2019-11-29T20:48:00+00:00\" \/>\n<meta property=\"article:modified_time\" content=\"2021-07-28T17:30:41+00:00\" \/>\n<meta property=\"og:image\" content=\"https:\/\/mhcalculos.com.br\/noticias\/wp-content\/uploads\/sites\/2\/2018\/06\/judiciario-0016.jpg\" \/>\n\t<meta property=\"og:image:width\" content=\"2000\" \/>\n\t<meta property=\"og:image:height\" content=\"800\" \/>\n\t<meta property=\"og:image:type\" content=\"image\/jpeg\" \/>\n<meta name=\"author\" content=\"Equipe MH\" \/>\n<meta name=\"twitter:card\" content=\"summary_large_image\" \/>\n<meta name=\"twitter:label1\" content=\"Escrito por\" \/>\n\t<meta name=\"twitter:data1\" content=\"Equipe MH\" \/>\n\t<meta name=\"twitter:label2\" content=\"Est. tempo de leitura\" \/>\n\t<meta name=\"twitter:data2\" content=\"3 minutos\" \/>\n<script type=\"application\/ld+json\" class=\"yoast-schema-graph\">{\"@context\":\"https:\/\/schema.org\",\"@graph\":[{\"@type\":\"Article\",\"@id\":\"https:\/\/mhcalculos.com.br\/noticias\/area\/trabalhista\/tst-cprm-vice-presidente-do-tribunal-faz-proposta-de-acordo-coletivo.html#article\",\"isPartOf\":{\"@id\":\"https:\/\/mhcalculos.com.br\/noticias\/area\/trabalhista\/tst-cprm-vice-presidente-do-tribunal-faz-proposta-de-acordo-coletivo.html\"},\"author\":{\"name\":\"Equipe MH\",\"@id\":\"https:\/\/mhcalculos.com.br\/noticias\/#\/schema\/person\/88d1c34bf72dc779ea14a5a6b8e0ae8d\"},\"headline\":\"TST: CPRM: vice-presidente do Tribunal&nbsp;faz proposta de acordo coletivo\",\"datePublished\":\"2019-11-29T20:48:00+00:00\",\"dateModified\":\"2021-07-28T17:30:41+00:00\",\"mainEntityOfPage\":{\"@id\":\"https:\/\/mhcalculos.com.br\/noticias\/area\/trabalhista\/tst-cprm-vice-presidente-do-tribunal-faz-proposta-de-acordo-coletivo.html\"},\"wordCount\":682,\"commentCount\":0,\"image\":{\"@id\":\"https:\/\/mhcalculos.com.br\/noticias\/area\/trabalhista\/tst-cprm-vice-presidente-do-tribunal-faz-proposta-de-acordo-coletivo.html#primaryimage\"},\"thumbnailUrl\":\"https:\/\/mhcalculos.com.br\/noticias\/wp-content\/uploads\/sites\/2\/2018\/06\/judiciario-0016.jpg\",\"keywords\":[\"c\u00e1lculos trabalhistas\",\"direito trabalhista\",\"per\u00edcia\",\"perito\",\"trabalho\",\"TST\"],\"articleSection\":[\"Direito Trabalhista\",\"TST\"],\"inLanguage\":\"pt-BR\",\"potentialAction\":[{\"@type\":\"CommentAction\",\"name\":\"Comment\",\"target\":[\"https:\/\/mhcalculos.com.br\/noticias\/area\/trabalhista\/tst-cprm-vice-presidente-do-tribunal-faz-proposta-de-acordo-coletivo.html#respond\"]}]},{\"@type\":\"WebPage\",\"@id\":\"https:\/\/mhcalculos.com.br\/noticias\/area\/trabalhista\/tst-cprm-vice-presidente-do-tribunal-faz-proposta-de-acordo-coletivo.html\",\"url\":\"https:\/\/mhcalculos.com.br\/noticias\/area\/trabalhista\/tst-cprm-vice-presidente-do-tribunal-faz-proposta-de-acordo-coletivo.html\",\"name\":\"TST: CPRM: vice-presidente do Tribunal&nbsp;faz proposta de acordo coletivo | Portal de Not\u00edcias\",\"isPartOf\":{\"@id\":\"https:\/\/mhcalculos.com.br\/noticias\/#website\"},\"primaryImageOfPage\":{\"@id\":\"https:\/\/mhcalculos.com.br\/noticias\/area\/trabalhista\/tst-cprm-vice-presidente-do-tribunal-faz-proposta-de-acordo-coletivo.html#primaryimage\"},\"image\":{\"@id\":\"https:\/\/mhcalculos.com.br\/noticias\/area\/trabalhista\/tst-cprm-vice-presidente-do-tribunal-faz-proposta-de-acordo-coletivo.html#primaryimage\"},\"thumbnailUrl\":\"https:\/\/mhcalculos.com.br\/noticias\/wp-content\/uploads\/sites\/2\/2018\/06\/judiciario-0016.jpg\",\"datePublished\":\"2019-11-29T20:48:00+00:00\",\"dateModified\":\"2021-07-28T17:30:41+00:00\",\"author\":{\"@id\":\"https:\/\/mhcalculos.com.br\/noticias\/#\/schema\/person\/88d1c34bf72dc779ea14a5a6b8e0ae8d\"},\"breadcrumb\":{\"@id\":\"https:\/\/mhcalculos.com.br\/noticias\/area\/trabalhista\/tst-cprm-vice-presidente-do-tribunal-faz-proposta-de-acordo-coletivo.html#breadcrumb\"},\"inLanguage\":\"pt-BR\",\"potentialAction\":[{\"@type\":\"ReadAction\",\"target\":[\"https:\/\/mhcalculos.com.br\/noticias\/area\/trabalhista\/tst-cprm-vice-presidente-do-tribunal-faz-proposta-de-acordo-coletivo.html\"]}]},{\"@type\":\"ImageObject\",\"inLanguage\":\"pt-BR\",\"@id\":\"https:\/\/mhcalculos.com.br\/noticias\/area\/trabalhista\/tst-cprm-vice-presidente-do-tribunal-faz-proposta-de-acordo-coletivo.html#primaryimage\",\"url\":\"https:\/\/mhcalculos.com.br\/noticias\/wp-content\/uploads\/sites\/2\/2018\/06\/judiciario-0016.jpg\",\"contentUrl\":\"https:\/\/mhcalculos.com.br\/noticias\/wp-content\/uploads\/sites\/2\/2018\/06\/judiciario-0016.jpg\",\"width\":2000,\"height\":800},{\"@type\":\"BreadcrumbList\",\"@id\":\"https:\/\/mhcalculos.com.br\/noticias\/area\/trabalhista\/tst-cprm-vice-presidente-do-tribunal-faz-proposta-de-acordo-coletivo.html#breadcrumb\",\"itemListElement\":[{\"@type\":\"ListItem\",\"position\":1,\"name\":\"In\u00edcio\",\"item\":\"https:\/\/mhcalculos.com.br\/noticias\/\"},{\"@type\":\"ListItem\",\"position\":2,\"name\":\"TST: CPRM: vice-presidente do Tribunal&nbsp;faz proposta de acordo coletivo\"}]},{\"@type\":\"WebSite\",\"@id\":\"https:\/\/mhcalculos.com.br\/noticias\/#website\",\"url\":\"https:\/\/mhcalculos.com.br\/noticias\/\",\"name\":\"Portal de Not\u00edcias\",\"description\":\"Not\u00edcias e Jurisprud\u00eancia\",\"potentialAction\":[{\"@type\":\"SearchAction\",\"target\":{\"@type\":\"EntryPoint\",\"urlTemplate\":\"https:\/\/mhcalculos.com.br\/noticias\/?s={search_term_string}\"},\"query-input\":{\"@type\":\"PropertyValueSpecification\",\"valueRequired\":true,\"valueName\":\"search_term_string\"}}],\"inLanguage\":\"pt-BR\"},{\"@type\":\"Person\",\"@id\":\"https:\/\/mhcalculos.com.br\/noticias\/#\/schema\/person\/88d1c34bf72dc779ea14a5a6b8e0ae8d\",\"name\":\"Equipe MH\",\"image\":{\"@type\":\"ImageObject\",\"inLanguage\":\"pt-BR\",\"@id\":\"https:\/\/secure.gravatar.com\/avatar\/de1c686c2ecc9c5a3f327e3431d819eb39f8f05d4e1045f5a1caad6daaba987f?s=96&d=mm&r=g\",\"url\":\"https:\/\/secure.gravatar.com\/avatar\/de1c686c2ecc9c5a3f327e3431d819eb39f8f05d4e1045f5a1caad6daaba987f?s=96&d=mm&r=g\",\"contentUrl\":\"https:\/\/secure.gravatar.com\/avatar\/de1c686c2ecc9c5a3f327e3431d819eb39f8f05d4e1045f5a1caad6daaba987f?s=96&d=mm&r=g\",\"caption\":\"Equipe MH\"}}]}<\/script>\n<!-- \/ Yoast SEO plugin. -->","yoast_head_json":{"title":"TST: CPRM: vice-presidente do Tribunal&nbsp;faz proposta de acordo coletivo | Portal de Not\u00edcias","robots":{"index":"index","follow":"follow","max-snippet":"max-snippet:-1","max-image-preview":"max-image-preview:large","max-video-preview":"max-video-preview:-1"},"canonical":"https:\/\/mhcalculos.com.br\/noticias\/area\/trabalhista\/tst-cprm-vice-presidente-do-tribunal-faz-proposta-de-acordo-coletivo.html","og_locale":"pt_BR","og_type":"article","og_title":"TST: CPRM: vice-presidente do Tribunal&nbsp;faz proposta de acordo coletivo | Portal de Not\u00edcias","og_description":"Al\u00e9m do reajuste salarial, a proposta trata de cl\u00e1usulas sociais. 29\/11\/19 \u2013 O vice-presidente do Tribunal Superior do Trabalho, ministro Renato de Lacerda Paiva, apresentou, nesta sexta-feira (29), proposta de Acordo Coletivo de Trabalho entre a Companhia de Pesquisa de Recursos Minerais (CPRM) e as entidades sindicais que representam os empregados. O objetivo \u00e9 resolver [&hellip;]","og_url":"https:\/\/mhcalculos.com.br\/noticias\/area\/trabalhista\/tst-cprm-vice-presidente-do-tribunal-faz-proposta-de-acordo-coletivo.html","og_site_name":"Portal de Not\u00edcias","article_published_time":"2019-11-29T20:48:00+00:00","article_modified_time":"2021-07-28T17:30:41+00:00","og_image":[{"width":2000,"height":800,"url":"https:\/\/mhcalculos.com.br\/noticias\/wp-content\/uploads\/sites\/2\/2018\/06\/judiciario-0016.jpg","type":"image\/jpeg"}],"author":"Equipe MH","twitter_card":"summary_large_image","twitter_misc":{"Escrito por":"Equipe MH","Est. tempo de leitura":"3 minutos"},"schema":{"@context":"https:\/\/schema.org","@graph":[{"@type":"Article","@id":"https:\/\/mhcalculos.com.br\/noticias\/area\/trabalhista\/tst-cprm-vice-presidente-do-tribunal-faz-proposta-de-acordo-coletivo.html#article","isPartOf":{"@id":"https:\/\/mhcalculos.com.br\/noticias\/area\/trabalhista\/tst-cprm-vice-presidente-do-tribunal-faz-proposta-de-acordo-coletivo.html"},"author":{"name":"Equipe MH","@id":"https:\/\/mhcalculos.com.br\/noticias\/#\/schema\/person\/88d1c34bf72dc779ea14a5a6b8e0ae8d"},"headline":"TST: CPRM: vice-presidente do Tribunal&nbsp;faz proposta de acordo coletivo","datePublished":"2019-11-29T20:48:00+00:00","dateModified":"2021-07-28T17:30:41+00:00","mainEntityOfPage":{"@id":"https:\/\/mhcalculos.com.br\/noticias\/area\/trabalhista\/tst-cprm-vice-presidente-do-tribunal-faz-proposta-de-acordo-coletivo.html"},"wordCount":682,"commentCount":0,"image":{"@id":"https:\/\/mhcalculos.com.br\/noticias\/area\/trabalhista\/tst-cprm-vice-presidente-do-tribunal-faz-proposta-de-acordo-coletivo.html#primaryimage"},"thumbnailUrl":"https:\/\/mhcalculos.com.br\/noticias\/wp-content\/uploads\/sites\/2\/2018\/06\/judiciario-0016.jpg","keywords":["c\u00e1lculos trabalhistas","direito trabalhista","per\u00edcia","perito","trabalho","TST"],"articleSection":["Direito Trabalhista","TST"],"inLanguage":"pt-BR","potentialAction":[{"@type":"CommentAction","name":"Comment","target":["https:\/\/mhcalculos.com.br\/noticias\/area\/trabalhista\/tst-cprm-vice-presidente-do-tribunal-faz-proposta-de-acordo-coletivo.html#respond"]}]},{"@type":"WebPage","@id":"https:\/\/mhcalculos.com.br\/noticias\/area\/trabalhista\/tst-cprm-vice-presidente-do-tribunal-faz-proposta-de-acordo-coletivo.html","url":"https:\/\/mhcalculos.com.br\/noticias\/area\/trabalhista\/tst-cprm-vice-presidente-do-tribunal-faz-proposta-de-acordo-coletivo.html","name":"TST: CPRM: vice-presidente do Tribunal&nbsp;faz proposta de acordo coletivo | Portal de Not\u00edcias","isPartOf":{"@id":"https:\/\/mhcalculos.com.br\/noticias\/#website"},"primaryImageOfPage":{"@id":"https:\/\/mhcalculos.com.br\/noticias\/area\/trabalhista\/tst-cprm-vice-presidente-do-tribunal-faz-proposta-de-acordo-coletivo.html#primaryimage"},"image":{"@id":"https:\/\/mhcalculos.com.br\/noticias\/area\/trabalhista\/tst-cprm-vice-presidente-do-tribunal-faz-proposta-de-acordo-coletivo.html#primaryimage"},"thumbnailUrl":"https:\/\/mhcalculos.com.br\/noticias\/wp-content\/uploads\/sites\/2\/2018\/06\/judiciario-0016.jpg","datePublished":"2019-11-29T20:48:00+00:00","dateModified":"2021-07-28T17:30:41+00:00","author":{"@id":"https:\/\/mhcalculos.com.br\/noticias\/#\/schema\/person\/88d1c34bf72dc779ea14a5a6b8e0ae8d"},"breadcrumb":{"@id":"https:\/\/mhcalculos.com.br\/noticias\/area\/trabalhista\/tst-cprm-vice-presidente-do-tribunal-faz-proposta-de-acordo-coletivo.html#breadcrumb"},"inLanguage":"pt-BR","potentialAction":[{"@type":"ReadAction","target":["https:\/\/mhcalculos.com.br\/noticias\/area\/trabalhista\/tst-cprm-vice-presidente-do-tribunal-faz-proposta-de-acordo-coletivo.html"]}]},{"@type":"ImageObject","inLanguage":"pt-BR","@id":"https:\/\/mhcalculos.com.br\/noticias\/area\/trabalhista\/tst-cprm-vice-presidente-do-tribunal-faz-proposta-de-acordo-coletivo.html#primaryimage","url":"https:\/\/mhcalculos.com.br\/noticias\/wp-content\/uploads\/sites\/2\/2018\/06\/judiciario-0016.jpg","contentUrl":"https:\/\/mhcalculos.com.br\/noticias\/wp-content\/uploads\/sites\/2\/2018\/06\/judiciario-0016.jpg","width":2000,"height":800},{"@type":"BreadcrumbList","@id":"https:\/\/mhcalculos.com.br\/noticias\/area\/trabalhista\/tst-cprm-vice-presidente-do-tribunal-faz-proposta-de-acordo-coletivo.html#breadcrumb","itemListElement":[{"@type":"ListItem","position":1,"name":"In\u00edcio","item":"https:\/\/mhcalculos.com.br\/noticias\/"},{"@type":"ListItem","position":2,"name":"TST: CPRM: vice-presidente do Tribunal&nbsp;faz proposta de acordo coletivo"}]},{"@type":"WebSite","@id":"https:\/\/mhcalculos.com.br\/noticias\/#website","url":"https:\/\/mhcalculos.com.br\/noticias\/","name":"Portal de Not\u00edcias","description":"Not\u00edcias e Jurisprud\u00eancia","potentialAction":[{"@type":"SearchAction","target":{"@type":"EntryPoint","urlTemplate":"https:\/\/mhcalculos.com.br\/noticias\/?s={search_term_string}"},"query-input":{"@type":"PropertyValueSpecification","valueRequired":true,"valueName":"search_term_string"}}],"inLanguage":"pt-BR"},{"@type":"Person","@id":"https:\/\/mhcalculos.com.br\/noticias\/#\/schema\/person\/88d1c34bf72dc779ea14a5a6b8e0ae8d","name":"Equipe MH","image":{"@type":"ImageObject","inLanguage":"pt-BR","@id":"https:\/\/secure.gravatar.com\/avatar\/de1c686c2ecc9c5a3f327e3431d819eb39f8f05d4e1045f5a1caad6daaba987f?s=96&d=mm&r=g","url":"https:\/\/secure.gravatar.com\/avatar\/de1c686c2ecc9c5a3f327e3431d819eb39f8f05d4e1045f5a1caad6daaba987f?s=96&d=mm&r=g","contentUrl":"https:\/\/secure.gravatar.com\/avatar\/de1c686c2ecc9c5a3f327e3431d819eb39f8f05d4e1045f5a1caad6daaba987f?s=96&d=mm&r=g","caption":"Equipe MH"}}]}},"_links":{"self":[{"href":"https:\/\/mhcalculos.com.br\/noticias\/wp-json\/wp\/v2\/posts\/6389","targetHints":{"allow":["GET"]}}],"collection":[{"href":"https:\/\/mhcalculos.com.br\/noticias\/wp-json\/wp\/v2\/posts"}],"about":[{"href":"https:\/\/mhcalculos.com.br\/noticias\/wp-json\/wp\/v2\/types\/post"}],"author":[{"embeddable":true,"href":"https:\/\/mhcalculos.com.br\/noticias\/wp-json\/wp\/v2\/users\/3063"}],"replies":[{"embeddable":true,"href":"https:\/\/mhcalculos.com.br\/noticias\/wp-json\/wp\/v2\/comments?post=6389"}],"version-history":[{"count":1,"href":"https:\/\/mhcalculos.com.br\/noticias\/wp-json\/wp\/v2\/posts\/6389\/revisions"}],"predecessor-version":[{"id":9509,"href":"https:\/\/mhcalculos.com.br\/noticias\/wp-json\/wp\/v2\/posts\/6389\/revisions\/9509"}],"wp:featuredmedia":[{"embeddable":true,"href":"https:\/\/mhcalculos.com.br\/noticias\/wp-json\/wp\/v2\/media\/1670"}],"wp:attachment":[{"href":"https:\/\/mhcalculos.com.br\/noticias\/wp-json\/wp\/v2\/media?parent=6389"}],"wp:term":[{"taxonomy":"category","embeddable":true,"href":"https:\/\/mhcalculos.com.br\/noticias\/wp-json\/wp\/v2\/categories?post=6389"},{"taxonomy":"post_tag","embeddable":true,"href":"https:\/\/mhcalculos.com.br\/noticias\/wp-json\/wp\/v2\/tags?post=6389"}],"curies":[{"name":"wp","href":"https:\/\/api.w.org\/{rel}","templated":true}]}}