{"id":6382,"date":"2019-11-23T08:01:00","date_gmt":"2019-11-23T11:01:00","guid":{"rendered":"https:\/\/mhcalculos.com.br\/noticias\/2019\/11\/23\/tst-liminar-determina-que-petroleiros-nao-iniciem-greve-marcada-para-segunda-feira-25\/"},"modified":"2021-07-28T14:30:43","modified_gmt":"2021-07-28T17:30:43","slug":"tst-liminar-determina-que-petroleiros-nao-iniciem-greve-marcada-para-segunda-feira-25","status":"publish","type":"post","link":"https:\/\/mhcalculos.com.br\/noticias\/area\/trabalhista\/tst-liminar-determina-que-petroleiros-nao-iniciem-greve-marcada-para-segunda-feira-25.html","title":{"rendered":"TST: Liminar determina que petroleiros n\u00e3o iniciem greve marcada para segunda-feira (25)"},"content":{"rendered":"<p><br \/>\n  <\/p>\n<p><em>O ministro Ives Gandra Martins fixou ainda multa de R$ 2 milh\u00f5es por entidade sindical em caso de descumprimento.&nbsp;<\/em><\/p>\n<p >23\/11\/19 &#8211; O ministro Ives Gandra Martins, do Tribunal Superior do Trabalho, deferiu neste s\u00e1bado (23)&nbsp;liminar requerida pela Petr\u00f3leo Brasileiro S. A. (Petrobras) para determinar que os petroleiros se abstenham de realizar a greve anunciada pela categoria para a pr\u00f3xima segunda-feira (25). O ministro ainda fixou multa di\u00e1ria de R$ 2 milh\u00f5es por entidade sindical em caso de descumprimento da determina\u00e7\u00e3o, destinada \u00e0 empresa.<\/p>\n<p ><strong>Acordo<\/strong><\/p>\n<p >Em 4\/11, a Petrobras e a Federa\u00e7\u00e3o \u00danica dos Petroleiros (FUP) assinaram acordo coletivo de trabalho mediado pela Vice-Presid\u00eancia do TST. Quatro dias depois, a FUP encaminhou \u00e0 empresa uma pauta de novas reivindica\u00e7\u00f5es ligadas ao cumprimento de tr\u00eas cl\u00e1usulas do acordo, relativas ao excedente de pessoal, \u00e0s condi\u00e7\u00f5es de seguran\u00e7a e sa\u00fade ocupacional e ao efetivo de pessoal. Em 14\/11, a federa\u00e7\u00e3o iniciou a realiza\u00e7\u00e3o de assembleias para a aprova\u00e7\u00e3o da greve, comunicada na quinta-feira&nbsp;(21) \u00e0 empresa.<\/p>\n<p >Ao deferir o pedido, o ministro observou que a Lei de Greve (Lei 7.783\/1989) considera abusiva a greve deflagrada ap\u00f3s a celebra\u00e7\u00e3o de acordo coletivo de trabalho, a n\u00e3o ser em caso de descumprimento. No caso, no entanto, destacou a aparente aus\u00eancia de motiva\u00e7\u00e3o para a paralisa\u00e7\u00e3o. \u201cO ACT de 2019\/2020 foi assinado h\u00e1 18 dias, e as cl\u00e1usulas cujo cumprimento se exige de imediato s\u00e3o de car\u00e1ter program\u00e1tico, sem prazo espec\u00edfico para implementa\u00e7\u00e3o\u201d, assinalou. \u201cOu seja, n\u00e3o h\u00e1 prova nem tempo para o descumprimento da norma coletiva em vigor que justifique a deflagra\u00e7\u00e3o da greve\u201d.<\/p>\n<p ><strong>Servi\u00e7o essencial<\/strong><\/p>\n<p >Ao deferir a liminar para que a categoria se abstenha de iniciar a greve e fixar a multa por descumprimento, o ministro levou em conta ainda a essencialidade dos servi\u00e7os de produ\u00e7\u00e3o e de distribui\u00e7\u00e3o de combust\u00edveis, \u201cem face do car\u00e1ter nacional do movimento anunciado e dos preju\u00edzos inestim\u00e1veis provocados \u00e0 popula\u00e7\u00e3o em caso de desabastecimento de combust\u00edvel\u201d.<\/p>\n<p >(CF\/GMIGM)<\/p>\n<p>       <\/br><br \/>\n<br \/><i>Com informa\u00e7\u00f5es da assessoria de imprensa do TST.<\/i><br \/>\n<br \/><a href=\"http:\/\/www.tst.jus.br\/web\/guest\/noticias?p_p_id=89Dk&#038;p_p_lifecycle=0&#038;refererPlid=10730&#038;_89Dk_struts_action=%2Fjournal_content%2Fview&#038;_89Dk_groupId=10157&#038;_89Dk_articleId=25043393\">Fonte<\/a><br \/>\n<br \/><\/p>\n","protected":false},"excerpt":{"rendered":"<p>O ministro Ives Gandra Martins fixou ainda multa de R$ 2 milh\u00f5es por entidade sindical em caso de descumprimento.&nbsp; 23\/11\/19 &#8211; O ministro Ives Gandra Martins, do Tribunal Superior do Trabalho, deferiu neste s\u00e1bado (23)&nbsp;liminar requerida pela Petr\u00f3leo Brasileiro S. A. (Petrobras) para determinar que os petroleiros se abstenham de realizar a greve anunciada pela [&hellip;]<\/p>\n","protected":false},"author":3063,"featured_media":1587,"comment_status":"open","ping_status":"open","sticky":false,"template":"","format":"standard","meta":{"footnotes":""},"categories":[3,21],"tags":[33,216,9,12,217,215],"class_list":{"0":"post-6382","1":"post","2":"type-post","3":"status-publish","4":"format-standard","5":"has-post-thumbnail","7":"category-trabalhista","8":"category-tst","9":"tag-calculos-trabalhistas","10":"tag-direito-trabalhista","11":"tag-pericia","12":"tag-perito","13":"tag-trabalho","14":"tag-tst"},"yoast_head":"<!-- This site is optimized with the Yoast SEO plugin v27.2 - https:\/\/yoast.com\/product\/yoast-seo-wordpress\/ -->\n<title>TST: Liminar determina que petroleiros n\u00e3o iniciem greve marcada para segunda-feira (25) | Portal de Not\u00edcias<\/title>\n<meta name=\"robots\" content=\"index, follow, max-snippet:-1, max-image-preview:large, max-video-preview:-1\" \/>\n<link rel=\"canonical\" href=\"https:\/\/mhcalculos.com.br\/noticias\/area\/trabalhista\/tst-liminar-determina-que-petroleiros-nao-iniciem-greve-marcada-para-segunda-feira-25.html\" \/>\n<meta property=\"og:locale\" content=\"pt_BR\" \/>\n<meta property=\"og:type\" content=\"article\" \/>\n<meta property=\"og:title\" content=\"TST: Liminar determina que petroleiros n\u00e3o iniciem greve marcada para segunda-feira (25) | Portal de Not\u00edcias\" \/>\n<meta property=\"og:description\" content=\"O ministro Ives Gandra Martins fixou ainda multa de R$ 2 milh\u00f5es por entidade sindical em caso de descumprimento.&nbsp; 23\/11\/19 &#8211; O ministro Ives Gandra Martins, do Tribunal Superior do Trabalho, deferiu neste s\u00e1bado (23)&nbsp;liminar requerida pela Petr\u00f3leo Brasileiro S. A. (Petrobras) para determinar que os petroleiros se abstenham de realizar a greve anunciada pela [&hellip;]\" \/>\n<meta property=\"og:url\" content=\"https:\/\/mhcalculos.com.br\/noticias\/area\/trabalhista\/tst-liminar-determina-que-petroleiros-nao-iniciem-greve-marcada-para-segunda-feira-25.html\" \/>\n<meta property=\"og:site_name\" content=\"Portal de Not\u00edcias\" \/>\n<meta property=\"article:published_time\" content=\"2019-11-23T11:01:00+00:00\" \/>\n<meta property=\"article:modified_time\" content=\"2021-07-28T17:30:43+00:00\" \/>\n<meta property=\"og:image\" content=\"https:\/\/mhcalculos.com.br\/noticias\/wp-content\/uploads\/sites\/2\/2018\/06\/judiciario-0005.jpg\" \/>\n\t<meta property=\"og:image:width\" content=\"2000\" \/>\n\t<meta property=\"og:image:height\" content=\"800\" \/>\n\t<meta property=\"og:image:type\" content=\"image\/jpeg\" \/>\n<meta name=\"author\" content=\"Equipe MH\" \/>\n<meta name=\"twitter:card\" content=\"summary_large_image\" \/>\n<meta name=\"twitter:label1\" content=\"Escrito por\" \/>\n\t<meta name=\"twitter:data1\" content=\"Equipe MH\" \/>\n\t<meta name=\"twitter:label2\" content=\"Est. tempo de leitura\" \/>\n\t<meta name=\"twitter:data2\" content=\"2 minutos\" \/>\n<script type=\"application\/ld+json\" class=\"yoast-schema-graph\">{\"@context\":\"https:\/\/schema.org\",\"@graph\":[{\"@type\":\"Article\",\"@id\":\"https:\/\/mhcalculos.com.br\/noticias\/area\/trabalhista\/tst-liminar-determina-que-petroleiros-nao-iniciem-greve-marcada-para-segunda-feira-25.html#article\",\"isPartOf\":{\"@id\":\"https:\/\/mhcalculos.com.br\/noticias\/area\/trabalhista\/tst-liminar-determina-que-petroleiros-nao-iniciem-greve-marcada-para-segunda-feira-25.html\"},\"author\":{\"name\":\"Equipe MH\",\"@id\":\"https:\/\/mhcalculos.com.br\/noticias\/#\/schema\/person\/88d1c34bf72dc779ea14a5a6b8e0ae8d\"},\"headline\":\"TST: Liminar determina que petroleiros n\u00e3o iniciem greve marcada para segunda-feira (25)\",\"datePublished\":\"2019-11-23T11:01:00+00:00\",\"dateModified\":\"2021-07-28T17:30:43+00:00\",\"mainEntityOfPage\":{\"@id\":\"https:\/\/mhcalculos.com.br\/noticias\/area\/trabalhista\/tst-liminar-determina-que-petroleiros-nao-iniciem-greve-marcada-para-segunda-feira-25.html\"},\"wordCount\":376,\"commentCount\":0,\"image\":{\"@id\":\"https:\/\/mhcalculos.com.br\/noticias\/area\/trabalhista\/tst-liminar-determina-que-petroleiros-nao-iniciem-greve-marcada-para-segunda-feira-25.html#primaryimage\"},\"thumbnailUrl\":\"https:\/\/mhcalculos.com.br\/noticias\/wp-content\/uploads\/sites\/2\/2018\/06\/judiciario-0005.jpg\",\"keywords\":[\"c\u00e1lculos trabalhistas\",\"direito trabalhista\",\"per\u00edcia\",\"perito\",\"trabalho\",\"TST\"],\"articleSection\":[\"Direito Trabalhista\",\"TST\"],\"inLanguage\":\"pt-BR\",\"potentialAction\":[{\"@type\":\"CommentAction\",\"name\":\"Comment\",\"target\":[\"https:\/\/mhcalculos.com.br\/noticias\/area\/trabalhista\/tst-liminar-determina-que-petroleiros-nao-iniciem-greve-marcada-para-segunda-feira-25.html#respond\"]}]},{\"@type\":\"WebPage\",\"@id\":\"https:\/\/mhcalculos.com.br\/noticias\/area\/trabalhista\/tst-liminar-determina-que-petroleiros-nao-iniciem-greve-marcada-para-segunda-feira-25.html\",\"url\":\"https:\/\/mhcalculos.com.br\/noticias\/area\/trabalhista\/tst-liminar-determina-que-petroleiros-nao-iniciem-greve-marcada-para-segunda-feira-25.html\",\"name\":\"TST: Liminar determina que petroleiros n\u00e3o iniciem greve marcada para segunda-feira (25) | Portal de Not\u00edcias\",\"isPartOf\":{\"@id\":\"https:\/\/mhcalculos.com.br\/noticias\/#website\"},\"primaryImageOfPage\":{\"@id\":\"https:\/\/mhcalculos.com.br\/noticias\/area\/trabalhista\/tst-liminar-determina-que-petroleiros-nao-iniciem-greve-marcada-para-segunda-feira-25.html#primaryimage\"},\"image\":{\"@id\":\"https:\/\/mhcalculos.com.br\/noticias\/area\/trabalhista\/tst-liminar-determina-que-petroleiros-nao-iniciem-greve-marcada-para-segunda-feira-25.html#primaryimage\"},\"thumbnailUrl\":\"https:\/\/mhcalculos.com.br\/noticias\/wp-content\/uploads\/sites\/2\/2018\/06\/judiciario-0005.jpg\",\"datePublished\":\"2019-11-23T11:01:00+00:00\",\"dateModified\":\"2021-07-28T17:30:43+00:00\",\"author\":{\"@id\":\"https:\/\/mhcalculos.com.br\/noticias\/#\/schema\/person\/88d1c34bf72dc779ea14a5a6b8e0ae8d\"},\"breadcrumb\":{\"@id\":\"https:\/\/mhcalculos.com.br\/noticias\/area\/trabalhista\/tst-liminar-determina-que-petroleiros-nao-iniciem-greve-marcada-para-segunda-feira-25.html#breadcrumb\"},\"inLanguage\":\"pt-BR\",\"potentialAction\":[{\"@type\":\"ReadAction\",\"target\":[\"https:\/\/mhcalculos.com.br\/noticias\/area\/trabalhista\/tst-liminar-determina-que-petroleiros-nao-iniciem-greve-marcada-para-segunda-feira-25.html\"]}]},{\"@type\":\"ImageObject\",\"inLanguage\":\"pt-BR\",\"@id\":\"https:\/\/mhcalculos.com.br\/noticias\/area\/trabalhista\/tst-liminar-determina-que-petroleiros-nao-iniciem-greve-marcada-para-segunda-feira-25.html#primaryimage\",\"url\":\"https:\/\/mhcalculos.com.br\/noticias\/wp-content\/uploads\/sites\/2\/2018\/06\/judiciario-0005.jpg\",\"contentUrl\":\"https:\/\/mhcalculos.com.br\/noticias\/wp-content\/uploads\/sites\/2\/2018\/06\/judiciario-0005.jpg\",\"width\":2000,\"height\":800,\"caption\":\"Legisla\u00e7\u00e3o sobre funcionamento interno de ag\u00eancias banc\u00e1rias est\u00e1 na Pesquisa Pronta\"},{\"@type\":\"BreadcrumbList\",\"@id\":\"https:\/\/mhcalculos.com.br\/noticias\/area\/trabalhista\/tst-liminar-determina-que-petroleiros-nao-iniciem-greve-marcada-para-segunda-feira-25.html#breadcrumb\",\"itemListElement\":[{\"@type\":\"ListItem\",\"position\":1,\"name\":\"In\u00edcio\",\"item\":\"https:\/\/mhcalculos.com.br\/noticias\/\"},{\"@type\":\"ListItem\",\"position\":2,\"name\":\"TST: Liminar determina que petroleiros n\u00e3o iniciem greve marcada para segunda-feira (25)\"}]},{\"@type\":\"WebSite\",\"@id\":\"https:\/\/mhcalculos.com.br\/noticias\/#website\",\"url\":\"https:\/\/mhcalculos.com.br\/noticias\/\",\"name\":\"Portal de Not\u00edcias\",\"description\":\"Not\u00edcias e Jurisprud\u00eancia\",\"potentialAction\":[{\"@type\":\"SearchAction\",\"target\":{\"@type\":\"EntryPoint\",\"urlTemplate\":\"https:\/\/mhcalculos.com.br\/noticias\/?s={search_term_string}\"},\"query-input\":{\"@type\":\"PropertyValueSpecification\",\"valueRequired\":true,\"valueName\":\"search_term_string\"}}],\"inLanguage\":\"pt-BR\"},{\"@type\":\"Person\",\"@id\":\"https:\/\/mhcalculos.com.br\/noticias\/#\/schema\/person\/88d1c34bf72dc779ea14a5a6b8e0ae8d\",\"name\":\"Equipe MH\",\"image\":{\"@type\":\"ImageObject\",\"inLanguage\":\"pt-BR\",\"@id\":\"https:\/\/secure.gravatar.com\/avatar\/de1c686c2ecc9c5a3f327e3431d819eb39f8f05d4e1045f5a1caad6daaba987f?s=96&d=mm&r=g\",\"url\":\"https:\/\/secure.gravatar.com\/avatar\/de1c686c2ecc9c5a3f327e3431d819eb39f8f05d4e1045f5a1caad6daaba987f?s=96&d=mm&r=g\",\"contentUrl\":\"https:\/\/secure.gravatar.com\/avatar\/de1c686c2ecc9c5a3f327e3431d819eb39f8f05d4e1045f5a1caad6daaba987f?s=96&d=mm&r=g\",\"caption\":\"Equipe MH\"}}]}<\/script>\n<!-- \/ Yoast SEO plugin. -->","yoast_head_json":{"title":"TST: Liminar determina que petroleiros n\u00e3o iniciem greve marcada para segunda-feira (25) | Portal de Not\u00edcias","robots":{"index":"index","follow":"follow","max-snippet":"max-snippet:-1","max-image-preview":"max-image-preview:large","max-video-preview":"max-video-preview:-1"},"canonical":"https:\/\/mhcalculos.com.br\/noticias\/area\/trabalhista\/tst-liminar-determina-que-petroleiros-nao-iniciem-greve-marcada-para-segunda-feira-25.html","og_locale":"pt_BR","og_type":"article","og_title":"TST: Liminar determina que petroleiros n\u00e3o iniciem greve marcada para segunda-feira (25) | Portal de Not\u00edcias","og_description":"O ministro Ives Gandra Martins fixou ainda multa de R$ 2 milh\u00f5es por entidade sindical em caso de descumprimento.&nbsp; 23\/11\/19 &#8211; O ministro Ives Gandra Martins, do Tribunal Superior do Trabalho, deferiu neste s\u00e1bado (23)&nbsp;liminar requerida pela Petr\u00f3leo Brasileiro S. A. (Petrobras) para determinar que os petroleiros se abstenham de realizar a greve anunciada pela [&hellip;]","og_url":"https:\/\/mhcalculos.com.br\/noticias\/area\/trabalhista\/tst-liminar-determina-que-petroleiros-nao-iniciem-greve-marcada-para-segunda-feira-25.html","og_site_name":"Portal de Not\u00edcias","article_published_time":"2019-11-23T11:01:00+00:00","article_modified_time":"2021-07-28T17:30:43+00:00","og_image":[{"width":2000,"height":800,"url":"https:\/\/mhcalculos.com.br\/noticias\/wp-content\/uploads\/sites\/2\/2018\/06\/judiciario-0005.jpg","type":"image\/jpeg"}],"author":"Equipe MH","twitter_card":"summary_large_image","twitter_misc":{"Escrito por":"Equipe MH","Est. tempo de leitura":"2 minutos"},"schema":{"@context":"https:\/\/schema.org","@graph":[{"@type":"Article","@id":"https:\/\/mhcalculos.com.br\/noticias\/area\/trabalhista\/tst-liminar-determina-que-petroleiros-nao-iniciem-greve-marcada-para-segunda-feira-25.html#article","isPartOf":{"@id":"https:\/\/mhcalculos.com.br\/noticias\/area\/trabalhista\/tst-liminar-determina-que-petroleiros-nao-iniciem-greve-marcada-para-segunda-feira-25.html"},"author":{"name":"Equipe MH","@id":"https:\/\/mhcalculos.com.br\/noticias\/#\/schema\/person\/88d1c34bf72dc779ea14a5a6b8e0ae8d"},"headline":"TST: Liminar determina que petroleiros n\u00e3o iniciem greve marcada para segunda-feira (25)","datePublished":"2019-11-23T11:01:00+00:00","dateModified":"2021-07-28T17:30:43+00:00","mainEntityOfPage":{"@id":"https:\/\/mhcalculos.com.br\/noticias\/area\/trabalhista\/tst-liminar-determina-que-petroleiros-nao-iniciem-greve-marcada-para-segunda-feira-25.html"},"wordCount":376,"commentCount":0,"image":{"@id":"https:\/\/mhcalculos.com.br\/noticias\/area\/trabalhista\/tst-liminar-determina-que-petroleiros-nao-iniciem-greve-marcada-para-segunda-feira-25.html#primaryimage"},"thumbnailUrl":"https:\/\/mhcalculos.com.br\/noticias\/wp-content\/uploads\/sites\/2\/2018\/06\/judiciario-0005.jpg","keywords":["c\u00e1lculos trabalhistas","direito trabalhista","per\u00edcia","perito","trabalho","TST"],"articleSection":["Direito Trabalhista","TST"],"inLanguage":"pt-BR","potentialAction":[{"@type":"CommentAction","name":"Comment","target":["https:\/\/mhcalculos.com.br\/noticias\/area\/trabalhista\/tst-liminar-determina-que-petroleiros-nao-iniciem-greve-marcada-para-segunda-feira-25.html#respond"]}]},{"@type":"WebPage","@id":"https:\/\/mhcalculos.com.br\/noticias\/area\/trabalhista\/tst-liminar-determina-que-petroleiros-nao-iniciem-greve-marcada-para-segunda-feira-25.html","url":"https:\/\/mhcalculos.com.br\/noticias\/area\/trabalhista\/tst-liminar-determina-que-petroleiros-nao-iniciem-greve-marcada-para-segunda-feira-25.html","name":"TST: Liminar determina que petroleiros n\u00e3o iniciem greve marcada para segunda-feira (25) | Portal de Not\u00edcias","isPartOf":{"@id":"https:\/\/mhcalculos.com.br\/noticias\/#website"},"primaryImageOfPage":{"@id":"https:\/\/mhcalculos.com.br\/noticias\/area\/trabalhista\/tst-liminar-determina-que-petroleiros-nao-iniciem-greve-marcada-para-segunda-feira-25.html#primaryimage"},"image":{"@id":"https:\/\/mhcalculos.com.br\/noticias\/area\/trabalhista\/tst-liminar-determina-que-petroleiros-nao-iniciem-greve-marcada-para-segunda-feira-25.html#primaryimage"},"thumbnailUrl":"https:\/\/mhcalculos.com.br\/noticias\/wp-content\/uploads\/sites\/2\/2018\/06\/judiciario-0005.jpg","datePublished":"2019-11-23T11:01:00+00:00","dateModified":"2021-07-28T17:30:43+00:00","author":{"@id":"https:\/\/mhcalculos.com.br\/noticias\/#\/schema\/person\/88d1c34bf72dc779ea14a5a6b8e0ae8d"},"breadcrumb":{"@id":"https:\/\/mhcalculos.com.br\/noticias\/area\/trabalhista\/tst-liminar-determina-que-petroleiros-nao-iniciem-greve-marcada-para-segunda-feira-25.html#breadcrumb"},"inLanguage":"pt-BR","potentialAction":[{"@type":"ReadAction","target":["https:\/\/mhcalculos.com.br\/noticias\/area\/trabalhista\/tst-liminar-determina-que-petroleiros-nao-iniciem-greve-marcada-para-segunda-feira-25.html"]}]},{"@type":"ImageObject","inLanguage":"pt-BR","@id":"https:\/\/mhcalculos.com.br\/noticias\/area\/trabalhista\/tst-liminar-determina-que-petroleiros-nao-iniciem-greve-marcada-para-segunda-feira-25.html#primaryimage","url":"https:\/\/mhcalculos.com.br\/noticias\/wp-content\/uploads\/sites\/2\/2018\/06\/judiciario-0005.jpg","contentUrl":"https:\/\/mhcalculos.com.br\/noticias\/wp-content\/uploads\/sites\/2\/2018\/06\/judiciario-0005.jpg","width":2000,"height":800,"caption":"Legisla\u00e7\u00e3o sobre funcionamento interno de ag\u00eancias banc\u00e1rias est\u00e1 na Pesquisa Pronta"},{"@type":"BreadcrumbList","@id":"https:\/\/mhcalculos.com.br\/noticias\/area\/trabalhista\/tst-liminar-determina-que-petroleiros-nao-iniciem-greve-marcada-para-segunda-feira-25.html#breadcrumb","itemListElement":[{"@type":"ListItem","position":1,"name":"In\u00edcio","item":"https:\/\/mhcalculos.com.br\/noticias\/"},{"@type":"ListItem","position":2,"name":"TST: Liminar determina que petroleiros n\u00e3o iniciem greve marcada para segunda-feira (25)"}]},{"@type":"WebSite","@id":"https:\/\/mhcalculos.com.br\/noticias\/#website","url":"https:\/\/mhcalculos.com.br\/noticias\/","name":"Portal de Not\u00edcias","description":"Not\u00edcias e Jurisprud\u00eancia","potentialAction":[{"@type":"SearchAction","target":{"@type":"EntryPoint","urlTemplate":"https:\/\/mhcalculos.com.br\/noticias\/?s={search_term_string}"},"query-input":{"@type":"PropertyValueSpecification","valueRequired":true,"valueName":"search_term_string"}}],"inLanguage":"pt-BR"},{"@type":"Person","@id":"https:\/\/mhcalculos.com.br\/noticias\/#\/schema\/person\/88d1c34bf72dc779ea14a5a6b8e0ae8d","name":"Equipe MH","image":{"@type":"ImageObject","inLanguage":"pt-BR","@id":"https:\/\/secure.gravatar.com\/avatar\/de1c686c2ecc9c5a3f327e3431d819eb39f8f05d4e1045f5a1caad6daaba987f?s=96&d=mm&r=g","url":"https:\/\/secure.gravatar.com\/avatar\/de1c686c2ecc9c5a3f327e3431d819eb39f8f05d4e1045f5a1caad6daaba987f?s=96&d=mm&r=g","contentUrl":"https:\/\/secure.gravatar.com\/avatar\/de1c686c2ecc9c5a3f327e3431d819eb39f8f05d4e1045f5a1caad6daaba987f?s=96&d=mm&r=g","caption":"Equipe MH"}}]}},"_links":{"self":[{"href":"https:\/\/mhcalculos.com.br\/noticias\/wp-json\/wp\/v2\/posts\/6382","targetHints":{"allow":["GET"]}}],"collection":[{"href":"https:\/\/mhcalculos.com.br\/noticias\/wp-json\/wp\/v2\/posts"}],"about":[{"href":"https:\/\/mhcalculos.com.br\/noticias\/wp-json\/wp\/v2\/types\/post"}],"author":[{"embeddable":true,"href":"https:\/\/mhcalculos.com.br\/noticias\/wp-json\/wp\/v2\/users\/3063"}],"replies":[{"embeddable":true,"href":"https:\/\/mhcalculos.com.br\/noticias\/wp-json\/wp\/v2\/comments?post=6382"}],"version-history":[{"count":1,"href":"https:\/\/mhcalculos.com.br\/noticias\/wp-json\/wp\/v2\/posts\/6382\/revisions"}],"predecessor-version":[{"id":9518,"href":"https:\/\/mhcalculos.com.br\/noticias\/wp-json\/wp\/v2\/posts\/6382\/revisions\/9518"}],"wp:featuredmedia":[{"embeddable":true,"href":"https:\/\/mhcalculos.com.br\/noticias\/wp-json\/wp\/v2\/media\/1587"}],"wp:attachment":[{"href":"https:\/\/mhcalculos.com.br\/noticias\/wp-json\/wp\/v2\/media?parent=6382"}],"wp:term":[{"taxonomy":"category","embeddable":true,"href":"https:\/\/mhcalculos.com.br\/noticias\/wp-json\/wp\/v2\/categories?post=6382"},{"taxonomy":"post_tag","embeddable":true,"href":"https:\/\/mhcalculos.com.br\/noticias\/wp-json\/wp\/v2\/tags?post=6382"}],"curies":[{"name":"wp","href":"https:\/\/api.w.org\/{rel}","templated":true}]}}