{"id":6288,"date":"2019-11-10T17:05:19","date_gmt":"2019-11-10T20:05:19","guid":{"rendered":"https:\/\/mhcalculos.com.br\/noticias\/2019\/11\/10\/trf4-tribunal-e-justica-federal-buscam-resolver-processos-por-meio-de-acordo-06-11-2019\/"},"modified":"2021-07-28T14:30:48","modified_gmt":"2021-07-28T17:30:48","slug":"trf4-tribunal-e-justica-federal-buscam-resolver-processos-por-meio-de-acordo-06-11-2019","status":"publish","type":"post","link":"https:\/\/mhcalculos.com.br\/noticias\/area\/previdenciario\/trf4-tribunal-e-justica-federal-buscam-resolver-processos-por-meio-de-acordo-06-11-2019.html","title":{"rendered":"TRF4: Tribunal&nbsp;e Justi\u00e7a Federal buscam resolver processos por meio de acordo (06\/11\/2019)"},"content":{"rendered":"<p><br \/>\n<\/p>\n<p>Desde segunda-feira (4\/11), ocorre a Semana Nacional da Concilia\u00e7\u00e3o. O Tribunal Regional Federal da 4\u00aa Regi\u00e3o (TRF4) promove a campanha nos tr\u00eas estados da Regi\u00e3o Sul. As audi\u00eancias de concilia\u00e7\u00e3o acontecem at\u00e9 sexta-feira (8\/11) nos Centros Judici\u00e1rios de Solu\u00e7\u00e3o de Conflitos (Cejuscons) e nas Varas Federais.<\/p>\n<p>Entre os assuntos que est\u00e3o sendo tratados, destacam-se danos morais, contratos comerciais, quest\u00f5es habitacionais e de sa\u00fade. Os encontros n\u00e3o s\u00f3 satisfazem as partes, \u00a0como s\u00e3o um instrumento que o Judici\u00e1rio usa para diminuir as demandas nos gabinetes. Por envolver d\u00edvidas, im\u00f3veis e o pr\u00f3prio nome da parte, a concilia\u00e7\u00e3o costuma trazer al\u00edvio aos envolvidos. &ldquo;N\u00f3s n\u00e3o estamos aqui s\u00f3 ajudando a Justi\u00e7a. N\u00f3s estamos ajudando as pessoas&rdquo;, fala a conciliadora R\u00fabia Rodrigues. Para a servidora, sua fun\u00e7\u00e3o \u00e9 emocionante e traz humaniza\u00e7\u00e3o para o meio judicial, encerrando tormentos e preocupa\u00e7\u00f5es das partes.<\/p>\n<p>Em Porto Alegre, est\u00e1 prevista a realiza\u00e7\u00e3o de 250 audi\u00eancias no Cejuscon\/RS, cerca de 50 por dia. Uma das concilia\u00e7\u00f5es que resultaram em acordo ocorreu ontem (5\/11). Por um erro sist\u00eamico da Caixa no encerramento de uma conta-corrente, Ricardo Pacheco teve o nome inscrito no Sistema de Prote\u00e7\u00e3o ao Cr\u00e9dito. A situa\u00e7\u00e3o se arrastou por anos. Por falta de notifica\u00e7\u00e3o do banco, a suposta inadimpl\u00eancia foi descoberta por Pacheco por acaso, ao tentar fazer um empr\u00e9stimo.\u00a0<\/p>\n<p>H\u00e1 tr\u00eas meses ele ajuizou a a\u00e7\u00e3o contra a Caixa e acabou sendo um dos selecionados entre os casos pass\u00edveis de concilia\u00e7\u00e3o. A Caixa explicou que reconheceu a ocorr\u00eancia dessa falha interna e a partir disso come\u00e7ou a trabalhar para compensar os transtornos causados ao cliente. Ao fim, foi acordada a inexist\u00eancia da d\u00edvida, al\u00e9m de um valor por dano moral.<\/p>\n<p>Para o Juiz Federal Eduardo Tonetto Picarelli, que atua em aux\u00edlio ao Sistema de Concilia\u00e7\u00e3o do TRF4 (Sistcon), a concilia\u00e7\u00e3o traz a possibilidade de resolver em curto espa\u00e7o de tempo \u00a0pedidos que poderiam levar anos, al\u00e9m de permitir a participa\u00e7\u00e3o dos dois interessados na decis\u00e3o. Picarelli salienta que a concilia\u00e7\u00e3o vem sendo usada fortemente nos \u00faltimos 15 anos. &ldquo;Isso \u00e9 um ganho muito grande para o Judici\u00e1rio e para a sociedade, que passa a desenvolver uma cultura at\u00e9 mesmo de n\u00e3o depender do Judici\u00e1rio pra resolver seus conflitos&rdquo;.\u00a0<\/p>\n<p>Quanto ao seu papel, ele completa que &ldquo;o juiz quando est\u00e1 na concilia\u00e7\u00e3o procura usar t\u00e9cnicas e ferramentas para estimular que as partes tentem trazer para o caso a solu\u00e7\u00e3o, diferentemente de quando est\u00e1 julgando, impondo sua decis\u00e3o sobre o caso concreto. A concilia\u00e7\u00e3o somente ocorre quando h\u00e1 concord\u00e2ncia entre as partes&rdquo;.\u00a0<\/p>\n<p><strong>Audi\u00eancias<\/strong><\/p>\n<p>Em Florian\u00f3polis (SC), est\u00e3o previstas 288 audi\u00eancias at\u00e9 sexta-feira (8\/11). Em meio aos temas pautados para a semana da Concilia\u00e7\u00e3o, sobressaem-se a\u00e7\u00f5es de dano moral, contratos comerciais, execu\u00e7\u00f5es fiscais e mat\u00e9ria ambiental. J\u00e1 em Curitiba (PR), est\u00e3o previstas cerca de 170 audi\u00eancias envolvendo contratos banc\u00e1rios. No interior do Paran\u00e1, mais de 400 a\u00e7\u00f5es ter\u00e3o tentativa de concilia\u00e7\u00e3o, e envolvem danos morais, v\u00edcios construtivos em unidades habitacionais e previd\u00eancia.<\/p>\n<p><br \/>No Cejuscon\/RS, as partes negociam buscando acordos para por fim a a\u00e7\u00f5es (Foto: Manuela Neves Ribeiro\/TRF4)<\/p>\n<p><img decoding=\"async\" data-src=\"https:\/\/www2.trf4.jus.br\/trf4\/upload\/editor\/ppi_cejuscon_7646.jpg\" title=\"\" alt=\"(E) Ricardo Pacheco obteve acordo com a Caixa e p\u00f4s fim a um longo processo\" style=\"width:800px\" src=\"data:image\/svg+xml;base64,PHN2ZyB3aWR0aD0iMSIgaGVpZ2h0PSIxIiB4bWxucz0iaHR0cDovL3d3dy53My5vcmcvMjAwMC9zdmciPjwvc3ZnPg==\" class=\"lazyload\" \/><br \/>(E) Ricardo Pacheco obteve acordo com a Caixa e p\u00f4s fim a um longo processo ()<\/p>\n<p><i>Com informa\u00e7\u00f5es da assessoria de imprensa do TRF4.<\/i><br \/>\n<br \/><a href=\"http:\/\/www2.trf4.jus.br\/trf4\/controlador.php?acao=noticia_visualizar&#038;id_noticia=14870\">Fonte<\/a><br \/>\n<br \/><\/p>\n","protected":false},"excerpt":{"rendered":"<p>Desde segunda-feira (4\/11), ocorre a Semana Nacional da Concilia\u00e7\u00e3o. O Tribunal Regional Federal da 4\u00aa Regi\u00e3o (TRF4) promove a campanha nos tr\u00eas estados da Regi\u00e3o Sul. As audi\u00eancias de concilia\u00e7\u00e3o acontecem at\u00e9 sexta-feira (8\/11) nos Centros Judici\u00e1rios de Solu\u00e7\u00e3o de Conflitos (Cejuscons) e nas Varas Federais. Entre os assuntos que est\u00e3o sendo tratados, destacam-se danos [&hellip;]<\/p>\n","protected":false},"author":3063,"featured_media":6289,"comment_status":"open","ping_status":"open","sticky":false,"template":"","format":"standard","meta":{"footnotes":""},"categories":[5,6],"tags":[11,10,8,13,9,12,17],"class_list":{"0":"post-6288","1":"post","2":"type-post","3":"status-publish","4":"format-standard","5":"has-post-thumbnail","7":"category-previdenciario","8":"category-trf4","9":"tag-aposentadoria","10":"tag-calculos-previdenciarios","11":"tag-direito-previdenciario","12":"tag-inss","13":"tag-pericia","14":"tag-perito","15":"tag-trf4"},"yoast_head":"<!-- This site is optimized with the Yoast SEO plugin v27.2 - https:\/\/yoast.com\/product\/yoast-seo-wordpress\/ -->\n<title>TRF4: Tribunal&nbsp;e Justi\u00e7a Federal buscam resolver processos por meio de acordo (06\/11\/2019) | Portal de Not\u00edcias<\/title>\n<meta name=\"robots\" content=\"index, follow, max-snippet:-1, max-image-preview:large, max-video-preview:-1\" \/>\n<link rel=\"canonical\" href=\"https:\/\/mhcalculos.com.br\/noticias\/area\/previdenciario\/trf4-tribunal-e-justica-federal-buscam-resolver-processos-por-meio-de-acordo-06-11-2019.html\" \/>\n<meta property=\"og:locale\" content=\"pt_BR\" \/>\n<meta property=\"og:type\" content=\"article\" \/>\n<meta property=\"og:title\" content=\"TRF4: Tribunal&nbsp;e Justi\u00e7a Federal buscam resolver processos por meio de acordo (06\/11\/2019) | Portal de Not\u00edcias\" \/>\n<meta property=\"og:description\" content=\"Desde segunda-feira (4\/11), ocorre a Semana Nacional da Concilia\u00e7\u00e3o. O Tribunal Regional Federal da 4\u00aa Regi\u00e3o (TRF4) promove a campanha nos tr\u00eas estados da Regi\u00e3o Sul. As audi\u00eancias de concilia\u00e7\u00e3o acontecem at\u00e9 sexta-feira (8\/11) nos Centros Judici\u00e1rios de Solu\u00e7\u00e3o de Conflitos (Cejuscons) e nas Varas Federais. Entre os assuntos que est\u00e3o sendo tratados, destacam-se danos [&hellip;]\" \/>\n<meta property=\"og:url\" content=\"https:\/\/mhcalculos.com.br\/noticias\/area\/previdenciario\/trf4-tribunal-e-justica-federal-buscam-resolver-processos-por-meio-de-acordo-06-11-2019.html\" \/>\n<meta property=\"og:site_name\" content=\"Portal de Not\u00edcias\" \/>\n<meta property=\"article:published_time\" content=\"2019-11-10T20:05:19+00:00\" \/>\n<meta property=\"article:modified_time\" content=\"2021-07-28T17:30:48+00:00\" \/>\n<meta property=\"og:image\" content=\"https:\/\/mhcalculos.com.br\/noticias\/wp-content\/uploads\/sites\/2\/2019\/11\/ppi_cejuscon_7642.jpg\" \/>\n\t<meta property=\"og:image:width\" content=\"1650\" \/>\n\t<meta property=\"og:image:height\" content=\"975\" \/>\n\t<meta property=\"og:image:type\" content=\"image\/jpeg\" \/>\n<meta name=\"author\" content=\"Equipe MH\" \/>\n<meta name=\"twitter:card\" content=\"summary_large_image\" \/>\n<meta name=\"twitter:label1\" content=\"Escrito por\" \/>\n\t<meta name=\"twitter:data1\" content=\"Equipe MH\" \/>\n\t<meta name=\"twitter:label2\" content=\"Est. tempo de leitura\" \/>\n\t<meta name=\"twitter:data2\" content=\"3 minutos\" \/>\n<script type=\"application\/ld+json\" class=\"yoast-schema-graph\">{\"@context\":\"https:\/\/schema.org\",\"@graph\":[{\"@type\":\"Article\",\"@id\":\"https:\/\/mhcalculos.com.br\/noticias\/area\/previdenciario\/trf4-tribunal-e-justica-federal-buscam-resolver-processos-por-meio-de-acordo-06-11-2019.html#article\",\"isPartOf\":{\"@id\":\"https:\/\/mhcalculos.com.br\/noticias\/area\/previdenciario\/trf4-tribunal-e-justica-federal-buscam-resolver-processos-por-meio-de-acordo-06-11-2019.html\"},\"author\":{\"name\":\"Equipe MH\",\"@id\":\"https:\/\/mhcalculos.com.br\/noticias\/#\/schema\/person\/88d1c34bf72dc779ea14a5a6b8e0ae8d\"},\"headline\":\"TRF4: Tribunal&nbsp;e Justi\u00e7a Federal buscam resolver processos por meio de acordo (06\/11\/2019)\",\"datePublished\":\"2019-11-10T20:05:19+00:00\",\"dateModified\":\"2021-07-28T17:30:48+00:00\",\"mainEntityOfPage\":{\"@id\":\"https:\/\/mhcalculos.com.br\/noticias\/area\/previdenciario\/trf4-tribunal-e-justica-federal-buscam-resolver-processos-por-meio-de-acordo-06-11-2019.html\"},\"wordCount\":619,\"commentCount\":0,\"image\":{\"@id\":\"https:\/\/mhcalculos.com.br\/noticias\/area\/previdenciario\/trf4-tribunal-e-justica-federal-buscam-resolver-processos-por-meio-de-acordo-06-11-2019.html#primaryimage\"},\"thumbnailUrl\":\"https:\/\/mhcalculos.com.br\/noticias\/wp-content\/uploads\/sites\/2\/2019\/11\/ppi_cejuscon_7642.jpg\",\"keywords\":[\"aposentadoria\",\"c\u00e1lculos previdenci\u00e1rios\",\"direito previdenci\u00e1rio\",\"inss\",\"per\u00edcia\",\"perito\",\"trf4\"],\"articleSection\":[\"Direito Previdenci\u00e1rio\",\"TRF4\"],\"inLanguage\":\"pt-BR\",\"potentialAction\":[{\"@type\":\"CommentAction\",\"name\":\"Comment\",\"target\":[\"https:\/\/mhcalculos.com.br\/noticias\/area\/previdenciario\/trf4-tribunal-e-justica-federal-buscam-resolver-processos-por-meio-de-acordo-06-11-2019.html#respond\"]}]},{\"@type\":\"WebPage\",\"@id\":\"https:\/\/mhcalculos.com.br\/noticias\/area\/previdenciario\/trf4-tribunal-e-justica-federal-buscam-resolver-processos-por-meio-de-acordo-06-11-2019.html\",\"url\":\"https:\/\/mhcalculos.com.br\/noticias\/area\/previdenciario\/trf4-tribunal-e-justica-federal-buscam-resolver-processos-por-meio-de-acordo-06-11-2019.html\",\"name\":\"TRF4: Tribunal&nbsp;e Justi\u00e7a Federal buscam resolver processos por meio de acordo (06\/11\/2019) | Portal de Not\u00edcias\",\"isPartOf\":{\"@id\":\"https:\/\/mhcalculos.com.br\/noticias\/#website\"},\"primaryImageOfPage\":{\"@id\":\"https:\/\/mhcalculos.com.br\/noticias\/area\/previdenciario\/trf4-tribunal-e-justica-federal-buscam-resolver-processos-por-meio-de-acordo-06-11-2019.html#primaryimage\"},\"image\":{\"@id\":\"https:\/\/mhcalculos.com.br\/noticias\/area\/previdenciario\/trf4-tribunal-e-justica-federal-buscam-resolver-processos-por-meio-de-acordo-06-11-2019.html#primaryimage\"},\"thumbnailUrl\":\"https:\/\/mhcalculos.com.br\/noticias\/wp-content\/uploads\/sites\/2\/2019\/11\/ppi_cejuscon_7642.jpg\",\"datePublished\":\"2019-11-10T20:05:19+00:00\",\"dateModified\":\"2021-07-28T17:30:48+00:00\",\"author\":{\"@id\":\"https:\/\/mhcalculos.com.br\/noticias\/#\/schema\/person\/88d1c34bf72dc779ea14a5a6b8e0ae8d\"},\"breadcrumb\":{\"@id\":\"https:\/\/mhcalculos.com.br\/noticias\/area\/previdenciario\/trf4-tribunal-e-justica-federal-buscam-resolver-processos-por-meio-de-acordo-06-11-2019.html#breadcrumb\"},\"inLanguage\":\"pt-BR\",\"potentialAction\":[{\"@type\":\"ReadAction\",\"target\":[\"https:\/\/mhcalculos.com.br\/noticias\/area\/previdenciario\/trf4-tribunal-e-justica-federal-buscam-resolver-processos-por-meio-de-acordo-06-11-2019.html\"]}]},{\"@type\":\"ImageObject\",\"inLanguage\":\"pt-BR\",\"@id\":\"https:\/\/mhcalculos.com.br\/noticias\/area\/previdenciario\/trf4-tribunal-e-justica-federal-buscam-resolver-processos-por-meio-de-acordo-06-11-2019.html#primaryimage\",\"url\":\"https:\/\/mhcalculos.com.br\/noticias\/wp-content\/uploads\/sites\/2\/2019\/11\/ppi_cejuscon_7642.jpg\",\"contentUrl\":\"https:\/\/mhcalculos.com.br\/noticias\/wp-content\/uploads\/sites\/2\/2019\/11\/ppi_cejuscon_7642.jpg\",\"width\":1650,\"height\":975},{\"@type\":\"BreadcrumbList\",\"@id\":\"https:\/\/mhcalculos.com.br\/noticias\/area\/previdenciario\/trf4-tribunal-e-justica-federal-buscam-resolver-processos-por-meio-de-acordo-06-11-2019.html#breadcrumb\",\"itemListElement\":[{\"@type\":\"ListItem\",\"position\":1,\"name\":\"In\u00edcio\",\"item\":\"https:\/\/mhcalculos.com.br\/noticias\/\"},{\"@type\":\"ListItem\",\"position\":2,\"name\":\"TRF4: Tribunal&nbsp;e Justi\u00e7a Federal buscam resolver processos por meio de acordo (06\/11\/2019)\"}]},{\"@type\":\"WebSite\",\"@id\":\"https:\/\/mhcalculos.com.br\/noticias\/#website\",\"url\":\"https:\/\/mhcalculos.com.br\/noticias\/\",\"name\":\"Portal de Not\u00edcias\",\"description\":\"Not\u00edcias e Jurisprud\u00eancia\",\"potentialAction\":[{\"@type\":\"SearchAction\",\"target\":{\"@type\":\"EntryPoint\",\"urlTemplate\":\"https:\/\/mhcalculos.com.br\/noticias\/?s={search_term_string}\"},\"query-input\":{\"@type\":\"PropertyValueSpecification\",\"valueRequired\":true,\"valueName\":\"search_term_string\"}}],\"inLanguage\":\"pt-BR\"},{\"@type\":\"Person\",\"@id\":\"https:\/\/mhcalculos.com.br\/noticias\/#\/schema\/person\/88d1c34bf72dc779ea14a5a6b8e0ae8d\",\"name\":\"Equipe MH\",\"image\":{\"@type\":\"ImageObject\",\"inLanguage\":\"pt-BR\",\"@id\":\"https:\/\/secure.gravatar.com\/avatar\/de1c686c2ecc9c5a3f327e3431d819eb39f8f05d4e1045f5a1caad6daaba987f?s=96&d=mm&r=g\",\"url\":\"https:\/\/secure.gravatar.com\/avatar\/de1c686c2ecc9c5a3f327e3431d819eb39f8f05d4e1045f5a1caad6daaba987f?s=96&d=mm&r=g\",\"contentUrl\":\"https:\/\/secure.gravatar.com\/avatar\/de1c686c2ecc9c5a3f327e3431d819eb39f8f05d4e1045f5a1caad6daaba987f?s=96&d=mm&r=g\",\"caption\":\"Equipe MH\"}}]}<\/script>\n<!-- \/ Yoast SEO plugin. -->","yoast_head_json":{"title":"TRF4: Tribunal&nbsp;e Justi\u00e7a Federal buscam resolver processos por meio de acordo (06\/11\/2019) | Portal de Not\u00edcias","robots":{"index":"index","follow":"follow","max-snippet":"max-snippet:-1","max-image-preview":"max-image-preview:large","max-video-preview":"max-video-preview:-1"},"canonical":"https:\/\/mhcalculos.com.br\/noticias\/area\/previdenciario\/trf4-tribunal-e-justica-federal-buscam-resolver-processos-por-meio-de-acordo-06-11-2019.html","og_locale":"pt_BR","og_type":"article","og_title":"TRF4: Tribunal&nbsp;e Justi\u00e7a Federal buscam resolver processos por meio de acordo (06\/11\/2019) | Portal de Not\u00edcias","og_description":"Desde segunda-feira (4\/11), ocorre a Semana Nacional da Concilia\u00e7\u00e3o. O Tribunal Regional Federal da 4\u00aa Regi\u00e3o (TRF4) promove a campanha nos tr\u00eas estados da Regi\u00e3o Sul. As audi\u00eancias de concilia\u00e7\u00e3o acontecem at\u00e9 sexta-feira (8\/11) nos Centros Judici\u00e1rios de Solu\u00e7\u00e3o de Conflitos (Cejuscons) e nas Varas Federais. Entre os assuntos que est\u00e3o sendo tratados, destacam-se danos [&hellip;]","og_url":"https:\/\/mhcalculos.com.br\/noticias\/area\/previdenciario\/trf4-tribunal-e-justica-federal-buscam-resolver-processos-por-meio-de-acordo-06-11-2019.html","og_site_name":"Portal de Not\u00edcias","article_published_time":"2019-11-10T20:05:19+00:00","article_modified_time":"2021-07-28T17:30:48+00:00","og_image":[{"width":1650,"height":975,"url":"https:\/\/mhcalculos.com.br\/noticias\/wp-content\/uploads\/sites\/2\/2019\/11\/ppi_cejuscon_7642.jpg","type":"image\/jpeg"}],"author":"Equipe MH","twitter_card":"summary_large_image","twitter_misc":{"Escrito por":"Equipe MH","Est. tempo de leitura":"3 minutos"},"schema":{"@context":"https:\/\/schema.org","@graph":[{"@type":"Article","@id":"https:\/\/mhcalculos.com.br\/noticias\/area\/previdenciario\/trf4-tribunal-e-justica-federal-buscam-resolver-processos-por-meio-de-acordo-06-11-2019.html#article","isPartOf":{"@id":"https:\/\/mhcalculos.com.br\/noticias\/area\/previdenciario\/trf4-tribunal-e-justica-federal-buscam-resolver-processos-por-meio-de-acordo-06-11-2019.html"},"author":{"name":"Equipe MH","@id":"https:\/\/mhcalculos.com.br\/noticias\/#\/schema\/person\/88d1c34bf72dc779ea14a5a6b8e0ae8d"},"headline":"TRF4: Tribunal&nbsp;e Justi\u00e7a Federal buscam resolver processos por meio de acordo (06\/11\/2019)","datePublished":"2019-11-10T20:05:19+00:00","dateModified":"2021-07-28T17:30:48+00:00","mainEntityOfPage":{"@id":"https:\/\/mhcalculos.com.br\/noticias\/area\/previdenciario\/trf4-tribunal-e-justica-federal-buscam-resolver-processos-por-meio-de-acordo-06-11-2019.html"},"wordCount":619,"commentCount":0,"image":{"@id":"https:\/\/mhcalculos.com.br\/noticias\/area\/previdenciario\/trf4-tribunal-e-justica-federal-buscam-resolver-processos-por-meio-de-acordo-06-11-2019.html#primaryimage"},"thumbnailUrl":"https:\/\/mhcalculos.com.br\/noticias\/wp-content\/uploads\/sites\/2\/2019\/11\/ppi_cejuscon_7642.jpg","keywords":["aposentadoria","c\u00e1lculos previdenci\u00e1rios","direito previdenci\u00e1rio","inss","per\u00edcia","perito","trf4"],"articleSection":["Direito Previdenci\u00e1rio","TRF4"],"inLanguage":"pt-BR","potentialAction":[{"@type":"CommentAction","name":"Comment","target":["https:\/\/mhcalculos.com.br\/noticias\/area\/previdenciario\/trf4-tribunal-e-justica-federal-buscam-resolver-processos-por-meio-de-acordo-06-11-2019.html#respond"]}]},{"@type":"WebPage","@id":"https:\/\/mhcalculos.com.br\/noticias\/area\/previdenciario\/trf4-tribunal-e-justica-federal-buscam-resolver-processos-por-meio-de-acordo-06-11-2019.html","url":"https:\/\/mhcalculos.com.br\/noticias\/area\/previdenciario\/trf4-tribunal-e-justica-federal-buscam-resolver-processos-por-meio-de-acordo-06-11-2019.html","name":"TRF4: Tribunal&nbsp;e Justi\u00e7a Federal buscam resolver processos por meio de acordo (06\/11\/2019) | Portal de Not\u00edcias","isPartOf":{"@id":"https:\/\/mhcalculos.com.br\/noticias\/#website"},"primaryImageOfPage":{"@id":"https:\/\/mhcalculos.com.br\/noticias\/area\/previdenciario\/trf4-tribunal-e-justica-federal-buscam-resolver-processos-por-meio-de-acordo-06-11-2019.html#primaryimage"},"image":{"@id":"https:\/\/mhcalculos.com.br\/noticias\/area\/previdenciario\/trf4-tribunal-e-justica-federal-buscam-resolver-processos-por-meio-de-acordo-06-11-2019.html#primaryimage"},"thumbnailUrl":"https:\/\/mhcalculos.com.br\/noticias\/wp-content\/uploads\/sites\/2\/2019\/11\/ppi_cejuscon_7642.jpg","datePublished":"2019-11-10T20:05:19+00:00","dateModified":"2021-07-28T17:30:48+00:00","author":{"@id":"https:\/\/mhcalculos.com.br\/noticias\/#\/schema\/person\/88d1c34bf72dc779ea14a5a6b8e0ae8d"},"breadcrumb":{"@id":"https:\/\/mhcalculos.com.br\/noticias\/area\/previdenciario\/trf4-tribunal-e-justica-federal-buscam-resolver-processos-por-meio-de-acordo-06-11-2019.html#breadcrumb"},"inLanguage":"pt-BR","potentialAction":[{"@type":"ReadAction","target":["https:\/\/mhcalculos.com.br\/noticias\/area\/previdenciario\/trf4-tribunal-e-justica-federal-buscam-resolver-processos-por-meio-de-acordo-06-11-2019.html"]}]},{"@type":"ImageObject","inLanguage":"pt-BR","@id":"https:\/\/mhcalculos.com.br\/noticias\/area\/previdenciario\/trf4-tribunal-e-justica-federal-buscam-resolver-processos-por-meio-de-acordo-06-11-2019.html#primaryimage","url":"https:\/\/mhcalculos.com.br\/noticias\/wp-content\/uploads\/sites\/2\/2019\/11\/ppi_cejuscon_7642.jpg","contentUrl":"https:\/\/mhcalculos.com.br\/noticias\/wp-content\/uploads\/sites\/2\/2019\/11\/ppi_cejuscon_7642.jpg","width":1650,"height":975},{"@type":"BreadcrumbList","@id":"https:\/\/mhcalculos.com.br\/noticias\/area\/previdenciario\/trf4-tribunal-e-justica-federal-buscam-resolver-processos-por-meio-de-acordo-06-11-2019.html#breadcrumb","itemListElement":[{"@type":"ListItem","position":1,"name":"In\u00edcio","item":"https:\/\/mhcalculos.com.br\/noticias\/"},{"@type":"ListItem","position":2,"name":"TRF4: Tribunal&nbsp;e Justi\u00e7a Federal buscam resolver processos por meio de acordo (06\/11\/2019)"}]},{"@type":"WebSite","@id":"https:\/\/mhcalculos.com.br\/noticias\/#website","url":"https:\/\/mhcalculos.com.br\/noticias\/","name":"Portal de Not\u00edcias","description":"Not\u00edcias e Jurisprud\u00eancia","potentialAction":[{"@type":"SearchAction","target":{"@type":"EntryPoint","urlTemplate":"https:\/\/mhcalculos.com.br\/noticias\/?s={search_term_string}"},"query-input":{"@type":"PropertyValueSpecification","valueRequired":true,"valueName":"search_term_string"}}],"inLanguage":"pt-BR"},{"@type":"Person","@id":"https:\/\/mhcalculos.com.br\/noticias\/#\/schema\/person\/88d1c34bf72dc779ea14a5a6b8e0ae8d","name":"Equipe MH","image":{"@type":"ImageObject","inLanguage":"pt-BR","@id":"https:\/\/secure.gravatar.com\/avatar\/de1c686c2ecc9c5a3f327e3431d819eb39f8f05d4e1045f5a1caad6daaba987f?s=96&d=mm&r=g","url":"https:\/\/secure.gravatar.com\/avatar\/de1c686c2ecc9c5a3f327e3431d819eb39f8f05d4e1045f5a1caad6daaba987f?s=96&d=mm&r=g","contentUrl":"https:\/\/secure.gravatar.com\/avatar\/de1c686c2ecc9c5a3f327e3431d819eb39f8f05d4e1045f5a1caad6daaba987f?s=96&d=mm&r=g","caption":"Equipe MH"}}]}},"_links":{"self":[{"href":"https:\/\/mhcalculos.com.br\/noticias\/wp-json\/wp\/v2\/posts\/6288","targetHints":{"allow":["GET"]}}],"collection":[{"href":"https:\/\/mhcalculos.com.br\/noticias\/wp-json\/wp\/v2\/posts"}],"about":[{"href":"https:\/\/mhcalculos.com.br\/noticias\/wp-json\/wp\/v2\/types\/post"}],"author":[{"embeddable":true,"href":"https:\/\/mhcalculos.com.br\/noticias\/wp-json\/wp\/v2\/users\/3063"}],"replies":[{"embeddable":true,"href":"https:\/\/mhcalculos.com.br\/noticias\/wp-json\/wp\/v2\/comments?post=6288"}],"version-history":[{"count":1,"href":"https:\/\/mhcalculos.com.br\/noticias\/wp-json\/wp\/v2\/posts\/6288\/revisions"}],"predecessor-version":[{"id":9549,"href":"https:\/\/mhcalculos.com.br\/noticias\/wp-json\/wp\/v2\/posts\/6288\/revisions\/9549"}],"wp:featuredmedia":[{"embeddable":true,"href":"https:\/\/mhcalculos.com.br\/noticias\/wp-json\/wp\/v2\/media\/6289"}],"wp:attachment":[{"href":"https:\/\/mhcalculos.com.br\/noticias\/wp-json\/wp\/v2\/media?parent=6288"}],"wp:term":[{"taxonomy":"category","embeddable":true,"href":"https:\/\/mhcalculos.com.br\/noticias\/wp-json\/wp\/v2\/categories?post=6288"},{"taxonomy":"post_tag","embeddable":true,"href":"https:\/\/mhcalculos.com.br\/noticias\/wp-json\/wp\/v2\/tags?post=6288"}],"curies":[{"name":"wp","href":"https:\/\/api.w.org\/{rel}","templated":true}]}}