{"id":6262,"date":"2019-11-07T13:05:53","date_gmt":"2019-11-07T16:05:53","guid":{"rendered":"https:\/\/mhcalculos.com.br\/noticias\/2019\/11\/07\/projeto-venha-fazer-a-beleza-conosco-promove-a-inclusao-de-pessoas-com-deficiencia-intelectual-no-trabalho\/"},"modified":"2021-07-28T14:30:49","modified_gmt":"2021-07-28T17:30:49","slug":"projeto-venha-fazer-a-beleza-conosco-promove-a-inclusao-de-pessoas-com-deficiencia-intelectual-no-trabalho","status":"publish","type":"post","link":"https:\/\/mhcalculos.com.br\/noticias\/cidadania\/projeto-venha-fazer-a-beleza-conosco-promove-a-inclusao-de-pessoas-com-deficiencia-intelectual-no-trabalho.html","title":{"rendered":"Projeto Venha Fazer a Beleza Conosco promove a inclus\u00e3o de pessoas com defici\u00eancia intelectual no trabalho"},"content":{"rendered":"<p> <br \/>\n<\/p>\n<p>O <strong><a href=\"http:\/\/www.grupoboticario.com.br\/pt\/Paginas\/Inicial.aspx\">Grupo Botic\u00e1rio<\/a><\/strong> j\u00e1 \u00e9 refer\u00eancia em inclus\u00e3o e buscou a <strong><a href=\"https:\/\/asidbrasil.org.br\/\">ASID Brasil<\/a><\/strong> para um novo desafio: incluir pessoas com defici\u00eancia intelectual. O projeto consiste em <strong>Ciclos de Contrata\u00e7\u00e3o<\/strong> que envolvem: <\/p>\n<ol>\n<li> Identifica\u00e7\u00e3o de demandas; <\/li>\n<li>Mapeamento de vagas;<\/li>\n<li>Prospec\u00e7\u00e3o de candidatos;<\/li>\n<li>Conscientiza\u00e7\u00e3o de l\u00edderes e equipes;<\/li>\n<li>Contrata\u00e7\u00e3o; e<\/li>\n<li>Acompanhamento. <\/li>\n<\/ol>\n<h4>Contexto<\/h4>\n<p>O <strong>Grupo Botic\u00e1rio <\/strong>j\u00e1 \u00e9 uma <strong>empresa<\/strong> <strong>reconhecidamente inclusiva<\/strong>: com aproximadamente 200 pessoas com defici\u00eancia no quadro de colaboradores segundo o Relat\u00f3rio de Sustentabilidade 2016,&nbsp;os esfor\u00e7os da \u00e1rea de Desenvolvimento Humano e Organizacional na implementa\u00e7\u00e3o dos Programas \u201cPapo de Gente\u201d e \u201cInclus\u00e3o na Real\u201d s\u00e3o \u00f3timos exemplos da <strong>valoriza\u00e7\u00e3o dada pela empresa para as diferen\u00e7as <\/strong>e pelo <strong>respeito com as pessoas. <\/strong><\/p>\n<p>Com a extensa experi\u00eancia de inclus\u00e3o de pessoas com defici\u00eancia f\u00edsica e sensorial, a empresa vislumbrou o desafio de incluir tamb\u00e9m pessoas com defici\u00eancia intelectual. Cientes da complexidade desse processo e visando execut\u00e1-lo de maneira assertiva, o Grupo Botic\u00e1rio conta com o apoio da ASID Brasil na condu\u00e7\u00e3o do seu programa de inclus\u00e3o. <\/p>\n<h4>Objetivos do Projeto Venha Fazer a Beleza Conosco<\/h4>\n<p>Assessorar o Grupo Botic\u00e1rio no<br \/>\nprocesso de inclus\u00e3o de pessoas com defici\u00eancia intelectual no intuito de<br \/>\nassegurar o desenvolvimento e crescimento destes dentro da empresa, com o<br \/>\nreconhecimento de seus talentos e potencialidades.<\/p>\n<h4>Plano de a\u00e7\u00e3o<\/h4>\n<p> Para atingir o objetivo do projeto foi estruturado o que denominamos de <strong>ciclos de contrata\u00e7\u00e3o<\/strong>: <\/p>\n<ol>\n<li>O ciclo inicia com <strong>a identifica\u00e7\u00e3o de demandas<\/strong> de contrata\u00e7\u00f5es dentro da empresa, onde a equipe de Recursos Humanos (RH) continuamente mapeia oportunidades de inclus\u00e3o de pessoas com defici\u00eancia intelectual;<\/li>\n<li>Frente as demandas, partimos para a fase de <strong>mapeamento de vagas <\/strong>que consiste em analisar os postos de trabalho e identificar o perfil dos candidatos a serem buscados;<\/li>\n<li>Diante das oportunidades mapeadas,&nbsp;s\u00e3o identificadas pessoas com defici\u00eancia, atendidas pelas institui\u00e7\u00e3o da Rede ASID, que apresentem o perfil buscado;<\/li>\n<li>Na sequ\u00eancia s\u00e3o realizadas <strong>viv\u00eancias e atividades<\/strong> que possam aproximar os gestores \u00e0s pessoas com defici\u00eancia (PcD) afim de sensibiliza-los, al\u00e9m de oportunizar novas experi\u00eancias para as PcD;<\/li>\n<li>Ap\u00f3s a viv\u00eancia, RH e gestores selecionam os candidatos que se destacaram e \u00e9 dada in\u00edcio ao <strong>processo de contrata\u00e7\u00e3o, <\/strong>ao qual assessoramos junto \u00e0 PcD, institui\u00e7\u00e3o e fam\u00edlia; e<\/li>\n<li>Com a contrata\u00e7\u00e3o realizada partimos para a <strong>orienta\u00e7\u00e3o da equipe direta <\/strong>e <strong>acompanhamento p\u00f3s inclus\u00e3o &#8211; <\/strong>visando a constru\u00e7\u00e3o de uma rede de apoio interna, garantindo a sustentabilidade da contrata\u00e7\u00e3o.<\/li>\n<\/ol>\n<h4>Resultados alcan\u00e7ados<\/h4>\n<p>Os resultados alcan\u00e7ados nas articula\u00e7\u00f5es realizadas nos <strong>ciclos de contrata\u00e7\u00e3o <\/strong>at\u00e9 o momento foram:<\/p>\n<ul>\n<li>4 pessoas com defici\u00eancia intelectual inclu\u00eddas, para 2 delas trata-se do primeiro emprego;<\/li>\n<li>12 gestores e l\u00edderes sensibilizados e capacitados para a inclus\u00e3o de pessoas com defici\u00eancia intelectual; e<\/li>\n<li>11 postos de trabalho mapeados, com an\u00e1lise das oportunidades de inclus\u00e3o.<\/li>\n<\/ul>\n<h4>Hist\u00f3ria do primeiro emprego<\/h4>\n<p>Muito carism\u00e1tico,<strong> J.<\/strong> vem de uma fam\u00edlia simples e bastante protetora. Ap\u00f3s ser selecionado para auxiliar na parte administrativa da \u00e1rea de Opera\u00e7\u00f5es Log\u00edsticas, foi encontrada muita resist\u00eancia dele e de seus familiares para seu ingresso na empresa.<\/p>\n<p>Dentre os desafios estavam: o desconhecimento de J.  frente ao trabalho formal, o receio da fam\u00edlia de abdicar do Benef\u00edcio de Presta\u00e7\u00e3o Continuada (BPC), a descren\u00e7a familiar frente a sua capacidade de trabalhar por ser analfabeto e, ainda, o medo de deixar que ele se locomovesse sozinho na cidade &#8211; a fam\u00edlia nunca tinha permitido que ele sa\u00edsse sozinho, nem mesmo para ir ao com\u00e9rcio pr\u00f3ximo a sua casa! <\/p>\n<p>Ap\u00f3s diversas conversas, J. e a fam\u00edlia toparam seguir com a contrata\u00e7\u00e3o e hoje, 3 meses depois, \u00e9 percept\u00edvel seu contentamento ao conquistar sua autonomia, enfrentando desafios com o apoio da equipe e de sua fam\u00edlia \u2013 que hoje passou a acreditar muito mais em sua capacidade!<\/p>\n<blockquote class=\"wp-block-quote\">\n<p> <strong><em>\u201c\u00c9 percept\u00edvel como J. esta mais maduro! Tem apresentado mais facilidade para se expressar, sua fala esta menos infantilizada e tem feito menos brincadeiras!\u201d <\/em><\/strong><\/p>\n<p><cite> F., diretora da institui\u00e7\u00e3o onde J. realiza atividades art\u00edsticas.  <\/cite><\/p><\/blockquote>\n<p>Quer conhecer outros projetos de inclus\u00e3o? Clique no bot\u00e3o abaixo:<\/p>\n<div class=\"wp-block-button aligncenter\"><a class=\"wp-block-button__link has-background has-vivid-green-cyan-background-color\" href=\"https:\/\/asidbrasil.org.br\/cases-de-inclusao\/\">Acessar projetos de inclus\u00e3o<\/a><\/div>\n<p>O post <a rel=\"nofollow\" href=\"https:\/\/asidbrasil.org.br\/projeto-venha-fazer-a-beleza-conosco-promove-a-inclusao-de-pessoas-com-deficiencia-intelectual-no-trabalho\/\">Projeto Venha Fazer a Beleza Conosco promove a inclus\u00e3o de pessoas com defici\u00eancia intelectual no trabalho<\/a> apareceu primeiro em <a rel=\"nofollow\" href=\"https:\/\/asidbrasil.org.br\">ASID Brasil<\/a>.<\/p>\n<p><i>Visite o site <a href=\"https:\/\/asidbrasil.org.br\/\">asidbrasil.org.br<\/a> e conhe\u00e7a mais sobre a ASID Brasil.<\/i><br \/>\n<br \/><a href=\"https:\/\/asidbrasil.org.br\/projeto-venha-fazer-a-beleza-conosco-promove-a-inclusao-de-pessoas-com-deficiencia-intelectual-no-trabalho\/\">Fonte<\/a><br \/>\n<br \/><\/p>\n","protected":false},"excerpt":{"rendered":"<p>O Grupo Botic\u00e1rio j\u00e1 \u00e9 refer\u00eancia em inclus\u00e3o e buscou a ASID Brasil para um novo desafio: incluir pessoas com defici\u00eancia intelectual. O projeto consiste em Ciclos de Contrata\u00e7\u00e3o que envolvem: Identifica\u00e7\u00e3o de demandas; Mapeamento de vagas; Prospec\u00e7\u00e3o de candidatos; Conscientiza\u00e7\u00e3o de l\u00edderes e equipes; Contrata\u00e7\u00e3o; e Acompanhamento. Contexto O Grupo Botic\u00e1rio j\u00e1 \u00e9 uma [&hellip;]<\/p>\n","protected":false},"author":3063,"featured_media":2458,"comment_status":"open","ping_status":"open","sticky":false,"template":"","format":"standard","meta":{"footnotes":""},"categories":[113],"tags":[158,157,163,162,164,161,160,159],"class_list":{"0":"post-6262","1":"post","2":"type-post","3":"status-publish","4":"format-standard","5":"has-post-thumbnail","7":"category-cidadania","8":"tag-asid","9":"tag-cidadania","10":"tag-desenvolvimento-institucional","11":"tag-diversidade","12":"tag-impacto-social","13":"tag-inclusao","14":"tag-voluntariado","15":"tag-voluntario"},"yoast_head":"<!-- This site is optimized with the Yoast SEO plugin v27.2 - https:\/\/yoast.com\/product\/yoast-seo-wordpress\/ -->\n<title>Projeto Venha Fazer a Beleza Conosco promove a inclus\u00e3o de pessoas com defici\u00eancia intelectual no trabalho | Portal de Not\u00edcias<\/title>\n<meta name=\"robots\" content=\"index, follow, max-snippet:-1, max-image-preview:large, max-video-preview:-1\" \/>\n<link rel=\"canonical\" href=\"https:\/\/asidbrasil.org.br\/projeto-venha-fazer-a-beleza-conosco-promove-a-inclusao-de-pessoas-com-deficiencia-intelectual-no-trabalho\/\" \/>\n<meta property=\"og:locale\" content=\"pt_BR\" \/>\n<meta property=\"og:type\" content=\"article\" \/>\n<meta property=\"og:title\" content=\"Projeto Venha Fazer a Beleza Conosco promove a inclus\u00e3o de pessoas com defici\u00eancia intelectual no trabalho | Portal de Not\u00edcias\" \/>\n<meta property=\"og:description\" content=\"O Grupo Botic\u00e1rio j\u00e1 \u00e9 refer\u00eancia em inclus\u00e3o e buscou a ASID Brasil para um novo desafio: incluir pessoas com defici\u00eancia intelectual. O projeto consiste em Ciclos de Contrata\u00e7\u00e3o que envolvem: Identifica\u00e7\u00e3o de demandas; Mapeamento de vagas; Prospec\u00e7\u00e3o de candidatos; Conscientiza\u00e7\u00e3o de l\u00edderes e equipes; Contrata\u00e7\u00e3o; e Acompanhamento. Contexto O Grupo Botic\u00e1rio j\u00e1 \u00e9 uma [&hellip;]\" \/>\n<meta property=\"og:url\" content=\"https:\/\/asidbrasil.org.br\/projeto-venha-fazer-a-beleza-conosco-promove-a-inclusao-de-pessoas-com-deficiencia-intelectual-no-trabalho\/\" \/>\n<meta property=\"og:site_name\" content=\"Portal de Not\u00edcias\" \/>\n<meta property=\"article:published_time\" content=\"2019-11-07T16:05:53+00:00\" \/>\n<meta property=\"article:modified_time\" content=\"2021-07-28T17:30:49+00:00\" \/>\n<meta property=\"og:image\" content=\"https:\/\/mhcalculos.com.br\/noticias\/wp-content\/uploads\/sites\/2\/2018\/07\/logo@2x.png\" \/>\n\t<meta property=\"og:image:width\" content=\"198\" \/>\n\t<meta property=\"og:image:height\" content=\"44\" \/>\n\t<meta property=\"og:image:type\" content=\"image\/png\" \/>\n<meta name=\"author\" content=\"Equipe MH\" \/>\n<meta name=\"twitter:card\" content=\"summary_large_image\" \/>\n<meta name=\"twitter:label1\" content=\"Escrito por\" \/>\n\t<meta name=\"twitter:data1\" content=\"Equipe MH\" \/>\n\t<meta name=\"twitter:label2\" content=\"Est. tempo de leitura\" \/>\n\t<meta name=\"twitter:data2\" content=\"4 minutos\" \/>\n<script type=\"application\/ld+json\" class=\"yoast-schema-graph\">{\"@context\":\"https:\/\/schema.org\",\"@graph\":[{\"@type\":\"Article\",\"@id\":\"https:\/\/asidbrasil.org.br\/projeto-venha-fazer-a-beleza-conosco-promove-a-inclusao-de-pessoas-com-deficiencia-intelectual-no-trabalho\/#article\",\"isPartOf\":{\"@id\":\"https:\/\/mhcalculos.com.br\/noticias\/cidadania\/projeto-venha-fazer-a-beleza-conosco-promove-a-inclusao-de-pessoas-com-deficiencia-intelectual-no-trabalho.html\"},\"author\":{\"name\":\"Equipe MH\",\"@id\":\"https:\/\/mhcalculos.com.br\/noticias\/#\/schema\/person\/88d1c34bf72dc779ea14a5a6b8e0ae8d\"},\"headline\":\"Projeto Venha Fazer a Beleza Conosco promove a inclus\u00e3o de pessoas com defici\u00eancia intelectual no trabalho\",\"datePublished\":\"2019-11-07T16:05:53+00:00\",\"dateModified\":\"2021-07-28T17:30:49+00:00\",\"mainEntityOfPage\":{\"@id\":\"https:\/\/mhcalculos.com.br\/noticias\/cidadania\/projeto-venha-fazer-a-beleza-conosco-promove-a-inclusao-de-pessoas-com-deficiencia-intelectual-no-trabalho.html\"},\"wordCount\":792,\"commentCount\":0,\"image\":{\"@id\":\"https:\/\/asidbrasil.org.br\/projeto-venha-fazer-a-beleza-conosco-promove-a-inclusao-de-pessoas-com-deficiencia-intelectual-no-trabalho\/#primaryimage\"},\"thumbnailUrl\":\"https:\/\/mhcalculos.com.br\/noticias\/wp-content\/uploads\/sites\/2\/2018\/07\/logo@2x.png\",\"keywords\":[\"asid\",\"cidadania\",\"desenvolvimento institucional\",\"diversidade\",\"impacto social\",\"inclus\u00e3o\",\"voluntariado\",\"volunt\u00e1rio\"],\"articleSection\":[\"Cidadania\"],\"inLanguage\":\"pt-BR\",\"potentialAction\":[{\"@type\":\"CommentAction\",\"name\":\"Comment\",\"target\":[\"https:\/\/asidbrasil.org.br\/projeto-venha-fazer-a-beleza-conosco-promove-a-inclusao-de-pessoas-com-deficiencia-intelectual-no-trabalho\/#respond\"]}]},{\"@type\":\"WebPage\",\"@id\":\"https:\/\/mhcalculos.com.br\/noticias\/cidadania\/projeto-venha-fazer-a-beleza-conosco-promove-a-inclusao-de-pessoas-com-deficiencia-intelectual-no-trabalho.html\",\"url\":\"https:\/\/asidbrasil.org.br\/projeto-venha-fazer-a-beleza-conosco-promove-a-inclusao-de-pessoas-com-deficiencia-intelectual-no-trabalho\/\",\"name\":\"Projeto Venha Fazer a Beleza Conosco promove a inclus\u00e3o de pessoas com defici\u00eancia intelectual no trabalho | Portal de Not\u00edcias\",\"isPartOf\":{\"@id\":\"https:\/\/mhcalculos.com.br\/noticias\/#website\"},\"primaryImageOfPage\":{\"@id\":\"https:\/\/asidbrasil.org.br\/projeto-venha-fazer-a-beleza-conosco-promove-a-inclusao-de-pessoas-com-deficiencia-intelectual-no-trabalho\/#primaryimage\"},\"image\":{\"@id\":\"https:\/\/asidbrasil.org.br\/projeto-venha-fazer-a-beleza-conosco-promove-a-inclusao-de-pessoas-com-deficiencia-intelectual-no-trabalho\/#primaryimage\"},\"thumbnailUrl\":\"https:\/\/mhcalculos.com.br\/noticias\/wp-content\/uploads\/sites\/2\/2018\/07\/logo@2x.png\",\"datePublished\":\"2019-11-07T16:05:53+00:00\",\"dateModified\":\"2021-07-28T17:30:49+00:00\",\"author\":{\"@id\":\"https:\/\/mhcalculos.com.br\/noticias\/#\/schema\/person\/88d1c34bf72dc779ea14a5a6b8e0ae8d\"},\"breadcrumb\":{\"@id\":\"https:\/\/asidbrasil.org.br\/projeto-venha-fazer-a-beleza-conosco-promove-a-inclusao-de-pessoas-com-deficiencia-intelectual-no-trabalho\/#breadcrumb\"},\"inLanguage\":\"pt-BR\",\"potentialAction\":[{\"@type\":\"ReadAction\",\"target\":[\"https:\/\/asidbrasil.org.br\/projeto-venha-fazer-a-beleza-conosco-promove-a-inclusao-de-pessoas-com-deficiencia-intelectual-no-trabalho\/\"]}]},{\"@type\":\"ImageObject\",\"inLanguage\":\"pt-BR\",\"@id\":\"https:\/\/asidbrasil.org.br\/projeto-venha-fazer-a-beleza-conosco-promove-a-inclusao-de-pessoas-com-deficiencia-intelectual-no-trabalho\/#primaryimage\",\"url\":\"https:\/\/mhcalculos.com.br\/noticias\/wp-content\/uploads\/sites\/2\/2018\/07\/logo@2x.png\",\"contentUrl\":\"https:\/\/mhcalculos.com.br\/noticias\/wp-content\/uploads\/sites\/2\/2018\/07\/logo@2x.png\",\"width\":198,\"height\":44},{\"@type\":\"BreadcrumbList\",\"@id\":\"https:\/\/asidbrasil.org.br\/projeto-venha-fazer-a-beleza-conosco-promove-a-inclusao-de-pessoas-com-deficiencia-intelectual-no-trabalho\/#breadcrumb\",\"itemListElement\":[{\"@type\":\"ListItem\",\"position\":1,\"name\":\"In\u00edcio\",\"item\":\"https:\/\/mhcalculos.com.br\/noticias\/\"},{\"@type\":\"ListItem\",\"position\":2,\"name\":\"Projeto Venha Fazer a Beleza Conosco promove a inclus\u00e3o de pessoas com defici\u00eancia intelectual no trabalho\"}]},{\"@type\":\"WebSite\",\"@id\":\"https:\/\/mhcalculos.com.br\/noticias\/#website\",\"url\":\"https:\/\/mhcalculos.com.br\/noticias\/\",\"name\":\"Portal de Not\u00edcias\",\"description\":\"Not\u00edcias e Jurisprud\u00eancia\",\"potentialAction\":[{\"@type\":\"SearchAction\",\"target\":{\"@type\":\"EntryPoint\",\"urlTemplate\":\"https:\/\/mhcalculos.com.br\/noticias\/?s={search_term_string}\"},\"query-input\":{\"@type\":\"PropertyValueSpecification\",\"valueRequired\":true,\"valueName\":\"search_term_string\"}}],\"inLanguage\":\"pt-BR\"},{\"@type\":\"Person\",\"@id\":\"https:\/\/mhcalculos.com.br\/noticias\/#\/schema\/person\/88d1c34bf72dc779ea14a5a6b8e0ae8d\",\"name\":\"Equipe MH\",\"image\":{\"@type\":\"ImageObject\",\"inLanguage\":\"pt-BR\",\"@id\":\"https:\/\/secure.gravatar.com\/avatar\/de1c686c2ecc9c5a3f327e3431d819eb39f8f05d4e1045f5a1caad6daaba987f?s=96&d=mm&r=g\",\"url\":\"https:\/\/secure.gravatar.com\/avatar\/de1c686c2ecc9c5a3f327e3431d819eb39f8f05d4e1045f5a1caad6daaba987f?s=96&d=mm&r=g\",\"contentUrl\":\"https:\/\/secure.gravatar.com\/avatar\/de1c686c2ecc9c5a3f327e3431d819eb39f8f05d4e1045f5a1caad6daaba987f?s=96&d=mm&r=g\",\"caption\":\"Equipe MH\"}}]}<\/script>\n<!-- \/ Yoast SEO plugin. -->","yoast_head_json":{"title":"Projeto Venha Fazer a Beleza Conosco promove a inclus\u00e3o de pessoas com defici\u00eancia intelectual no trabalho | Portal de Not\u00edcias","robots":{"index":"index","follow":"follow","max-snippet":"max-snippet:-1","max-image-preview":"max-image-preview:large","max-video-preview":"max-video-preview:-1"},"canonical":"https:\/\/asidbrasil.org.br\/projeto-venha-fazer-a-beleza-conosco-promove-a-inclusao-de-pessoas-com-deficiencia-intelectual-no-trabalho\/","og_locale":"pt_BR","og_type":"article","og_title":"Projeto Venha Fazer a Beleza Conosco promove a inclus\u00e3o de pessoas com defici\u00eancia intelectual no trabalho | Portal de Not\u00edcias","og_description":"O Grupo Botic\u00e1rio j\u00e1 \u00e9 refer\u00eancia em inclus\u00e3o e buscou a ASID Brasil para um novo desafio: incluir pessoas com defici\u00eancia intelectual. O projeto consiste em Ciclos de Contrata\u00e7\u00e3o que envolvem: Identifica\u00e7\u00e3o de demandas; Mapeamento de vagas; Prospec\u00e7\u00e3o de candidatos; Conscientiza\u00e7\u00e3o de l\u00edderes e equipes; Contrata\u00e7\u00e3o; e Acompanhamento. Contexto O Grupo Botic\u00e1rio j\u00e1 \u00e9 uma [&hellip;]","og_url":"https:\/\/asidbrasil.org.br\/projeto-venha-fazer-a-beleza-conosco-promove-a-inclusao-de-pessoas-com-deficiencia-intelectual-no-trabalho\/","og_site_name":"Portal de Not\u00edcias","article_published_time":"2019-11-07T16:05:53+00:00","article_modified_time":"2021-07-28T17:30:49+00:00","og_image":[{"width":198,"height":44,"url":"https:\/\/mhcalculos.com.br\/noticias\/wp-content\/uploads\/sites\/2\/2018\/07\/logo@2x.png","type":"image\/png"}],"author":"Equipe MH","twitter_card":"summary_large_image","twitter_misc":{"Escrito por":"Equipe MH","Est. tempo de leitura":"4 minutos"},"schema":{"@context":"https:\/\/schema.org","@graph":[{"@type":"Article","@id":"https:\/\/asidbrasil.org.br\/projeto-venha-fazer-a-beleza-conosco-promove-a-inclusao-de-pessoas-com-deficiencia-intelectual-no-trabalho\/#article","isPartOf":{"@id":"https:\/\/mhcalculos.com.br\/noticias\/cidadania\/projeto-venha-fazer-a-beleza-conosco-promove-a-inclusao-de-pessoas-com-deficiencia-intelectual-no-trabalho.html"},"author":{"name":"Equipe MH","@id":"https:\/\/mhcalculos.com.br\/noticias\/#\/schema\/person\/88d1c34bf72dc779ea14a5a6b8e0ae8d"},"headline":"Projeto Venha Fazer a Beleza Conosco promove a inclus\u00e3o de pessoas com defici\u00eancia intelectual no trabalho","datePublished":"2019-11-07T16:05:53+00:00","dateModified":"2021-07-28T17:30:49+00:00","mainEntityOfPage":{"@id":"https:\/\/mhcalculos.com.br\/noticias\/cidadania\/projeto-venha-fazer-a-beleza-conosco-promove-a-inclusao-de-pessoas-com-deficiencia-intelectual-no-trabalho.html"},"wordCount":792,"commentCount":0,"image":{"@id":"https:\/\/asidbrasil.org.br\/projeto-venha-fazer-a-beleza-conosco-promove-a-inclusao-de-pessoas-com-deficiencia-intelectual-no-trabalho\/#primaryimage"},"thumbnailUrl":"https:\/\/mhcalculos.com.br\/noticias\/wp-content\/uploads\/sites\/2\/2018\/07\/logo@2x.png","keywords":["asid","cidadania","desenvolvimento institucional","diversidade","impacto social","inclus\u00e3o","voluntariado","volunt\u00e1rio"],"articleSection":["Cidadania"],"inLanguage":"pt-BR","potentialAction":[{"@type":"CommentAction","name":"Comment","target":["https:\/\/asidbrasil.org.br\/projeto-venha-fazer-a-beleza-conosco-promove-a-inclusao-de-pessoas-com-deficiencia-intelectual-no-trabalho\/#respond"]}]},{"@type":"WebPage","@id":"https:\/\/mhcalculos.com.br\/noticias\/cidadania\/projeto-venha-fazer-a-beleza-conosco-promove-a-inclusao-de-pessoas-com-deficiencia-intelectual-no-trabalho.html","url":"https:\/\/asidbrasil.org.br\/projeto-venha-fazer-a-beleza-conosco-promove-a-inclusao-de-pessoas-com-deficiencia-intelectual-no-trabalho\/","name":"Projeto Venha Fazer a Beleza Conosco promove a inclus\u00e3o de pessoas com defici\u00eancia intelectual no trabalho | Portal de Not\u00edcias","isPartOf":{"@id":"https:\/\/mhcalculos.com.br\/noticias\/#website"},"primaryImageOfPage":{"@id":"https:\/\/asidbrasil.org.br\/projeto-venha-fazer-a-beleza-conosco-promove-a-inclusao-de-pessoas-com-deficiencia-intelectual-no-trabalho\/#primaryimage"},"image":{"@id":"https:\/\/asidbrasil.org.br\/projeto-venha-fazer-a-beleza-conosco-promove-a-inclusao-de-pessoas-com-deficiencia-intelectual-no-trabalho\/#primaryimage"},"thumbnailUrl":"https:\/\/mhcalculos.com.br\/noticias\/wp-content\/uploads\/sites\/2\/2018\/07\/logo@2x.png","datePublished":"2019-11-07T16:05:53+00:00","dateModified":"2021-07-28T17:30:49+00:00","author":{"@id":"https:\/\/mhcalculos.com.br\/noticias\/#\/schema\/person\/88d1c34bf72dc779ea14a5a6b8e0ae8d"},"breadcrumb":{"@id":"https:\/\/asidbrasil.org.br\/projeto-venha-fazer-a-beleza-conosco-promove-a-inclusao-de-pessoas-com-deficiencia-intelectual-no-trabalho\/#breadcrumb"},"inLanguage":"pt-BR","potentialAction":[{"@type":"ReadAction","target":["https:\/\/asidbrasil.org.br\/projeto-venha-fazer-a-beleza-conosco-promove-a-inclusao-de-pessoas-com-deficiencia-intelectual-no-trabalho\/"]}]},{"@type":"ImageObject","inLanguage":"pt-BR","@id":"https:\/\/asidbrasil.org.br\/projeto-venha-fazer-a-beleza-conosco-promove-a-inclusao-de-pessoas-com-deficiencia-intelectual-no-trabalho\/#primaryimage","url":"https:\/\/mhcalculos.com.br\/noticias\/wp-content\/uploads\/sites\/2\/2018\/07\/logo@2x.png","contentUrl":"https:\/\/mhcalculos.com.br\/noticias\/wp-content\/uploads\/sites\/2\/2018\/07\/logo@2x.png","width":198,"height":44},{"@type":"BreadcrumbList","@id":"https:\/\/asidbrasil.org.br\/projeto-venha-fazer-a-beleza-conosco-promove-a-inclusao-de-pessoas-com-deficiencia-intelectual-no-trabalho\/#breadcrumb","itemListElement":[{"@type":"ListItem","position":1,"name":"In\u00edcio","item":"https:\/\/mhcalculos.com.br\/noticias\/"},{"@type":"ListItem","position":2,"name":"Projeto Venha Fazer a Beleza Conosco promove a inclus\u00e3o de pessoas com defici\u00eancia intelectual no trabalho"}]},{"@type":"WebSite","@id":"https:\/\/mhcalculos.com.br\/noticias\/#website","url":"https:\/\/mhcalculos.com.br\/noticias\/","name":"Portal de Not\u00edcias","description":"Not\u00edcias e Jurisprud\u00eancia","potentialAction":[{"@type":"SearchAction","target":{"@type":"EntryPoint","urlTemplate":"https:\/\/mhcalculos.com.br\/noticias\/?s={search_term_string}"},"query-input":{"@type":"PropertyValueSpecification","valueRequired":true,"valueName":"search_term_string"}}],"inLanguage":"pt-BR"},{"@type":"Person","@id":"https:\/\/mhcalculos.com.br\/noticias\/#\/schema\/person\/88d1c34bf72dc779ea14a5a6b8e0ae8d","name":"Equipe MH","image":{"@type":"ImageObject","inLanguage":"pt-BR","@id":"https:\/\/secure.gravatar.com\/avatar\/de1c686c2ecc9c5a3f327e3431d819eb39f8f05d4e1045f5a1caad6daaba987f?s=96&d=mm&r=g","url":"https:\/\/secure.gravatar.com\/avatar\/de1c686c2ecc9c5a3f327e3431d819eb39f8f05d4e1045f5a1caad6daaba987f?s=96&d=mm&r=g","contentUrl":"https:\/\/secure.gravatar.com\/avatar\/de1c686c2ecc9c5a3f327e3431d819eb39f8f05d4e1045f5a1caad6daaba987f?s=96&d=mm&r=g","caption":"Equipe MH"}}]}},"_links":{"self":[{"href":"https:\/\/mhcalculos.com.br\/noticias\/wp-json\/wp\/v2\/posts\/6262","targetHints":{"allow":["GET"]}}],"collection":[{"href":"https:\/\/mhcalculos.com.br\/noticias\/wp-json\/wp\/v2\/posts"}],"about":[{"href":"https:\/\/mhcalculos.com.br\/noticias\/wp-json\/wp\/v2\/types\/post"}],"author":[{"embeddable":true,"href":"https:\/\/mhcalculos.com.br\/noticias\/wp-json\/wp\/v2\/users\/3063"}],"replies":[{"embeddable":true,"href":"https:\/\/mhcalculos.com.br\/noticias\/wp-json\/wp\/v2\/comments?post=6262"}],"version-history":[{"count":1,"href":"https:\/\/mhcalculos.com.br\/noticias\/wp-json\/wp\/v2\/posts\/6262\/revisions"}],"predecessor-version":[{"id":9553,"href":"https:\/\/mhcalculos.com.br\/noticias\/wp-json\/wp\/v2\/posts\/6262\/revisions\/9553"}],"wp:featuredmedia":[{"embeddable":true,"href":"https:\/\/mhcalculos.com.br\/noticias\/wp-json\/wp\/v2\/media\/2458"}],"wp:attachment":[{"href":"https:\/\/mhcalculos.com.br\/noticias\/wp-json\/wp\/v2\/media?parent=6262"}],"wp:term":[{"taxonomy":"category","embeddable":true,"href":"https:\/\/mhcalculos.com.br\/noticias\/wp-json\/wp\/v2\/categories?post=6262"},{"taxonomy":"post_tag","embeddable":true,"href":"https:\/\/mhcalculos.com.br\/noticias\/wp-json\/wp\/v2\/tags?post=6262"}],"curies":[{"name":"wp","href":"https:\/\/api.w.org\/{rel}","templated":true}]}}