{"id":6230,"date":"2019-10-29T08:26:00","date_gmt":"2019-10-29T11:26:00","guid":{"rendered":"https:\/\/mhcalculos.com.br\/noticias\/2019\/10\/29\/tst-tribunal-divulga-finalistas-do-i-premio-justica-do-trabalho-de-jornalismo\/"},"modified":"2021-07-28T14:31:51","modified_gmt":"2021-07-28T17:31:51","slug":"tst-tribunal-divulga-finalistas-do-i-premio-justica-do-trabalho-de-jornalismo","status":"publish","type":"post","link":"https:\/\/mhcalculos.com.br\/noticias\/area\/trabalhista\/tst-tribunal-divulga-finalistas-do-i-premio-justica-do-trabalho-de-jornalismo.html","title":{"rendered":"TST: Tribunal&nbsp;divulga finalistas do I Pr\u00eamio Justi\u00e7a do Trabalho de Jornalismo"},"content":{"rendered":"<p><br \/>\n  <\/p>\n<p ><em>Vencedores das cinco categorias ser\u00e3o anunciados em cerim\u00f4nia marcada para 12\/11 no TST.<\/em><\/p>\n<p >O Tribunal Superior do Trabalho torna p\u00fablica&nbsp;nesta ter\u00e7a-feira (29) a lista dos finalistas do I Pr\u00eamio Justi\u00e7a do Trabalho de Jornalismo, que vai premiar reportagens que abordam o combate e as formas de enfrentamento da explora\u00e7\u00e3o do trabalho infantil.<\/p>\n<p >No total, 57 trabalhos foram inscritos na primeira edi\u00e7\u00e3o do Pr\u00eamio em cinco diferentes categorias: telejornalismo, radiojornalismo, webjornalismo, fotojornalismo e jornalismo impresso. Quinze foram escolhidos como finalistas pela Comiss\u00e3o Julgadora, formada por magistrados da Justi\u00e7a do Trabalho e profissionais de Comunica\u00e7\u00e3o Social. Para a escolha, os jurados atribu\u00edram notas aos trabalhos com base em crit\u00e9rios como adequa\u00e7\u00e3o ao tema, linguagem, est\u00e9tica, originalidade e utilidade social.<\/p>\n<p >Os vencedores de cada categoria ser\u00e3o anunciados em 12\/11, em cerim\u00f4nia no Tribunal Superior do Trabalho.<\/p>\n<p >Confira a lista dos finalistas, em ordem alfab\u00e9tica, por categoria:<\/p>\n<p ><strong>Telejornalismo:<\/strong><\/p>\n<p >Gabriela Leite C\u00edcero (inscri\u00e7\u00e3o TJ-014)<\/p>\n<p >Leandro da Silva Oliveira (inscri\u00e7\u00e3o TJ-038)<\/p>\n<p >Lidnarla Carvalho de Aguiar Maia (inscri\u00e7\u00e3o TJ-058)<\/p>\n<p ><strong>Radiojornalismo:<\/strong><\/p>\n<p >Alessandra Mendes Fran\u00e7a (inscri\u00e7\u00e3o RJ-049)<\/p>\n<p >Gecilene de Aguiar Sales Cavalcante (inscri\u00e7\u00e3o RJ-019)<\/p>\n<p >Marcos Andrei Meller (inscri\u00e7\u00e3o RJ-062)<\/p>\n<p ><strong>Fotojornalismo:<\/strong><\/p>\n<p >Jonathan Alves Polido Lins (inscri\u00e7\u00e3o FJ-012)<\/p>\n<p >Magnus Teixeira do Nascimento (inscri\u00e7\u00e3o FJ- 004)<\/p>\n<p >Raimundo Nonato Duarte Rodrigues (inscri\u00e7\u00e3o FJ-010)<\/p>\n<p ><strong>Webjornalismo:<\/strong><\/p>\n<p >Ana Gabriela Castilho Caesar (inscri\u00e7\u00e3o WJ-022)<\/p>\n<p >Guilherme Soares Dias (inscri\u00e7\u00e3o WJ-001)<\/p>\n<p >Leilane Menezes Rodrigues (inscri\u00e7\u00e3o WJ-051)<\/p>\n<p ><strong>Jornalismo impresso:<\/strong><\/p>\n<p >Emanoela Campelo de Melo (inscri\u00e7\u00e3o JI-027)<\/p>\n<p >Katia da Silva Machado (inscri\u00e7\u00e3o JI-029)<\/p>\n<p >Marina Mendon\u00e7a Estarque (inscri\u00e7\u00e3o (JI-009)<\/p>\n<p >(Secom\/TST)<\/p>\n<p > &nbsp;<\/p>\n<p >&nbsp;<\/p>\n<p>       <\/br><br \/>\n<br \/><i>Com informa\u00e7\u00f5es da assessoria de imprensa do TST.<\/i><br \/>\n<br \/><a href=\"http:\/\/www.tst.jus.br\/web\/guest\/noticias?p_p_id=89Dk&#038;p_p_lifecycle=0&#038;refererPlid=10730&#038;_89Dk_struts_action=%2Fjournal_content%2Fview&#038;_89Dk_groupId=10157&#038;_89Dk_articleId=25017175\">Fonte<\/a><br \/>\n<br \/><\/p>\n","protected":false},"excerpt":{"rendered":"<p>Vencedores das cinco categorias ser\u00e3o anunciados em cerim\u00f4nia marcada para 12\/11 no TST. O Tribunal Superior do Trabalho torna p\u00fablica&nbsp;nesta ter\u00e7a-feira (29) a lista dos finalistas do I Pr\u00eamio Justi\u00e7a do Trabalho de Jornalismo, que vai premiar reportagens que abordam o combate e as formas de enfrentamento da explora\u00e7\u00e3o do trabalho infantil. No total, 57 [&hellip;]<\/p>\n","protected":false},"author":3063,"featured_media":1597,"comment_status":"open","ping_status":"open","sticky":false,"template":"","format":"standard","meta":{"footnotes":""},"categories":[3,21],"tags":[33,216,9,12,217,215],"class_list":{"0":"post-6230","1":"post","2":"type-post","3":"status-publish","4":"format-standard","5":"has-post-thumbnail","7":"category-trabalhista","8":"category-tst","9":"tag-calculos-trabalhistas","10":"tag-direito-trabalhista","11":"tag-pericia","12":"tag-perito","13":"tag-trabalho","14":"tag-tst"},"yoast_head":"<!-- This site is optimized with the Yoast SEO plugin v27.2 - https:\/\/yoast.com\/product\/yoast-seo-wordpress\/ -->\n<title>TST: Tribunal&nbsp;divulga finalistas do I Pr\u00eamio Justi\u00e7a do Trabalho de Jornalismo | Portal de Not\u00edcias<\/title>\n<meta name=\"robots\" content=\"index, follow, max-snippet:-1, max-image-preview:large, max-video-preview:-1\" \/>\n<link rel=\"canonical\" href=\"https:\/\/mhcalculos.com.br\/noticias\/area\/trabalhista\/tst-tribunal-divulga-finalistas-do-i-premio-justica-do-trabalho-de-jornalismo.html\" \/>\n<meta property=\"og:locale\" content=\"pt_BR\" \/>\n<meta property=\"og:type\" content=\"article\" \/>\n<meta property=\"og:title\" content=\"TST: Tribunal&nbsp;divulga finalistas do I Pr\u00eamio Justi\u00e7a do Trabalho de Jornalismo | Portal de Not\u00edcias\" \/>\n<meta property=\"og:description\" content=\"Vencedores das cinco categorias ser\u00e3o anunciados em cerim\u00f4nia marcada para 12\/11 no TST. O Tribunal Superior do Trabalho torna p\u00fablica&nbsp;nesta ter\u00e7a-feira (29) a lista dos finalistas do I Pr\u00eamio Justi\u00e7a do Trabalho de Jornalismo, que vai premiar reportagens que abordam o combate e as formas de enfrentamento da explora\u00e7\u00e3o do trabalho infantil. No total, 57 [&hellip;]\" \/>\n<meta property=\"og:url\" content=\"https:\/\/mhcalculos.com.br\/noticias\/area\/trabalhista\/tst-tribunal-divulga-finalistas-do-i-premio-justica-do-trabalho-de-jornalismo.html\" \/>\n<meta property=\"og:site_name\" content=\"Portal de Not\u00edcias\" \/>\n<meta property=\"article:published_time\" content=\"2019-10-29T11:26:00+00:00\" \/>\n<meta property=\"article:modified_time\" content=\"2021-07-28T17:31:51+00:00\" \/>\n<meta property=\"og:image\" content=\"https:\/\/mhcalculos.com.br\/noticias\/wp-content\/uploads\/sites\/2\/2018\/06\/trabalhista-0037.jpg\" \/>\n\t<meta property=\"og:image:width\" content=\"2000\" \/>\n\t<meta property=\"og:image:height\" content=\"800\" \/>\n\t<meta property=\"og:image:type\" content=\"image\/jpeg\" \/>\n<meta name=\"author\" content=\"Equipe MH\" \/>\n<meta name=\"twitter:card\" content=\"summary_large_image\" \/>\n<meta name=\"twitter:label1\" content=\"Escrito por\" \/>\n\t<meta name=\"twitter:data1\" content=\"Equipe MH\" \/>\n\t<meta name=\"twitter:label2\" content=\"Est. tempo de leitura\" \/>\n\t<meta name=\"twitter:data2\" content=\"1 minuto\" \/>\n<script type=\"application\/ld+json\" class=\"yoast-schema-graph\">{\"@context\":\"https:\/\/schema.org\",\"@graph\":[{\"@type\":\"Article\",\"@id\":\"https:\/\/mhcalculos.com.br\/noticias\/area\/trabalhista\/tst-tribunal-divulga-finalistas-do-i-premio-justica-do-trabalho-de-jornalismo.html#article\",\"isPartOf\":{\"@id\":\"https:\/\/mhcalculos.com.br\/noticias\/area\/trabalhista\/tst-tribunal-divulga-finalistas-do-i-premio-justica-do-trabalho-de-jornalismo.html\"},\"author\":{\"name\":\"Equipe MH\",\"@id\":\"https:\/\/mhcalculos.com.br\/noticias\/#\/schema\/person\/88d1c34bf72dc779ea14a5a6b8e0ae8d\"},\"headline\":\"TST: Tribunal&nbsp;divulga finalistas do I Pr\u00eamio Justi\u00e7a do Trabalho de Jornalismo\",\"datePublished\":\"2019-10-29T11:26:00+00:00\",\"dateModified\":\"2021-07-28T17:31:51+00:00\",\"mainEntityOfPage\":{\"@id\":\"https:\/\/mhcalculos.com.br\/noticias\/area\/trabalhista\/tst-tribunal-divulga-finalistas-do-i-premio-justica-do-trabalho-de-jornalismo.html\"},\"wordCount\":301,\"commentCount\":0,\"image\":{\"@id\":\"https:\/\/mhcalculos.com.br\/noticias\/area\/trabalhista\/tst-tribunal-divulga-finalistas-do-i-premio-justica-do-trabalho-de-jornalismo.html#primaryimage\"},\"thumbnailUrl\":\"https:\/\/mhcalculos.com.br\/noticias\/wp-content\/uploads\/sites\/2\/2018\/06\/trabalhista-0037.jpg\",\"keywords\":[\"c\u00e1lculos trabalhistas\",\"direito trabalhista\",\"per\u00edcia\",\"perito\",\"trabalho\",\"TST\"],\"articleSection\":[\"Direito Trabalhista\",\"TST\"],\"inLanguage\":\"pt-BR\",\"potentialAction\":[{\"@type\":\"CommentAction\",\"name\":\"Comment\",\"target\":[\"https:\/\/mhcalculos.com.br\/noticias\/area\/trabalhista\/tst-tribunal-divulga-finalistas-do-i-premio-justica-do-trabalho-de-jornalismo.html#respond\"]}]},{\"@type\":\"WebPage\",\"@id\":\"https:\/\/mhcalculos.com.br\/noticias\/area\/trabalhista\/tst-tribunal-divulga-finalistas-do-i-premio-justica-do-trabalho-de-jornalismo.html\",\"url\":\"https:\/\/mhcalculos.com.br\/noticias\/area\/trabalhista\/tst-tribunal-divulga-finalistas-do-i-premio-justica-do-trabalho-de-jornalismo.html\",\"name\":\"TST: Tribunal&nbsp;divulga finalistas do I Pr\u00eamio Justi\u00e7a do Trabalho de Jornalismo | Portal de Not\u00edcias\",\"isPartOf\":{\"@id\":\"https:\/\/mhcalculos.com.br\/noticias\/#website\"},\"primaryImageOfPage\":{\"@id\":\"https:\/\/mhcalculos.com.br\/noticias\/area\/trabalhista\/tst-tribunal-divulga-finalistas-do-i-premio-justica-do-trabalho-de-jornalismo.html#primaryimage\"},\"image\":{\"@id\":\"https:\/\/mhcalculos.com.br\/noticias\/area\/trabalhista\/tst-tribunal-divulga-finalistas-do-i-premio-justica-do-trabalho-de-jornalismo.html#primaryimage\"},\"thumbnailUrl\":\"https:\/\/mhcalculos.com.br\/noticias\/wp-content\/uploads\/sites\/2\/2018\/06\/trabalhista-0037.jpg\",\"datePublished\":\"2019-10-29T11:26:00+00:00\",\"dateModified\":\"2021-07-28T17:31:51+00:00\",\"author\":{\"@id\":\"https:\/\/mhcalculos.com.br\/noticias\/#\/schema\/person\/88d1c34bf72dc779ea14a5a6b8e0ae8d\"},\"breadcrumb\":{\"@id\":\"https:\/\/mhcalculos.com.br\/noticias\/area\/trabalhista\/tst-tribunal-divulga-finalistas-do-i-premio-justica-do-trabalho-de-jornalismo.html#breadcrumb\"},\"inLanguage\":\"pt-BR\",\"potentialAction\":[{\"@type\":\"ReadAction\",\"target\":[\"https:\/\/mhcalculos.com.br\/noticias\/area\/trabalhista\/tst-tribunal-divulga-finalistas-do-i-premio-justica-do-trabalho-de-jornalismo.html\"]}]},{\"@type\":\"ImageObject\",\"inLanguage\":\"pt-BR\",\"@id\":\"https:\/\/mhcalculos.com.br\/noticias\/area\/trabalhista\/tst-tribunal-divulga-finalistas-do-i-premio-justica-do-trabalho-de-jornalismo.html#primaryimage\",\"url\":\"https:\/\/mhcalculos.com.br\/noticias\/wp-content\/uploads\/sites\/2\/2018\/06\/trabalhista-0037.jpg\",\"contentUrl\":\"https:\/\/mhcalculos.com.br\/noticias\/wp-content\/uploads\/sites\/2\/2018\/06\/trabalhista-0037.jpg\",\"width\":2000,\"height\":800},{\"@type\":\"BreadcrumbList\",\"@id\":\"https:\/\/mhcalculos.com.br\/noticias\/area\/trabalhista\/tst-tribunal-divulga-finalistas-do-i-premio-justica-do-trabalho-de-jornalismo.html#breadcrumb\",\"itemListElement\":[{\"@type\":\"ListItem\",\"position\":1,\"name\":\"In\u00edcio\",\"item\":\"https:\/\/mhcalculos.com.br\/noticias\/\"},{\"@type\":\"ListItem\",\"position\":2,\"name\":\"TST: Tribunal&nbsp;divulga finalistas do I Pr\u00eamio Justi\u00e7a do Trabalho de Jornalismo\"}]},{\"@type\":\"WebSite\",\"@id\":\"https:\/\/mhcalculos.com.br\/noticias\/#website\",\"url\":\"https:\/\/mhcalculos.com.br\/noticias\/\",\"name\":\"Portal de Not\u00edcias\",\"description\":\"Not\u00edcias e Jurisprud\u00eancia\",\"potentialAction\":[{\"@type\":\"SearchAction\",\"target\":{\"@type\":\"EntryPoint\",\"urlTemplate\":\"https:\/\/mhcalculos.com.br\/noticias\/?s={search_term_string}\"},\"query-input\":{\"@type\":\"PropertyValueSpecification\",\"valueRequired\":true,\"valueName\":\"search_term_string\"}}],\"inLanguage\":\"pt-BR\"},{\"@type\":\"Person\",\"@id\":\"https:\/\/mhcalculos.com.br\/noticias\/#\/schema\/person\/88d1c34bf72dc779ea14a5a6b8e0ae8d\",\"name\":\"Equipe MH\",\"image\":{\"@type\":\"ImageObject\",\"inLanguage\":\"pt-BR\",\"@id\":\"https:\/\/secure.gravatar.com\/avatar\/de1c686c2ecc9c5a3f327e3431d819eb39f8f05d4e1045f5a1caad6daaba987f?s=96&d=mm&r=g\",\"url\":\"https:\/\/secure.gravatar.com\/avatar\/de1c686c2ecc9c5a3f327e3431d819eb39f8f05d4e1045f5a1caad6daaba987f?s=96&d=mm&r=g\",\"contentUrl\":\"https:\/\/secure.gravatar.com\/avatar\/de1c686c2ecc9c5a3f327e3431d819eb39f8f05d4e1045f5a1caad6daaba987f?s=96&d=mm&r=g\",\"caption\":\"Equipe MH\"}}]}<\/script>\n<!-- \/ Yoast SEO plugin. -->","yoast_head_json":{"title":"TST: Tribunal&nbsp;divulga finalistas do I Pr\u00eamio Justi\u00e7a do Trabalho de Jornalismo | Portal de Not\u00edcias","robots":{"index":"index","follow":"follow","max-snippet":"max-snippet:-1","max-image-preview":"max-image-preview:large","max-video-preview":"max-video-preview:-1"},"canonical":"https:\/\/mhcalculos.com.br\/noticias\/area\/trabalhista\/tst-tribunal-divulga-finalistas-do-i-premio-justica-do-trabalho-de-jornalismo.html","og_locale":"pt_BR","og_type":"article","og_title":"TST: Tribunal&nbsp;divulga finalistas do I Pr\u00eamio Justi\u00e7a do Trabalho de Jornalismo | Portal de Not\u00edcias","og_description":"Vencedores das cinco categorias ser\u00e3o anunciados em cerim\u00f4nia marcada para 12\/11 no TST. O Tribunal Superior do Trabalho torna p\u00fablica&nbsp;nesta ter\u00e7a-feira (29) a lista dos finalistas do I Pr\u00eamio Justi\u00e7a do Trabalho de Jornalismo, que vai premiar reportagens que abordam o combate e as formas de enfrentamento da explora\u00e7\u00e3o do trabalho infantil. No total, 57 [&hellip;]","og_url":"https:\/\/mhcalculos.com.br\/noticias\/area\/trabalhista\/tst-tribunal-divulga-finalistas-do-i-premio-justica-do-trabalho-de-jornalismo.html","og_site_name":"Portal de Not\u00edcias","article_published_time":"2019-10-29T11:26:00+00:00","article_modified_time":"2021-07-28T17:31:51+00:00","og_image":[{"width":2000,"height":800,"url":"https:\/\/mhcalculos.com.br\/noticias\/wp-content\/uploads\/sites\/2\/2018\/06\/trabalhista-0037.jpg","type":"image\/jpeg"}],"author":"Equipe MH","twitter_card":"summary_large_image","twitter_misc":{"Escrito por":"Equipe MH","Est. tempo de leitura":"1 minuto"},"schema":{"@context":"https:\/\/schema.org","@graph":[{"@type":"Article","@id":"https:\/\/mhcalculos.com.br\/noticias\/area\/trabalhista\/tst-tribunal-divulga-finalistas-do-i-premio-justica-do-trabalho-de-jornalismo.html#article","isPartOf":{"@id":"https:\/\/mhcalculos.com.br\/noticias\/area\/trabalhista\/tst-tribunal-divulga-finalistas-do-i-premio-justica-do-trabalho-de-jornalismo.html"},"author":{"name":"Equipe MH","@id":"https:\/\/mhcalculos.com.br\/noticias\/#\/schema\/person\/88d1c34bf72dc779ea14a5a6b8e0ae8d"},"headline":"TST: Tribunal&nbsp;divulga finalistas do I Pr\u00eamio Justi\u00e7a do Trabalho de Jornalismo","datePublished":"2019-10-29T11:26:00+00:00","dateModified":"2021-07-28T17:31:51+00:00","mainEntityOfPage":{"@id":"https:\/\/mhcalculos.com.br\/noticias\/area\/trabalhista\/tst-tribunal-divulga-finalistas-do-i-premio-justica-do-trabalho-de-jornalismo.html"},"wordCount":301,"commentCount":0,"image":{"@id":"https:\/\/mhcalculos.com.br\/noticias\/area\/trabalhista\/tst-tribunal-divulga-finalistas-do-i-premio-justica-do-trabalho-de-jornalismo.html#primaryimage"},"thumbnailUrl":"https:\/\/mhcalculos.com.br\/noticias\/wp-content\/uploads\/sites\/2\/2018\/06\/trabalhista-0037.jpg","keywords":["c\u00e1lculos trabalhistas","direito trabalhista","per\u00edcia","perito","trabalho","TST"],"articleSection":["Direito Trabalhista","TST"],"inLanguage":"pt-BR","potentialAction":[{"@type":"CommentAction","name":"Comment","target":["https:\/\/mhcalculos.com.br\/noticias\/area\/trabalhista\/tst-tribunal-divulga-finalistas-do-i-premio-justica-do-trabalho-de-jornalismo.html#respond"]}]},{"@type":"WebPage","@id":"https:\/\/mhcalculos.com.br\/noticias\/area\/trabalhista\/tst-tribunal-divulga-finalistas-do-i-premio-justica-do-trabalho-de-jornalismo.html","url":"https:\/\/mhcalculos.com.br\/noticias\/area\/trabalhista\/tst-tribunal-divulga-finalistas-do-i-premio-justica-do-trabalho-de-jornalismo.html","name":"TST: Tribunal&nbsp;divulga finalistas do I Pr\u00eamio Justi\u00e7a do Trabalho de Jornalismo | Portal de Not\u00edcias","isPartOf":{"@id":"https:\/\/mhcalculos.com.br\/noticias\/#website"},"primaryImageOfPage":{"@id":"https:\/\/mhcalculos.com.br\/noticias\/area\/trabalhista\/tst-tribunal-divulga-finalistas-do-i-premio-justica-do-trabalho-de-jornalismo.html#primaryimage"},"image":{"@id":"https:\/\/mhcalculos.com.br\/noticias\/area\/trabalhista\/tst-tribunal-divulga-finalistas-do-i-premio-justica-do-trabalho-de-jornalismo.html#primaryimage"},"thumbnailUrl":"https:\/\/mhcalculos.com.br\/noticias\/wp-content\/uploads\/sites\/2\/2018\/06\/trabalhista-0037.jpg","datePublished":"2019-10-29T11:26:00+00:00","dateModified":"2021-07-28T17:31:51+00:00","author":{"@id":"https:\/\/mhcalculos.com.br\/noticias\/#\/schema\/person\/88d1c34bf72dc779ea14a5a6b8e0ae8d"},"breadcrumb":{"@id":"https:\/\/mhcalculos.com.br\/noticias\/area\/trabalhista\/tst-tribunal-divulga-finalistas-do-i-premio-justica-do-trabalho-de-jornalismo.html#breadcrumb"},"inLanguage":"pt-BR","potentialAction":[{"@type":"ReadAction","target":["https:\/\/mhcalculos.com.br\/noticias\/area\/trabalhista\/tst-tribunal-divulga-finalistas-do-i-premio-justica-do-trabalho-de-jornalismo.html"]}]},{"@type":"ImageObject","inLanguage":"pt-BR","@id":"https:\/\/mhcalculos.com.br\/noticias\/area\/trabalhista\/tst-tribunal-divulga-finalistas-do-i-premio-justica-do-trabalho-de-jornalismo.html#primaryimage","url":"https:\/\/mhcalculos.com.br\/noticias\/wp-content\/uploads\/sites\/2\/2018\/06\/trabalhista-0037.jpg","contentUrl":"https:\/\/mhcalculos.com.br\/noticias\/wp-content\/uploads\/sites\/2\/2018\/06\/trabalhista-0037.jpg","width":2000,"height":800},{"@type":"BreadcrumbList","@id":"https:\/\/mhcalculos.com.br\/noticias\/area\/trabalhista\/tst-tribunal-divulga-finalistas-do-i-premio-justica-do-trabalho-de-jornalismo.html#breadcrumb","itemListElement":[{"@type":"ListItem","position":1,"name":"In\u00edcio","item":"https:\/\/mhcalculos.com.br\/noticias\/"},{"@type":"ListItem","position":2,"name":"TST: Tribunal&nbsp;divulga finalistas do I Pr\u00eamio Justi\u00e7a do Trabalho de Jornalismo"}]},{"@type":"WebSite","@id":"https:\/\/mhcalculos.com.br\/noticias\/#website","url":"https:\/\/mhcalculos.com.br\/noticias\/","name":"Portal de Not\u00edcias","description":"Not\u00edcias e Jurisprud\u00eancia","potentialAction":[{"@type":"SearchAction","target":{"@type":"EntryPoint","urlTemplate":"https:\/\/mhcalculos.com.br\/noticias\/?s={search_term_string}"},"query-input":{"@type":"PropertyValueSpecification","valueRequired":true,"valueName":"search_term_string"}}],"inLanguage":"pt-BR"},{"@type":"Person","@id":"https:\/\/mhcalculos.com.br\/noticias\/#\/schema\/person\/88d1c34bf72dc779ea14a5a6b8e0ae8d","name":"Equipe MH","image":{"@type":"ImageObject","inLanguage":"pt-BR","@id":"https:\/\/secure.gravatar.com\/avatar\/de1c686c2ecc9c5a3f327e3431d819eb39f8f05d4e1045f5a1caad6daaba987f?s=96&d=mm&r=g","url":"https:\/\/secure.gravatar.com\/avatar\/de1c686c2ecc9c5a3f327e3431d819eb39f8f05d4e1045f5a1caad6daaba987f?s=96&d=mm&r=g","contentUrl":"https:\/\/secure.gravatar.com\/avatar\/de1c686c2ecc9c5a3f327e3431d819eb39f8f05d4e1045f5a1caad6daaba987f?s=96&d=mm&r=g","caption":"Equipe MH"}}]}},"_links":{"self":[{"href":"https:\/\/mhcalculos.com.br\/noticias\/wp-json\/wp\/v2\/posts\/6230","targetHints":{"allow":["GET"]}}],"collection":[{"href":"https:\/\/mhcalculos.com.br\/noticias\/wp-json\/wp\/v2\/posts"}],"about":[{"href":"https:\/\/mhcalculos.com.br\/noticias\/wp-json\/wp\/v2\/types\/post"}],"author":[{"embeddable":true,"href":"https:\/\/mhcalculos.com.br\/noticias\/wp-json\/wp\/v2\/users\/3063"}],"replies":[{"embeddable":true,"href":"https:\/\/mhcalculos.com.br\/noticias\/wp-json\/wp\/v2\/comments?post=6230"}],"version-history":[{"count":1,"href":"https:\/\/mhcalculos.com.br\/noticias\/wp-json\/wp\/v2\/posts\/6230\/revisions"}],"predecessor-version":[{"id":9567,"href":"https:\/\/mhcalculos.com.br\/noticias\/wp-json\/wp\/v2\/posts\/6230\/revisions\/9567"}],"wp:featuredmedia":[{"embeddable":true,"href":"https:\/\/mhcalculos.com.br\/noticias\/wp-json\/wp\/v2\/media\/1597"}],"wp:attachment":[{"href":"https:\/\/mhcalculos.com.br\/noticias\/wp-json\/wp\/v2\/media?parent=6230"}],"wp:term":[{"taxonomy":"category","embeddable":true,"href":"https:\/\/mhcalculos.com.br\/noticias\/wp-json\/wp\/v2\/categories?post=6230"},{"taxonomy":"post_tag","embeddable":true,"href":"https:\/\/mhcalculos.com.br\/noticias\/wp-json\/wp\/v2\/tags?post=6230"}],"curies":[{"name":"wp","href":"https:\/\/api.w.org\/{rel}","templated":true}]}}