{"id":6135,"date":"2019-10-19T09:05:11","date_gmt":"2019-10-19T12:05:11","guid":{"rendered":"https:\/\/mhcalculos.com.br\/noticias\/2019\/10\/19\/stf-suspensa-decisao-que-contabilizou-atividade-administrativa-para-concessao-de-aposentaria-especial-de-professor\/"},"modified":"2021-07-28T14:31:55","modified_gmt":"2021-07-28T17:31:55","slug":"stf-suspensa-decisao-que-contabilizou-atividade-administrativa-para-concessao-de-aposentaria-especial-de-professor","status":"publish","type":"post","link":"https:\/\/mhcalculos.com.br\/noticias\/area\/previdenciario\/stf-suspensa-decisao-que-contabilizou-atividade-administrativa-para-concessao-de-aposentaria-especial-de-professor.html","title":{"rendered":"STF: Suspensa decis\u00e3o que contabilizou atividade administrativa para concess\u00e3o de aposentaria especial de professor"},"content":{"rendered":"<p><br \/>\n<\/p>\n<p>O ministro Edson Fachin, do Supremo Tribunal Federal (STF), suspendeu os efeitos de decis\u00e3o do Tribunal de Justi\u00e7a de S\u00e3o Paulo (TJ-SP) que concedeu aposentadoria especial de professor a uma servidora do Munic\u00edpio de Mogi das Cruzes (SP) ap\u00f3s contabilizar como sendo de magist\u00e9rio o tempo de trabalho em atividade administrativa. A medida liminar foi concedida na Reclama\u00e7\u00e3o (RCL) 37202, em que o Instituto de Previd\u00eancia Municipal de Mogi das Cruzes (Iprem) alega ofensa ao entendimento do STF no julgamento da A\u00e7\u00e3o Direta de Inconstitucionalidade (ADI) 3772.<\/p>\n<p>Nessa a\u00e7\u00e3o, o Supremo passou a admitir, para o direito \u00e0 aposentadoria especial de professor, al\u00e9m da doc\u00eancia, as atividades de coordena\u00e7\u00e3o e assessoramento pedag\u00f3gico e a dire\u00e7\u00e3o de unidade escolar exercidas dentro das institui\u00e7\u00f5es de ensino b\u00e1sico.<\/p>\n<p>O direito \u00e0 aposentadoria especial foi garantido pelo TJ-SP ao conceder mandado de seguran\u00e7a contra decis\u00e3o de primeira inst\u00e2ncia que havia negado o benef\u00edcio.  Segundo o Iprem, no entanto, a servidora n\u00e3o teria trabalhado mais de 25 anos exclusivamente em fun\u00e7\u00f5es de magist\u00e9rio, mas tamb\u00e9m em fun\u00e7\u00f5es administrativas, inclusive fora de institui\u00e7\u00f5es de ensino, como no per\u00edodo em que exerceu fun\u00e7\u00e3o comissionada de supervisora de ensino na Secretaria Municipal de Educa\u00e7\u00e3o.<\/p>\n<p>Em sua decis\u00e3o, o ministro Fachin observa que o STF afastou do reconhecimento da atividade especial para fins de aposentadoria com o redutor constitucional as fun\u00e7\u00f5es administrativas exercidas por professor fora dos estabelecimentos de ensino b\u00e1sico. Por isso, segundo ele, ao reconhecer o tempo em que a servidora havia exercido a fun\u00e7\u00e3o de supervisora de ensino no pr\u00e9dio administrativo da Secretaria Municipal de Educa\u00e7\u00e3o, o TJ-SP aparentemente ultrapassou os limites fixados pelo STF acerca do que pode ser compreendido como fun\u00e7\u00e3o de magist\u00e9rio.&nbsp;&ldquo;Ao que tudo indica, ao menos nesse ju\u00edzo prec\u00e1rio, parece-me que a benefici\u00e1ria n\u00e3o cumpre o requisito para aposentadoria especial de professora&rdquo;, afirmou.<\/p>\n<p>Segundo o relator, ainda que o ac\u00f3rd\u00e3o  do TJ-SP esteja sujeito a recursos especial (ao STJ) e extraordin\u00e1rio (ao STF), o instituto de previd\u00eancia municipal poder\u00e1 sofrer dano financeiro irrepar\u00e1vel em raz\u00e3o do car\u00e1ter alimentar do benef\u00edcio caso a decis\u00e3o seja imediatamente cumprida e posteriormente revertida, o que justifica a concess\u00e3o da liminar.<\/p>\n<p><span style=\"font-size: smaller\">VP\/CR\/\/CF<\/span><\/p>\n<p>Leia mais:<\/p>\n<p>29\/10\/2008 &#8211; <a href=\"http:\/\/stf.jus.br\/portal\/cms\/verNoticiaDetalhe.asp?idConteudo=98318&amp;caixaBusca=N\" target=\"_blank\" rel=\"noopener noreferrer\">Professores que exercerem cargos de dire\u00e7\u00e3o pedag\u00f3gica poder\u00e3o ter aposentadoria especial<\/a><\/p>\n<p><i>Com informa\u00e7\u00f5es da assessoria de imprensa do STF.<\/i><br \/>\n<br \/><br \/>\n<br \/><a href=\"http:\/\/www.stf.jus.br\/portal\/cms\/verNoticiaDetalhe.asp?idConteudo=427324\">Fonte<\/a><\/p>\n","protected":false},"excerpt":{"rendered":"<p>O ministro Edson Fachin, do Supremo Tribunal Federal (STF), suspendeu os efeitos de decis\u00e3o do Tribunal de Justi\u00e7a de S\u00e3o Paulo (TJ-SP) que concedeu aposentadoria especial de professor a uma servidora do Munic\u00edpio de Mogi das Cruzes (SP) ap\u00f3s contabilizar como sendo de magist\u00e9rio o tempo de trabalho em atividade administrativa. A medida liminar foi [&hellip;]<\/p>\n","protected":false},"author":3063,"featured_media":2740,"comment_status":"open","ping_status":"open","sticky":false,"template":"","format":"standard","meta":{"footnotes":""},"categories":[5,15],"tags":[11,10,8,13,9,12,16],"class_list":{"0":"post-6135","1":"post","2":"type-post","3":"status-publish","4":"format-standard","5":"has-post-thumbnail","7":"category-previdenciario","8":"category-stf","9":"tag-aposentadoria","10":"tag-calculos-previdenciarios","11":"tag-direito-previdenciario","12":"tag-inss","13":"tag-pericia","14":"tag-perito","15":"tag-stf"},"yoast_head":"<!-- This site is optimized with the Yoast SEO plugin v27.2 - https:\/\/yoast.com\/product\/yoast-seo-wordpress\/ -->\n<title>STF: Suspensa decis\u00e3o que contabilizou atividade administrativa para concess\u00e3o de aposentaria especial de professor | Portal de Not\u00edcias<\/title>\n<meta name=\"robots\" content=\"index, follow, max-snippet:-1, max-image-preview:large, max-video-preview:-1\" \/>\n<link rel=\"canonical\" href=\"https:\/\/mhcalculos.com.br\/noticias\/area\/previdenciario\/stf-suspensa-decisao-que-contabilizou-atividade-administrativa-para-concessao-de-aposentaria-especial-de-professor.html\" \/>\n<meta property=\"og:locale\" content=\"pt_BR\" \/>\n<meta property=\"og:type\" content=\"article\" \/>\n<meta property=\"og:title\" content=\"STF: Suspensa decis\u00e3o que contabilizou atividade administrativa para concess\u00e3o de aposentaria especial de professor | Portal de Not\u00edcias\" \/>\n<meta property=\"og:description\" content=\"O ministro Edson Fachin, do Supremo Tribunal Federal (STF), suspendeu os efeitos de decis\u00e3o do Tribunal de Justi\u00e7a de S\u00e3o Paulo (TJ-SP) que concedeu aposentadoria especial de professor a uma servidora do Munic\u00edpio de Mogi das Cruzes (SP) ap\u00f3s contabilizar como sendo de magist\u00e9rio o tempo de trabalho em atividade administrativa. A medida liminar foi [&hellip;]\" \/>\n<meta property=\"og:url\" content=\"https:\/\/mhcalculos.com.br\/noticias\/area\/previdenciario\/stf-suspensa-decisao-que-contabilizou-atividade-administrativa-para-concessao-de-aposentaria-especial-de-professor.html\" \/>\n<meta property=\"og:site_name\" content=\"Portal de Not\u00edcias\" \/>\n<meta property=\"article:published_time\" content=\"2019-10-19T12:05:11+00:00\" \/>\n<meta property=\"article:modified_time\" content=\"2021-07-28T17:31:55+00:00\" \/>\n<meta property=\"og:image\" content=\"https:\/\/mhcalculos.com.br\/noticias\/wp-content\/uploads\/sites\/2\/2018\/08\/judiciario-0020.jpg\" \/>\n\t<meta property=\"og:image:width\" content=\"2000\" \/>\n\t<meta property=\"og:image:height\" content=\"800\" \/>\n\t<meta property=\"og:image:type\" content=\"image\/jpeg\" \/>\n<meta name=\"author\" content=\"Equipe MH\" \/>\n<meta name=\"twitter:card\" content=\"summary_large_image\" \/>\n<meta name=\"twitter:label1\" content=\"Escrito por\" \/>\n\t<meta name=\"twitter:data1\" content=\"Equipe MH\" \/>\n\t<meta name=\"twitter:label2\" content=\"Est. tempo de leitura\" \/>\n\t<meta name=\"twitter:data2\" content=\"2 minutos\" \/>\n<script type=\"application\/ld+json\" class=\"yoast-schema-graph\">{\"@context\":\"https:\/\/schema.org\",\"@graph\":[{\"@type\":\"Article\",\"@id\":\"https:\/\/mhcalculos.com.br\/noticias\/area\/previdenciario\/stf-suspensa-decisao-que-contabilizou-atividade-administrativa-para-concessao-de-aposentaria-especial-de-professor.html#article\",\"isPartOf\":{\"@id\":\"https:\/\/mhcalculos.com.br\/noticias\/area\/previdenciario\/stf-suspensa-decisao-que-contabilizou-atividade-administrativa-para-concessao-de-aposentaria-especial-de-professor.html\"},\"author\":{\"name\":\"Equipe MH\",\"@id\":\"https:\/\/mhcalculos.com.br\/noticias\/#\/schema\/person\/88d1c34bf72dc779ea14a5a6b8e0ae8d\"},\"headline\":\"STF: Suspensa decis\u00e3o que contabilizou atividade administrativa para concess\u00e3o de aposentaria especial de professor\",\"datePublished\":\"2019-10-19T12:05:11+00:00\",\"dateModified\":\"2021-07-28T17:31:55+00:00\",\"mainEntityOfPage\":{\"@id\":\"https:\/\/mhcalculos.com.br\/noticias\/area\/previdenciario\/stf-suspensa-decisao-que-contabilizou-atividade-administrativa-para-concessao-de-aposentaria-especial-de-professor.html\"},\"wordCount\":453,\"commentCount\":0,\"image\":{\"@id\":\"https:\/\/mhcalculos.com.br\/noticias\/area\/previdenciario\/stf-suspensa-decisao-que-contabilizou-atividade-administrativa-para-concessao-de-aposentaria-especial-de-professor.html#primaryimage\"},\"thumbnailUrl\":\"https:\/\/mhcalculos.com.br\/noticias\/wp-content\/uploads\/sites\/2\/2018\/08\/judiciario-0020.jpg\",\"keywords\":[\"aposentadoria\",\"c\u00e1lculos previdenci\u00e1rios\",\"direito previdenci\u00e1rio\",\"inss\",\"per\u00edcia\",\"perito\",\"stf\"],\"articleSection\":[\"Direito Previdenci\u00e1rio\",\"STF\"],\"inLanguage\":\"pt-BR\",\"potentialAction\":[{\"@type\":\"CommentAction\",\"name\":\"Comment\",\"target\":[\"https:\/\/mhcalculos.com.br\/noticias\/area\/previdenciario\/stf-suspensa-decisao-que-contabilizou-atividade-administrativa-para-concessao-de-aposentaria-especial-de-professor.html#respond\"]}]},{\"@type\":\"WebPage\",\"@id\":\"https:\/\/mhcalculos.com.br\/noticias\/area\/previdenciario\/stf-suspensa-decisao-que-contabilizou-atividade-administrativa-para-concessao-de-aposentaria-especial-de-professor.html\",\"url\":\"https:\/\/mhcalculos.com.br\/noticias\/area\/previdenciario\/stf-suspensa-decisao-que-contabilizou-atividade-administrativa-para-concessao-de-aposentaria-especial-de-professor.html\",\"name\":\"STF: Suspensa decis\u00e3o que contabilizou atividade administrativa para concess\u00e3o de aposentaria especial de professor | Portal de Not\u00edcias\",\"isPartOf\":{\"@id\":\"https:\/\/mhcalculos.com.br\/noticias\/#website\"},\"primaryImageOfPage\":{\"@id\":\"https:\/\/mhcalculos.com.br\/noticias\/area\/previdenciario\/stf-suspensa-decisao-que-contabilizou-atividade-administrativa-para-concessao-de-aposentaria-especial-de-professor.html#primaryimage\"},\"image\":{\"@id\":\"https:\/\/mhcalculos.com.br\/noticias\/area\/previdenciario\/stf-suspensa-decisao-que-contabilizou-atividade-administrativa-para-concessao-de-aposentaria-especial-de-professor.html#primaryimage\"},\"thumbnailUrl\":\"https:\/\/mhcalculos.com.br\/noticias\/wp-content\/uploads\/sites\/2\/2018\/08\/judiciario-0020.jpg\",\"datePublished\":\"2019-10-19T12:05:11+00:00\",\"dateModified\":\"2021-07-28T17:31:55+00:00\",\"author\":{\"@id\":\"https:\/\/mhcalculos.com.br\/noticias\/#\/schema\/person\/88d1c34bf72dc779ea14a5a6b8e0ae8d\"},\"breadcrumb\":{\"@id\":\"https:\/\/mhcalculos.com.br\/noticias\/area\/previdenciario\/stf-suspensa-decisao-que-contabilizou-atividade-administrativa-para-concessao-de-aposentaria-especial-de-professor.html#breadcrumb\"},\"inLanguage\":\"pt-BR\",\"potentialAction\":[{\"@type\":\"ReadAction\",\"target\":[\"https:\/\/mhcalculos.com.br\/noticias\/area\/previdenciario\/stf-suspensa-decisao-que-contabilizou-atividade-administrativa-para-concessao-de-aposentaria-especial-de-professor.html\"]}]},{\"@type\":\"ImageObject\",\"inLanguage\":\"pt-BR\",\"@id\":\"https:\/\/mhcalculos.com.br\/noticias\/area\/previdenciario\/stf-suspensa-decisao-que-contabilizou-atividade-administrativa-para-concessao-de-aposentaria-especial-de-professor.html#primaryimage\",\"url\":\"https:\/\/mhcalculos.com.br\/noticias\/wp-content\/uploads\/sites\/2\/2018\/08\/judiciario-0020.jpg\",\"contentUrl\":\"https:\/\/mhcalculos.com.br\/noticias\/wp-content\/uploads\/sites\/2\/2018\/08\/judiciario-0020.jpg\",\"width\":2000,\"height\":800},{\"@type\":\"BreadcrumbList\",\"@id\":\"https:\/\/mhcalculos.com.br\/noticias\/area\/previdenciario\/stf-suspensa-decisao-que-contabilizou-atividade-administrativa-para-concessao-de-aposentaria-especial-de-professor.html#breadcrumb\",\"itemListElement\":[{\"@type\":\"ListItem\",\"position\":1,\"name\":\"In\u00edcio\",\"item\":\"https:\/\/mhcalculos.com.br\/noticias\/\"},{\"@type\":\"ListItem\",\"position\":2,\"name\":\"STF: Suspensa decis\u00e3o que contabilizou atividade administrativa para concess\u00e3o de aposentaria especial de professor\"}]},{\"@type\":\"WebSite\",\"@id\":\"https:\/\/mhcalculos.com.br\/noticias\/#website\",\"url\":\"https:\/\/mhcalculos.com.br\/noticias\/\",\"name\":\"Portal de Not\u00edcias\",\"description\":\"Not\u00edcias e Jurisprud\u00eancia\",\"potentialAction\":[{\"@type\":\"SearchAction\",\"target\":{\"@type\":\"EntryPoint\",\"urlTemplate\":\"https:\/\/mhcalculos.com.br\/noticias\/?s={search_term_string}\"},\"query-input\":{\"@type\":\"PropertyValueSpecification\",\"valueRequired\":true,\"valueName\":\"search_term_string\"}}],\"inLanguage\":\"pt-BR\"},{\"@type\":\"Person\",\"@id\":\"https:\/\/mhcalculos.com.br\/noticias\/#\/schema\/person\/88d1c34bf72dc779ea14a5a6b8e0ae8d\",\"name\":\"Equipe MH\",\"image\":{\"@type\":\"ImageObject\",\"inLanguage\":\"pt-BR\",\"@id\":\"https:\/\/secure.gravatar.com\/avatar\/de1c686c2ecc9c5a3f327e3431d819eb39f8f05d4e1045f5a1caad6daaba987f?s=96&d=mm&r=g\",\"url\":\"https:\/\/secure.gravatar.com\/avatar\/de1c686c2ecc9c5a3f327e3431d819eb39f8f05d4e1045f5a1caad6daaba987f?s=96&d=mm&r=g\",\"contentUrl\":\"https:\/\/secure.gravatar.com\/avatar\/de1c686c2ecc9c5a3f327e3431d819eb39f8f05d4e1045f5a1caad6daaba987f?s=96&d=mm&r=g\",\"caption\":\"Equipe MH\"}}]}<\/script>\n<!-- \/ Yoast SEO plugin. -->","yoast_head_json":{"title":"STF: Suspensa decis\u00e3o que contabilizou atividade administrativa para concess\u00e3o de aposentaria especial de professor | Portal de Not\u00edcias","robots":{"index":"index","follow":"follow","max-snippet":"max-snippet:-1","max-image-preview":"max-image-preview:large","max-video-preview":"max-video-preview:-1"},"canonical":"https:\/\/mhcalculos.com.br\/noticias\/area\/previdenciario\/stf-suspensa-decisao-que-contabilizou-atividade-administrativa-para-concessao-de-aposentaria-especial-de-professor.html","og_locale":"pt_BR","og_type":"article","og_title":"STF: Suspensa decis\u00e3o que contabilizou atividade administrativa para concess\u00e3o de aposentaria especial de professor | Portal de Not\u00edcias","og_description":"O ministro Edson Fachin, do Supremo Tribunal Federal (STF), suspendeu os efeitos de decis\u00e3o do Tribunal de Justi\u00e7a de S\u00e3o Paulo (TJ-SP) que concedeu aposentadoria especial de professor a uma servidora do Munic\u00edpio de Mogi das Cruzes (SP) ap\u00f3s contabilizar como sendo de magist\u00e9rio o tempo de trabalho em atividade administrativa. A medida liminar foi [&hellip;]","og_url":"https:\/\/mhcalculos.com.br\/noticias\/area\/previdenciario\/stf-suspensa-decisao-que-contabilizou-atividade-administrativa-para-concessao-de-aposentaria-especial-de-professor.html","og_site_name":"Portal de Not\u00edcias","article_published_time":"2019-10-19T12:05:11+00:00","article_modified_time":"2021-07-28T17:31:55+00:00","og_image":[{"width":2000,"height":800,"url":"https:\/\/mhcalculos.com.br\/noticias\/wp-content\/uploads\/sites\/2\/2018\/08\/judiciario-0020.jpg","type":"image\/jpeg"}],"author":"Equipe MH","twitter_card":"summary_large_image","twitter_misc":{"Escrito por":"Equipe MH","Est. tempo de leitura":"2 minutos"},"schema":{"@context":"https:\/\/schema.org","@graph":[{"@type":"Article","@id":"https:\/\/mhcalculos.com.br\/noticias\/area\/previdenciario\/stf-suspensa-decisao-que-contabilizou-atividade-administrativa-para-concessao-de-aposentaria-especial-de-professor.html#article","isPartOf":{"@id":"https:\/\/mhcalculos.com.br\/noticias\/area\/previdenciario\/stf-suspensa-decisao-que-contabilizou-atividade-administrativa-para-concessao-de-aposentaria-especial-de-professor.html"},"author":{"name":"Equipe MH","@id":"https:\/\/mhcalculos.com.br\/noticias\/#\/schema\/person\/88d1c34bf72dc779ea14a5a6b8e0ae8d"},"headline":"STF: Suspensa decis\u00e3o que contabilizou atividade administrativa para concess\u00e3o de aposentaria especial de professor","datePublished":"2019-10-19T12:05:11+00:00","dateModified":"2021-07-28T17:31:55+00:00","mainEntityOfPage":{"@id":"https:\/\/mhcalculos.com.br\/noticias\/area\/previdenciario\/stf-suspensa-decisao-que-contabilizou-atividade-administrativa-para-concessao-de-aposentaria-especial-de-professor.html"},"wordCount":453,"commentCount":0,"image":{"@id":"https:\/\/mhcalculos.com.br\/noticias\/area\/previdenciario\/stf-suspensa-decisao-que-contabilizou-atividade-administrativa-para-concessao-de-aposentaria-especial-de-professor.html#primaryimage"},"thumbnailUrl":"https:\/\/mhcalculos.com.br\/noticias\/wp-content\/uploads\/sites\/2\/2018\/08\/judiciario-0020.jpg","keywords":["aposentadoria","c\u00e1lculos previdenci\u00e1rios","direito previdenci\u00e1rio","inss","per\u00edcia","perito","stf"],"articleSection":["Direito Previdenci\u00e1rio","STF"],"inLanguage":"pt-BR","potentialAction":[{"@type":"CommentAction","name":"Comment","target":["https:\/\/mhcalculos.com.br\/noticias\/area\/previdenciario\/stf-suspensa-decisao-que-contabilizou-atividade-administrativa-para-concessao-de-aposentaria-especial-de-professor.html#respond"]}]},{"@type":"WebPage","@id":"https:\/\/mhcalculos.com.br\/noticias\/area\/previdenciario\/stf-suspensa-decisao-que-contabilizou-atividade-administrativa-para-concessao-de-aposentaria-especial-de-professor.html","url":"https:\/\/mhcalculos.com.br\/noticias\/area\/previdenciario\/stf-suspensa-decisao-que-contabilizou-atividade-administrativa-para-concessao-de-aposentaria-especial-de-professor.html","name":"STF: Suspensa decis\u00e3o que contabilizou atividade administrativa para concess\u00e3o de aposentaria especial de professor | Portal de Not\u00edcias","isPartOf":{"@id":"https:\/\/mhcalculos.com.br\/noticias\/#website"},"primaryImageOfPage":{"@id":"https:\/\/mhcalculos.com.br\/noticias\/area\/previdenciario\/stf-suspensa-decisao-que-contabilizou-atividade-administrativa-para-concessao-de-aposentaria-especial-de-professor.html#primaryimage"},"image":{"@id":"https:\/\/mhcalculos.com.br\/noticias\/area\/previdenciario\/stf-suspensa-decisao-que-contabilizou-atividade-administrativa-para-concessao-de-aposentaria-especial-de-professor.html#primaryimage"},"thumbnailUrl":"https:\/\/mhcalculos.com.br\/noticias\/wp-content\/uploads\/sites\/2\/2018\/08\/judiciario-0020.jpg","datePublished":"2019-10-19T12:05:11+00:00","dateModified":"2021-07-28T17:31:55+00:00","author":{"@id":"https:\/\/mhcalculos.com.br\/noticias\/#\/schema\/person\/88d1c34bf72dc779ea14a5a6b8e0ae8d"},"breadcrumb":{"@id":"https:\/\/mhcalculos.com.br\/noticias\/area\/previdenciario\/stf-suspensa-decisao-que-contabilizou-atividade-administrativa-para-concessao-de-aposentaria-especial-de-professor.html#breadcrumb"},"inLanguage":"pt-BR","potentialAction":[{"@type":"ReadAction","target":["https:\/\/mhcalculos.com.br\/noticias\/area\/previdenciario\/stf-suspensa-decisao-que-contabilizou-atividade-administrativa-para-concessao-de-aposentaria-especial-de-professor.html"]}]},{"@type":"ImageObject","inLanguage":"pt-BR","@id":"https:\/\/mhcalculos.com.br\/noticias\/area\/previdenciario\/stf-suspensa-decisao-que-contabilizou-atividade-administrativa-para-concessao-de-aposentaria-especial-de-professor.html#primaryimage","url":"https:\/\/mhcalculos.com.br\/noticias\/wp-content\/uploads\/sites\/2\/2018\/08\/judiciario-0020.jpg","contentUrl":"https:\/\/mhcalculos.com.br\/noticias\/wp-content\/uploads\/sites\/2\/2018\/08\/judiciario-0020.jpg","width":2000,"height":800},{"@type":"BreadcrumbList","@id":"https:\/\/mhcalculos.com.br\/noticias\/area\/previdenciario\/stf-suspensa-decisao-que-contabilizou-atividade-administrativa-para-concessao-de-aposentaria-especial-de-professor.html#breadcrumb","itemListElement":[{"@type":"ListItem","position":1,"name":"In\u00edcio","item":"https:\/\/mhcalculos.com.br\/noticias\/"},{"@type":"ListItem","position":2,"name":"STF: Suspensa decis\u00e3o que contabilizou atividade administrativa para concess\u00e3o de aposentaria especial de professor"}]},{"@type":"WebSite","@id":"https:\/\/mhcalculos.com.br\/noticias\/#website","url":"https:\/\/mhcalculos.com.br\/noticias\/","name":"Portal de Not\u00edcias","description":"Not\u00edcias e Jurisprud\u00eancia","potentialAction":[{"@type":"SearchAction","target":{"@type":"EntryPoint","urlTemplate":"https:\/\/mhcalculos.com.br\/noticias\/?s={search_term_string}"},"query-input":{"@type":"PropertyValueSpecification","valueRequired":true,"valueName":"search_term_string"}}],"inLanguage":"pt-BR"},{"@type":"Person","@id":"https:\/\/mhcalculos.com.br\/noticias\/#\/schema\/person\/88d1c34bf72dc779ea14a5a6b8e0ae8d","name":"Equipe MH","image":{"@type":"ImageObject","inLanguage":"pt-BR","@id":"https:\/\/secure.gravatar.com\/avatar\/de1c686c2ecc9c5a3f327e3431d819eb39f8f05d4e1045f5a1caad6daaba987f?s=96&d=mm&r=g","url":"https:\/\/secure.gravatar.com\/avatar\/de1c686c2ecc9c5a3f327e3431d819eb39f8f05d4e1045f5a1caad6daaba987f?s=96&d=mm&r=g","contentUrl":"https:\/\/secure.gravatar.com\/avatar\/de1c686c2ecc9c5a3f327e3431d819eb39f8f05d4e1045f5a1caad6daaba987f?s=96&d=mm&r=g","caption":"Equipe MH"}}]}},"_links":{"self":[{"href":"https:\/\/mhcalculos.com.br\/noticias\/wp-json\/wp\/v2\/posts\/6135","targetHints":{"allow":["GET"]}}],"collection":[{"href":"https:\/\/mhcalculos.com.br\/noticias\/wp-json\/wp\/v2\/posts"}],"about":[{"href":"https:\/\/mhcalculos.com.br\/noticias\/wp-json\/wp\/v2\/types\/post"}],"author":[{"embeddable":true,"href":"https:\/\/mhcalculos.com.br\/noticias\/wp-json\/wp\/v2\/users\/3063"}],"replies":[{"embeddable":true,"href":"https:\/\/mhcalculos.com.br\/noticias\/wp-json\/wp\/v2\/comments?post=6135"}],"version-history":[{"count":1,"href":"https:\/\/mhcalculos.com.br\/noticias\/wp-json\/wp\/v2\/posts\/6135\/revisions"}],"predecessor-version":[{"id":9588,"href":"https:\/\/mhcalculos.com.br\/noticias\/wp-json\/wp\/v2\/posts\/6135\/revisions\/9588"}],"wp:featuredmedia":[{"embeddable":true,"href":"https:\/\/mhcalculos.com.br\/noticias\/wp-json\/wp\/v2\/media\/2740"}],"wp:attachment":[{"href":"https:\/\/mhcalculos.com.br\/noticias\/wp-json\/wp\/v2\/media?parent=6135"}],"wp:term":[{"taxonomy":"category","embeddable":true,"href":"https:\/\/mhcalculos.com.br\/noticias\/wp-json\/wp\/v2\/categories?post=6135"},{"taxonomy":"post_tag","embeddable":true,"href":"https:\/\/mhcalculos.com.br\/noticias\/wp-json\/wp\/v2\/tags?post=6135"}],"curies":[{"name":"wp","href":"https:\/\/api.w.org\/{rel}","templated":true}]}}