{"id":6122,"date":"2019-10-16T23:05:17","date_gmt":"2019-10-17T02:05:17","guid":{"rendered":"https:\/\/mhcalculos.com.br\/noticias\/2019\/10\/16\/trf4-jurisdicao-sobre-contabilidade-e-foco-de-curso-para-magistrados-16-10-2019\/"},"modified":"2021-07-28T14:31:55","modified_gmt":"2021-07-28T17:31:55","slug":"trf4-jurisdicao-sobre-contabilidade-e-foco-de-curso-para-magistrados-16-10-2019","status":"publish","type":"post","link":"https:\/\/mhcalculos.com.br\/noticias\/area\/tributario\/trf4-jurisdicao-sobre-contabilidade-e-foco-de-curso-para-magistrados-16-10-2019.html","title":{"rendered":"TRF4: Jurisdi\u00e7\u00e3o sobre contabilidade \u00e9 foco de curso para magistrados (16\/10\/2019)"},"content":{"rendered":"\n<p>Nesta tarde (16\/10), a professora portuguesa Nina Aguiar, especialista em Direito Financeiro e Tribut\u00e1rio, realizou a palestra de abertura do curso \u201cContabilidade aplicada \u00e0 pr\u00e1tica jurisdicional\u201d, promovido pela Escola da Magistratura (Emagis) do Tribunal Regional Federal da 4\u00aa Regi\u00e3o (TRF4). As atividades, que ocorrem at\u00e9 sexta-feira (18\/10) no Plen\u00e1rio da corte, em Porto Alegre, fazem parte do programa de forma\u00e7\u00e3o continuada dos magistrados da 4\u00aa Regi\u00e3o.<\/p>\n<p>Com a coordena\u00e7\u00e3o cient\u00edfica do desembargador federal Leandro Paulsen, o curso tem o objetivo de capacitar os participantes na compreens\u00e3o de elementos b\u00e1sicos da contabilidade e da din\u00e2mica cont\u00e1bil relacionada \u00e0 tributa\u00e7\u00e3o. O evento acontece em parceria com a Escola Regional da Advocacia-Geral da Uni\u00e3o da 4\u00aa Regi\u00e3o (EAGU\/RS), representada pelo procurador federal Eug\u00eanio Battesini.<\/p>\n<p>Al\u00e9m do procurador, a mesa de abertura da programa\u00e7\u00e3o tamb\u00e9m foi composta pela professora palestrante, pelo desembargador federal R\u00f4mulo Pizzolatti, membro da 2\u00aa Turma do TRF4, e pelo diretor da Emagis, desembargador federal M\u00e1rcio Antonio Rocha, que abriu o curso ressaltando a riqueza do tema abordado e a alta qualidade dos palestrantes. \u201cO tema de contabilidade \u00e9 recorrentemente solicitado \u00e0 escola em pesquisas de sugest\u00f5es, o que demonstra o interesse dos ju\u00edzes pelo assunto\u201d, comentou Rocha.<\/p>\n<p>A jurisdi\u00e7\u00e3o a partir de normas contabil\u00edsticas foi introduzida pela professora Nina Aguiar atrav\u00e9s da apresenta\u00e7\u00e3o do hist\u00f3rico das pr\u00e1ticas cont\u00e1beis e da complexidade da rela\u00e7\u00e3o fiscal com o Direito. De acordo com a pesquisadora, \u201ca quest\u00e3o de contabilidade e fiscaliza\u00e7\u00e3o ainda \u00e9 pouco tratada por juristas, o que torna o assunto mais dif\u00edcil\u201d.<\/p>\n<p>Demonstrando a compara\u00e7\u00e3o de regulamenta\u00e7\u00f5es fiscais de diversos pa\u00edses europeus e americanos, a professora destacou a rapidez das mudan\u00e7as das normas de contabilidade, que ocorrem mais aceleradamente do que o Direito Fiscal consegue acompanhar. Segundo Nina, \u201cno mundo todo, essa mat\u00e9ria \u00e9 marcada pela ambiguidade da legisla\u00e7\u00e3o\u201d.<\/p>\n<p>A programa\u00e7\u00e3o dos tr\u00eas dias de palestras segue abordando t\u00f3picos como o acesso a informa\u00e7\u00f5es cont\u00e1beis, sigilos banc\u00e1rios, obriga\u00e7\u00f5es fiscais, princ\u00edpios gerais de contabilidade, interse\u00e7\u00e3o entre a contabilidade e o Direito Tribut\u00e1rio, a evolu\u00e7\u00e3o das obriga\u00e7\u00f5es cont\u00e1beis e declara\u00e7\u00f5es aos fiscos federais, estaduais e municipais.<\/p>\n<p><br \/>\nProfessora Nina Aguiar (Foto: Sylvio Sirangelo\/TRF4)<\/p>\n<p><img decoding=\"async\" style=\"width: 800px;\" title=\"Foto: Sylvio Sirangelo\/TRF4\" data-src=\"https:\/\/www2.trf4.jus.br\/trf4\/upload\/editor\/ppi_emagis-formacao-contab_1645.jpg\" alt=\"(esq. p\/dir.) Procurador federal Eug\u00eanio Battesini, professora Nina Aguiar, desembargador M\u00e1rcio Ant\u00f4nio Rocha e desembargador R\u00f4mulo Pizzolatti\" src=\"data:image\/svg+xml;base64,PHN2ZyB3aWR0aD0iMSIgaGVpZ2h0PSIxIiB4bWxucz0iaHR0cDovL3d3dy53My5vcmcvMjAwMC9zdmciPjwvc3ZnPg==\" class=\"lazyload\" \/><br \/>\n(esq. p\/dir.) Procurador federal Eug\u00eanio Battesini, professora Nina Aguiar, desembargador M\u00e1rcio Ant\u00f4nio Rocha e desembargador R\u00f4mulo Pizzolatti (Foto: Sylvio Sirangelo\/TRF4)<\/p>\n<p><img decoding=\"async\" style=\"width: 800px;\" title=\"Foto: Sylvio Sirangelo\/TRF4\" data-src=\"https:\/\/www2.trf4.jus.br\/trf4\/upload\/editor\/ppi_emagis-formacao-contab_1644.jpg\" alt=\"Desembargador M\u00e1rcio Rocha abriu o curso\" src=\"data:image\/svg+xml;base64,PHN2ZyB3aWR0aD0iMSIgaGVpZ2h0PSIxIiB4bWxucz0iaHR0cDovL3d3dy53My5vcmcvMjAwMC9zdmciPjwvc3ZnPg==\" class=\"lazyload\" \/><br \/>\nDesembargador M\u00e1rcio Rocha abriu o curso (Foto: Sylvio Sirangelo\/TRF4)<\/p>\n<p><i>Com informa\u00e7\u00f5es da assessoria de imprensa do TRF4.<\/i><\/p>\n<p><a href=\"http:\/\/www2.trf4.jus.br\/trf4\/controlador.php?acao=noticia_visualizar&amp;id_noticia=14828\">Fonte<\/a><\/p>\n\n","protected":false},"excerpt":{"rendered":"<p>Nesta tarde (16\/10), a professora portuguesa Nina Aguiar, especialista em Direito Financeiro e Tribut\u00e1rio, realizou a palestra de abertura do curso \u201cContabilidade aplicada \u00e0 pr\u00e1tica jurisdicional\u201d, promovido pela Escola da Magistratura (Emagis) do Tribunal Regional Federal da 4\u00aa Regi\u00e3o (TRF4). As atividades, que ocorrem at\u00e9 sexta-feira (18\/10) no Plen\u00e1rio da corte, em Porto Alegre, fazem [&hellip;]<\/p>\n","protected":false},"author":3063,"featured_media":6123,"comment_status":"open","ping_status":"open","sticky":false,"template":"","format":"standard","meta":{"footnotes":""},"categories":[18,6],"tags":[31,42,30,29,213,9,12,17,218,176,214],"class_list":{"0":"post-6122","1":"post","2":"type-post","3":"status-publish","4":"format-standard","5":"has-post-thumbnail","7":"category-tributario","8":"category-trf4","9":"tag-calculos-tributarios","10":"tag-direito-tributario","11":"tag-divida-ativa","12":"tag-fazenda-publica","13":"tag-imposto","14":"tag-pericia","15":"tag-perito","16":"tag-trf4","17":"tag-tribunal-regional-federal","18":"tag-tributario","19":"tag-tributo"},"yoast_head":"<!-- This site is optimized with the Yoast SEO plugin v27.2 - https:\/\/yoast.com\/product\/yoast-seo-wordpress\/ -->\n<title>TRF4: Jurisdi\u00e7\u00e3o sobre contabilidade \u00e9 foco de curso para magistrados (16\/10\/2019) | Portal de Not\u00edcias<\/title>\n<meta name=\"robots\" content=\"index, follow, max-snippet:-1, max-image-preview:large, max-video-preview:-1\" \/>\n<link rel=\"canonical\" href=\"https:\/\/mhcalculos.com.br\/noticias\/area\/tributario\/trf4-jurisdicao-sobre-contabilidade-e-foco-de-curso-para-magistrados-16-10-2019.html\" \/>\n<meta property=\"og:locale\" content=\"pt_BR\" \/>\n<meta property=\"og:type\" content=\"article\" \/>\n<meta property=\"og:title\" content=\"TRF4: Jurisdi\u00e7\u00e3o sobre contabilidade \u00e9 foco de curso para magistrados (16\/10\/2019) | Portal de Not\u00edcias\" \/>\n<meta property=\"og:description\" content=\"Nesta tarde (16\/10), a professora portuguesa Nina Aguiar, especialista em Direito Financeiro e Tribut\u00e1rio, realizou a palestra de abertura do curso \u201cContabilidade aplicada \u00e0 pr\u00e1tica jurisdicional\u201d, promovido pela Escola da Magistratura (Emagis) do Tribunal Regional Federal da 4\u00aa Regi\u00e3o (TRF4). As atividades, que ocorrem at\u00e9 sexta-feira (18\/10) no Plen\u00e1rio da corte, em Porto Alegre, fazem [&hellip;]\" \/>\n<meta property=\"og:url\" content=\"https:\/\/mhcalculos.com.br\/noticias\/area\/tributario\/trf4-jurisdicao-sobre-contabilidade-e-foco-de-curso-para-magistrados-16-10-2019.html\" \/>\n<meta property=\"og:site_name\" content=\"Portal de Not\u00edcias\" \/>\n<meta property=\"article:published_time\" content=\"2019-10-17T02:05:17+00:00\" \/>\n<meta property=\"article:modified_time\" content=\"2021-07-28T17:31:55+00:00\" \/>\n<meta property=\"og:image\" content=\"https:\/\/mhcalculos.com.br\/noticias\/wp-content\/uploads\/sites\/2\/2019\/10\/ppi_emagis-formacao-contab_1676.jpg\" \/>\n\t<meta property=\"og:image:width\" content=\"2200\" \/>\n\t<meta property=\"og:image:height\" content=\"1300\" \/>\n\t<meta property=\"og:image:type\" content=\"image\/jpeg\" \/>\n<meta name=\"author\" content=\"Equipe MH\" \/>\n<meta name=\"twitter:card\" content=\"summary_large_image\" \/>\n<meta name=\"twitter:label1\" content=\"Escrito por\" \/>\n\t<meta name=\"twitter:data1\" content=\"Equipe MH\" \/>\n\t<meta name=\"twitter:label2\" content=\"Est. tempo de leitura\" \/>\n\t<meta name=\"twitter:data2\" content=\"2 minutos\" \/>\n<script type=\"application\/ld+json\" class=\"yoast-schema-graph\">{\"@context\":\"https:\/\/schema.org\",\"@graph\":[{\"@type\":\"Article\",\"@id\":\"https:\/\/mhcalculos.com.br\/noticias\/area\/tributario\/trf4-jurisdicao-sobre-contabilidade-e-foco-de-curso-para-magistrados-16-10-2019.html#article\",\"isPartOf\":{\"@id\":\"https:\/\/mhcalculos.com.br\/noticias\/area\/tributario\/trf4-jurisdicao-sobre-contabilidade-e-foco-de-curso-para-magistrados-16-10-2019.html\"},\"author\":{\"name\":\"Equipe MH\",\"@id\":\"https:\/\/mhcalculos.com.br\/noticias\/#\/schema\/person\/88d1c34bf72dc779ea14a5a6b8e0ae8d\"},\"headline\":\"TRF4: Jurisdi\u00e7\u00e3o sobre contabilidade \u00e9 foco de curso para magistrados (16\/10\/2019)\",\"datePublished\":\"2019-10-17T02:05:17+00:00\",\"dateModified\":\"2021-07-28T17:31:55+00:00\",\"mainEntityOfPage\":{\"@id\":\"https:\/\/mhcalculos.com.br\/noticias\/area\/tributario\/trf4-jurisdicao-sobre-contabilidade-e-foco-de-curso-para-magistrados-16-10-2019.html\"},\"wordCount\":452,\"commentCount\":0,\"image\":{\"@id\":\"https:\/\/mhcalculos.com.br\/noticias\/area\/tributario\/trf4-jurisdicao-sobre-contabilidade-e-foco-de-curso-para-magistrados-16-10-2019.html#primaryimage\"},\"thumbnailUrl\":\"https:\/\/mhcalculos.com.br\/noticias\/wp-content\/uploads\/sites\/2\/2019\/10\/ppi_emagis-formacao-contab_1676.jpg\",\"keywords\":[\"c\u00e1lculos tribut\u00e1rios\",\"direito tribut\u00e1rio\",\"d\u00edvida ativa\",\"fazenda p\u00fablica\",\"Imposto\",\"per\u00edcia\",\"perito\",\"trf4\",\"Tribunal Regional Federal\",\"tribut\u00e1rio\",\"tributo\"],\"articleSection\":[\"Direito Tribut\u00e1rio\",\"TRF4\"],\"inLanguage\":\"pt-BR\",\"potentialAction\":[{\"@type\":\"CommentAction\",\"name\":\"Comment\",\"target\":[\"https:\/\/mhcalculos.com.br\/noticias\/area\/tributario\/trf4-jurisdicao-sobre-contabilidade-e-foco-de-curso-para-magistrados-16-10-2019.html#respond\"]}]},{\"@type\":\"WebPage\",\"@id\":\"https:\/\/mhcalculos.com.br\/noticias\/area\/tributario\/trf4-jurisdicao-sobre-contabilidade-e-foco-de-curso-para-magistrados-16-10-2019.html\",\"url\":\"https:\/\/mhcalculos.com.br\/noticias\/area\/tributario\/trf4-jurisdicao-sobre-contabilidade-e-foco-de-curso-para-magistrados-16-10-2019.html\",\"name\":\"TRF4: Jurisdi\u00e7\u00e3o sobre contabilidade \u00e9 foco de curso para magistrados (16\/10\/2019) | Portal de Not\u00edcias\",\"isPartOf\":{\"@id\":\"https:\/\/mhcalculos.com.br\/noticias\/#website\"},\"primaryImageOfPage\":{\"@id\":\"https:\/\/mhcalculos.com.br\/noticias\/area\/tributario\/trf4-jurisdicao-sobre-contabilidade-e-foco-de-curso-para-magistrados-16-10-2019.html#primaryimage\"},\"image\":{\"@id\":\"https:\/\/mhcalculos.com.br\/noticias\/area\/tributario\/trf4-jurisdicao-sobre-contabilidade-e-foco-de-curso-para-magistrados-16-10-2019.html#primaryimage\"},\"thumbnailUrl\":\"https:\/\/mhcalculos.com.br\/noticias\/wp-content\/uploads\/sites\/2\/2019\/10\/ppi_emagis-formacao-contab_1676.jpg\",\"datePublished\":\"2019-10-17T02:05:17+00:00\",\"dateModified\":\"2021-07-28T17:31:55+00:00\",\"author\":{\"@id\":\"https:\/\/mhcalculos.com.br\/noticias\/#\/schema\/person\/88d1c34bf72dc779ea14a5a6b8e0ae8d\"},\"breadcrumb\":{\"@id\":\"https:\/\/mhcalculos.com.br\/noticias\/area\/tributario\/trf4-jurisdicao-sobre-contabilidade-e-foco-de-curso-para-magistrados-16-10-2019.html#breadcrumb\"},\"inLanguage\":\"pt-BR\",\"potentialAction\":[{\"@type\":\"ReadAction\",\"target\":[\"https:\/\/mhcalculos.com.br\/noticias\/area\/tributario\/trf4-jurisdicao-sobre-contabilidade-e-foco-de-curso-para-magistrados-16-10-2019.html\"]}]},{\"@type\":\"ImageObject\",\"inLanguage\":\"pt-BR\",\"@id\":\"https:\/\/mhcalculos.com.br\/noticias\/area\/tributario\/trf4-jurisdicao-sobre-contabilidade-e-foco-de-curso-para-magistrados-16-10-2019.html#primaryimage\",\"url\":\"https:\/\/mhcalculos.com.br\/noticias\/wp-content\/uploads\/sites\/2\/2019\/10\/ppi_emagis-formacao-contab_1676.jpg\",\"contentUrl\":\"https:\/\/mhcalculos.com.br\/noticias\/wp-content\/uploads\/sites\/2\/2019\/10\/ppi_emagis-formacao-contab_1676.jpg\",\"width\":2200,\"height\":1300},{\"@type\":\"BreadcrumbList\",\"@id\":\"https:\/\/mhcalculos.com.br\/noticias\/area\/tributario\/trf4-jurisdicao-sobre-contabilidade-e-foco-de-curso-para-magistrados-16-10-2019.html#breadcrumb\",\"itemListElement\":[{\"@type\":\"ListItem\",\"position\":1,\"name\":\"In\u00edcio\",\"item\":\"https:\/\/mhcalculos.com.br\/noticias\/\"},{\"@type\":\"ListItem\",\"position\":2,\"name\":\"TRF4: Jurisdi\u00e7\u00e3o sobre contabilidade \u00e9 foco de curso para magistrados (16\/10\/2019)\"}]},{\"@type\":\"WebSite\",\"@id\":\"https:\/\/mhcalculos.com.br\/noticias\/#website\",\"url\":\"https:\/\/mhcalculos.com.br\/noticias\/\",\"name\":\"Portal de Not\u00edcias\",\"description\":\"Not\u00edcias e Jurisprud\u00eancia\",\"potentialAction\":[{\"@type\":\"SearchAction\",\"target\":{\"@type\":\"EntryPoint\",\"urlTemplate\":\"https:\/\/mhcalculos.com.br\/noticias\/?s={search_term_string}\"},\"query-input\":{\"@type\":\"PropertyValueSpecification\",\"valueRequired\":true,\"valueName\":\"search_term_string\"}}],\"inLanguage\":\"pt-BR\"},{\"@type\":\"Person\",\"@id\":\"https:\/\/mhcalculos.com.br\/noticias\/#\/schema\/person\/88d1c34bf72dc779ea14a5a6b8e0ae8d\",\"name\":\"Equipe MH\",\"image\":{\"@type\":\"ImageObject\",\"inLanguage\":\"pt-BR\",\"@id\":\"https:\/\/secure.gravatar.com\/avatar\/de1c686c2ecc9c5a3f327e3431d819eb39f8f05d4e1045f5a1caad6daaba987f?s=96&d=mm&r=g\",\"url\":\"https:\/\/secure.gravatar.com\/avatar\/de1c686c2ecc9c5a3f327e3431d819eb39f8f05d4e1045f5a1caad6daaba987f?s=96&d=mm&r=g\",\"contentUrl\":\"https:\/\/secure.gravatar.com\/avatar\/de1c686c2ecc9c5a3f327e3431d819eb39f8f05d4e1045f5a1caad6daaba987f?s=96&d=mm&r=g\",\"caption\":\"Equipe MH\"}}]}<\/script>\n<!-- \/ Yoast SEO plugin. -->","yoast_head_json":{"title":"TRF4: Jurisdi\u00e7\u00e3o sobre contabilidade \u00e9 foco de curso para magistrados (16\/10\/2019) | Portal de Not\u00edcias","robots":{"index":"index","follow":"follow","max-snippet":"max-snippet:-1","max-image-preview":"max-image-preview:large","max-video-preview":"max-video-preview:-1"},"canonical":"https:\/\/mhcalculos.com.br\/noticias\/area\/tributario\/trf4-jurisdicao-sobre-contabilidade-e-foco-de-curso-para-magistrados-16-10-2019.html","og_locale":"pt_BR","og_type":"article","og_title":"TRF4: Jurisdi\u00e7\u00e3o sobre contabilidade \u00e9 foco de curso para magistrados (16\/10\/2019) | Portal de Not\u00edcias","og_description":"Nesta tarde (16\/10), a professora portuguesa Nina Aguiar, especialista em Direito Financeiro e Tribut\u00e1rio, realizou a palestra de abertura do curso \u201cContabilidade aplicada \u00e0 pr\u00e1tica jurisdicional\u201d, promovido pela Escola da Magistratura (Emagis) do Tribunal Regional Federal da 4\u00aa Regi\u00e3o (TRF4). As atividades, que ocorrem at\u00e9 sexta-feira (18\/10) no Plen\u00e1rio da corte, em Porto Alegre, fazem [&hellip;]","og_url":"https:\/\/mhcalculos.com.br\/noticias\/area\/tributario\/trf4-jurisdicao-sobre-contabilidade-e-foco-de-curso-para-magistrados-16-10-2019.html","og_site_name":"Portal de Not\u00edcias","article_published_time":"2019-10-17T02:05:17+00:00","article_modified_time":"2021-07-28T17:31:55+00:00","og_image":[{"width":2200,"height":1300,"url":"https:\/\/mhcalculos.com.br\/noticias\/wp-content\/uploads\/sites\/2\/2019\/10\/ppi_emagis-formacao-contab_1676.jpg","type":"image\/jpeg"}],"author":"Equipe MH","twitter_card":"summary_large_image","twitter_misc":{"Escrito por":"Equipe MH","Est. tempo de leitura":"2 minutos"},"schema":{"@context":"https:\/\/schema.org","@graph":[{"@type":"Article","@id":"https:\/\/mhcalculos.com.br\/noticias\/area\/tributario\/trf4-jurisdicao-sobre-contabilidade-e-foco-de-curso-para-magistrados-16-10-2019.html#article","isPartOf":{"@id":"https:\/\/mhcalculos.com.br\/noticias\/area\/tributario\/trf4-jurisdicao-sobre-contabilidade-e-foco-de-curso-para-magistrados-16-10-2019.html"},"author":{"name":"Equipe MH","@id":"https:\/\/mhcalculos.com.br\/noticias\/#\/schema\/person\/88d1c34bf72dc779ea14a5a6b8e0ae8d"},"headline":"TRF4: Jurisdi\u00e7\u00e3o sobre contabilidade \u00e9 foco de curso para magistrados (16\/10\/2019)","datePublished":"2019-10-17T02:05:17+00:00","dateModified":"2021-07-28T17:31:55+00:00","mainEntityOfPage":{"@id":"https:\/\/mhcalculos.com.br\/noticias\/area\/tributario\/trf4-jurisdicao-sobre-contabilidade-e-foco-de-curso-para-magistrados-16-10-2019.html"},"wordCount":452,"commentCount":0,"image":{"@id":"https:\/\/mhcalculos.com.br\/noticias\/area\/tributario\/trf4-jurisdicao-sobre-contabilidade-e-foco-de-curso-para-magistrados-16-10-2019.html#primaryimage"},"thumbnailUrl":"https:\/\/mhcalculos.com.br\/noticias\/wp-content\/uploads\/sites\/2\/2019\/10\/ppi_emagis-formacao-contab_1676.jpg","keywords":["c\u00e1lculos tribut\u00e1rios","direito tribut\u00e1rio","d\u00edvida ativa","fazenda p\u00fablica","Imposto","per\u00edcia","perito","trf4","Tribunal Regional Federal","tribut\u00e1rio","tributo"],"articleSection":["Direito Tribut\u00e1rio","TRF4"],"inLanguage":"pt-BR","potentialAction":[{"@type":"CommentAction","name":"Comment","target":["https:\/\/mhcalculos.com.br\/noticias\/area\/tributario\/trf4-jurisdicao-sobre-contabilidade-e-foco-de-curso-para-magistrados-16-10-2019.html#respond"]}]},{"@type":"WebPage","@id":"https:\/\/mhcalculos.com.br\/noticias\/area\/tributario\/trf4-jurisdicao-sobre-contabilidade-e-foco-de-curso-para-magistrados-16-10-2019.html","url":"https:\/\/mhcalculos.com.br\/noticias\/area\/tributario\/trf4-jurisdicao-sobre-contabilidade-e-foco-de-curso-para-magistrados-16-10-2019.html","name":"TRF4: Jurisdi\u00e7\u00e3o sobre contabilidade \u00e9 foco de curso para magistrados (16\/10\/2019) | Portal de Not\u00edcias","isPartOf":{"@id":"https:\/\/mhcalculos.com.br\/noticias\/#website"},"primaryImageOfPage":{"@id":"https:\/\/mhcalculos.com.br\/noticias\/area\/tributario\/trf4-jurisdicao-sobre-contabilidade-e-foco-de-curso-para-magistrados-16-10-2019.html#primaryimage"},"image":{"@id":"https:\/\/mhcalculos.com.br\/noticias\/area\/tributario\/trf4-jurisdicao-sobre-contabilidade-e-foco-de-curso-para-magistrados-16-10-2019.html#primaryimage"},"thumbnailUrl":"https:\/\/mhcalculos.com.br\/noticias\/wp-content\/uploads\/sites\/2\/2019\/10\/ppi_emagis-formacao-contab_1676.jpg","datePublished":"2019-10-17T02:05:17+00:00","dateModified":"2021-07-28T17:31:55+00:00","author":{"@id":"https:\/\/mhcalculos.com.br\/noticias\/#\/schema\/person\/88d1c34bf72dc779ea14a5a6b8e0ae8d"},"breadcrumb":{"@id":"https:\/\/mhcalculos.com.br\/noticias\/area\/tributario\/trf4-jurisdicao-sobre-contabilidade-e-foco-de-curso-para-magistrados-16-10-2019.html#breadcrumb"},"inLanguage":"pt-BR","potentialAction":[{"@type":"ReadAction","target":["https:\/\/mhcalculos.com.br\/noticias\/area\/tributario\/trf4-jurisdicao-sobre-contabilidade-e-foco-de-curso-para-magistrados-16-10-2019.html"]}]},{"@type":"ImageObject","inLanguage":"pt-BR","@id":"https:\/\/mhcalculos.com.br\/noticias\/area\/tributario\/trf4-jurisdicao-sobre-contabilidade-e-foco-de-curso-para-magistrados-16-10-2019.html#primaryimage","url":"https:\/\/mhcalculos.com.br\/noticias\/wp-content\/uploads\/sites\/2\/2019\/10\/ppi_emagis-formacao-contab_1676.jpg","contentUrl":"https:\/\/mhcalculos.com.br\/noticias\/wp-content\/uploads\/sites\/2\/2019\/10\/ppi_emagis-formacao-contab_1676.jpg","width":2200,"height":1300},{"@type":"BreadcrumbList","@id":"https:\/\/mhcalculos.com.br\/noticias\/area\/tributario\/trf4-jurisdicao-sobre-contabilidade-e-foco-de-curso-para-magistrados-16-10-2019.html#breadcrumb","itemListElement":[{"@type":"ListItem","position":1,"name":"In\u00edcio","item":"https:\/\/mhcalculos.com.br\/noticias\/"},{"@type":"ListItem","position":2,"name":"TRF4: Jurisdi\u00e7\u00e3o sobre contabilidade \u00e9 foco de curso para magistrados (16\/10\/2019)"}]},{"@type":"WebSite","@id":"https:\/\/mhcalculos.com.br\/noticias\/#website","url":"https:\/\/mhcalculos.com.br\/noticias\/","name":"Portal de Not\u00edcias","description":"Not\u00edcias e Jurisprud\u00eancia","potentialAction":[{"@type":"SearchAction","target":{"@type":"EntryPoint","urlTemplate":"https:\/\/mhcalculos.com.br\/noticias\/?s={search_term_string}"},"query-input":{"@type":"PropertyValueSpecification","valueRequired":true,"valueName":"search_term_string"}}],"inLanguage":"pt-BR"},{"@type":"Person","@id":"https:\/\/mhcalculos.com.br\/noticias\/#\/schema\/person\/88d1c34bf72dc779ea14a5a6b8e0ae8d","name":"Equipe MH","image":{"@type":"ImageObject","inLanguage":"pt-BR","@id":"https:\/\/secure.gravatar.com\/avatar\/de1c686c2ecc9c5a3f327e3431d819eb39f8f05d4e1045f5a1caad6daaba987f?s=96&d=mm&r=g","url":"https:\/\/secure.gravatar.com\/avatar\/de1c686c2ecc9c5a3f327e3431d819eb39f8f05d4e1045f5a1caad6daaba987f?s=96&d=mm&r=g","contentUrl":"https:\/\/secure.gravatar.com\/avatar\/de1c686c2ecc9c5a3f327e3431d819eb39f8f05d4e1045f5a1caad6daaba987f?s=96&d=mm&r=g","caption":"Equipe MH"}}]}},"_links":{"self":[{"href":"https:\/\/mhcalculos.com.br\/noticias\/wp-json\/wp\/v2\/posts\/6122","targetHints":{"allow":["GET"]}}],"collection":[{"href":"https:\/\/mhcalculos.com.br\/noticias\/wp-json\/wp\/v2\/posts"}],"about":[{"href":"https:\/\/mhcalculos.com.br\/noticias\/wp-json\/wp\/v2\/types\/post"}],"author":[{"embeddable":true,"href":"https:\/\/mhcalculos.com.br\/noticias\/wp-json\/wp\/v2\/users\/3063"}],"replies":[{"embeddable":true,"href":"https:\/\/mhcalculos.com.br\/noticias\/wp-json\/wp\/v2\/comments?post=6122"}],"version-history":[{"count":1,"href":"https:\/\/mhcalculos.com.br\/noticias\/wp-json\/wp\/v2\/posts\/6122\/revisions"}],"predecessor-version":[{"id":6544,"href":"https:\/\/mhcalculos.com.br\/noticias\/wp-json\/wp\/v2\/posts\/6122\/revisions\/6544"}],"wp:featuredmedia":[{"embeddable":true,"href":"https:\/\/mhcalculos.com.br\/noticias\/wp-json\/wp\/v2\/media\/6123"}],"wp:attachment":[{"href":"https:\/\/mhcalculos.com.br\/noticias\/wp-json\/wp\/v2\/media?parent=6122"}],"wp:term":[{"taxonomy":"category","embeddable":true,"href":"https:\/\/mhcalculos.com.br\/noticias\/wp-json\/wp\/v2\/categories?post=6122"},{"taxonomy":"post_tag","embeddable":true,"href":"https:\/\/mhcalculos.com.br\/noticias\/wp-json\/wp\/v2\/tags?post=6122"}],"curies":[{"name":"wp","href":"https:\/\/api.w.org\/{rel}","templated":true}]}}