{"id":5998,"date":"2019-09-27T09:05:09","date_gmt":"2019-09-27T12:05:09","guid":{"rendered":"https:\/\/mhcalculos.com.br\/noticias\/2019\/09\/27\/trf4-inss-tera-que-pagar-aposentadoria-retroativa-a-segurado-com-deficiencia-25-09-2019\/"},"modified":"2021-07-28T14:32:02","modified_gmt":"2021-07-28T17:32:02","slug":"trf4-inss-tera-que-pagar-aposentadoria-retroativa-a-segurado-com-deficiencia-25-09-2019","status":"publish","type":"post","link":"https:\/\/mhcalculos.com.br\/noticias\/area\/previdenciario\/trf4-inss-tera-que-pagar-aposentadoria-retroativa-a-segurado-com-deficiencia-25-09-2019.html","title":{"rendered":"TRF4: INSS ter\u00e1 que pagar aposentadoria retroativa a segurado com defici\u00eancia (25\/09\/2019)"},"content":{"rendered":"<p><br \/>\n<\/p>\n<p>O Tribunal Regional Federal da 4\u00aa Regi\u00e3o (TRF4) confirmou, na \u00faltima semana, senten\u00e7a que concedeu aposentadoria retroativa a um morador de Joinville (SC) com limita\u00e7\u00e3o na m\u00e3o direita. O segurado s\u00f3 teve seu pedido\u00a0de aposentadoria \u00e0 pessoa com defici\u00eancia concedido\u00a0pelo Instituto Nacional do Seguro Social (INSS) no segundo requerimento administrativo, feito dois anos depois, e dever\u00e1 receber os valores devidos desde\u00a0a data da primeira requisi\u00e7\u00e3o.<\/p>\n<p>Com 50 anos, ele teve a perda total da fun\u00e7\u00e3o dos dedos da m\u00e3o direita em um acidente ocorrido aos 25 anos de idade. Em 2014, tentou se aposentar com 29 anos e 7 meses de contribui\u00e7\u00e3o, mas teve o pedido negado administrativamente, levando-o a ajuizar a\u00e7\u00e3o na Justi\u00e7a Federal requerendo a aposentadoria \u00e0 pessoa com defici\u00eancia.<\/p>\n<p>Em 2016, ainda com o processo em tr\u00e2mite, o INSS reconheceu o direito. Em maio deste ano, o ju\u00edzo da 4\u00aa Vara Federal de Joinville analisou o m\u00e9rito do caso e condenou o INSS a conceder ao autor a aposentadoria por tempo de contribui\u00e7\u00e3o \u00e0 pessoa portadora de defici\u00eancia, na forma da Lei Complementar n\u00ba 142\/2013, a partir da data do primeiro requerimento.<\/p>\n<p>O INSS apelou ao tribunal sustentando que o tempo de servi\u00e7o especial reconhecido no segundo requerimento n\u00e3o poderia operar efeitos retroativos ao primeiro requerimento. O INSS ainda alegou que o acr\u00e9scimo da convers\u00e3o de tempo especial em comum para fins de concess\u00e3o de aposentadoria para pessoa com defici\u00eancia n\u00e3o poderia ser computado.<\/p>\n<p>A Turma negou provimento ao recurso por unanimidade e manteve a senten\u00e7a. Segundo o relator do caso, desembargador federal Paulo Afonso Brum Vaz, &ldquo;o fato de o INSS s\u00f3 ter reconhecido o tempo de servi\u00e7o especial no segundo requerimento n\u00e3o pode prejudicar o autor, uma vez que a documenta\u00e7\u00e3o para reconhecimento dos per\u00edodos especiais j\u00e1 havia sido apresentada no primeiro requerimento&rdquo;.<\/p>\n<p>O magistrado ainda frisou que, como o autor somou 29 anos e 7 meses de contribui\u00e7\u00e3o na data do primeiro requerimento, ele possui direito a concess\u00e3o de aposentadoria \u00e0 pessoa com defici\u00eancia.<\/p>\n<p>Brum Vaz concluiu seu voto observando que &ldquo;\u00e9 poss\u00edvel computar o acr\u00e9scimo da convers\u00e3o de tempo especial em comum para fins de concess\u00e3o do benef\u00edcio de aposentadoria para pessoa com defici\u00eancia, conforme previsto no \u00a7 1\u00ba do artigo 70-F da Lei Complementar n\u00ba 142\/2013&rdquo;.<\/p>\n<p>Na decis\u00e3o, que foi proferida em julgamento realizado na \u00faltima semana (18\/9), ficou estabelecido que o INSS tem o prazo de at\u00e9 45 dias para implantar o benef\u00edcio.<\/p>\n<p><strong>Aposentadoria \u00e0 pessoa com defici\u00eancia<\/strong><\/p>\n<p>A aposentadoria \u00e0 pessoa com defici\u00eancia \u00e9 garantida pela Lei Complementar 142\/2013. Ela d\u00e1 ao segurado da Previd\u00eancia Social com defici\u00eancia o direito \u00e0 aposentadoria por tempo m\u00ednimo de contribui\u00e7\u00e3o de acordo com o sexo e o grau de defici\u00eancia (grave moderada ou leve) avaliado pelo INSS. A lei tamb\u00e9m prev\u00ea que homens aos 60 anos e mulheres aos 55 t\u00eam direito ao benef\u00edcio independentemente do grau de defici\u00eancia, desde que cumprido o tempo m\u00ednimo de contribui\u00e7\u00e3o de 15 anos e comprovada a exist\u00eancia de defici\u00eancia durante igual per\u00edodo.<\/p>\n<p><br \/> (Foto: Stock Photos)<\/p>\n<p><i>Com informa\u00e7\u00f5es da assessoria de imprensa do TRF4.<\/i><br \/>\n<br \/><a href=\"http:\/\/www2.trf4.jus.br\/trf4\/controlador.php?acao=noticia_visualizar&#038;id_noticia=14769\">Fonte<\/a><br \/>\n<br \/><\/p>\n","protected":false},"excerpt":{"rendered":"<p>O Tribunal Regional Federal da 4\u00aa Regi\u00e3o (TRF4) confirmou, na \u00faltima semana, senten\u00e7a que concedeu aposentadoria retroativa a um morador de Joinville (SC) com limita\u00e7\u00e3o na m\u00e3o direita. O segurado s\u00f3 teve seu pedido\u00a0de aposentadoria \u00e0 pessoa com defici\u00eancia concedido\u00a0pelo Instituto Nacional do Seguro Social (INSS) no segundo requerimento administrativo, feito dois anos depois, e [&hellip;]<\/p>\n","protected":false},"author":3063,"featured_media":1670,"comment_status":"open","ping_status":"open","sticky":false,"template":"","format":"standard","meta":{"footnotes":""},"categories":[5,6],"tags":[11,10,8,13,9,12,17],"class_list":{"0":"post-5998","1":"post","2":"type-post","3":"status-publish","4":"format-standard","5":"has-post-thumbnail","7":"category-previdenciario","8":"category-trf4","9":"tag-aposentadoria","10":"tag-calculos-previdenciarios","11":"tag-direito-previdenciario","12":"tag-inss","13":"tag-pericia","14":"tag-perito","15":"tag-trf4"},"yoast_head":"<!-- This site is optimized with the Yoast SEO plugin v27.2 - https:\/\/yoast.com\/product\/yoast-seo-wordpress\/ -->\n<title>TRF4: INSS ter\u00e1 que pagar aposentadoria retroativa a segurado com defici\u00eancia (25\/09\/2019) | Portal de Not\u00edcias<\/title>\n<meta name=\"robots\" content=\"index, follow, max-snippet:-1, max-image-preview:large, max-video-preview:-1\" \/>\n<link rel=\"canonical\" href=\"https:\/\/mhcalculos.com.br\/noticias\/area\/previdenciario\/trf4-inss-tera-que-pagar-aposentadoria-retroativa-a-segurado-com-deficiencia-25-09-2019.html\" \/>\n<meta property=\"og:locale\" content=\"pt_BR\" \/>\n<meta property=\"og:type\" content=\"article\" \/>\n<meta property=\"og:title\" content=\"TRF4: INSS ter\u00e1 que pagar aposentadoria retroativa a segurado com defici\u00eancia (25\/09\/2019) | Portal de Not\u00edcias\" \/>\n<meta property=\"og:description\" content=\"O Tribunal Regional Federal da 4\u00aa Regi\u00e3o (TRF4) confirmou, na \u00faltima semana, senten\u00e7a que concedeu aposentadoria retroativa a um morador de Joinville (SC) com limita\u00e7\u00e3o na m\u00e3o direita. O segurado s\u00f3 teve seu pedido\u00a0de aposentadoria \u00e0 pessoa com defici\u00eancia concedido\u00a0pelo Instituto Nacional do Seguro Social (INSS) no segundo requerimento administrativo, feito dois anos depois, e [&hellip;]\" \/>\n<meta property=\"og:url\" content=\"https:\/\/mhcalculos.com.br\/noticias\/area\/previdenciario\/trf4-inss-tera-que-pagar-aposentadoria-retroativa-a-segurado-com-deficiencia-25-09-2019.html\" \/>\n<meta property=\"og:site_name\" content=\"Portal de Not\u00edcias\" \/>\n<meta property=\"article:published_time\" content=\"2019-09-27T12:05:09+00:00\" \/>\n<meta property=\"article:modified_time\" content=\"2021-07-28T17:32:02+00:00\" \/>\n<meta property=\"og:image\" content=\"https:\/\/mhcalculos.com.br\/noticias\/wp-content\/uploads\/sites\/2\/2018\/06\/judiciario-0016.jpg\" \/>\n\t<meta property=\"og:image:width\" content=\"2000\" \/>\n\t<meta property=\"og:image:height\" content=\"800\" \/>\n\t<meta property=\"og:image:type\" content=\"image\/jpeg\" \/>\n<meta name=\"author\" content=\"Equipe MH\" \/>\n<meta name=\"twitter:card\" content=\"summary_large_image\" \/>\n<meta name=\"twitter:label1\" content=\"Escrito por\" \/>\n\t<meta name=\"twitter:data1\" content=\"Equipe MH\" \/>\n\t<meta name=\"twitter:label2\" content=\"Est. tempo de leitura\" \/>\n\t<meta name=\"twitter:data2\" content=\"3 minutos\" \/>\n<script type=\"application\/ld+json\" class=\"yoast-schema-graph\">{\"@context\":\"https:\/\/schema.org\",\"@graph\":[{\"@type\":\"Article\",\"@id\":\"https:\/\/mhcalculos.com.br\/noticias\/area\/previdenciario\/trf4-inss-tera-que-pagar-aposentadoria-retroativa-a-segurado-com-deficiencia-25-09-2019.html#article\",\"isPartOf\":{\"@id\":\"https:\/\/mhcalculos.com.br\/noticias\/area\/previdenciario\/trf4-inss-tera-que-pagar-aposentadoria-retroativa-a-segurado-com-deficiencia-25-09-2019.html\"},\"author\":{\"name\":\"Equipe MH\",\"@id\":\"https:\/\/mhcalculos.com.br\/noticias\/#\/schema\/person\/88d1c34bf72dc779ea14a5a6b8e0ae8d\"},\"headline\":\"TRF4: INSS ter\u00e1 que pagar aposentadoria retroativa a segurado com defici\u00eancia (25\/09\/2019)\",\"datePublished\":\"2019-09-27T12:05:09+00:00\",\"dateModified\":\"2021-07-28T17:32:02+00:00\",\"mainEntityOfPage\":{\"@id\":\"https:\/\/mhcalculos.com.br\/noticias\/area\/previdenciario\/trf4-inss-tera-que-pagar-aposentadoria-retroativa-a-segurado-com-deficiencia-25-09-2019.html\"},\"wordCount\":557,\"commentCount\":0,\"image\":{\"@id\":\"https:\/\/mhcalculos.com.br\/noticias\/area\/previdenciario\/trf4-inss-tera-que-pagar-aposentadoria-retroativa-a-segurado-com-deficiencia-25-09-2019.html#primaryimage\"},\"thumbnailUrl\":\"https:\/\/mhcalculos.com.br\/noticias\/wp-content\/uploads\/sites\/2\/2018\/06\/judiciario-0016.jpg\",\"keywords\":[\"aposentadoria\",\"c\u00e1lculos previdenci\u00e1rios\",\"direito previdenci\u00e1rio\",\"inss\",\"per\u00edcia\",\"perito\",\"trf4\"],\"articleSection\":[\"Direito Previdenci\u00e1rio\",\"TRF4\"],\"inLanguage\":\"pt-BR\",\"potentialAction\":[{\"@type\":\"CommentAction\",\"name\":\"Comment\",\"target\":[\"https:\/\/mhcalculos.com.br\/noticias\/area\/previdenciario\/trf4-inss-tera-que-pagar-aposentadoria-retroativa-a-segurado-com-deficiencia-25-09-2019.html#respond\"]}]},{\"@type\":\"WebPage\",\"@id\":\"https:\/\/mhcalculos.com.br\/noticias\/area\/previdenciario\/trf4-inss-tera-que-pagar-aposentadoria-retroativa-a-segurado-com-deficiencia-25-09-2019.html\",\"url\":\"https:\/\/mhcalculos.com.br\/noticias\/area\/previdenciario\/trf4-inss-tera-que-pagar-aposentadoria-retroativa-a-segurado-com-deficiencia-25-09-2019.html\",\"name\":\"TRF4: INSS ter\u00e1 que pagar aposentadoria retroativa a segurado com defici\u00eancia (25\/09\/2019) | Portal de Not\u00edcias\",\"isPartOf\":{\"@id\":\"https:\/\/mhcalculos.com.br\/noticias\/#website\"},\"primaryImageOfPage\":{\"@id\":\"https:\/\/mhcalculos.com.br\/noticias\/area\/previdenciario\/trf4-inss-tera-que-pagar-aposentadoria-retroativa-a-segurado-com-deficiencia-25-09-2019.html#primaryimage\"},\"image\":{\"@id\":\"https:\/\/mhcalculos.com.br\/noticias\/area\/previdenciario\/trf4-inss-tera-que-pagar-aposentadoria-retroativa-a-segurado-com-deficiencia-25-09-2019.html#primaryimage\"},\"thumbnailUrl\":\"https:\/\/mhcalculos.com.br\/noticias\/wp-content\/uploads\/sites\/2\/2018\/06\/judiciario-0016.jpg\",\"datePublished\":\"2019-09-27T12:05:09+00:00\",\"dateModified\":\"2021-07-28T17:32:02+00:00\",\"author\":{\"@id\":\"https:\/\/mhcalculos.com.br\/noticias\/#\/schema\/person\/88d1c34bf72dc779ea14a5a6b8e0ae8d\"},\"breadcrumb\":{\"@id\":\"https:\/\/mhcalculos.com.br\/noticias\/area\/previdenciario\/trf4-inss-tera-que-pagar-aposentadoria-retroativa-a-segurado-com-deficiencia-25-09-2019.html#breadcrumb\"},\"inLanguage\":\"pt-BR\",\"potentialAction\":[{\"@type\":\"ReadAction\",\"target\":[\"https:\/\/mhcalculos.com.br\/noticias\/area\/previdenciario\/trf4-inss-tera-que-pagar-aposentadoria-retroativa-a-segurado-com-deficiencia-25-09-2019.html\"]}]},{\"@type\":\"ImageObject\",\"inLanguage\":\"pt-BR\",\"@id\":\"https:\/\/mhcalculos.com.br\/noticias\/area\/previdenciario\/trf4-inss-tera-que-pagar-aposentadoria-retroativa-a-segurado-com-deficiencia-25-09-2019.html#primaryimage\",\"url\":\"https:\/\/mhcalculos.com.br\/noticias\/wp-content\/uploads\/sites\/2\/2018\/06\/judiciario-0016.jpg\",\"contentUrl\":\"https:\/\/mhcalculos.com.br\/noticias\/wp-content\/uploads\/sites\/2\/2018\/06\/judiciario-0016.jpg\",\"width\":2000,\"height\":800},{\"@type\":\"BreadcrumbList\",\"@id\":\"https:\/\/mhcalculos.com.br\/noticias\/area\/previdenciario\/trf4-inss-tera-que-pagar-aposentadoria-retroativa-a-segurado-com-deficiencia-25-09-2019.html#breadcrumb\",\"itemListElement\":[{\"@type\":\"ListItem\",\"position\":1,\"name\":\"In\u00edcio\",\"item\":\"https:\/\/mhcalculos.com.br\/noticias\/\"},{\"@type\":\"ListItem\",\"position\":2,\"name\":\"TRF4: INSS ter\u00e1 que pagar aposentadoria retroativa a segurado com defici\u00eancia (25\/09\/2019)\"}]},{\"@type\":\"WebSite\",\"@id\":\"https:\/\/mhcalculos.com.br\/noticias\/#website\",\"url\":\"https:\/\/mhcalculos.com.br\/noticias\/\",\"name\":\"Portal de Not\u00edcias\",\"description\":\"Not\u00edcias e Jurisprud\u00eancia\",\"potentialAction\":[{\"@type\":\"SearchAction\",\"target\":{\"@type\":\"EntryPoint\",\"urlTemplate\":\"https:\/\/mhcalculos.com.br\/noticias\/?s={search_term_string}\"},\"query-input\":{\"@type\":\"PropertyValueSpecification\",\"valueRequired\":true,\"valueName\":\"search_term_string\"}}],\"inLanguage\":\"pt-BR\"},{\"@type\":\"Person\",\"@id\":\"https:\/\/mhcalculos.com.br\/noticias\/#\/schema\/person\/88d1c34bf72dc779ea14a5a6b8e0ae8d\",\"name\":\"Equipe MH\",\"image\":{\"@type\":\"ImageObject\",\"inLanguage\":\"pt-BR\",\"@id\":\"https:\/\/secure.gravatar.com\/avatar\/de1c686c2ecc9c5a3f327e3431d819eb39f8f05d4e1045f5a1caad6daaba987f?s=96&d=mm&r=g\",\"url\":\"https:\/\/secure.gravatar.com\/avatar\/de1c686c2ecc9c5a3f327e3431d819eb39f8f05d4e1045f5a1caad6daaba987f?s=96&d=mm&r=g\",\"contentUrl\":\"https:\/\/secure.gravatar.com\/avatar\/de1c686c2ecc9c5a3f327e3431d819eb39f8f05d4e1045f5a1caad6daaba987f?s=96&d=mm&r=g\",\"caption\":\"Equipe MH\"}}]}<\/script>\n<!-- \/ Yoast SEO plugin. -->","yoast_head_json":{"title":"TRF4: INSS ter\u00e1 que pagar aposentadoria retroativa a segurado com defici\u00eancia (25\/09\/2019) | Portal de Not\u00edcias","robots":{"index":"index","follow":"follow","max-snippet":"max-snippet:-1","max-image-preview":"max-image-preview:large","max-video-preview":"max-video-preview:-1"},"canonical":"https:\/\/mhcalculos.com.br\/noticias\/area\/previdenciario\/trf4-inss-tera-que-pagar-aposentadoria-retroativa-a-segurado-com-deficiencia-25-09-2019.html","og_locale":"pt_BR","og_type":"article","og_title":"TRF4: INSS ter\u00e1 que pagar aposentadoria retroativa a segurado com defici\u00eancia (25\/09\/2019) | Portal de Not\u00edcias","og_description":"O Tribunal Regional Federal da 4\u00aa Regi\u00e3o (TRF4) confirmou, na \u00faltima semana, senten\u00e7a que concedeu aposentadoria retroativa a um morador de Joinville (SC) com limita\u00e7\u00e3o na m\u00e3o direita. O segurado s\u00f3 teve seu pedido\u00a0de aposentadoria \u00e0 pessoa com defici\u00eancia concedido\u00a0pelo Instituto Nacional do Seguro Social (INSS) no segundo requerimento administrativo, feito dois anos depois, e [&hellip;]","og_url":"https:\/\/mhcalculos.com.br\/noticias\/area\/previdenciario\/trf4-inss-tera-que-pagar-aposentadoria-retroativa-a-segurado-com-deficiencia-25-09-2019.html","og_site_name":"Portal de Not\u00edcias","article_published_time":"2019-09-27T12:05:09+00:00","article_modified_time":"2021-07-28T17:32:02+00:00","og_image":[{"width":2000,"height":800,"url":"https:\/\/mhcalculos.com.br\/noticias\/wp-content\/uploads\/sites\/2\/2018\/06\/judiciario-0016.jpg","type":"image\/jpeg"}],"author":"Equipe MH","twitter_card":"summary_large_image","twitter_misc":{"Escrito por":"Equipe MH","Est. tempo de leitura":"3 minutos"},"schema":{"@context":"https:\/\/schema.org","@graph":[{"@type":"Article","@id":"https:\/\/mhcalculos.com.br\/noticias\/area\/previdenciario\/trf4-inss-tera-que-pagar-aposentadoria-retroativa-a-segurado-com-deficiencia-25-09-2019.html#article","isPartOf":{"@id":"https:\/\/mhcalculos.com.br\/noticias\/area\/previdenciario\/trf4-inss-tera-que-pagar-aposentadoria-retroativa-a-segurado-com-deficiencia-25-09-2019.html"},"author":{"name":"Equipe MH","@id":"https:\/\/mhcalculos.com.br\/noticias\/#\/schema\/person\/88d1c34bf72dc779ea14a5a6b8e0ae8d"},"headline":"TRF4: INSS ter\u00e1 que pagar aposentadoria retroativa a segurado com defici\u00eancia (25\/09\/2019)","datePublished":"2019-09-27T12:05:09+00:00","dateModified":"2021-07-28T17:32:02+00:00","mainEntityOfPage":{"@id":"https:\/\/mhcalculos.com.br\/noticias\/area\/previdenciario\/trf4-inss-tera-que-pagar-aposentadoria-retroativa-a-segurado-com-deficiencia-25-09-2019.html"},"wordCount":557,"commentCount":0,"image":{"@id":"https:\/\/mhcalculos.com.br\/noticias\/area\/previdenciario\/trf4-inss-tera-que-pagar-aposentadoria-retroativa-a-segurado-com-deficiencia-25-09-2019.html#primaryimage"},"thumbnailUrl":"https:\/\/mhcalculos.com.br\/noticias\/wp-content\/uploads\/sites\/2\/2018\/06\/judiciario-0016.jpg","keywords":["aposentadoria","c\u00e1lculos previdenci\u00e1rios","direito previdenci\u00e1rio","inss","per\u00edcia","perito","trf4"],"articleSection":["Direito Previdenci\u00e1rio","TRF4"],"inLanguage":"pt-BR","potentialAction":[{"@type":"CommentAction","name":"Comment","target":["https:\/\/mhcalculos.com.br\/noticias\/area\/previdenciario\/trf4-inss-tera-que-pagar-aposentadoria-retroativa-a-segurado-com-deficiencia-25-09-2019.html#respond"]}]},{"@type":"WebPage","@id":"https:\/\/mhcalculos.com.br\/noticias\/area\/previdenciario\/trf4-inss-tera-que-pagar-aposentadoria-retroativa-a-segurado-com-deficiencia-25-09-2019.html","url":"https:\/\/mhcalculos.com.br\/noticias\/area\/previdenciario\/trf4-inss-tera-que-pagar-aposentadoria-retroativa-a-segurado-com-deficiencia-25-09-2019.html","name":"TRF4: INSS ter\u00e1 que pagar aposentadoria retroativa a segurado com defici\u00eancia (25\/09\/2019) | Portal de Not\u00edcias","isPartOf":{"@id":"https:\/\/mhcalculos.com.br\/noticias\/#website"},"primaryImageOfPage":{"@id":"https:\/\/mhcalculos.com.br\/noticias\/area\/previdenciario\/trf4-inss-tera-que-pagar-aposentadoria-retroativa-a-segurado-com-deficiencia-25-09-2019.html#primaryimage"},"image":{"@id":"https:\/\/mhcalculos.com.br\/noticias\/area\/previdenciario\/trf4-inss-tera-que-pagar-aposentadoria-retroativa-a-segurado-com-deficiencia-25-09-2019.html#primaryimage"},"thumbnailUrl":"https:\/\/mhcalculos.com.br\/noticias\/wp-content\/uploads\/sites\/2\/2018\/06\/judiciario-0016.jpg","datePublished":"2019-09-27T12:05:09+00:00","dateModified":"2021-07-28T17:32:02+00:00","author":{"@id":"https:\/\/mhcalculos.com.br\/noticias\/#\/schema\/person\/88d1c34bf72dc779ea14a5a6b8e0ae8d"},"breadcrumb":{"@id":"https:\/\/mhcalculos.com.br\/noticias\/area\/previdenciario\/trf4-inss-tera-que-pagar-aposentadoria-retroativa-a-segurado-com-deficiencia-25-09-2019.html#breadcrumb"},"inLanguage":"pt-BR","potentialAction":[{"@type":"ReadAction","target":["https:\/\/mhcalculos.com.br\/noticias\/area\/previdenciario\/trf4-inss-tera-que-pagar-aposentadoria-retroativa-a-segurado-com-deficiencia-25-09-2019.html"]}]},{"@type":"ImageObject","inLanguage":"pt-BR","@id":"https:\/\/mhcalculos.com.br\/noticias\/area\/previdenciario\/trf4-inss-tera-que-pagar-aposentadoria-retroativa-a-segurado-com-deficiencia-25-09-2019.html#primaryimage","url":"https:\/\/mhcalculos.com.br\/noticias\/wp-content\/uploads\/sites\/2\/2018\/06\/judiciario-0016.jpg","contentUrl":"https:\/\/mhcalculos.com.br\/noticias\/wp-content\/uploads\/sites\/2\/2018\/06\/judiciario-0016.jpg","width":2000,"height":800},{"@type":"BreadcrumbList","@id":"https:\/\/mhcalculos.com.br\/noticias\/area\/previdenciario\/trf4-inss-tera-que-pagar-aposentadoria-retroativa-a-segurado-com-deficiencia-25-09-2019.html#breadcrumb","itemListElement":[{"@type":"ListItem","position":1,"name":"In\u00edcio","item":"https:\/\/mhcalculos.com.br\/noticias\/"},{"@type":"ListItem","position":2,"name":"TRF4: INSS ter\u00e1 que pagar aposentadoria retroativa a segurado com defici\u00eancia (25\/09\/2019)"}]},{"@type":"WebSite","@id":"https:\/\/mhcalculos.com.br\/noticias\/#website","url":"https:\/\/mhcalculos.com.br\/noticias\/","name":"Portal de Not\u00edcias","description":"Not\u00edcias e Jurisprud\u00eancia","potentialAction":[{"@type":"SearchAction","target":{"@type":"EntryPoint","urlTemplate":"https:\/\/mhcalculos.com.br\/noticias\/?s={search_term_string}"},"query-input":{"@type":"PropertyValueSpecification","valueRequired":true,"valueName":"search_term_string"}}],"inLanguage":"pt-BR"},{"@type":"Person","@id":"https:\/\/mhcalculos.com.br\/noticias\/#\/schema\/person\/88d1c34bf72dc779ea14a5a6b8e0ae8d","name":"Equipe MH","image":{"@type":"ImageObject","inLanguage":"pt-BR","@id":"https:\/\/secure.gravatar.com\/avatar\/de1c686c2ecc9c5a3f327e3431d819eb39f8f05d4e1045f5a1caad6daaba987f?s=96&d=mm&r=g","url":"https:\/\/secure.gravatar.com\/avatar\/de1c686c2ecc9c5a3f327e3431d819eb39f8f05d4e1045f5a1caad6daaba987f?s=96&d=mm&r=g","contentUrl":"https:\/\/secure.gravatar.com\/avatar\/de1c686c2ecc9c5a3f327e3431d819eb39f8f05d4e1045f5a1caad6daaba987f?s=96&d=mm&r=g","caption":"Equipe MH"}}]}},"_links":{"self":[{"href":"https:\/\/mhcalculos.com.br\/noticias\/wp-json\/wp\/v2\/posts\/5998","targetHints":{"allow":["GET"]}}],"collection":[{"href":"https:\/\/mhcalculos.com.br\/noticias\/wp-json\/wp\/v2\/posts"}],"about":[{"href":"https:\/\/mhcalculos.com.br\/noticias\/wp-json\/wp\/v2\/types\/post"}],"author":[{"embeddable":true,"href":"https:\/\/mhcalculos.com.br\/noticias\/wp-json\/wp\/v2\/users\/3063"}],"replies":[{"embeddable":true,"href":"https:\/\/mhcalculos.com.br\/noticias\/wp-json\/wp\/v2\/comments?post=5998"}],"version-history":[{"count":1,"href":"https:\/\/mhcalculos.com.br\/noticias\/wp-json\/wp\/v2\/posts\/5998\/revisions"}],"predecessor-version":[{"id":9623,"href":"https:\/\/mhcalculos.com.br\/noticias\/wp-json\/wp\/v2\/posts\/5998\/revisions\/9623"}],"wp:featuredmedia":[{"embeddable":true,"href":"https:\/\/mhcalculos.com.br\/noticias\/wp-json\/wp\/v2\/media\/1670"}],"wp:attachment":[{"href":"https:\/\/mhcalculos.com.br\/noticias\/wp-json\/wp\/v2\/media?parent=5998"}],"wp:term":[{"taxonomy":"category","embeddable":true,"href":"https:\/\/mhcalculos.com.br\/noticias\/wp-json\/wp\/v2\/categories?post=5998"},{"taxonomy":"post_tag","embeddable":true,"href":"https:\/\/mhcalculos.com.br\/noticias\/wp-json\/wp\/v2\/tags?post=5998"}],"curies":[{"name":"wp","href":"https:\/\/api.w.org\/{rel}","templated":true}]}}