{"id":5991,"date":"2019-09-26T15:05:56","date_gmt":"2019-09-26T18:05:56","guid":{"rendered":"https:\/\/mhcalculos.com.br\/noticias\/2019\/09\/26\/trf3-edicao-142-da-revista-do-tribunal-esta-disponivel-na-internet\/"},"modified":"2021-07-28T14:32:02","modified_gmt":"2021-07-28T17:32:02","slug":"trf3-edicao-142-da-revista-do-tribunal-esta-disponivel-na-internet","status":"publish","type":"post","link":"https:\/\/mhcalculos.com.br\/noticias\/area\/previdenciario\/trf3-edicao-142-da-revista-do-tribunal-esta-disponivel-na-internet.html","title":{"rendered":"TRF3: EDI\u00c7\u00c3O 142 DA REVISTA DO TRIBUNAL&nbsp;EST\u00c1 DISPON\u00cdVEL NA INTERNET"},"content":{"rendered":"\n<div class=\"mat\">\n<p><em>Vers\u00e3o eletr\u00f4nica referente a julho\/setembro de 2019 tem acesso gratuito<\/em><\/p>\n<p>O Gabinete da Revista, dirigido pelo Desembargador Federal Andr\u00e9 Nekatschalow, disponibilizou a edi\u00e7\u00e3o n\u00famero 142 da Revista do Tribunal Regional Federal da 3.\u00aa Regi\u00e3o (TRF3), referente aos meses de julho a setembro de 2019. A publica\u00e7\u00e3o pode ser acessada no site do Tribunal de forma livre e gratuita.<\/p>\n<p>Nesta edi\u00e7\u00e3o, al\u00e9m da divulga\u00e7\u00e3o da jurisprud\u00eancia da Corte, foram publicados diversos artigos doutrin\u00e1rios. Um deles \u00e9 \u201cO Recurso Especial e a Quest\u00e3o de Direito e de Fato \u2013 S\u00famula 7\/STJ\u201d, de autoria da Desembargadora Federal Cec\u00edlia Marcondes.<\/p>\n<p>A publica\u00e7\u00e3o tamb\u00e9m traz o artigo \u201cA Nomea\u00e7\u00e3o dos Membros da Suprema Corte dos Estados Unidos da Am\u00e9rica &#8211; Reflex\u00e3o Sobre a Nomea\u00e7\u00e3o dos Ministros do STF\u201d, do professor da Escola Superior do Minist\u00e9rio P\u00fablico Estado de S\u00e3o Paulo, Jos\u00e9 Antonio Farah Lopes de Lima.<\/p>\n<p>H\u00e1 ainda \u201cConsequencialismo Judicial no Processo Tribut\u00e1rio e na Execu\u00e7\u00e3o Fiscal\u201d, do Juiz Federal Roberto Lima Campelo.<\/p>\n<p>J\u00e1 \u201cPlano Diretor Como Instrumento Jur\u00eddico Fundamental de Organiza\u00e7\u00e3o do Espa\u00e7o Urbano\u201d \u00e9 de autoria do Procurador do Munic\u00edpio de S\u00e3o Paulo, Alexandre Levin.<\/p>\n<p><strong>A Revista<\/strong><\/p>\n<p>Lan\u00e7ada em 1990, como ve\u00edculo oficial da jurisprud\u00eancia do Tribunal, a publica\u00e7\u00e3o se destina \u00e0 divulga\u00e7\u00e3o das decis\u00f5es da Corte, bem como \u00e0 disponibiliza\u00e7\u00e3o de artigos doutrin\u00e1rios.<\/p>\n<p>Na gest\u00e3o do atual Diretor, Desembargador Federal Andr\u00e9 Nekatschalow, a Revista manteve a periodicidade trimestral e, em cumprimento \u00e0s diretrizes da Presid\u00eancia do Tribunal, possui apenas vers\u00e3o eletr\u00f4nica, com acesso livre e gratuito a qualquer usu\u00e1rio.<\/p>\n<p>A publica\u00e7\u00e3o \u00e9 composta por tr\u00eas se\u00e7\u00f5es principais: artigos doutrin\u00e1rios, ac\u00f3rd\u00e3os selecionados do Tribunal e senten\u00e7as da Justi\u00e7a Federal da 3.\u00aa Regi\u00e3o.<\/p>\n<p>Havendo interesse, por parte dos Desembargadores e Ju\u00edzes Federais da 3.\u00aa Regi\u00e3o, na publica\u00e7\u00e3o de artigos doutrin\u00e1rios ou de decis\u00f5es de julgamentos recentes, os textos podem ser enviados para o endere\u00e7o eletr\u00f4nico <a href=\"http:\/\/revista@trf3.jus.br\">revista@trf3.jus.br<\/a>.<\/p>\n<p>Os demais magistrados, promotores, advogados e estudiosos do Direito tamb\u00e9m podem remeter para aprecia\u00e7\u00e3o artigos doutrin\u00e1rios abordando mat\u00e9rias afetas \u00e0 Justi\u00e7a Federal para o mesmo endere\u00e7o eletr\u00f4nico.<\/p>\n<p>A edi\u00e7\u00e3o n.\u00ba 142 (julho\/setembro de 2019) da Revista do Tribunal Regional Federal da 3.\u00aa Regi\u00e3o est\u00e1 dispon\u00edvel na internet, podendo ser acessada no seguinte link: <a href=\"http:\/\/www.trf3.jus.br\/revista\/edicoes-da-revista-2008-atual\/\">http:\/\/www.trf3.jus.br\/revista\/edicoes-da-revista-2008-atual\/<\/a>.<br \/>  \u00a0<\/p>\n<table width=\"250\" align=\"center\" border=\"0\" cellspacing=\"0\" cellpadding=\"0\">\n<tbody>\n<tr>\n<td><img decoding=\"async\" width=\"350\" height=\"471\" alt=\"\" data-src=\"http:\/\/web.trf3.jus.br\/noticias\/uploaddir\/image\/2019\/Setembro\/revista_edicao_142.jpg\" src=\"data:image\/svg+xml;base64,PHN2ZyB3aWR0aD0iMSIgaGVpZ2h0PSIxIiB4bWxucz0iaHR0cDovL3d3dy53My5vcmcvMjAwMC9zdmciPjwvc3ZnPg==\" class=\"lazyload\" style=\"--smush-placeholder-width: 350px; --smush-placeholder-aspect-ratio: 350\/471;\"><\/td>\n<\/tr>\n<\/tbody>\n<\/table>\n<\/p><\/div>\n<p><i>Com informa\u00e7\u00f5es da assessoria de imprensa do TRF3.<\/i><br \/>\n<br \/><a href=\"http:\/\/web.trf3.jus.br\/noticias\/Noticias\/Noticia\/Exibir\/386142\">Fonte<\/a><br \/>\n<br \/><\/p>\n","protected":false},"excerpt":{"rendered":"<p>Vers\u00e3o eletr\u00f4nica referente a julho\/setembro de 2019 tem acesso gratuito O Gabinete da Revista, dirigido pelo Desembargador Federal Andr\u00e9 Nekatschalow, disponibilizou a edi\u00e7\u00e3o n\u00famero 142 da Revista do Tribunal Regional Federal da 3.\u00aa Regi\u00e3o (TRF3), referente aos meses de julho a setembro de 2019. A publica\u00e7\u00e3o pode ser acessada no site do Tribunal de forma [&hellip;]<\/p>\n","protected":false},"author":3063,"featured_media":3273,"comment_status":"open","ping_status":"open","sticky":false,"template":"","format":"standard","meta":{"footnotes":""},"categories":[5,110],"tags":[32,31,42,30,29,213,9,152,218,214],"class_list":{"0":"post-5991","1":"post","2":"type-post","3":"status-publish","4":"format-standard","5":"has-post-thumbnail","7":"category-previdenciario","8":"category-trf3","9":"tag-calculos-judiciais","10":"tag-calculos-tributarios","11":"tag-direito-tributario","12":"tag-divida-ativa","13":"tag-fazenda-publica","14":"tag-imposto","15":"tag-pericia","16":"tag-trf3","17":"tag-tribunal-regional-federal","18":"tag-tributo"},"yoast_head":"<!-- This site is optimized with the Yoast SEO plugin v27.2 - https:\/\/yoast.com\/product\/yoast-seo-wordpress\/ -->\n<title>TRF3: EDI\u00c7\u00c3O 142 DA REVISTA DO TRIBUNAL&nbsp;EST\u00c1 DISPON\u00cdVEL NA INTERNET | Portal de Not\u00edcias<\/title>\n<meta name=\"robots\" content=\"index, follow, max-snippet:-1, max-image-preview:large, max-video-preview:-1\" \/>\n<link rel=\"canonical\" href=\"https:\/\/mhcalculos.com.br\/noticias\/area\/previdenciario\/trf3-edicao-142-da-revista-do-tribunal-esta-disponivel-na-internet.html\" \/>\n<meta property=\"og:locale\" content=\"pt_BR\" \/>\n<meta property=\"og:type\" content=\"article\" \/>\n<meta property=\"og:title\" content=\"TRF3: EDI\u00c7\u00c3O 142 DA REVISTA DO TRIBUNAL&nbsp;EST\u00c1 DISPON\u00cdVEL NA INTERNET | Portal de Not\u00edcias\" \/>\n<meta property=\"og:description\" content=\"Vers\u00e3o eletr\u00f4nica referente a julho\/setembro de 2019 tem acesso gratuito O Gabinete da Revista, dirigido pelo Desembargador Federal Andr\u00e9 Nekatschalow, disponibilizou a edi\u00e7\u00e3o n\u00famero 142 da Revista do Tribunal Regional Federal da 3.\u00aa Regi\u00e3o (TRF3), referente aos meses de julho a setembro de 2019. A publica\u00e7\u00e3o pode ser acessada no site do Tribunal de forma [&hellip;]\" \/>\n<meta property=\"og:url\" content=\"https:\/\/mhcalculos.com.br\/noticias\/area\/previdenciario\/trf3-edicao-142-da-revista-do-tribunal-esta-disponivel-na-internet.html\" \/>\n<meta property=\"og:site_name\" content=\"Portal de Not\u00edcias\" \/>\n<meta property=\"article:published_time\" content=\"2019-09-26T18:05:56+00:00\" \/>\n<meta property=\"article:modified_time\" content=\"2021-07-28T17:32:02+00:00\" \/>\n<meta property=\"og:image\" content=\"https:\/\/mhcalculos.com.br\/noticias\/wp-content\/uploads\/sites\/2\/2018\/10\/judiciario-0011.jpg\" \/>\n\t<meta property=\"og:image:width\" content=\"2000\" \/>\n\t<meta property=\"og:image:height\" content=\"800\" \/>\n\t<meta property=\"og:image:type\" content=\"image\/jpeg\" \/>\n<meta name=\"author\" content=\"Equipe MH\" \/>\n<meta name=\"twitter:card\" content=\"summary_large_image\" \/>\n<meta name=\"twitter:label1\" content=\"Escrito por\" \/>\n\t<meta name=\"twitter:data1\" content=\"Equipe MH\" \/>\n\t<meta name=\"twitter:label2\" content=\"Est. tempo de leitura\" \/>\n\t<meta name=\"twitter:data2\" content=\"2 minutos\" \/>\n<script type=\"application\/ld+json\" class=\"yoast-schema-graph\">{\"@context\":\"https:\/\/schema.org\",\"@graph\":[{\"@type\":\"Article\",\"@id\":\"https:\/\/mhcalculos.com.br\/noticias\/area\/previdenciario\/trf3-edicao-142-da-revista-do-tribunal-esta-disponivel-na-internet.html#article\",\"isPartOf\":{\"@id\":\"https:\/\/mhcalculos.com.br\/noticias\/area\/previdenciario\/trf3-edicao-142-da-revista-do-tribunal-esta-disponivel-na-internet.html\"},\"author\":{\"name\":\"Equipe MH\",\"@id\":\"https:\/\/mhcalculos.com.br\/noticias\/#\/schema\/person\/88d1c34bf72dc779ea14a5a6b8e0ae8d\"},\"headline\":\"TRF3: EDI\u00c7\u00c3O 142 DA REVISTA DO TRIBUNAL&nbsp;EST\u00c1 DISPON\u00cdVEL NA INTERNET\",\"datePublished\":\"2019-09-26T18:05:56+00:00\",\"dateModified\":\"2021-07-28T17:32:02+00:00\",\"mainEntityOfPage\":{\"@id\":\"https:\/\/mhcalculos.com.br\/noticias\/area\/previdenciario\/trf3-edicao-142-da-revista-do-tribunal-esta-disponivel-na-internet.html\"},\"wordCount\":445,\"commentCount\":0,\"image\":{\"@id\":\"https:\/\/mhcalculos.com.br\/noticias\/area\/previdenciario\/trf3-edicao-142-da-revista-do-tribunal-esta-disponivel-na-internet.html#primaryimage\"},\"thumbnailUrl\":\"https:\/\/mhcalculos.com.br\/noticias\/wp-content\/uploads\/sites\/2\/2018\/10\/judiciario-0011.jpg\",\"keywords\":[\"c\u00e1lculos judiciais\",\"c\u00e1lculos tribut\u00e1rios\",\"direito tribut\u00e1rio\",\"d\u00edvida ativa\",\"fazenda p\u00fablica\",\"Imposto\",\"per\u00edcia\",\"trf3\",\"Tribunal Regional Federal\",\"tributo\"],\"articleSection\":[\"Direito Previdenci\u00e1rio\",\"TRF3\"],\"inLanguage\":\"pt-BR\",\"potentialAction\":[{\"@type\":\"CommentAction\",\"name\":\"Comment\",\"target\":[\"https:\/\/mhcalculos.com.br\/noticias\/area\/previdenciario\/trf3-edicao-142-da-revista-do-tribunal-esta-disponivel-na-internet.html#respond\"]}]},{\"@type\":\"WebPage\",\"@id\":\"https:\/\/mhcalculos.com.br\/noticias\/area\/previdenciario\/trf3-edicao-142-da-revista-do-tribunal-esta-disponivel-na-internet.html\",\"url\":\"https:\/\/mhcalculos.com.br\/noticias\/area\/previdenciario\/trf3-edicao-142-da-revista-do-tribunal-esta-disponivel-na-internet.html\",\"name\":\"TRF3: EDI\u00c7\u00c3O 142 DA REVISTA DO TRIBUNAL&nbsp;EST\u00c1 DISPON\u00cdVEL NA INTERNET | Portal de Not\u00edcias\",\"isPartOf\":{\"@id\":\"https:\/\/mhcalculos.com.br\/noticias\/#website\"},\"primaryImageOfPage\":{\"@id\":\"https:\/\/mhcalculos.com.br\/noticias\/area\/previdenciario\/trf3-edicao-142-da-revista-do-tribunal-esta-disponivel-na-internet.html#primaryimage\"},\"image\":{\"@id\":\"https:\/\/mhcalculos.com.br\/noticias\/area\/previdenciario\/trf3-edicao-142-da-revista-do-tribunal-esta-disponivel-na-internet.html#primaryimage\"},\"thumbnailUrl\":\"https:\/\/mhcalculos.com.br\/noticias\/wp-content\/uploads\/sites\/2\/2018\/10\/judiciario-0011.jpg\",\"datePublished\":\"2019-09-26T18:05:56+00:00\",\"dateModified\":\"2021-07-28T17:32:02+00:00\",\"author\":{\"@id\":\"https:\/\/mhcalculos.com.br\/noticias\/#\/schema\/person\/88d1c34bf72dc779ea14a5a6b8e0ae8d\"},\"breadcrumb\":{\"@id\":\"https:\/\/mhcalculos.com.br\/noticias\/area\/previdenciario\/trf3-edicao-142-da-revista-do-tribunal-esta-disponivel-na-internet.html#breadcrumb\"},\"inLanguage\":\"pt-BR\",\"potentialAction\":[{\"@type\":\"ReadAction\",\"target\":[\"https:\/\/mhcalculos.com.br\/noticias\/area\/previdenciario\/trf3-edicao-142-da-revista-do-tribunal-esta-disponivel-na-internet.html\"]}]},{\"@type\":\"ImageObject\",\"inLanguage\":\"pt-BR\",\"@id\":\"https:\/\/mhcalculos.com.br\/noticias\/area\/previdenciario\/trf3-edicao-142-da-revista-do-tribunal-esta-disponivel-na-internet.html#primaryimage\",\"url\":\"https:\/\/mhcalculos.com.br\/noticias\/wp-content\/uploads\/sites\/2\/2018\/10\/judiciario-0011.jpg\",\"contentUrl\":\"https:\/\/mhcalculos.com.br\/noticias\/wp-content\/uploads\/sites\/2\/2018\/10\/judiciario-0011.jpg\",\"width\":2000,\"height\":800},{\"@type\":\"BreadcrumbList\",\"@id\":\"https:\/\/mhcalculos.com.br\/noticias\/area\/previdenciario\/trf3-edicao-142-da-revista-do-tribunal-esta-disponivel-na-internet.html#breadcrumb\",\"itemListElement\":[{\"@type\":\"ListItem\",\"position\":1,\"name\":\"In\u00edcio\",\"item\":\"https:\/\/mhcalculos.com.br\/noticias\/\"},{\"@type\":\"ListItem\",\"position\":2,\"name\":\"TRF3: EDI\u00c7\u00c3O 142 DA REVISTA DO TRIBUNAL&nbsp;EST\u00c1 DISPON\u00cdVEL NA INTERNET\"}]},{\"@type\":\"WebSite\",\"@id\":\"https:\/\/mhcalculos.com.br\/noticias\/#website\",\"url\":\"https:\/\/mhcalculos.com.br\/noticias\/\",\"name\":\"Portal de Not\u00edcias\",\"description\":\"Not\u00edcias e Jurisprud\u00eancia\",\"potentialAction\":[{\"@type\":\"SearchAction\",\"target\":{\"@type\":\"EntryPoint\",\"urlTemplate\":\"https:\/\/mhcalculos.com.br\/noticias\/?s={search_term_string}\"},\"query-input\":{\"@type\":\"PropertyValueSpecification\",\"valueRequired\":true,\"valueName\":\"search_term_string\"}}],\"inLanguage\":\"pt-BR\"},{\"@type\":\"Person\",\"@id\":\"https:\/\/mhcalculos.com.br\/noticias\/#\/schema\/person\/88d1c34bf72dc779ea14a5a6b8e0ae8d\",\"name\":\"Equipe MH\",\"image\":{\"@type\":\"ImageObject\",\"inLanguage\":\"pt-BR\",\"@id\":\"https:\/\/secure.gravatar.com\/avatar\/de1c686c2ecc9c5a3f327e3431d819eb39f8f05d4e1045f5a1caad6daaba987f?s=96&d=mm&r=g\",\"url\":\"https:\/\/secure.gravatar.com\/avatar\/de1c686c2ecc9c5a3f327e3431d819eb39f8f05d4e1045f5a1caad6daaba987f?s=96&d=mm&r=g\",\"contentUrl\":\"https:\/\/secure.gravatar.com\/avatar\/de1c686c2ecc9c5a3f327e3431d819eb39f8f05d4e1045f5a1caad6daaba987f?s=96&d=mm&r=g\",\"caption\":\"Equipe MH\"}}]}<\/script>\n<!-- \/ Yoast SEO plugin. -->","yoast_head_json":{"title":"TRF3: EDI\u00c7\u00c3O 142 DA REVISTA DO TRIBUNAL&nbsp;EST\u00c1 DISPON\u00cdVEL NA INTERNET | Portal de Not\u00edcias","robots":{"index":"index","follow":"follow","max-snippet":"max-snippet:-1","max-image-preview":"max-image-preview:large","max-video-preview":"max-video-preview:-1"},"canonical":"https:\/\/mhcalculos.com.br\/noticias\/area\/previdenciario\/trf3-edicao-142-da-revista-do-tribunal-esta-disponivel-na-internet.html","og_locale":"pt_BR","og_type":"article","og_title":"TRF3: EDI\u00c7\u00c3O 142 DA REVISTA DO TRIBUNAL&nbsp;EST\u00c1 DISPON\u00cdVEL NA INTERNET | Portal de Not\u00edcias","og_description":"Vers\u00e3o eletr\u00f4nica referente a julho\/setembro de 2019 tem acesso gratuito O Gabinete da Revista, dirigido pelo Desembargador Federal Andr\u00e9 Nekatschalow, disponibilizou a edi\u00e7\u00e3o n\u00famero 142 da Revista do Tribunal Regional Federal da 3.\u00aa Regi\u00e3o (TRF3), referente aos meses de julho a setembro de 2019. A publica\u00e7\u00e3o pode ser acessada no site do Tribunal de forma [&hellip;]","og_url":"https:\/\/mhcalculos.com.br\/noticias\/area\/previdenciario\/trf3-edicao-142-da-revista-do-tribunal-esta-disponivel-na-internet.html","og_site_name":"Portal de Not\u00edcias","article_published_time":"2019-09-26T18:05:56+00:00","article_modified_time":"2021-07-28T17:32:02+00:00","og_image":[{"width":2000,"height":800,"url":"https:\/\/mhcalculos.com.br\/noticias\/wp-content\/uploads\/sites\/2\/2018\/10\/judiciario-0011.jpg","type":"image\/jpeg"}],"author":"Equipe MH","twitter_card":"summary_large_image","twitter_misc":{"Escrito por":"Equipe MH","Est. tempo de leitura":"2 minutos"},"schema":{"@context":"https:\/\/schema.org","@graph":[{"@type":"Article","@id":"https:\/\/mhcalculos.com.br\/noticias\/area\/previdenciario\/trf3-edicao-142-da-revista-do-tribunal-esta-disponivel-na-internet.html#article","isPartOf":{"@id":"https:\/\/mhcalculos.com.br\/noticias\/area\/previdenciario\/trf3-edicao-142-da-revista-do-tribunal-esta-disponivel-na-internet.html"},"author":{"name":"Equipe MH","@id":"https:\/\/mhcalculos.com.br\/noticias\/#\/schema\/person\/88d1c34bf72dc779ea14a5a6b8e0ae8d"},"headline":"TRF3: EDI\u00c7\u00c3O 142 DA REVISTA DO TRIBUNAL&nbsp;EST\u00c1 DISPON\u00cdVEL NA INTERNET","datePublished":"2019-09-26T18:05:56+00:00","dateModified":"2021-07-28T17:32:02+00:00","mainEntityOfPage":{"@id":"https:\/\/mhcalculos.com.br\/noticias\/area\/previdenciario\/trf3-edicao-142-da-revista-do-tribunal-esta-disponivel-na-internet.html"},"wordCount":445,"commentCount":0,"image":{"@id":"https:\/\/mhcalculos.com.br\/noticias\/area\/previdenciario\/trf3-edicao-142-da-revista-do-tribunal-esta-disponivel-na-internet.html#primaryimage"},"thumbnailUrl":"https:\/\/mhcalculos.com.br\/noticias\/wp-content\/uploads\/sites\/2\/2018\/10\/judiciario-0011.jpg","keywords":["c\u00e1lculos judiciais","c\u00e1lculos tribut\u00e1rios","direito tribut\u00e1rio","d\u00edvida ativa","fazenda p\u00fablica","Imposto","per\u00edcia","trf3","Tribunal Regional Federal","tributo"],"articleSection":["Direito Previdenci\u00e1rio","TRF3"],"inLanguage":"pt-BR","potentialAction":[{"@type":"CommentAction","name":"Comment","target":["https:\/\/mhcalculos.com.br\/noticias\/area\/previdenciario\/trf3-edicao-142-da-revista-do-tribunal-esta-disponivel-na-internet.html#respond"]}]},{"@type":"WebPage","@id":"https:\/\/mhcalculos.com.br\/noticias\/area\/previdenciario\/trf3-edicao-142-da-revista-do-tribunal-esta-disponivel-na-internet.html","url":"https:\/\/mhcalculos.com.br\/noticias\/area\/previdenciario\/trf3-edicao-142-da-revista-do-tribunal-esta-disponivel-na-internet.html","name":"TRF3: EDI\u00c7\u00c3O 142 DA REVISTA DO TRIBUNAL&nbsp;EST\u00c1 DISPON\u00cdVEL NA INTERNET | Portal de Not\u00edcias","isPartOf":{"@id":"https:\/\/mhcalculos.com.br\/noticias\/#website"},"primaryImageOfPage":{"@id":"https:\/\/mhcalculos.com.br\/noticias\/area\/previdenciario\/trf3-edicao-142-da-revista-do-tribunal-esta-disponivel-na-internet.html#primaryimage"},"image":{"@id":"https:\/\/mhcalculos.com.br\/noticias\/area\/previdenciario\/trf3-edicao-142-da-revista-do-tribunal-esta-disponivel-na-internet.html#primaryimage"},"thumbnailUrl":"https:\/\/mhcalculos.com.br\/noticias\/wp-content\/uploads\/sites\/2\/2018\/10\/judiciario-0011.jpg","datePublished":"2019-09-26T18:05:56+00:00","dateModified":"2021-07-28T17:32:02+00:00","author":{"@id":"https:\/\/mhcalculos.com.br\/noticias\/#\/schema\/person\/88d1c34bf72dc779ea14a5a6b8e0ae8d"},"breadcrumb":{"@id":"https:\/\/mhcalculos.com.br\/noticias\/area\/previdenciario\/trf3-edicao-142-da-revista-do-tribunal-esta-disponivel-na-internet.html#breadcrumb"},"inLanguage":"pt-BR","potentialAction":[{"@type":"ReadAction","target":["https:\/\/mhcalculos.com.br\/noticias\/area\/previdenciario\/trf3-edicao-142-da-revista-do-tribunal-esta-disponivel-na-internet.html"]}]},{"@type":"ImageObject","inLanguage":"pt-BR","@id":"https:\/\/mhcalculos.com.br\/noticias\/area\/previdenciario\/trf3-edicao-142-da-revista-do-tribunal-esta-disponivel-na-internet.html#primaryimage","url":"https:\/\/mhcalculos.com.br\/noticias\/wp-content\/uploads\/sites\/2\/2018\/10\/judiciario-0011.jpg","contentUrl":"https:\/\/mhcalculos.com.br\/noticias\/wp-content\/uploads\/sites\/2\/2018\/10\/judiciario-0011.jpg","width":2000,"height":800},{"@type":"BreadcrumbList","@id":"https:\/\/mhcalculos.com.br\/noticias\/area\/previdenciario\/trf3-edicao-142-da-revista-do-tribunal-esta-disponivel-na-internet.html#breadcrumb","itemListElement":[{"@type":"ListItem","position":1,"name":"In\u00edcio","item":"https:\/\/mhcalculos.com.br\/noticias\/"},{"@type":"ListItem","position":2,"name":"TRF3: EDI\u00c7\u00c3O 142 DA REVISTA DO TRIBUNAL&nbsp;EST\u00c1 DISPON\u00cdVEL NA INTERNET"}]},{"@type":"WebSite","@id":"https:\/\/mhcalculos.com.br\/noticias\/#website","url":"https:\/\/mhcalculos.com.br\/noticias\/","name":"Portal de Not\u00edcias","description":"Not\u00edcias e Jurisprud\u00eancia","potentialAction":[{"@type":"SearchAction","target":{"@type":"EntryPoint","urlTemplate":"https:\/\/mhcalculos.com.br\/noticias\/?s={search_term_string}"},"query-input":{"@type":"PropertyValueSpecification","valueRequired":true,"valueName":"search_term_string"}}],"inLanguage":"pt-BR"},{"@type":"Person","@id":"https:\/\/mhcalculos.com.br\/noticias\/#\/schema\/person\/88d1c34bf72dc779ea14a5a6b8e0ae8d","name":"Equipe MH","image":{"@type":"ImageObject","inLanguage":"pt-BR","@id":"https:\/\/secure.gravatar.com\/avatar\/de1c686c2ecc9c5a3f327e3431d819eb39f8f05d4e1045f5a1caad6daaba987f?s=96&d=mm&r=g","url":"https:\/\/secure.gravatar.com\/avatar\/de1c686c2ecc9c5a3f327e3431d819eb39f8f05d4e1045f5a1caad6daaba987f?s=96&d=mm&r=g","contentUrl":"https:\/\/secure.gravatar.com\/avatar\/de1c686c2ecc9c5a3f327e3431d819eb39f8f05d4e1045f5a1caad6daaba987f?s=96&d=mm&r=g","caption":"Equipe MH"}}]}},"_links":{"self":[{"href":"https:\/\/mhcalculos.com.br\/noticias\/wp-json\/wp\/v2\/posts\/5991","targetHints":{"allow":["GET"]}}],"collection":[{"href":"https:\/\/mhcalculos.com.br\/noticias\/wp-json\/wp\/v2\/posts"}],"about":[{"href":"https:\/\/mhcalculos.com.br\/noticias\/wp-json\/wp\/v2\/types\/post"}],"author":[{"embeddable":true,"href":"https:\/\/mhcalculos.com.br\/noticias\/wp-json\/wp\/v2\/users\/3063"}],"replies":[{"embeddable":true,"href":"https:\/\/mhcalculos.com.br\/noticias\/wp-json\/wp\/v2\/comments?post=5991"}],"version-history":[{"count":1,"href":"https:\/\/mhcalculos.com.br\/noticias\/wp-json\/wp\/v2\/posts\/5991\/revisions"}],"predecessor-version":[{"id":9624,"href":"https:\/\/mhcalculos.com.br\/noticias\/wp-json\/wp\/v2\/posts\/5991\/revisions\/9624"}],"wp:featuredmedia":[{"embeddable":true,"href":"https:\/\/mhcalculos.com.br\/noticias\/wp-json\/wp\/v2\/media\/3273"}],"wp:attachment":[{"href":"https:\/\/mhcalculos.com.br\/noticias\/wp-json\/wp\/v2\/media?parent=5991"}],"wp:term":[{"taxonomy":"category","embeddable":true,"href":"https:\/\/mhcalculos.com.br\/noticias\/wp-json\/wp\/v2\/categories?post=5991"},{"taxonomy":"post_tag","embeddable":true,"href":"https:\/\/mhcalculos.com.br\/noticias\/wp-json\/wp\/v2\/tags?post=5991"}],"curies":[{"name":"wp","href":"https:\/\/api.w.org\/{rel}","templated":true}]}}