{"id":5970,"date":"2019-09-24T11:05:16","date_gmt":"2019-09-24T14:05:16","guid":{"rendered":"https:\/\/mhcalculos.com.br\/noticias\/2019\/09\/24\/trf4-tribunal-condena-homem-por-sacar-aposentadoria-de-mae-falecida-23-09-2019\/"},"modified":"2021-07-28T14:32:03","modified_gmt":"2021-07-28T17:32:03","slug":"trf4-tribunal-condena-homem-por-sacar-aposentadoria-de-mae-falecida-23-09-2019","status":"publish","type":"post","link":"https:\/\/mhcalculos.com.br\/noticias\/area\/previdenciario\/trf4-tribunal-condena-homem-por-sacar-aposentadoria-de-mae-falecida-23-09-2019.html","title":{"rendered":"TRF4: Tribunal&nbsp;condena homem por sacar aposentadoria de m\u00e3e falecida (23\/09\/2019)"},"content":{"rendered":"<p><br \/>\n<\/p>\n<p>O Tribunal Regional Federal da 4\u00aa Regi\u00e3o (TRF4) confirmou a senten\u00e7a de condena\u00e7\u00e3o por estelionato de um morador de Veran\u00f3polis (RS) acusado de realizar saques indevidos da aposentadoria de sua m\u00e3e ap\u00f3s o \u00f3bito da benefici\u00e1ria. A decis\u00e3o foi tomada pela 7\u00aa Turma da corte, por unanimidade, em julgamento na \u00faltima semana (17\/9). O r\u00e9u dever\u00e1 prestar servi\u00e7os comunit\u00e1rios por dois anos e dois meses, al\u00e9m de pagar uma multa de R$ 4 mil.<\/p>\n<p>O Minist\u00e9rio P\u00fablico Federal (MPF) denunciou o homem pela fraude apontando que ele teria retirado valores da conta da segurada durante 28 meses ap\u00f3s o falecimento dela. De acordo com o autor da a\u00e7\u00e3o penal, as investiga\u00e7\u00f5es iniciaram quando o Instituto Nacional do Seguro Social (INSS) constatou que o nome da titular do benef\u00edcio teria sido cadastrado de forma incompleta no Sistema de Controle de \u00d3bitos da Previd\u00eancia Social (Sisobinet), impedindo a suspens\u00e3o imediata dos pagamentos.<\/p>\n<p>A 1\u00aa Vara Federal de Bento Gon\u00e7alves (RS) condenou o homem a cumprir pena de dois anos, dois meses e 20 dias de reclus\u00e3o em regime inicialmente aberto, al\u00e9m de ressarcir o dano aos cofres p\u00fablicos.<\/p>\n<p>O r\u00e9u recorreu ao tribunal pela absolvi\u00e7\u00e3o e a isen\u00e7\u00e3o da multa, alegando insufici\u00eancia de provas para sua condena\u00e7\u00e3o.<\/p>\n<p>A relatora do caso no TRF4, desembargadora federal Salise Monteiro Sanchotene, manteve o entendimento e a dosimetria de pena estabelecida em primeira inst\u00e2ncia. A magistrada observou que a pr\u00e1tica do acusado de receber o benef\u00edcio ap\u00f3s a morte da segurada configura crime de estelionato previdenci\u00e1rio praticado por terceiro.<\/p>\n<p>&ldquo;Visualiza-se o dolo no agir do r\u00e9u, tanto pelas provas produzidas como pelo desenvolvimento dos fatos apurados na instru\u00e7\u00e3o, evidenciando a inten\u00e7\u00e3o do r\u00e9u em continuar recebendo os valores correspondentes aos benef\u00edcios de sua m\u00e3e, mesmo ap\u00f3s o falecimento desta&rdquo;, ressaltou a relatora.<\/p>\n<p><br \/> (Foto: Stockphotos)<\/p>\n<p><i>Com informa\u00e7\u00f5es da assessoria de imprensa do TRF4.<\/i><br \/>\n<br \/><a href=\"http:\/\/www2.trf4.jus.br\/trf4\/controlador.php?acao=noticia_visualizar&#038;id_noticia=14762\">Fonte<\/a><br \/>\n<br \/><\/p>\n","protected":false},"excerpt":{"rendered":"<p>O Tribunal Regional Federal da 4\u00aa Regi\u00e3o (TRF4) confirmou a senten\u00e7a de condena\u00e7\u00e3o por estelionato de um morador de Veran\u00f3polis (RS) acusado de realizar saques indevidos da aposentadoria de sua m\u00e3e ap\u00f3s o \u00f3bito da benefici\u00e1ria. A decis\u00e3o foi tomada pela 7\u00aa Turma da corte, por unanimidade, em julgamento na \u00faltima semana (17\/9). O r\u00e9u [&hellip;]<\/p>\n","protected":false},"author":3063,"featured_media":1825,"comment_status":"open","ping_status":"open","sticky":false,"template":"","format":"standard","meta":{"footnotes":""},"categories":[5,6],"tags":[11,10,8,13,9,12,17],"class_list":{"0":"post-5970","1":"post","2":"type-post","3":"status-publish","4":"format-standard","5":"has-post-thumbnail","7":"category-previdenciario","8":"category-trf4","9":"tag-aposentadoria","10":"tag-calculos-previdenciarios","11":"tag-direito-previdenciario","12":"tag-inss","13":"tag-pericia","14":"tag-perito","15":"tag-trf4"},"yoast_head":"<!-- This site is optimized with the Yoast SEO plugin v27.2 - https:\/\/yoast.com\/product\/yoast-seo-wordpress\/ -->\n<title>TRF4: Tribunal&nbsp;condena homem por sacar aposentadoria de m\u00e3e falecida (23\/09\/2019) | Portal de Not\u00edcias<\/title>\n<meta name=\"robots\" content=\"index, follow, max-snippet:-1, max-image-preview:large, max-video-preview:-1\" \/>\n<link rel=\"canonical\" href=\"https:\/\/mhcalculos.com.br\/noticias\/area\/previdenciario\/trf4-tribunal-condena-homem-por-sacar-aposentadoria-de-mae-falecida-23-09-2019.html\" \/>\n<meta property=\"og:locale\" content=\"pt_BR\" \/>\n<meta property=\"og:type\" content=\"article\" \/>\n<meta property=\"og:title\" content=\"TRF4: Tribunal&nbsp;condena homem por sacar aposentadoria de m\u00e3e falecida (23\/09\/2019) | Portal de Not\u00edcias\" \/>\n<meta property=\"og:description\" content=\"O Tribunal Regional Federal da 4\u00aa Regi\u00e3o (TRF4) confirmou a senten\u00e7a de condena\u00e7\u00e3o por estelionato de um morador de Veran\u00f3polis (RS) acusado de realizar saques indevidos da aposentadoria de sua m\u00e3e ap\u00f3s o \u00f3bito da benefici\u00e1ria. A decis\u00e3o foi tomada pela 7\u00aa Turma da corte, por unanimidade, em julgamento na \u00faltima semana (17\/9). O r\u00e9u [&hellip;]\" \/>\n<meta property=\"og:url\" content=\"https:\/\/mhcalculos.com.br\/noticias\/area\/previdenciario\/trf4-tribunal-condena-homem-por-sacar-aposentadoria-de-mae-falecida-23-09-2019.html\" \/>\n<meta property=\"og:site_name\" content=\"Portal de Not\u00edcias\" \/>\n<meta property=\"article:published_time\" content=\"2019-09-24T14:05:16+00:00\" \/>\n<meta property=\"article:modified_time\" content=\"2021-07-28T17:32:03+00:00\" \/>\n<meta property=\"og:image\" content=\"https:\/\/mhcalculos.com.br\/noticias\/wp-content\/uploads\/sites\/2\/2018\/06\/judiciario-0037.jpg\" \/>\n\t<meta property=\"og:image:width\" content=\"2000\" \/>\n\t<meta property=\"og:image:height\" content=\"800\" \/>\n\t<meta property=\"og:image:type\" content=\"image\/jpeg\" \/>\n<meta name=\"author\" content=\"Equipe MH\" \/>\n<meta name=\"twitter:card\" content=\"summary_large_image\" \/>\n<meta name=\"twitter:label1\" content=\"Escrito por\" \/>\n\t<meta name=\"twitter:data1\" content=\"Equipe MH\" \/>\n\t<meta name=\"twitter:label2\" content=\"Est. tempo de leitura\" \/>\n\t<meta name=\"twitter:data2\" content=\"2 minutos\" \/>\n<script type=\"application\/ld+json\" class=\"yoast-schema-graph\">{\"@context\":\"https:\/\/schema.org\",\"@graph\":[{\"@type\":\"Article\",\"@id\":\"https:\/\/mhcalculos.com.br\/noticias\/area\/previdenciario\/trf4-tribunal-condena-homem-por-sacar-aposentadoria-de-mae-falecida-23-09-2019.html#article\",\"isPartOf\":{\"@id\":\"https:\/\/mhcalculos.com.br\/noticias\/area\/previdenciario\/trf4-tribunal-condena-homem-por-sacar-aposentadoria-de-mae-falecida-23-09-2019.html\"},\"author\":{\"name\":\"Equipe MH\",\"@id\":\"https:\/\/mhcalculos.com.br\/noticias\/#\/schema\/person\/88d1c34bf72dc779ea14a5a6b8e0ae8d\"},\"headline\":\"TRF4: Tribunal&nbsp;condena homem por sacar aposentadoria de m\u00e3e falecida (23\/09\/2019)\",\"datePublished\":\"2019-09-24T14:05:16+00:00\",\"dateModified\":\"2021-07-28T17:32:03+00:00\",\"mainEntityOfPage\":{\"@id\":\"https:\/\/mhcalculos.com.br\/noticias\/area\/previdenciario\/trf4-tribunal-condena-homem-por-sacar-aposentadoria-de-mae-falecida-23-09-2019.html\"},\"wordCount\":358,\"commentCount\":0,\"image\":{\"@id\":\"https:\/\/mhcalculos.com.br\/noticias\/area\/previdenciario\/trf4-tribunal-condena-homem-por-sacar-aposentadoria-de-mae-falecida-23-09-2019.html#primaryimage\"},\"thumbnailUrl\":\"https:\/\/mhcalculos.com.br\/noticias\/wp-content\/uploads\/sites\/2\/2018\/06\/judiciario-0037.jpg\",\"keywords\":[\"aposentadoria\",\"c\u00e1lculos previdenci\u00e1rios\",\"direito previdenci\u00e1rio\",\"inss\",\"per\u00edcia\",\"perito\",\"trf4\"],\"articleSection\":[\"Direito Previdenci\u00e1rio\",\"TRF4\"],\"inLanguage\":\"pt-BR\",\"potentialAction\":[{\"@type\":\"CommentAction\",\"name\":\"Comment\",\"target\":[\"https:\/\/mhcalculos.com.br\/noticias\/area\/previdenciario\/trf4-tribunal-condena-homem-por-sacar-aposentadoria-de-mae-falecida-23-09-2019.html#respond\"]}]},{\"@type\":\"WebPage\",\"@id\":\"https:\/\/mhcalculos.com.br\/noticias\/area\/previdenciario\/trf4-tribunal-condena-homem-por-sacar-aposentadoria-de-mae-falecida-23-09-2019.html\",\"url\":\"https:\/\/mhcalculos.com.br\/noticias\/area\/previdenciario\/trf4-tribunal-condena-homem-por-sacar-aposentadoria-de-mae-falecida-23-09-2019.html\",\"name\":\"TRF4: Tribunal&nbsp;condena homem por sacar aposentadoria de m\u00e3e falecida (23\/09\/2019) | Portal de Not\u00edcias\",\"isPartOf\":{\"@id\":\"https:\/\/mhcalculos.com.br\/noticias\/#website\"},\"primaryImageOfPage\":{\"@id\":\"https:\/\/mhcalculos.com.br\/noticias\/area\/previdenciario\/trf4-tribunal-condena-homem-por-sacar-aposentadoria-de-mae-falecida-23-09-2019.html#primaryimage\"},\"image\":{\"@id\":\"https:\/\/mhcalculos.com.br\/noticias\/area\/previdenciario\/trf4-tribunal-condena-homem-por-sacar-aposentadoria-de-mae-falecida-23-09-2019.html#primaryimage\"},\"thumbnailUrl\":\"https:\/\/mhcalculos.com.br\/noticias\/wp-content\/uploads\/sites\/2\/2018\/06\/judiciario-0037.jpg\",\"datePublished\":\"2019-09-24T14:05:16+00:00\",\"dateModified\":\"2021-07-28T17:32:03+00:00\",\"author\":{\"@id\":\"https:\/\/mhcalculos.com.br\/noticias\/#\/schema\/person\/88d1c34bf72dc779ea14a5a6b8e0ae8d\"},\"breadcrumb\":{\"@id\":\"https:\/\/mhcalculos.com.br\/noticias\/area\/previdenciario\/trf4-tribunal-condena-homem-por-sacar-aposentadoria-de-mae-falecida-23-09-2019.html#breadcrumb\"},\"inLanguage\":\"pt-BR\",\"potentialAction\":[{\"@type\":\"ReadAction\",\"target\":[\"https:\/\/mhcalculos.com.br\/noticias\/area\/previdenciario\/trf4-tribunal-condena-homem-por-sacar-aposentadoria-de-mae-falecida-23-09-2019.html\"]}]},{\"@type\":\"ImageObject\",\"inLanguage\":\"pt-BR\",\"@id\":\"https:\/\/mhcalculos.com.br\/noticias\/area\/previdenciario\/trf4-tribunal-condena-homem-por-sacar-aposentadoria-de-mae-falecida-23-09-2019.html#primaryimage\",\"url\":\"https:\/\/mhcalculos.com.br\/noticias\/wp-content\/uploads\/sites\/2\/2018\/06\/judiciario-0037.jpg\",\"contentUrl\":\"https:\/\/mhcalculos.com.br\/noticias\/wp-content\/uploads\/sites\/2\/2018\/06\/judiciario-0037.jpg\",\"width\":2000,\"height\":800},{\"@type\":\"BreadcrumbList\",\"@id\":\"https:\/\/mhcalculos.com.br\/noticias\/area\/previdenciario\/trf4-tribunal-condena-homem-por-sacar-aposentadoria-de-mae-falecida-23-09-2019.html#breadcrumb\",\"itemListElement\":[{\"@type\":\"ListItem\",\"position\":1,\"name\":\"In\u00edcio\",\"item\":\"https:\/\/mhcalculos.com.br\/noticias\/\"},{\"@type\":\"ListItem\",\"position\":2,\"name\":\"TRF4: Tribunal&nbsp;condena homem por sacar aposentadoria de m\u00e3e falecida (23\/09\/2019)\"}]},{\"@type\":\"WebSite\",\"@id\":\"https:\/\/mhcalculos.com.br\/noticias\/#website\",\"url\":\"https:\/\/mhcalculos.com.br\/noticias\/\",\"name\":\"Portal de Not\u00edcias\",\"description\":\"Not\u00edcias e Jurisprud\u00eancia\",\"potentialAction\":[{\"@type\":\"SearchAction\",\"target\":{\"@type\":\"EntryPoint\",\"urlTemplate\":\"https:\/\/mhcalculos.com.br\/noticias\/?s={search_term_string}\"},\"query-input\":{\"@type\":\"PropertyValueSpecification\",\"valueRequired\":true,\"valueName\":\"search_term_string\"}}],\"inLanguage\":\"pt-BR\"},{\"@type\":\"Person\",\"@id\":\"https:\/\/mhcalculos.com.br\/noticias\/#\/schema\/person\/88d1c34bf72dc779ea14a5a6b8e0ae8d\",\"name\":\"Equipe MH\",\"image\":{\"@type\":\"ImageObject\",\"inLanguage\":\"pt-BR\",\"@id\":\"https:\/\/secure.gravatar.com\/avatar\/de1c686c2ecc9c5a3f327e3431d819eb39f8f05d4e1045f5a1caad6daaba987f?s=96&d=mm&r=g\",\"url\":\"https:\/\/secure.gravatar.com\/avatar\/de1c686c2ecc9c5a3f327e3431d819eb39f8f05d4e1045f5a1caad6daaba987f?s=96&d=mm&r=g\",\"contentUrl\":\"https:\/\/secure.gravatar.com\/avatar\/de1c686c2ecc9c5a3f327e3431d819eb39f8f05d4e1045f5a1caad6daaba987f?s=96&d=mm&r=g\",\"caption\":\"Equipe MH\"}}]}<\/script>\n<!-- \/ Yoast SEO plugin. -->","yoast_head_json":{"title":"TRF4: Tribunal&nbsp;condena homem por sacar aposentadoria de m\u00e3e falecida (23\/09\/2019) | Portal de Not\u00edcias","robots":{"index":"index","follow":"follow","max-snippet":"max-snippet:-1","max-image-preview":"max-image-preview:large","max-video-preview":"max-video-preview:-1"},"canonical":"https:\/\/mhcalculos.com.br\/noticias\/area\/previdenciario\/trf4-tribunal-condena-homem-por-sacar-aposentadoria-de-mae-falecida-23-09-2019.html","og_locale":"pt_BR","og_type":"article","og_title":"TRF4: Tribunal&nbsp;condena homem por sacar aposentadoria de m\u00e3e falecida (23\/09\/2019) | Portal de Not\u00edcias","og_description":"O Tribunal Regional Federal da 4\u00aa Regi\u00e3o (TRF4) confirmou a senten\u00e7a de condena\u00e7\u00e3o por estelionato de um morador de Veran\u00f3polis (RS) acusado de realizar saques indevidos da aposentadoria de sua m\u00e3e ap\u00f3s o \u00f3bito da benefici\u00e1ria. A decis\u00e3o foi tomada pela 7\u00aa Turma da corte, por unanimidade, em julgamento na \u00faltima semana (17\/9). O r\u00e9u [&hellip;]","og_url":"https:\/\/mhcalculos.com.br\/noticias\/area\/previdenciario\/trf4-tribunal-condena-homem-por-sacar-aposentadoria-de-mae-falecida-23-09-2019.html","og_site_name":"Portal de Not\u00edcias","article_published_time":"2019-09-24T14:05:16+00:00","article_modified_time":"2021-07-28T17:32:03+00:00","og_image":[{"width":2000,"height":800,"url":"https:\/\/mhcalculos.com.br\/noticias\/wp-content\/uploads\/sites\/2\/2018\/06\/judiciario-0037.jpg","type":"image\/jpeg"}],"author":"Equipe MH","twitter_card":"summary_large_image","twitter_misc":{"Escrito por":"Equipe MH","Est. tempo de leitura":"2 minutos"},"schema":{"@context":"https:\/\/schema.org","@graph":[{"@type":"Article","@id":"https:\/\/mhcalculos.com.br\/noticias\/area\/previdenciario\/trf4-tribunal-condena-homem-por-sacar-aposentadoria-de-mae-falecida-23-09-2019.html#article","isPartOf":{"@id":"https:\/\/mhcalculos.com.br\/noticias\/area\/previdenciario\/trf4-tribunal-condena-homem-por-sacar-aposentadoria-de-mae-falecida-23-09-2019.html"},"author":{"name":"Equipe MH","@id":"https:\/\/mhcalculos.com.br\/noticias\/#\/schema\/person\/88d1c34bf72dc779ea14a5a6b8e0ae8d"},"headline":"TRF4: Tribunal&nbsp;condena homem por sacar aposentadoria de m\u00e3e falecida (23\/09\/2019)","datePublished":"2019-09-24T14:05:16+00:00","dateModified":"2021-07-28T17:32:03+00:00","mainEntityOfPage":{"@id":"https:\/\/mhcalculos.com.br\/noticias\/area\/previdenciario\/trf4-tribunal-condena-homem-por-sacar-aposentadoria-de-mae-falecida-23-09-2019.html"},"wordCount":358,"commentCount":0,"image":{"@id":"https:\/\/mhcalculos.com.br\/noticias\/area\/previdenciario\/trf4-tribunal-condena-homem-por-sacar-aposentadoria-de-mae-falecida-23-09-2019.html#primaryimage"},"thumbnailUrl":"https:\/\/mhcalculos.com.br\/noticias\/wp-content\/uploads\/sites\/2\/2018\/06\/judiciario-0037.jpg","keywords":["aposentadoria","c\u00e1lculos previdenci\u00e1rios","direito previdenci\u00e1rio","inss","per\u00edcia","perito","trf4"],"articleSection":["Direito Previdenci\u00e1rio","TRF4"],"inLanguage":"pt-BR","potentialAction":[{"@type":"CommentAction","name":"Comment","target":["https:\/\/mhcalculos.com.br\/noticias\/area\/previdenciario\/trf4-tribunal-condena-homem-por-sacar-aposentadoria-de-mae-falecida-23-09-2019.html#respond"]}]},{"@type":"WebPage","@id":"https:\/\/mhcalculos.com.br\/noticias\/area\/previdenciario\/trf4-tribunal-condena-homem-por-sacar-aposentadoria-de-mae-falecida-23-09-2019.html","url":"https:\/\/mhcalculos.com.br\/noticias\/area\/previdenciario\/trf4-tribunal-condena-homem-por-sacar-aposentadoria-de-mae-falecida-23-09-2019.html","name":"TRF4: Tribunal&nbsp;condena homem por sacar aposentadoria de m\u00e3e falecida (23\/09\/2019) | Portal de Not\u00edcias","isPartOf":{"@id":"https:\/\/mhcalculos.com.br\/noticias\/#website"},"primaryImageOfPage":{"@id":"https:\/\/mhcalculos.com.br\/noticias\/area\/previdenciario\/trf4-tribunal-condena-homem-por-sacar-aposentadoria-de-mae-falecida-23-09-2019.html#primaryimage"},"image":{"@id":"https:\/\/mhcalculos.com.br\/noticias\/area\/previdenciario\/trf4-tribunal-condena-homem-por-sacar-aposentadoria-de-mae-falecida-23-09-2019.html#primaryimage"},"thumbnailUrl":"https:\/\/mhcalculos.com.br\/noticias\/wp-content\/uploads\/sites\/2\/2018\/06\/judiciario-0037.jpg","datePublished":"2019-09-24T14:05:16+00:00","dateModified":"2021-07-28T17:32:03+00:00","author":{"@id":"https:\/\/mhcalculos.com.br\/noticias\/#\/schema\/person\/88d1c34bf72dc779ea14a5a6b8e0ae8d"},"breadcrumb":{"@id":"https:\/\/mhcalculos.com.br\/noticias\/area\/previdenciario\/trf4-tribunal-condena-homem-por-sacar-aposentadoria-de-mae-falecida-23-09-2019.html#breadcrumb"},"inLanguage":"pt-BR","potentialAction":[{"@type":"ReadAction","target":["https:\/\/mhcalculos.com.br\/noticias\/area\/previdenciario\/trf4-tribunal-condena-homem-por-sacar-aposentadoria-de-mae-falecida-23-09-2019.html"]}]},{"@type":"ImageObject","inLanguage":"pt-BR","@id":"https:\/\/mhcalculos.com.br\/noticias\/area\/previdenciario\/trf4-tribunal-condena-homem-por-sacar-aposentadoria-de-mae-falecida-23-09-2019.html#primaryimage","url":"https:\/\/mhcalculos.com.br\/noticias\/wp-content\/uploads\/sites\/2\/2018\/06\/judiciario-0037.jpg","contentUrl":"https:\/\/mhcalculos.com.br\/noticias\/wp-content\/uploads\/sites\/2\/2018\/06\/judiciario-0037.jpg","width":2000,"height":800},{"@type":"BreadcrumbList","@id":"https:\/\/mhcalculos.com.br\/noticias\/area\/previdenciario\/trf4-tribunal-condena-homem-por-sacar-aposentadoria-de-mae-falecida-23-09-2019.html#breadcrumb","itemListElement":[{"@type":"ListItem","position":1,"name":"In\u00edcio","item":"https:\/\/mhcalculos.com.br\/noticias\/"},{"@type":"ListItem","position":2,"name":"TRF4: Tribunal&nbsp;condena homem por sacar aposentadoria de m\u00e3e falecida (23\/09\/2019)"}]},{"@type":"WebSite","@id":"https:\/\/mhcalculos.com.br\/noticias\/#website","url":"https:\/\/mhcalculos.com.br\/noticias\/","name":"Portal de Not\u00edcias","description":"Not\u00edcias e Jurisprud\u00eancia","potentialAction":[{"@type":"SearchAction","target":{"@type":"EntryPoint","urlTemplate":"https:\/\/mhcalculos.com.br\/noticias\/?s={search_term_string}"},"query-input":{"@type":"PropertyValueSpecification","valueRequired":true,"valueName":"search_term_string"}}],"inLanguage":"pt-BR"},{"@type":"Person","@id":"https:\/\/mhcalculos.com.br\/noticias\/#\/schema\/person\/88d1c34bf72dc779ea14a5a6b8e0ae8d","name":"Equipe MH","image":{"@type":"ImageObject","inLanguage":"pt-BR","@id":"https:\/\/secure.gravatar.com\/avatar\/de1c686c2ecc9c5a3f327e3431d819eb39f8f05d4e1045f5a1caad6daaba987f?s=96&d=mm&r=g","url":"https:\/\/secure.gravatar.com\/avatar\/de1c686c2ecc9c5a3f327e3431d819eb39f8f05d4e1045f5a1caad6daaba987f?s=96&d=mm&r=g","contentUrl":"https:\/\/secure.gravatar.com\/avatar\/de1c686c2ecc9c5a3f327e3431d819eb39f8f05d4e1045f5a1caad6daaba987f?s=96&d=mm&r=g","caption":"Equipe MH"}}]}},"_links":{"self":[{"href":"https:\/\/mhcalculos.com.br\/noticias\/wp-json\/wp\/v2\/posts\/5970","targetHints":{"allow":["GET"]}}],"collection":[{"href":"https:\/\/mhcalculos.com.br\/noticias\/wp-json\/wp\/v2\/posts"}],"about":[{"href":"https:\/\/mhcalculos.com.br\/noticias\/wp-json\/wp\/v2\/types\/post"}],"author":[{"embeddable":true,"href":"https:\/\/mhcalculos.com.br\/noticias\/wp-json\/wp\/v2\/users\/3063"}],"replies":[{"embeddable":true,"href":"https:\/\/mhcalculos.com.br\/noticias\/wp-json\/wp\/v2\/comments?post=5970"}],"version-history":[{"count":1,"href":"https:\/\/mhcalculos.com.br\/noticias\/wp-json\/wp\/v2\/posts\/5970\/revisions"}],"predecessor-version":[{"id":9633,"href":"https:\/\/mhcalculos.com.br\/noticias\/wp-json\/wp\/v2\/posts\/5970\/revisions\/9633"}],"wp:featuredmedia":[{"embeddable":true,"href":"https:\/\/mhcalculos.com.br\/noticias\/wp-json\/wp\/v2\/media\/1825"}],"wp:attachment":[{"href":"https:\/\/mhcalculos.com.br\/noticias\/wp-json\/wp\/v2\/media?parent=5970"}],"wp:term":[{"taxonomy":"category","embeddable":true,"href":"https:\/\/mhcalculos.com.br\/noticias\/wp-json\/wp\/v2\/categories?post=5970"},{"taxonomy":"post_tag","embeddable":true,"href":"https:\/\/mhcalculos.com.br\/noticias\/wp-json\/wp\/v2\/tags?post=5970"}],"curies":[{"name":"wp","href":"https:\/\/api.w.org\/{rel}","templated":true}]}}