{"id":5917,"date":"2019-09-16T18:05:09","date_gmt":"2019-09-16T21:05:09","guid":{"rendered":"https:\/\/mhcalculos.com.br\/noticias\/2019\/09\/16\/trf3-juiza-federal-sabrina-bonfim-de-arruda-pinto-lanca-livro-sobre-direito-previdenciario\/"},"modified":"2021-07-28T14:32:05","modified_gmt":"2021-07-28T17:32:05","slug":"trf3-juiza-federal-sabrina-bonfim-de-arruda-pinto-lanca-livro-sobre-direito-previdenciario","status":"publish","type":"post","link":"https:\/\/mhcalculos.com.br\/noticias\/area\/previdenciario\/trf3-juiza-federal-sabrina-bonfim-de-arruda-pinto-lanca-livro-sobre-direito-previdenciario.html","title":{"rendered":"TRF3: JU\u00cdZA FEDERAL SABRINA BONFIM DE ARRUDA PINTO LAN\u00c7A LIVRO SOBRE DIREITO PREVIDENCI\u00c1RIO"},"content":{"rendered":"\n<div class=\"mat\">\n<p><em>Lan\u00e7amento acontece na Livraria da Vila Alameda Lorena<\/em><\/p>\n<p>A Ju\u00edza Federal Sabrina Bonfim de Arruda Pinto lan\u00e7a a obra \u201cDireito Previdenci\u00e1rio &#8211; Argumentos Econ\u00f4micos e Sociais no \u00c2mbito do Direito Fundamental \u00e0 Previd\u00eancia Social\u201d no pr\u00f3ximo dia 19 de setembro, pela Editora Juru\u00e1. O lan\u00e7amento ocorrer\u00e1 na Livraria da Vila, na Alameda Lorena, 1.731, Jardim Paulista, em S\u00e3o Paulo, das 18h30 \u00e0s 20h30.<\/p>\n<table width=\"250\" align=\"center\" border=\"0\" cellspacing=\"0\" cellpadding=\"0\">\n<tbody>\n<tr>\n<td><img decoding=\"async\" width=\"250\" height=\"250\" alt=\"\" data-src=\"http:\/\/web.trf3.jus.br\/noticias\/uploaddir\/image\/2019\/Setembro\/livro%20-%20dra_%20Sabrina.jpg\" src=\"data:image\/svg+xml;base64,PHN2ZyB3aWR0aD0iMSIgaGVpZ2h0PSIxIiB4bWxucz0iaHR0cDovL3d3dy53My5vcmcvMjAwMC9zdmciPjwvc3ZnPg==\" class=\"lazyload\" style=\"--smush-placeholder-width: 250px; --smush-placeholder-aspect-ratio: 250\/250;\"><\/td>\n<\/tr>\n<\/tbody>\n<\/table>\n<p><strong>Servi\u00e7o:<\/strong><br \/>  <strong>Lan\u00e7amento do livro<\/strong>: \u201cDIREITO PREVIDENCI\u00c1RIO &#8211; Argumentos Econ\u00f4micos e Sociais no \u00c2mbito do Direito Fundamental \u00e0 Previd\u00eancia Social\u201d <br \/>  <strong>Data: <\/strong>19 de setembro (Quinta-feira)<br \/>  <strong>Hor\u00e1rio:<\/strong> Das 18h30 \u00e0s 20h30<br \/>  <strong>Local:<\/strong> Livraria da Vila, na Alameda Lorena, 1.731, Jardim Paulista, SP.<\/p>\n<\/p><\/div>\n<p><i>Com informa\u00e7\u00f5es da assessoria de imprensa do TRF3.<\/i><br \/>\n<br \/><a href=\"http:\/\/web.trf3.jus.br\/noticias\/Noticias\/Noticia\/Exibir\/385790\">Fonte<\/a><br \/>\n<br \/><\/p>\n","protected":false},"excerpt":{"rendered":"<p>Lan\u00e7amento acontece na Livraria da Vila Alameda Lorena A Ju\u00edza Federal Sabrina Bonfim de Arruda Pinto lan\u00e7a a obra \u201cDireito Previdenci\u00e1rio &#8211; Argumentos Econ\u00f4micos e Sociais no \u00c2mbito do Direito Fundamental \u00e0 Previd\u00eancia Social\u201d no pr\u00f3ximo dia 19 de setembro, pela Editora Juru\u00e1. O lan\u00e7amento ocorrer\u00e1 na Livraria da Vila, na Alameda Lorena, 1.731, Jardim [&hellip;]<\/p>\n","protected":false},"author":3063,"featured_media":1601,"comment_status":"open","ping_status":"open","sticky":false,"template":"","format":"standard","meta":{"footnotes":""},"categories":[5,110],"tags":[11,10,8,13,9,12,152],"class_list":{"0":"post-5917","1":"post","2":"type-post","3":"status-publish","4":"format-standard","5":"has-post-thumbnail","7":"category-previdenciario","8":"category-trf3","9":"tag-aposentadoria","10":"tag-calculos-previdenciarios","11":"tag-direito-previdenciario","12":"tag-inss","13":"tag-pericia","14":"tag-perito","15":"tag-trf3"},"yoast_head":"<!-- This site is optimized with the Yoast SEO plugin v27.2 - https:\/\/yoast.com\/product\/yoast-seo-wordpress\/ -->\n<title>TRF3: JU\u00cdZA FEDERAL SABRINA BONFIM DE ARRUDA PINTO LAN\u00c7A LIVRO SOBRE DIREITO PREVIDENCI\u00c1RIO | Portal de Not\u00edcias<\/title>\n<meta name=\"robots\" content=\"index, follow, max-snippet:-1, max-image-preview:large, max-video-preview:-1\" \/>\n<link rel=\"canonical\" href=\"https:\/\/mhcalculos.com.br\/noticias\/area\/previdenciario\/trf3-juiza-federal-sabrina-bonfim-de-arruda-pinto-lanca-livro-sobre-direito-previdenciario.html\" \/>\n<meta property=\"og:locale\" content=\"pt_BR\" \/>\n<meta property=\"og:type\" content=\"article\" \/>\n<meta property=\"og:title\" content=\"TRF3: JU\u00cdZA FEDERAL SABRINA BONFIM DE ARRUDA PINTO LAN\u00c7A LIVRO SOBRE DIREITO PREVIDENCI\u00c1RIO | Portal de Not\u00edcias\" \/>\n<meta property=\"og:description\" content=\"Lan\u00e7amento acontece na Livraria da Vila Alameda Lorena A Ju\u00edza Federal Sabrina Bonfim de Arruda Pinto lan\u00e7a a obra \u201cDireito Previdenci\u00e1rio &#8211; Argumentos Econ\u00f4micos e Sociais no \u00c2mbito do Direito Fundamental \u00e0 Previd\u00eancia Social\u201d no pr\u00f3ximo dia 19 de setembro, pela Editora Juru\u00e1. O lan\u00e7amento ocorrer\u00e1 na Livraria da Vila, na Alameda Lorena, 1.731, Jardim [&hellip;]\" \/>\n<meta property=\"og:url\" content=\"https:\/\/mhcalculos.com.br\/noticias\/area\/previdenciario\/trf3-juiza-federal-sabrina-bonfim-de-arruda-pinto-lanca-livro-sobre-direito-previdenciario.html\" \/>\n<meta property=\"og:site_name\" content=\"Portal de Not\u00edcias\" \/>\n<meta property=\"article:published_time\" content=\"2019-09-16T21:05:09+00:00\" \/>\n<meta property=\"article:modified_time\" content=\"2021-07-28T17:32:05+00:00\" \/>\n<meta property=\"og:image\" content=\"https:\/\/mhcalculos.com.br\/noticias\/wp-content\/uploads\/sites\/2\/2018\/06\/judiciario-0026.jpg\" \/>\n\t<meta property=\"og:image:width\" content=\"2000\" \/>\n\t<meta property=\"og:image:height\" content=\"800\" \/>\n\t<meta property=\"og:image:type\" content=\"image\/jpeg\" \/>\n<meta name=\"author\" content=\"Equipe MH\" \/>\n<meta name=\"twitter:card\" content=\"summary_large_image\" \/>\n<meta name=\"twitter:label1\" content=\"Escrito por\" \/>\n\t<meta name=\"twitter:data1\" content=\"Equipe MH\" \/>\n\t<meta name=\"twitter:label2\" content=\"Est. tempo de leitura\" \/>\n\t<meta name=\"twitter:data2\" content=\"1 minuto\" \/>\n<script type=\"application\/ld+json\" class=\"yoast-schema-graph\">{\"@context\":\"https:\/\/schema.org\",\"@graph\":[{\"@type\":\"Article\",\"@id\":\"https:\/\/mhcalculos.com.br\/noticias\/area\/previdenciario\/trf3-juiza-federal-sabrina-bonfim-de-arruda-pinto-lanca-livro-sobre-direito-previdenciario.html#article\",\"isPartOf\":{\"@id\":\"https:\/\/mhcalculos.com.br\/noticias\/area\/previdenciario\/trf3-juiza-federal-sabrina-bonfim-de-arruda-pinto-lanca-livro-sobre-direito-previdenciario.html\"},\"author\":{\"name\":\"Equipe MH\",\"@id\":\"https:\/\/mhcalculos.com.br\/noticias\/#\/schema\/person\/88d1c34bf72dc779ea14a5a6b8e0ae8d\"},\"headline\":\"TRF3: JU\u00cdZA FEDERAL SABRINA BONFIM DE ARRUDA PINTO LAN\u00c7A LIVRO SOBRE DIREITO PREVIDENCI\u00c1RIO\",\"datePublished\":\"2019-09-16T21:05:09+00:00\",\"dateModified\":\"2021-07-28T17:32:05+00:00\",\"mainEntityOfPage\":{\"@id\":\"https:\/\/mhcalculos.com.br\/noticias\/area\/previdenciario\/trf3-juiza-federal-sabrina-bonfim-de-arruda-pinto-lanca-livro-sobre-direito-previdenciario.html\"},\"wordCount\":140,\"commentCount\":0,\"image\":{\"@id\":\"https:\/\/mhcalculos.com.br\/noticias\/area\/previdenciario\/trf3-juiza-federal-sabrina-bonfim-de-arruda-pinto-lanca-livro-sobre-direito-previdenciario.html#primaryimage\"},\"thumbnailUrl\":\"https:\/\/mhcalculos.com.br\/noticias\/wp-content\/uploads\/sites\/2\/2018\/06\/judiciario-0026.jpg\",\"keywords\":[\"aposentadoria\",\"c\u00e1lculos previdenci\u00e1rios\",\"direito previdenci\u00e1rio\",\"inss\",\"per\u00edcia\",\"perito\",\"trf3\"],\"articleSection\":[\"Direito Previdenci\u00e1rio\",\"TRF3\"],\"inLanguage\":\"pt-BR\",\"potentialAction\":[{\"@type\":\"CommentAction\",\"name\":\"Comment\",\"target\":[\"https:\/\/mhcalculos.com.br\/noticias\/area\/previdenciario\/trf3-juiza-federal-sabrina-bonfim-de-arruda-pinto-lanca-livro-sobre-direito-previdenciario.html#respond\"]}]},{\"@type\":\"WebPage\",\"@id\":\"https:\/\/mhcalculos.com.br\/noticias\/area\/previdenciario\/trf3-juiza-federal-sabrina-bonfim-de-arruda-pinto-lanca-livro-sobre-direito-previdenciario.html\",\"url\":\"https:\/\/mhcalculos.com.br\/noticias\/area\/previdenciario\/trf3-juiza-federal-sabrina-bonfim-de-arruda-pinto-lanca-livro-sobre-direito-previdenciario.html\",\"name\":\"TRF3: JU\u00cdZA FEDERAL SABRINA BONFIM DE ARRUDA PINTO LAN\u00c7A LIVRO SOBRE DIREITO PREVIDENCI\u00c1RIO | Portal de Not\u00edcias\",\"isPartOf\":{\"@id\":\"https:\/\/mhcalculos.com.br\/noticias\/#website\"},\"primaryImageOfPage\":{\"@id\":\"https:\/\/mhcalculos.com.br\/noticias\/area\/previdenciario\/trf3-juiza-federal-sabrina-bonfim-de-arruda-pinto-lanca-livro-sobre-direito-previdenciario.html#primaryimage\"},\"image\":{\"@id\":\"https:\/\/mhcalculos.com.br\/noticias\/area\/previdenciario\/trf3-juiza-federal-sabrina-bonfim-de-arruda-pinto-lanca-livro-sobre-direito-previdenciario.html#primaryimage\"},\"thumbnailUrl\":\"https:\/\/mhcalculos.com.br\/noticias\/wp-content\/uploads\/sites\/2\/2018\/06\/judiciario-0026.jpg\",\"datePublished\":\"2019-09-16T21:05:09+00:00\",\"dateModified\":\"2021-07-28T17:32:05+00:00\",\"author\":{\"@id\":\"https:\/\/mhcalculos.com.br\/noticias\/#\/schema\/person\/88d1c34bf72dc779ea14a5a6b8e0ae8d\"},\"breadcrumb\":{\"@id\":\"https:\/\/mhcalculos.com.br\/noticias\/area\/previdenciario\/trf3-juiza-federal-sabrina-bonfim-de-arruda-pinto-lanca-livro-sobre-direito-previdenciario.html#breadcrumb\"},\"inLanguage\":\"pt-BR\",\"potentialAction\":[{\"@type\":\"ReadAction\",\"target\":[\"https:\/\/mhcalculos.com.br\/noticias\/area\/previdenciario\/trf3-juiza-federal-sabrina-bonfim-de-arruda-pinto-lanca-livro-sobre-direito-previdenciario.html\"]}]},{\"@type\":\"ImageObject\",\"inLanguage\":\"pt-BR\",\"@id\":\"https:\/\/mhcalculos.com.br\/noticias\/area\/previdenciario\/trf3-juiza-federal-sabrina-bonfim-de-arruda-pinto-lanca-livro-sobre-direito-previdenciario.html#primaryimage\",\"url\":\"https:\/\/mhcalculos.com.br\/noticias\/wp-content\/uploads\/sites\/2\/2018\/06\/judiciario-0026.jpg\",\"contentUrl\":\"https:\/\/mhcalculos.com.br\/noticias\/wp-content\/uploads\/sites\/2\/2018\/06\/judiciario-0026.jpg\",\"width\":2000,\"height\":800},{\"@type\":\"BreadcrumbList\",\"@id\":\"https:\/\/mhcalculos.com.br\/noticias\/area\/previdenciario\/trf3-juiza-federal-sabrina-bonfim-de-arruda-pinto-lanca-livro-sobre-direito-previdenciario.html#breadcrumb\",\"itemListElement\":[{\"@type\":\"ListItem\",\"position\":1,\"name\":\"In\u00edcio\",\"item\":\"https:\/\/mhcalculos.com.br\/noticias\/\"},{\"@type\":\"ListItem\",\"position\":2,\"name\":\"TRF3: JU\u00cdZA FEDERAL SABRINA BONFIM DE ARRUDA PINTO LAN\u00c7A LIVRO SOBRE DIREITO PREVIDENCI\u00c1RIO\"}]},{\"@type\":\"WebSite\",\"@id\":\"https:\/\/mhcalculos.com.br\/noticias\/#website\",\"url\":\"https:\/\/mhcalculos.com.br\/noticias\/\",\"name\":\"Portal de Not\u00edcias\",\"description\":\"Not\u00edcias e Jurisprud\u00eancia\",\"potentialAction\":[{\"@type\":\"SearchAction\",\"target\":{\"@type\":\"EntryPoint\",\"urlTemplate\":\"https:\/\/mhcalculos.com.br\/noticias\/?s={search_term_string}\"},\"query-input\":{\"@type\":\"PropertyValueSpecification\",\"valueRequired\":true,\"valueName\":\"search_term_string\"}}],\"inLanguage\":\"pt-BR\"},{\"@type\":\"Person\",\"@id\":\"https:\/\/mhcalculos.com.br\/noticias\/#\/schema\/person\/88d1c34bf72dc779ea14a5a6b8e0ae8d\",\"name\":\"Equipe MH\",\"image\":{\"@type\":\"ImageObject\",\"inLanguage\":\"pt-BR\",\"@id\":\"https:\/\/secure.gravatar.com\/avatar\/de1c686c2ecc9c5a3f327e3431d819eb39f8f05d4e1045f5a1caad6daaba987f?s=96&d=mm&r=g\",\"url\":\"https:\/\/secure.gravatar.com\/avatar\/de1c686c2ecc9c5a3f327e3431d819eb39f8f05d4e1045f5a1caad6daaba987f?s=96&d=mm&r=g\",\"contentUrl\":\"https:\/\/secure.gravatar.com\/avatar\/de1c686c2ecc9c5a3f327e3431d819eb39f8f05d4e1045f5a1caad6daaba987f?s=96&d=mm&r=g\",\"caption\":\"Equipe MH\"}}]}<\/script>\n<!-- \/ Yoast SEO plugin. -->","yoast_head_json":{"title":"TRF3: JU\u00cdZA FEDERAL SABRINA BONFIM DE ARRUDA PINTO LAN\u00c7A LIVRO SOBRE DIREITO PREVIDENCI\u00c1RIO | Portal de Not\u00edcias","robots":{"index":"index","follow":"follow","max-snippet":"max-snippet:-1","max-image-preview":"max-image-preview:large","max-video-preview":"max-video-preview:-1"},"canonical":"https:\/\/mhcalculos.com.br\/noticias\/area\/previdenciario\/trf3-juiza-federal-sabrina-bonfim-de-arruda-pinto-lanca-livro-sobre-direito-previdenciario.html","og_locale":"pt_BR","og_type":"article","og_title":"TRF3: JU\u00cdZA FEDERAL SABRINA BONFIM DE ARRUDA PINTO LAN\u00c7A LIVRO SOBRE DIREITO PREVIDENCI\u00c1RIO | Portal de Not\u00edcias","og_description":"Lan\u00e7amento acontece na Livraria da Vila Alameda Lorena A Ju\u00edza Federal Sabrina Bonfim de Arruda Pinto lan\u00e7a a obra \u201cDireito Previdenci\u00e1rio &#8211; Argumentos Econ\u00f4micos e Sociais no \u00c2mbito do Direito Fundamental \u00e0 Previd\u00eancia Social\u201d no pr\u00f3ximo dia 19 de setembro, pela Editora Juru\u00e1. O lan\u00e7amento ocorrer\u00e1 na Livraria da Vila, na Alameda Lorena, 1.731, Jardim [&hellip;]","og_url":"https:\/\/mhcalculos.com.br\/noticias\/area\/previdenciario\/trf3-juiza-federal-sabrina-bonfim-de-arruda-pinto-lanca-livro-sobre-direito-previdenciario.html","og_site_name":"Portal de Not\u00edcias","article_published_time":"2019-09-16T21:05:09+00:00","article_modified_time":"2021-07-28T17:32:05+00:00","og_image":[{"width":2000,"height":800,"url":"https:\/\/mhcalculos.com.br\/noticias\/wp-content\/uploads\/sites\/2\/2018\/06\/judiciario-0026.jpg","type":"image\/jpeg"}],"author":"Equipe MH","twitter_card":"summary_large_image","twitter_misc":{"Escrito por":"Equipe MH","Est. tempo de leitura":"1 minuto"},"schema":{"@context":"https:\/\/schema.org","@graph":[{"@type":"Article","@id":"https:\/\/mhcalculos.com.br\/noticias\/area\/previdenciario\/trf3-juiza-federal-sabrina-bonfim-de-arruda-pinto-lanca-livro-sobre-direito-previdenciario.html#article","isPartOf":{"@id":"https:\/\/mhcalculos.com.br\/noticias\/area\/previdenciario\/trf3-juiza-federal-sabrina-bonfim-de-arruda-pinto-lanca-livro-sobre-direito-previdenciario.html"},"author":{"name":"Equipe MH","@id":"https:\/\/mhcalculos.com.br\/noticias\/#\/schema\/person\/88d1c34bf72dc779ea14a5a6b8e0ae8d"},"headline":"TRF3: JU\u00cdZA FEDERAL SABRINA BONFIM DE ARRUDA PINTO LAN\u00c7A LIVRO SOBRE DIREITO PREVIDENCI\u00c1RIO","datePublished":"2019-09-16T21:05:09+00:00","dateModified":"2021-07-28T17:32:05+00:00","mainEntityOfPage":{"@id":"https:\/\/mhcalculos.com.br\/noticias\/area\/previdenciario\/trf3-juiza-federal-sabrina-bonfim-de-arruda-pinto-lanca-livro-sobre-direito-previdenciario.html"},"wordCount":140,"commentCount":0,"image":{"@id":"https:\/\/mhcalculos.com.br\/noticias\/area\/previdenciario\/trf3-juiza-federal-sabrina-bonfim-de-arruda-pinto-lanca-livro-sobre-direito-previdenciario.html#primaryimage"},"thumbnailUrl":"https:\/\/mhcalculos.com.br\/noticias\/wp-content\/uploads\/sites\/2\/2018\/06\/judiciario-0026.jpg","keywords":["aposentadoria","c\u00e1lculos previdenci\u00e1rios","direito previdenci\u00e1rio","inss","per\u00edcia","perito","trf3"],"articleSection":["Direito Previdenci\u00e1rio","TRF3"],"inLanguage":"pt-BR","potentialAction":[{"@type":"CommentAction","name":"Comment","target":["https:\/\/mhcalculos.com.br\/noticias\/area\/previdenciario\/trf3-juiza-federal-sabrina-bonfim-de-arruda-pinto-lanca-livro-sobre-direito-previdenciario.html#respond"]}]},{"@type":"WebPage","@id":"https:\/\/mhcalculos.com.br\/noticias\/area\/previdenciario\/trf3-juiza-federal-sabrina-bonfim-de-arruda-pinto-lanca-livro-sobre-direito-previdenciario.html","url":"https:\/\/mhcalculos.com.br\/noticias\/area\/previdenciario\/trf3-juiza-federal-sabrina-bonfim-de-arruda-pinto-lanca-livro-sobre-direito-previdenciario.html","name":"TRF3: JU\u00cdZA FEDERAL SABRINA BONFIM DE ARRUDA PINTO LAN\u00c7A LIVRO SOBRE DIREITO PREVIDENCI\u00c1RIO | Portal de Not\u00edcias","isPartOf":{"@id":"https:\/\/mhcalculos.com.br\/noticias\/#website"},"primaryImageOfPage":{"@id":"https:\/\/mhcalculos.com.br\/noticias\/area\/previdenciario\/trf3-juiza-federal-sabrina-bonfim-de-arruda-pinto-lanca-livro-sobre-direito-previdenciario.html#primaryimage"},"image":{"@id":"https:\/\/mhcalculos.com.br\/noticias\/area\/previdenciario\/trf3-juiza-federal-sabrina-bonfim-de-arruda-pinto-lanca-livro-sobre-direito-previdenciario.html#primaryimage"},"thumbnailUrl":"https:\/\/mhcalculos.com.br\/noticias\/wp-content\/uploads\/sites\/2\/2018\/06\/judiciario-0026.jpg","datePublished":"2019-09-16T21:05:09+00:00","dateModified":"2021-07-28T17:32:05+00:00","author":{"@id":"https:\/\/mhcalculos.com.br\/noticias\/#\/schema\/person\/88d1c34bf72dc779ea14a5a6b8e0ae8d"},"breadcrumb":{"@id":"https:\/\/mhcalculos.com.br\/noticias\/area\/previdenciario\/trf3-juiza-federal-sabrina-bonfim-de-arruda-pinto-lanca-livro-sobre-direito-previdenciario.html#breadcrumb"},"inLanguage":"pt-BR","potentialAction":[{"@type":"ReadAction","target":["https:\/\/mhcalculos.com.br\/noticias\/area\/previdenciario\/trf3-juiza-federal-sabrina-bonfim-de-arruda-pinto-lanca-livro-sobre-direito-previdenciario.html"]}]},{"@type":"ImageObject","inLanguage":"pt-BR","@id":"https:\/\/mhcalculos.com.br\/noticias\/area\/previdenciario\/trf3-juiza-federal-sabrina-bonfim-de-arruda-pinto-lanca-livro-sobre-direito-previdenciario.html#primaryimage","url":"https:\/\/mhcalculos.com.br\/noticias\/wp-content\/uploads\/sites\/2\/2018\/06\/judiciario-0026.jpg","contentUrl":"https:\/\/mhcalculos.com.br\/noticias\/wp-content\/uploads\/sites\/2\/2018\/06\/judiciario-0026.jpg","width":2000,"height":800},{"@type":"BreadcrumbList","@id":"https:\/\/mhcalculos.com.br\/noticias\/area\/previdenciario\/trf3-juiza-federal-sabrina-bonfim-de-arruda-pinto-lanca-livro-sobre-direito-previdenciario.html#breadcrumb","itemListElement":[{"@type":"ListItem","position":1,"name":"In\u00edcio","item":"https:\/\/mhcalculos.com.br\/noticias\/"},{"@type":"ListItem","position":2,"name":"TRF3: JU\u00cdZA FEDERAL SABRINA BONFIM DE ARRUDA PINTO LAN\u00c7A LIVRO SOBRE DIREITO PREVIDENCI\u00c1RIO"}]},{"@type":"WebSite","@id":"https:\/\/mhcalculos.com.br\/noticias\/#website","url":"https:\/\/mhcalculos.com.br\/noticias\/","name":"Portal de Not\u00edcias","description":"Not\u00edcias e Jurisprud\u00eancia","potentialAction":[{"@type":"SearchAction","target":{"@type":"EntryPoint","urlTemplate":"https:\/\/mhcalculos.com.br\/noticias\/?s={search_term_string}"},"query-input":{"@type":"PropertyValueSpecification","valueRequired":true,"valueName":"search_term_string"}}],"inLanguage":"pt-BR"},{"@type":"Person","@id":"https:\/\/mhcalculos.com.br\/noticias\/#\/schema\/person\/88d1c34bf72dc779ea14a5a6b8e0ae8d","name":"Equipe MH","image":{"@type":"ImageObject","inLanguage":"pt-BR","@id":"https:\/\/secure.gravatar.com\/avatar\/de1c686c2ecc9c5a3f327e3431d819eb39f8f05d4e1045f5a1caad6daaba987f?s=96&d=mm&r=g","url":"https:\/\/secure.gravatar.com\/avatar\/de1c686c2ecc9c5a3f327e3431d819eb39f8f05d4e1045f5a1caad6daaba987f?s=96&d=mm&r=g","contentUrl":"https:\/\/secure.gravatar.com\/avatar\/de1c686c2ecc9c5a3f327e3431d819eb39f8f05d4e1045f5a1caad6daaba987f?s=96&d=mm&r=g","caption":"Equipe MH"}}]}},"_links":{"self":[{"href":"https:\/\/mhcalculos.com.br\/noticias\/wp-json\/wp\/v2\/posts\/5917","targetHints":{"allow":["GET"]}}],"collection":[{"href":"https:\/\/mhcalculos.com.br\/noticias\/wp-json\/wp\/v2\/posts"}],"about":[{"href":"https:\/\/mhcalculos.com.br\/noticias\/wp-json\/wp\/v2\/types\/post"}],"author":[{"embeddable":true,"href":"https:\/\/mhcalculos.com.br\/noticias\/wp-json\/wp\/v2\/users\/3063"}],"replies":[{"embeddable":true,"href":"https:\/\/mhcalculos.com.br\/noticias\/wp-json\/wp\/v2\/comments?post=5917"}],"version-history":[{"count":1,"href":"https:\/\/mhcalculos.com.br\/noticias\/wp-json\/wp\/v2\/posts\/5917\/revisions"}],"predecessor-version":[{"id":9644,"href":"https:\/\/mhcalculos.com.br\/noticias\/wp-json\/wp\/v2\/posts\/5917\/revisions\/9644"}],"wp:featuredmedia":[{"embeddable":true,"href":"https:\/\/mhcalculos.com.br\/noticias\/wp-json\/wp\/v2\/media\/1601"}],"wp:attachment":[{"href":"https:\/\/mhcalculos.com.br\/noticias\/wp-json\/wp\/v2\/media?parent=5917"}],"wp:term":[{"taxonomy":"category","embeddable":true,"href":"https:\/\/mhcalculos.com.br\/noticias\/wp-json\/wp\/v2\/categories?post=5917"},{"taxonomy":"post_tag","embeddable":true,"href":"https:\/\/mhcalculos.com.br\/noticias\/wp-json\/wp\/v2\/tags?post=5917"}],"curies":[{"name":"wp","href":"https:\/\/api.w.org\/{rel}","templated":true}]}}