{"id":5868,"date":"2019-09-10T10:05:24","date_gmt":"2019-09-10T13:05:24","guid":{"rendered":"https:\/\/mhcalculos.com.br\/noticias\/2019\/09\/10\/trf4-forum-previdenciario-de-sc-realiza-25a-reuniao-06-09-2019\/"},"modified":"2021-07-28T14:32:08","modified_gmt":"2021-07-28T17:32:08","slug":"trf4-forum-previdenciario-de-sc-realiza-25a-reuniao-06-09-2019","status":"publish","type":"post","link":"https:\/\/mhcalculos.com.br\/noticias\/area\/previdenciario\/trf4-forum-previdenciario-de-sc-realiza-25a-reuniao-06-09-2019.html","title":{"rendered":"TRF4: F\u00f3rum Previdenci\u00e1rio de SC realiza 25\u00aa reuni\u00e3o (06\/09\/2019)"},"content":{"rendered":"<p><br \/>\n<\/p>\n<p>A Coordenadoria dos Juizados Especiais Federais (Cojef) da 4\u00aa Regi\u00e3o promoveu hoje (6\/9\/), em Florian\u00f3polis, a 25\u00aa reuni\u00e3o do F\u00f3rum Interinstitucional Previdenci\u00e1rio de Santa Catarina. A reuni\u00e3o foi presidida pela coordenadora da Cojef, desembargadora federal V\u00e2nia Hack de Almeida, e contou com as presen\u00e7as do coordenador do Sistema de Concilia\u00e7\u00e3o (Sistcon), desembargador federal Jorge Antonio Maurique, do diretor do Foro da Justi\u00e7a Federal catarinense (JFSC), juiz federal Alcides Vettorazzi, e do vice-diretor da JFSC, juiz federal Vilian Bollmann, al\u00e9m de ju\u00edzes e representantes de institui\u00e7\u00f5es e segmentos.<\/p>\n<p>Um dos temas debatidos foram as a\u00e7\u00f5es do Centro Nacional de Intelig\u00eancia da Justi\u00e7a Federal, apresentadas pelo vice-diretor da JFSC e pela ju\u00edza federal Ta\u00eds Schilling Ferraz, atrav\u00e9s de videoconfer\u00eancia de Porto Alegre (RS). Bollmann falou especificamente sobre nota t\u00e9cnica aprovada no in\u00edcio de junho, referente aos casos de pedidos de restabelecimento de benef\u00edcios de aux\u00edlio-doen\u00e7a de segurados que se submetem \u00e0 chamada per\u00edcia m\u00e9dica resolutiva, em que n\u00e3o existe a possibilidade de prorroga\u00e7\u00e3o do benef\u00edcio por incapacidade.<\/p>\n<p>Outro assunto tratado foi a iniciativa &ldquo;INSS digital &ndash; uma nova forma de gest\u00e3o&rdquo;, com exposi\u00e7\u00e3o da chefe do Servi\u00e7o de Gerenciamento da Rede de Atendimento do instituto, Mariane Xavier. Ela explicou que o objetivo \u00e9 &ldquo;otimizar a for\u00e7a de trabalho, para que haja mais servidores na an\u00e1lise dos processos de benef\u00edcio. Os canais de atendimento remoto s\u00e3o o &ldquo;Meu INSS&rdquo;, a pr\u00f3pria p\u00e1gina da institui\u00e7\u00e3o na Internet e o telefone 135. O procurador regional do instituto, Marcelo da Silva Freitas, tamb\u00e9m informou a transfer\u00eancia recente da sede da Procuradoria Federal Especializada na regi\u00e3o para a capital catarinense, ficando mais pr\u00f3xima da Superintend\u00eancia Regional Sul.<\/p>\n<p>A reuni\u00e3o teve tamb\u00e9m a participa\u00e7\u00e3o de representantes da Justi\u00e7a catarinense, do Minist\u00e9rio P\u00fablico Federal, da Ordem dos Advogados do Brasil, do Instituto Brasileiro de Direito Previdenci\u00e1rio e da Associa\u00e7\u00e3o Brasileira de Advogados.<\/p>\n<p><em>Fonte: Comunica\u00e7\u00e3o Social\/JFSC<\/em><\/p>\n<p><br \/>(E) Alcides Vetorazzi, V\u00e2nia Hack de Almeida, Jorge Ant\u00f4nio Maurique e Vilian Bollmann coordenaram a reuni\u00e3o (Foto: Comunica\u00e7\u00e3o Social\/JFSC)<\/p>\n<p><img decoding=\"async\" data-src=\"https:\/\/www2.trf4.jus.br\/trf4\/upload\/editor\/pha_dscn3557---copia.jpg\" title=\"Foto: Comunica\u00e7\u00e3o Social\/JFSC\" alt=\"A reuni\u00e3o ocorreu em Florian\u00f3polis (SC)\" style=\"width:800px\" src=\"data:image\/svg+xml;base64,PHN2ZyB3aWR0aD0iMSIgaGVpZ2h0PSIxIiB4bWxucz0iaHR0cDovL3d3dy53My5vcmcvMjAwMC9zdmciPjwvc3ZnPg==\" class=\"lazyload\" \/><br \/>A reuni\u00e3o ocorreu em Florian\u00f3polis (SC) (Foto: Comunica\u00e7\u00e3o Social\/JFSC)<\/p>\n<p><img decoding=\"async\" data-src=\"https:\/\/www2.trf4.jus.br\/trf4\/upload\/editor\/pha_dscn3552---copia.jpg\" title=\"Foto: Comunica\u00e7\u00e3o Social\/JFSC\" alt=\"(E) Marcelo da Silva Freitas e Mariane Xavier\" style=\"width:800px\" src=\"data:image\/svg+xml;base64,PHN2ZyB3aWR0aD0iMSIgaGVpZ2h0PSIxIiB4bWxucz0iaHR0cDovL3d3dy53My5vcmcvMjAwMC9zdmciPjwvc3ZnPg==\" class=\"lazyload\" \/><br \/>(E) Marcelo da Silva Freitas e Mariane Xavier (Foto: Comunica\u00e7\u00e3o Social\/JFSC)<\/p>\n<p><i>Com informa\u00e7\u00f5es da assessoria de imprensa do TRF4.<\/i><br \/>\n<br \/><a href=\"http:\/\/www2.trf4.jus.br\/trf4\/controlador.php?acao=noticia_visualizar&#038;id_noticia=14728\">Fonte<\/a><br \/>\n<br \/><\/p>\n","protected":false},"excerpt":{"rendered":"<p>A Coordenadoria dos Juizados Especiais Federais (Cojef) da 4\u00aa Regi\u00e3o promoveu hoje (6\/9\/), em Florian\u00f3polis, a 25\u00aa reuni\u00e3o do F\u00f3rum Interinstitucional Previdenci\u00e1rio de Santa Catarina. A reuni\u00e3o foi presidida pela coordenadora da Cojef, desembargadora federal V\u00e2nia Hack de Almeida, e contou com as presen\u00e7as do coordenador do Sistema de Concilia\u00e7\u00e3o (Sistcon), desembargador federal Jorge Antonio [&hellip;]<\/p>\n","protected":false},"author":3063,"featured_media":1561,"comment_status":"open","ping_status":"open","sticky":false,"template":"","format":"standard","meta":{"footnotes":""},"categories":[5,6],"tags":[11,10,8,13,9,12,17],"class_list":{"0":"post-5868","1":"post","2":"type-post","3":"status-publish","4":"format-standard","5":"has-post-thumbnail","7":"category-previdenciario","8":"category-trf4","9":"tag-aposentadoria","10":"tag-calculos-previdenciarios","11":"tag-direito-previdenciario","12":"tag-inss","13":"tag-pericia","14":"tag-perito","15":"tag-trf4"},"yoast_head":"<!-- This site is optimized with the Yoast SEO plugin v27.2 - https:\/\/yoast.com\/product\/yoast-seo-wordpress\/ -->\n<title>TRF4: F\u00f3rum Previdenci\u00e1rio de SC realiza 25\u00aa reuni\u00e3o (06\/09\/2019) | Portal de Not\u00edcias<\/title>\n<meta name=\"robots\" content=\"index, follow, max-snippet:-1, max-image-preview:large, max-video-preview:-1\" \/>\n<link rel=\"canonical\" href=\"https:\/\/mhcalculos.com.br\/noticias\/area\/previdenciario\/trf4-forum-previdenciario-de-sc-realiza-25a-reuniao-06-09-2019.html\" \/>\n<meta property=\"og:locale\" content=\"pt_BR\" \/>\n<meta property=\"og:type\" content=\"article\" \/>\n<meta property=\"og:title\" content=\"TRF4: F\u00f3rum Previdenci\u00e1rio de SC realiza 25\u00aa reuni\u00e3o (06\/09\/2019) | Portal de Not\u00edcias\" \/>\n<meta property=\"og:description\" content=\"A Coordenadoria dos Juizados Especiais Federais (Cojef) da 4\u00aa Regi\u00e3o promoveu hoje (6\/9\/), em Florian\u00f3polis, a 25\u00aa reuni\u00e3o do F\u00f3rum Interinstitucional Previdenci\u00e1rio de Santa Catarina. A reuni\u00e3o foi presidida pela coordenadora da Cojef, desembargadora federal V\u00e2nia Hack de Almeida, e contou com as presen\u00e7as do coordenador do Sistema de Concilia\u00e7\u00e3o (Sistcon), desembargador federal Jorge Antonio [&hellip;]\" \/>\n<meta property=\"og:url\" content=\"https:\/\/mhcalculos.com.br\/noticias\/area\/previdenciario\/trf4-forum-previdenciario-de-sc-realiza-25a-reuniao-06-09-2019.html\" \/>\n<meta property=\"og:site_name\" content=\"Portal de Not\u00edcias\" \/>\n<meta property=\"article:published_time\" content=\"2019-09-10T13:05:24+00:00\" \/>\n<meta property=\"article:modified_time\" content=\"2021-07-28T17:32:08+00:00\" \/>\n<meta property=\"og:image\" content=\"https:\/\/mhcalculos.com.br\/noticias\/wp-content\/uploads\/sites\/2\/2018\/05\/judiciario-0031.jpg\" \/>\n\t<meta property=\"og:image:width\" content=\"2000\" \/>\n\t<meta property=\"og:image:height\" content=\"800\" \/>\n\t<meta property=\"og:image:type\" content=\"image\/jpeg\" \/>\n<meta name=\"author\" content=\"Equipe MH\" \/>\n<meta name=\"twitter:card\" content=\"summary_large_image\" \/>\n<meta name=\"twitter:label1\" content=\"Escrito por\" \/>\n\t<meta name=\"twitter:data1\" content=\"Equipe MH\" \/>\n\t<meta name=\"twitter:label2\" content=\"Est. tempo de leitura\" \/>\n\t<meta name=\"twitter:data2\" content=\"2 minutos\" \/>\n<script type=\"application\/ld+json\" class=\"yoast-schema-graph\">{\"@context\":\"https:\/\/schema.org\",\"@graph\":[{\"@type\":\"Article\",\"@id\":\"https:\/\/mhcalculos.com.br\/noticias\/area\/previdenciario\/trf4-forum-previdenciario-de-sc-realiza-25a-reuniao-06-09-2019.html#article\",\"isPartOf\":{\"@id\":\"https:\/\/mhcalculos.com.br\/noticias\/area\/previdenciario\/trf4-forum-previdenciario-de-sc-realiza-25a-reuniao-06-09-2019.html\"},\"author\":{\"name\":\"Equipe MH\",\"@id\":\"https:\/\/mhcalculos.com.br\/noticias\/#\/schema\/person\/88d1c34bf72dc779ea14a5a6b8e0ae8d\"},\"headline\":\"TRF4: F\u00f3rum Previdenci\u00e1rio de SC realiza 25\u00aa reuni\u00e3o (06\/09\/2019)\",\"datePublished\":\"2019-09-10T13:05:24+00:00\",\"dateModified\":\"2021-07-28T17:32:08+00:00\",\"mainEntityOfPage\":{\"@id\":\"https:\/\/mhcalculos.com.br\/noticias\/area\/previdenciario\/trf4-forum-previdenciario-de-sc-realiza-25a-reuniao-06-09-2019.html\"},\"wordCount\":432,\"commentCount\":0,\"image\":{\"@id\":\"https:\/\/mhcalculos.com.br\/noticias\/area\/previdenciario\/trf4-forum-previdenciario-de-sc-realiza-25a-reuniao-06-09-2019.html#primaryimage\"},\"thumbnailUrl\":\"https:\/\/mhcalculos.com.br\/noticias\/wp-content\/uploads\/sites\/2\/2018\/05\/judiciario-0031.jpg\",\"keywords\":[\"aposentadoria\",\"c\u00e1lculos previdenci\u00e1rios\",\"direito previdenci\u00e1rio\",\"inss\",\"per\u00edcia\",\"perito\",\"trf4\"],\"articleSection\":[\"Direito Previdenci\u00e1rio\",\"TRF4\"],\"inLanguage\":\"pt-BR\",\"potentialAction\":[{\"@type\":\"CommentAction\",\"name\":\"Comment\",\"target\":[\"https:\/\/mhcalculos.com.br\/noticias\/area\/previdenciario\/trf4-forum-previdenciario-de-sc-realiza-25a-reuniao-06-09-2019.html#respond\"]}]},{\"@type\":\"WebPage\",\"@id\":\"https:\/\/mhcalculos.com.br\/noticias\/area\/previdenciario\/trf4-forum-previdenciario-de-sc-realiza-25a-reuniao-06-09-2019.html\",\"url\":\"https:\/\/mhcalculos.com.br\/noticias\/area\/previdenciario\/trf4-forum-previdenciario-de-sc-realiza-25a-reuniao-06-09-2019.html\",\"name\":\"TRF4: F\u00f3rum Previdenci\u00e1rio de SC realiza 25\u00aa reuni\u00e3o (06\/09\/2019) | Portal de Not\u00edcias\",\"isPartOf\":{\"@id\":\"https:\/\/mhcalculos.com.br\/noticias\/#website\"},\"primaryImageOfPage\":{\"@id\":\"https:\/\/mhcalculos.com.br\/noticias\/area\/previdenciario\/trf4-forum-previdenciario-de-sc-realiza-25a-reuniao-06-09-2019.html#primaryimage\"},\"image\":{\"@id\":\"https:\/\/mhcalculos.com.br\/noticias\/area\/previdenciario\/trf4-forum-previdenciario-de-sc-realiza-25a-reuniao-06-09-2019.html#primaryimage\"},\"thumbnailUrl\":\"https:\/\/mhcalculos.com.br\/noticias\/wp-content\/uploads\/sites\/2\/2018\/05\/judiciario-0031.jpg\",\"datePublished\":\"2019-09-10T13:05:24+00:00\",\"dateModified\":\"2021-07-28T17:32:08+00:00\",\"author\":{\"@id\":\"https:\/\/mhcalculos.com.br\/noticias\/#\/schema\/person\/88d1c34bf72dc779ea14a5a6b8e0ae8d\"},\"breadcrumb\":{\"@id\":\"https:\/\/mhcalculos.com.br\/noticias\/area\/previdenciario\/trf4-forum-previdenciario-de-sc-realiza-25a-reuniao-06-09-2019.html#breadcrumb\"},\"inLanguage\":\"pt-BR\",\"potentialAction\":[{\"@type\":\"ReadAction\",\"target\":[\"https:\/\/mhcalculos.com.br\/noticias\/area\/previdenciario\/trf4-forum-previdenciario-de-sc-realiza-25a-reuniao-06-09-2019.html\"]}]},{\"@type\":\"ImageObject\",\"inLanguage\":\"pt-BR\",\"@id\":\"https:\/\/mhcalculos.com.br\/noticias\/area\/previdenciario\/trf4-forum-previdenciario-de-sc-realiza-25a-reuniao-06-09-2019.html#primaryimage\",\"url\":\"https:\/\/mhcalculos.com.br\/noticias\/wp-content\/uploads\/sites\/2\/2018\/05\/judiciario-0031.jpg\",\"contentUrl\":\"https:\/\/mhcalculos.com.br\/noticias\/wp-content\/uploads\/sites\/2\/2018\/05\/judiciario-0031.jpg\",\"width\":2000,\"height\":800},{\"@type\":\"BreadcrumbList\",\"@id\":\"https:\/\/mhcalculos.com.br\/noticias\/area\/previdenciario\/trf4-forum-previdenciario-de-sc-realiza-25a-reuniao-06-09-2019.html#breadcrumb\",\"itemListElement\":[{\"@type\":\"ListItem\",\"position\":1,\"name\":\"In\u00edcio\",\"item\":\"https:\/\/mhcalculos.com.br\/noticias\/\"},{\"@type\":\"ListItem\",\"position\":2,\"name\":\"TRF4: F\u00f3rum Previdenci\u00e1rio de SC realiza 25\u00aa reuni\u00e3o (06\/09\/2019)\"}]},{\"@type\":\"WebSite\",\"@id\":\"https:\/\/mhcalculos.com.br\/noticias\/#website\",\"url\":\"https:\/\/mhcalculos.com.br\/noticias\/\",\"name\":\"Portal de Not\u00edcias\",\"description\":\"Not\u00edcias e Jurisprud\u00eancia\",\"potentialAction\":[{\"@type\":\"SearchAction\",\"target\":{\"@type\":\"EntryPoint\",\"urlTemplate\":\"https:\/\/mhcalculos.com.br\/noticias\/?s={search_term_string}\"},\"query-input\":{\"@type\":\"PropertyValueSpecification\",\"valueRequired\":true,\"valueName\":\"search_term_string\"}}],\"inLanguage\":\"pt-BR\"},{\"@type\":\"Person\",\"@id\":\"https:\/\/mhcalculos.com.br\/noticias\/#\/schema\/person\/88d1c34bf72dc779ea14a5a6b8e0ae8d\",\"name\":\"Equipe MH\",\"image\":{\"@type\":\"ImageObject\",\"inLanguage\":\"pt-BR\",\"@id\":\"https:\/\/secure.gravatar.com\/avatar\/de1c686c2ecc9c5a3f327e3431d819eb39f8f05d4e1045f5a1caad6daaba987f?s=96&d=mm&r=g\",\"url\":\"https:\/\/secure.gravatar.com\/avatar\/de1c686c2ecc9c5a3f327e3431d819eb39f8f05d4e1045f5a1caad6daaba987f?s=96&d=mm&r=g\",\"contentUrl\":\"https:\/\/secure.gravatar.com\/avatar\/de1c686c2ecc9c5a3f327e3431d819eb39f8f05d4e1045f5a1caad6daaba987f?s=96&d=mm&r=g\",\"caption\":\"Equipe MH\"}}]}<\/script>\n<!-- \/ Yoast SEO plugin. -->","yoast_head_json":{"title":"TRF4: F\u00f3rum Previdenci\u00e1rio de SC realiza 25\u00aa reuni\u00e3o (06\/09\/2019) | Portal de Not\u00edcias","robots":{"index":"index","follow":"follow","max-snippet":"max-snippet:-1","max-image-preview":"max-image-preview:large","max-video-preview":"max-video-preview:-1"},"canonical":"https:\/\/mhcalculos.com.br\/noticias\/area\/previdenciario\/trf4-forum-previdenciario-de-sc-realiza-25a-reuniao-06-09-2019.html","og_locale":"pt_BR","og_type":"article","og_title":"TRF4: F\u00f3rum Previdenci\u00e1rio de SC realiza 25\u00aa reuni\u00e3o (06\/09\/2019) | Portal de Not\u00edcias","og_description":"A Coordenadoria dos Juizados Especiais Federais (Cojef) da 4\u00aa Regi\u00e3o promoveu hoje (6\/9\/), em Florian\u00f3polis, a 25\u00aa reuni\u00e3o do F\u00f3rum Interinstitucional Previdenci\u00e1rio de Santa Catarina. A reuni\u00e3o foi presidida pela coordenadora da Cojef, desembargadora federal V\u00e2nia Hack de Almeida, e contou com as presen\u00e7as do coordenador do Sistema de Concilia\u00e7\u00e3o (Sistcon), desembargador federal Jorge Antonio [&hellip;]","og_url":"https:\/\/mhcalculos.com.br\/noticias\/area\/previdenciario\/trf4-forum-previdenciario-de-sc-realiza-25a-reuniao-06-09-2019.html","og_site_name":"Portal de Not\u00edcias","article_published_time":"2019-09-10T13:05:24+00:00","article_modified_time":"2021-07-28T17:32:08+00:00","og_image":[{"width":2000,"height":800,"url":"https:\/\/mhcalculos.com.br\/noticias\/wp-content\/uploads\/sites\/2\/2018\/05\/judiciario-0031.jpg","type":"image\/jpeg"}],"author":"Equipe MH","twitter_card":"summary_large_image","twitter_misc":{"Escrito por":"Equipe MH","Est. tempo de leitura":"2 minutos"},"schema":{"@context":"https:\/\/schema.org","@graph":[{"@type":"Article","@id":"https:\/\/mhcalculos.com.br\/noticias\/area\/previdenciario\/trf4-forum-previdenciario-de-sc-realiza-25a-reuniao-06-09-2019.html#article","isPartOf":{"@id":"https:\/\/mhcalculos.com.br\/noticias\/area\/previdenciario\/trf4-forum-previdenciario-de-sc-realiza-25a-reuniao-06-09-2019.html"},"author":{"name":"Equipe MH","@id":"https:\/\/mhcalculos.com.br\/noticias\/#\/schema\/person\/88d1c34bf72dc779ea14a5a6b8e0ae8d"},"headline":"TRF4: F\u00f3rum Previdenci\u00e1rio de SC realiza 25\u00aa reuni\u00e3o (06\/09\/2019)","datePublished":"2019-09-10T13:05:24+00:00","dateModified":"2021-07-28T17:32:08+00:00","mainEntityOfPage":{"@id":"https:\/\/mhcalculos.com.br\/noticias\/area\/previdenciario\/trf4-forum-previdenciario-de-sc-realiza-25a-reuniao-06-09-2019.html"},"wordCount":432,"commentCount":0,"image":{"@id":"https:\/\/mhcalculos.com.br\/noticias\/area\/previdenciario\/trf4-forum-previdenciario-de-sc-realiza-25a-reuniao-06-09-2019.html#primaryimage"},"thumbnailUrl":"https:\/\/mhcalculos.com.br\/noticias\/wp-content\/uploads\/sites\/2\/2018\/05\/judiciario-0031.jpg","keywords":["aposentadoria","c\u00e1lculos previdenci\u00e1rios","direito previdenci\u00e1rio","inss","per\u00edcia","perito","trf4"],"articleSection":["Direito Previdenci\u00e1rio","TRF4"],"inLanguage":"pt-BR","potentialAction":[{"@type":"CommentAction","name":"Comment","target":["https:\/\/mhcalculos.com.br\/noticias\/area\/previdenciario\/trf4-forum-previdenciario-de-sc-realiza-25a-reuniao-06-09-2019.html#respond"]}]},{"@type":"WebPage","@id":"https:\/\/mhcalculos.com.br\/noticias\/area\/previdenciario\/trf4-forum-previdenciario-de-sc-realiza-25a-reuniao-06-09-2019.html","url":"https:\/\/mhcalculos.com.br\/noticias\/area\/previdenciario\/trf4-forum-previdenciario-de-sc-realiza-25a-reuniao-06-09-2019.html","name":"TRF4: F\u00f3rum Previdenci\u00e1rio de SC realiza 25\u00aa reuni\u00e3o (06\/09\/2019) | Portal de Not\u00edcias","isPartOf":{"@id":"https:\/\/mhcalculos.com.br\/noticias\/#website"},"primaryImageOfPage":{"@id":"https:\/\/mhcalculos.com.br\/noticias\/area\/previdenciario\/trf4-forum-previdenciario-de-sc-realiza-25a-reuniao-06-09-2019.html#primaryimage"},"image":{"@id":"https:\/\/mhcalculos.com.br\/noticias\/area\/previdenciario\/trf4-forum-previdenciario-de-sc-realiza-25a-reuniao-06-09-2019.html#primaryimage"},"thumbnailUrl":"https:\/\/mhcalculos.com.br\/noticias\/wp-content\/uploads\/sites\/2\/2018\/05\/judiciario-0031.jpg","datePublished":"2019-09-10T13:05:24+00:00","dateModified":"2021-07-28T17:32:08+00:00","author":{"@id":"https:\/\/mhcalculos.com.br\/noticias\/#\/schema\/person\/88d1c34bf72dc779ea14a5a6b8e0ae8d"},"breadcrumb":{"@id":"https:\/\/mhcalculos.com.br\/noticias\/area\/previdenciario\/trf4-forum-previdenciario-de-sc-realiza-25a-reuniao-06-09-2019.html#breadcrumb"},"inLanguage":"pt-BR","potentialAction":[{"@type":"ReadAction","target":["https:\/\/mhcalculos.com.br\/noticias\/area\/previdenciario\/trf4-forum-previdenciario-de-sc-realiza-25a-reuniao-06-09-2019.html"]}]},{"@type":"ImageObject","inLanguage":"pt-BR","@id":"https:\/\/mhcalculos.com.br\/noticias\/area\/previdenciario\/trf4-forum-previdenciario-de-sc-realiza-25a-reuniao-06-09-2019.html#primaryimage","url":"https:\/\/mhcalculos.com.br\/noticias\/wp-content\/uploads\/sites\/2\/2018\/05\/judiciario-0031.jpg","contentUrl":"https:\/\/mhcalculos.com.br\/noticias\/wp-content\/uploads\/sites\/2\/2018\/05\/judiciario-0031.jpg","width":2000,"height":800},{"@type":"BreadcrumbList","@id":"https:\/\/mhcalculos.com.br\/noticias\/area\/previdenciario\/trf4-forum-previdenciario-de-sc-realiza-25a-reuniao-06-09-2019.html#breadcrumb","itemListElement":[{"@type":"ListItem","position":1,"name":"In\u00edcio","item":"https:\/\/mhcalculos.com.br\/noticias\/"},{"@type":"ListItem","position":2,"name":"TRF4: F\u00f3rum Previdenci\u00e1rio de SC realiza 25\u00aa reuni\u00e3o (06\/09\/2019)"}]},{"@type":"WebSite","@id":"https:\/\/mhcalculos.com.br\/noticias\/#website","url":"https:\/\/mhcalculos.com.br\/noticias\/","name":"Portal de Not\u00edcias","description":"Not\u00edcias e Jurisprud\u00eancia","potentialAction":[{"@type":"SearchAction","target":{"@type":"EntryPoint","urlTemplate":"https:\/\/mhcalculos.com.br\/noticias\/?s={search_term_string}"},"query-input":{"@type":"PropertyValueSpecification","valueRequired":true,"valueName":"search_term_string"}}],"inLanguage":"pt-BR"},{"@type":"Person","@id":"https:\/\/mhcalculos.com.br\/noticias\/#\/schema\/person\/88d1c34bf72dc779ea14a5a6b8e0ae8d","name":"Equipe MH","image":{"@type":"ImageObject","inLanguage":"pt-BR","@id":"https:\/\/secure.gravatar.com\/avatar\/de1c686c2ecc9c5a3f327e3431d819eb39f8f05d4e1045f5a1caad6daaba987f?s=96&d=mm&r=g","url":"https:\/\/secure.gravatar.com\/avatar\/de1c686c2ecc9c5a3f327e3431d819eb39f8f05d4e1045f5a1caad6daaba987f?s=96&d=mm&r=g","contentUrl":"https:\/\/secure.gravatar.com\/avatar\/de1c686c2ecc9c5a3f327e3431d819eb39f8f05d4e1045f5a1caad6daaba987f?s=96&d=mm&r=g","caption":"Equipe MH"}}]}},"_links":{"self":[{"href":"https:\/\/mhcalculos.com.br\/noticias\/wp-json\/wp\/v2\/posts\/5868","targetHints":{"allow":["GET"]}}],"collection":[{"href":"https:\/\/mhcalculos.com.br\/noticias\/wp-json\/wp\/v2\/posts"}],"about":[{"href":"https:\/\/mhcalculos.com.br\/noticias\/wp-json\/wp\/v2\/types\/post"}],"author":[{"embeddable":true,"href":"https:\/\/mhcalculos.com.br\/noticias\/wp-json\/wp\/v2\/users\/3063"}],"replies":[{"embeddable":true,"href":"https:\/\/mhcalculos.com.br\/noticias\/wp-json\/wp\/v2\/comments?post=5868"}],"version-history":[{"count":1,"href":"https:\/\/mhcalculos.com.br\/noticias\/wp-json\/wp\/v2\/posts\/5868\/revisions"}],"predecessor-version":[{"id":9656,"href":"https:\/\/mhcalculos.com.br\/noticias\/wp-json\/wp\/v2\/posts\/5868\/revisions\/9656"}],"wp:featuredmedia":[{"embeddable":true,"href":"https:\/\/mhcalculos.com.br\/noticias\/wp-json\/wp\/v2\/media\/1561"}],"wp:attachment":[{"href":"https:\/\/mhcalculos.com.br\/noticias\/wp-json\/wp\/v2\/media?parent=5868"}],"wp:term":[{"taxonomy":"category","embeddable":true,"href":"https:\/\/mhcalculos.com.br\/noticias\/wp-json\/wp\/v2\/categories?post=5868"},{"taxonomy":"post_tag","embeddable":true,"href":"https:\/\/mhcalculos.com.br\/noticias\/wp-json\/wp\/v2\/tags?post=5868"}],"curies":[{"name":"wp","href":"https:\/\/api.w.org\/{rel}","templated":true}]}}