{"id":5857,"date":"2019-09-08T02:05:07","date_gmt":"2019-09-08T05:05:07","guid":{"rendered":"https:\/\/mhcalculos.com.br\/noticias\/2019\/09\/08\/trf4-eletricista-exposto-a-altas-tensoes-tem-direito-a-contagem-de-tempo-especial-06-09-2019\/"},"modified":"2021-07-28T14:32:08","modified_gmt":"2021-07-28T17:32:08","slug":"trf4-eletricista-exposto-a-altas-tensoes-tem-direito-a-contagem-de-tempo-especial-06-09-2019","status":"publish","type":"post","link":"https:\/\/mhcalculos.com.br\/noticias\/area\/previdenciario\/trf4-eletricista-exposto-a-altas-tensoes-tem-direito-a-contagem-de-tempo-especial-06-09-2019.html","title":{"rendered":"TRF4: Eletricista exposto a altas tens\u00f5es tem direito a contagem de tempo especial (06\/09\/2019)"},"content":{"rendered":"<p><br \/>\n<\/p>\n<p>O equipamento de prote\u00e7\u00e3o individual (EPI) considerado eficaz n\u00e3o \u00e9 apto a afastar a especialidade pelo risco da exposi\u00e7\u00e3o a tens\u00f5es superiores a 250 volts. Esse foi o entendimento da Turma Regional de Uniformiza\u00e7\u00e3o (TRU) dos Juizados Especiais Federais (JEFs) da 4\u00aa Regi\u00e3o, que deu provimento a um pedido de uniformiza\u00e7\u00e3o de interpreta\u00e7\u00e3o de lei. A uniformiza\u00e7\u00e3o de jurisprud\u00eancia foi feita em processo previdenci\u00e1rio julgado na sess\u00e3o do dia 30 de agosto do colegiado regional.<\/p>\n<p>O incidente de uniformiza\u00e7\u00e3o de jurisprud\u00eancia foi suscitado por um eletricista residente de Pato Branco (PR), autor de uma a\u00e7\u00e3o contra o Instituto Nacional do Seguro Social (INSS), que buscava a concess\u00e3o do benef\u00edcio de aposentadoria por tempo de contribui\u00e7\u00e3o.<\/p>\n<p>O requerente alegou que teve o pedido negado pela autarquia, na via administrativa, pois o INSS n\u00e3o contabilizou os per\u00edodos de contribui\u00e7\u00e3o em que ele trabalhou em exposi\u00e7\u00e3o cont\u00ednua a agentes nocivos prejudiciais \u00e0 sua sa\u00fade e \u00e0 sua integridade f\u00edsica, no caso eletricidade de alta tens\u00e3o, como tempo especial. Assim, ele n\u00e3o pode converter o tempo de atividade especial em tempo comum para obter a aposentadoria.<\/p>\n<p>A Justi\u00e7a Federal de Pato Branco, em senten\u00e7a, julgou o pedido procedente em parte, reconhecendo apenas alguns dos per\u00edodos trabalhados pelo autor na atividade de eletricista como tempo de contribui\u00e7\u00e3o especial.<\/p>\n<p>O ju\u00edzo entendeu que, durante os anos que n\u00e3o foram considerados como tempo especial, a utiliza\u00e7\u00e3o de EPI foi suficiente para excluir os danos causados pelos agentes nocivos e que o homem n\u00e3o esteve sujeito ao agente eletricidade de maneira habitual.<\/p>\n<p>O autor interp\u00f4s recurso junto \u00e0 2\u00aa Turma Recursal do Paran\u00e1 para que os per\u00edodos de 02\/08\/1999 a 01\/09\/1999; de 13\/11\/2001 a 09\/07\/2002; de 08\/10\/2004 a 10\/07\/2005; de 13\/06\/2005 a 31\/03\/2011; e de 08\/05\/2012 a 01\/08\/2014 tamb\u00e9m fossem contabilizados como tempo especial.<\/p>\n<p>A defesa dele alegou que a mera exist\u00eancia de EPI eficaz n\u00e3o \u00e9 suficiente para excluir totalmente os danos causados ao segurado e desqualificar a especialidade da atividade exercida por ele.<\/p>\n<p>No entanto, a 2\u00aa Turma Recursal do Paran\u00e1 decidiu manter a senten\u00e7a, n\u00e3o dando provimento ao pedido do autor.<\/p>\n<p>Ap\u00f3s essa negativa, o eletricista ajuizou o pedido de uniformiza\u00e7\u00e3o de jurisprud\u00eancia. Ele apontou a diverg\u00eancia entre a posi\u00e7\u00e3o da Turma paranaense e um ac\u00f3rd\u00e3o da 4\u00aa Turma Recursal do Rio Grande do Sul, que reconheceu como tempo de servi\u00e7o especial o per\u00edodo em que um segurado esteve exposto ao agente eletricidade, nos mesmos n\u00edveis de tens\u00e3o que o autor, mesmo estando presente o uso de EPIs eficaz na atividade laboral.<\/p>\n<p>A TRU decidiu, por maioria, dar provimento ao incidente de uniformiza\u00e7\u00e3o de interpreta\u00e7\u00e3o de lei. Para o colegiado regional, o uso de EPI n\u00e3o \u00e9 apto a descaracterizar a especialidade pelo risco na exposi\u00e7\u00e3o a altas tens\u00f5es, devendo ser seguida a tese de que &ldquo;o EPI considerado eficaz n\u00e3o \u00e9 apto a afastar a especialidade pelo risco da exposi\u00e7\u00e3o a tens\u00f5es superiores a 250 volts&rdquo;.<\/p>\n<p>O relator do caso na TRU, juiz federal Vicente de Paula Ata\u00edde J\u00fanior, salientou que a &ldquo;exposi\u00e7\u00e3o ao risco &#8211; bem como a medida de tens\u00e3o el\u00e9trica (voltagem) acima dos 250 volts &#8211; n\u00e3o s\u00e3o quest\u00f5es controvertidas, mas t\u00e3o-somente a aptid\u00e3o do EPI em descaracterizar a especialidade&rdquo;.<\/p>\n<p>Dessa forma, o magistrado citou o entendimento da 5\u00aa Turma do Tribunal Regional Federal da 4\u00aa Regi\u00e3o (TRF4) de que a exposi\u00e7\u00e3o do segurado ao agente periculoso eletricidade acima de 250 volts (alta tens\u00e3o) sempre caracteriza a atividade como especial, independentemente da utiliza\u00e7\u00e3o ou n\u00e3o de EPI ou de men\u00e7\u00e3o, em laudo pericial, \u00e0 neutraliza\u00e7\u00e3o de seus efeitos nocivos.<\/p>\n<p>Na conclus\u00e3o de seu voto, o juiz determinou que &ldquo;os per\u00edodos controvertidos devem ter a especialidade reconhecida como resultado da uniformiza\u00e7\u00e3o pretendida, fixando-se a tese de que &lsquo;o EPI considerado eficaz n\u00e3o \u00e9 apto a afastar a especialidade pelo risco da exposi\u00e7\u00e3o a tens\u00f5es superiores a 250 volts&rsquo;, devendo o incidente ser provido e os autos retornarem ao ju\u00edzo de origem para readequa\u00e7\u00e3o&rdquo;.<\/p>\n<p><br \/>A TRU realizou sess\u00e3o de julgamento na sede do TRF4 no dia 30\/8 (Foto: Maur\u00edcio Cauduro\/TRF4)<\/p>\n<p><i>Com informa\u00e7\u00f5es da assessoria de imprensa do TRF4.<\/i><br \/>\n<br \/><a href=\"http:\/\/www2.trf4.jus.br\/trf4\/controlador.php?acao=noticia_visualizar&#038;id_noticia=14731\">Fonte<\/a><br \/>\n<br \/><\/p>\n","protected":false},"excerpt":{"rendered":"<p>O equipamento de prote\u00e7\u00e3o individual (EPI) considerado eficaz n\u00e3o \u00e9 apto a afastar a especialidade pelo risco da exposi\u00e7\u00e3o a tens\u00f5es superiores a 250 volts. Esse foi o entendimento da Turma Regional de Uniformiza\u00e7\u00e3o (TRU) dos Juizados Especiais Federais (JEFs) da 4\u00aa Regi\u00e3o, que deu provimento a um pedido de uniformiza\u00e7\u00e3o de interpreta\u00e7\u00e3o de lei. [&hellip;]<\/p>\n","protected":false},"author":3063,"featured_media":5858,"comment_status":"open","ping_status":"open","sticky":false,"template":"","format":"standard","meta":{"footnotes":""},"categories":[5,6],"tags":[11,10,8,13,9,12,17],"class_list":{"0":"post-5857","1":"post","2":"type-post","3":"status-publish","4":"format-standard","5":"has-post-thumbnail","7":"category-previdenciario","8":"category-trf4","9":"tag-aposentadoria","10":"tag-calculos-previdenciarios","11":"tag-direito-previdenciario","12":"tag-inss","13":"tag-pericia","14":"tag-perito","15":"tag-trf4"},"yoast_head":"<!-- This site is optimized with the Yoast SEO plugin v27.2 - https:\/\/yoast.com\/product\/yoast-seo-wordpress\/ -->\n<title>TRF4: Eletricista exposto a altas tens\u00f5es tem direito a contagem de tempo especial (06\/09\/2019) | Portal de Not\u00edcias<\/title>\n<meta name=\"robots\" content=\"index, follow, max-snippet:-1, max-image-preview:large, max-video-preview:-1\" \/>\n<link rel=\"canonical\" href=\"https:\/\/mhcalculos.com.br\/noticias\/area\/previdenciario\/trf4-eletricista-exposto-a-altas-tensoes-tem-direito-a-contagem-de-tempo-especial-06-09-2019.html\" \/>\n<meta property=\"og:locale\" content=\"pt_BR\" \/>\n<meta property=\"og:type\" content=\"article\" \/>\n<meta property=\"og:title\" content=\"TRF4: Eletricista exposto a altas tens\u00f5es tem direito a contagem de tempo especial (06\/09\/2019) | Portal de Not\u00edcias\" \/>\n<meta property=\"og:description\" content=\"O equipamento de prote\u00e7\u00e3o individual (EPI) considerado eficaz n\u00e3o \u00e9 apto a afastar a especialidade pelo risco da exposi\u00e7\u00e3o a tens\u00f5es superiores a 250 volts. Esse foi o entendimento da Turma Regional de Uniformiza\u00e7\u00e3o (TRU) dos Juizados Especiais Federais (JEFs) da 4\u00aa Regi\u00e3o, que deu provimento a um pedido de uniformiza\u00e7\u00e3o de interpreta\u00e7\u00e3o de lei. [&hellip;]\" \/>\n<meta property=\"og:url\" content=\"https:\/\/mhcalculos.com.br\/noticias\/area\/previdenciario\/trf4-eletricista-exposto-a-altas-tensoes-tem-direito-a-contagem-de-tempo-especial-06-09-2019.html\" \/>\n<meta property=\"og:site_name\" content=\"Portal de Not\u00edcias\" \/>\n<meta property=\"article:published_time\" content=\"2019-09-08T05:05:07+00:00\" \/>\n<meta property=\"article:modified_time\" content=\"2021-07-28T17:32:08+00:00\" \/>\n<meta property=\"og:image\" content=\"https:\/\/mhcalculos.com.br\/noticias\/wp-content\/uploads\/sites\/2\/2019\/09\/bfc_img_3348_portal-scaled.jpg\" \/>\n\t<meta property=\"og:image:width\" content=\"2560\" \/>\n\t<meta property=\"og:image:height\" content=\"1743\" \/>\n\t<meta property=\"og:image:type\" content=\"image\/jpeg\" \/>\n<meta name=\"author\" content=\"Equipe MH\" \/>\n<meta name=\"twitter:card\" content=\"summary_large_image\" \/>\n<meta name=\"twitter:label1\" content=\"Escrito por\" \/>\n\t<meta name=\"twitter:data1\" content=\"Equipe MH\" \/>\n\t<meta name=\"twitter:label2\" content=\"Est. tempo de leitura\" \/>\n\t<meta name=\"twitter:data2\" content=\"4 minutos\" \/>\n<script type=\"application\/ld+json\" class=\"yoast-schema-graph\">{\"@context\":\"https:\/\/schema.org\",\"@graph\":[{\"@type\":\"Article\",\"@id\":\"https:\/\/mhcalculos.com.br\/noticias\/area\/previdenciario\/trf4-eletricista-exposto-a-altas-tensoes-tem-direito-a-contagem-de-tempo-especial-06-09-2019.html#article\",\"isPartOf\":{\"@id\":\"https:\/\/mhcalculos.com.br\/noticias\/area\/previdenciario\/trf4-eletricista-exposto-a-altas-tensoes-tem-direito-a-contagem-de-tempo-especial-06-09-2019.html\"},\"author\":{\"name\":\"Equipe MH\",\"@id\":\"https:\/\/mhcalculos.com.br\/noticias\/#\/schema\/person\/88d1c34bf72dc779ea14a5a6b8e0ae8d\"},\"headline\":\"TRF4: Eletricista exposto a altas tens\u00f5es tem direito a contagem de tempo especial (06\/09\/2019)\",\"datePublished\":\"2019-09-08T05:05:07+00:00\",\"dateModified\":\"2021-07-28T17:32:08+00:00\",\"mainEntityOfPage\":{\"@id\":\"https:\/\/mhcalculos.com.br\/noticias\/area\/previdenciario\/trf4-eletricista-exposto-a-altas-tensoes-tem-direito-a-contagem-de-tempo-especial-06-09-2019.html\"},\"wordCount\":758,\"commentCount\":0,\"image\":{\"@id\":\"https:\/\/mhcalculos.com.br\/noticias\/area\/previdenciario\/trf4-eletricista-exposto-a-altas-tensoes-tem-direito-a-contagem-de-tempo-especial-06-09-2019.html#primaryimage\"},\"thumbnailUrl\":\"https:\/\/mhcalculos.com.br\/noticias\/wp-content\/uploads\/sites\/2\/2019\/09\/bfc_img_3348_portal-scaled.jpg\",\"keywords\":[\"aposentadoria\",\"c\u00e1lculos previdenci\u00e1rios\",\"direito previdenci\u00e1rio\",\"inss\",\"per\u00edcia\",\"perito\",\"trf4\"],\"articleSection\":[\"Direito Previdenci\u00e1rio\",\"TRF4\"],\"inLanguage\":\"pt-BR\",\"potentialAction\":[{\"@type\":\"CommentAction\",\"name\":\"Comment\",\"target\":[\"https:\/\/mhcalculos.com.br\/noticias\/area\/previdenciario\/trf4-eletricista-exposto-a-altas-tensoes-tem-direito-a-contagem-de-tempo-especial-06-09-2019.html#respond\"]}]},{\"@type\":\"WebPage\",\"@id\":\"https:\/\/mhcalculos.com.br\/noticias\/area\/previdenciario\/trf4-eletricista-exposto-a-altas-tensoes-tem-direito-a-contagem-de-tempo-especial-06-09-2019.html\",\"url\":\"https:\/\/mhcalculos.com.br\/noticias\/area\/previdenciario\/trf4-eletricista-exposto-a-altas-tensoes-tem-direito-a-contagem-de-tempo-especial-06-09-2019.html\",\"name\":\"TRF4: Eletricista exposto a altas tens\u00f5es tem direito a contagem de tempo especial (06\/09\/2019) | Portal de Not\u00edcias\",\"isPartOf\":{\"@id\":\"https:\/\/mhcalculos.com.br\/noticias\/#website\"},\"primaryImageOfPage\":{\"@id\":\"https:\/\/mhcalculos.com.br\/noticias\/area\/previdenciario\/trf4-eletricista-exposto-a-altas-tensoes-tem-direito-a-contagem-de-tempo-especial-06-09-2019.html#primaryimage\"},\"image\":{\"@id\":\"https:\/\/mhcalculos.com.br\/noticias\/area\/previdenciario\/trf4-eletricista-exposto-a-altas-tensoes-tem-direito-a-contagem-de-tempo-especial-06-09-2019.html#primaryimage\"},\"thumbnailUrl\":\"https:\/\/mhcalculos.com.br\/noticias\/wp-content\/uploads\/sites\/2\/2019\/09\/bfc_img_3348_portal-scaled.jpg\",\"datePublished\":\"2019-09-08T05:05:07+00:00\",\"dateModified\":\"2021-07-28T17:32:08+00:00\",\"author\":{\"@id\":\"https:\/\/mhcalculos.com.br\/noticias\/#\/schema\/person\/88d1c34bf72dc779ea14a5a6b8e0ae8d\"},\"breadcrumb\":{\"@id\":\"https:\/\/mhcalculos.com.br\/noticias\/area\/previdenciario\/trf4-eletricista-exposto-a-altas-tensoes-tem-direito-a-contagem-de-tempo-especial-06-09-2019.html#breadcrumb\"},\"inLanguage\":\"pt-BR\",\"potentialAction\":[{\"@type\":\"ReadAction\",\"target\":[\"https:\/\/mhcalculos.com.br\/noticias\/area\/previdenciario\/trf4-eletricista-exposto-a-altas-tensoes-tem-direito-a-contagem-de-tempo-especial-06-09-2019.html\"]}]},{\"@type\":\"ImageObject\",\"inLanguage\":\"pt-BR\",\"@id\":\"https:\/\/mhcalculos.com.br\/noticias\/area\/previdenciario\/trf4-eletricista-exposto-a-altas-tensoes-tem-direito-a-contagem-de-tempo-especial-06-09-2019.html#primaryimage\",\"url\":\"https:\/\/mhcalculos.com.br\/noticias\/wp-content\/uploads\/sites\/2\/2019\/09\/bfc_img_3348_portal-scaled.jpg\",\"contentUrl\":\"https:\/\/mhcalculos.com.br\/noticias\/wp-content\/uploads\/sites\/2\/2019\/09\/bfc_img_3348_portal-scaled.jpg\",\"width\":2560,\"height\":1743},{\"@type\":\"BreadcrumbList\",\"@id\":\"https:\/\/mhcalculos.com.br\/noticias\/area\/previdenciario\/trf4-eletricista-exposto-a-altas-tensoes-tem-direito-a-contagem-de-tempo-especial-06-09-2019.html#breadcrumb\",\"itemListElement\":[{\"@type\":\"ListItem\",\"position\":1,\"name\":\"In\u00edcio\",\"item\":\"https:\/\/mhcalculos.com.br\/noticias\/\"},{\"@type\":\"ListItem\",\"position\":2,\"name\":\"TRF4: Eletricista exposto a altas tens\u00f5es tem direito a contagem de tempo especial (06\/09\/2019)\"}]},{\"@type\":\"WebSite\",\"@id\":\"https:\/\/mhcalculos.com.br\/noticias\/#website\",\"url\":\"https:\/\/mhcalculos.com.br\/noticias\/\",\"name\":\"Portal de Not\u00edcias\",\"description\":\"Not\u00edcias e Jurisprud\u00eancia\",\"potentialAction\":[{\"@type\":\"SearchAction\",\"target\":{\"@type\":\"EntryPoint\",\"urlTemplate\":\"https:\/\/mhcalculos.com.br\/noticias\/?s={search_term_string}\"},\"query-input\":{\"@type\":\"PropertyValueSpecification\",\"valueRequired\":true,\"valueName\":\"search_term_string\"}}],\"inLanguage\":\"pt-BR\"},{\"@type\":\"Person\",\"@id\":\"https:\/\/mhcalculos.com.br\/noticias\/#\/schema\/person\/88d1c34bf72dc779ea14a5a6b8e0ae8d\",\"name\":\"Equipe MH\",\"image\":{\"@type\":\"ImageObject\",\"inLanguage\":\"pt-BR\",\"@id\":\"https:\/\/secure.gravatar.com\/avatar\/de1c686c2ecc9c5a3f327e3431d819eb39f8f05d4e1045f5a1caad6daaba987f?s=96&d=mm&r=g\",\"url\":\"https:\/\/secure.gravatar.com\/avatar\/de1c686c2ecc9c5a3f327e3431d819eb39f8f05d4e1045f5a1caad6daaba987f?s=96&d=mm&r=g\",\"contentUrl\":\"https:\/\/secure.gravatar.com\/avatar\/de1c686c2ecc9c5a3f327e3431d819eb39f8f05d4e1045f5a1caad6daaba987f?s=96&d=mm&r=g\",\"caption\":\"Equipe MH\"}}]}<\/script>\n<!-- \/ Yoast SEO plugin. -->","yoast_head_json":{"title":"TRF4: Eletricista exposto a altas tens\u00f5es tem direito a contagem de tempo especial (06\/09\/2019) | Portal de Not\u00edcias","robots":{"index":"index","follow":"follow","max-snippet":"max-snippet:-1","max-image-preview":"max-image-preview:large","max-video-preview":"max-video-preview:-1"},"canonical":"https:\/\/mhcalculos.com.br\/noticias\/area\/previdenciario\/trf4-eletricista-exposto-a-altas-tensoes-tem-direito-a-contagem-de-tempo-especial-06-09-2019.html","og_locale":"pt_BR","og_type":"article","og_title":"TRF4: Eletricista exposto a altas tens\u00f5es tem direito a contagem de tempo especial (06\/09\/2019) | Portal de Not\u00edcias","og_description":"O equipamento de prote\u00e7\u00e3o individual (EPI) considerado eficaz n\u00e3o \u00e9 apto a afastar a especialidade pelo risco da exposi\u00e7\u00e3o a tens\u00f5es superiores a 250 volts. Esse foi o entendimento da Turma Regional de Uniformiza\u00e7\u00e3o (TRU) dos Juizados Especiais Federais (JEFs) da 4\u00aa Regi\u00e3o, que deu provimento a um pedido de uniformiza\u00e7\u00e3o de interpreta\u00e7\u00e3o de lei. [&hellip;]","og_url":"https:\/\/mhcalculos.com.br\/noticias\/area\/previdenciario\/trf4-eletricista-exposto-a-altas-tensoes-tem-direito-a-contagem-de-tempo-especial-06-09-2019.html","og_site_name":"Portal de Not\u00edcias","article_published_time":"2019-09-08T05:05:07+00:00","article_modified_time":"2021-07-28T17:32:08+00:00","og_image":[{"width":2560,"height":1743,"url":"https:\/\/mhcalculos.com.br\/noticias\/wp-content\/uploads\/sites\/2\/2019\/09\/bfc_img_3348_portal-scaled.jpg","type":"image\/jpeg"}],"author":"Equipe MH","twitter_card":"summary_large_image","twitter_misc":{"Escrito por":"Equipe MH","Est. tempo de leitura":"4 minutos"},"schema":{"@context":"https:\/\/schema.org","@graph":[{"@type":"Article","@id":"https:\/\/mhcalculos.com.br\/noticias\/area\/previdenciario\/trf4-eletricista-exposto-a-altas-tensoes-tem-direito-a-contagem-de-tempo-especial-06-09-2019.html#article","isPartOf":{"@id":"https:\/\/mhcalculos.com.br\/noticias\/area\/previdenciario\/trf4-eletricista-exposto-a-altas-tensoes-tem-direito-a-contagem-de-tempo-especial-06-09-2019.html"},"author":{"name":"Equipe MH","@id":"https:\/\/mhcalculos.com.br\/noticias\/#\/schema\/person\/88d1c34bf72dc779ea14a5a6b8e0ae8d"},"headline":"TRF4: Eletricista exposto a altas tens\u00f5es tem direito a contagem de tempo especial (06\/09\/2019)","datePublished":"2019-09-08T05:05:07+00:00","dateModified":"2021-07-28T17:32:08+00:00","mainEntityOfPage":{"@id":"https:\/\/mhcalculos.com.br\/noticias\/area\/previdenciario\/trf4-eletricista-exposto-a-altas-tensoes-tem-direito-a-contagem-de-tempo-especial-06-09-2019.html"},"wordCount":758,"commentCount":0,"image":{"@id":"https:\/\/mhcalculos.com.br\/noticias\/area\/previdenciario\/trf4-eletricista-exposto-a-altas-tensoes-tem-direito-a-contagem-de-tempo-especial-06-09-2019.html#primaryimage"},"thumbnailUrl":"https:\/\/mhcalculos.com.br\/noticias\/wp-content\/uploads\/sites\/2\/2019\/09\/bfc_img_3348_portal-scaled.jpg","keywords":["aposentadoria","c\u00e1lculos previdenci\u00e1rios","direito previdenci\u00e1rio","inss","per\u00edcia","perito","trf4"],"articleSection":["Direito Previdenci\u00e1rio","TRF4"],"inLanguage":"pt-BR","potentialAction":[{"@type":"CommentAction","name":"Comment","target":["https:\/\/mhcalculos.com.br\/noticias\/area\/previdenciario\/trf4-eletricista-exposto-a-altas-tensoes-tem-direito-a-contagem-de-tempo-especial-06-09-2019.html#respond"]}]},{"@type":"WebPage","@id":"https:\/\/mhcalculos.com.br\/noticias\/area\/previdenciario\/trf4-eletricista-exposto-a-altas-tensoes-tem-direito-a-contagem-de-tempo-especial-06-09-2019.html","url":"https:\/\/mhcalculos.com.br\/noticias\/area\/previdenciario\/trf4-eletricista-exposto-a-altas-tensoes-tem-direito-a-contagem-de-tempo-especial-06-09-2019.html","name":"TRF4: Eletricista exposto a altas tens\u00f5es tem direito a contagem de tempo especial (06\/09\/2019) | Portal de Not\u00edcias","isPartOf":{"@id":"https:\/\/mhcalculos.com.br\/noticias\/#website"},"primaryImageOfPage":{"@id":"https:\/\/mhcalculos.com.br\/noticias\/area\/previdenciario\/trf4-eletricista-exposto-a-altas-tensoes-tem-direito-a-contagem-de-tempo-especial-06-09-2019.html#primaryimage"},"image":{"@id":"https:\/\/mhcalculos.com.br\/noticias\/area\/previdenciario\/trf4-eletricista-exposto-a-altas-tensoes-tem-direito-a-contagem-de-tempo-especial-06-09-2019.html#primaryimage"},"thumbnailUrl":"https:\/\/mhcalculos.com.br\/noticias\/wp-content\/uploads\/sites\/2\/2019\/09\/bfc_img_3348_portal-scaled.jpg","datePublished":"2019-09-08T05:05:07+00:00","dateModified":"2021-07-28T17:32:08+00:00","author":{"@id":"https:\/\/mhcalculos.com.br\/noticias\/#\/schema\/person\/88d1c34bf72dc779ea14a5a6b8e0ae8d"},"breadcrumb":{"@id":"https:\/\/mhcalculos.com.br\/noticias\/area\/previdenciario\/trf4-eletricista-exposto-a-altas-tensoes-tem-direito-a-contagem-de-tempo-especial-06-09-2019.html#breadcrumb"},"inLanguage":"pt-BR","potentialAction":[{"@type":"ReadAction","target":["https:\/\/mhcalculos.com.br\/noticias\/area\/previdenciario\/trf4-eletricista-exposto-a-altas-tensoes-tem-direito-a-contagem-de-tempo-especial-06-09-2019.html"]}]},{"@type":"ImageObject","inLanguage":"pt-BR","@id":"https:\/\/mhcalculos.com.br\/noticias\/area\/previdenciario\/trf4-eletricista-exposto-a-altas-tensoes-tem-direito-a-contagem-de-tempo-especial-06-09-2019.html#primaryimage","url":"https:\/\/mhcalculos.com.br\/noticias\/wp-content\/uploads\/sites\/2\/2019\/09\/bfc_img_3348_portal-scaled.jpg","contentUrl":"https:\/\/mhcalculos.com.br\/noticias\/wp-content\/uploads\/sites\/2\/2019\/09\/bfc_img_3348_portal-scaled.jpg","width":2560,"height":1743},{"@type":"BreadcrumbList","@id":"https:\/\/mhcalculos.com.br\/noticias\/area\/previdenciario\/trf4-eletricista-exposto-a-altas-tensoes-tem-direito-a-contagem-de-tempo-especial-06-09-2019.html#breadcrumb","itemListElement":[{"@type":"ListItem","position":1,"name":"In\u00edcio","item":"https:\/\/mhcalculos.com.br\/noticias\/"},{"@type":"ListItem","position":2,"name":"TRF4: Eletricista exposto a altas tens\u00f5es tem direito a contagem de tempo especial (06\/09\/2019)"}]},{"@type":"WebSite","@id":"https:\/\/mhcalculos.com.br\/noticias\/#website","url":"https:\/\/mhcalculos.com.br\/noticias\/","name":"Portal de Not\u00edcias","description":"Not\u00edcias e Jurisprud\u00eancia","potentialAction":[{"@type":"SearchAction","target":{"@type":"EntryPoint","urlTemplate":"https:\/\/mhcalculos.com.br\/noticias\/?s={search_term_string}"},"query-input":{"@type":"PropertyValueSpecification","valueRequired":true,"valueName":"search_term_string"}}],"inLanguage":"pt-BR"},{"@type":"Person","@id":"https:\/\/mhcalculos.com.br\/noticias\/#\/schema\/person\/88d1c34bf72dc779ea14a5a6b8e0ae8d","name":"Equipe MH","image":{"@type":"ImageObject","inLanguage":"pt-BR","@id":"https:\/\/secure.gravatar.com\/avatar\/de1c686c2ecc9c5a3f327e3431d819eb39f8f05d4e1045f5a1caad6daaba987f?s=96&d=mm&r=g","url":"https:\/\/secure.gravatar.com\/avatar\/de1c686c2ecc9c5a3f327e3431d819eb39f8f05d4e1045f5a1caad6daaba987f?s=96&d=mm&r=g","contentUrl":"https:\/\/secure.gravatar.com\/avatar\/de1c686c2ecc9c5a3f327e3431d819eb39f8f05d4e1045f5a1caad6daaba987f?s=96&d=mm&r=g","caption":"Equipe MH"}}]}},"_links":{"self":[{"href":"https:\/\/mhcalculos.com.br\/noticias\/wp-json\/wp\/v2\/posts\/5857","targetHints":{"allow":["GET"]}}],"collection":[{"href":"https:\/\/mhcalculos.com.br\/noticias\/wp-json\/wp\/v2\/posts"}],"about":[{"href":"https:\/\/mhcalculos.com.br\/noticias\/wp-json\/wp\/v2\/types\/post"}],"author":[{"embeddable":true,"href":"https:\/\/mhcalculos.com.br\/noticias\/wp-json\/wp\/v2\/users\/3063"}],"replies":[{"embeddable":true,"href":"https:\/\/mhcalculos.com.br\/noticias\/wp-json\/wp\/v2\/comments?post=5857"}],"version-history":[{"count":1,"href":"https:\/\/mhcalculos.com.br\/noticias\/wp-json\/wp\/v2\/posts\/5857\/revisions"}],"predecessor-version":[{"id":9660,"href":"https:\/\/mhcalculos.com.br\/noticias\/wp-json\/wp\/v2\/posts\/5857\/revisions\/9660"}],"wp:featuredmedia":[{"embeddable":true,"href":"https:\/\/mhcalculos.com.br\/noticias\/wp-json\/wp\/v2\/media\/5858"}],"wp:attachment":[{"href":"https:\/\/mhcalculos.com.br\/noticias\/wp-json\/wp\/v2\/media?parent=5857"}],"wp:term":[{"taxonomy":"category","embeddable":true,"href":"https:\/\/mhcalculos.com.br\/noticias\/wp-json\/wp\/v2\/categories?post=5857"},{"taxonomy":"post_tag","embeddable":true,"href":"https:\/\/mhcalculos.com.br\/noticias\/wp-json\/wp\/v2\/tags?post=5857"}],"curies":[{"name":"wp","href":"https:\/\/api.w.org\/{rel}","templated":true}]}}