{"id":5844,"date":"2019-09-04T22:05:23","date_gmt":"2019-09-05T01:05:23","guid":{"rendered":"https:\/\/mhcalculos.com.br\/noticias\/2019\/09\/04\/e-quando-eu-nao-estiver-mais-aqui-o-que-sera-do-meu-filho-com-deficiencia\/"},"modified":"2021-07-28T14:32:09","modified_gmt":"2021-07-28T17:32:09","slug":"e-quando-eu-nao-estiver-mais-aqui-o-que-sera-do-meu-filho-com-deficiencia","status":"publish","type":"post","link":"https:\/\/mhcalculos.com.br\/noticias\/cidadania\/e-quando-eu-nao-estiver-mais-aqui-o-que-sera-do-meu-filho-com-deficiencia.html","title":{"rendered":"E quando eu n\u00e3o estiver mais aqui? O que ser\u00e1 do meu filho com defici\u00eancia?"},"content":{"rendered":"<p> <br \/>\n<\/p>\n<p style=\"text-align:center\"><em>Saiba a import\u00e2ncia de estimular o desenvolvimento de potencial e independ\u00eancia na pessoa com defici\u00eancia<\/em><\/p>\n<p>Uma das maiores vontades dos pais de <strong>pessoa com defici\u00eancia (PcD)<\/strong>, \u00e9 garantir que seu <strong>filho <\/strong>tenha <strong>independ\u00eancia<\/strong>, <strong>autonomia <\/strong>e direito \u00e0 cidadania. Para isso, estimular e desenvolver o <strong>potencial <\/strong>das <strong>PcD <\/strong>\u00e9 essencial, principalmente para que ele possa ter qualidade de vida quando n\u00e3o tiver os familiares por perto. Para ajudar, trouxemos algumas dicas de como incentivar a evolu\u00e7\u00e3o das pessoas com defici\u00eancia intelectual.<\/p>\n<h4>Tarefas cotidianas<\/h4>\n<p>A <strong>independ\u00eancia <\/strong>de uma pessoa com <strong>defici\u00eancia intelectual (DI) <\/strong>come\u00e7a com os ensinamentos b\u00e1sicos, como a import\u00e2ncia dos cuidados pessoais. \u00c9 fundamental que ela tenha uma rotina estabelecida para exercer atividades como tomar banho, escovar os dentes, lavar o cabelo, al\u00e9m de tarefas que possibilitam qualidade de vida, como lavar roupa, limpar a casa, lavar a lou\u00e7a, cozinhar, entre outros.<\/p>\n<h4>Conviv\u00eancia em sociedade<\/h4>\n<p>Em muitos casos, a <strong>pessoa com defici\u00eancia intelectual <\/strong>fica isolada em casa, tendo contato apenas com os <strong>familiares <\/strong>e profissionais da institui\u00e7\u00e3o que a atendem. Por\u00e9m, \u00e9 importante que a <strong>PcD <\/strong>ocupe espa\u00e7o na sociedade, isso significa que ela deve ir ao shopping, passear no parque, andar de transporte p\u00fablico, entrar no mercado de trabalho quando tiver essa possibilidade, ter amigos e namorar. Todas essas atividades fazem com que ela se desenvolva humanamente e saiba conviver com diferentes pessoas e situa\u00e7\u00f5es.&nbsp;<\/p>\n<h4>Interesses e prefer\u00eancia<\/h4>\n<p>Desde cedo, os pais devem estimular os <strong>filhos <\/strong>a buscarem seus interesses e prefer\u00eancias, desde uma simples escolha de roupa at\u00e9 gostos espec\u00edficos, como uma banda favorita, uma comida predileta ou ainda uma \u00e1rea profissional de interesse. Essa <strong>autonomia <\/strong>contribui para uma boa <strong>autoestima <\/strong>e tamb\u00e9m para o senso de pertencimento da <strong>PcD <\/strong>ao meio em que vive.<\/p>\n<h4>A inclus\u00e3o no Mercado de trabalho<\/h4>\n<p>Quando a <strong>pessoa com defici\u00eancia<\/strong> tem <strong>potencial <\/strong>para trabalhar essa \u00e9 uma das formas mais efetivas de conquistar a <strong>independ\u00eancia<\/strong>. A inser\u00e7\u00e3o no <strong>mercado de trabalho <\/strong>possibilita o crescimento profissional, aumenta a <strong>renda familiar<\/strong>, sendo muitas vezes maior que o benef\u00edcio que a <strong>PcD <\/strong>receberia do Governo, a mant\u00e9m em conviv\u00eancia em sociedade e, atrav\u00e9s da capacita\u00e7\u00e3o, faz com que ela alcance melhores posi\u00e7\u00f5es de <strong>trabalho<\/strong>.<\/p>\n<p>A pessoa com defici\u00eancia intelectual que trabalha adquire valores e responsabilidades que refletem diretamente em sua vida pessoal, al\u00e9m de in\u00fameros benef\u00edcios. Dentre os principais destacam-se:&nbsp;<\/p>\n<ul>\n<li>Responsabilidade;<\/li>\n<li>Senso de pertencimento;<\/li>\n<li>Autoestima;<\/li>\n<li>Utilidade;<\/li>\n<li>Qualidade de vida;<\/li>\n<li>Acesso a um plano de sa\u00fade;<\/li>\n<li>Acesso aos seus direitos b\u00e1sicos de cidad\u00e3o;<\/li>\n<li>Crescimento profissional; e<\/li>\n<li>Renda pr\u00f3pria e familiar.<\/li>\n<\/ul>\n<p>Para garantir que o filho com <strong>defici\u00eancia<\/strong> tenha um futuro pr\u00f3spero e com todos os direitos garantidos, \u00e9 necess\u00e1rio que os pais sejam os grandes incentivadores de sua <strong>independ\u00eancia<\/strong>, estimulando desde cedo o seu crescimento pessoal, a conviv\u00eancia em sociedade e a inser\u00e7\u00e3o no<strong> mercado de trabalho<\/strong>.  <\/p>\n<p>Quer desenvolver as habilidades do seu filho e encontrar uma vaga de trabalho adequada para ele? Clique aqui no bot\u00e3o abaixo e realize o cadastro do curr\u00edculo sem custos.<\/p>\n<div class=\"wp-block-button aligncenter\"><a class=\"wp-block-button__link has-background has-vivid-green-cyan-background-color\" href=\"https:\/\/docs.google.com\/forms\/d\/e\/1FAIpQLSdEzYGIaDM60c_m3aoQBqsP5MVtHe6u8q8gyGDVyVZ6M_UFpQ\/viewform\">Cadastrar curr\u00edculo<\/a><\/div>\n<p>Se voc\u00ea faz parte de uma empresa que deseja incluir, entre em contato com a ASID, envie um e-mail para <a href=\"mailto:queroincluir@asidbrasil.org.br\">queroincluir@asidbrasil.org.br<\/a>.<\/p>\n<p>Acesse os v\u00eddeos e outros conte\u00fados da Campanha de Inclus\u00e3o (clique para acessar):<\/p>\n<div class=\"wp-block-button aligncenter\"><a class=\"wp-block-button__link has-background has-vivid-green-cyan-background-color\" href=\"https:\/\/www.youtube.com\/watch?v=EDSgDxbIBgU&amp;list=PL1yOJ2yhWGBAaSqnlbpxt4CXVta97SD1b&amp;index=2&amp;t=0s\">Acessar v\u00eddeos da Campanha<\/a><\/div>\n<ol>\n<li><a href=\"https:\/\/asidbrasil.org.br\/caminhos-para-a-sua-instituicao-incluir-a-pessoa-com-deficiencia-no-mercado-de-trabalho\/\"><strong>Caminhos para a sua institui\u00e7\u00e3o incluir a pessoa com defici\u00eancia no mercado de trabalho<\/strong><\/a><\/li>\n<li><strong><a href=\"https:\/\/asidbrasil.org.br\/conheca-a-metodologia-de-instituicoes-que-fazem-a-inclusao-da-pessoa-com-deficiencia-intelectual-no-mercado-de-trabalho\/\">Conhe\u00e7a a metodologia de institui\u00e7\u00f5es que fazem a inclus\u00e3o da pessoa com defici\u00eancia intelectual no mercado de trabalho<\/a><\/strong><\/li>\n<li><a href=\"https:\/\/asidbrasil.org.br\/historias-de-pessoas-com-deficiencia-intelectual-no-mercado-de-trabalho\/\"><strong>Hist\u00f3rias de pessoas com defici\u00eancia intelectual no mercado de trabalho<\/strong><\/a><\/li>\n<li><a href=\"https:\/\/asidbrasil.org.br\/beneficio-de-prestacao-continuada-bpc-ou-trabalho\/\"><strong>Benef\u00edcio de presta\u00e7\u00e3o continuada (BPC) ou trabalho?<\/strong><\/a><\/li>\n<li><strong><a href=\"https:\/\/asidbrasil.org.br\/conheca-a-possibilidade-do-emprego-apoiado\/\">Conhe\u00e7a a possibilidade do emprego apoiado<\/a><\/strong><\/li>\n<li><strong><a href=\"https:\/\/asidbrasil.org.br\/descubra-onde-seu-filho-com-deficiencia-pode-chegar\/\">Descubra onde seu filho com defici\u00eancia pode chegar<\/a><\/strong><\/li>\n<li><a href=\"https:\/\/asidbrasil.org.br\/e-quando-eu-nao-estiver-mais-aqui-o-que-sera-do-meu-filho-com-deficiencia\/\"><strong>E quando eu n\u00e3o estiver mais aqui? O que ser\u00e1 do meu filho com defici\u00eancia?<\/strong><\/a> (voc\u00ea est\u00e1 aqui)<\/li>\n<li><strong><a href=\"https:\/\/asidbrasil.org.br\/saiba-como-aproveitar-a-mudanca-no-mercado-de-trabalho-para-incluir-pessoas-com-deficiencia\/\">Saiba como aproveitar a mudan\u00e7a no mercado de trabalho para incluir pessoas com defici\u00eancia<\/a><\/strong><\/li>\n<li><a href=\"https:\/\/asidbrasil.org.br\/como-fazer-a-inclusao-de-pessoas-com-deficiencia-no-mercado-trabalho\/\"><strong>Como fazer a inclus\u00e3o de pessoas com defici\u00eancia no mercado trabalho<\/strong><\/a><\/li>\n<li><strong><a href=\"https:\/\/asidbrasil.org.br\/descubra-os-beneficios-para-a-sua-empresa-em-incluir-a-pessoa-com-com-deficiencia-intelectual\/\">Descubra os benef\u00edcios para a sua empresa em incluir a pessoa com com defici\u00eancia intelectual<\/a><\/strong><\/li>\n<li><strong><a href=\"https:\/\/asidbrasil.org.br\/boas-praticas-de-inclusao-das-pessoas-com-deficiencia-intelectual\/\">Boas pr\u00e1ticas de inclus\u00e3o das pessoas com defici\u00eancia intelectual<\/a><\/strong> <\/li>\n<\/ol>\n<p><!--EndFragment--><\/p>\n<p><!--EndFragment--><\/p>\n<p>O post <a rel=\"nofollow\" href=\"https:\/\/asidbrasil.org.br\/e-quando-eu-nao-estiver-mais-aqui-o-que-sera-do-meu-filho-com-deficiencia\/\">E quando eu n\u00e3o estiver mais aqui? O que ser\u00e1 do meu filho com defici\u00eancia?<\/a> apareceu primeiro em <a rel=\"nofollow\" href=\"https:\/\/asidbrasil.org.br\">ASID Brasil<\/a>.<\/p>\n<p><i>Visite o site <a href=\"https:\/\/asidbrasil.org.br\/\">asidbrasil.org.br<\/a> e conhe\u00e7a mais sobre a ASID Brasil.<\/i><br \/>\n<br \/><a href=\"https:\/\/asidbrasil.org.br\/e-quando-eu-nao-estiver-mais-aqui-o-que-sera-do-meu-filho-com-deficiencia\/\">Fonte<\/a><br \/>\n<br \/><\/p>\n","protected":false},"excerpt":{"rendered":"<p>Saiba a import\u00e2ncia de estimular o desenvolvimento de potencial e independ\u00eancia na pessoa com defici\u00eancia Uma das maiores vontades dos pais de pessoa com defici\u00eancia (PcD), \u00e9 garantir que seu filho tenha independ\u00eancia, autonomia e direito \u00e0 cidadania. Para isso, estimular e desenvolver o potencial das PcD \u00e9 essencial, principalmente para que ele possa ter [&hellip;]<\/p>\n","protected":false},"author":3063,"featured_media":5845,"comment_status":"open","ping_status":"open","sticky":false,"template":"","format":"standard","meta":{"footnotes":""},"categories":[113],"tags":[158,157,163,162,164,161,160,159],"class_list":{"0":"post-5844","1":"post","2":"type-post","3":"status-publish","4":"format-standard","5":"has-post-thumbnail","7":"category-cidadania","8":"tag-asid","9":"tag-cidadania","10":"tag-desenvolvimento-institucional","11":"tag-diversidade","12":"tag-impacto-social","13":"tag-inclusao","14":"tag-voluntariado","15":"tag-voluntario"},"yoast_head":"<!-- This site is optimized with the Yoast SEO plugin v27.2 - https:\/\/yoast.com\/product\/yoast-seo-wordpress\/ -->\n<title>E quando eu n\u00e3o estiver mais aqui? O que ser\u00e1 do meu filho com defici\u00eancia? | Portal de Not\u00edcias<\/title>\n<meta name=\"robots\" content=\"index, follow, max-snippet:-1, max-image-preview:large, max-video-preview:-1\" \/>\n<link rel=\"canonical\" href=\"https:\/\/asidbrasil.org.br\/e-quando-eu-nao-estiver-mais-aqui-o-que-sera-do-meu-filho-com-deficiencia\/\" \/>\n<meta property=\"og:locale\" content=\"pt_BR\" \/>\n<meta property=\"og:type\" content=\"article\" \/>\n<meta property=\"og:title\" content=\"E quando eu n\u00e3o estiver mais aqui? O que ser\u00e1 do meu filho com defici\u00eancia? | Portal de Not\u00edcias\" \/>\n<meta property=\"og:description\" content=\"Saiba a import\u00e2ncia de estimular o desenvolvimento de potencial e independ\u00eancia na pessoa com defici\u00eancia Uma das maiores vontades dos pais de pessoa com defici\u00eancia (PcD), \u00e9 garantir que seu filho tenha independ\u00eancia, autonomia e direito \u00e0 cidadania. Para isso, estimular e desenvolver o potencial das PcD \u00e9 essencial, principalmente para que ele possa ter [&hellip;]\" \/>\n<meta property=\"og:url\" content=\"https:\/\/asidbrasil.org.br\/e-quando-eu-nao-estiver-mais-aqui-o-que-sera-do-meu-filho-com-deficiencia\/\" \/>\n<meta property=\"og:site_name\" content=\"Portal de Not\u00edcias\" \/>\n<meta property=\"article:published_time\" content=\"2019-09-05T01:05:23+00:00\" \/>\n<meta property=\"article:modified_time\" content=\"2021-07-28T17:32:09+00:00\" \/>\n<meta property=\"og:image\" content=\"https:\/\/mhcalculos.com.br\/noticias\/wp-content\/uploads\/sites\/2\/2019\/09\/E-quando-eu-n\u00e3o-estiver-mais-aqui.jpg\" \/>\n\t<meta property=\"og:image:width\" content=\"1600\" \/>\n\t<meta property=\"og:image:height\" content=\"900\" \/>\n\t<meta property=\"og:image:type\" content=\"image\/jpeg\" \/>\n<meta name=\"author\" content=\"Equipe MH\" \/>\n<meta name=\"twitter:card\" content=\"summary_large_image\" \/>\n<meta name=\"twitter:label1\" content=\"Escrito por\" \/>\n\t<meta name=\"twitter:data1\" content=\"Equipe MH\" \/>\n\t<meta name=\"twitter:label2\" content=\"Est. tempo de leitura\" \/>\n\t<meta name=\"twitter:data2\" content=\"4 minutos\" \/>\n<script type=\"application\/ld+json\" class=\"yoast-schema-graph\">{\"@context\":\"https:\/\/schema.org\",\"@graph\":[{\"@type\":\"Article\",\"@id\":\"https:\/\/asidbrasil.org.br\/e-quando-eu-nao-estiver-mais-aqui-o-que-sera-do-meu-filho-com-deficiencia\/#article\",\"isPartOf\":{\"@id\":\"https:\/\/mhcalculos.com.br\/noticias\/cidadania\/e-quando-eu-nao-estiver-mais-aqui-o-que-sera-do-meu-filho-com-deficiencia.html\"},\"author\":{\"name\":\"Equipe MH\",\"@id\":\"https:\/\/mhcalculos.com.br\/noticias\/#\/schema\/person\/88d1c34bf72dc779ea14a5a6b8e0ae8d\"},\"headline\":\"E quando eu n\u00e3o estiver mais aqui? O que ser\u00e1 do meu filho com defici\u00eancia?\",\"datePublished\":\"2019-09-05T01:05:23+00:00\",\"dateModified\":\"2021-07-28T17:32:09+00:00\",\"mainEntityOfPage\":{\"@id\":\"https:\/\/mhcalculos.com.br\/noticias\/cidadania\/e-quando-eu-nao-estiver-mais-aqui-o-que-sera-do-meu-filho-com-deficiencia.html\"},\"wordCount\":796,\"commentCount\":0,\"image\":{\"@id\":\"https:\/\/asidbrasil.org.br\/e-quando-eu-nao-estiver-mais-aqui-o-que-sera-do-meu-filho-com-deficiencia\/#primaryimage\"},\"thumbnailUrl\":\"https:\/\/mhcalculos.com.br\/noticias\/wp-content\/uploads\/sites\/2\/2019\/09\/E-quando-eu-n\u00e3o-estiver-mais-aqui.jpg\",\"keywords\":[\"asid\",\"cidadania\",\"desenvolvimento institucional\",\"diversidade\",\"impacto social\",\"inclus\u00e3o\",\"voluntariado\",\"volunt\u00e1rio\"],\"articleSection\":[\"Cidadania\"],\"inLanguage\":\"pt-BR\",\"potentialAction\":[{\"@type\":\"CommentAction\",\"name\":\"Comment\",\"target\":[\"https:\/\/asidbrasil.org.br\/e-quando-eu-nao-estiver-mais-aqui-o-que-sera-do-meu-filho-com-deficiencia\/#respond\"]}]},{\"@type\":\"WebPage\",\"@id\":\"https:\/\/mhcalculos.com.br\/noticias\/cidadania\/e-quando-eu-nao-estiver-mais-aqui-o-que-sera-do-meu-filho-com-deficiencia.html\",\"url\":\"https:\/\/asidbrasil.org.br\/e-quando-eu-nao-estiver-mais-aqui-o-que-sera-do-meu-filho-com-deficiencia\/\",\"name\":\"E quando eu n\u00e3o estiver mais aqui? O que ser\u00e1 do meu filho com defici\u00eancia? | Portal de Not\u00edcias\",\"isPartOf\":{\"@id\":\"https:\/\/mhcalculos.com.br\/noticias\/#website\"},\"primaryImageOfPage\":{\"@id\":\"https:\/\/asidbrasil.org.br\/e-quando-eu-nao-estiver-mais-aqui-o-que-sera-do-meu-filho-com-deficiencia\/#primaryimage\"},\"image\":{\"@id\":\"https:\/\/asidbrasil.org.br\/e-quando-eu-nao-estiver-mais-aqui-o-que-sera-do-meu-filho-com-deficiencia\/#primaryimage\"},\"thumbnailUrl\":\"https:\/\/mhcalculos.com.br\/noticias\/wp-content\/uploads\/sites\/2\/2019\/09\/E-quando-eu-n\u00e3o-estiver-mais-aqui.jpg\",\"datePublished\":\"2019-09-05T01:05:23+00:00\",\"dateModified\":\"2021-07-28T17:32:09+00:00\",\"author\":{\"@id\":\"https:\/\/mhcalculos.com.br\/noticias\/#\/schema\/person\/88d1c34bf72dc779ea14a5a6b8e0ae8d\"},\"breadcrumb\":{\"@id\":\"https:\/\/asidbrasil.org.br\/e-quando-eu-nao-estiver-mais-aqui-o-que-sera-do-meu-filho-com-deficiencia\/#breadcrumb\"},\"inLanguage\":\"pt-BR\",\"potentialAction\":[{\"@type\":\"ReadAction\",\"target\":[\"https:\/\/asidbrasil.org.br\/e-quando-eu-nao-estiver-mais-aqui-o-que-sera-do-meu-filho-com-deficiencia\/\"]}]},{\"@type\":\"ImageObject\",\"inLanguage\":\"pt-BR\",\"@id\":\"https:\/\/asidbrasil.org.br\/e-quando-eu-nao-estiver-mais-aqui-o-que-sera-do-meu-filho-com-deficiencia\/#primaryimage\",\"url\":\"https:\/\/mhcalculos.com.br\/noticias\/wp-content\/uploads\/sites\/2\/2019\/09\/E-quando-eu-n\u00e3o-estiver-mais-aqui.jpg\",\"contentUrl\":\"https:\/\/mhcalculos.com.br\/noticias\/wp-content\/uploads\/sites\/2\/2019\/09\/E-quando-eu-n\u00e3o-estiver-mais-aqui.jpg\",\"width\":1600,\"height\":900},{\"@type\":\"BreadcrumbList\",\"@id\":\"https:\/\/asidbrasil.org.br\/e-quando-eu-nao-estiver-mais-aqui-o-que-sera-do-meu-filho-com-deficiencia\/#breadcrumb\",\"itemListElement\":[{\"@type\":\"ListItem\",\"position\":1,\"name\":\"In\u00edcio\",\"item\":\"https:\/\/mhcalculos.com.br\/noticias\/\"},{\"@type\":\"ListItem\",\"position\":2,\"name\":\"E quando eu n\u00e3o estiver mais aqui? O que ser\u00e1 do meu filho com defici\u00eancia?\"}]},{\"@type\":\"WebSite\",\"@id\":\"https:\/\/mhcalculos.com.br\/noticias\/#website\",\"url\":\"https:\/\/mhcalculos.com.br\/noticias\/\",\"name\":\"Portal de Not\u00edcias\",\"description\":\"Not\u00edcias e Jurisprud\u00eancia\",\"potentialAction\":[{\"@type\":\"SearchAction\",\"target\":{\"@type\":\"EntryPoint\",\"urlTemplate\":\"https:\/\/mhcalculos.com.br\/noticias\/?s={search_term_string}\"},\"query-input\":{\"@type\":\"PropertyValueSpecification\",\"valueRequired\":true,\"valueName\":\"search_term_string\"}}],\"inLanguage\":\"pt-BR\"},{\"@type\":\"Person\",\"@id\":\"https:\/\/mhcalculos.com.br\/noticias\/#\/schema\/person\/88d1c34bf72dc779ea14a5a6b8e0ae8d\",\"name\":\"Equipe MH\",\"image\":{\"@type\":\"ImageObject\",\"inLanguage\":\"pt-BR\",\"@id\":\"https:\/\/secure.gravatar.com\/avatar\/de1c686c2ecc9c5a3f327e3431d819eb39f8f05d4e1045f5a1caad6daaba987f?s=96&d=mm&r=g\",\"url\":\"https:\/\/secure.gravatar.com\/avatar\/de1c686c2ecc9c5a3f327e3431d819eb39f8f05d4e1045f5a1caad6daaba987f?s=96&d=mm&r=g\",\"contentUrl\":\"https:\/\/secure.gravatar.com\/avatar\/de1c686c2ecc9c5a3f327e3431d819eb39f8f05d4e1045f5a1caad6daaba987f?s=96&d=mm&r=g\",\"caption\":\"Equipe MH\"}}]}<\/script>\n<!-- \/ Yoast SEO plugin. -->","yoast_head_json":{"title":"E quando eu n\u00e3o estiver mais aqui? O que ser\u00e1 do meu filho com defici\u00eancia? | Portal de Not\u00edcias","robots":{"index":"index","follow":"follow","max-snippet":"max-snippet:-1","max-image-preview":"max-image-preview:large","max-video-preview":"max-video-preview:-1"},"canonical":"https:\/\/asidbrasil.org.br\/e-quando-eu-nao-estiver-mais-aqui-o-que-sera-do-meu-filho-com-deficiencia\/","og_locale":"pt_BR","og_type":"article","og_title":"E quando eu n\u00e3o estiver mais aqui? O que ser\u00e1 do meu filho com defici\u00eancia? | Portal de Not\u00edcias","og_description":"Saiba a import\u00e2ncia de estimular o desenvolvimento de potencial e independ\u00eancia na pessoa com defici\u00eancia Uma das maiores vontades dos pais de pessoa com defici\u00eancia (PcD), \u00e9 garantir que seu filho tenha independ\u00eancia, autonomia e direito \u00e0 cidadania. Para isso, estimular e desenvolver o potencial das PcD \u00e9 essencial, principalmente para que ele possa ter [&hellip;]","og_url":"https:\/\/asidbrasil.org.br\/e-quando-eu-nao-estiver-mais-aqui-o-que-sera-do-meu-filho-com-deficiencia\/","og_site_name":"Portal de Not\u00edcias","article_published_time":"2019-09-05T01:05:23+00:00","article_modified_time":"2021-07-28T17:32:09+00:00","og_image":[{"width":1600,"height":900,"url":"https:\/\/mhcalculos.com.br\/noticias\/wp-content\/uploads\/sites\/2\/2019\/09\/E-quando-eu-n\u00e3o-estiver-mais-aqui.jpg","type":"image\/jpeg"}],"author":"Equipe MH","twitter_card":"summary_large_image","twitter_misc":{"Escrito por":"Equipe MH","Est. tempo de leitura":"4 minutos"},"schema":{"@context":"https:\/\/schema.org","@graph":[{"@type":"Article","@id":"https:\/\/asidbrasil.org.br\/e-quando-eu-nao-estiver-mais-aqui-o-que-sera-do-meu-filho-com-deficiencia\/#article","isPartOf":{"@id":"https:\/\/mhcalculos.com.br\/noticias\/cidadania\/e-quando-eu-nao-estiver-mais-aqui-o-que-sera-do-meu-filho-com-deficiencia.html"},"author":{"name":"Equipe MH","@id":"https:\/\/mhcalculos.com.br\/noticias\/#\/schema\/person\/88d1c34bf72dc779ea14a5a6b8e0ae8d"},"headline":"E quando eu n\u00e3o estiver mais aqui? O que ser\u00e1 do meu filho com defici\u00eancia?","datePublished":"2019-09-05T01:05:23+00:00","dateModified":"2021-07-28T17:32:09+00:00","mainEntityOfPage":{"@id":"https:\/\/mhcalculos.com.br\/noticias\/cidadania\/e-quando-eu-nao-estiver-mais-aqui-o-que-sera-do-meu-filho-com-deficiencia.html"},"wordCount":796,"commentCount":0,"image":{"@id":"https:\/\/asidbrasil.org.br\/e-quando-eu-nao-estiver-mais-aqui-o-que-sera-do-meu-filho-com-deficiencia\/#primaryimage"},"thumbnailUrl":"https:\/\/mhcalculos.com.br\/noticias\/wp-content\/uploads\/sites\/2\/2019\/09\/E-quando-eu-n\u00e3o-estiver-mais-aqui.jpg","keywords":["asid","cidadania","desenvolvimento institucional","diversidade","impacto social","inclus\u00e3o","voluntariado","volunt\u00e1rio"],"articleSection":["Cidadania"],"inLanguage":"pt-BR","potentialAction":[{"@type":"CommentAction","name":"Comment","target":["https:\/\/asidbrasil.org.br\/e-quando-eu-nao-estiver-mais-aqui-o-que-sera-do-meu-filho-com-deficiencia\/#respond"]}]},{"@type":"WebPage","@id":"https:\/\/mhcalculos.com.br\/noticias\/cidadania\/e-quando-eu-nao-estiver-mais-aqui-o-que-sera-do-meu-filho-com-deficiencia.html","url":"https:\/\/asidbrasil.org.br\/e-quando-eu-nao-estiver-mais-aqui-o-que-sera-do-meu-filho-com-deficiencia\/","name":"E quando eu n\u00e3o estiver mais aqui? O que ser\u00e1 do meu filho com defici\u00eancia? | Portal de Not\u00edcias","isPartOf":{"@id":"https:\/\/mhcalculos.com.br\/noticias\/#website"},"primaryImageOfPage":{"@id":"https:\/\/asidbrasil.org.br\/e-quando-eu-nao-estiver-mais-aqui-o-que-sera-do-meu-filho-com-deficiencia\/#primaryimage"},"image":{"@id":"https:\/\/asidbrasil.org.br\/e-quando-eu-nao-estiver-mais-aqui-o-que-sera-do-meu-filho-com-deficiencia\/#primaryimage"},"thumbnailUrl":"https:\/\/mhcalculos.com.br\/noticias\/wp-content\/uploads\/sites\/2\/2019\/09\/E-quando-eu-n\u00e3o-estiver-mais-aqui.jpg","datePublished":"2019-09-05T01:05:23+00:00","dateModified":"2021-07-28T17:32:09+00:00","author":{"@id":"https:\/\/mhcalculos.com.br\/noticias\/#\/schema\/person\/88d1c34bf72dc779ea14a5a6b8e0ae8d"},"breadcrumb":{"@id":"https:\/\/asidbrasil.org.br\/e-quando-eu-nao-estiver-mais-aqui-o-que-sera-do-meu-filho-com-deficiencia\/#breadcrumb"},"inLanguage":"pt-BR","potentialAction":[{"@type":"ReadAction","target":["https:\/\/asidbrasil.org.br\/e-quando-eu-nao-estiver-mais-aqui-o-que-sera-do-meu-filho-com-deficiencia\/"]}]},{"@type":"ImageObject","inLanguage":"pt-BR","@id":"https:\/\/asidbrasil.org.br\/e-quando-eu-nao-estiver-mais-aqui-o-que-sera-do-meu-filho-com-deficiencia\/#primaryimage","url":"https:\/\/mhcalculos.com.br\/noticias\/wp-content\/uploads\/sites\/2\/2019\/09\/E-quando-eu-n\u00e3o-estiver-mais-aqui.jpg","contentUrl":"https:\/\/mhcalculos.com.br\/noticias\/wp-content\/uploads\/sites\/2\/2019\/09\/E-quando-eu-n\u00e3o-estiver-mais-aqui.jpg","width":1600,"height":900},{"@type":"BreadcrumbList","@id":"https:\/\/asidbrasil.org.br\/e-quando-eu-nao-estiver-mais-aqui-o-que-sera-do-meu-filho-com-deficiencia\/#breadcrumb","itemListElement":[{"@type":"ListItem","position":1,"name":"In\u00edcio","item":"https:\/\/mhcalculos.com.br\/noticias\/"},{"@type":"ListItem","position":2,"name":"E quando eu n\u00e3o estiver mais aqui? O que ser\u00e1 do meu filho com defici\u00eancia?"}]},{"@type":"WebSite","@id":"https:\/\/mhcalculos.com.br\/noticias\/#website","url":"https:\/\/mhcalculos.com.br\/noticias\/","name":"Portal de Not\u00edcias","description":"Not\u00edcias e Jurisprud\u00eancia","potentialAction":[{"@type":"SearchAction","target":{"@type":"EntryPoint","urlTemplate":"https:\/\/mhcalculos.com.br\/noticias\/?s={search_term_string}"},"query-input":{"@type":"PropertyValueSpecification","valueRequired":true,"valueName":"search_term_string"}}],"inLanguage":"pt-BR"},{"@type":"Person","@id":"https:\/\/mhcalculos.com.br\/noticias\/#\/schema\/person\/88d1c34bf72dc779ea14a5a6b8e0ae8d","name":"Equipe MH","image":{"@type":"ImageObject","inLanguage":"pt-BR","@id":"https:\/\/secure.gravatar.com\/avatar\/de1c686c2ecc9c5a3f327e3431d819eb39f8f05d4e1045f5a1caad6daaba987f?s=96&d=mm&r=g","url":"https:\/\/secure.gravatar.com\/avatar\/de1c686c2ecc9c5a3f327e3431d819eb39f8f05d4e1045f5a1caad6daaba987f?s=96&d=mm&r=g","contentUrl":"https:\/\/secure.gravatar.com\/avatar\/de1c686c2ecc9c5a3f327e3431d819eb39f8f05d4e1045f5a1caad6daaba987f?s=96&d=mm&r=g","caption":"Equipe MH"}}]}},"_links":{"self":[{"href":"https:\/\/mhcalculos.com.br\/noticias\/wp-json\/wp\/v2\/posts\/5844","targetHints":{"allow":["GET"]}}],"collection":[{"href":"https:\/\/mhcalculos.com.br\/noticias\/wp-json\/wp\/v2\/posts"}],"about":[{"href":"https:\/\/mhcalculos.com.br\/noticias\/wp-json\/wp\/v2\/types\/post"}],"author":[{"embeddable":true,"href":"https:\/\/mhcalculos.com.br\/noticias\/wp-json\/wp\/v2\/users\/3063"}],"replies":[{"embeddable":true,"href":"https:\/\/mhcalculos.com.br\/noticias\/wp-json\/wp\/v2\/comments?post=5844"}],"version-history":[{"count":1,"href":"https:\/\/mhcalculos.com.br\/noticias\/wp-json\/wp\/v2\/posts\/5844\/revisions"}],"predecessor-version":[{"id":9664,"href":"https:\/\/mhcalculos.com.br\/noticias\/wp-json\/wp\/v2\/posts\/5844\/revisions\/9664"}],"wp:featuredmedia":[{"embeddable":true,"href":"https:\/\/mhcalculos.com.br\/noticias\/wp-json\/wp\/v2\/media\/5845"}],"wp:attachment":[{"href":"https:\/\/mhcalculos.com.br\/noticias\/wp-json\/wp\/v2\/media?parent=5844"}],"wp:term":[{"taxonomy":"category","embeddable":true,"href":"https:\/\/mhcalculos.com.br\/noticias\/wp-json\/wp\/v2\/categories?post=5844"},{"taxonomy":"post_tag","embeddable":true,"href":"https:\/\/mhcalculos.com.br\/noticias\/wp-json\/wp\/v2\/tags?post=5844"}],"curies":[{"name":"wp","href":"https:\/\/api.w.org\/{rel}","templated":true}]}}