{"id":5780,"date":"2019-08-23T09:14:00","date_gmt":"2019-08-23T12:14:00","guid":{"rendered":"https:\/\/mhcalculos.com.br\/noticias\/2019\/08\/23\/tst-eletricista-que-sofreu-queimaduras-no-corpo-vai-ser-indenizado-por-danos-a-projeto-de-vida\/"},"modified":"2021-07-28T14:32:13","modified_gmt":"2021-07-28T17:32:13","slug":"tst-eletricista-que-sofreu-queimaduras-no-corpo-vai-ser-indenizado-por-danos-a-projeto-de-vida","status":"publish","type":"post","link":"https:\/\/mhcalculos.com.br\/noticias\/area\/trabalhista\/tst-eletricista-que-sofreu-queimaduras-no-corpo-vai-ser-indenizado-por-danos-a-projeto-de-vida.html","title":{"rendered":"TST: Eletricista que sofreu queimaduras no corpo vai ser indenizado por danos a projeto de vida"},"content":{"rendered":"<p><br \/>\n  <\/p>\n<p ><em>Os graves danos comprometeram a vida pessoal e profissional do empregado.<\/em><\/p>\n<p >A Sexta Turma do Tribunal Superior do Trabalho fixou em R$ 240 mil a indeniza\u00e7\u00e3o a ser paga pela Nova Palma Energia Ltda., do Rio Grande do Sul, a um eletricista que teve o corpo gravemente queimado em decorr\u00eancia de choque el\u00e9trico. Segundo a Turma, o valor arbitrado nas inst\u00e2ncias anteriores, de R$ 120 mil, era desproporcional ao dano sofrido pelo empregado, que teve 70% do corpo atingido pelas queimaduras.<\/p>\n<p ><strong>Acidente<\/strong><\/p>\n<p >Na reclama\u00e7\u00e3o trabalhista, o eletricista disse que, em 2010, sofreu queimaduras de segundo e terceiro graus em v\u00e1rias partes do corpo ao substituir postes de madeira por de concreto numa propriedade rural. Ele trabalhava na empresa desde 2003 na montagem de linhas el\u00e9tricas de alta e baixa tens\u00e3o. O acidente resultou, entre outras sequelas, na redu\u00e7\u00e3o de um dos test\u00edculos e o obrigou a se submeter a cirurgia para enxertos no p\u00eanis. No laudo dermatol\u00f3gico, o perito atestou que as cicatrizes resultantes das queimaduras cobriam aproximadamente 70% da superf\u00edcie corporal.<\/p>\n<p ><strong>Les\u00f5es<\/strong><\/p>\n<p >O Tribunal Regional do Trabalho da 4\u00aa Regi\u00e3o (RS) registrou que o empregado tinha apenas 29 anos de idade na \u00e9poca do acidente e que as graves e extensas les\u00f5es f\u00edsicas e neurol\u00f3gicas sofridas por ele comprometeram sua possibilidade de seguir um plano de vida pessoal e profissional. Segundo o TRT, a culpa da empresa, por neglig\u00eancia e imper\u00edcia na an\u00e1lise do risco da atividade realizada pelo empregado, \u00e9 grave, e o fato de ter auxiliado em sua recupera\u00e7\u00e3o n\u00e3o a isenta da obriga\u00e7\u00e3o de reparar os danos est\u00e9ticos e o comprometimento do projeto de vida. Fixou, assim, a indeniza\u00e7\u00e3o em R$ 120 mil.<\/p>\n<p ><strong>Desproporcionalidade<\/strong><\/p>\n<p >A relatora do recurso de revista do eletricista, ministra K\u00e1tia Arruda, considerou demonstrada a falta de proporcionalidade entre os fatos e os montantes arbitrados pelo TRT pelas les\u00f5es extrapatrimoniais relativas aos danos est\u00e9ticos e aos danos ao projeto de vida. Ela destacou que o empregado teve diversas limita\u00e7\u00f5es de movimento, apresenta cicatrizes extensas pelo corpo e n\u00e3o pode realizar esfor\u00e7o f\u00edsico ou se expor ao sol. \u201cTeve ceifado o direito de seguir a carreira de eletricista escolhida, ou mesmo de iniciar outra carreira por meio do estudo, especialmente em raz\u00e3o do d\u00e9ficit de cogni\u00e7\u00e3o resultante do acidente\u201d, assinalou.<\/p>\n<p ><strong>Projeto de vida<\/strong><\/p>\n<p >Para a ministra, \u00e9 evidente o dano ao projeto de vida do empregado decorrente de les\u00e3o nos \u00f3rg\u00e3os reprodutores (0% de vitalidade), que lhe retirou a possibilidade de reprodu\u00e7\u00e3o e, com isso, de cria\u00e7\u00e3o de uma fam\u00edlia natural. Ela observou ainda que essa perda est\u00e9tica tamb\u00e9m atinge a imagem do eletricista, repercute em sua esfera \u00edntima e gera dano de dif\u00edcil mensura\u00e7\u00e3o.<\/p>\n<p >De acordo com a per\u00edcia, as les\u00f5es se estendem pelo dorso, pelos membros inferiores e superiores, pelo pesco\u00e7o e pelo abdome. O laudo indica ainda extensa retra\u00e7\u00e3o fibr\u00f3tica no p\u00e9 esquerdo, com perda de subst\u00e2ncia, que dificulta a locomo\u00e7\u00e3o.<\/p>\n<p ><strong>Dano material<\/strong><\/p>\n<p >Al\u00e9m da majora\u00e7\u00e3o do valor da indeniza\u00e7\u00e3o pelos danos est\u00e9ticos e ao projeto de vida, a relatora determinou a inclus\u00e3o dos valores relativos ao aux\u00edlio-alimenta\u00e7\u00e3o no c\u00e1lculo da pens\u00e3o decorrente da incapacidade permanente para o trabalho.<\/p>\n<p >A decis\u00e3o foi un\u00e2nime.<\/p>\n<p >(MC\/CF)<\/p>\n<p >Processo:&nbsp;<a href=\"http:\/\/aplicacao4.tst.jus.br\/consultaProcessual\/consultaTstNumUnica.do;jsessionid=AFB82E475EF8F00B7B871CCB2927D072.vm653?conscsjt=&amp;numeroTst=35&amp;digitoTst=38&amp;anoTst=2012&amp;orgaoTst=5&amp;tribunalTst=04&amp;varaTst=0701&amp;consulta=Consultar\" target=\"_blank\" rel=\"noopener noreferrer\">ARR-35-38.2012.5.04.0701<\/a><\/p>\n<p> O TST possui oito Turmas, cada uma composta de tr\u00eas ministros, com a atribui\u00e7\u00e3o de analisar recursos de revista, agravos, agravos de instrumento, agravos regimentais e recursos ordin\u00e1rios em a\u00e7\u00e3o cautelar. Das decis\u00f5es das Turmas, a parte ainda pode, em alguns casos, recorrer \u00e0 Subse\u00e7\u00e3o I Especializada em Diss\u00eddios Individuais (SBDI-1). <strong>Esta mat\u00e9ria tem cunho meramente informativo.<br \/> Permitida a reprodu\u00e7\u00e3o mediante cita\u00e7\u00e3o da fonte.<br \/> Secretaria de Comunica\u00e7\u00e3o Social<br \/> <a href=\"http:\/\/www.tst.jus.br\/\" target=\"_blank\" rel=\"noopener noreferrer\">Tribunal Superior do Trabalho<\/a><br \/> Tel. (61) 3043-4907<br \/> <a href=\"mailto:secom@tst.jus.br\">secom@tst.jus.br<\/a><\/strong>       <\/br><br \/>\n<br \/><i>Com informa\u00e7\u00f5es da assessoria de imprensa do TST.<\/i><br \/>\n<br \/><a href=\"http:\/\/www.tst.jus.br\/web\/guest\/noticias?p_p_id=89Dk&#038;p_p_lifecycle=0&#038;refererPlid=10730&#038;_89Dk_struts_action=%2Fjournal_content%2Fview&#038;_89Dk_groupId=10157&#038;_89Dk_articleId=24949594\">Fonte<\/a><br \/>\n<br \/><\/p>\n","protected":false},"excerpt":{"rendered":"<p>Os graves danos comprometeram a vida pessoal e profissional do empregado. A Sexta Turma do Tribunal Superior do Trabalho fixou em R$ 240 mil a indeniza\u00e7\u00e3o a ser paga pela Nova Palma Energia Ltda., do Rio Grande do Sul, a um eletricista que teve o corpo gravemente queimado em decorr\u00eancia de choque el\u00e9trico. Segundo a [&hellip;]<\/p>\n","protected":false},"author":3063,"featured_media":2031,"comment_status":"open","ping_status":"open","sticky":false,"template":"","format":"standard","meta":{"footnotes":""},"categories":[3,21],"tags":[33,216,9,12,217,215],"class_list":{"0":"post-5780","1":"post","2":"type-post","3":"status-publish","4":"format-standard","5":"has-post-thumbnail","7":"category-trabalhista","8":"category-tst","9":"tag-calculos-trabalhistas","10":"tag-direito-trabalhista","11":"tag-pericia","12":"tag-perito","13":"tag-trabalho","14":"tag-tst"},"yoast_head":"<!-- This site is optimized with the Yoast SEO plugin v27.2 - https:\/\/yoast.com\/product\/yoast-seo-wordpress\/ -->\n<title>TST: Eletricista que sofreu queimaduras no corpo vai ser indenizado por danos a projeto de vida | Portal de Not\u00edcias<\/title>\n<meta name=\"robots\" content=\"index, follow, max-snippet:-1, max-image-preview:large, max-video-preview:-1\" \/>\n<link rel=\"canonical\" href=\"https:\/\/mhcalculos.com.br\/noticias\/area\/trabalhista\/tst-eletricista-que-sofreu-queimaduras-no-corpo-vai-ser-indenizado-por-danos-a-projeto-de-vida.html\" \/>\n<meta property=\"og:locale\" content=\"pt_BR\" \/>\n<meta property=\"og:type\" content=\"article\" \/>\n<meta property=\"og:title\" content=\"TST: Eletricista que sofreu queimaduras no corpo vai ser indenizado por danos a projeto de vida | Portal de Not\u00edcias\" \/>\n<meta property=\"og:description\" content=\"Os graves danos comprometeram a vida pessoal e profissional do empregado. A Sexta Turma do Tribunal Superior do Trabalho fixou em R$ 240 mil a indeniza\u00e7\u00e3o a ser paga pela Nova Palma Energia Ltda., do Rio Grande do Sul, a um eletricista que teve o corpo gravemente queimado em decorr\u00eancia de choque el\u00e9trico. Segundo a [&hellip;]\" \/>\n<meta property=\"og:url\" content=\"https:\/\/mhcalculos.com.br\/noticias\/area\/trabalhista\/tst-eletricista-que-sofreu-queimaduras-no-corpo-vai-ser-indenizado-por-danos-a-projeto-de-vida.html\" \/>\n<meta property=\"og:site_name\" content=\"Portal de Not\u00edcias\" \/>\n<meta property=\"article:published_time\" content=\"2019-08-23T12:14:00+00:00\" \/>\n<meta property=\"article:modified_time\" content=\"2021-07-28T17:32:13+00:00\" \/>\n<meta property=\"og:image\" content=\"https:\/\/mhcalculos.com.br\/noticias\/wp-content\/uploads\/sites\/2\/2018\/06\/trabalhista-0007.jpg\" \/>\n\t<meta property=\"og:image:width\" content=\"2000\" \/>\n\t<meta property=\"og:image:height\" content=\"800\" \/>\n\t<meta property=\"og:image:type\" content=\"image\/jpeg\" \/>\n<meta name=\"author\" content=\"Equipe MH\" \/>\n<meta name=\"twitter:card\" content=\"summary_large_image\" \/>\n<meta name=\"twitter:label1\" content=\"Escrito por\" \/>\n\t<meta name=\"twitter:data1\" content=\"Equipe MH\" \/>\n\t<meta name=\"twitter:label2\" content=\"Est. tempo de leitura\" \/>\n\t<meta name=\"twitter:data2\" content=\"3 minutos\" \/>\n<script type=\"application\/ld+json\" class=\"yoast-schema-graph\">{\"@context\":\"https:\/\/schema.org\",\"@graph\":[{\"@type\":\"Article\",\"@id\":\"https:\/\/mhcalculos.com.br\/noticias\/area\/trabalhista\/tst-eletricista-que-sofreu-queimaduras-no-corpo-vai-ser-indenizado-por-danos-a-projeto-de-vida.html#article\",\"isPartOf\":{\"@id\":\"https:\/\/mhcalculos.com.br\/noticias\/area\/trabalhista\/tst-eletricista-que-sofreu-queimaduras-no-corpo-vai-ser-indenizado-por-danos-a-projeto-de-vida.html\"},\"author\":{\"name\":\"Equipe MH\",\"@id\":\"https:\/\/mhcalculos.com.br\/noticias\/#\/schema\/person\/88d1c34bf72dc779ea14a5a6b8e0ae8d\"},\"headline\":\"TST: Eletricista que sofreu queimaduras no corpo vai ser indenizado por danos a projeto de vida\",\"datePublished\":\"2019-08-23T12:14:00+00:00\",\"dateModified\":\"2021-07-28T17:32:13+00:00\",\"mainEntityOfPage\":{\"@id\":\"https:\/\/mhcalculos.com.br\/noticias\/area\/trabalhista\/tst-eletricista-que-sofreu-queimaduras-no-corpo-vai-ser-indenizado-por-danos-a-projeto-de-vida.html\"},\"wordCount\":695,\"commentCount\":0,\"image\":{\"@id\":\"https:\/\/mhcalculos.com.br\/noticias\/area\/trabalhista\/tst-eletricista-que-sofreu-queimaduras-no-corpo-vai-ser-indenizado-por-danos-a-projeto-de-vida.html#primaryimage\"},\"thumbnailUrl\":\"https:\/\/mhcalculos.com.br\/noticias\/wp-content\/uploads\/sites\/2\/2018\/06\/trabalhista-0007.jpg\",\"keywords\":[\"c\u00e1lculos trabalhistas\",\"direito trabalhista\",\"per\u00edcia\",\"perito\",\"trabalho\",\"TST\"],\"articleSection\":[\"Direito Trabalhista\",\"TST\"],\"inLanguage\":\"pt-BR\",\"potentialAction\":[{\"@type\":\"CommentAction\",\"name\":\"Comment\",\"target\":[\"https:\/\/mhcalculos.com.br\/noticias\/area\/trabalhista\/tst-eletricista-que-sofreu-queimaduras-no-corpo-vai-ser-indenizado-por-danos-a-projeto-de-vida.html#respond\"]}]},{\"@type\":\"WebPage\",\"@id\":\"https:\/\/mhcalculos.com.br\/noticias\/area\/trabalhista\/tst-eletricista-que-sofreu-queimaduras-no-corpo-vai-ser-indenizado-por-danos-a-projeto-de-vida.html\",\"url\":\"https:\/\/mhcalculos.com.br\/noticias\/area\/trabalhista\/tst-eletricista-que-sofreu-queimaduras-no-corpo-vai-ser-indenizado-por-danos-a-projeto-de-vida.html\",\"name\":\"TST: Eletricista que sofreu queimaduras no corpo vai ser indenizado por danos a projeto de vida | Portal de Not\u00edcias\",\"isPartOf\":{\"@id\":\"https:\/\/mhcalculos.com.br\/noticias\/#website\"},\"primaryImageOfPage\":{\"@id\":\"https:\/\/mhcalculos.com.br\/noticias\/area\/trabalhista\/tst-eletricista-que-sofreu-queimaduras-no-corpo-vai-ser-indenizado-por-danos-a-projeto-de-vida.html#primaryimage\"},\"image\":{\"@id\":\"https:\/\/mhcalculos.com.br\/noticias\/area\/trabalhista\/tst-eletricista-que-sofreu-queimaduras-no-corpo-vai-ser-indenizado-por-danos-a-projeto-de-vida.html#primaryimage\"},\"thumbnailUrl\":\"https:\/\/mhcalculos.com.br\/noticias\/wp-content\/uploads\/sites\/2\/2018\/06\/trabalhista-0007.jpg\",\"datePublished\":\"2019-08-23T12:14:00+00:00\",\"dateModified\":\"2021-07-28T17:32:13+00:00\",\"author\":{\"@id\":\"https:\/\/mhcalculos.com.br\/noticias\/#\/schema\/person\/88d1c34bf72dc779ea14a5a6b8e0ae8d\"},\"breadcrumb\":{\"@id\":\"https:\/\/mhcalculos.com.br\/noticias\/area\/trabalhista\/tst-eletricista-que-sofreu-queimaduras-no-corpo-vai-ser-indenizado-por-danos-a-projeto-de-vida.html#breadcrumb\"},\"inLanguage\":\"pt-BR\",\"potentialAction\":[{\"@type\":\"ReadAction\",\"target\":[\"https:\/\/mhcalculos.com.br\/noticias\/area\/trabalhista\/tst-eletricista-que-sofreu-queimaduras-no-corpo-vai-ser-indenizado-por-danos-a-projeto-de-vida.html\"]}]},{\"@type\":\"ImageObject\",\"inLanguage\":\"pt-BR\",\"@id\":\"https:\/\/mhcalculos.com.br\/noticias\/area\/trabalhista\/tst-eletricista-que-sofreu-queimaduras-no-corpo-vai-ser-indenizado-por-danos-a-projeto-de-vida.html#primaryimage\",\"url\":\"https:\/\/mhcalculos.com.br\/noticias\/wp-content\/uploads\/sites\/2\/2018\/06\/trabalhista-0007.jpg\",\"contentUrl\":\"https:\/\/mhcalculos.com.br\/noticias\/wp-content\/uploads\/sites\/2\/2018\/06\/trabalhista-0007.jpg\",\"width\":2000,\"height\":800},{\"@type\":\"BreadcrumbList\",\"@id\":\"https:\/\/mhcalculos.com.br\/noticias\/area\/trabalhista\/tst-eletricista-que-sofreu-queimaduras-no-corpo-vai-ser-indenizado-por-danos-a-projeto-de-vida.html#breadcrumb\",\"itemListElement\":[{\"@type\":\"ListItem\",\"position\":1,\"name\":\"In\u00edcio\",\"item\":\"https:\/\/mhcalculos.com.br\/noticias\/\"},{\"@type\":\"ListItem\",\"position\":2,\"name\":\"TST: Eletricista que sofreu queimaduras no corpo vai ser indenizado por danos a projeto de vida\"}]},{\"@type\":\"WebSite\",\"@id\":\"https:\/\/mhcalculos.com.br\/noticias\/#website\",\"url\":\"https:\/\/mhcalculos.com.br\/noticias\/\",\"name\":\"Portal de Not\u00edcias\",\"description\":\"Not\u00edcias e Jurisprud\u00eancia\",\"potentialAction\":[{\"@type\":\"SearchAction\",\"target\":{\"@type\":\"EntryPoint\",\"urlTemplate\":\"https:\/\/mhcalculos.com.br\/noticias\/?s={search_term_string}\"},\"query-input\":{\"@type\":\"PropertyValueSpecification\",\"valueRequired\":true,\"valueName\":\"search_term_string\"}}],\"inLanguage\":\"pt-BR\"},{\"@type\":\"Person\",\"@id\":\"https:\/\/mhcalculos.com.br\/noticias\/#\/schema\/person\/88d1c34bf72dc779ea14a5a6b8e0ae8d\",\"name\":\"Equipe MH\",\"image\":{\"@type\":\"ImageObject\",\"inLanguage\":\"pt-BR\",\"@id\":\"https:\/\/secure.gravatar.com\/avatar\/de1c686c2ecc9c5a3f327e3431d819eb39f8f05d4e1045f5a1caad6daaba987f?s=96&d=mm&r=g\",\"url\":\"https:\/\/secure.gravatar.com\/avatar\/de1c686c2ecc9c5a3f327e3431d819eb39f8f05d4e1045f5a1caad6daaba987f?s=96&d=mm&r=g\",\"contentUrl\":\"https:\/\/secure.gravatar.com\/avatar\/de1c686c2ecc9c5a3f327e3431d819eb39f8f05d4e1045f5a1caad6daaba987f?s=96&d=mm&r=g\",\"caption\":\"Equipe MH\"}}]}<\/script>\n<!-- \/ Yoast SEO plugin. -->","yoast_head_json":{"title":"TST: Eletricista que sofreu queimaduras no corpo vai ser indenizado por danos a projeto de vida | Portal de Not\u00edcias","robots":{"index":"index","follow":"follow","max-snippet":"max-snippet:-1","max-image-preview":"max-image-preview:large","max-video-preview":"max-video-preview:-1"},"canonical":"https:\/\/mhcalculos.com.br\/noticias\/area\/trabalhista\/tst-eletricista-que-sofreu-queimaduras-no-corpo-vai-ser-indenizado-por-danos-a-projeto-de-vida.html","og_locale":"pt_BR","og_type":"article","og_title":"TST: Eletricista que sofreu queimaduras no corpo vai ser indenizado por danos a projeto de vida | Portal de Not\u00edcias","og_description":"Os graves danos comprometeram a vida pessoal e profissional do empregado. A Sexta Turma do Tribunal Superior do Trabalho fixou em R$ 240 mil a indeniza\u00e7\u00e3o a ser paga pela Nova Palma Energia Ltda., do Rio Grande do Sul, a um eletricista que teve o corpo gravemente queimado em decorr\u00eancia de choque el\u00e9trico. Segundo a [&hellip;]","og_url":"https:\/\/mhcalculos.com.br\/noticias\/area\/trabalhista\/tst-eletricista-que-sofreu-queimaduras-no-corpo-vai-ser-indenizado-por-danos-a-projeto-de-vida.html","og_site_name":"Portal de Not\u00edcias","article_published_time":"2019-08-23T12:14:00+00:00","article_modified_time":"2021-07-28T17:32:13+00:00","og_image":[{"width":2000,"height":800,"url":"https:\/\/mhcalculos.com.br\/noticias\/wp-content\/uploads\/sites\/2\/2018\/06\/trabalhista-0007.jpg","type":"image\/jpeg"}],"author":"Equipe MH","twitter_card":"summary_large_image","twitter_misc":{"Escrito por":"Equipe MH","Est. tempo de leitura":"3 minutos"},"schema":{"@context":"https:\/\/schema.org","@graph":[{"@type":"Article","@id":"https:\/\/mhcalculos.com.br\/noticias\/area\/trabalhista\/tst-eletricista-que-sofreu-queimaduras-no-corpo-vai-ser-indenizado-por-danos-a-projeto-de-vida.html#article","isPartOf":{"@id":"https:\/\/mhcalculos.com.br\/noticias\/area\/trabalhista\/tst-eletricista-que-sofreu-queimaduras-no-corpo-vai-ser-indenizado-por-danos-a-projeto-de-vida.html"},"author":{"name":"Equipe MH","@id":"https:\/\/mhcalculos.com.br\/noticias\/#\/schema\/person\/88d1c34bf72dc779ea14a5a6b8e0ae8d"},"headline":"TST: Eletricista que sofreu queimaduras no corpo vai ser indenizado por danos a projeto de vida","datePublished":"2019-08-23T12:14:00+00:00","dateModified":"2021-07-28T17:32:13+00:00","mainEntityOfPage":{"@id":"https:\/\/mhcalculos.com.br\/noticias\/area\/trabalhista\/tst-eletricista-que-sofreu-queimaduras-no-corpo-vai-ser-indenizado-por-danos-a-projeto-de-vida.html"},"wordCount":695,"commentCount":0,"image":{"@id":"https:\/\/mhcalculos.com.br\/noticias\/area\/trabalhista\/tst-eletricista-que-sofreu-queimaduras-no-corpo-vai-ser-indenizado-por-danos-a-projeto-de-vida.html#primaryimage"},"thumbnailUrl":"https:\/\/mhcalculos.com.br\/noticias\/wp-content\/uploads\/sites\/2\/2018\/06\/trabalhista-0007.jpg","keywords":["c\u00e1lculos trabalhistas","direito trabalhista","per\u00edcia","perito","trabalho","TST"],"articleSection":["Direito Trabalhista","TST"],"inLanguage":"pt-BR","potentialAction":[{"@type":"CommentAction","name":"Comment","target":["https:\/\/mhcalculos.com.br\/noticias\/area\/trabalhista\/tst-eletricista-que-sofreu-queimaduras-no-corpo-vai-ser-indenizado-por-danos-a-projeto-de-vida.html#respond"]}]},{"@type":"WebPage","@id":"https:\/\/mhcalculos.com.br\/noticias\/area\/trabalhista\/tst-eletricista-que-sofreu-queimaduras-no-corpo-vai-ser-indenizado-por-danos-a-projeto-de-vida.html","url":"https:\/\/mhcalculos.com.br\/noticias\/area\/trabalhista\/tst-eletricista-que-sofreu-queimaduras-no-corpo-vai-ser-indenizado-por-danos-a-projeto-de-vida.html","name":"TST: Eletricista que sofreu queimaduras no corpo vai ser indenizado por danos a projeto de vida | Portal de Not\u00edcias","isPartOf":{"@id":"https:\/\/mhcalculos.com.br\/noticias\/#website"},"primaryImageOfPage":{"@id":"https:\/\/mhcalculos.com.br\/noticias\/area\/trabalhista\/tst-eletricista-que-sofreu-queimaduras-no-corpo-vai-ser-indenizado-por-danos-a-projeto-de-vida.html#primaryimage"},"image":{"@id":"https:\/\/mhcalculos.com.br\/noticias\/area\/trabalhista\/tst-eletricista-que-sofreu-queimaduras-no-corpo-vai-ser-indenizado-por-danos-a-projeto-de-vida.html#primaryimage"},"thumbnailUrl":"https:\/\/mhcalculos.com.br\/noticias\/wp-content\/uploads\/sites\/2\/2018\/06\/trabalhista-0007.jpg","datePublished":"2019-08-23T12:14:00+00:00","dateModified":"2021-07-28T17:32:13+00:00","author":{"@id":"https:\/\/mhcalculos.com.br\/noticias\/#\/schema\/person\/88d1c34bf72dc779ea14a5a6b8e0ae8d"},"breadcrumb":{"@id":"https:\/\/mhcalculos.com.br\/noticias\/area\/trabalhista\/tst-eletricista-que-sofreu-queimaduras-no-corpo-vai-ser-indenizado-por-danos-a-projeto-de-vida.html#breadcrumb"},"inLanguage":"pt-BR","potentialAction":[{"@type":"ReadAction","target":["https:\/\/mhcalculos.com.br\/noticias\/area\/trabalhista\/tst-eletricista-que-sofreu-queimaduras-no-corpo-vai-ser-indenizado-por-danos-a-projeto-de-vida.html"]}]},{"@type":"ImageObject","inLanguage":"pt-BR","@id":"https:\/\/mhcalculos.com.br\/noticias\/area\/trabalhista\/tst-eletricista-que-sofreu-queimaduras-no-corpo-vai-ser-indenizado-por-danos-a-projeto-de-vida.html#primaryimage","url":"https:\/\/mhcalculos.com.br\/noticias\/wp-content\/uploads\/sites\/2\/2018\/06\/trabalhista-0007.jpg","contentUrl":"https:\/\/mhcalculos.com.br\/noticias\/wp-content\/uploads\/sites\/2\/2018\/06\/trabalhista-0007.jpg","width":2000,"height":800},{"@type":"BreadcrumbList","@id":"https:\/\/mhcalculos.com.br\/noticias\/area\/trabalhista\/tst-eletricista-que-sofreu-queimaduras-no-corpo-vai-ser-indenizado-por-danos-a-projeto-de-vida.html#breadcrumb","itemListElement":[{"@type":"ListItem","position":1,"name":"In\u00edcio","item":"https:\/\/mhcalculos.com.br\/noticias\/"},{"@type":"ListItem","position":2,"name":"TST: Eletricista que sofreu queimaduras no corpo vai ser indenizado por danos a projeto de vida"}]},{"@type":"WebSite","@id":"https:\/\/mhcalculos.com.br\/noticias\/#website","url":"https:\/\/mhcalculos.com.br\/noticias\/","name":"Portal de Not\u00edcias","description":"Not\u00edcias e Jurisprud\u00eancia","potentialAction":[{"@type":"SearchAction","target":{"@type":"EntryPoint","urlTemplate":"https:\/\/mhcalculos.com.br\/noticias\/?s={search_term_string}"},"query-input":{"@type":"PropertyValueSpecification","valueRequired":true,"valueName":"search_term_string"}}],"inLanguage":"pt-BR"},{"@type":"Person","@id":"https:\/\/mhcalculos.com.br\/noticias\/#\/schema\/person\/88d1c34bf72dc779ea14a5a6b8e0ae8d","name":"Equipe MH","image":{"@type":"ImageObject","inLanguage":"pt-BR","@id":"https:\/\/secure.gravatar.com\/avatar\/de1c686c2ecc9c5a3f327e3431d819eb39f8f05d4e1045f5a1caad6daaba987f?s=96&d=mm&r=g","url":"https:\/\/secure.gravatar.com\/avatar\/de1c686c2ecc9c5a3f327e3431d819eb39f8f05d4e1045f5a1caad6daaba987f?s=96&d=mm&r=g","contentUrl":"https:\/\/secure.gravatar.com\/avatar\/de1c686c2ecc9c5a3f327e3431d819eb39f8f05d4e1045f5a1caad6daaba987f?s=96&d=mm&r=g","caption":"Equipe MH"}}]}},"_links":{"self":[{"href":"https:\/\/mhcalculos.com.br\/noticias\/wp-json\/wp\/v2\/posts\/5780","targetHints":{"allow":["GET"]}}],"collection":[{"href":"https:\/\/mhcalculos.com.br\/noticias\/wp-json\/wp\/v2\/posts"}],"about":[{"href":"https:\/\/mhcalculos.com.br\/noticias\/wp-json\/wp\/v2\/types\/post"}],"author":[{"embeddable":true,"href":"https:\/\/mhcalculos.com.br\/noticias\/wp-json\/wp\/v2\/users\/3063"}],"replies":[{"embeddable":true,"href":"https:\/\/mhcalculos.com.br\/noticias\/wp-json\/wp\/v2\/comments?post=5780"}],"version-history":[{"count":1,"href":"https:\/\/mhcalculos.com.br\/noticias\/wp-json\/wp\/v2\/posts\/5780\/revisions"}],"predecessor-version":[{"id":9690,"href":"https:\/\/mhcalculos.com.br\/noticias\/wp-json\/wp\/v2\/posts\/5780\/revisions\/9690"}],"wp:featuredmedia":[{"embeddable":true,"href":"https:\/\/mhcalculos.com.br\/noticias\/wp-json\/wp\/v2\/media\/2031"}],"wp:attachment":[{"href":"https:\/\/mhcalculos.com.br\/noticias\/wp-json\/wp\/v2\/media?parent=5780"}],"wp:term":[{"taxonomy":"category","embeddable":true,"href":"https:\/\/mhcalculos.com.br\/noticias\/wp-json\/wp\/v2\/categories?post=5780"},{"taxonomy":"post_tag","embeddable":true,"href":"https:\/\/mhcalculos.com.br\/noticias\/wp-json\/wp\/v2\/tags?post=5780"}],"curies":[{"name":"wp","href":"https:\/\/api.w.org\/{rel}","templated":true}]}}