{"id":5756,"date":"2019-08-24T10:00:04","date_gmt":"2019-08-24T13:00:04","guid":{"rendered":"https:\/\/mhcalculos.com.br\/noticias\/2019\/08\/24\/trf3-emag-promove-curso-de-educacao-financeira-para-magistrados-e-servidores\/"},"modified":"2021-07-28T14:32:13","modified_gmt":"2021-07-28T17:32:13","slug":"trf3-emag-promove-curso-de-educacao-financeira-para-magistrados-e-servidores","status":"publish","type":"post","link":"https:\/\/mhcalculos.com.br\/noticias\/area\/previdenciario\/trf3-emag-promove-curso-de-educacao-financeira-para-magistrados-e-servidores.html","title":{"rendered":"TRF3: EMAG PROMOVE CURSO DE EDUCA\u00c7\u00c3O FINANCEIRA PARA MAGISTRADOS E SERVIDORES"},"content":{"rendered":"\n<div class=\"mat\">\n<p><em>Evento ocorre nos dias 9 e 13 de setembro<\/em><\/p>\n<p>A Escola de Magistrados da Justi\u00e7a Federal da 3.\u00aa Regi\u00e3o (Emag), dirigida pelo Desembargador Federal Jos\u00e9 Lunardelli, promove, nos dias 9 e 13 de setembro, o curso &#8220;Educa\u00e7\u00e3o Financeira &#8211; Quest\u00f5es Pr\u00e1ticas\u201d, das 9h30 \u00e0s 12h30, no audit\u00f3rio localizado na Avenida Paulista 1.912, Edif\u00edcio FUNCEF Center, 1.\u00ba andar, S\u00e3o Paulo\/SP.<\/p>\n<p>O evento \u00e9 aberto a magistrados e servidores federais e tamb\u00e9m ser\u00e1 transmitido por videoconfer\u00eancia para as demais Subse\u00e7\u00f5es Judici\u00e1rias. A inscri\u00e7\u00e3o \u00e9 gratuita no endere\u00e7o eletr\u00f4nico <a href=\"http:\/\/www.trf3.jus.br\/semag\/\">www.trf3.jus.br\/semag<\/a>.<\/p>\n<p>No dia 9 de setembro, os palestrantes Lucas Ferrari, Andr\u00e9 Miascovsky e Adriano Fonseca, da MN Investimentos, v\u00e3o tratar dos seguintes temas: Seguran\u00e7a dos Investimentos; Como manter a rentabilidade com a queda da taxa Selic; Intelig\u00eancia Financeira; Investimentos Conservadores; e Gest\u00e3o de Risco e Sucess\u00e3o Patrimonial. Em seguida, o Estrategista de Investimentos do Banco Safra, Marcos Saravalle, falar\u00e1 sobre o Cen\u00e1rio Macroecon\u00f4mico.<\/p>\n<p>No dia 13 de setembro, os palestrantes Ana Rosa D\u2019Errico, Paulo Costa e Arthur Ordones, da Chicago Investimentos, abordar\u00e3o: Endividamento; Seguran\u00e7a; Renda vari\u00e1vel e oportunidades de investimento; e Previd\u00eancia Complementar, Brasil e exterior.<\/p>\n<p>O curso \u00e9 coordenado pelos Ju\u00edzes Federais Ot\u00e1vio Henrique Martins Port, Presidente da Associa\u00e7\u00e3o dos Ju\u00edzes Federais de S\u00e3o Paulo e Mato Grosso do Sul (Ajufesp), e Alessandro Diaf\u00e9ria, Diretor Financeiro da Ajufesp.<\/p>\n<p><img decoding=\"async\" data-src=\"http:\/\/web.trf3.jus.br\/noticias\/uploaddir\/image\/2019\/Agosto\/Educa%C3%A7%C3%A3o%20Financeira.jpg\" width=\"600\" height=\"849\" alt=\"\" src=\"data:image\/svg+xml;base64,PHN2ZyB3aWR0aD0iMSIgaGVpZ2h0PSIxIiB4bWxucz0iaHR0cDovL3d3dy53My5vcmcvMjAwMC9zdmciPjwvc3ZnPg==\" class=\"lazyload\" style=\"--smush-placeholder-width: 600px; --smush-placeholder-aspect-ratio: 600\/849;\"><\/p>\n<\/p><\/div>\n<p><i>Com informa\u00e7\u00f5es da assessoria de imprensa do TRF3.<\/i><br \/>\n<br \/><a href=\"http:\/\/web.trf3.jus.br\/noticias\/Noticias\/Noticia\/Exibir\/384810\">Fonte<\/a><br \/>\n<br \/><\/p>\n","protected":false},"excerpt":{"rendered":"<p>Evento ocorre nos dias 9 e 13 de setembro A Escola de Magistrados da Justi\u00e7a Federal da 3.\u00aa Regi\u00e3o (Emag), dirigida pelo Desembargador Federal Jos\u00e9 Lunardelli, promove, nos dias 9 e 13 de setembro, o curso &#8220;Educa\u00e7\u00e3o Financeira &#8211; Quest\u00f5es Pr\u00e1ticas\u201d, das 9h30 \u00e0s 12h30, no audit\u00f3rio localizado na Avenida Paulista 1.912, Edif\u00edcio FUNCEF Center, [&hellip;]<\/p>\n","protected":false},"author":3063,"featured_media":2153,"comment_status":"open","ping_status":"open","sticky":false,"template":"","format":"standard","meta":{"footnotes":""},"categories":[5,110],"tags":[11,10,8,13,9,12,152],"class_list":{"0":"post-5756","1":"post","2":"type-post","3":"status-publish","4":"format-standard","5":"has-post-thumbnail","7":"category-previdenciario","8":"category-trf3","9":"tag-aposentadoria","10":"tag-calculos-previdenciarios","11":"tag-direito-previdenciario","12":"tag-inss","13":"tag-pericia","14":"tag-perito","15":"tag-trf3"},"yoast_head":"<!-- This site is optimized with the Yoast SEO plugin v27.2 - https:\/\/yoast.com\/product\/yoast-seo-wordpress\/ -->\n<title>TRF3: EMAG PROMOVE CURSO DE EDUCA\u00c7\u00c3O FINANCEIRA PARA MAGISTRADOS E SERVIDORES | Portal de Not\u00edcias<\/title>\n<meta name=\"robots\" content=\"index, follow, max-snippet:-1, max-image-preview:large, max-video-preview:-1\" \/>\n<link rel=\"canonical\" href=\"https:\/\/mhcalculos.com.br\/noticias\/area\/previdenciario\/trf3-emag-promove-curso-de-educacao-financeira-para-magistrados-e-servidores.html\" \/>\n<meta property=\"og:locale\" content=\"pt_BR\" \/>\n<meta property=\"og:type\" content=\"article\" \/>\n<meta property=\"og:title\" content=\"TRF3: EMAG PROMOVE CURSO DE EDUCA\u00c7\u00c3O FINANCEIRA PARA MAGISTRADOS E SERVIDORES | Portal de Not\u00edcias\" \/>\n<meta property=\"og:description\" content=\"Evento ocorre nos dias 9 e 13 de setembro A Escola de Magistrados da Justi\u00e7a Federal da 3.\u00aa Regi\u00e3o (Emag), dirigida pelo Desembargador Federal Jos\u00e9 Lunardelli, promove, nos dias 9 e 13 de setembro, o curso &#8220;Educa\u00e7\u00e3o Financeira &#8211; Quest\u00f5es Pr\u00e1ticas\u201d, das 9h30 \u00e0s 12h30, no audit\u00f3rio localizado na Avenida Paulista 1.912, Edif\u00edcio FUNCEF Center, [&hellip;]\" \/>\n<meta property=\"og:url\" content=\"https:\/\/mhcalculos.com.br\/noticias\/area\/previdenciario\/trf3-emag-promove-curso-de-educacao-financeira-para-magistrados-e-servidores.html\" \/>\n<meta property=\"og:site_name\" content=\"Portal de Not\u00edcias\" \/>\n<meta property=\"article:published_time\" content=\"2019-08-24T13:00:04+00:00\" \/>\n<meta property=\"article:modified_time\" content=\"2021-07-28T17:32:13+00:00\" \/>\n<meta property=\"og:image\" content=\"https:\/\/mhcalculos.com.br\/noticias\/wp-content\/uploads\/sites\/2\/2018\/06\/previdenciario-0031.jpg\" \/>\n\t<meta property=\"og:image:width\" content=\"2000\" \/>\n\t<meta property=\"og:image:height\" content=\"800\" \/>\n\t<meta property=\"og:image:type\" content=\"image\/jpeg\" \/>\n<meta name=\"author\" content=\"Equipe MH\" \/>\n<meta name=\"twitter:card\" content=\"summary_large_image\" \/>\n<meta name=\"twitter:label1\" content=\"Escrito por\" \/>\n\t<meta name=\"twitter:data1\" content=\"Equipe MH\" \/>\n\t<meta name=\"twitter:label2\" content=\"Est. tempo de leitura\" \/>\n\t<meta name=\"twitter:data2\" content=\"1 minuto\" \/>\n<script type=\"application\/ld+json\" class=\"yoast-schema-graph\">{\"@context\":\"https:\/\/schema.org\",\"@graph\":[{\"@type\":\"Article\",\"@id\":\"https:\/\/mhcalculos.com.br\/noticias\/area\/previdenciario\/trf3-emag-promove-curso-de-educacao-financeira-para-magistrados-e-servidores.html#article\",\"isPartOf\":{\"@id\":\"https:\/\/mhcalculos.com.br\/noticias\/area\/previdenciario\/trf3-emag-promove-curso-de-educacao-financeira-para-magistrados-e-servidores.html\"},\"author\":{\"name\":\"Equipe MH\",\"@id\":\"https:\/\/mhcalculos.com.br\/noticias\/#\/schema\/person\/88d1c34bf72dc779ea14a5a6b8e0ae8d\"},\"headline\":\"TRF3: EMAG PROMOVE CURSO DE EDUCA\u00c7\u00c3O FINANCEIRA PARA MAGISTRADOS E SERVIDORES\",\"datePublished\":\"2019-08-24T13:00:04+00:00\",\"dateModified\":\"2021-07-28T17:32:13+00:00\",\"mainEntityOfPage\":{\"@id\":\"https:\/\/mhcalculos.com.br\/noticias\/area\/previdenciario\/trf3-emag-promove-curso-de-educacao-financeira-para-magistrados-e-servidores.html\"},\"wordCount\":265,\"commentCount\":0,\"image\":{\"@id\":\"https:\/\/mhcalculos.com.br\/noticias\/area\/previdenciario\/trf3-emag-promove-curso-de-educacao-financeira-para-magistrados-e-servidores.html#primaryimage\"},\"thumbnailUrl\":\"https:\/\/mhcalculos.com.br\/noticias\/wp-content\/uploads\/sites\/2\/2018\/06\/previdenciario-0031.jpg\",\"keywords\":[\"aposentadoria\",\"c\u00e1lculos previdenci\u00e1rios\",\"direito previdenci\u00e1rio\",\"inss\",\"per\u00edcia\",\"perito\",\"trf3\"],\"articleSection\":[\"Direito Previdenci\u00e1rio\",\"TRF3\"],\"inLanguage\":\"pt-BR\",\"potentialAction\":[{\"@type\":\"CommentAction\",\"name\":\"Comment\",\"target\":[\"https:\/\/mhcalculos.com.br\/noticias\/area\/previdenciario\/trf3-emag-promove-curso-de-educacao-financeira-para-magistrados-e-servidores.html#respond\"]}]},{\"@type\":\"WebPage\",\"@id\":\"https:\/\/mhcalculos.com.br\/noticias\/area\/previdenciario\/trf3-emag-promove-curso-de-educacao-financeira-para-magistrados-e-servidores.html\",\"url\":\"https:\/\/mhcalculos.com.br\/noticias\/area\/previdenciario\/trf3-emag-promove-curso-de-educacao-financeira-para-magistrados-e-servidores.html\",\"name\":\"TRF3: EMAG PROMOVE CURSO DE EDUCA\u00c7\u00c3O FINANCEIRA PARA MAGISTRADOS E SERVIDORES | Portal de Not\u00edcias\",\"isPartOf\":{\"@id\":\"https:\/\/mhcalculos.com.br\/noticias\/#website\"},\"primaryImageOfPage\":{\"@id\":\"https:\/\/mhcalculos.com.br\/noticias\/area\/previdenciario\/trf3-emag-promove-curso-de-educacao-financeira-para-magistrados-e-servidores.html#primaryimage\"},\"image\":{\"@id\":\"https:\/\/mhcalculos.com.br\/noticias\/area\/previdenciario\/trf3-emag-promove-curso-de-educacao-financeira-para-magistrados-e-servidores.html#primaryimage\"},\"thumbnailUrl\":\"https:\/\/mhcalculos.com.br\/noticias\/wp-content\/uploads\/sites\/2\/2018\/06\/previdenciario-0031.jpg\",\"datePublished\":\"2019-08-24T13:00:04+00:00\",\"dateModified\":\"2021-07-28T17:32:13+00:00\",\"author\":{\"@id\":\"https:\/\/mhcalculos.com.br\/noticias\/#\/schema\/person\/88d1c34bf72dc779ea14a5a6b8e0ae8d\"},\"breadcrumb\":{\"@id\":\"https:\/\/mhcalculos.com.br\/noticias\/area\/previdenciario\/trf3-emag-promove-curso-de-educacao-financeira-para-magistrados-e-servidores.html#breadcrumb\"},\"inLanguage\":\"pt-BR\",\"potentialAction\":[{\"@type\":\"ReadAction\",\"target\":[\"https:\/\/mhcalculos.com.br\/noticias\/area\/previdenciario\/trf3-emag-promove-curso-de-educacao-financeira-para-magistrados-e-servidores.html\"]}]},{\"@type\":\"ImageObject\",\"inLanguage\":\"pt-BR\",\"@id\":\"https:\/\/mhcalculos.com.br\/noticias\/area\/previdenciario\/trf3-emag-promove-curso-de-educacao-financeira-para-magistrados-e-servidores.html#primaryimage\",\"url\":\"https:\/\/mhcalculos.com.br\/noticias\/wp-content\/uploads\/sites\/2\/2018\/06\/previdenciario-0031.jpg\",\"contentUrl\":\"https:\/\/mhcalculos.com.br\/noticias\/wp-content\/uploads\/sites\/2\/2018\/06\/previdenciario-0031.jpg\",\"width\":2000,\"height\":800},{\"@type\":\"BreadcrumbList\",\"@id\":\"https:\/\/mhcalculos.com.br\/noticias\/area\/previdenciario\/trf3-emag-promove-curso-de-educacao-financeira-para-magistrados-e-servidores.html#breadcrumb\",\"itemListElement\":[{\"@type\":\"ListItem\",\"position\":1,\"name\":\"In\u00edcio\",\"item\":\"https:\/\/mhcalculos.com.br\/noticias\/\"},{\"@type\":\"ListItem\",\"position\":2,\"name\":\"TRF3: EMAG PROMOVE CURSO DE EDUCA\u00c7\u00c3O FINANCEIRA PARA MAGISTRADOS E SERVIDORES\"}]},{\"@type\":\"WebSite\",\"@id\":\"https:\/\/mhcalculos.com.br\/noticias\/#website\",\"url\":\"https:\/\/mhcalculos.com.br\/noticias\/\",\"name\":\"Portal de Not\u00edcias\",\"description\":\"Not\u00edcias e Jurisprud\u00eancia\",\"potentialAction\":[{\"@type\":\"SearchAction\",\"target\":{\"@type\":\"EntryPoint\",\"urlTemplate\":\"https:\/\/mhcalculos.com.br\/noticias\/?s={search_term_string}\"},\"query-input\":{\"@type\":\"PropertyValueSpecification\",\"valueRequired\":true,\"valueName\":\"search_term_string\"}}],\"inLanguage\":\"pt-BR\"},{\"@type\":\"Person\",\"@id\":\"https:\/\/mhcalculos.com.br\/noticias\/#\/schema\/person\/88d1c34bf72dc779ea14a5a6b8e0ae8d\",\"name\":\"Equipe MH\",\"image\":{\"@type\":\"ImageObject\",\"inLanguage\":\"pt-BR\",\"@id\":\"https:\/\/secure.gravatar.com\/avatar\/de1c686c2ecc9c5a3f327e3431d819eb39f8f05d4e1045f5a1caad6daaba987f?s=96&d=mm&r=g\",\"url\":\"https:\/\/secure.gravatar.com\/avatar\/de1c686c2ecc9c5a3f327e3431d819eb39f8f05d4e1045f5a1caad6daaba987f?s=96&d=mm&r=g\",\"contentUrl\":\"https:\/\/secure.gravatar.com\/avatar\/de1c686c2ecc9c5a3f327e3431d819eb39f8f05d4e1045f5a1caad6daaba987f?s=96&d=mm&r=g\",\"caption\":\"Equipe MH\"}}]}<\/script>\n<!-- \/ Yoast SEO plugin. -->","yoast_head_json":{"title":"TRF3: EMAG PROMOVE CURSO DE EDUCA\u00c7\u00c3O FINANCEIRA PARA MAGISTRADOS E SERVIDORES | Portal de Not\u00edcias","robots":{"index":"index","follow":"follow","max-snippet":"max-snippet:-1","max-image-preview":"max-image-preview:large","max-video-preview":"max-video-preview:-1"},"canonical":"https:\/\/mhcalculos.com.br\/noticias\/area\/previdenciario\/trf3-emag-promove-curso-de-educacao-financeira-para-magistrados-e-servidores.html","og_locale":"pt_BR","og_type":"article","og_title":"TRF3: EMAG PROMOVE CURSO DE EDUCA\u00c7\u00c3O FINANCEIRA PARA MAGISTRADOS E SERVIDORES | Portal de Not\u00edcias","og_description":"Evento ocorre nos dias 9 e 13 de setembro A Escola de Magistrados da Justi\u00e7a Federal da 3.\u00aa Regi\u00e3o (Emag), dirigida pelo Desembargador Federal Jos\u00e9 Lunardelli, promove, nos dias 9 e 13 de setembro, o curso &#8220;Educa\u00e7\u00e3o Financeira &#8211; Quest\u00f5es Pr\u00e1ticas\u201d, das 9h30 \u00e0s 12h30, no audit\u00f3rio localizado na Avenida Paulista 1.912, Edif\u00edcio FUNCEF Center, [&hellip;]","og_url":"https:\/\/mhcalculos.com.br\/noticias\/area\/previdenciario\/trf3-emag-promove-curso-de-educacao-financeira-para-magistrados-e-servidores.html","og_site_name":"Portal de Not\u00edcias","article_published_time":"2019-08-24T13:00:04+00:00","article_modified_time":"2021-07-28T17:32:13+00:00","og_image":[{"width":2000,"height":800,"url":"https:\/\/mhcalculos.com.br\/noticias\/wp-content\/uploads\/sites\/2\/2018\/06\/previdenciario-0031.jpg","type":"image\/jpeg"}],"author":"Equipe MH","twitter_card":"summary_large_image","twitter_misc":{"Escrito por":"Equipe MH","Est. tempo de leitura":"1 minuto"},"schema":{"@context":"https:\/\/schema.org","@graph":[{"@type":"Article","@id":"https:\/\/mhcalculos.com.br\/noticias\/area\/previdenciario\/trf3-emag-promove-curso-de-educacao-financeira-para-magistrados-e-servidores.html#article","isPartOf":{"@id":"https:\/\/mhcalculos.com.br\/noticias\/area\/previdenciario\/trf3-emag-promove-curso-de-educacao-financeira-para-magistrados-e-servidores.html"},"author":{"name":"Equipe MH","@id":"https:\/\/mhcalculos.com.br\/noticias\/#\/schema\/person\/88d1c34bf72dc779ea14a5a6b8e0ae8d"},"headline":"TRF3: EMAG PROMOVE CURSO DE EDUCA\u00c7\u00c3O FINANCEIRA PARA MAGISTRADOS E SERVIDORES","datePublished":"2019-08-24T13:00:04+00:00","dateModified":"2021-07-28T17:32:13+00:00","mainEntityOfPage":{"@id":"https:\/\/mhcalculos.com.br\/noticias\/area\/previdenciario\/trf3-emag-promove-curso-de-educacao-financeira-para-magistrados-e-servidores.html"},"wordCount":265,"commentCount":0,"image":{"@id":"https:\/\/mhcalculos.com.br\/noticias\/area\/previdenciario\/trf3-emag-promove-curso-de-educacao-financeira-para-magistrados-e-servidores.html#primaryimage"},"thumbnailUrl":"https:\/\/mhcalculos.com.br\/noticias\/wp-content\/uploads\/sites\/2\/2018\/06\/previdenciario-0031.jpg","keywords":["aposentadoria","c\u00e1lculos previdenci\u00e1rios","direito previdenci\u00e1rio","inss","per\u00edcia","perito","trf3"],"articleSection":["Direito Previdenci\u00e1rio","TRF3"],"inLanguage":"pt-BR","potentialAction":[{"@type":"CommentAction","name":"Comment","target":["https:\/\/mhcalculos.com.br\/noticias\/area\/previdenciario\/trf3-emag-promove-curso-de-educacao-financeira-para-magistrados-e-servidores.html#respond"]}]},{"@type":"WebPage","@id":"https:\/\/mhcalculos.com.br\/noticias\/area\/previdenciario\/trf3-emag-promove-curso-de-educacao-financeira-para-magistrados-e-servidores.html","url":"https:\/\/mhcalculos.com.br\/noticias\/area\/previdenciario\/trf3-emag-promove-curso-de-educacao-financeira-para-magistrados-e-servidores.html","name":"TRF3: EMAG PROMOVE CURSO DE EDUCA\u00c7\u00c3O FINANCEIRA PARA MAGISTRADOS E SERVIDORES | Portal de Not\u00edcias","isPartOf":{"@id":"https:\/\/mhcalculos.com.br\/noticias\/#website"},"primaryImageOfPage":{"@id":"https:\/\/mhcalculos.com.br\/noticias\/area\/previdenciario\/trf3-emag-promove-curso-de-educacao-financeira-para-magistrados-e-servidores.html#primaryimage"},"image":{"@id":"https:\/\/mhcalculos.com.br\/noticias\/area\/previdenciario\/trf3-emag-promove-curso-de-educacao-financeira-para-magistrados-e-servidores.html#primaryimage"},"thumbnailUrl":"https:\/\/mhcalculos.com.br\/noticias\/wp-content\/uploads\/sites\/2\/2018\/06\/previdenciario-0031.jpg","datePublished":"2019-08-24T13:00:04+00:00","dateModified":"2021-07-28T17:32:13+00:00","author":{"@id":"https:\/\/mhcalculos.com.br\/noticias\/#\/schema\/person\/88d1c34bf72dc779ea14a5a6b8e0ae8d"},"breadcrumb":{"@id":"https:\/\/mhcalculos.com.br\/noticias\/area\/previdenciario\/trf3-emag-promove-curso-de-educacao-financeira-para-magistrados-e-servidores.html#breadcrumb"},"inLanguage":"pt-BR","potentialAction":[{"@type":"ReadAction","target":["https:\/\/mhcalculos.com.br\/noticias\/area\/previdenciario\/trf3-emag-promove-curso-de-educacao-financeira-para-magistrados-e-servidores.html"]}]},{"@type":"ImageObject","inLanguage":"pt-BR","@id":"https:\/\/mhcalculos.com.br\/noticias\/area\/previdenciario\/trf3-emag-promove-curso-de-educacao-financeira-para-magistrados-e-servidores.html#primaryimage","url":"https:\/\/mhcalculos.com.br\/noticias\/wp-content\/uploads\/sites\/2\/2018\/06\/previdenciario-0031.jpg","contentUrl":"https:\/\/mhcalculos.com.br\/noticias\/wp-content\/uploads\/sites\/2\/2018\/06\/previdenciario-0031.jpg","width":2000,"height":800},{"@type":"BreadcrumbList","@id":"https:\/\/mhcalculos.com.br\/noticias\/area\/previdenciario\/trf3-emag-promove-curso-de-educacao-financeira-para-magistrados-e-servidores.html#breadcrumb","itemListElement":[{"@type":"ListItem","position":1,"name":"In\u00edcio","item":"https:\/\/mhcalculos.com.br\/noticias\/"},{"@type":"ListItem","position":2,"name":"TRF3: EMAG PROMOVE CURSO DE EDUCA\u00c7\u00c3O FINANCEIRA PARA MAGISTRADOS E SERVIDORES"}]},{"@type":"WebSite","@id":"https:\/\/mhcalculos.com.br\/noticias\/#website","url":"https:\/\/mhcalculos.com.br\/noticias\/","name":"Portal de Not\u00edcias","description":"Not\u00edcias e Jurisprud\u00eancia","potentialAction":[{"@type":"SearchAction","target":{"@type":"EntryPoint","urlTemplate":"https:\/\/mhcalculos.com.br\/noticias\/?s={search_term_string}"},"query-input":{"@type":"PropertyValueSpecification","valueRequired":true,"valueName":"search_term_string"}}],"inLanguage":"pt-BR"},{"@type":"Person","@id":"https:\/\/mhcalculos.com.br\/noticias\/#\/schema\/person\/88d1c34bf72dc779ea14a5a6b8e0ae8d","name":"Equipe MH","image":{"@type":"ImageObject","inLanguage":"pt-BR","@id":"https:\/\/secure.gravatar.com\/avatar\/de1c686c2ecc9c5a3f327e3431d819eb39f8f05d4e1045f5a1caad6daaba987f?s=96&d=mm&r=g","url":"https:\/\/secure.gravatar.com\/avatar\/de1c686c2ecc9c5a3f327e3431d819eb39f8f05d4e1045f5a1caad6daaba987f?s=96&d=mm&r=g","contentUrl":"https:\/\/secure.gravatar.com\/avatar\/de1c686c2ecc9c5a3f327e3431d819eb39f8f05d4e1045f5a1caad6daaba987f?s=96&d=mm&r=g","caption":"Equipe MH"}}]}},"_links":{"self":[{"href":"https:\/\/mhcalculos.com.br\/noticias\/wp-json\/wp\/v2\/posts\/5756","targetHints":{"allow":["GET"]}}],"collection":[{"href":"https:\/\/mhcalculos.com.br\/noticias\/wp-json\/wp\/v2\/posts"}],"about":[{"href":"https:\/\/mhcalculos.com.br\/noticias\/wp-json\/wp\/v2\/types\/post"}],"author":[{"embeddable":true,"href":"https:\/\/mhcalculos.com.br\/noticias\/wp-json\/wp\/v2\/users\/3063"}],"replies":[{"embeddable":true,"href":"https:\/\/mhcalculos.com.br\/noticias\/wp-json\/wp\/v2\/comments?post=5756"}],"version-history":[{"count":1,"href":"https:\/\/mhcalculos.com.br\/noticias\/wp-json\/wp\/v2\/posts\/5756\/revisions"}],"predecessor-version":[{"id":9688,"href":"https:\/\/mhcalculos.com.br\/noticias\/wp-json\/wp\/v2\/posts\/5756\/revisions\/9688"}],"wp:featuredmedia":[{"embeddable":true,"href":"https:\/\/mhcalculos.com.br\/noticias\/wp-json\/wp\/v2\/media\/2153"}],"wp:attachment":[{"href":"https:\/\/mhcalculos.com.br\/noticias\/wp-json\/wp\/v2\/media?parent=5756"}],"wp:term":[{"taxonomy":"category","embeddable":true,"href":"https:\/\/mhcalculos.com.br\/noticias\/wp-json\/wp\/v2\/categories?post=5756"},{"taxonomy":"post_tag","embeddable":true,"href":"https:\/\/mhcalculos.com.br\/noticias\/wp-json\/wp\/v2\/tags?post=5756"}],"curies":[{"name":"wp","href":"https:\/\/api.w.org\/{rel}","templated":true}]}}