{"id":5571,"date":"2019-08-02T19:58:00","date_gmt":"2019-08-02T22:58:00","guid":{"rendered":"https:\/\/mhcalculos.com.br\/noticias\/2019\/08\/02\/tst-presidente-do-tribunal-e-do-csjt-participa-de-seminario-sobre-casos-de-grandes-contaminacoes\/"},"modified":"2021-07-28T14:32:19","modified_gmt":"2021-07-28T17:32:19","slug":"tst-presidente-do-tribunal-e-do-csjt-participa-de-seminario-sobre-casos-de-grandes-contaminacoes","status":"publish","type":"post","link":"https:\/\/mhcalculos.com.br\/noticias\/area\/trabalhista\/tst-presidente-do-tribunal-e-do-csjt-participa-de-seminario-sobre-casos-de-grandes-contaminacoes.html","title":{"rendered":"TST: Presidente do Tribunal&nbsp;e do CSJT participa de semin\u00e1rio sobre casos de grandes contamina\u00e7\u00f5es"},"content":{"rendered":"<p><br \/>\n  <\/p>\n<p ><em>O caso paradigma envolve a f\u00e1brica da Shell em Paul\u00ednia (SP).<\/em><\/p>\n<p >O presidente do Tribunal Superior do Trabalho (TST) e do Conselho Superior da Justi\u00e7a do Trabalho (CSJT), ministro Brito Pereira, participou nesta sexta-feira (2) do semin\u00e1rio \u201cAs grandes contamina\u00e7\u00f5es e suas repercuss\u00f5es: as li\u00e7\u00f5es extra\u00eddas do caso de Paul\u00ednia\u201d, promovido pela Justi\u00e7a do Trabalho e pelo Minist\u00e9rio P\u00fablico do Trabalho (MPT) na sede do TribunaI Regional do Trabalho da 15\u00aa Regi\u00e3o (Campinas\/SP).<\/p>\n<p ><strong>Paul\u00ednia<\/strong><\/p>\n<p >O caso paradigma que serve de tema ao semin\u00e1rio foi uma a\u00e7\u00e3o civil p\u00fablica ajuizada em 2007 pelo Minist\u00e9rio P\u00fablico do Trabalho (MPT) contra a Raizen Combust\u00edveis S\/A (Shell) e a Basf S\/A em raz\u00e3o da contamina\u00e7\u00e3o do solo e dos len\u00e7\u00f3is fre\u00e1ticos da regi\u00e3o da f\u00e1brica da Shell em Paul\u00ednia a partir da d\u00e9cada de 70, que teria atingido toda a comunidade local. Em 2000, a f\u00e1brica foi vendida para a BASF e, em 2002, encerrou suas atividades e foi interditada pelo Minist\u00e9rio do Trabalho.<\/p>\n<p> Em 2013, um acordo homologado pelo TST fixou a indeniza\u00e7\u00e3o por danos morais coletivos no valor de R$ 200 milh\u00f5es, destinados a institui\u00e7\u00f5es dedicadas a pesquisa, preven\u00e7\u00e3o e tratamento de trabalhadores v\u00edtimas de intoxica\u00e7\u00e3o decorrente de desastres ambientais. Tamb\u00e9m ficou garantido o pagamento de indeniza\u00e7\u00e3o por danos morais individuais de 70% sobre o valor determinado pela senten\u00e7a, totalizando R$ 83,5 milh\u00f5es.<\/p>\n<p ><strong>Acordo<\/strong><\/p>\n<p >Na abertura do encontro, o ministro Brito Pereira ressaltou o papel de todos os que participaram da celebra\u00e7\u00e3o do acordo, um dos maiores homologados pela Justi\u00e7a do Trabalho. &#8220;O evento tem um motivo nobre&nbsp;e espero que essa celebra\u00e7\u00e3o sirva para que jamais nos esque\u00e7amos do que aconteceu e da boa solu\u00e7\u00e3o encontrada. N\u00e3o podemos nos omitir, para evitar novos danos&#8221;, afirmou.<\/p>\n<p ><strong>Marco<\/strong><\/p>\n<p >A ministra Dela\u00edde Arantes, relatora do processo no TST e coordenadora do Comit\u00ea Gestor Nacional do Programa de Preven\u00e7\u00e3o de Acidentes de Trabalho (Trabalho Seguro), relembrou que a solu\u00e7\u00e3o do caso Shell\/Basf foi um marco representativo na prote\u00e7\u00e3o do meio ambiente do trabalho. &#8220;Quero ressaltar o importante papel da Justi\u00e7a do Trabalho, do Minist\u00e9rio P\u00fablico do Trabalho e da advocacia para a realiza\u00e7\u00e3o desse e de in\u00fameros acordos\u201d, destacou.<\/p>\n<p ><strong>Homenagens<\/strong><\/p>\n<p >Os ministros aposentados Jo\u00e3o Oreste Dalazen e Carlos Alberto Reis de Paula, que atuaram na condu\u00e7\u00e3o do processo na Presid\u00eancia do TST, tamb\u00e9m foram homenageados, juntamente com a desembargadora Maria In\u00eas Targa e a procuradora do trabalho Clarissa Ribeiro Schibestsck.<\/p>\n<p >Assista:<\/p>\n<p >\n<p >Leia mais:<\/p>\n<p >8\/4\/2013 &#8211; <a href=\"http:\/\/www.tst.jus.br\/noticias\/-\/asset_publisher\/89Dk\/content\/tst-homologa-acordo-entre-empresas-e-vitimas-de-contaminacao-quimica-em-paulinia-sp-?inheritRedirect=false\" target=\"_blank\" rel=\"noopener noreferrer\">TST homologa acordo entre empresas e v\u00edtimas de contamina\u00e7\u00e3o qu\u00edmica em Paul\u00ednia (SP)<\/a><\/p>\n<p >(NV\/CF)<\/p>\n<p>       <\/br><br \/>\n<br \/><i>Com informa\u00e7\u00f5es da assessoria de imprensa do TST.<\/i><br \/>\n<br \/><a href=\"http:\/\/www.tst.jus.br\/web\/guest\/noticias?p_p_id=89Dk&#038;p_p_lifecycle=0&#038;refererPlid=10730&#038;_89Dk_struts_action=%2Fjournal_content%2Fview&#038;_89Dk_groupId=10157&#038;_89Dk_articleId=24936900\">Fonte<\/a><br \/>\n<br \/><\/p>\n","protected":false},"excerpt":{"rendered":"<p>O caso paradigma envolve a f\u00e1brica da Shell em Paul\u00ednia (SP). O presidente do Tribunal Superior do Trabalho (TST) e do Conselho Superior da Justi\u00e7a do Trabalho (CSJT), ministro Brito Pereira, participou nesta sexta-feira (2) do semin\u00e1rio \u201cAs grandes contamina\u00e7\u00f5es e suas repercuss\u00f5es: as li\u00e7\u00f5es extra\u00eddas do caso de Paul\u00ednia\u201d, promovido pela Justi\u00e7a do Trabalho [&hellip;]<\/p>\n","protected":false},"author":3063,"featured_media":3480,"comment_status":"open","ping_status":"open","sticky":false,"template":"","format":"standard","meta":{"footnotes":""},"categories":[3,21],"tags":[33,216,9,12,217,215],"class_list":{"0":"post-5571","1":"post","2":"type-post","3":"status-publish","4":"format-standard","5":"has-post-thumbnail","7":"category-trabalhista","8":"category-tst","9":"tag-calculos-trabalhistas","10":"tag-direito-trabalhista","11":"tag-pericia","12":"tag-perito","13":"tag-trabalho","14":"tag-tst"},"yoast_head":"<!-- This site is optimized with the Yoast SEO plugin v27.2 - https:\/\/yoast.com\/product\/yoast-seo-wordpress\/ -->\n<title>TST: Presidente do Tribunal&nbsp;e do CSJT participa de semin\u00e1rio sobre casos de grandes contamina\u00e7\u00f5es | Portal de Not\u00edcias<\/title>\n<meta name=\"robots\" content=\"index, follow, max-snippet:-1, max-image-preview:large, max-video-preview:-1\" \/>\n<link rel=\"canonical\" href=\"https:\/\/mhcalculos.com.br\/noticias\/area\/trabalhista\/tst-presidente-do-tribunal-e-do-csjt-participa-de-seminario-sobre-casos-de-grandes-contaminacoes.html\" \/>\n<meta property=\"og:locale\" content=\"pt_BR\" \/>\n<meta property=\"og:type\" content=\"article\" \/>\n<meta property=\"og:title\" content=\"TST: Presidente do Tribunal&nbsp;e do CSJT participa de semin\u00e1rio sobre casos de grandes contamina\u00e7\u00f5es | Portal de Not\u00edcias\" \/>\n<meta property=\"og:description\" content=\"O caso paradigma envolve a f\u00e1brica da Shell em Paul\u00ednia (SP). O presidente do Tribunal Superior do Trabalho (TST) e do Conselho Superior da Justi\u00e7a do Trabalho (CSJT), ministro Brito Pereira, participou nesta sexta-feira (2) do semin\u00e1rio \u201cAs grandes contamina\u00e7\u00f5es e suas repercuss\u00f5es: as li\u00e7\u00f5es extra\u00eddas do caso de Paul\u00ednia\u201d, promovido pela Justi\u00e7a do Trabalho [&hellip;]\" \/>\n<meta property=\"og:url\" content=\"https:\/\/mhcalculos.com.br\/noticias\/area\/trabalhista\/tst-presidente-do-tribunal-e-do-csjt-participa-de-seminario-sobre-casos-de-grandes-contaminacoes.html\" \/>\n<meta property=\"og:site_name\" content=\"Portal de Not\u00edcias\" \/>\n<meta property=\"article:published_time\" content=\"2019-08-02T22:58:00+00:00\" \/>\n<meta property=\"article:modified_time\" content=\"2021-07-28T17:32:19+00:00\" \/>\n<meta property=\"og:image\" content=\"https:\/\/mhcalculos.com.br\/noticias\/wp-content\/uploads\/sites\/2\/2018\/12\/judiciario-0025.jpg\" \/>\n\t<meta property=\"og:image:width\" content=\"2000\" \/>\n\t<meta property=\"og:image:height\" content=\"800\" \/>\n\t<meta property=\"og:image:type\" content=\"image\/jpeg\" \/>\n<meta name=\"author\" content=\"Equipe MH\" \/>\n<meta name=\"twitter:card\" content=\"summary_large_image\" \/>\n<meta name=\"twitter:label1\" content=\"Escrito por\" \/>\n\t<meta name=\"twitter:data1\" content=\"Equipe MH\" \/>\n\t<meta name=\"twitter:label2\" content=\"Est. tempo de leitura\" \/>\n\t<meta name=\"twitter:data2\" content=\"2 minutos\" \/>\n<script type=\"application\/ld+json\" class=\"yoast-schema-graph\">{\"@context\":\"https:\/\/schema.org\",\"@graph\":[{\"@type\":\"Article\",\"@id\":\"https:\/\/mhcalculos.com.br\/noticias\/area\/trabalhista\/tst-presidente-do-tribunal-e-do-csjt-participa-de-seminario-sobre-casos-de-grandes-contaminacoes.html#article\",\"isPartOf\":{\"@id\":\"https:\/\/mhcalculos.com.br\/noticias\/area\/trabalhista\/tst-presidente-do-tribunal-e-do-csjt-participa-de-seminario-sobre-casos-de-grandes-contaminacoes.html\"},\"author\":{\"name\":\"Equipe MH\",\"@id\":\"https:\/\/mhcalculos.com.br\/noticias\/#\/schema\/person\/88d1c34bf72dc779ea14a5a6b8e0ae8d\"},\"headline\":\"TST: Presidente do Tribunal&nbsp;e do CSJT participa de semin\u00e1rio sobre casos de grandes contamina\u00e7\u00f5es\",\"datePublished\":\"2019-08-02T22:58:00+00:00\",\"dateModified\":\"2021-07-28T17:32:19+00:00\",\"mainEntityOfPage\":{\"@id\":\"https:\/\/mhcalculos.com.br\/noticias\/area\/trabalhista\/tst-presidente-do-tribunal-e-do-csjt-participa-de-seminario-sobre-casos-de-grandes-contaminacoes.html\"},\"wordCount\":503,\"commentCount\":0,\"image\":{\"@id\":\"https:\/\/mhcalculos.com.br\/noticias\/area\/trabalhista\/tst-presidente-do-tribunal-e-do-csjt-participa-de-seminario-sobre-casos-de-grandes-contaminacoes.html#primaryimage\"},\"thumbnailUrl\":\"https:\/\/mhcalculos.com.br\/noticias\/wp-content\/uploads\/sites\/2\/2018\/12\/judiciario-0025.jpg\",\"keywords\":[\"c\u00e1lculos trabalhistas\",\"direito trabalhista\",\"per\u00edcia\",\"perito\",\"trabalho\",\"TST\"],\"articleSection\":[\"Direito Trabalhista\",\"TST\"],\"inLanguage\":\"pt-BR\",\"potentialAction\":[{\"@type\":\"CommentAction\",\"name\":\"Comment\",\"target\":[\"https:\/\/mhcalculos.com.br\/noticias\/area\/trabalhista\/tst-presidente-do-tribunal-e-do-csjt-participa-de-seminario-sobre-casos-de-grandes-contaminacoes.html#respond\"]}]},{\"@type\":\"WebPage\",\"@id\":\"https:\/\/mhcalculos.com.br\/noticias\/area\/trabalhista\/tst-presidente-do-tribunal-e-do-csjt-participa-de-seminario-sobre-casos-de-grandes-contaminacoes.html\",\"url\":\"https:\/\/mhcalculos.com.br\/noticias\/area\/trabalhista\/tst-presidente-do-tribunal-e-do-csjt-participa-de-seminario-sobre-casos-de-grandes-contaminacoes.html\",\"name\":\"TST: Presidente do Tribunal&nbsp;e do CSJT participa de semin\u00e1rio sobre casos de grandes contamina\u00e7\u00f5es | Portal de Not\u00edcias\",\"isPartOf\":{\"@id\":\"https:\/\/mhcalculos.com.br\/noticias\/#website\"},\"primaryImageOfPage\":{\"@id\":\"https:\/\/mhcalculos.com.br\/noticias\/area\/trabalhista\/tst-presidente-do-tribunal-e-do-csjt-participa-de-seminario-sobre-casos-de-grandes-contaminacoes.html#primaryimage\"},\"image\":{\"@id\":\"https:\/\/mhcalculos.com.br\/noticias\/area\/trabalhista\/tst-presidente-do-tribunal-e-do-csjt-participa-de-seminario-sobre-casos-de-grandes-contaminacoes.html#primaryimage\"},\"thumbnailUrl\":\"https:\/\/mhcalculos.com.br\/noticias\/wp-content\/uploads\/sites\/2\/2018\/12\/judiciario-0025.jpg\",\"datePublished\":\"2019-08-02T22:58:00+00:00\",\"dateModified\":\"2021-07-28T17:32:19+00:00\",\"author\":{\"@id\":\"https:\/\/mhcalculos.com.br\/noticias\/#\/schema\/person\/88d1c34bf72dc779ea14a5a6b8e0ae8d\"},\"breadcrumb\":{\"@id\":\"https:\/\/mhcalculos.com.br\/noticias\/area\/trabalhista\/tst-presidente-do-tribunal-e-do-csjt-participa-de-seminario-sobre-casos-de-grandes-contaminacoes.html#breadcrumb\"},\"inLanguage\":\"pt-BR\",\"potentialAction\":[{\"@type\":\"ReadAction\",\"target\":[\"https:\/\/mhcalculos.com.br\/noticias\/area\/trabalhista\/tst-presidente-do-tribunal-e-do-csjt-participa-de-seminario-sobre-casos-de-grandes-contaminacoes.html\"]}]},{\"@type\":\"ImageObject\",\"inLanguage\":\"pt-BR\",\"@id\":\"https:\/\/mhcalculos.com.br\/noticias\/area\/trabalhista\/tst-presidente-do-tribunal-e-do-csjt-participa-de-seminario-sobre-casos-de-grandes-contaminacoes.html#primaryimage\",\"url\":\"https:\/\/mhcalculos.com.br\/noticias\/wp-content\/uploads\/sites\/2\/2018\/12\/judiciario-0025.jpg\",\"contentUrl\":\"https:\/\/mhcalculos.com.br\/noticias\/wp-content\/uploads\/sites\/2\/2018\/12\/judiciario-0025.jpg\",\"width\":2000,\"height\":800,\"caption\":\"Ap\u00f3s 28 anos de trabalho, servidor cego se aposenta e deixa exemplo de supera\u00e7\u00e3o\"},{\"@type\":\"BreadcrumbList\",\"@id\":\"https:\/\/mhcalculos.com.br\/noticias\/area\/trabalhista\/tst-presidente-do-tribunal-e-do-csjt-participa-de-seminario-sobre-casos-de-grandes-contaminacoes.html#breadcrumb\",\"itemListElement\":[{\"@type\":\"ListItem\",\"position\":1,\"name\":\"In\u00edcio\",\"item\":\"https:\/\/mhcalculos.com.br\/noticias\/\"},{\"@type\":\"ListItem\",\"position\":2,\"name\":\"TST: Presidente do Tribunal&nbsp;e do CSJT participa de semin\u00e1rio sobre casos de grandes contamina\u00e7\u00f5es\"}]},{\"@type\":\"WebSite\",\"@id\":\"https:\/\/mhcalculos.com.br\/noticias\/#website\",\"url\":\"https:\/\/mhcalculos.com.br\/noticias\/\",\"name\":\"Portal de Not\u00edcias\",\"description\":\"Not\u00edcias e Jurisprud\u00eancia\",\"potentialAction\":[{\"@type\":\"SearchAction\",\"target\":{\"@type\":\"EntryPoint\",\"urlTemplate\":\"https:\/\/mhcalculos.com.br\/noticias\/?s={search_term_string}\"},\"query-input\":{\"@type\":\"PropertyValueSpecification\",\"valueRequired\":true,\"valueName\":\"search_term_string\"}}],\"inLanguage\":\"pt-BR\"},{\"@type\":\"Person\",\"@id\":\"https:\/\/mhcalculos.com.br\/noticias\/#\/schema\/person\/88d1c34bf72dc779ea14a5a6b8e0ae8d\",\"name\":\"Equipe MH\",\"image\":{\"@type\":\"ImageObject\",\"inLanguage\":\"pt-BR\",\"@id\":\"https:\/\/secure.gravatar.com\/avatar\/de1c686c2ecc9c5a3f327e3431d819eb39f8f05d4e1045f5a1caad6daaba987f?s=96&d=mm&r=g\",\"url\":\"https:\/\/secure.gravatar.com\/avatar\/de1c686c2ecc9c5a3f327e3431d819eb39f8f05d4e1045f5a1caad6daaba987f?s=96&d=mm&r=g\",\"contentUrl\":\"https:\/\/secure.gravatar.com\/avatar\/de1c686c2ecc9c5a3f327e3431d819eb39f8f05d4e1045f5a1caad6daaba987f?s=96&d=mm&r=g\",\"caption\":\"Equipe MH\"}}]}<\/script>\n<!-- \/ Yoast SEO plugin. -->","yoast_head_json":{"title":"TST: Presidente do Tribunal&nbsp;e do CSJT participa de semin\u00e1rio sobre casos de grandes contamina\u00e7\u00f5es | Portal de Not\u00edcias","robots":{"index":"index","follow":"follow","max-snippet":"max-snippet:-1","max-image-preview":"max-image-preview:large","max-video-preview":"max-video-preview:-1"},"canonical":"https:\/\/mhcalculos.com.br\/noticias\/area\/trabalhista\/tst-presidente-do-tribunal-e-do-csjt-participa-de-seminario-sobre-casos-de-grandes-contaminacoes.html","og_locale":"pt_BR","og_type":"article","og_title":"TST: Presidente do Tribunal&nbsp;e do CSJT participa de semin\u00e1rio sobre casos de grandes contamina\u00e7\u00f5es | Portal de Not\u00edcias","og_description":"O caso paradigma envolve a f\u00e1brica da Shell em Paul\u00ednia (SP). O presidente do Tribunal Superior do Trabalho (TST) e do Conselho Superior da Justi\u00e7a do Trabalho (CSJT), ministro Brito Pereira, participou nesta sexta-feira (2) do semin\u00e1rio \u201cAs grandes contamina\u00e7\u00f5es e suas repercuss\u00f5es: as li\u00e7\u00f5es extra\u00eddas do caso de Paul\u00ednia\u201d, promovido pela Justi\u00e7a do Trabalho [&hellip;]","og_url":"https:\/\/mhcalculos.com.br\/noticias\/area\/trabalhista\/tst-presidente-do-tribunal-e-do-csjt-participa-de-seminario-sobre-casos-de-grandes-contaminacoes.html","og_site_name":"Portal de Not\u00edcias","article_published_time":"2019-08-02T22:58:00+00:00","article_modified_time":"2021-07-28T17:32:19+00:00","og_image":[{"width":2000,"height":800,"url":"https:\/\/mhcalculos.com.br\/noticias\/wp-content\/uploads\/sites\/2\/2018\/12\/judiciario-0025.jpg","type":"image\/jpeg"}],"author":"Equipe MH","twitter_card":"summary_large_image","twitter_misc":{"Escrito por":"Equipe MH","Est. tempo de leitura":"2 minutos"},"schema":{"@context":"https:\/\/schema.org","@graph":[{"@type":"Article","@id":"https:\/\/mhcalculos.com.br\/noticias\/area\/trabalhista\/tst-presidente-do-tribunal-e-do-csjt-participa-de-seminario-sobre-casos-de-grandes-contaminacoes.html#article","isPartOf":{"@id":"https:\/\/mhcalculos.com.br\/noticias\/area\/trabalhista\/tst-presidente-do-tribunal-e-do-csjt-participa-de-seminario-sobre-casos-de-grandes-contaminacoes.html"},"author":{"name":"Equipe MH","@id":"https:\/\/mhcalculos.com.br\/noticias\/#\/schema\/person\/88d1c34bf72dc779ea14a5a6b8e0ae8d"},"headline":"TST: Presidente do Tribunal&nbsp;e do CSJT participa de semin\u00e1rio sobre casos de grandes contamina\u00e7\u00f5es","datePublished":"2019-08-02T22:58:00+00:00","dateModified":"2021-07-28T17:32:19+00:00","mainEntityOfPage":{"@id":"https:\/\/mhcalculos.com.br\/noticias\/area\/trabalhista\/tst-presidente-do-tribunal-e-do-csjt-participa-de-seminario-sobre-casos-de-grandes-contaminacoes.html"},"wordCount":503,"commentCount":0,"image":{"@id":"https:\/\/mhcalculos.com.br\/noticias\/area\/trabalhista\/tst-presidente-do-tribunal-e-do-csjt-participa-de-seminario-sobre-casos-de-grandes-contaminacoes.html#primaryimage"},"thumbnailUrl":"https:\/\/mhcalculos.com.br\/noticias\/wp-content\/uploads\/sites\/2\/2018\/12\/judiciario-0025.jpg","keywords":["c\u00e1lculos trabalhistas","direito trabalhista","per\u00edcia","perito","trabalho","TST"],"articleSection":["Direito Trabalhista","TST"],"inLanguage":"pt-BR","potentialAction":[{"@type":"CommentAction","name":"Comment","target":["https:\/\/mhcalculos.com.br\/noticias\/area\/trabalhista\/tst-presidente-do-tribunal-e-do-csjt-participa-de-seminario-sobre-casos-de-grandes-contaminacoes.html#respond"]}]},{"@type":"WebPage","@id":"https:\/\/mhcalculos.com.br\/noticias\/area\/trabalhista\/tst-presidente-do-tribunal-e-do-csjt-participa-de-seminario-sobre-casos-de-grandes-contaminacoes.html","url":"https:\/\/mhcalculos.com.br\/noticias\/area\/trabalhista\/tst-presidente-do-tribunal-e-do-csjt-participa-de-seminario-sobre-casos-de-grandes-contaminacoes.html","name":"TST: Presidente do Tribunal&nbsp;e do CSJT participa de semin\u00e1rio sobre casos de grandes contamina\u00e7\u00f5es | Portal de Not\u00edcias","isPartOf":{"@id":"https:\/\/mhcalculos.com.br\/noticias\/#website"},"primaryImageOfPage":{"@id":"https:\/\/mhcalculos.com.br\/noticias\/area\/trabalhista\/tst-presidente-do-tribunal-e-do-csjt-participa-de-seminario-sobre-casos-de-grandes-contaminacoes.html#primaryimage"},"image":{"@id":"https:\/\/mhcalculos.com.br\/noticias\/area\/trabalhista\/tst-presidente-do-tribunal-e-do-csjt-participa-de-seminario-sobre-casos-de-grandes-contaminacoes.html#primaryimage"},"thumbnailUrl":"https:\/\/mhcalculos.com.br\/noticias\/wp-content\/uploads\/sites\/2\/2018\/12\/judiciario-0025.jpg","datePublished":"2019-08-02T22:58:00+00:00","dateModified":"2021-07-28T17:32:19+00:00","author":{"@id":"https:\/\/mhcalculos.com.br\/noticias\/#\/schema\/person\/88d1c34bf72dc779ea14a5a6b8e0ae8d"},"breadcrumb":{"@id":"https:\/\/mhcalculos.com.br\/noticias\/area\/trabalhista\/tst-presidente-do-tribunal-e-do-csjt-participa-de-seminario-sobre-casos-de-grandes-contaminacoes.html#breadcrumb"},"inLanguage":"pt-BR","potentialAction":[{"@type":"ReadAction","target":["https:\/\/mhcalculos.com.br\/noticias\/area\/trabalhista\/tst-presidente-do-tribunal-e-do-csjt-participa-de-seminario-sobre-casos-de-grandes-contaminacoes.html"]}]},{"@type":"ImageObject","inLanguage":"pt-BR","@id":"https:\/\/mhcalculos.com.br\/noticias\/area\/trabalhista\/tst-presidente-do-tribunal-e-do-csjt-participa-de-seminario-sobre-casos-de-grandes-contaminacoes.html#primaryimage","url":"https:\/\/mhcalculos.com.br\/noticias\/wp-content\/uploads\/sites\/2\/2018\/12\/judiciario-0025.jpg","contentUrl":"https:\/\/mhcalculos.com.br\/noticias\/wp-content\/uploads\/sites\/2\/2018\/12\/judiciario-0025.jpg","width":2000,"height":800,"caption":"Ap\u00f3s 28 anos de trabalho, servidor cego se aposenta e deixa exemplo de supera\u00e7\u00e3o"},{"@type":"BreadcrumbList","@id":"https:\/\/mhcalculos.com.br\/noticias\/area\/trabalhista\/tst-presidente-do-tribunal-e-do-csjt-participa-de-seminario-sobre-casos-de-grandes-contaminacoes.html#breadcrumb","itemListElement":[{"@type":"ListItem","position":1,"name":"In\u00edcio","item":"https:\/\/mhcalculos.com.br\/noticias\/"},{"@type":"ListItem","position":2,"name":"TST: Presidente do Tribunal&nbsp;e do CSJT participa de semin\u00e1rio sobre casos de grandes contamina\u00e7\u00f5es"}]},{"@type":"WebSite","@id":"https:\/\/mhcalculos.com.br\/noticias\/#website","url":"https:\/\/mhcalculos.com.br\/noticias\/","name":"Portal de Not\u00edcias","description":"Not\u00edcias e Jurisprud\u00eancia","potentialAction":[{"@type":"SearchAction","target":{"@type":"EntryPoint","urlTemplate":"https:\/\/mhcalculos.com.br\/noticias\/?s={search_term_string}"},"query-input":{"@type":"PropertyValueSpecification","valueRequired":true,"valueName":"search_term_string"}}],"inLanguage":"pt-BR"},{"@type":"Person","@id":"https:\/\/mhcalculos.com.br\/noticias\/#\/schema\/person\/88d1c34bf72dc779ea14a5a6b8e0ae8d","name":"Equipe MH","image":{"@type":"ImageObject","inLanguage":"pt-BR","@id":"https:\/\/secure.gravatar.com\/avatar\/de1c686c2ecc9c5a3f327e3431d819eb39f8f05d4e1045f5a1caad6daaba987f?s=96&d=mm&r=g","url":"https:\/\/secure.gravatar.com\/avatar\/de1c686c2ecc9c5a3f327e3431d819eb39f8f05d4e1045f5a1caad6daaba987f?s=96&d=mm&r=g","contentUrl":"https:\/\/secure.gravatar.com\/avatar\/de1c686c2ecc9c5a3f327e3431d819eb39f8f05d4e1045f5a1caad6daaba987f?s=96&d=mm&r=g","caption":"Equipe MH"}}]}},"_links":{"self":[{"href":"https:\/\/mhcalculos.com.br\/noticias\/wp-json\/wp\/v2\/posts\/5571","targetHints":{"allow":["GET"]}}],"collection":[{"href":"https:\/\/mhcalculos.com.br\/noticias\/wp-json\/wp\/v2\/posts"}],"about":[{"href":"https:\/\/mhcalculos.com.br\/noticias\/wp-json\/wp\/v2\/types\/post"}],"author":[{"embeddable":true,"href":"https:\/\/mhcalculos.com.br\/noticias\/wp-json\/wp\/v2\/users\/3063"}],"replies":[{"embeddable":true,"href":"https:\/\/mhcalculos.com.br\/noticias\/wp-json\/wp\/v2\/comments?post=5571"}],"version-history":[{"count":1,"href":"https:\/\/mhcalculos.com.br\/noticias\/wp-json\/wp\/v2\/posts\/5571\/revisions"}],"predecessor-version":[{"id":9721,"href":"https:\/\/mhcalculos.com.br\/noticias\/wp-json\/wp\/v2\/posts\/5571\/revisions\/9721"}],"wp:featuredmedia":[{"embeddable":true,"href":"https:\/\/mhcalculos.com.br\/noticias\/wp-json\/wp\/v2\/media\/3480"}],"wp:attachment":[{"href":"https:\/\/mhcalculos.com.br\/noticias\/wp-json\/wp\/v2\/media?parent=5571"}],"wp:term":[{"taxonomy":"category","embeddable":true,"href":"https:\/\/mhcalculos.com.br\/noticias\/wp-json\/wp\/v2\/categories?post=5571"},{"taxonomy":"post_tag","embeddable":true,"href":"https:\/\/mhcalculos.com.br\/noticias\/wp-json\/wp\/v2\/tags?post=5571"}],"curies":[{"name":"wp","href":"https:\/\/api.w.org\/{rel}","templated":true}]}}