{"id":5552,"date":"2019-08-07T04:00:41","date_gmt":"2019-08-07T07:00:41","guid":{"rendered":"https:\/\/mhcalculos.com.br\/noticias\/2019\/08\/07\/stf-presidente-do-stf-afasta-decisao-da-justica-de-goias-que-suspendia-cobranca-de-adicional-de-icms-sobre-combustiveis\/"},"modified":"2021-07-28T14:32:18","modified_gmt":"2021-07-28T17:32:18","slug":"stf-presidente-do-stf-afasta-decisao-da-justica-de-goias-que-suspendia-cobranca-de-adicional-de-icms-sobre-combustiveis","status":"publish","type":"post","link":"https:\/\/mhcalculos.com.br\/noticias\/area\/tributario\/stf-presidente-do-stf-afasta-decisao-da-justica-de-goias-que-suspendia-cobranca-de-adicional-de-icms-sobre-combustiveis.html","title":{"rendered":"STF: Presidente do STF afasta decis\u00e3o da Justi\u00e7a de Goi\u00e1s que suspendia cobran\u00e7a de adicional de ICMS sobre combust\u00edveis"},"content":{"rendered":"\n<p>O presidente do Supremo Tribunal Federal (STF), ministro Dias Toffoli, afastou os efeitos de decis\u00e3o da Justi\u00e7a de Goi\u00e1s que havia suspendido a cobran\u00e7a de adicional de Imposto sobre Circula\u00e7\u00e3o de Mercadorias e Servi\u00e7os (ICMS) incidente sobre \u00f3leo diesel, gasolina e etanol, e destinado ao Fundo de Prote\u00e7\u00e3o Social do Estado (Protege Goi\u00e1s). O ministro acolheu pedido do governo estadual formulado na Suspens\u00e3o de Seguran\u00e7a (SS) 5305.<\/p>\n<p>Na primeira inst\u00e2ncia da Justi\u00e7a estadual, o Sindicato Nacional das Empresas Distribuidoras de Combust\u00edveis e Lubrificantes (Sindicom) obteve liminar em mandado de seguran\u00e7a para suspender a exigibilidade do adicional de 2% de ICMS, regulamentada em legisla\u00e7\u00e3o local e destinado ao Protege Goi\u00e1s. A liminar foi mantida por decis\u00e3o do Tribunal de Justi\u00e7a estadual (TJ-GO) no julgamento de recurso.<\/p>\n<p>No Supremo, o governo goiano sustenta, entre outros pontos, que a decis\u00e3o questionada representa grave les\u00e3o \u00e0 economia estadual, com impacto anual de aproximadamente R$ 406 milh\u00f5es, conforme estimativa da Secretaria da Fazenda. \u201cA dr\u00e1stica redu\u00e7\u00e3o da arrecada\u00e7\u00e3o estadual implicar\u00e1 a diminui\u00e7\u00e3o dos recursos destinado \u00e0 presta\u00e7\u00e3o de servi\u00e7os essenciais, entre os quais a sa\u00fade e a seguran\u00e7a p\u00fablica\u201d, sustentou.<\/p>\n<p><b>Decis\u00e3o<\/b><\/p>\n<p>Em sua decis\u00e3o, o ministro Dias Toffoli assinalou que a quest\u00e3o tratada nos autos \u00e9 semelhante \u00e0 abordada na Suspens\u00e3o de Tutela Provis\u00f3ria (STP) 107, na qual proferiu decis\u00e3o em abril. Aquele processo trata de al\u00edquota adicional de ICMS incidente sobre opera\u00e7\u00f5es internas com energia el\u00e9trica em Goi\u00e1s.<\/p>\n<p>Para o presidente do STF, est\u00e3o presentes os requisitos que autorizam a interven\u00e7\u00e3o excepcional do Supremo no caso. Isso porque, segundo constatou, a mat\u00e9ria discutida nos autos tem natureza constitucional e, caso mantida a decis\u00e3o questionada, h\u00e1 potencialidade de les\u00e3o a valores p\u00fablicos.<\/p>\n<p>O ministro lembrou ainda que o tema objeto do mandado de seguran\u00e7a no TJ-GO tem semelhan\u00e7a com a mat\u00e9ria que teve repercuss\u00e3o geral reconhecida pelo STF no Recurso Extraordin\u00e1rio (RE) 714139, que trata de legisla\u00e7\u00e3o estadual estabelecendo al\u00edquotas maiores de ICMS para o fornecimento de energia el\u00e9trica e servi\u00e7os de comunica\u00e7\u00e3o. Segundo Toffoli, \u00e9 legitimo que a tese de repercuss\u00e3o geral a ser fixada no julgamento daquele recurso tamb\u00e9m oriente a solu\u00e7\u00e3o da mat\u00e9ria referente ao adicional de al\u00edquota de ICMS sobre combust\u00edveis, \u201cconsiderada a necessidade de estabelecer um s\u00f3 crit\u00e9rio para eliminar a situa\u00e7\u00e3o de permanente incerteza jur\u00eddica a respeito do tema\u201d.<\/p>\n<p>Al\u00e9m disso, ele lembrou que o STF possui precedentes reiterados no sentido da validade de adicionais criados pelos estados-membros e pelo Distrito Federal para financiamento dos Fundos de Combate \u00e0 Pobreza previstos no artigo 82, par\u00e1grafo 1\u00ba, do Ato das Disposi\u00e7\u00f5es Constitucionais Transit\u00f3rias (ADCT).<\/p>\n<p>O presidente da Corte ressaltou ainda que a decis\u00e3o da Justi\u00e7a goiana apresenta risco de efeito multiplicador, \u201cque constitui fundamento suficiente a revelar a grave repercuss\u00e3o sobre a ordem e a economia p\u00fablicas\u201d.<\/p>\n<p><span style=\"font-size: smaller;\">AD\/EH<\/span><\/p>\n<p>Leia mais:<\/p>\n<p>15\/04\/2019 \u2013 <a href=\"http:\/\/portal.stf.jus.br\/noticias\/verNoticiaDetalhe.asp?idConteudo=408633\">Suspensa decis\u00e3o que afastava adicional de ICMS destinado a fundo de prote\u00e7\u00e3o social de Goi\u00e1s<\/a><br \/>\n&nbsp;<\/p>\n<p><i>Com informa\u00e7\u00f5es da assessoria de imprensa do STF.<\/i><\/p>\n<p><a href=\"http:\/\/www.stf.jus.br\/portal\/cms\/verNoticiaDetalhe.asp?idConteudo=418776\">Fonte<\/a><\/p>\n\n","protected":false},"excerpt":{"rendered":"<p>O presidente do Supremo Tribunal Federal (STF), ministro Dias Toffoli, afastou os efeitos de decis\u00e3o da Justi\u00e7a de Goi\u00e1s que havia suspendido a cobran\u00e7a de adicional de Imposto sobre Circula\u00e7\u00e3o de Mercadorias e Servi\u00e7os (ICMS) incidente sobre \u00f3leo diesel, gasolina e etanol, e destinado ao Fundo de Prote\u00e7\u00e3o Social do Estado (Protege Goi\u00e1s). O ministro [&hellip;]<\/p>\n","protected":false},"author":3063,"featured_media":1563,"comment_status":"open","ping_status":"open","sticky":false,"template":"","format":"standard","meta":{"footnotes":""},"categories":[18,15],"tags":[32,31,42,30,29,213,9,12,16],"class_list":{"0":"post-5552","1":"post","2":"type-post","3":"status-publish","4":"format-standard","5":"has-post-thumbnail","7":"category-tributario","8":"category-stf","9":"tag-calculos-judiciais","10":"tag-calculos-tributarios","11":"tag-direito-tributario","12":"tag-divida-ativa","13":"tag-fazenda-publica","14":"tag-imposto","15":"tag-pericia","16":"tag-perito","17":"tag-stf"},"yoast_head":"<!-- This site is optimized with the Yoast SEO plugin v27.2 - https:\/\/yoast.com\/product\/yoast-seo-wordpress\/ -->\n<title>STF: Presidente do STF afasta decis\u00e3o da Justi\u00e7a de Goi\u00e1s que suspendia cobran\u00e7a de adicional de ICMS sobre combust\u00edveis | Portal de Not\u00edcias<\/title>\n<meta name=\"robots\" content=\"index, follow, max-snippet:-1, max-image-preview:large, max-video-preview:-1\" \/>\n<link rel=\"canonical\" href=\"http:\/\/www.stf.jus.br\/portal\/cms\/verNoticiaDetalhe.asp?idConteudo=418776\" \/>\n<meta property=\"og:locale\" content=\"pt_BR\" \/>\n<meta property=\"og:type\" content=\"article\" \/>\n<meta property=\"og:title\" content=\"STF: Presidente do STF afasta decis\u00e3o da Justi\u00e7a de Goi\u00e1s que suspendia cobran\u00e7a de adicional de ICMS sobre combust\u00edveis | Portal de Not\u00edcias\" \/>\n<meta property=\"og:description\" content=\"O presidente do Supremo Tribunal Federal (STF), ministro Dias Toffoli, afastou os efeitos de decis\u00e3o da Justi\u00e7a de Goi\u00e1s que havia suspendido a cobran\u00e7a de adicional de Imposto sobre Circula\u00e7\u00e3o de Mercadorias e Servi\u00e7os (ICMS) incidente sobre \u00f3leo diesel, gasolina e etanol, e destinado ao Fundo de Prote\u00e7\u00e3o Social do Estado (Protege Goi\u00e1s). O ministro [&hellip;]\" \/>\n<meta property=\"og:url\" content=\"http:\/\/www.stf.jus.br\/portal\/cms\/verNoticiaDetalhe.asp?idConteudo=418776\" \/>\n<meta property=\"og:site_name\" content=\"Portal de Not\u00edcias\" \/>\n<meta property=\"article:published_time\" content=\"2019-08-07T07:00:41+00:00\" \/>\n<meta property=\"article:modified_time\" content=\"2021-07-28T17:32:18+00:00\" \/>\n<meta property=\"og:image\" content=\"https:\/\/mhcalculos.com.br\/noticias\/wp-content\/uploads\/sites\/2\/2018\/05\/tributario-0042.jpg\" \/>\n\t<meta property=\"og:image:width\" content=\"2000\" \/>\n\t<meta property=\"og:image:height\" content=\"800\" \/>\n\t<meta property=\"og:image:type\" content=\"image\/jpeg\" \/>\n<meta name=\"author\" content=\"Equipe MH\" \/>\n<meta name=\"twitter:card\" content=\"summary_large_image\" \/>\n<meta name=\"twitter:label1\" content=\"Escrito por\" \/>\n\t<meta name=\"twitter:data1\" content=\"Equipe MH\" \/>\n\t<meta name=\"twitter:label2\" content=\"Est. tempo de leitura\" \/>\n\t<meta name=\"twitter:data2\" content=\"3 minutos\" \/>\n<script type=\"application\/ld+json\" class=\"yoast-schema-graph\">{\"@context\":\"https:\/\/schema.org\",\"@graph\":[{\"@type\":\"Article\",\"@id\":\"http:\/\/www.stf.jus.br\/portal\/cms\/verNoticiaDetalhe.asp?idConteudo=418776#article\",\"isPartOf\":{\"@id\":\"https:\/\/mhcalculos.com.br\/noticias\/area\/tributario\/stf-presidente-do-stf-afasta-decisao-da-justica-de-goias-que-suspendia-cobranca-de-adicional-de-icms-sobre-combustiveis.html\"},\"author\":{\"name\":\"Equipe MH\",\"@id\":\"https:\/\/mhcalculos.com.br\/noticias\/#\/schema\/person\/88d1c34bf72dc779ea14a5a6b8e0ae8d\"},\"headline\":\"STF: Presidente do STF afasta decis\u00e3o da Justi\u00e7a de Goi\u00e1s que suspendia cobran\u00e7a de adicional de ICMS sobre combust\u00edveis\",\"datePublished\":\"2019-08-07T07:00:41+00:00\",\"dateModified\":\"2021-07-28T17:32:18+00:00\",\"mainEntityOfPage\":{\"@id\":\"https:\/\/mhcalculos.com.br\/noticias\/area\/tributario\/stf-presidente-do-stf-afasta-decisao-da-justica-de-goias-que-suspendia-cobranca-de-adicional-de-icms-sobre-combustiveis.html\"},\"wordCount\":576,\"commentCount\":0,\"image\":{\"@id\":\"http:\/\/www.stf.jus.br\/portal\/cms\/verNoticiaDetalhe.asp?idConteudo=418776#primaryimage\"},\"thumbnailUrl\":\"https:\/\/mhcalculos.com.br\/noticias\/wp-content\/uploads\/sites\/2\/2018\/05\/tributario-0042.jpg\",\"keywords\":[\"c\u00e1lculos judiciais\",\"c\u00e1lculos tribut\u00e1rios\",\"direito tribut\u00e1rio\",\"d\u00edvida ativa\",\"fazenda p\u00fablica\",\"Imposto\",\"per\u00edcia\",\"perito\",\"stf\"],\"articleSection\":[\"Direito Tribut\u00e1rio\",\"STF\"],\"inLanguage\":\"pt-BR\",\"potentialAction\":[{\"@type\":\"CommentAction\",\"name\":\"Comment\",\"target\":[\"http:\/\/www.stf.jus.br\/portal\/cms\/verNoticiaDetalhe.asp?idConteudo=418776#respond\"]}]},{\"@type\":\"WebPage\",\"@id\":\"https:\/\/mhcalculos.com.br\/noticias\/area\/tributario\/stf-presidente-do-stf-afasta-decisao-da-justica-de-goias-que-suspendia-cobranca-de-adicional-de-icms-sobre-combustiveis.html\",\"url\":\"http:\/\/www.stf.jus.br\/portal\/cms\/verNoticiaDetalhe.asp?idConteudo=418776\",\"name\":\"STF: Presidente do STF afasta decis\u00e3o da Justi\u00e7a de Goi\u00e1s que suspendia cobran\u00e7a de adicional de ICMS sobre combust\u00edveis | Portal de Not\u00edcias\",\"isPartOf\":{\"@id\":\"https:\/\/mhcalculos.com.br\/noticias\/#website\"},\"primaryImageOfPage\":{\"@id\":\"http:\/\/www.stf.jus.br\/portal\/cms\/verNoticiaDetalhe.asp?idConteudo=418776#primaryimage\"},\"image\":{\"@id\":\"http:\/\/www.stf.jus.br\/portal\/cms\/verNoticiaDetalhe.asp?idConteudo=418776#primaryimage\"},\"thumbnailUrl\":\"https:\/\/mhcalculos.com.br\/noticias\/wp-content\/uploads\/sites\/2\/2018\/05\/tributario-0042.jpg\",\"datePublished\":\"2019-08-07T07:00:41+00:00\",\"dateModified\":\"2021-07-28T17:32:18+00:00\",\"author\":{\"@id\":\"https:\/\/mhcalculos.com.br\/noticias\/#\/schema\/person\/88d1c34bf72dc779ea14a5a6b8e0ae8d\"},\"breadcrumb\":{\"@id\":\"http:\/\/www.stf.jus.br\/portal\/cms\/verNoticiaDetalhe.asp?idConteudo=418776#breadcrumb\"},\"inLanguage\":\"pt-BR\",\"potentialAction\":[{\"@type\":\"ReadAction\",\"target\":[\"http:\/\/www.stf.jus.br\/portal\/cms\/verNoticiaDetalhe.asp?idConteudo=418776\"]}]},{\"@type\":\"ImageObject\",\"inLanguage\":\"pt-BR\",\"@id\":\"http:\/\/www.stf.jus.br\/portal\/cms\/verNoticiaDetalhe.asp?idConteudo=418776#primaryimage\",\"url\":\"https:\/\/mhcalculos.com.br\/noticias\/wp-content\/uploads\/sites\/2\/2018\/05\/tributario-0042.jpg\",\"contentUrl\":\"https:\/\/mhcalculos.com.br\/noticias\/wp-content\/uploads\/sites\/2\/2018\/05\/tributario-0042.jpg\",\"width\":2000,\"height\":800},{\"@type\":\"BreadcrumbList\",\"@id\":\"http:\/\/www.stf.jus.br\/portal\/cms\/verNoticiaDetalhe.asp?idConteudo=418776#breadcrumb\",\"itemListElement\":[{\"@type\":\"ListItem\",\"position\":1,\"name\":\"In\u00edcio\",\"item\":\"https:\/\/mhcalculos.com.br\/noticias\/\"},{\"@type\":\"ListItem\",\"position\":2,\"name\":\"STF: Presidente do STF afasta decis\u00e3o da Justi\u00e7a de Goi\u00e1s que suspendia cobran\u00e7a de adicional de ICMS sobre combust\u00edveis\"}]},{\"@type\":\"WebSite\",\"@id\":\"https:\/\/mhcalculos.com.br\/noticias\/#website\",\"url\":\"https:\/\/mhcalculos.com.br\/noticias\/\",\"name\":\"Portal de Not\u00edcias\",\"description\":\"Not\u00edcias e Jurisprud\u00eancia\",\"potentialAction\":[{\"@type\":\"SearchAction\",\"target\":{\"@type\":\"EntryPoint\",\"urlTemplate\":\"https:\/\/mhcalculos.com.br\/noticias\/?s={search_term_string}\"},\"query-input\":{\"@type\":\"PropertyValueSpecification\",\"valueRequired\":true,\"valueName\":\"search_term_string\"}}],\"inLanguage\":\"pt-BR\"},{\"@type\":\"Person\",\"@id\":\"https:\/\/mhcalculos.com.br\/noticias\/#\/schema\/person\/88d1c34bf72dc779ea14a5a6b8e0ae8d\",\"name\":\"Equipe MH\",\"image\":{\"@type\":\"ImageObject\",\"inLanguage\":\"pt-BR\",\"@id\":\"https:\/\/secure.gravatar.com\/avatar\/de1c686c2ecc9c5a3f327e3431d819eb39f8f05d4e1045f5a1caad6daaba987f?s=96&d=mm&r=g\",\"url\":\"https:\/\/secure.gravatar.com\/avatar\/de1c686c2ecc9c5a3f327e3431d819eb39f8f05d4e1045f5a1caad6daaba987f?s=96&d=mm&r=g\",\"contentUrl\":\"https:\/\/secure.gravatar.com\/avatar\/de1c686c2ecc9c5a3f327e3431d819eb39f8f05d4e1045f5a1caad6daaba987f?s=96&d=mm&r=g\",\"caption\":\"Equipe MH\"}}]}<\/script>\n<!-- \/ Yoast SEO plugin. -->","yoast_head_json":{"title":"STF: Presidente do STF afasta decis\u00e3o da Justi\u00e7a de Goi\u00e1s que suspendia cobran\u00e7a de adicional de ICMS sobre combust\u00edveis | Portal de Not\u00edcias","robots":{"index":"index","follow":"follow","max-snippet":"max-snippet:-1","max-image-preview":"max-image-preview:large","max-video-preview":"max-video-preview:-1"},"canonical":"http:\/\/www.stf.jus.br\/portal\/cms\/verNoticiaDetalhe.asp?idConteudo=418776","og_locale":"pt_BR","og_type":"article","og_title":"STF: Presidente do STF afasta decis\u00e3o da Justi\u00e7a de Goi\u00e1s que suspendia cobran\u00e7a de adicional de ICMS sobre combust\u00edveis | Portal de Not\u00edcias","og_description":"O presidente do Supremo Tribunal Federal (STF), ministro Dias Toffoli, afastou os efeitos de decis\u00e3o da Justi\u00e7a de Goi\u00e1s que havia suspendido a cobran\u00e7a de adicional de Imposto sobre Circula\u00e7\u00e3o de Mercadorias e Servi\u00e7os (ICMS) incidente sobre \u00f3leo diesel, gasolina e etanol, e destinado ao Fundo de Prote\u00e7\u00e3o Social do Estado (Protege Goi\u00e1s). O ministro [&hellip;]","og_url":"http:\/\/www.stf.jus.br\/portal\/cms\/verNoticiaDetalhe.asp?idConteudo=418776","og_site_name":"Portal de Not\u00edcias","article_published_time":"2019-08-07T07:00:41+00:00","article_modified_time":"2021-07-28T17:32:18+00:00","og_image":[{"width":2000,"height":800,"url":"https:\/\/mhcalculos.com.br\/noticias\/wp-content\/uploads\/sites\/2\/2018\/05\/tributario-0042.jpg","type":"image\/jpeg"}],"author":"Equipe MH","twitter_card":"summary_large_image","twitter_misc":{"Escrito por":"Equipe MH","Est. tempo de leitura":"3 minutos"},"schema":{"@context":"https:\/\/schema.org","@graph":[{"@type":"Article","@id":"http:\/\/www.stf.jus.br\/portal\/cms\/verNoticiaDetalhe.asp?idConteudo=418776#article","isPartOf":{"@id":"https:\/\/mhcalculos.com.br\/noticias\/area\/tributario\/stf-presidente-do-stf-afasta-decisao-da-justica-de-goias-que-suspendia-cobranca-de-adicional-de-icms-sobre-combustiveis.html"},"author":{"name":"Equipe MH","@id":"https:\/\/mhcalculos.com.br\/noticias\/#\/schema\/person\/88d1c34bf72dc779ea14a5a6b8e0ae8d"},"headline":"STF: Presidente do STF afasta decis\u00e3o da Justi\u00e7a de Goi\u00e1s que suspendia cobran\u00e7a de adicional de ICMS sobre combust\u00edveis","datePublished":"2019-08-07T07:00:41+00:00","dateModified":"2021-07-28T17:32:18+00:00","mainEntityOfPage":{"@id":"https:\/\/mhcalculos.com.br\/noticias\/area\/tributario\/stf-presidente-do-stf-afasta-decisao-da-justica-de-goias-que-suspendia-cobranca-de-adicional-de-icms-sobre-combustiveis.html"},"wordCount":576,"commentCount":0,"image":{"@id":"http:\/\/www.stf.jus.br\/portal\/cms\/verNoticiaDetalhe.asp?idConteudo=418776#primaryimage"},"thumbnailUrl":"https:\/\/mhcalculos.com.br\/noticias\/wp-content\/uploads\/sites\/2\/2018\/05\/tributario-0042.jpg","keywords":["c\u00e1lculos judiciais","c\u00e1lculos tribut\u00e1rios","direito tribut\u00e1rio","d\u00edvida ativa","fazenda p\u00fablica","Imposto","per\u00edcia","perito","stf"],"articleSection":["Direito Tribut\u00e1rio","STF"],"inLanguage":"pt-BR","potentialAction":[{"@type":"CommentAction","name":"Comment","target":["http:\/\/www.stf.jus.br\/portal\/cms\/verNoticiaDetalhe.asp?idConteudo=418776#respond"]}]},{"@type":"WebPage","@id":"https:\/\/mhcalculos.com.br\/noticias\/area\/tributario\/stf-presidente-do-stf-afasta-decisao-da-justica-de-goias-que-suspendia-cobranca-de-adicional-de-icms-sobre-combustiveis.html","url":"http:\/\/www.stf.jus.br\/portal\/cms\/verNoticiaDetalhe.asp?idConteudo=418776","name":"STF: Presidente do STF afasta decis\u00e3o da Justi\u00e7a de Goi\u00e1s que suspendia cobran\u00e7a de adicional de ICMS sobre combust\u00edveis | Portal de Not\u00edcias","isPartOf":{"@id":"https:\/\/mhcalculos.com.br\/noticias\/#website"},"primaryImageOfPage":{"@id":"http:\/\/www.stf.jus.br\/portal\/cms\/verNoticiaDetalhe.asp?idConteudo=418776#primaryimage"},"image":{"@id":"http:\/\/www.stf.jus.br\/portal\/cms\/verNoticiaDetalhe.asp?idConteudo=418776#primaryimage"},"thumbnailUrl":"https:\/\/mhcalculos.com.br\/noticias\/wp-content\/uploads\/sites\/2\/2018\/05\/tributario-0042.jpg","datePublished":"2019-08-07T07:00:41+00:00","dateModified":"2021-07-28T17:32:18+00:00","author":{"@id":"https:\/\/mhcalculos.com.br\/noticias\/#\/schema\/person\/88d1c34bf72dc779ea14a5a6b8e0ae8d"},"breadcrumb":{"@id":"http:\/\/www.stf.jus.br\/portal\/cms\/verNoticiaDetalhe.asp?idConteudo=418776#breadcrumb"},"inLanguage":"pt-BR","potentialAction":[{"@type":"ReadAction","target":["http:\/\/www.stf.jus.br\/portal\/cms\/verNoticiaDetalhe.asp?idConteudo=418776"]}]},{"@type":"ImageObject","inLanguage":"pt-BR","@id":"http:\/\/www.stf.jus.br\/portal\/cms\/verNoticiaDetalhe.asp?idConteudo=418776#primaryimage","url":"https:\/\/mhcalculos.com.br\/noticias\/wp-content\/uploads\/sites\/2\/2018\/05\/tributario-0042.jpg","contentUrl":"https:\/\/mhcalculos.com.br\/noticias\/wp-content\/uploads\/sites\/2\/2018\/05\/tributario-0042.jpg","width":2000,"height":800},{"@type":"BreadcrumbList","@id":"http:\/\/www.stf.jus.br\/portal\/cms\/verNoticiaDetalhe.asp?idConteudo=418776#breadcrumb","itemListElement":[{"@type":"ListItem","position":1,"name":"In\u00edcio","item":"https:\/\/mhcalculos.com.br\/noticias\/"},{"@type":"ListItem","position":2,"name":"STF: Presidente do STF afasta decis\u00e3o da Justi\u00e7a de Goi\u00e1s que suspendia cobran\u00e7a de adicional de ICMS sobre combust\u00edveis"}]},{"@type":"WebSite","@id":"https:\/\/mhcalculos.com.br\/noticias\/#website","url":"https:\/\/mhcalculos.com.br\/noticias\/","name":"Portal de Not\u00edcias","description":"Not\u00edcias e Jurisprud\u00eancia","potentialAction":[{"@type":"SearchAction","target":{"@type":"EntryPoint","urlTemplate":"https:\/\/mhcalculos.com.br\/noticias\/?s={search_term_string}"},"query-input":{"@type":"PropertyValueSpecification","valueRequired":true,"valueName":"search_term_string"}}],"inLanguage":"pt-BR"},{"@type":"Person","@id":"https:\/\/mhcalculos.com.br\/noticias\/#\/schema\/person\/88d1c34bf72dc779ea14a5a6b8e0ae8d","name":"Equipe MH","image":{"@type":"ImageObject","inLanguage":"pt-BR","@id":"https:\/\/secure.gravatar.com\/avatar\/de1c686c2ecc9c5a3f327e3431d819eb39f8f05d4e1045f5a1caad6daaba987f?s=96&d=mm&r=g","url":"https:\/\/secure.gravatar.com\/avatar\/de1c686c2ecc9c5a3f327e3431d819eb39f8f05d4e1045f5a1caad6daaba987f?s=96&d=mm&r=g","contentUrl":"https:\/\/secure.gravatar.com\/avatar\/de1c686c2ecc9c5a3f327e3431d819eb39f8f05d4e1045f5a1caad6daaba987f?s=96&d=mm&r=g","caption":"Equipe MH"}}]}},"_links":{"self":[{"href":"https:\/\/mhcalculos.com.br\/noticias\/wp-json\/wp\/v2\/posts\/5552","targetHints":{"allow":["GET"]}}],"collection":[{"href":"https:\/\/mhcalculos.com.br\/noticias\/wp-json\/wp\/v2\/posts"}],"about":[{"href":"https:\/\/mhcalculos.com.br\/noticias\/wp-json\/wp\/v2\/types\/post"}],"author":[{"embeddable":true,"href":"https:\/\/mhcalculos.com.br\/noticias\/wp-json\/wp\/v2\/users\/3063"}],"replies":[{"embeddable":true,"href":"https:\/\/mhcalculos.com.br\/noticias\/wp-json\/wp\/v2\/comments?post=5552"}],"version-history":[{"count":1,"href":"https:\/\/mhcalculos.com.br\/noticias\/wp-json\/wp\/v2\/posts\/5552\/revisions"}],"predecessor-version":[{"id":6573,"href":"https:\/\/mhcalculos.com.br\/noticias\/wp-json\/wp\/v2\/posts\/5552\/revisions\/6573"}],"wp:featuredmedia":[{"embeddable":true,"href":"https:\/\/mhcalculos.com.br\/noticias\/wp-json\/wp\/v2\/media\/1563"}],"wp:attachment":[{"href":"https:\/\/mhcalculos.com.br\/noticias\/wp-json\/wp\/v2\/media?parent=5552"}],"wp:term":[{"taxonomy":"category","embeddable":true,"href":"https:\/\/mhcalculos.com.br\/noticias\/wp-json\/wp\/v2\/categories?post=5552"},{"taxonomy":"post_tag","embeddable":true,"href":"https:\/\/mhcalculos.com.br\/noticias\/wp-json\/wp\/v2\/tags?post=5552"}],"curies":[{"name":"wp","href":"https:\/\/api.w.org\/{rel}","templated":true}]}}