{"id":5424,"date":"2019-07-30T08:00:07","date_gmt":"2019-07-30T11:00:07","guid":{"rendered":"https:\/\/mhcalculos.com.br\/noticias\/2019\/07\/30\/stj-filha-que-nao-mora-com-requerente-de-bpc-nao-pode-ser-considerada-no-calculo-da-renda-familiar\/"},"modified":"2021-07-28T14:32:20","modified_gmt":"2021-07-28T17:32:20","slug":"stj-filha-que-nao-mora-com-requerente-de-bpc-nao-pode-ser-considerada-no-calculo-da-renda-familiar","status":"publish","type":"post","link":"https:\/\/mhcalculos.com.br\/noticias\/area\/previdenciario\/stj-filha-que-nao-mora-com-requerente-de-bpc-nao-pode-ser-considerada-no-calculo-da-renda-familiar.html","title":{"rendered":"STJ: Filha que n\u00e3o mora com requerente de BPC n\u00e3o pode ser considerada no c\u00e1lculo da renda familiar"},"content":{"rendered":"<p><br \/>\n<\/p>\n<p style=\"color: #595656;clear: both;margin: 1em 0px;font-family: verdana, arial, helvetica, sans-serif;font-size: 13px;font-style: normal;font-weight: 400;letter-spacing: normal;text-align: justify;text-indent: 0px;text-transform: none;background-color: #ffffff\">A Primeira Turma do Superior Tribunal de Justi&ccedil;a (STJ) reconheceu o direito de uma mulher com defici&ecirc;ncia mental ao Benef&iacute;cio de Presta&ccedil;&atilde;o Continuada (BPC) por entender que, para verificar se a renda mensal da fam&iacute;lia n&atilde;o ultrapassa o limite legal, devem ser consideradas apenas as pessoas que moram na mesma casa.<\/p>\n<p style=\"color: #595656;clear: both;margin: 1em 0px;font-family: verdana, arial, helvetica, sans-serif;font-size: 13px;font-style: normal;font-weight: 400;letter-spacing: normal;text-align: justify;text-indent: 0px;text-transform: none;background-color: #ffffff\">Aplicando jurisprud&ecirc;ncia j&aacute; consolidada no colegiado, os ministros decidiram que, como a filha da interessada n&atilde;o mora com ela, sua renda n&atilde;o pode ser computada na aferi&ccedil;&atilde;o da renda familiar. A legisla&ccedil;&atilde;o limita o BPC&nbsp;a idosos ou deficientes cuja fam&iacute;lia tenha renda mensal<span>&nbsp;<\/span><em>per capita<\/em><span>&nbsp;<\/span>inferior a um quarto do sal&aacute;rio m&iacute;nimo.<\/p>\n<p style=\"color: #595656;clear: both;margin: 1em 0px;font-family: verdana, arial, helvetica, sans-serif;font-size: 13px;font-style: normal;font-weight: 400;letter-spacing: normal;text-align: justify;text-indent: 0px;text-transform: none;background-color: #ffffff\">A autora da a&ccedil;&atilde;o requereu o benef&iacute;cio alegando ser portadora de retardo mental e transtornos ansiosos, o que a incapacitaria para o trabalho e para uma vida independente.<\/p>\n<p style=\"color: #595656;clear: both;margin: 1em 0px;font-family: verdana, arial, helvetica, sans-serif;font-size: 13px;font-style: normal;font-weight: 400;letter-spacing: normal;text-align: justify;text-indent: 0px;text-transform: none;background-color: #ffffff\">Em primeira inst&acirc;ncia, o pedido foi julgado procedente, mas a senten&ccedil;a foi reformada. O Tribunal Regional Federal da 3&ordf; Regi&atilde;o (TRF3) aceitou o argumento do INSS de que o<span>&nbsp;<\/span><a style=\"color: #2465a4;text-decoration: none\" target=\"_blank\" href=\"http:\/\/www.planalto.gov.br\/ccivil_03\/LEIS\/L8742.htm#art20\" rel=\"noopener noreferrer\"><strong style=\"font-weight: bold\">artigo 20<\/strong><\/a>, par&aacute;grafo 1&ordm;, da Lei 8.742\/1993 n&atilde;o poderia ser interpretado literalmente, sob pena de gerar grave distor&ccedil;&atilde;o. A autarquia previdenci&aacute;ria afirmou que deveria ser considerada a condi&ccedil;&atilde;o econ&ocirc;mica da filha &ndash; a qual, inclusive, fornecia a moradia para a m&atilde;e.<\/p>\n<p style=\"color: #595656;clear: both;margin: 1em 0px;font-family: verdana, arial, helvetica, sans-serif;font-size: 13px;font-style: normal;font-weight: 400;letter-spacing: normal;text-align: justify;text-indent: 0px;text-transform: none;background-color: #ffffff\">O ministro Napole&atilde;o Nunes Maia Filho, relator do recurso no STJ, mencionou entendimento anterior do colegiado de que o conceito de fam&iacute;lia contido na Lei Org&acirc;nica da Assist&ecirc;ncia Social (LOAS) deve ser aferido levando-se em conta a renda das pessoas do grupo familiar que compartilhem a moradia com aquele que esteja sob vulnerabilidade social (idoso, com 65 anos ou mais, ou pessoa com defici&ecirc;ncia).<\/p>\n<h2 style=\"font-size: 1.2em;font-weight: bold;margin-top: 15px;color: #575756;font-family: verdana, arial, helvetica, sans-serif;font-style: normal;letter-spacing: normal;text-align: justify;text-indent: 0px;text-transform: none;background-color: #ffffff\">Sem previs??&atilde;o legal<\/h2>\n<p style=\"color: #595656;clear: both;margin: 1em 0px;font-family: verdana, arial, helvetica, sans-serif;font-size: 13px;font-style: normal;font-weight: 400;letter-spacing: normal;text-align: justify;text-indent: 0px;text-transform: none;background-color: #ffffff\">O relator destacou que, embora a filha possua renda, ela n&atilde;o comp&otilde;e o conceito de fam&iacute;lia da LOAS, uma vez que n&atilde;o convive na mesma resid&ecirc;ncia que a m&atilde;e, n&atilde;o podendo ser considerada para efeito de aferi&ccedil;&atilde;o da renda mensal<span>&nbsp;<\/span><em>per capita<\/em><span>&nbsp;<\/span>por falta de previs&atilde;o legal.<\/p>\n<p style=\"color: #595656;clear: both;margin: 1em 0px;font-family: verdana, arial, helvetica, sans-serif;font-size: 13px;font-style: normal;font-weight: 400;letter-spacing: normal;text-align: justify;text-indent: 0px;text-transform: none;background-color: #ffffff\">Napole&atilde;o Nunes Maia Filho mencionou que a Lei 12.435\/2011 alterou o par&aacute;grafo 1&ordm; do artigo 20 da LOAS, estabelecendo: &#8220;Para os efeitos do disposto no<span>&nbsp;<\/span><em>caput<\/em>, a fam&iacute;lia &eacute; composta pelo requerente, o c&ocirc;njuge ou companheiro, os pais e, na aus&ecirc;ncia de um deles, a madrasta ou o padrasto, os irm&atilde;os solteiros, os filhos e enteados solteiros e os menores tutelados, desde que vivam sob o mesmo teto&#8221;.<\/p>\n<p style=\"color: #595656;clear: both;margin: 1em 0px;font-family: verdana, arial, helvetica, sans-serif;font-size: 13px;font-style: normal;font-weight: 400;letter-spacing: normal;text-align: justify;text-indent: 0px;text-transform: none;background-color: #ffffff\">Com respaldo na jurisprud&ecirc;ncia do STJ, o relator votou para afastar o entendimento da corte de origem, que havia somado a renda familiar de dois n&uacute;cleos distintos que residem em moradias tamb&eacute;m diferentes.<\/p>\n<p style=\"color: #595656;clear: both;margin: 1em 0px;font-family: verdana, arial, helvetica, sans-serif;font-size: 13px;font-style: normal;font-weight: 400;letter-spacing: normal;text-align: justify;text-indent: 0px;text-transform: none;background-color: #ffffff\">Leia o<span>&nbsp;<\/span><a style=\"color: #2465a4;text-decoration: none\" href=\"https:\/\/ww2.stj.jus.br\/processo\/revista\/documento\/mediado\/?componente=ITA&amp;sequencial=1775251&amp;num_registro=201801129660&amp;data=20190614&amp;formato=PDF\"><strong style=\"font-weight: bold\">ac&oacute;rd&atilde;o<\/strong><\/a>.<\/p>\n<p><br \/>\n<br \/><i>Com informa\u00e7\u00f5es da assessoria de imprensa do STJ.<\/i><br \/>\n<br \/><a href=\"http:\/\/feedproxy.google.com\/~r\/STJNoticias\/~3\/HmuufYXzoW4\/Filha-que-n%C3%A3o-mora-com-requerente-de-BPC-n%C3%A3o-pode-ser-considerada-no-c%C3%A1lculo-da-renda-familiar\">Fonte<\/a><br \/>\n<br \/><\/p>\n","protected":false},"excerpt":{"rendered":"<p>A Primeira Turma do Superior Tribunal de Justi&ccedil;a (STJ) reconheceu o direito de uma mulher com defici&ecirc;ncia mental ao Benef&iacute;cio de Presta&ccedil;&atilde;o Continuada (BPC) por entender que, para verificar se a renda mensal da fam&iacute;lia n&atilde;o ultrapassa o limite legal, devem ser consideradas apenas as pessoas que moram na mesma casa. Aplicando jurisprud&ecirc;ncia j&aacute; consolidada [&hellip;]<\/p>\n","protected":false},"author":3063,"featured_media":2964,"comment_status":"open","ping_status":"open","sticky":false,"template":"","format":"standard","meta":{"footnotes":""},"categories":[5,7],"tags":[11,10,8,13,9,12,14],"class_list":{"0":"post-5424","1":"post","2":"type-post","3":"status-publish","4":"format-standard","5":"has-post-thumbnail","7":"category-previdenciario","8":"category-stj","9":"tag-aposentadoria","10":"tag-calculos-previdenciarios","11":"tag-direito-previdenciario","12":"tag-inss","13":"tag-pericia","14":"tag-perito","15":"tag-stj"},"yoast_head":"<!-- This site is optimized with the Yoast SEO plugin v27.2 - https:\/\/yoast.com\/product\/yoast-seo-wordpress\/ -->\n<title>STJ: Filha que n\u00e3o mora com requerente de BPC n\u00e3o pode ser considerada no c\u00e1lculo da renda familiar | Portal de Not\u00edcias<\/title>\n<meta name=\"robots\" content=\"index, follow, max-snippet:-1, max-image-preview:large, max-video-preview:-1\" \/>\n<link rel=\"canonical\" href=\"https:\/\/mhcalculos.com.br\/noticias\/area\/previdenciario\/stj-filha-que-nao-mora-com-requerente-de-bpc-nao-pode-ser-considerada-no-calculo-da-renda-familiar.html\" \/>\n<meta property=\"og:locale\" content=\"pt_BR\" \/>\n<meta property=\"og:type\" content=\"article\" \/>\n<meta property=\"og:title\" content=\"STJ: Filha que n\u00e3o mora com requerente de BPC n\u00e3o pode ser considerada no c\u00e1lculo da renda familiar | Portal de Not\u00edcias\" \/>\n<meta property=\"og:description\" content=\"A Primeira Turma do Superior Tribunal de Justi&ccedil;a (STJ) reconheceu o direito de uma mulher com defici&ecirc;ncia mental ao Benef&iacute;cio de Presta&ccedil;&atilde;o Continuada (BPC) por entender que, para verificar se a renda mensal da fam&iacute;lia n&atilde;o ultrapassa o limite legal, devem ser consideradas apenas as pessoas que moram na mesma casa. Aplicando jurisprud&ecirc;ncia j&aacute; consolidada [&hellip;]\" \/>\n<meta property=\"og:url\" content=\"https:\/\/mhcalculos.com.br\/noticias\/area\/previdenciario\/stj-filha-que-nao-mora-com-requerente-de-bpc-nao-pode-ser-considerada-no-calculo-da-renda-familiar.html\" \/>\n<meta property=\"og:site_name\" content=\"Portal de Not\u00edcias\" \/>\n<meta property=\"article:published_time\" content=\"2019-07-30T11:00:07+00:00\" \/>\n<meta property=\"article:modified_time\" content=\"2021-07-28T17:32:20+00:00\" \/>\n<meta property=\"og:image\" content=\"https:\/\/mhcalculos.com.br\/noticias\/wp-content\/uploads\/sites\/2\/2018\/08\/previdenciario-0045.jpg\" \/>\n\t<meta property=\"og:image:width\" content=\"2000\" \/>\n\t<meta property=\"og:image:height\" content=\"800\" \/>\n\t<meta property=\"og:image:type\" content=\"image\/jpeg\" \/>\n<meta name=\"author\" content=\"Equipe MH\" \/>\n<meta name=\"twitter:card\" content=\"summary_large_image\" \/>\n<meta name=\"twitter:label1\" content=\"Escrito por\" \/>\n\t<meta name=\"twitter:data1\" content=\"Equipe MH\" \/>\n\t<meta name=\"twitter:label2\" content=\"Est. tempo de leitura\" \/>\n\t<meta name=\"twitter:data2\" content=\"3 minutos\" \/>\n<script type=\"application\/ld+json\" class=\"yoast-schema-graph\">{\"@context\":\"https:\/\/schema.org\",\"@graph\":[{\"@type\":\"Article\",\"@id\":\"https:\/\/mhcalculos.com.br\/noticias\/area\/previdenciario\/stj-filha-que-nao-mora-com-requerente-de-bpc-nao-pode-ser-considerada-no-calculo-da-renda-familiar.html#article\",\"isPartOf\":{\"@id\":\"https:\/\/mhcalculos.com.br\/noticias\/area\/previdenciario\/stj-filha-que-nao-mora-com-requerente-de-bpc-nao-pode-ser-considerada-no-calculo-da-renda-familiar.html\"},\"author\":{\"name\":\"Equipe MH\",\"@id\":\"https:\/\/mhcalculos.com.br\/noticias\/#\/schema\/person\/88d1c34bf72dc779ea14a5a6b8e0ae8d\"},\"headline\":\"STJ: Filha que n\u00e3o mora com requerente de BPC n\u00e3o pode ser considerada no c\u00e1lculo da renda familiar\",\"datePublished\":\"2019-07-30T11:00:07+00:00\",\"dateModified\":\"2021-07-28T17:32:20+00:00\",\"mainEntityOfPage\":{\"@id\":\"https:\/\/mhcalculos.com.br\/noticias\/area\/previdenciario\/stj-filha-que-nao-mora-com-requerente-de-bpc-nao-pode-ser-considerada-no-calculo-da-renda-familiar.html\"},\"wordCount\":568,\"commentCount\":0,\"image\":{\"@id\":\"https:\/\/mhcalculos.com.br\/noticias\/area\/previdenciario\/stj-filha-que-nao-mora-com-requerente-de-bpc-nao-pode-ser-considerada-no-calculo-da-renda-familiar.html#primaryimage\"},\"thumbnailUrl\":\"https:\/\/mhcalculos.com.br\/noticias\/wp-content\/uploads\/sites\/2\/2018\/08\/previdenciario-0045.jpg\",\"keywords\":[\"aposentadoria\",\"c\u00e1lculos previdenci\u00e1rios\",\"direito previdenci\u00e1rio\",\"inss\",\"per\u00edcia\",\"perito\",\"stj\"],\"articleSection\":[\"Direito Previdenci\u00e1rio\",\"STJ\"],\"inLanguage\":\"pt-BR\",\"potentialAction\":[{\"@type\":\"CommentAction\",\"name\":\"Comment\",\"target\":[\"https:\/\/mhcalculos.com.br\/noticias\/area\/previdenciario\/stj-filha-que-nao-mora-com-requerente-de-bpc-nao-pode-ser-considerada-no-calculo-da-renda-familiar.html#respond\"]}]},{\"@type\":\"WebPage\",\"@id\":\"https:\/\/mhcalculos.com.br\/noticias\/area\/previdenciario\/stj-filha-que-nao-mora-com-requerente-de-bpc-nao-pode-ser-considerada-no-calculo-da-renda-familiar.html\",\"url\":\"https:\/\/mhcalculos.com.br\/noticias\/area\/previdenciario\/stj-filha-que-nao-mora-com-requerente-de-bpc-nao-pode-ser-considerada-no-calculo-da-renda-familiar.html\",\"name\":\"STJ: Filha que n\u00e3o mora com requerente de BPC n\u00e3o pode ser considerada no c\u00e1lculo da renda familiar | Portal de Not\u00edcias\",\"isPartOf\":{\"@id\":\"https:\/\/mhcalculos.com.br\/noticias\/#website\"},\"primaryImageOfPage\":{\"@id\":\"https:\/\/mhcalculos.com.br\/noticias\/area\/previdenciario\/stj-filha-que-nao-mora-com-requerente-de-bpc-nao-pode-ser-considerada-no-calculo-da-renda-familiar.html#primaryimage\"},\"image\":{\"@id\":\"https:\/\/mhcalculos.com.br\/noticias\/area\/previdenciario\/stj-filha-que-nao-mora-com-requerente-de-bpc-nao-pode-ser-considerada-no-calculo-da-renda-familiar.html#primaryimage\"},\"thumbnailUrl\":\"https:\/\/mhcalculos.com.br\/noticias\/wp-content\/uploads\/sites\/2\/2018\/08\/previdenciario-0045.jpg\",\"datePublished\":\"2019-07-30T11:00:07+00:00\",\"dateModified\":\"2021-07-28T17:32:20+00:00\",\"author\":{\"@id\":\"https:\/\/mhcalculos.com.br\/noticias\/#\/schema\/person\/88d1c34bf72dc779ea14a5a6b8e0ae8d\"},\"breadcrumb\":{\"@id\":\"https:\/\/mhcalculos.com.br\/noticias\/area\/previdenciario\/stj-filha-que-nao-mora-com-requerente-de-bpc-nao-pode-ser-considerada-no-calculo-da-renda-familiar.html#breadcrumb\"},\"inLanguage\":\"pt-BR\",\"potentialAction\":[{\"@type\":\"ReadAction\",\"target\":[\"https:\/\/mhcalculos.com.br\/noticias\/area\/previdenciario\/stj-filha-que-nao-mora-com-requerente-de-bpc-nao-pode-ser-considerada-no-calculo-da-renda-familiar.html\"]}]},{\"@type\":\"ImageObject\",\"inLanguage\":\"pt-BR\",\"@id\":\"https:\/\/mhcalculos.com.br\/noticias\/area\/previdenciario\/stj-filha-que-nao-mora-com-requerente-de-bpc-nao-pode-ser-considerada-no-calculo-da-renda-familiar.html#primaryimage\",\"url\":\"https:\/\/mhcalculos.com.br\/noticias\/wp-content\/uploads\/sites\/2\/2018\/08\/previdenciario-0045.jpg\",\"contentUrl\":\"https:\/\/mhcalculos.com.br\/noticias\/wp-content\/uploads\/sites\/2\/2018\/08\/previdenciario-0045.jpg\",\"width\":2000,\"height\":800},{\"@type\":\"BreadcrumbList\",\"@id\":\"https:\/\/mhcalculos.com.br\/noticias\/area\/previdenciario\/stj-filha-que-nao-mora-com-requerente-de-bpc-nao-pode-ser-considerada-no-calculo-da-renda-familiar.html#breadcrumb\",\"itemListElement\":[{\"@type\":\"ListItem\",\"position\":1,\"name\":\"In\u00edcio\",\"item\":\"https:\/\/mhcalculos.com.br\/noticias\/\"},{\"@type\":\"ListItem\",\"position\":2,\"name\":\"STJ: Filha que n\u00e3o mora com requerente de BPC n\u00e3o pode ser considerada no c\u00e1lculo da renda familiar\"}]},{\"@type\":\"WebSite\",\"@id\":\"https:\/\/mhcalculos.com.br\/noticias\/#website\",\"url\":\"https:\/\/mhcalculos.com.br\/noticias\/\",\"name\":\"Portal de Not\u00edcias\",\"description\":\"Not\u00edcias e Jurisprud\u00eancia\",\"potentialAction\":[{\"@type\":\"SearchAction\",\"target\":{\"@type\":\"EntryPoint\",\"urlTemplate\":\"https:\/\/mhcalculos.com.br\/noticias\/?s={search_term_string}\"},\"query-input\":{\"@type\":\"PropertyValueSpecification\",\"valueRequired\":true,\"valueName\":\"search_term_string\"}}],\"inLanguage\":\"pt-BR\"},{\"@type\":\"Person\",\"@id\":\"https:\/\/mhcalculos.com.br\/noticias\/#\/schema\/person\/88d1c34bf72dc779ea14a5a6b8e0ae8d\",\"name\":\"Equipe MH\",\"image\":{\"@type\":\"ImageObject\",\"inLanguage\":\"pt-BR\",\"@id\":\"https:\/\/secure.gravatar.com\/avatar\/de1c686c2ecc9c5a3f327e3431d819eb39f8f05d4e1045f5a1caad6daaba987f?s=96&d=mm&r=g\",\"url\":\"https:\/\/secure.gravatar.com\/avatar\/de1c686c2ecc9c5a3f327e3431d819eb39f8f05d4e1045f5a1caad6daaba987f?s=96&d=mm&r=g\",\"contentUrl\":\"https:\/\/secure.gravatar.com\/avatar\/de1c686c2ecc9c5a3f327e3431d819eb39f8f05d4e1045f5a1caad6daaba987f?s=96&d=mm&r=g\",\"caption\":\"Equipe MH\"}}]}<\/script>\n<!-- \/ Yoast SEO plugin. -->","yoast_head_json":{"title":"STJ: Filha que n\u00e3o mora com requerente de BPC n\u00e3o pode ser considerada no c\u00e1lculo da renda familiar | Portal de Not\u00edcias","robots":{"index":"index","follow":"follow","max-snippet":"max-snippet:-1","max-image-preview":"max-image-preview:large","max-video-preview":"max-video-preview:-1"},"canonical":"https:\/\/mhcalculos.com.br\/noticias\/area\/previdenciario\/stj-filha-que-nao-mora-com-requerente-de-bpc-nao-pode-ser-considerada-no-calculo-da-renda-familiar.html","og_locale":"pt_BR","og_type":"article","og_title":"STJ: Filha que n\u00e3o mora com requerente de BPC n\u00e3o pode ser considerada no c\u00e1lculo da renda familiar | Portal de Not\u00edcias","og_description":"A Primeira Turma do Superior Tribunal de Justi&ccedil;a (STJ) reconheceu o direito de uma mulher com defici&ecirc;ncia mental ao Benef&iacute;cio de Presta&ccedil;&atilde;o Continuada (BPC) por entender que, para verificar se a renda mensal da fam&iacute;lia n&atilde;o ultrapassa o limite legal, devem ser consideradas apenas as pessoas que moram na mesma casa. Aplicando jurisprud&ecirc;ncia j&aacute; consolidada [&hellip;]","og_url":"https:\/\/mhcalculos.com.br\/noticias\/area\/previdenciario\/stj-filha-que-nao-mora-com-requerente-de-bpc-nao-pode-ser-considerada-no-calculo-da-renda-familiar.html","og_site_name":"Portal de Not\u00edcias","article_published_time":"2019-07-30T11:00:07+00:00","article_modified_time":"2021-07-28T17:32:20+00:00","og_image":[{"width":2000,"height":800,"url":"https:\/\/mhcalculos.com.br\/noticias\/wp-content\/uploads\/sites\/2\/2018\/08\/previdenciario-0045.jpg","type":"image\/jpeg"}],"author":"Equipe MH","twitter_card":"summary_large_image","twitter_misc":{"Escrito por":"Equipe MH","Est. tempo de leitura":"3 minutos"},"schema":{"@context":"https:\/\/schema.org","@graph":[{"@type":"Article","@id":"https:\/\/mhcalculos.com.br\/noticias\/area\/previdenciario\/stj-filha-que-nao-mora-com-requerente-de-bpc-nao-pode-ser-considerada-no-calculo-da-renda-familiar.html#article","isPartOf":{"@id":"https:\/\/mhcalculos.com.br\/noticias\/area\/previdenciario\/stj-filha-que-nao-mora-com-requerente-de-bpc-nao-pode-ser-considerada-no-calculo-da-renda-familiar.html"},"author":{"name":"Equipe MH","@id":"https:\/\/mhcalculos.com.br\/noticias\/#\/schema\/person\/88d1c34bf72dc779ea14a5a6b8e0ae8d"},"headline":"STJ: Filha que n\u00e3o mora com requerente de BPC n\u00e3o pode ser considerada no c\u00e1lculo da renda familiar","datePublished":"2019-07-30T11:00:07+00:00","dateModified":"2021-07-28T17:32:20+00:00","mainEntityOfPage":{"@id":"https:\/\/mhcalculos.com.br\/noticias\/area\/previdenciario\/stj-filha-que-nao-mora-com-requerente-de-bpc-nao-pode-ser-considerada-no-calculo-da-renda-familiar.html"},"wordCount":568,"commentCount":0,"image":{"@id":"https:\/\/mhcalculos.com.br\/noticias\/area\/previdenciario\/stj-filha-que-nao-mora-com-requerente-de-bpc-nao-pode-ser-considerada-no-calculo-da-renda-familiar.html#primaryimage"},"thumbnailUrl":"https:\/\/mhcalculos.com.br\/noticias\/wp-content\/uploads\/sites\/2\/2018\/08\/previdenciario-0045.jpg","keywords":["aposentadoria","c\u00e1lculos previdenci\u00e1rios","direito previdenci\u00e1rio","inss","per\u00edcia","perito","stj"],"articleSection":["Direito Previdenci\u00e1rio","STJ"],"inLanguage":"pt-BR","potentialAction":[{"@type":"CommentAction","name":"Comment","target":["https:\/\/mhcalculos.com.br\/noticias\/area\/previdenciario\/stj-filha-que-nao-mora-com-requerente-de-bpc-nao-pode-ser-considerada-no-calculo-da-renda-familiar.html#respond"]}]},{"@type":"WebPage","@id":"https:\/\/mhcalculos.com.br\/noticias\/area\/previdenciario\/stj-filha-que-nao-mora-com-requerente-de-bpc-nao-pode-ser-considerada-no-calculo-da-renda-familiar.html","url":"https:\/\/mhcalculos.com.br\/noticias\/area\/previdenciario\/stj-filha-que-nao-mora-com-requerente-de-bpc-nao-pode-ser-considerada-no-calculo-da-renda-familiar.html","name":"STJ: Filha que n\u00e3o mora com requerente de BPC n\u00e3o pode ser considerada no c\u00e1lculo da renda familiar | Portal de Not\u00edcias","isPartOf":{"@id":"https:\/\/mhcalculos.com.br\/noticias\/#website"},"primaryImageOfPage":{"@id":"https:\/\/mhcalculos.com.br\/noticias\/area\/previdenciario\/stj-filha-que-nao-mora-com-requerente-de-bpc-nao-pode-ser-considerada-no-calculo-da-renda-familiar.html#primaryimage"},"image":{"@id":"https:\/\/mhcalculos.com.br\/noticias\/area\/previdenciario\/stj-filha-que-nao-mora-com-requerente-de-bpc-nao-pode-ser-considerada-no-calculo-da-renda-familiar.html#primaryimage"},"thumbnailUrl":"https:\/\/mhcalculos.com.br\/noticias\/wp-content\/uploads\/sites\/2\/2018\/08\/previdenciario-0045.jpg","datePublished":"2019-07-30T11:00:07+00:00","dateModified":"2021-07-28T17:32:20+00:00","author":{"@id":"https:\/\/mhcalculos.com.br\/noticias\/#\/schema\/person\/88d1c34bf72dc779ea14a5a6b8e0ae8d"},"breadcrumb":{"@id":"https:\/\/mhcalculos.com.br\/noticias\/area\/previdenciario\/stj-filha-que-nao-mora-com-requerente-de-bpc-nao-pode-ser-considerada-no-calculo-da-renda-familiar.html#breadcrumb"},"inLanguage":"pt-BR","potentialAction":[{"@type":"ReadAction","target":["https:\/\/mhcalculos.com.br\/noticias\/area\/previdenciario\/stj-filha-que-nao-mora-com-requerente-de-bpc-nao-pode-ser-considerada-no-calculo-da-renda-familiar.html"]}]},{"@type":"ImageObject","inLanguage":"pt-BR","@id":"https:\/\/mhcalculos.com.br\/noticias\/area\/previdenciario\/stj-filha-que-nao-mora-com-requerente-de-bpc-nao-pode-ser-considerada-no-calculo-da-renda-familiar.html#primaryimage","url":"https:\/\/mhcalculos.com.br\/noticias\/wp-content\/uploads\/sites\/2\/2018\/08\/previdenciario-0045.jpg","contentUrl":"https:\/\/mhcalculos.com.br\/noticias\/wp-content\/uploads\/sites\/2\/2018\/08\/previdenciario-0045.jpg","width":2000,"height":800},{"@type":"BreadcrumbList","@id":"https:\/\/mhcalculos.com.br\/noticias\/area\/previdenciario\/stj-filha-que-nao-mora-com-requerente-de-bpc-nao-pode-ser-considerada-no-calculo-da-renda-familiar.html#breadcrumb","itemListElement":[{"@type":"ListItem","position":1,"name":"In\u00edcio","item":"https:\/\/mhcalculos.com.br\/noticias\/"},{"@type":"ListItem","position":2,"name":"STJ: Filha que n\u00e3o mora com requerente de BPC n\u00e3o pode ser considerada no c\u00e1lculo da renda familiar"}]},{"@type":"WebSite","@id":"https:\/\/mhcalculos.com.br\/noticias\/#website","url":"https:\/\/mhcalculos.com.br\/noticias\/","name":"Portal de Not\u00edcias","description":"Not\u00edcias e Jurisprud\u00eancia","potentialAction":[{"@type":"SearchAction","target":{"@type":"EntryPoint","urlTemplate":"https:\/\/mhcalculos.com.br\/noticias\/?s={search_term_string}"},"query-input":{"@type":"PropertyValueSpecification","valueRequired":true,"valueName":"search_term_string"}}],"inLanguage":"pt-BR"},{"@type":"Person","@id":"https:\/\/mhcalculos.com.br\/noticias\/#\/schema\/person\/88d1c34bf72dc779ea14a5a6b8e0ae8d","name":"Equipe MH","image":{"@type":"ImageObject","inLanguage":"pt-BR","@id":"https:\/\/secure.gravatar.com\/avatar\/de1c686c2ecc9c5a3f327e3431d819eb39f8f05d4e1045f5a1caad6daaba987f?s=96&d=mm&r=g","url":"https:\/\/secure.gravatar.com\/avatar\/de1c686c2ecc9c5a3f327e3431d819eb39f8f05d4e1045f5a1caad6daaba987f?s=96&d=mm&r=g","contentUrl":"https:\/\/secure.gravatar.com\/avatar\/de1c686c2ecc9c5a3f327e3431d819eb39f8f05d4e1045f5a1caad6daaba987f?s=96&d=mm&r=g","caption":"Equipe MH"}}]}},"_links":{"self":[{"href":"https:\/\/mhcalculos.com.br\/noticias\/wp-json\/wp\/v2\/posts\/5424","targetHints":{"allow":["GET"]}}],"collection":[{"href":"https:\/\/mhcalculos.com.br\/noticias\/wp-json\/wp\/v2\/posts"}],"about":[{"href":"https:\/\/mhcalculos.com.br\/noticias\/wp-json\/wp\/v2\/types\/post"}],"author":[{"embeddable":true,"href":"https:\/\/mhcalculos.com.br\/noticias\/wp-json\/wp\/v2\/users\/3063"}],"replies":[{"embeddable":true,"href":"https:\/\/mhcalculos.com.br\/noticias\/wp-json\/wp\/v2\/comments?post=5424"}],"version-history":[{"count":1,"href":"https:\/\/mhcalculos.com.br\/noticias\/wp-json\/wp\/v2\/posts\/5424\/revisions"}],"predecessor-version":[{"id":9729,"href":"https:\/\/mhcalculos.com.br\/noticias\/wp-json\/wp\/v2\/posts\/5424\/revisions\/9729"}],"wp:featuredmedia":[{"embeddable":true,"href":"https:\/\/mhcalculos.com.br\/noticias\/wp-json\/wp\/v2\/media\/2964"}],"wp:attachment":[{"href":"https:\/\/mhcalculos.com.br\/noticias\/wp-json\/wp\/v2\/media?parent=5424"}],"wp:term":[{"taxonomy":"category","embeddable":true,"href":"https:\/\/mhcalculos.com.br\/noticias\/wp-json\/wp\/v2\/categories?post=5424"},{"taxonomy":"post_tag","embeddable":true,"href":"https:\/\/mhcalculos.com.br\/noticias\/wp-json\/wp\/v2\/tags?post=5424"}],"curies":[{"name":"wp","href":"https:\/\/api.w.org\/{rel}","templated":true}]}}