{"id":5374,"date":"2019-07-26T20:00:10","date_gmt":"2019-07-26T23:00:10","guid":{"rendered":"https:\/\/mhcalculos.com.br\/noticias\/2019\/07\/26\/stj-definida-tese-sobre-prazo-decadencial-aplicavel-aos-requerimentos-de-beneficio-mais-vantajoso\/"},"modified":"2021-07-28T14:32:21","modified_gmt":"2021-07-28T17:32:21","slug":"stj-definida-tese-sobre-prazo-decadencial-aplicavel-aos-requerimentos-de-beneficio-mais-vantajoso","status":"publish","type":"post","link":"https:\/\/mhcalculos.com.br\/noticias\/area\/previdenciario\/stj-definida-tese-sobre-prazo-decadencial-aplicavel-aos-requerimentos-de-beneficio-mais-vantajoso.html","title":{"rendered":"STJ: Definida tese sobre prazo decadencial aplic\u00e1vel aos requerimentos de benef\u00edcio mais vantajoso"},"content":{"rendered":"<p><br \/>\n<\/p>\n<p style=\"color: #595656;clear: both;margin: 1em 0px;font-family: verdana, arial, helvetica, sans-serif;font-size: 13px;font-style: normal;font-weight: 400;letter-spacing: normal;text-align: justify;text-indent: 0px;text-transform: none;background-color: #ffffff\">A Primeira Se&ccedil;&atilde;o do Superior Tribunal de Justi&ccedil;a (STJ) julgou o m&eacute;rito do<span>&nbsp;<\/span><a style=\"color: #2465a4;text-decoration: none\" href=\"http:\/\/www.stj.jus.br\/repetitivos\/temas_repetitivos\/pesquisa.jsp?novaConsulta=true&amp;tipo_pesquisa=T&amp;sg_classe=REsp&amp;num_processo_classe=1612818\"><strong style=\"font-weight: bold\">Tema 966<\/strong><\/a><span>&nbsp;<\/span>dos recursos repetitivos, sobre a incid&ecirc;ncia ou n&atilde;o do prazo decadencial previsto no<span>&nbsp;<\/span><a style=\"color: #2465a4;text-decoration: none\" target=\"_blank\" href=\"http:\/\/www.planalto.gov.br\/ccivil_03\/leis\/l8213cons.htm#art103\" rel=\"noopener noreferrer\"><strong style=\"font-weight: bold\">artigo 103<\/strong><\/a><span>&nbsp;<\/span>da Lei 8.213\/1991 para reconhecimento de direito adquirido ao benef&iacute;cio previdenci&aacute;rio mais vantajoso.<\/p>\n<p style=\"color: #595656;clear: both;margin: 1em 0px;font-family: verdana, arial, helvetica, sans-serif;font-size: 13px;font-style: normal;font-weight: 400;letter-spacing: normal;text-align: justify;text-indent: 0px;text-transform: none;background-color: #ffffff\">A hip&oacute;tese &eacute; espec&iacute;fica para os casos em que o direito foi adquirido em data anterior &agrave; implementa&ccedil;&atilde;o do benef&iacute;cio previdenci&aacute;rio em manuten&ccedil;&atilde;o. O colegiado definiu a seguinte tese: &#8220;Incide o prazo decadencial previsto no<span>&nbsp;<\/span><em>caput<\/em><span>&nbsp;<\/span>do artigo 103 da Lei 8.213\/1991 para reconhecimento do direito adquirido ao benef&iacute;cio previdenci&aacute;rio mais vantajoso&#8221;.<\/p>\n<p style=\"color: #595656;clear: both;margin: 1em 0px;font-family: verdana, arial, helvetica, sans-serif;font-size: 13px;font-style: normal;font-weight: 400;letter-spacing: normal;text-align: justify;text-indent: 0px;text-transform: none;background-color: #ffffff\">O relator dos dois recursos julgados como representativos da controv&eacute;rsia, ministro Mauro Campbell Marques, destacou que &eacute; preciso levar em conta o equil&iacute;brio financeiro do sistema previdenci&aacute;rio.<\/p>\n<p style=\"color: #595656;clear: both;margin: 1em 0px;font-family: verdana, arial, helvetica, sans-serif;font-size: 13px;font-style: normal;font-weight: 400;letter-spacing: normal;text-align: justify;text-indent: 0px;text-transform: none;background-color: #ffffff\">&#8220;O reconhecimento do direito adquirido ao benef&iacute;cio mais vantajoso equipara-se ao ato revisional e, por isso, est&aacute; submetido ao regramento legal. Importante resguardar, al&eacute;m da seguran&ccedil;a jur&iacute;dica das rela&ccedil;&otilde;es firmadas com a previd&ecirc;ncia social, o equil&iacute;brio financeiro e atuarial do sistema previdenci&aacute;rio&#8221;, explicou.<\/p>\n<p style=\"color: #595656;clear: both;margin: 1em 0px;font-family: verdana, arial, helvetica, sans-serif;font-size: 13px;font-style: normal;font-weight: 400;letter-spacing: normal;text-align: justify;text-indent: 0px;text-transform: none;background-color: #ffffff\">Em um dos casos analisados, a pretens&atilde;o do segurado foi rejeitada porque a aposentadoria havia sido concedida em 1997, e o pedido de revis&atilde;o foi feito apenas em 2009 &ndash; fora do prazo, portanto, previsto no artigo 103 da Lei 8.213\/1991.<\/p>\n<h2 style=\"font-size: 1.2em;font-weight: bold;margin-top: 15px;color: #575756;font-family: verdana, arial, helvetica, sans-serif;font-style: normal;letter-spacing: normal;text-align: justify;text-indent: 0px;text-transform: none;background-color: #ffffff\">Recursos rep??etitivos<\/h2>\n<p style=\"color: #595656;clear: both;margin: 1em 0px;font-family: verdana, arial, helvetica, sans-serif;font-size: 13px;font-style: normal;font-weight: 400;letter-spacing: normal;text-align: justify;text-indent: 0px;text-transform: none;background-color: #ffffff\">O CPC\/2015 regula no<span>&nbsp;<\/span><a style=\"color: #2465a4;text-decoration: none\" target=\"_blank\" href=\"http:\/\/www.planalto.gov.br\/ccivil_03\/_ato2015-2018\/2015\/lei\/l13105.htm#art1036\" rel=\"noopener noreferrer\"><strong style=\"font-weight: bold\">artigo 1.036<\/strong><\/a><strong style=\"font-weight: bold\"><span>&nbsp;<\/span><\/strong>e nos seguintes o julgamento por amostragem, mediante a sele&ccedil;&atilde;o de recursos especiais que tenham controv&eacute;rsias id&ecirc;nticas. Conforme previsto nos artigos 121-A do Regimento Interno do STJ e<span>&nbsp;<\/span><a style=\"color: #2465a4;text-decoration: none\" target=\"_blank\" href=\"http:\/\/www.planalto.gov.br\/ccivil_03\/_ato2015-2018\/2015\/lei\/l13105.htm#art927\" rel=\"noopener noreferrer\"><strong style=\"font-weight: bold\">927<\/strong><\/a><span>&nbsp;<\/span>do CPC, a defini&ccedil;&atilde;o da tese pelo STJ vai servir de orienta&ccedil;&atilde;o &agrave;s inst&acirc;ncias ordin&aacute;rias da Justi&ccedil;a, inclusive aos juizados especiais, para a solu&ccedil;&atilde;o de casos fundados na mesma quest&atilde;o jur&iacute;dica.<\/p>\n<p style=\"color: #595656;clear: both;margin: 1em 0px;font-family: verdana, arial, helvetica, sans-serif;font-size: 13px;font-style: normal;font-weight: 400;letter-spacing: normal;text-align: justify;text-indent: 0px;text-transform: none;background-color: #ffffff\">A tese estabelecida em repetitivo tamb&eacute;m ter&aacute; importante reflexo na admissibilidade de recursos para o STJ e em outras situa&ccedil;&otilde;es processuais, como a tutela da evid&ecirc;ncia (<a style=\"color: #2465a4;text-decoration: none\" target=\"_blank\" href=\"http:\/\/www.planalto.gov.br\/ccivil_03\/_ato2015-2018\/2015\/lei\/l13105.htm#art311\" rel=\"noopener noreferrer\"><strong style=\"font-weight: bold\">artigo 311<\/strong><\/a>, II, do CPC) e a improced&ecirc;ncia liminar do pedido (<a style=\"color: #2465a4;text-decoration: none\" target=\"_blank\" href=\"http:\/\/www.planalto.gov.br\/ccivil_03\/_ato2015-2018\/2015\/lei\/l13105.htm#art332\" rel=\"noopener noreferrer\"><strong style=\"font-weight: bold\">artigo 332<\/strong><\/a><span>&nbsp;<\/span>do CPC).<\/p>\n<p style=\"color: #595656;clear: both;margin: 1em 0px;font-family: verdana, arial, helvetica, sans-serif;font-size: 13px;font-style: normal;font-weight: 400;letter-spacing: normal;text-align: justify;text-indent: 0px;text-transform: none;background-color: #ffffff\">Na<span>&nbsp;<\/span><a style=\"color: #2465a4;text-decoration: none\" href=\"http:\/\/www.stj.jus.br\/repetitivos\/temas_repetitivos\/?pesquisarPlurais=on&amp;pesquisarSinonimos=on\"><strong style=\"font-weight: bold\">p&aacute;gina<\/strong><\/a><span>&nbsp;<\/span>de repetitivos do STJ, &eacute; poss&iacute;vel acessar todos os temas afetados, bem como saber a abrang&ecirc;ncia das decis&otilde;es de sobrestamento e as teses jur&iacute;dicas firmadas nos julgamentos, entre outras informa&ccedil;&otilde;es.<\/p>\n<p style=\"color: #595656;clear: both;margin: 1em 0px;font-family: verdana, arial, helvetica, sans-serif;font-size: 13px;font-style: normal;font-weight: 400;letter-spacing: normal;text-align: justify;text-indent: 0px;text-transform: none;background-color: #ffffff\">Leia o<span>&nbsp;<\/span><a style=\"color: #2465a4;text-decoration: none\" href=\"https:\/\/ww2.stj.jus.br\/processo\/revista\/documento\/mediado\/?componente=ITA&amp;sequencial=1680844&amp;num_registro=201602646684&amp;data=20190313&amp;formato=PDF\"><strong style=\"font-weight: bold\">ac&oacute;rd&atilde;o<\/strong><\/a><span>&nbsp;<\/span>no REsp 1.631.021.<\/p>\n<p><br \/>\n<br \/><i>Com informa\u00e7\u00f5es da assessoria de imprensa do STJ.<\/i><br \/>\n<br \/><a href=\"http:\/\/feedproxy.google.com\/~r\/STJNoticias\/~3\/f6lY75ae99Q\/Definida-tese-sobre-prazo-decadencial-aplic%C3%A1vel-aos-requerimentos-de-benef%C3%ADcio-mais-vantajoso\">Fonte<\/a><br \/>\n<br \/><\/p>\n","protected":false},"excerpt":{"rendered":"<p>A Primeira Se&ccedil;&atilde;o do Superior Tribunal de Justi&ccedil;a (STJ) julgou o m&eacute;rito do&nbsp;Tema 966&nbsp;dos recursos repetitivos, sobre a incid&ecirc;ncia ou n&atilde;o do prazo decadencial previsto no&nbsp;artigo 103&nbsp;da Lei 8.213\/1991 para reconhecimento de direito adquirido ao benef&iacute;cio previdenci&aacute;rio mais vantajoso. A hip&oacute;tese &eacute; espec&iacute;fica para os casos em que o direito foi adquirido em data anterior [&hellip;]<\/p>\n","protected":false},"author":3063,"featured_media":3126,"comment_status":"open","ping_status":"open","sticky":false,"template":"","format":"standard","meta":{"footnotes":""},"categories":[5,7],"tags":[11,10,8,13,9,12,14],"class_list":{"0":"post-5374","1":"post","2":"type-post","3":"status-publish","4":"format-standard","5":"has-post-thumbnail","7":"category-previdenciario","8":"category-stj","9":"tag-aposentadoria","10":"tag-calculos-previdenciarios","11":"tag-direito-previdenciario","12":"tag-inss","13":"tag-pericia","14":"tag-perito","15":"tag-stj"},"yoast_head":"<!-- This site is optimized with the Yoast SEO plugin v27.2 - https:\/\/yoast.com\/product\/yoast-seo-wordpress\/ -->\n<title>STJ: Definida tese sobre prazo decadencial aplic\u00e1vel aos requerimentos de benef\u00edcio mais vantajoso | Portal de Not\u00edcias<\/title>\n<meta name=\"robots\" content=\"index, follow, max-snippet:-1, max-image-preview:large, max-video-preview:-1\" \/>\n<link rel=\"canonical\" href=\"https:\/\/mhcalculos.com.br\/noticias\/area\/previdenciario\/stj-definida-tese-sobre-prazo-decadencial-aplicavel-aos-requerimentos-de-beneficio-mais-vantajoso.html\" \/>\n<meta property=\"og:locale\" content=\"pt_BR\" \/>\n<meta property=\"og:type\" content=\"article\" \/>\n<meta property=\"og:title\" content=\"STJ: Definida tese sobre prazo decadencial aplic\u00e1vel aos requerimentos de benef\u00edcio mais vantajoso | Portal de Not\u00edcias\" \/>\n<meta property=\"og:description\" content=\"A Primeira Se&ccedil;&atilde;o do Superior Tribunal de Justi&ccedil;a (STJ) julgou o m&eacute;rito do&nbsp;Tema 966&nbsp;dos recursos repetitivos, sobre a incid&ecirc;ncia ou n&atilde;o do prazo decadencial previsto no&nbsp;artigo 103&nbsp;da Lei 8.213\/1991 para reconhecimento de direito adquirido ao benef&iacute;cio previdenci&aacute;rio mais vantajoso. A hip&oacute;tese &eacute; espec&iacute;fica para os casos em que o direito foi adquirido em data anterior [&hellip;]\" \/>\n<meta property=\"og:url\" content=\"https:\/\/mhcalculos.com.br\/noticias\/area\/previdenciario\/stj-definida-tese-sobre-prazo-decadencial-aplicavel-aos-requerimentos-de-beneficio-mais-vantajoso.html\" \/>\n<meta property=\"og:site_name\" content=\"Portal de Not\u00edcias\" \/>\n<meta property=\"article:published_time\" content=\"2019-07-26T23:00:10+00:00\" \/>\n<meta property=\"article:modified_time\" content=\"2021-07-28T17:32:21+00:00\" \/>\n<meta property=\"og:image\" content=\"https:\/\/mhcalculos.com.br\/noticias\/wp-content\/uploads\/sites\/2\/2018\/09\/previdenciario-0024.jpg\" \/>\n\t<meta property=\"og:image:width\" content=\"2000\" \/>\n\t<meta property=\"og:image:height\" content=\"800\" \/>\n\t<meta property=\"og:image:type\" content=\"image\/jpeg\" \/>\n<meta name=\"author\" content=\"Equipe MH\" \/>\n<meta name=\"twitter:card\" content=\"summary_large_image\" \/>\n<meta name=\"twitter:label1\" content=\"Escrito por\" \/>\n\t<meta name=\"twitter:data1\" content=\"Equipe MH\" \/>\n\t<meta name=\"twitter:label2\" content=\"Est. tempo de leitura\" \/>\n\t<meta name=\"twitter:data2\" content=\"2 minutos\" \/>\n<script type=\"application\/ld+json\" class=\"yoast-schema-graph\">{\"@context\":\"https:\/\/schema.org\",\"@graph\":[{\"@type\":\"Article\",\"@id\":\"https:\/\/mhcalculos.com.br\/noticias\/area\/previdenciario\/stj-definida-tese-sobre-prazo-decadencial-aplicavel-aos-requerimentos-de-beneficio-mais-vantajoso.html#article\",\"isPartOf\":{\"@id\":\"https:\/\/mhcalculos.com.br\/noticias\/area\/previdenciario\/stj-definida-tese-sobre-prazo-decadencial-aplicavel-aos-requerimentos-de-beneficio-mais-vantajoso.html\"},\"author\":{\"name\":\"Equipe MH\",\"@id\":\"https:\/\/mhcalculos.com.br\/noticias\/#\/schema\/person\/88d1c34bf72dc779ea14a5a6b8e0ae8d\"},\"headline\":\"STJ: Definida tese sobre prazo decadencial aplic\u00e1vel aos requerimentos de benef\u00edcio mais vantajoso\",\"datePublished\":\"2019-07-26T23:00:10+00:00\",\"dateModified\":\"2021-07-28T17:32:21+00:00\",\"mainEntityOfPage\":{\"@id\":\"https:\/\/mhcalculos.com.br\/noticias\/area\/previdenciario\/stj-definida-tese-sobre-prazo-decadencial-aplicavel-aos-requerimentos-de-beneficio-mais-vantajoso.html\"},\"wordCount\":497,\"commentCount\":0,\"image\":{\"@id\":\"https:\/\/mhcalculos.com.br\/noticias\/area\/previdenciario\/stj-definida-tese-sobre-prazo-decadencial-aplicavel-aos-requerimentos-de-beneficio-mais-vantajoso.html#primaryimage\"},\"thumbnailUrl\":\"https:\/\/mhcalculos.com.br\/noticias\/wp-content\/uploads\/sites\/2\/2018\/09\/previdenciario-0024.jpg\",\"keywords\":[\"aposentadoria\",\"c\u00e1lculos previdenci\u00e1rios\",\"direito previdenci\u00e1rio\",\"inss\",\"per\u00edcia\",\"perito\",\"stj\"],\"articleSection\":[\"Direito Previdenci\u00e1rio\",\"STJ\"],\"inLanguage\":\"pt-BR\",\"potentialAction\":[{\"@type\":\"CommentAction\",\"name\":\"Comment\",\"target\":[\"https:\/\/mhcalculos.com.br\/noticias\/area\/previdenciario\/stj-definida-tese-sobre-prazo-decadencial-aplicavel-aos-requerimentos-de-beneficio-mais-vantajoso.html#respond\"]}]},{\"@type\":\"WebPage\",\"@id\":\"https:\/\/mhcalculos.com.br\/noticias\/area\/previdenciario\/stj-definida-tese-sobre-prazo-decadencial-aplicavel-aos-requerimentos-de-beneficio-mais-vantajoso.html\",\"url\":\"https:\/\/mhcalculos.com.br\/noticias\/area\/previdenciario\/stj-definida-tese-sobre-prazo-decadencial-aplicavel-aos-requerimentos-de-beneficio-mais-vantajoso.html\",\"name\":\"STJ: Definida tese sobre prazo decadencial aplic\u00e1vel aos requerimentos de benef\u00edcio mais vantajoso | Portal de Not\u00edcias\",\"isPartOf\":{\"@id\":\"https:\/\/mhcalculos.com.br\/noticias\/#website\"},\"primaryImageOfPage\":{\"@id\":\"https:\/\/mhcalculos.com.br\/noticias\/area\/previdenciario\/stj-definida-tese-sobre-prazo-decadencial-aplicavel-aos-requerimentos-de-beneficio-mais-vantajoso.html#primaryimage\"},\"image\":{\"@id\":\"https:\/\/mhcalculos.com.br\/noticias\/area\/previdenciario\/stj-definida-tese-sobre-prazo-decadencial-aplicavel-aos-requerimentos-de-beneficio-mais-vantajoso.html#primaryimage\"},\"thumbnailUrl\":\"https:\/\/mhcalculos.com.br\/noticias\/wp-content\/uploads\/sites\/2\/2018\/09\/previdenciario-0024.jpg\",\"datePublished\":\"2019-07-26T23:00:10+00:00\",\"dateModified\":\"2021-07-28T17:32:21+00:00\",\"author\":{\"@id\":\"https:\/\/mhcalculos.com.br\/noticias\/#\/schema\/person\/88d1c34bf72dc779ea14a5a6b8e0ae8d\"},\"breadcrumb\":{\"@id\":\"https:\/\/mhcalculos.com.br\/noticias\/area\/previdenciario\/stj-definida-tese-sobre-prazo-decadencial-aplicavel-aos-requerimentos-de-beneficio-mais-vantajoso.html#breadcrumb\"},\"inLanguage\":\"pt-BR\",\"potentialAction\":[{\"@type\":\"ReadAction\",\"target\":[\"https:\/\/mhcalculos.com.br\/noticias\/area\/previdenciario\/stj-definida-tese-sobre-prazo-decadencial-aplicavel-aos-requerimentos-de-beneficio-mais-vantajoso.html\"]}]},{\"@type\":\"ImageObject\",\"inLanguage\":\"pt-BR\",\"@id\":\"https:\/\/mhcalculos.com.br\/noticias\/area\/previdenciario\/stj-definida-tese-sobre-prazo-decadencial-aplicavel-aos-requerimentos-de-beneficio-mais-vantajoso.html#primaryimage\",\"url\":\"https:\/\/mhcalculos.com.br\/noticias\/wp-content\/uploads\/sites\/2\/2018\/09\/previdenciario-0024.jpg\",\"contentUrl\":\"https:\/\/mhcalculos.com.br\/noticias\/wp-content\/uploads\/sites\/2\/2018\/09\/previdenciario-0024.jpg\",\"width\":2000,\"height\":800,\"caption\":\"Primeira Se\u00e7\u00e3o vai julgar pedido de uniformiza\u00e7\u00e3o sobre renda inicial de aposentadoria\"},{\"@type\":\"BreadcrumbList\",\"@id\":\"https:\/\/mhcalculos.com.br\/noticias\/area\/previdenciario\/stj-definida-tese-sobre-prazo-decadencial-aplicavel-aos-requerimentos-de-beneficio-mais-vantajoso.html#breadcrumb\",\"itemListElement\":[{\"@type\":\"ListItem\",\"position\":1,\"name\":\"In\u00edcio\",\"item\":\"https:\/\/mhcalculos.com.br\/noticias\/\"},{\"@type\":\"ListItem\",\"position\":2,\"name\":\"STJ: Definida tese sobre prazo decadencial aplic\u00e1vel aos requerimentos de benef\u00edcio mais vantajoso\"}]},{\"@type\":\"WebSite\",\"@id\":\"https:\/\/mhcalculos.com.br\/noticias\/#website\",\"url\":\"https:\/\/mhcalculos.com.br\/noticias\/\",\"name\":\"Portal de Not\u00edcias\",\"description\":\"Not\u00edcias e Jurisprud\u00eancia\",\"potentialAction\":[{\"@type\":\"SearchAction\",\"target\":{\"@type\":\"EntryPoint\",\"urlTemplate\":\"https:\/\/mhcalculos.com.br\/noticias\/?s={search_term_string}\"},\"query-input\":{\"@type\":\"PropertyValueSpecification\",\"valueRequired\":true,\"valueName\":\"search_term_string\"}}],\"inLanguage\":\"pt-BR\"},{\"@type\":\"Person\",\"@id\":\"https:\/\/mhcalculos.com.br\/noticias\/#\/schema\/person\/88d1c34bf72dc779ea14a5a6b8e0ae8d\",\"name\":\"Equipe MH\",\"image\":{\"@type\":\"ImageObject\",\"inLanguage\":\"pt-BR\",\"@id\":\"https:\/\/secure.gravatar.com\/avatar\/de1c686c2ecc9c5a3f327e3431d819eb39f8f05d4e1045f5a1caad6daaba987f?s=96&d=mm&r=g\",\"url\":\"https:\/\/secure.gravatar.com\/avatar\/de1c686c2ecc9c5a3f327e3431d819eb39f8f05d4e1045f5a1caad6daaba987f?s=96&d=mm&r=g\",\"contentUrl\":\"https:\/\/secure.gravatar.com\/avatar\/de1c686c2ecc9c5a3f327e3431d819eb39f8f05d4e1045f5a1caad6daaba987f?s=96&d=mm&r=g\",\"caption\":\"Equipe MH\"}}]}<\/script>\n<!-- \/ Yoast SEO plugin. -->","yoast_head_json":{"title":"STJ: Definida tese sobre prazo decadencial aplic\u00e1vel aos requerimentos de benef\u00edcio mais vantajoso | Portal de Not\u00edcias","robots":{"index":"index","follow":"follow","max-snippet":"max-snippet:-1","max-image-preview":"max-image-preview:large","max-video-preview":"max-video-preview:-1"},"canonical":"https:\/\/mhcalculos.com.br\/noticias\/area\/previdenciario\/stj-definida-tese-sobre-prazo-decadencial-aplicavel-aos-requerimentos-de-beneficio-mais-vantajoso.html","og_locale":"pt_BR","og_type":"article","og_title":"STJ: Definida tese sobre prazo decadencial aplic\u00e1vel aos requerimentos de benef\u00edcio mais vantajoso | Portal de Not\u00edcias","og_description":"A Primeira Se&ccedil;&atilde;o do Superior Tribunal de Justi&ccedil;a (STJ) julgou o m&eacute;rito do&nbsp;Tema 966&nbsp;dos recursos repetitivos, sobre a incid&ecirc;ncia ou n&atilde;o do prazo decadencial previsto no&nbsp;artigo 103&nbsp;da Lei 8.213\/1991 para reconhecimento de direito adquirido ao benef&iacute;cio previdenci&aacute;rio mais vantajoso. A hip&oacute;tese &eacute; espec&iacute;fica para os casos em que o direito foi adquirido em data anterior [&hellip;]","og_url":"https:\/\/mhcalculos.com.br\/noticias\/area\/previdenciario\/stj-definida-tese-sobre-prazo-decadencial-aplicavel-aos-requerimentos-de-beneficio-mais-vantajoso.html","og_site_name":"Portal de Not\u00edcias","article_published_time":"2019-07-26T23:00:10+00:00","article_modified_time":"2021-07-28T17:32:21+00:00","og_image":[{"width":2000,"height":800,"url":"https:\/\/mhcalculos.com.br\/noticias\/wp-content\/uploads\/sites\/2\/2018\/09\/previdenciario-0024.jpg","type":"image\/jpeg"}],"author":"Equipe MH","twitter_card":"summary_large_image","twitter_misc":{"Escrito por":"Equipe MH","Est. tempo de leitura":"2 minutos"},"schema":{"@context":"https:\/\/schema.org","@graph":[{"@type":"Article","@id":"https:\/\/mhcalculos.com.br\/noticias\/area\/previdenciario\/stj-definida-tese-sobre-prazo-decadencial-aplicavel-aos-requerimentos-de-beneficio-mais-vantajoso.html#article","isPartOf":{"@id":"https:\/\/mhcalculos.com.br\/noticias\/area\/previdenciario\/stj-definida-tese-sobre-prazo-decadencial-aplicavel-aos-requerimentos-de-beneficio-mais-vantajoso.html"},"author":{"name":"Equipe MH","@id":"https:\/\/mhcalculos.com.br\/noticias\/#\/schema\/person\/88d1c34bf72dc779ea14a5a6b8e0ae8d"},"headline":"STJ: Definida tese sobre prazo decadencial aplic\u00e1vel aos requerimentos de benef\u00edcio mais vantajoso","datePublished":"2019-07-26T23:00:10+00:00","dateModified":"2021-07-28T17:32:21+00:00","mainEntityOfPage":{"@id":"https:\/\/mhcalculos.com.br\/noticias\/area\/previdenciario\/stj-definida-tese-sobre-prazo-decadencial-aplicavel-aos-requerimentos-de-beneficio-mais-vantajoso.html"},"wordCount":497,"commentCount":0,"image":{"@id":"https:\/\/mhcalculos.com.br\/noticias\/area\/previdenciario\/stj-definida-tese-sobre-prazo-decadencial-aplicavel-aos-requerimentos-de-beneficio-mais-vantajoso.html#primaryimage"},"thumbnailUrl":"https:\/\/mhcalculos.com.br\/noticias\/wp-content\/uploads\/sites\/2\/2018\/09\/previdenciario-0024.jpg","keywords":["aposentadoria","c\u00e1lculos previdenci\u00e1rios","direito previdenci\u00e1rio","inss","per\u00edcia","perito","stj"],"articleSection":["Direito Previdenci\u00e1rio","STJ"],"inLanguage":"pt-BR","potentialAction":[{"@type":"CommentAction","name":"Comment","target":["https:\/\/mhcalculos.com.br\/noticias\/area\/previdenciario\/stj-definida-tese-sobre-prazo-decadencial-aplicavel-aos-requerimentos-de-beneficio-mais-vantajoso.html#respond"]}]},{"@type":"WebPage","@id":"https:\/\/mhcalculos.com.br\/noticias\/area\/previdenciario\/stj-definida-tese-sobre-prazo-decadencial-aplicavel-aos-requerimentos-de-beneficio-mais-vantajoso.html","url":"https:\/\/mhcalculos.com.br\/noticias\/area\/previdenciario\/stj-definida-tese-sobre-prazo-decadencial-aplicavel-aos-requerimentos-de-beneficio-mais-vantajoso.html","name":"STJ: Definida tese sobre prazo decadencial aplic\u00e1vel aos requerimentos de benef\u00edcio mais vantajoso | Portal de Not\u00edcias","isPartOf":{"@id":"https:\/\/mhcalculos.com.br\/noticias\/#website"},"primaryImageOfPage":{"@id":"https:\/\/mhcalculos.com.br\/noticias\/area\/previdenciario\/stj-definida-tese-sobre-prazo-decadencial-aplicavel-aos-requerimentos-de-beneficio-mais-vantajoso.html#primaryimage"},"image":{"@id":"https:\/\/mhcalculos.com.br\/noticias\/area\/previdenciario\/stj-definida-tese-sobre-prazo-decadencial-aplicavel-aos-requerimentos-de-beneficio-mais-vantajoso.html#primaryimage"},"thumbnailUrl":"https:\/\/mhcalculos.com.br\/noticias\/wp-content\/uploads\/sites\/2\/2018\/09\/previdenciario-0024.jpg","datePublished":"2019-07-26T23:00:10+00:00","dateModified":"2021-07-28T17:32:21+00:00","author":{"@id":"https:\/\/mhcalculos.com.br\/noticias\/#\/schema\/person\/88d1c34bf72dc779ea14a5a6b8e0ae8d"},"breadcrumb":{"@id":"https:\/\/mhcalculos.com.br\/noticias\/area\/previdenciario\/stj-definida-tese-sobre-prazo-decadencial-aplicavel-aos-requerimentos-de-beneficio-mais-vantajoso.html#breadcrumb"},"inLanguage":"pt-BR","potentialAction":[{"@type":"ReadAction","target":["https:\/\/mhcalculos.com.br\/noticias\/area\/previdenciario\/stj-definida-tese-sobre-prazo-decadencial-aplicavel-aos-requerimentos-de-beneficio-mais-vantajoso.html"]}]},{"@type":"ImageObject","inLanguage":"pt-BR","@id":"https:\/\/mhcalculos.com.br\/noticias\/area\/previdenciario\/stj-definida-tese-sobre-prazo-decadencial-aplicavel-aos-requerimentos-de-beneficio-mais-vantajoso.html#primaryimage","url":"https:\/\/mhcalculos.com.br\/noticias\/wp-content\/uploads\/sites\/2\/2018\/09\/previdenciario-0024.jpg","contentUrl":"https:\/\/mhcalculos.com.br\/noticias\/wp-content\/uploads\/sites\/2\/2018\/09\/previdenciario-0024.jpg","width":2000,"height":800,"caption":"Primeira Se\u00e7\u00e3o vai julgar pedido de uniformiza\u00e7\u00e3o sobre renda inicial de aposentadoria"},{"@type":"BreadcrumbList","@id":"https:\/\/mhcalculos.com.br\/noticias\/area\/previdenciario\/stj-definida-tese-sobre-prazo-decadencial-aplicavel-aos-requerimentos-de-beneficio-mais-vantajoso.html#breadcrumb","itemListElement":[{"@type":"ListItem","position":1,"name":"In\u00edcio","item":"https:\/\/mhcalculos.com.br\/noticias\/"},{"@type":"ListItem","position":2,"name":"STJ: Definida tese sobre prazo decadencial aplic\u00e1vel aos requerimentos de benef\u00edcio mais vantajoso"}]},{"@type":"WebSite","@id":"https:\/\/mhcalculos.com.br\/noticias\/#website","url":"https:\/\/mhcalculos.com.br\/noticias\/","name":"Portal de Not\u00edcias","description":"Not\u00edcias e Jurisprud\u00eancia","potentialAction":[{"@type":"SearchAction","target":{"@type":"EntryPoint","urlTemplate":"https:\/\/mhcalculos.com.br\/noticias\/?s={search_term_string}"},"query-input":{"@type":"PropertyValueSpecification","valueRequired":true,"valueName":"search_term_string"}}],"inLanguage":"pt-BR"},{"@type":"Person","@id":"https:\/\/mhcalculos.com.br\/noticias\/#\/schema\/person\/88d1c34bf72dc779ea14a5a6b8e0ae8d","name":"Equipe MH","image":{"@type":"ImageObject","inLanguage":"pt-BR","@id":"https:\/\/secure.gravatar.com\/avatar\/de1c686c2ecc9c5a3f327e3431d819eb39f8f05d4e1045f5a1caad6daaba987f?s=96&d=mm&r=g","url":"https:\/\/secure.gravatar.com\/avatar\/de1c686c2ecc9c5a3f327e3431d819eb39f8f05d4e1045f5a1caad6daaba987f?s=96&d=mm&r=g","contentUrl":"https:\/\/secure.gravatar.com\/avatar\/de1c686c2ecc9c5a3f327e3431d819eb39f8f05d4e1045f5a1caad6daaba987f?s=96&d=mm&r=g","caption":"Equipe MH"}}]}},"_links":{"self":[{"href":"https:\/\/mhcalculos.com.br\/noticias\/wp-json\/wp\/v2\/posts\/5374","targetHints":{"allow":["GET"]}}],"collection":[{"href":"https:\/\/mhcalculos.com.br\/noticias\/wp-json\/wp\/v2\/posts"}],"about":[{"href":"https:\/\/mhcalculos.com.br\/noticias\/wp-json\/wp\/v2\/types\/post"}],"author":[{"embeddable":true,"href":"https:\/\/mhcalculos.com.br\/noticias\/wp-json\/wp\/v2\/users\/3063"}],"replies":[{"embeddable":true,"href":"https:\/\/mhcalculos.com.br\/noticias\/wp-json\/wp\/v2\/comments?post=5374"}],"version-history":[{"count":1,"href":"https:\/\/mhcalculos.com.br\/noticias\/wp-json\/wp\/v2\/posts\/5374\/revisions"}],"predecessor-version":[{"id":9731,"href":"https:\/\/mhcalculos.com.br\/noticias\/wp-json\/wp\/v2\/posts\/5374\/revisions\/9731"}],"wp:featuredmedia":[{"embeddable":true,"href":"https:\/\/mhcalculos.com.br\/noticias\/wp-json\/wp\/v2\/media\/3126"}],"wp:attachment":[{"href":"https:\/\/mhcalculos.com.br\/noticias\/wp-json\/wp\/v2\/media?parent=5374"}],"wp:term":[{"taxonomy":"category","embeddable":true,"href":"https:\/\/mhcalculos.com.br\/noticias\/wp-json\/wp\/v2\/categories?post=5374"},{"taxonomy":"post_tag","embeddable":true,"href":"https:\/\/mhcalculos.com.br\/noticias\/wp-json\/wp\/v2\/tags?post=5374"}],"curies":[{"name":"wp","href":"https:\/\/api.w.org\/{rel}","templated":true}]}}