{"id":5347,"date":"2019-07-18T20:05:00","date_gmt":"2019-07-18T23:05:00","guid":{"rendered":"https:\/\/mhcalculos.com.br\/noticias\/2019\/07\/18\/tst-legistas-da-policia-civil-do-es-devem-ser-representados-pelo-sindicato-dos-medicos\/"},"modified":"2021-07-28T14:32:22","modified_gmt":"2021-07-28T17:32:22","slug":"tst-legistas-da-policia-civil-do-es-devem-ser-representados-pelo-sindicato-dos-medicos","status":"publish","type":"post","link":"https:\/\/mhcalculos.com.br\/noticias\/area\/trabalhista\/tst-legistas-da-policia-civil-do-es-devem-ser-representados-pelo-sindicato-dos-medicos.html","title":{"rendered":"TST: Legistas da Pol\u00edcia Civil do ES devem ser representados pelo Sindicato dos M\u00e9dicos"},"content":{"rendered":"<p><br \/>\n  <\/p>\n<p ><em>Embora servidores da carreira policial, eles pertencem a categoria diferenciada.<\/em><\/p>\n<p >A Quinta Turma do Tribunal Superior do Trabalho atribuiu ao Sindicato dos M\u00e9dicos do Estado do Esp\u00edrito Santo (Simes) a titularidade da representa\u00e7\u00e3o sindical dos m\u00e9dicos legistas da Pol\u00edcia Civil do estado. Segundo os ministros, o fato de o empregador ser ente da administra\u00e7\u00e3o p\u00fablica direta n\u00e3o afasta a regra de enquadramento pela categoria diferenciada.<\/p>\n<p ><strong>Dedica\u00e7\u00e3o exclusiva<\/strong><\/p>\n<p >O Sindicato dos Servidores Policiais Civis do Estado do Esp\u00edrito Santo (Sindipol-ES) ajuizou a\u00e7\u00e3o para cobrar o valor referente \u00e0 contribui\u00e7\u00e3o sindical e para impedir a interfer\u00eancia do Simes nas suas compet\u00eancias e atribui\u00e7\u00f5es. Segundo o Sindipol, as atribui\u00e7\u00f5es dos legistas da Pol\u00edcia Civil exigem dedica\u00e7\u00e3o exclusiva e, portanto, eles n\u00e3o podem estar vinculados a disposi\u00e7\u00f5es de sindicato n\u00e3o espec\u00edfico.<\/p>\n<p ><strong>Estatut\u00e1rios<\/strong><\/p>\n<p >O ju\u00edzo da 2\u00aa Vara do Trabalho de Vit\u00f3ria julgou a a\u00e7\u00e3o improcedente, mas o Tribunal Regional do Trabalho da 17\u00aa Regi\u00e3o (ES) concluiu que o Simes, que representa a categoria m\u00e9dica em geral, n\u00e3o tem legitimidade para representar os integrantes da carreira policial civil. Para o TRT, n\u00e3o \u00e9 poss\u00edvel um sindicato congregar empregados da iniciativa privada e servidores p\u00fablicos estatut\u00e1rios, por se tratar de regimes jur\u00eddicos estruturalmente diversos. \u201cAs peculiaridades decorrentes dos estatutos profissionais especiais dos m\u00e9dicos n\u00e3o s\u00e3o suficientes para afastar o cargo de m\u00e9dico legista da categoria da qual pertence\u201d, concluiu.<\/p>\n<p ><strong>Categoria diferenciada<\/strong><\/p>\n<p >De acordo com o artigo 511, par\u00e1grafo 3\u00ba, da CLT, as categorias profissionais diferenciadas s\u00e3o formadas por empregados que exer\u00e7am profiss\u00f5es ou fun\u00e7\u00f5es diferenciadas por for\u00e7a de estatuto profissional especial ou em consequ\u00eancia de condi\u00e7\u00f5es de vida singulares. Para o relator do recurso de revista do Simes, ministro Breno Medeiros, os m\u00e9dicos legistas, inquestionavelmente, integram categoria diferenciada. Por essa raz\u00e3o, a titularidade da sua representa\u00e7\u00e3o sindical deve ser atribu\u00edda ao sindicato representativo dessa categoria.<\/p>\n<p >Por unanimidade, a Turma restabeleceu a senten\u00e7a. &nbsp;<\/p>\n<p >(MC\/CF)<\/p>\n<p >Processo:&nbsp;<a href=\"http:\/\/aplicacao4.tst.jus.br\/consultaProcessual\/consultaTstNumUnica.do?consulta=Consultar&amp;conscsjt=&amp;numeroTst=1115&amp;digitoTst=66&amp;anoTst=2014&amp;orgaoTst=5&amp;tribunalTst=17&amp;varaTst=0002&amp;submit=Consultar\" target=\"_blank\" rel=\"noopener noreferrer\">RR-1115-66.2014.5.17.0002<\/a><\/p>\n<p> O TST possui oito Turmas, cada uma composta de tr\u00eas ministros, com a atribui\u00e7\u00e3o de analisar recursos de revista, agravos, agravos de instrumento, agravos regimentais e recursos ordin\u00e1rios em a\u00e7\u00e3o cautelar. Das decis\u00f5es das Turmas, a parte ainda pode, em alguns casos, recorrer \u00e0 Subse\u00e7\u00e3o I Especializada em Diss\u00eddios Individuais (SBDI-1). <strong>Esta mat\u00e9ria tem cunho meramente informativo.<br \/> Permitida a reprodu\u00e7\u00e3o mediante cita\u00e7\u00e3o da fonte.<br \/> Secretaria de Comunica\u00e7\u00e3o Social<br \/> <a href=\"http:\/\/www.tst.jus.br\/\" target=\"_blank\" rel=\"noopener noreferrer\">Tribunal Superior do Trabalho<\/a><br \/> Tel. (61) 3043-4907<br \/> <a href=\"mailto:secom@tst.jus.br\">secom@tst.jus.br<\/a><\/strong>       <\/br><br \/>\n<br \/><i>Com informa\u00e7\u00f5es da assessoria de imprensa do TST.<\/i><br \/>\n<br \/><a href=\"http:\/\/www.tst.jus.br\/web\/guest\/noticias?p_p_id=89Dk&#038;p_p_lifecycle=0&#038;refererPlid=10730&#038;_89Dk_struts_action=%2Fjournal_content%2Fview&#038;_89Dk_groupId=10157&#038;_89Dk_articleId=24928843\">Fonte<\/a><br \/>\n<br \/><\/p>\n","protected":false},"excerpt":{"rendered":"<p>Embora servidores da carreira policial, eles pertencem a categoria diferenciada. A Quinta Turma do Tribunal Superior do Trabalho atribuiu ao Sindicato dos M\u00e9dicos do Estado do Esp\u00edrito Santo (Simes) a titularidade da representa\u00e7\u00e3o sindical dos m\u00e9dicos legistas da Pol\u00edcia Civil do estado. Segundo os ministros, o fato de o empregador ser ente da administra\u00e7\u00e3o p\u00fablica [&hellip;]<\/p>\n","protected":false},"author":3063,"featured_media":4019,"comment_status":"open","ping_status":"open","sticky":false,"template":"","format":"standard","meta":{"footnotes":""},"categories":[3,21],"tags":[33,216,9,12,217,215],"class_list":{"0":"post-5347","1":"post","2":"type-post","3":"status-publish","4":"format-standard","5":"has-post-thumbnail","7":"category-trabalhista","8":"category-tst","9":"tag-calculos-trabalhistas","10":"tag-direito-trabalhista","11":"tag-pericia","12":"tag-perito","13":"tag-trabalho","14":"tag-tst"},"yoast_head":"<!-- This site is optimized with the Yoast SEO plugin v27.2 - https:\/\/yoast.com\/product\/yoast-seo-wordpress\/ -->\n<title>TST: Legistas da Pol\u00edcia Civil do ES devem ser representados pelo Sindicato dos M\u00e9dicos | Portal de Not\u00edcias<\/title>\n<meta name=\"robots\" content=\"index, follow, max-snippet:-1, max-image-preview:large, max-video-preview:-1\" \/>\n<link rel=\"canonical\" href=\"https:\/\/mhcalculos.com.br\/noticias\/area\/trabalhista\/tst-legistas-da-policia-civil-do-es-devem-ser-representados-pelo-sindicato-dos-medicos.html\" \/>\n<meta property=\"og:locale\" content=\"pt_BR\" \/>\n<meta property=\"og:type\" content=\"article\" \/>\n<meta property=\"og:title\" content=\"TST: Legistas da Pol\u00edcia Civil do ES devem ser representados pelo Sindicato dos M\u00e9dicos | Portal de Not\u00edcias\" \/>\n<meta property=\"og:description\" content=\"Embora servidores da carreira policial, eles pertencem a categoria diferenciada. A Quinta Turma do Tribunal Superior do Trabalho atribuiu ao Sindicato dos M\u00e9dicos do Estado do Esp\u00edrito Santo (Simes) a titularidade da representa\u00e7\u00e3o sindical dos m\u00e9dicos legistas da Pol\u00edcia Civil do estado. Segundo os ministros, o fato de o empregador ser ente da administra\u00e7\u00e3o p\u00fablica [&hellip;]\" \/>\n<meta property=\"og:url\" content=\"https:\/\/mhcalculos.com.br\/noticias\/area\/trabalhista\/tst-legistas-da-policia-civil-do-es-devem-ser-representados-pelo-sindicato-dos-medicos.html\" \/>\n<meta property=\"og:site_name\" content=\"Portal de Not\u00edcias\" \/>\n<meta property=\"article:published_time\" content=\"2019-07-18T23:05:00+00:00\" \/>\n<meta property=\"article:modified_time\" content=\"2021-07-28T17:32:22+00:00\" \/>\n<meta property=\"og:image\" content=\"https:\/\/mhcalculos.com.br\/noticias\/wp-content\/uploads\/sites\/2\/2019\/04\/trabalhista-0022.jpg\" \/>\n\t<meta property=\"og:image:width\" content=\"2000\" \/>\n\t<meta property=\"og:image:height\" content=\"800\" \/>\n\t<meta property=\"og:image:type\" content=\"image\/jpeg\" \/>\n<meta name=\"author\" content=\"Equipe MH\" \/>\n<meta name=\"twitter:card\" content=\"summary_large_image\" \/>\n<meta name=\"twitter:label1\" content=\"Escrito por\" \/>\n\t<meta name=\"twitter:data1\" content=\"Equipe MH\" \/>\n\t<meta name=\"twitter:label2\" content=\"Est. tempo de leitura\" \/>\n\t<meta name=\"twitter:data2\" content=\"2 minutos\" \/>\n<script type=\"application\/ld+json\" class=\"yoast-schema-graph\">{\"@context\":\"https:\/\/schema.org\",\"@graph\":[{\"@type\":\"Article\",\"@id\":\"https:\/\/mhcalculos.com.br\/noticias\/area\/trabalhista\/tst-legistas-da-policia-civil-do-es-devem-ser-representados-pelo-sindicato-dos-medicos.html#article\",\"isPartOf\":{\"@id\":\"https:\/\/mhcalculos.com.br\/noticias\/area\/trabalhista\/tst-legistas-da-policia-civil-do-es-devem-ser-representados-pelo-sindicato-dos-medicos.html\"},\"author\":{\"name\":\"Equipe MH\",\"@id\":\"https:\/\/mhcalculos.com.br\/noticias\/#\/schema\/person\/88d1c34bf72dc779ea14a5a6b8e0ae8d\"},\"headline\":\"TST: Legistas da Pol\u00edcia Civil do ES devem ser representados pelo Sindicato dos M\u00e9dicos\",\"datePublished\":\"2019-07-18T23:05:00+00:00\",\"dateModified\":\"2021-07-28T17:32:22+00:00\",\"mainEntityOfPage\":{\"@id\":\"https:\/\/mhcalculos.com.br\/noticias\/area\/trabalhista\/tst-legistas-da-policia-civil-do-es-devem-ser-representados-pelo-sindicato-dos-medicos.html\"},\"wordCount\":474,\"commentCount\":0,\"image\":{\"@id\":\"https:\/\/mhcalculos.com.br\/noticias\/area\/trabalhista\/tst-legistas-da-policia-civil-do-es-devem-ser-representados-pelo-sindicato-dos-medicos.html#primaryimage\"},\"thumbnailUrl\":\"https:\/\/mhcalculos.com.br\/noticias\/wp-content\/uploads\/sites\/2\/2019\/04\/trabalhista-0022.jpg\",\"keywords\":[\"c\u00e1lculos trabalhistas\",\"direito trabalhista\",\"per\u00edcia\",\"perito\",\"trabalho\",\"TST\"],\"articleSection\":[\"Direito Trabalhista\",\"TST\"],\"inLanguage\":\"pt-BR\",\"potentialAction\":[{\"@type\":\"CommentAction\",\"name\":\"Comment\",\"target\":[\"https:\/\/mhcalculos.com.br\/noticias\/area\/trabalhista\/tst-legistas-da-policia-civil-do-es-devem-ser-representados-pelo-sindicato-dos-medicos.html#respond\"]}]},{\"@type\":\"WebPage\",\"@id\":\"https:\/\/mhcalculos.com.br\/noticias\/area\/trabalhista\/tst-legistas-da-policia-civil-do-es-devem-ser-representados-pelo-sindicato-dos-medicos.html\",\"url\":\"https:\/\/mhcalculos.com.br\/noticias\/area\/trabalhista\/tst-legistas-da-policia-civil-do-es-devem-ser-representados-pelo-sindicato-dos-medicos.html\",\"name\":\"TST: Legistas da Pol\u00edcia Civil do ES devem ser representados pelo Sindicato dos M\u00e9dicos | Portal de Not\u00edcias\",\"isPartOf\":{\"@id\":\"https:\/\/mhcalculos.com.br\/noticias\/#website\"},\"primaryImageOfPage\":{\"@id\":\"https:\/\/mhcalculos.com.br\/noticias\/area\/trabalhista\/tst-legistas-da-policia-civil-do-es-devem-ser-representados-pelo-sindicato-dos-medicos.html#primaryimage\"},\"image\":{\"@id\":\"https:\/\/mhcalculos.com.br\/noticias\/area\/trabalhista\/tst-legistas-da-policia-civil-do-es-devem-ser-representados-pelo-sindicato-dos-medicos.html#primaryimage\"},\"thumbnailUrl\":\"https:\/\/mhcalculos.com.br\/noticias\/wp-content\/uploads\/sites\/2\/2019\/04\/trabalhista-0022.jpg\",\"datePublished\":\"2019-07-18T23:05:00+00:00\",\"dateModified\":\"2021-07-28T17:32:22+00:00\",\"author\":{\"@id\":\"https:\/\/mhcalculos.com.br\/noticias\/#\/schema\/person\/88d1c34bf72dc779ea14a5a6b8e0ae8d\"},\"breadcrumb\":{\"@id\":\"https:\/\/mhcalculos.com.br\/noticias\/area\/trabalhista\/tst-legistas-da-policia-civil-do-es-devem-ser-representados-pelo-sindicato-dos-medicos.html#breadcrumb\"},\"inLanguage\":\"pt-BR\",\"potentialAction\":[{\"@type\":\"ReadAction\",\"target\":[\"https:\/\/mhcalculos.com.br\/noticias\/area\/trabalhista\/tst-legistas-da-policia-civil-do-es-devem-ser-representados-pelo-sindicato-dos-medicos.html\"]}]},{\"@type\":\"ImageObject\",\"inLanguage\":\"pt-BR\",\"@id\":\"https:\/\/mhcalculos.com.br\/noticias\/area\/trabalhista\/tst-legistas-da-policia-civil-do-es-devem-ser-representados-pelo-sindicato-dos-medicos.html#primaryimage\",\"url\":\"https:\/\/mhcalculos.com.br\/noticias\/wp-content\/uploads\/sites\/2\/2019\/04\/trabalhista-0022.jpg\",\"contentUrl\":\"https:\/\/mhcalculos.com.br\/noticias\/wp-content\/uploads\/sites\/2\/2019\/04\/trabalhista-0022.jpg\",\"width\":2000,\"height\":800},{\"@type\":\"BreadcrumbList\",\"@id\":\"https:\/\/mhcalculos.com.br\/noticias\/area\/trabalhista\/tst-legistas-da-policia-civil-do-es-devem-ser-representados-pelo-sindicato-dos-medicos.html#breadcrumb\",\"itemListElement\":[{\"@type\":\"ListItem\",\"position\":1,\"name\":\"In\u00edcio\",\"item\":\"https:\/\/mhcalculos.com.br\/noticias\/\"},{\"@type\":\"ListItem\",\"position\":2,\"name\":\"TST: Legistas da Pol\u00edcia Civil do ES devem ser representados pelo Sindicato dos M\u00e9dicos\"}]},{\"@type\":\"WebSite\",\"@id\":\"https:\/\/mhcalculos.com.br\/noticias\/#website\",\"url\":\"https:\/\/mhcalculos.com.br\/noticias\/\",\"name\":\"Portal de Not\u00edcias\",\"description\":\"Not\u00edcias e Jurisprud\u00eancia\",\"potentialAction\":[{\"@type\":\"SearchAction\",\"target\":{\"@type\":\"EntryPoint\",\"urlTemplate\":\"https:\/\/mhcalculos.com.br\/noticias\/?s={search_term_string}\"},\"query-input\":{\"@type\":\"PropertyValueSpecification\",\"valueRequired\":true,\"valueName\":\"search_term_string\"}}],\"inLanguage\":\"pt-BR\"},{\"@type\":\"Person\",\"@id\":\"https:\/\/mhcalculos.com.br\/noticias\/#\/schema\/person\/88d1c34bf72dc779ea14a5a6b8e0ae8d\",\"name\":\"Equipe MH\",\"image\":{\"@type\":\"ImageObject\",\"inLanguage\":\"pt-BR\",\"@id\":\"https:\/\/secure.gravatar.com\/avatar\/de1c686c2ecc9c5a3f327e3431d819eb39f8f05d4e1045f5a1caad6daaba987f?s=96&d=mm&r=g\",\"url\":\"https:\/\/secure.gravatar.com\/avatar\/de1c686c2ecc9c5a3f327e3431d819eb39f8f05d4e1045f5a1caad6daaba987f?s=96&d=mm&r=g\",\"contentUrl\":\"https:\/\/secure.gravatar.com\/avatar\/de1c686c2ecc9c5a3f327e3431d819eb39f8f05d4e1045f5a1caad6daaba987f?s=96&d=mm&r=g\",\"caption\":\"Equipe MH\"}}]}<\/script>\n<!-- \/ Yoast SEO plugin. -->","yoast_head_json":{"title":"TST: Legistas da Pol\u00edcia Civil do ES devem ser representados pelo Sindicato dos M\u00e9dicos | Portal de Not\u00edcias","robots":{"index":"index","follow":"follow","max-snippet":"max-snippet:-1","max-image-preview":"max-image-preview:large","max-video-preview":"max-video-preview:-1"},"canonical":"https:\/\/mhcalculos.com.br\/noticias\/area\/trabalhista\/tst-legistas-da-policia-civil-do-es-devem-ser-representados-pelo-sindicato-dos-medicos.html","og_locale":"pt_BR","og_type":"article","og_title":"TST: Legistas da Pol\u00edcia Civil do ES devem ser representados pelo Sindicato dos M\u00e9dicos | Portal de Not\u00edcias","og_description":"Embora servidores da carreira policial, eles pertencem a categoria diferenciada. A Quinta Turma do Tribunal Superior do Trabalho atribuiu ao Sindicato dos M\u00e9dicos do Estado do Esp\u00edrito Santo (Simes) a titularidade da representa\u00e7\u00e3o sindical dos m\u00e9dicos legistas da Pol\u00edcia Civil do estado. Segundo os ministros, o fato de o empregador ser ente da administra\u00e7\u00e3o p\u00fablica [&hellip;]","og_url":"https:\/\/mhcalculos.com.br\/noticias\/area\/trabalhista\/tst-legistas-da-policia-civil-do-es-devem-ser-representados-pelo-sindicato-dos-medicos.html","og_site_name":"Portal de Not\u00edcias","article_published_time":"2019-07-18T23:05:00+00:00","article_modified_time":"2021-07-28T17:32:22+00:00","og_image":[{"width":2000,"height":800,"url":"https:\/\/mhcalculos.com.br\/noticias\/wp-content\/uploads\/sites\/2\/2019\/04\/trabalhista-0022.jpg","type":"image\/jpeg"}],"author":"Equipe MH","twitter_card":"summary_large_image","twitter_misc":{"Escrito por":"Equipe MH","Est. tempo de leitura":"2 minutos"},"schema":{"@context":"https:\/\/schema.org","@graph":[{"@type":"Article","@id":"https:\/\/mhcalculos.com.br\/noticias\/area\/trabalhista\/tst-legistas-da-policia-civil-do-es-devem-ser-representados-pelo-sindicato-dos-medicos.html#article","isPartOf":{"@id":"https:\/\/mhcalculos.com.br\/noticias\/area\/trabalhista\/tst-legistas-da-policia-civil-do-es-devem-ser-representados-pelo-sindicato-dos-medicos.html"},"author":{"name":"Equipe MH","@id":"https:\/\/mhcalculos.com.br\/noticias\/#\/schema\/person\/88d1c34bf72dc779ea14a5a6b8e0ae8d"},"headline":"TST: Legistas da Pol\u00edcia Civil do ES devem ser representados pelo Sindicato dos M\u00e9dicos","datePublished":"2019-07-18T23:05:00+00:00","dateModified":"2021-07-28T17:32:22+00:00","mainEntityOfPage":{"@id":"https:\/\/mhcalculos.com.br\/noticias\/area\/trabalhista\/tst-legistas-da-policia-civil-do-es-devem-ser-representados-pelo-sindicato-dos-medicos.html"},"wordCount":474,"commentCount":0,"image":{"@id":"https:\/\/mhcalculos.com.br\/noticias\/area\/trabalhista\/tst-legistas-da-policia-civil-do-es-devem-ser-representados-pelo-sindicato-dos-medicos.html#primaryimage"},"thumbnailUrl":"https:\/\/mhcalculos.com.br\/noticias\/wp-content\/uploads\/sites\/2\/2019\/04\/trabalhista-0022.jpg","keywords":["c\u00e1lculos trabalhistas","direito trabalhista","per\u00edcia","perito","trabalho","TST"],"articleSection":["Direito Trabalhista","TST"],"inLanguage":"pt-BR","potentialAction":[{"@type":"CommentAction","name":"Comment","target":["https:\/\/mhcalculos.com.br\/noticias\/area\/trabalhista\/tst-legistas-da-policia-civil-do-es-devem-ser-representados-pelo-sindicato-dos-medicos.html#respond"]}]},{"@type":"WebPage","@id":"https:\/\/mhcalculos.com.br\/noticias\/area\/trabalhista\/tst-legistas-da-policia-civil-do-es-devem-ser-representados-pelo-sindicato-dos-medicos.html","url":"https:\/\/mhcalculos.com.br\/noticias\/area\/trabalhista\/tst-legistas-da-policia-civil-do-es-devem-ser-representados-pelo-sindicato-dos-medicos.html","name":"TST: Legistas da Pol\u00edcia Civil do ES devem ser representados pelo Sindicato dos M\u00e9dicos | Portal de Not\u00edcias","isPartOf":{"@id":"https:\/\/mhcalculos.com.br\/noticias\/#website"},"primaryImageOfPage":{"@id":"https:\/\/mhcalculos.com.br\/noticias\/area\/trabalhista\/tst-legistas-da-policia-civil-do-es-devem-ser-representados-pelo-sindicato-dos-medicos.html#primaryimage"},"image":{"@id":"https:\/\/mhcalculos.com.br\/noticias\/area\/trabalhista\/tst-legistas-da-policia-civil-do-es-devem-ser-representados-pelo-sindicato-dos-medicos.html#primaryimage"},"thumbnailUrl":"https:\/\/mhcalculos.com.br\/noticias\/wp-content\/uploads\/sites\/2\/2019\/04\/trabalhista-0022.jpg","datePublished":"2019-07-18T23:05:00+00:00","dateModified":"2021-07-28T17:32:22+00:00","author":{"@id":"https:\/\/mhcalculos.com.br\/noticias\/#\/schema\/person\/88d1c34bf72dc779ea14a5a6b8e0ae8d"},"breadcrumb":{"@id":"https:\/\/mhcalculos.com.br\/noticias\/area\/trabalhista\/tst-legistas-da-policia-civil-do-es-devem-ser-representados-pelo-sindicato-dos-medicos.html#breadcrumb"},"inLanguage":"pt-BR","potentialAction":[{"@type":"ReadAction","target":["https:\/\/mhcalculos.com.br\/noticias\/area\/trabalhista\/tst-legistas-da-policia-civil-do-es-devem-ser-representados-pelo-sindicato-dos-medicos.html"]}]},{"@type":"ImageObject","inLanguage":"pt-BR","@id":"https:\/\/mhcalculos.com.br\/noticias\/area\/trabalhista\/tst-legistas-da-policia-civil-do-es-devem-ser-representados-pelo-sindicato-dos-medicos.html#primaryimage","url":"https:\/\/mhcalculos.com.br\/noticias\/wp-content\/uploads\/sites\/2\/2019\/04\/trabalhista-0022.jpg","contentUrl":"https:\/\/mhcalculos.com.br\/noticias\/wp-content\/uploads\/sites\/2\/2019\/04\/trabalhista-0022.jpg","width":2000,"height":800},{"@type":"BreadcrumbList","@id":"https:\/\/mhcalculos.com.br\/noticias\/area\/trabalhista\/tst-legistas-da-policia-civil-do-es-devem-ser-representados-pelo-sindicato-dos-medicos.html#breadcrumb","itemListElement":[{"@type":"ListItem","position":1,"name":"In\u00edcio","item":"https:\/\/mhcalculos.com.br\/noticias\/"},{"@type":"ListItem","position":2,"name":"TST: Legistas da Pol\u00edcia Civil do ES devem ser representados pelo Sindicato dos M\u00e9dicos"}]},{"@type":"WebSite","@id":"https:\/\/mhcalculos.com.br\/noticias\/#website","url":"https:\/\/mhcalculos.com.br\/noticias\/","name":"Portal de Not\u00edcias","description":"Not\u00edcias e Jurisprud\u00eancia","potentialAction":[{"@type":"SearchAction","target":{"@type":"EntryPoint","urlTemplate":"https:\/\/mhcalculos.com.br\/noticias\/?s={search_term_string}"},"query-input":{"@type":"PropertyValueSpecification","valueRequired":true,"valueName":"search_term_string"}}],"inLanguage":"pt-BR"},{"@type":"Person","@id":"https:\/\/mhcalculos.com.br\/noticias\/#\/schema\/person\/88d1c34bf72dc779ea14a5a6b8e0ae8d","name":"Equipe MH","image":{"@type":"ImageObject","inLanguage":"pt-BR","@id":"https:\/\/secure.gravatar.com\/avatar\/de1c686c2ecc9c5a3f327e3431d819eb39f8f05d4e1045f5a1caad6daaba987f?s=96&d=mm&r=g","url":"https:\/\/secure.gravatar.com\/avatar\/de1c686c2ecc9c5a3f327e3431d819eb39f8f05d4e1045f5a1caad6daaba987f?s=96&d=mm&r=g","contentUrl":"https:\/\/secure.gravatar.com\/avatar\/de1c686c2ecc9c5a3f327e3431d819eb39f8f05d4e1045f5a1caad6daaba987f?s=96&d=mm&r=g","caption":"Equipe MH"}}]}},"_links":{"self":[{"href":"https:\/\/mhcalculos.com.br\/noticias\/wp-json\/wp\/v2\/posts\/5347","targetHints":{"allow":["GET"]}}],"collection":[{"href":"https:\/\/mhcalculos.com.br\/noticias\/wp-json\/wp\/v2\/posts"}],"about":[{"href":"https:\/\/mhcalculos.com.br\/noticias\/wp-json\/wp\/v2\/types\/post"}],"author":[{"embeddable":true,"href":"https:\/\/mhcalculos.com.br\/noticias\/wp-json\/wp\/v2\/users\/3063"}],"replies":[{"embeddable":true,"href":"https:\/\/mhcalculos.com.br\/noticias\/wp-json\/wp\/v2\/comments?post=5347"}],"version-history":[{"count":1,"href":"https:\/\/mhcalculos.com.br\/noticias\/wp-json\/wp\/v2\/posts\/5347\/revisions"}],"predecessor-version":[{"id":9739,"href":"https:\/\/mhcalculos.com.br\/noticias\/wp-json\/wp\/v2\/posts\/5347\/revisions\/9739"}],"wp:featuredmedia":[{"embeddable":true,"href":"https:\/\/mhcalculos.com.br\/noticias\/wp-json\/wp\/v2\/media\/4019"}],"wp:attachment":[{"href":"https:\/\/mhcalculos.com.br\/noticias\/wp-json\/wp\/v2\/media?parent=5347"}],"wp:term":[{"taxonomy":"category","embeddable":true,"href":"https:\/\/mhcalculos.com.br\/noticias\/wp-json\/wp\/v2\/categories?post=5347"},{"taxonomy":"post_tag","embeddable":true,"href":"https:\/\/mhcalculos.com.br\/noticias\/wp-json\/wp\/v2\/tags?post=5347"}],"curies":[{"name":"wp","href":"https:\/\/api.w.org\/{rel}","templated":true}]}}