{"id":5210,"date":"2019-07-16T04:00:16","date_gmt":"2019-07-16T07:00:16","guid":{"rendered":"https:\/\/mhcalculos.com.br\/noticias\/2019\/07\/16\/trf4-presidente-do-tribunal-recebe-chefe-da-prf4-15-07-2019\/"},"modified":"2021-07-28T14:32:24","modified_gmt":"2021-07-28T17:32:24","slug":"trf4-presidente-do-tribunal-recebe-chefe-da-prf4-15-07-2019","status":"publish","type":"post","link":"https:\/\/mhcalculos.com.br\/noticias\/area\/previdenciario\/trf4-presidente-do-tribunal-recebe-chefe-da-prf4-15-07-2019.html","title":{"rendered":"TRF4: Presidente do Tribunal&nbsp;recebe chefe da PRF4 (15\/07\/2019)"},"content":{"rendered":"<p><br \/>\n<\/p>\n<p>Nesta tarde (15\/7), o presidente do Tribunal Regional Federal da 4\u00aa Regi\u00e3o (TRF4), desembargador federal Victor Luiz dos Santos Laus, recebeu o chefe da Procuradoria Regional Federal da 4\u00aa Regi\u00e3o (PRF4), procurador Alexandre Azambuja Cassepp. O encontro institucional ocorreu no gabinete da Presid\u00eancia do tribunal, em Porto Alegre (RS).<\/p>\n<p>A reuni\u00e3o teve como objetivo a apresenta\u00e7\u00e3o das atividades da procuradoria, principalmente no \u00e2mbito da corte recursal da regi\u00e3o. O procurador ressaltou a rela\u00e7\u00e3o hist\u00f3rica entre as entidades. &ldquo;A Justi\u00e7a Federal, especialmente o TRF4, \u00e9 uma parceria indispens\u00e1vel para a PRF4&rdquo;, afirmou Cassepp.<\/p>\n<p>Laus destacou o eproc como um dos fatores da aproxima\u00e7\u00e3o entre as institui\u00e7\u00f5es. &ldquo;\u00c9 importante assegurar a interoperabilidade entre os sistemas de processos eletr\u00f4nicos, para que se tenha essa comunica\u00e7\u00e3o entre os \u00f3rg\u00e3os&rdquo;, apontou o presidente do TRF4.<\/p>\n<p>O procurador regional federal substituto, Cristiano Silvestrin de Souza, tamb\u00e9m esteve presente e destacou a import\u00e2ncia do uso de sistemas eletr\u00f4nicos na atua\u00e7\u00e3o da PRF4. &ldquo;S\u00f3 a tecnologia para nos garantir o gerenciamento do volume t\u00e3o grande de processos que possu\u00edmos, e uma das ferramentas fundamentais na Procuradoria \u00e9 a interlocu\u00e7\u00e3o entre nosso sistema interno, SAPS, e o eproc&rdquo;, pontuou Silvestrin de Souza.<\/p>\n<p>Cassepp ressaltou que um dos planos para entidade ser mais acess\u00edvel nos tr\u00eas estados do Sul depende muito dessa conversa atrav\u00e9s da tecnologia da informa\u00e7\u00e3o. &ldquo;Para se pensar em desterritorializa\u00e7\u00e3o \u00e9 preciso partir dos processos eletr\u00f4nicos, com maior alcance a todos&rdquo;, observou.<\/p>\n<p>Ao final do encontro, o procurador ainda entregou ao desembargador um relat\u00f3rio com informa\u00e7\u00f5es sobre a procuradoria regional, destacando a atua\u00e7\u00e3o nas mat\u00e9rias previdenci\u00e1rias e do n\u00facleo especializado nos processos em segundo grau.<\/p>\n<p><strong>Procuradoria Regional Federal da 4\u00aa Regi\u00e3o<\/strong><\/p>\n<p>A PRF4 \u00e9 respons\u00e1vel por ajuizar a\u00e7\u00f5es na Justi\u00e7a Federal da 4\u00aa Regi\u00e3o representando as autarquias e funda\u00e7\u00f5es federais, a exemplo do INSS e das universidades federais. Em segundo grau, de acordo com dados da procuradoria, 53% das a\u00e7\u00f5es que tramitam no TRF4 envolvem a PRF4.<\/p>\n<p><br \/>Procurador substituto Cristiano Silvestrin de Souza (E), procurador-chefe Alexandre Azambuja Cassepp e desembargador federal Victor Luiz dos Santos Laus (Sylvio Sirangelo\/TRF4)<\/p>\n<p><img decoding=\"async\" data-src=\"https:\/\/www2.trf4.jus.br\/trf4\/upload\/editor\/dsy_visita-prf_4r-9557.jpg\" title=\"Sylvio Sirangelo\/TRF4\" alt=\"Chefe da Procuradoria Regional Federal da 4\u00aa Regi\u00e3o, Alexandre Azambuja Cassepp\" style=\"width:800px\" src=\"data:image\/svg+xml;base64,PHN2ZyB3aWR0aD0iMSIgaGVpZ2h0PSIxIiB4bWxucz0iaHR0cDovL3d3dy53My5vcmcvMjAwMC9zdmciPjwvc3ZnPg==\" class=\"lazyload\" \/><br \/>Chefe da Procuradoria Regional Federal da 4\u00aa Regi\u00e3o, Alexandre Azambuja Cassepp (Sylvio Sirangelo\/TRF4)<\/p>\n<p><img decoding=\"async\" data-src=\"https:\/\/www2.trf4.jus.br\/trf4\/upload\/editor\/dsy_visita-prf_4r-9548.jpg\" title=\"Sylvio Sirangelo\/TRF4\" alt=\"Encontro ocorreu na Presid\u00eancia do TRF4\" style=\"width:800px\" src=\"data:image\/svg+xml;base64,PHN2ZyB3aWR0aD0iMSIgaGVpZ2h0PSIxIiB4bWxucz0iaHR0cDovL3d3dy53My5vcmcvMjAwMC9zdmciPjwvc3ZnPg==\" class=\"lazyload\" \/><br \/>Encontro ocorreu na Presid\u00eancia do TRF4 (Sylvio Sirangelo\/TRF4)<\/p>\n<p><i>Com informa\u00e7\u00f5es da assessoria de imprensa do TRF4.<\/i><br \/>\n<br \/><a href=\"http:\/\/www2.trf4.jus.br\/trf4\/controlador.php?acao=noticia_visualizar&#038;id_noticia=14611\">Fonte<\/a><br \/>\n<br \/><\/p>\n","protected":false},"excerpt":{"rendered":"<p>Nesta tarde (15\/7), o presidente do Tribunal Regional Federal da 4\u00aa Regi\u00e3o (TRF4), desembargador federal Victor Luiz dos Santos Laus, recebeu o chefe da Procuradoria Regional Federal da 4\u00aa Regi\u00e3o (PRF4), procurador Alexandre Azambuja Cassepp. O encontro institucional ocorreu no gabinete da Presid\u00eancia do tribunal, em Porto Alegre (RS). A reuni\u00e3o teve como objetivo a [&hellip;]<\/p>\n","protected":false},"author":3063,"featured_media":5211,"comment_status":"open","ping_status":"open","sticky":false,"template":"","format":"standard","meta":{"footnotes":""},"categories":[5,6],"tags":[11,10,8,13,9,12,17],"class_list":{"0":"post-5210","1":"post","2":"type-post","3":"status-publish","4":"format-standard","5":"has-post-thumbnail","7":"category-previdenciario","8":"category-trf4","9":"tag-aposentadoria","10":"tag-calculos-previdenciarios","11":"tag-direito-previdenciario","12":"tag-inss","13":"tag-pericia","14":"tag-perito","15":"tag-trf4"},"yoast_head":"<!-- This site is optimized with the Yoast SEO plugin v27.2 - https:\/\/yoast.com\/product\/yoast-seo-wordpress\/ -->\n<title>TRF4: Presidente do Tribunal&nbsp;recebe chefe da PRF4 (15\/07\/2019) | Portal de Not\u00edcias<\/title>\n<meta name=\"robots\" content=\"index, follow, max-snippet:-1, max-image-preview:large, max-video-preview:-1\" \/>\n<link rel=\"canonical\" href=\"https:\/\/mhcalculos.com.br\/noticias\/area\/previdenciario\/trf4-presidente-do-tribunal-recebe-chefe-da-prf4-15-07-2019.html\" \/>\n<meta property=\"og:locale\" content=\"pt_BR\" \/>\n<meta property=\"og:type\" content=\"article\" \/>\n<meta property=\"og:title\" content=\"TRF4: Presidente do Tribunal&nbsp;recebe chefe da PRF4 (15\/07\/2019) | Portal de Not\u00edcias\" \/>\n<meta property=\"og:description\" content=\"Nesta tarde (15\/7), o presidente do Tribunal Regional Federal da 4\u00aa Regi\u00e3o (TRF4), desembargador federal Victor Luiz dos Santos Laus, recebeu o chefe da Procuradoria Regional Federal da 4\u00aa Regi\u00e3o (PRF4), procurador Alexandre Azambuja Cassepp. O encontro institucional ocorreu no gabinete da Presid\u00eancia do tribunal, em Porto Alegre (RS). A reuni\u00e3o teve como objetivo a [&hellip;]\" \/>\n<meta property=\"og:url\" content=\"https:\/\/mhcalculos.com.br\/noticias\/area\/previdenciario\/trf4-presidente-do-tribunal-recebe-chefe-da-prf4-15-07-2019.html\" \/>\n<meta property=\"og:site_name\" content=\"Portal de Not\u00edcias\" \/>\n<meta property=\"article:published_time\" content=\"2019-07-16T07:00:16+00:00\" \/>\n<meta property=\"article:modified_time\" content=\"2021-07-28T17:32:24+00:00\" \/>\n<meta property=\"og:image\" content=\"https:\/\/mhcalculos.com.br\/noticias\/wp-content\/uploads\/sites\/2\/2019\/07\/dsy_visita-prf_4r-9568.jpg\" \/>\n\t<meta property=\"og:image:width\" content=\"2200\" \/>\n\t<meta property=\"og:image:height\" content=\"1300\" \/>\n\t<meta property=\"og:image:type\" content=\"image\/jpeg\" \/>\n<meta name=\"author\" content=\"Equipe MH\" \/>\n<meta name=\"twitter:card\" content=\"summary_large_image\" \/>\n<meta name=\"twitter:label1\" content=\"Escrito por\" \/>\n\t<meta name=\"twitter:data1\" content=\"Equipe MH\" \/>\n\t<meta name=\"twitter:label2\" content=\"Est. tempo de leitura\" \/>\n\t<meta name=\"twitter:data2\" content=\"2 minutos\" \/>\n<script type=\"application\/ld+json\" class=\"yoast-schema-graph\">{\"@context\":\"https:\/\/schema.org\",\"@graph\":[{\"@type\":\"Article\",\"@id\":\"https:\/\/mhcalculos.com.br\/noticias\/area\/previdenciario\/trf4-presidente-do-tribunal-recebe-chefe-da-prf4-15-07-2019.html#article\",\"isPartOf\":{\"@id\":\"https:\/\/mhcalculos.com.br\/noticias\/area\/previdenciario\/trf4-presidente-do-tribunal-recebe-chefe-da-prf4-15-07-2019.html\"},\"author\":{\"name\":\"Equipe MH\",\"@id\":\"https:\/\/mhcalculos.com.br\/noticias\/#\/schema\/person\/88d1c34bf72dc779ea14a5a6b8e0ae8d\"},\"headline\":\"TRF4: Presidente do Tribunal&nbsp;recebe chefe da PRF4 (15\/07\/2019)\",\"datePublished\":\"2019-07-16T07:00:16+00:00\",\"dateModified\":\"2021-07-28T17:32:24+00:00\",\"mainEntityOfPage\":{\"@id\":\"https:\/\/mhcalculos.com.br\/noticias\/area\/previdenciario\/trf4-presidente-do-tribunal-recebe-chefe-da-prf4-15-07-2019.html\"},\"wordCount\":425,\"commentCount\":0,\"image\":{\"@id\":\"https:\/\/mhcalculos.com.br\/noticias\/area\/previdenciario\/trf4-presidente-do-tribunal-recebe-chefe-da-prf4-15-07-2019.html#primaryimage\"},\"thumbnailUrl\":\"https:\/\/mhcalculos.com.br\/noticias\/wp-content\/uploads\/sites\/2\/2019\/07\/dsy_visita-prf_4r-9568.jpg\",\"keywords\":[\"aposentadoria\",\"c\u00e1lculos previdenci\u00e1rios\",\"direito previdenci\u00e1rio\",\"inss\",\"per\u00edcia\",\"perito\",\"trf4\"],\"articleSection\":[\"Direito Previdenci\u00e1rio\",\"TRF4\"],\"inLanguage\":\"pt-BR\",\"potentialAction\":[{\"@type\":\"CommentAction\",\"name\":\"Comment\",\"target\":[\"https:\/\/mhcalculos.com.br\/noticias\/area\/previdenciario\/trf4-presidente-do-tribunal-recebe-chefe-da-prf4-15-07-2019.html#respond\"]}]},{\"@type\":\"WebPage\",\"@id\":\"https:\/\/mhcalculos.com.br\/noticias\/area\/previdenciario\/trf4-presidente-do-tribunal-recebe-chefe-da-prf4-15-07-2019.html\",\"url\":\"https:\/\/mhcalculos.com.br\/noticias\/area\/previdenciario\/trf4-presidente-do-tribunal-recebe-chefe-da-prf4-15-07-2019.html\",\"name\":\"TRF4: Presidente do Tribunal&nbsp;recebe chefe da PRF4 (15\/07\/2019) | Portal de Not\u00edcias\",\"isPartOf\":{\"@id\":\"https:\/\/mhcalculos.com.br\/noticias\/#website\"},\"primaryImageOfPage\":{\"@id\":\"https:\/\/mhcalculos.com.br\/noticias\/area\/previdenciario\/trf4-presidente-do-tribunal-recebe-chefe-da-prf4-15-07-2019.html#primaryimage\"},\"image\":{\"@id\":\"https:\/\/mhcalculos.com.br\/noticias\/area\/previdenciario\/trf4-presidente-do-tribunal-recebe-chefe-da-prf4-15-07-2019.html#primaryimage\"},\"thumbnailUrl\":\"https:\/\/mhcalculos.com.br\/noticias\/wp-content\/uploads\/sites\/2\/2019\/07\/dsy_visita-prf_4r-9568.jpg\",\"datePublished\":\"2019-07-16T07:00:16+00:00\",\"dateModified\":\"2021-07-28T17:32:24+00:00\",\"author\":{\"@id\":\"https:\/\/mhcalculos.com.br\/noticias\/#\/schema\/person\/88d1c34bf72dc779ea14a5a6b8e0ae8d\"},\"breadcrumb\":{\"@id\":\"https:\/\/mhcalculos.com.br\/noticias\/area\/previdenciario\/trf4-presidente-do-tribunal-recebe-chefe-da-prf4-15-07-2019.html#breadcrumb\"},\"inLanguage\":\"pt-BR\",\"potentialAction\":[{\"@type\":\"ReadAction\",\"target\":[\"https:\/\/mhcalculos.com.br\/noticias\/area\/previdenciario\/trf4-presidente-do-tribunal-recebe-chefe-da-prf4-15-07-2019.html\"]}]},{\"@type\":\"ImageObject\",\"inLanguage\":\"pt-BR\",\"@id\":\"https:\/\/mhcalculos.com.br\/noticias\/area\/previdenciario\/trf4-presidente-do-tribunal-recebe-chefe-da-prf4-15-07-2019.html#primaryimage\",\"url\":\"https:\/\/mhcalculos.com.br\/noticias\/wp-content\/uploads\/sites\/2\/2019\/07\/dsy_visita-prf_4r-9568.jpg\",\"contentUrl\":\"https:\/\/mhcalculos.com.br\/noticias\/wp-content\/uploads\/sites\/2\/2019\/07\/dsy_visita-prf_4r-9568.jpg\",\"width\":2200,\"height\":1300},{\"@type\":\"BreadcrumbList\",\"@id\":\"https:\/\/mhcalculos.com.br\/noticias\/area\/previdenciario\/trf4-presidente-do-tribunal-recebe-chefe-da-prf4-15-07-2019.html#breadcrumb\",\"itemListElement\":[{\"@type\":\"ListItem\",\"position\":1,\"name\":\"In\u00edcio\",\"item\":\"https:\/\/mhcalculos.com.br\/noticias\/\"},{\"@type\":\"ListItem\",\"position\":2,\"name\":\"TRF4: Presidente do Tribunal&nbsp;recebe chefe da PRF4 (15\/07\/2019)\"}]},{\"@type\":\"WebSite\",\"@id\":\"https:\/\/mhcalculos.com.br\/noticias\/#website\",\"url\":\"https:\/\/mhcalculos.com.br\/noticias\/\",\"name\":\"Portal de Not\u00edcias\",\"description\":\"Not\u00edcias e Jurisprud\u00eancia\",\"potentialAction\":[{\"@type\":\"SearchAction\",\"target\":{\"@type\":\"EntryPoint\",\"urlTemplate\":\"https:\/\/mhcalculos.com.br\/noticias\/?s={search_term_string}\"},\"query-input\":{\"@type\":\"PropertyValueSpecification\",\"valueRequired\":true,\"valueName\":\"search_term_string\"}}],\"inLanguage\":\"pt-BR\"},{\"@type\":\"Person\",\"@id\":\"https:\/\/mhcalculos.com.br\/noticias\/#\/schema\/person\/88d1c34bf72dc779ea14a5a6b8e0ae8d\",\"name\":\"Equipe MH\",\"image\":{\"@type\":\"ImageObject\",\"inLanguage\":\"pt-BR\",\"@id\":\"https:\/\/secure.gravatar.com\/avatar\/de1c686c2ecc9c5a3f327e3431d819eb39f8f05d4e1045f5a1caad6daaba987f?s=96&d=mm&r=g\",\"url\":\"https:\/\/secure.gravatar.com\/avatar\/de1c686c2ecc9c5a3f327e3431d819eb39f8f05d4e1045f5a1caad6daaba987f?s=96&d=mm&r=g\",\"contentUrl\":\"https:\/\/secure.gravatar.com\/avatar\/de1c686c2ecc9c5a3f327e3431d819eb39f8f05d4e1045f5a1caad6daaba987f?s=96&d=mm&r=g\",\"caption\":\"Equipe MH\"}}]}<\/script>\n<!-- \/ Yoast SEO plugin. -->","yoast_head_json":{"title":"TRF4: Presidente do Tribunal&nbsp;recebe chefe da PRF4 (15\/07\/2019) | Portal de Not\u00edcias","robots":{"index":"index","follow":"follow","max-snippet":"max-snippet:-1","max-image-preview":"max-image-preview:large","max-video-preview":"max-video-preview:-1"},"canonical":"https:\/\/mhcalculos.com.br\/noticias\/area\/previdenciario\/trf4-presidente-do-tribunal-recebe-chefe-da-prf4-15-07-2019.html","og_locale":"pt_BR","og_type":"article","og_title":"TRF4: Presidente do Tribunal&nbsp;recebe chefe da PRF4 (15\/07\/2019) | Portal de Not\u00edcias","og_description":"Nesta tarde (15\/7), o presidente do Tribunal Regional Federal da 4\u00aa Regi\u00e3o (TRF4), desembargador federal Victor Luiz dos Santos Laus, recebeu o chefe da Procuradoria Regional Federal da 4\u00aa Regi\u00e3o (PRF4), procurador Alexandre Azambuja Cassepp. O encontro institucional ocorreu no gabinete da Presid\u00eancia do tribunal, em Porto Alegre (RS). A reuni\u00e3o teve como objetivo a [&hellip;]","og_url":"https:\/\/mhcalculos.com.br\/noticias\/area\/previdenciario\/trf4-presidente-do-tribunal-recebe-chefe-da-prf4-15-07-2019.html","og_site_name":"Portal de Not\u00edcias","article_published_time":"2019-07-16T07:00:16+00:00","article_modified_time":"2021-07-28T17:32:24+00:00","og_image":[{"width":2200,"height":1300,"url":"https:\/\/mhcalculos.com.br\/noticias\/wp-content\/uploads\/sites\/2\/2019\/07\/dsy_visita-prf_4r-9568.jpg","type":"image\/jpeg"}],"author":"Equipe MH","twitter_card":"summary_large_image","twitter_misc":{"Escrito por":"Equipe MH","Est. tempo de leitura":"2 minutos"},"schema":{"@context":"https:\/\/schema.org","@graph":[{"@type":"Article","@id":"https:\/\/mhcalculos.com.br\/noticias\/area\/previdenciario\/trf4-presidente-do-tribunal-recebe-chefe-da-prf4-15-07-2019.html#article","isPartOf":{"@id":"https:\/\/mhcalculos.com.br\/noticias\/area\/previdenciario\/trf4-presidente-do-tribunal-recebe-chefe-da-prf4-15-07-2019.html"},"author":{"name":"Equipe MH","@id":"https:\/\/mhcalculos.com.br\/noticias\/#\/schema\/person\/88d1c34bf72dc779ea14a5a6b8e0ae8d"},"headline":"TRF4: Presidente do Tribunal&nbsp;recebe chefe da PRF4 (15\/07\/2019)","datePublished":"2019-07-16T07:00:16+00:00","dateModified":"2021-07-28T17:32:24+00:00","mainEntityOfPage":{"@id":"https:\/\/mhcalculos.com.br\/noticias\/area\/previdenciario\/trf4-presidente-do-tribunal-recebe-chefe-da-prf4-15-07-2019.html"},"wordCount":425,"commentCount":0,"image":{"@id":"https:\/\/mhcalculos.com.br\/noticias\/area\/previdenciario\/trf4-presidente-do-tribunal-recebe-chefe-da-prf4-15-07-2019.html#primaryimage"},"thumbnailUrl":"https:\/\/mhcalculos.com.br\/noticias\/wp-content\/uploads\/sites\/2\/2019\/07\/dsy_visita-prf_4r-9568.jpg","keywords":["aposentadoria","c\u00e1lculos previdenci\u00e1rios","direito previdenci\u00e1rio","inss","per\u00edcia","perito","trf4"],"articleSection":["Direito Previdenci\u00e1rio","TRF4"],"inLanguage":"pt-BR","potentialAction":[{"@type":"CommentAction","name":"Comment","target":["https:\/\/mhcalculos.com.br\/noticias\/area\/previdenciario\/trf4-presidente-do-tribunal-recebe-chefe-da-prf4-15-07-2019.html#respond"]}]},{"@type":"WebPage","@id":"https:\/\/mhcalculos.com.br\/noticias\/area\/previdenciario\/trf4-presidente-do-tribunal-recebe-chefe-da-prf4-15-07-2019.html","url":"https:\/\/mhcalculos.com.br\/noticias\/area\/previdenciario\/trf4-presidente-do-tribunal-recebe-chefe-da-prf4-15-07-2019.html","name":"TRF4: Presidente do Tribunal&nbsp;recebe chefe da PRF4 (15\/07\/2019) | Portal de Not\u00edcias","isPartOf":{"@id":"https:\/\/mhcalculos.com.br\/noticias\/#website"},"primaryImageOfPage":{"@id":"https:\/\/mhcalculos.com.br\/noticias\/area\/previdenciario\/trf4-presidente-do-tribunal-recebe-chefe-da-prf4-15-07-2019.html#primaryimage"},"image":{"@id":"https:\/\/mhcalculos.com.br\/noticias\/area\/previdenciario\/trf4-presidente-do-tribunal-recebe-chefe-da-prf4-15-07-2019.html#primaryimage"},"thumbnailUrl":"https:\/\/mhcalculos.com.br\/noticias\/wp-content\/uploads\/sites\/2\/2019\/07\/dsy_visita-prf_4r-9568.jpg","datePublished":"2019-07-16T07:00:16+00:00","dateModified":"2021-07-28T17:32:24+00:00","author":{"@id":"https:\/\/mhcalculos.com.br\/noticias\/#\/schema\/person\/88d1c34bf72dc779ea14a5a6b8e0ae8d"},"breadcrumb":{"@id":"https:\/\/mhcalculos.com.br\/noticias\/area\/previdenciario\/trf4-presidente-do-tribunal-recebe-chefe-da-prf4-15-07-2019.html#breadcrumb"},"inLanguage":"pt-BR","potentialAction":[{"@type":"ReadAction","target":["https:\/\/mhcalculos.com.br\/noticias\/area\/previdenciario\/trf4-presidente-do-tribunal-recebe-chefe-da-prf4-15-07-2019.html"]}]},{"@type":"ImageObject","inLanguage":"pt-BR","@id":"https:\/\/mhcalculos.com.br\/noticias\/area\/previdenciario\/trf4-presidente-do-tribunal-recebe-chefe-da-prf4-15-07-2019.html#primaryimage","url":"https:\/\/mhcalculos.com.br\/noticias\/wp-content\/uploads\/sites\/2\/2019\/07\/dsy_visita-prf_4r-9568.jpg","contentUrl":"https:\/\/mhcalculos.com.br\/noticias\/wp-content\/uploads\/sites\/2\/2019\/07\/dsy_visita-prf_4r-9568.jpg","width":2200,"height":1300},{"@type":"BreadcrumbList","@id":"https:\/\/mhcalculos.com.br\/noticias\/area\/previdenciario\/trf4-presidente-do-tribunal-recebe-chefe-da-prf4-15-07-2019.html#breadcrumb","itemListElement":[{"@type":"ListItem","position":1,"name":"In\u00edcio","item":"https:\/\/mhcalculos.com.br\/noticias\/"},{"@type":"ListItem","position":2,"name":"TRF4: Presidente do Tribunal&nbsp;recebe chefe da PRF4 (15\/07\/2019)"}]},{"@type":"WebSite","@id":"https:\/\/mhcalculos.com.br\/noticias\/#website","url":"https:\/\/mhcalculos.com.br\/noticias\/","name":"Portal de Not\u00edcias","description":"Not\u00edcias e Jurisprud\u00eancia","potentialAction":[{"@type":"SearchAction","target":{"@type":"EntryPoint","urlTemplate":"https:\/\/mhcalculos.com.br\/noticias\/?s={search_term_string}"},"query-input":{"@type":"PropertyValueSpecification","valueRequired":true,"valueName":"search_term_string"}}],"inLanguage":"pt-BR"},{"@type":"Person","@id":"https:\/\/mhcalculos.com.br\/noticias\/#\/schema\/person\/88d1c34bf72dc779ea14a5a6b8e0ae8d","name":"Equipe MH","image":{"@type":"ImageObject","inLanguage":"pt-BR","@id":"https:\/\/secure.gravatar.com\/avatar\/de1c686c2ecc9c5a3f327e3431d819eb39f8f05d4e1045f5a1caad6daaba987f?s=96&d=mm&r=g","url":"https:\/\/secure.gravatar.com\/avatar\/de1c686c2ecc9c5a3f327e3431d819eb39f8f05d4e1045f5a1caad6daaba987f?s=96&d=mm&r=g","contentUrl":"https:\/\/secure.gravatar.com\/avatar\/de1c686c2ecc9c5a3f327e3431d819eb39f8f05d4e1045f5a1caad6daaba987f?s=96&d=mm&r=g","caption":"Equipe MH"}}]}},"_links":{"self":[{"href":"https:\/\/mhcalculos.com.br\/noticias\/wp-json\/wp\/v2\/posts\/5210","targetHints":{"allow":["GET"]}}],"collection":[{"href":"https:\/\/mhcalculos.com.br\/noticias\/wp-json\/wp\/v2\/posts"}],"about":[{"href":"https:\/\/mhcalculos.com.br\/noticias\/wp-json\/wp\/v2\/types\/post"}],"author":[{"embeddable":true,"href":"https:\/\/mhcalculos.com.br\/noticias\/wp-json\/wp\/v2\/users\/3063"}],"replies":[{"embeddable":true,"href":"https:\/\/mhcalculos.com.br\/noticias\/wp-json\/wp\/v2\/comments?post=5210"}],"version-history":[{"count":1,"href":"https:\/\/mhcalculos.com.br\/noticias\/wp-json\/wp\/v2\/posts\/5210\/revisions"}],"predecessor-version":[{"id":9749,"href":"https:\/\/mhcalculos.com.br\/noticias\/wp-json\/wp\/v2\/posts\/5210\/revisions\/9749"}],"wp:featuredmedia":[{"embeddable":true,"href":"https:\/\/mhcalculos.com.br\/noticias\/wp-json\/wp\/v2\/media\/5211"}],"wp:attachment":[{"href":"https:\/\/mhcalculos.com.br\/noticias\/wp-json\/wp\/v2\/media?parent=5210"}],"wp:term":[{"taxonomy":"category","embeddable":true,"href":"https:\/\/mhcalculos.com.br\/noticias\/wp-json\/wp\/v2\/categories?post=5210"},{"taxonomy":"post_tag","embeddable":true,"href":"https:\/\/mhcalculos.com.br\/noticias\/wp-json\/wp\/v2\/tags?post=5210"}],"curies":[{"name":"wp","href":"https:\/\/api.w.org\/{rel}","templated":true}]}}