{"id":5208,"date":"2019-07-16T02:00:24","date_gmt":"2019-07-16T05:00:24","guid":{"rendered":"https:\/\/mhcalculos.com.br\/noticias\/2019\/07\/16\/stj-segurado-que-trabalha-em-condicoes-especiais-pode-contar-tempo-de-auxilio-doenca-nao-acidentario-como-especial\/"},"modified":"2021-07-28T14:32:24","modified_gmt":"2021-07-28T17:32:24","slug":"stj-segurado-que-trabalha-em-condicoes-especiais-pode-contar-tempo-de-auxilio-doenca-nao-acidentario-como-especial","status":"publish","type":"post","link":"https:\/\/mhcalculos.com.br\/noticias\/area\/previdenciario\/stj-segurado-que-trabalha-em-condicoes-especiais-pode-contar-tempo-de-auxilio-doenca-nao-acidentario-como-especial.html","title":{"rendered":"STJ: Segurado que trabalha em condi\u00e7\u00f5es especiais pode contar tempo de aux\u00edlio-doen\u00e7a n\u00e3o acident\u00e1rio como especial"},"content":{"rendered":"<p><br \/>\n<\/p>\n<p><span>P<\/span><span>or unanimidade, a Primeira Se&ccedil;&atilde;o fixou a tese de que o segurado que exerce atividades em condi&ccedil;&otilde;es especiais, quando em gozo de aux&iacute;lio-doen&ccedil;a &ndash; seja acident&aacute;rio ou previdenci&aacute;rio &ndash;, faz jus ao c&ocirc;mputo desse per&iacute;odo como especial. Ao julgar recurso repetitivo sobre o assunto (<\/span><a href=\"http:\/\/www.stj.jus.br\/repetitivos\/temas_repetitivos\/pesquisa.jsp?novaConsulta=true&amp;tipo_pesquisa=T&amp;sg_classe=REsp&amp;num_processo_classe=1759098\"><strong>Tema 998<\/strong><\/a><span>), o colegiado considerou ilegal a distin&ccedil;&atilde;o entre as modalidades de afastamento feita pelo&nbsp;<\/span><a target=\"_blank\" href=\"http:\/\/www.planalto.gov.br\/ccivil_03\/decreto\/D3048.htm\" rel=\"noopener noreferrer\"><strong>Decreto 3.048\/1999<\/strong><\/a><span>, o qual prev&ecirc; apenas o c&ocirc;mputo do per&iacute;odo de gozo de aux&iacute;lio-doen&ccedil;a acident&aacute;rio como especial.<\/span><\/p>\n<p>Os dois recursos tomados como representativos da controv&eacute;rsia foram interpostos pelo Instituto Nacional do Seguro Social (INSS) contra ac&oacute;rd&atilde;os do Tribunal Regional Federal da 4&ordf; Regi&atilde;o, ao argumento de que n&atilde;o seria poss&iacute;vel a contagem especial de tempo de servi&ccedil;o no per&iacute;odo em que o segurado est&aacute; em gozo de aux&iacute;lio-doen&ccedil;a, uma vez que n&atilde;o h&aacute; exposi&ccedil;&atilde;o a agentes nocivos durante o afastamento.<\/p>\n<p>O relator dos recursos no STJ, ministro Napole&atilde;o Nunes Maia Filho, explicou que a reda&ccedil;&atilde;o original do artigo 65 do Decreto 3.048\/1999 permitia a contagem como tempo especial dos per&iacute;odos correspondentes ao exerc&iacute;cio de atividade permanente e habitual sujeita a condi&ccedil;&otilde;es que prejudiquem a sa&uacute;de ou a integridade f&iacute;sica do contribuinte, inclusive quanto aos per&iacute;odos de f&eacute;rias, licen&ccedil;a m&eacute;dica e aux&iacute;lio-doen&ccedil;a.<\/p>\n<p>Segundo o ministro, comprovada a exposi&ccedil;&atilde;o do segurado a condi&ccedil;&otilde;es que prejudicassem sua sa&uacute;de ou integridade f&iacute;sica, na forma exigida pela legisla&ccedil;&atilde;o, seria reconhecida a especialidade do per&iacute;odo de afastamento em que o segurado permanecesse em gozo de aux&iacute;lio-doen&ccedil;a, fosse ele acident&aacute;rio ou previdenci&aacute;rio.<\/p>\n<h2>Modalidade exclu&iacute;da<\/h2>\n<p>No entanto, lembrou o relator, com a publica&ccedil;&atilde;o do&nbsp;<a target=\"_blank\" href=\"http:\/\/www.planalto.gov.br\/ccivil_03\/decreto\/2003\/D4882.htm\" rel=\"noopener noreferrer\"><strong>Decreto 4.882\/2003<\/strong><\/a>&nbsp;&ndash; que adicionou o par&aacute;grafo &uacute;nico ao artigo 65 do Decreto 3.048\/1999 &ndash;, somente passou a ser reconhecido o tempo especial do segurado afastado em gozo de benef&iacute;cio por incapacidade de natureza acident&aacute;ria, excluindo-se a modalidade previdenci&aacute;ria &ndash; computada, a partir de ent&atilde;o, como tempo de atividade comum.<\/p>\n<p>O relator observou que a legisla&ccedil;&atilde;o permite contar como atividade especial o tempo em que o segurado esteve em gozo de sal&aacute;rio-maternidade e f&eacute;rias, afastamentos que tamb&eacute;m suspendem o contrato de trabalho, assim como o aux&iacute;lio-doen&ccedil;a, retirando o trabalhador, da mesma forma, da exposi&ccedil;&atilde;o aos agentes nocivos.<\/p>\n<p>Para o ministro, se o legislador prev&ecirc; a contagem desses afastamentos como atividade especial, &#8220;n&atilde;o h&aacute;, sob nenhum aspecto, motivo para que o per&iacute;odo em afastamento de aux&iacute;lio-doen&ccedil;a n&atilde;o acident&aacute;rio tamb&eacute;m n&atilde;o seja computado, desde que, &agrave; data do afastamento, o segurado estivesse exercendo atividade considerada especial&#8221;.<\/p>\n<h2>Poder regulamentar<\/h2>\n<p>De acordo com Napole&atilde;o Maia Filho, o&nbsp;<a target=\"_blank\" href=\"http:\/\/www.planalto.gov.br\/ccivil_03\/LEIS\/L8213cons.htm#art57%C2%A76\" rel=\"noopener noreferrer\"><strong>par&aacute;grafo 6&deg;<\/strong><\/a>&nbsp;do artigo 57 da Lei 8.213\/1991 determinou expressamente que o direito ao benef&iacute;cio previdenci&aacute;rio da aposentadoria especial ser&aacute; financiado com os recursos provenientes da contribui&ccedil;&atilde;o de que trata o&nbsp;<a target=\"_blank\" href=\"http:\/\/www.planalto.gov.br\/ccivil_03\/LEIS\/L8212cons.htm#art22\" rel=\"noopener noreferrer\"><strong>artigo 22<\/strong><\/a>, II, da Lei 8.212\/1991, cujas al&iacute;quotas s&atilde;o acrescidas conforme a atividade exercida pelo segurado a servi&ccedil;o da empresa, as quais s&atilde;o recolhidas independentemente de estar ou n&atilde;o o trabalhador em gozo de benef&iacute;cio.<\/p>\n<p>&#8220;Nota-se que o custeio do tempo de contribui&ccedil;&atilde;o especial se d&aacute; por interm&eacute;dio de fonte que n&atilde;o &eacute; diretamente relacionada &agrave; natureza dada ao benef&iacute;cio por incapacidade concedido ao segurado, mas sim quanto ao grau preponderante de risco existente no local de trabalho deste, o que importa concluir que, estando ou n&atilde;o afastado por benef&iacute;cio motivado por acidente do trabalho, o segurado exposto a condi&ccedil;&otilde;es nocivas &agrave; sua sa&uacute;de promove a ocorr&ecirc;ncia do fato gerador da contribui&ccedil;&atilde;o previdenci&aacute;ria destinada ao custeio do benef&iacute;cio de aposentadoria especial&#8221;, disse o relator em seu voto.<\/p>\n<p>Ao negar provimento aos recursos do INSS, o ministro considerou que o Decreto 4.882\/2003 extrapolou o limite do poder regulamentar do Estado, restringindo ilegalmente a prote&ccedil;&atilde;o da previd&ecirc;ncia social do trabalhador sujeito a condi&ccedil;&otilde;es especiais que prejudiquem a sua sa&uacute;de ou a sua integridade f&iacute;sica.<\/p>\n<p><br \/>\n<br \/><i>Com informa\u00e7\u00f5es da assessoria de imprensa do STJ.<\/i><br \/>\n<br \/><a href=\"http:\/\/feedproxy.google.com\/~r\/STJNoticias\/~3\/94af_4oTtmA\/Segurado-que-trabalha-em-condi%C3%A7%C3%B5es-especiais-pode-contar-tempo-de-aux%C3%ADlio%E2%80%93doen%C3%A7a-n%C3%A3o-acident%C3%A1rio-como-especial\">Fonte<\/a><br \/>\n<br \/><\/p>\n","protected":false},"excerpt":{"rendered":"<p>Por unanimidade, a Primeira Se&ccedil;&atilde;o fixou a tese de que o segurado que exerce atividades em condi&ccedil;&otilde;es especiais, quando em gozo de aux&iacute;lio-doen&ccedil;a &ndash; seja acident&aacute;rio ou previdenci&aacute;rio &ndash;, faz jus ao c&ocirc;mputo desse per&iacute;odo como especial. Ao julgar recurso repetitivo sobre o assunto (Tema 998), o colegiado considerou ilegal a distin&ccedil;&atilde;o entre as modalidades [&hellip;]<\/p>\n","protected":false},"author":3063,"featured_media":3753,"comment_status":"open","ping_status":"open","sticky":false,"template":"","format":"standard","meta":{"footnotes":""},"categories":[5,7],"tags":[11,10,8,13,9,12,14],"class_list":{"0":"post-5208","1":"post","2":"type-post","3":"status-publish","4":"format-standard","5":"has-post-thumbnail","7":"category-previdenciario","8":"category-stj","9":"tag-aposentadoria","10":"tag-calculos-previdenciarios","11":"tag-direito-previdenciario","12":"tag-inss","13":"tag-pericia","14":"tag-perito","15":"tag-stj"},"yoast_head":"<!-- This site is optimized with the Yoast SEO plugin v27.2 - https:\/\/yoast.com\/product\/yoast-seo-wordpress\/ -->\n<title>STJ: Segurado que trabalha em condi\u00e7\u00f5es especiais pode contar tempo de aux\u00edlio-doen\u00e7a n\u00e3o acident\u00e1rio como especial | Portal de Not\u00edcias<\/title>\n<meta name=\"robots\" content=\"index, follow, max-snippet:-1, max-image-preview:large, max-video-preview:-1\" \/>\n<link rel=\"canonical\" href=\"https:\/\/mhcalculos.com.br\/noticias\/area\/previdenciario\/stj-segurado-que-trabalha-em-condicoes-especiais-pode-contar-tempo-de-auxilio-doenca-nao-acidentario-como-especial.html\" \/>\n<meta property=\"og:locale\" content=\"pt_BR\" \/>\n<meta property=\"og:type\" content=\"article\" \/>\n<meta property=\"og:title\" content=\"STJ: Segurado que trabalha em condi\u00e7\u00f5es especiais pode contar tempo de aux\u00edlio-doen\u00e7a n\u00e3o acident\u00e1rio como especial | Portal de Not\u00edcias\" \/>\n<meta property=\"og:description\" content=\"Por unanimidade, a Primeira Se&ccedil;&atilde;o fixou a tese de que o segurado que exerce atividades em condi&ccedil;&otilde;es especiais, quando em gozo de aux&iacute;lio-doen&ccedil;a &ndash; seja acident&aacute;rio ou previdenci&aacute;rio &ndash;, faz jus ao c&ocirc;mputo desse per&iacute;odo como especial. Ao julgar recurso repetitivo sobre o assunto (Tema 998), o colegiado considerou ilegal a distin&ccedil;&atilde;o entre as modalidades [&hellip;]\" \/>\n<meta property=\"og:url\" content=\"https:\/\/mhcalculos.com.br\/noticias\/area\/previdenciario\/stj-segurado-que-trabalha-em-condicoes-especiais-pode-contar-tempo-de-auxilio-doenca-nao-acidentario-como-especial.html\" \/>\n<meta property=\"og:site_name\" content=\"Portal de Not\u00edcias\" \/>\n<meta property=\"article:published_time\" content=\"2019-07-16T05:00:24+00:00\" \/>\n<meta property=\"article:modified_time\" content=\"2021-07-28T17:32:24+00:00\" \/>\n<meta property=\"og:image\" content=\"https:\/\/mhcalculos.com.br\/noticias\/wp-content\/uploads\/sites\/2\/2019\/02\/previdenciario-0036.jpg\" \/>\n\t<meta property=\"og:image:width\" content=\"2000\" \/>\n\t<meta property=\"og:image:height\" content=\"800\" \/>\n\t<meta property=\"og:image:type\" content=\"image\/jpeg\" \/>\n<meta name=\"author\" content=\"Equipe MH\" \/>\n<meta name=\"twitter:card\" content=\"summary_large_image\" \/>\n<meta name=\"twitter:label1\" content=\"Escrito por\" \/>\n\t<meta name=\"twitter:data1\" content=\"Equipe MH\" \/>\n\t<meta name=\"twitter:label2\" content=\"Est. tempo de leitura\" \/>\n\t<meta name=\"twitter:data2\" content=\"4 minutos\" \/>\n<script type=\"application\/ld+json\" class=\"yoast-schema-graph\">{\"@context\":\"https:\/\/schema.org\",\"@graph\":[{\"@type\":\"Article\",\"@id\":\"https:\/\/mhcalculos.com.br\/noticias\/area\/previdenciario\/stj-segurado-que-trabalha-em-condicoes-especiais-pode-contar-tempo-de-auxilio-doenca-nao-acidentario-como-especial.html#article\",\"isPartOf\":{\"@id\":\"https:\/\/mhcalculos.com.br\/noticias\/area\/previdenciario\/stj-segurado-que-trabalha-em-condicoes-especiais-pode-contar-tempo-de-auxilio-doenca-nao-acidentario-como-especial.html\"},\"author\":{\"name\":\"Equipe MH\",\"@id\":\"https:\/\/mhcalculos.com.br\/noticias\/#\/schema\/person\/88d1c34bf72dc779ea14a5a6b8e0ae8d\"},\"headline\":\"STJ: Segurado que trabalha em condi\u00e7\u00f5es especiais pode contar tempo de aux\u00edlio-doen\u00e7a n\u00e3o acident\u00e1rio como especial\",\"datePublished\":\"2019-07-16T05:00:24+00:00\",\"dateModified\":\"2021-07-28T17:32:24+00:00\",\"mainEntityOfPage\":{\"@id\":\"https:\/\/mhcalculos.com.br\/noticias\/area\/previdenciario\/stj-segurado-que-trabalha-em-condicoes-especiais-pode-contar-tempo-de-auxilio-doenca-nao-acidentario-como-especial.html\"},\"wordCount\":863,\"commentCount\":0,\"image\":{\"@id\":\"https:\/\/mhcalculos.com.br\/noticias\/area\/previdenciario\/stj-segurado-que-trabalha-em-condicoes-especiais-pode-contar-tempo-de-auxilio-doenca-nao-acidentario-como-especial.html#primaryimage\"},\"thumbnailUrl\":\"https:\/\/mhcalculos.com.br\/noticias\/wp-content\/uploads\/sites\/2\/2019\/02\/previdenciario-0036.jpg\",\"keywords\":[\"aposentadoria\",\"c\u00e1lculos previdenci\u00e1rios\",\"direito previdenci\u00e1rio\",\"inss\",\"per\u00edcia\",\"perito\",\"stj\"],\"articleSection\":[\"Direito Previdenci\u00e1rio\",\"STJ\"],\"inLanguage\":\"pt-BR\",\"potentialAction\":[{\"@type\":\"CommentAction\",\"name\":\"Comment\",\"target\":[\"https:\/\/mhcalculos.com.br\/noticias\/area\/previdenciario\/stj-segurado-que-trabalha-em-condicoes-especiais-pode-contar-tempo-de-auxilio-doenca-nao-acidentario-como-especial.html#respond\"]}]},{\"@type\":\"WebPage\",\"@id\":\"https:\/\/mhcalculos.com.br\/noticias\/area\/previdenciario\/stj-segurado-que-trabalha-em-condicoes-especiais-pode-contar-tempo-de-auxilio-doenca-nao-acidentario-como-especial.html\",\"url\":\"https:\/\/mhcalculos.com.br\/noticias\/area\/previdenciario\/stj-segurado-que-trabalha-em-condicoes-especiais-pode-contar-tempo-de-auxilio-doenca-nao-acidentario-como-especial.html\",\"name\":\"STJ: Segurado que trabalha em condi\u00e7\u00f5es especiais pode contar tempo de aux\u00edlio-doen\u00e7a n\u00e3o acident\u00e1rio como especial | Portal de Not\u00edcias\",\"isPartOf\":{\"@id\":\"https:\/\/mhcalculos.com.br\/noticias\/#website\"},\"primaryImageOfPage\":{\"@id\":\"https:\/\/mhcalculos.com.br\/noticias\/area\/previdenciario\/stj-segurado-que-trabalha-em-condicoes-especiais-pode-contar-tempo-de-auxilio-doenca-nao-acidentario-como-especial.html#primaryimage\"},\"image\":{\"@id\":\"https:\/\/mhcalculos.com.br\/noticias\/area\/previdenciario\/stj-segurado-que-trabalha-em-condicoes-especiais-pode-contar-tempo-de-auxilio-doenca-nao-acidentario-como-especial.html#primaryimage\"},\"thumbnailUrl\":\"https:\/\/mhcalculos.com.br\/noticias\/wp-content\/uploads\/sites\/2\/2019\/02\/previdenciario-0036.jpg\",\"datePublished\":\"2019-07-16T05:00:24+00:00\",\"dateModified\":\"2021-07-28T17:32:24+00:00\",\"author\":{\"@id\":\"https:\/\/mhcalculos.com.br\/noticias\/#\/schema\/person\/88d1c34bf72dc779ea14a5a6b8e0ae8d\"},\"breadcrumb\":{\"@id\":\"https:\/\/mhcalculos.com.br\/noticias\/area\/previdenciario\/stj-segurado-que-trabalha-em-condicoes-especiais-pode-contar-tempo-de-auxilio-doenca-nao-acidentario-como-especial.html#breadcrumb\"},\"inLanguage\":\"pt-BR\",\"potentialAction\":[{\"@type\":\"ReadAction\",\"target\":[\"https:\/\/mhcalculos.com.br\/noticias\/area\/previdenciario\/stj-segurado-que-trabalha-em-condicoes-especiais-pode-contar-tempo-de-auxilio-doenca-nao-acidentario-como-especial.html\"]}]},{\"@type\":\"ImageObject\",\"inLanguage\":\"pt-BR\",\"@id\":\"https:\/\/mhcalculos.com.br\/noticias\/area\/previdenciario\/stj-segurado-que-trabalha-em-condicoes-especiais-pode-contar-tempo-de-auxilio-doenca-nao-acidentario-como-especial.html#primaryimage\",\"url\":\"https:\/\/mhcalculos.com.br\/noticias\/wp-content\/uploads\/sites\/2\/2019\/02\/previdenciario-0036.jpg\",\"contentUrl\":\"https:\/\/mhcalculos.com.br\/noticias\/wp-content\/uploads\/sites\/2\/2019\/02\/previdenciario-0036.jpg\",\"width\":2000,\"height\":800},{\"@type\":\"BreadcrumbList\",\"@id\":\"https:\/\/mhcalculos.com.br\/noticias\/area\/previdenciario\/stj-segurado-que-trabalha-em-condicoes-especiais-pode-contar-tempo-de-auxilio-doenca-nao-acidentario-como-especial.html#breadcrumb\",\"itemListElement\":[{\"@type\":\"ListItem\",\"position\":1,\"name\":\"In\u00edcio\",\"item\":\"https:\/\/mhcalculos.com.br\/noticias\/\"},{\"@type\":\"ListItem\",\"position\":2,\"name\":\"STJ: Segurado que trabalha em condi\u00e7\u00f5es especiais pode contar tempo de aux\u00edlio-doen\u00e7a n\u00e3o acident\u00e1rio como especial\"}]},{\"@type\":\"WebSite\",\"@id\":\"https:\/\/mhcalculos.com.br\/noticias\/#website\",\"url\":\"https:\/\/mhcalculos.com.br\/noticias\/\",\"name\":\"Portal de Not\u00edcias\",\"description\":\"Not\u00edcias e Jurisprud\u00eancia\",\"potentialAction\":[{\"@type\":\"SearchAction\",\"target\":{\"@type\":\"EntryPoint\",\"urlTemplate\":\"https:\/\/mhcalculos.com.br\/noticias\/?s={search_term_string}\"},\"query-input\":{\"@type\":\"PropertyValueSpecification\",\"valueRequired\":true,\"valueName\":\"search_term_string\"}}],\"inLanguage\":\"pt-BR\"},{\"@type\":\"Person\",\"@id\":\"https:\/\/mhcalculos.com.br\/noticias\/#\/schema\/person\/88d1c34bf72dc779ea14a5a6b8e0ae8d\",\"name\":\"Equipe MH\",\"image\":{\"@type\":\"ImageObject\",\"inLanguage\":\"pt-BR\",\"@id\":\"https:\/\/secure.gravatar.com\/avatar\/de1c686c2ecc9c5a3f327e3431d819eb39f8f05d4e1045f5a1caad6daaba987f?s=96&d=mm&r=g\",\"url\":\"https:\/\/secure.gravatar.com\/avatar\/de1c686c2ecc9c5a3f327e3431d819eb39f8f05d4e1045f5a1caad6daaba987f?s=96&d=mm&r=g\",\"contentUrl\":\"https:\/\/secure.gravatar.com\/avatar\/de1c686c2ecc9c5a3f327e3431d819eb39f8f05d4e1045f5a1caad6daaba987f?s=96&d=mm&r=g\",\"caption\":\"Equipe MH\"}}]}<\/script>\n<!-- \/ Yoast SEO plugin. -->","yoast_head_json":{"title":"STJ: Segurado que trabalha em condi\u00e7\u00f5es especiais pode contar tempo de aux\u00edlio-doen\u00e7a n\u00e3o acident\u00e1rio como especial | Portal de Not\u00edcias","robots":{"index":"index","follow":"follow","max-snippet":"max-snippet:-1","max-image-preview":"max-image-preview:large","max-video-preview":"max-video-preview:-1"},"canonical":"https:\/\/mhcalculos.com.br\/noticias\/area\/previdenciario\/stj-segurado-que-trabalha-em-condicoes-especiais-pode-contar-tempo-de-auxilio-doenca-nao-acidentario-como-especial.html","og_locale":"pt_BR","og_type":"article","og_title":"STJ: Segurado que trabalha em condi\u00e7\u00f5es especiais pode contar tempo de aux\u00edlio-doen\u00e7a n\u00e3o acident\u00e1rio como especial | Portal de Not\u00edcias","og_description":"Por unanimidade, a Primeira Se&ccedil;&atilde;o fixou a tese de que o segurado que exerce atividades em condi&ccedil;&otilde;es especiais, quando em gozo de aux&iacute;lio-doen&ccedil;a &ndash; seja acident&aacute;rio ou previdenci&aacute;rio &ndash;, faz jus ao c&ocirc;mputo desse per&iacute;odo como especial. Ao julgar recurso repetitivo sobre o assunto (Tema 998), o colegiado considerou ilegal a distin&ccedil;&atilde;o entre as modalidades [&hellip;]","og_url":"https:\/\/mhcalculos.com.br\/noticias\/area\/previdenciario\/stj-segurado-que-trabalha-em-condicoes-especiais-pode-contar-tempo-de-auxilio-doenca-nao-acidentario-como-especial.html","og_site_name":"Portal de Not\u00edcias","article_published_time":"2019-07-16T05:00:24+00:00","article_modified_time":"2021-07-28T17:32:24+00:00","og_image":[{"width":2000,"height":800,"url":"https:\/\/mhcalculos.com.br\/noticias\/wp-content\/uploads\/sites\/2\/2019\/02\/previdenciario-0036.jpg","type":"image\/jpeg"}],"author":"Equipe MH","twitter_card":"summary_large_image","twitter_misc":{"Escrito por":"Equipe MH","Est. tempo de leitura":"4 minutos"},"schema":{"@context":"https:\/\/schema.org","@graph":[{"@type":"Article","@id":"https:\/\/mhcalculos.com.br\/noticias\/area\/previdenciario\/stj-segurado-que-trabalha-em-condicoes-especiais-pode-contar-tempo-de-auxilio-doenca-nao-acidentario-como-especial.html#article","isPartOf":{"@id":"https:\/\/mhcalculos.com.br\/noticias\/area\/previdenciario\/stj-segurado-que-trabalha-em-condicoes-especiais-pode-contar-tempo-de-auxilio-doenca-nao-acidentario-como-especial.html"},"author":{"name":"Equipe MH","@id":"https:\/\/mhcalculos.com.br\/noticias\/#\/schema\/person\/88d1c34bf72dc779ea14a5a6b8e0ae8d"},"headline":"STJ: Segurado que trabalha em condi\u00e7\u00f5es especiais pode contar tempo de aux\u00edlio-doen\u00e7a n\u00e3o acident\u00e1rio como especial","datePublished":"2019-07-16T05:00:24+00:00","dateModified":"2021-07-28T17:32:24+00:00","mainEntityOfPage":{"@id":"https:\/\/mhcalculos.com.br\/noticias\/area\/previdenciario\/stj-segurado-que-trabalha-em-condicoes-especiais-pode-contar-tempo-de-auxilio-doenca-nao-acidentario-como-especial.html"},"wordCount":863,"commentCount":0,"image":{"@id":"https:\/\/mhcalculos.com.br\/noticias\/area\/previdenciario\/stj-segurado-que-trabalha-em-condicoes-especiais-pode-contar-tempo-de-auxilio-doenca-nao-acidentario-como-especial.html#primaryimage"},"thumbnailUrl":"https:\/\/mhcalculos.com.br\/noticias\/wp-content\/uploads\/sites\/2\/2019\/02\/previdenciario-0036.jpg","keywords":["aposentadoria","c\u00e1lculos previdenci\u00e1rios","direito previdenci\u00e1rio","inss","per\u00edcia","perito","stj"],"articleSection":["Direito Previdenci\u00e1rio","STJ"],"inLanguage":"pt-BR","potentialAction":[{"@type":"CommentAction","name":"Comment","target":["https:\/\/mhcalculos.com.br\/noticias\/area\/previdenciario\/stj-segurado-que-trabalha-em-condicoes-especiais-pode-contar-tempo-de-auxilio-doenca-nao-acidentario-como-especial.html#respond"]}]},{"@type":"WebPage","@id":"https:\/\/mhcalculos.com.br\/noticias\/area\/previdenciario\/stj-segurado-que-trabalha-em-condicoes-especiais-pode-contar-tempo-de-auxilio-doenca-nao-acidentario-como-especial.html","url":"https:\/\/mhcalculos.com.br\/noticias\/area\/previdenciario\/stj-segurado-que-trabalha-em-condicoes-especiais-pode-contar-tempo-de-auxilio-doenca-nao-acidentario-como-especial.html","name":"STJ: Segurado que trabalha em condi\u00e7\u00f5es especiais pode contar tempo de aux\u00edlio-doen\u00e7a n\u00e3o acident\u00e1rio como especial | Portal de Not\u00edcias","isPartOf":{"@id":"https:\/\/mhcalculos.com.br\/noticias\/#website"},"primaryImageOfPage":{"@id":"https:\/\/mhcalculos.com.br\/noticias\/area\/previdenciario\/stj-segurado-que-trabalha-em-condicoes-especiais-pode-contar-tempo-de-auxilio-doenca-nao-acidentario-como-especial.html#primaryimage"},"image":{"@id":"https:\/\/mhcalculos.com.br\/noticias\/area\/previdenciario\/stj-segurado-que-trabalha-em-condicoes-especiais-pode-contar-tempo-de-auxilio-doenca-nao-acidentario-como-especial.html#primaryimage"},"thumbnailUrl":"https:\/\/mhcalculos.com.br\/noticias\/wp-content\/uploads\/sites\/2\/2019\/02\/previdenciario-0036.jpg","datePublished":"2019-07-16T05:00:24+00:00","dateModified":"2021-07-28T17:32:24+00:00","author":{"@id":"https:\/\/mhcalculos.com.br\/noticias\/#\/schema\/person\/88d1c34bf72dc779ea14a5a6b8e0ae8d"},"breadcrumb":{"@id":"https:\/\/mhcalculos.com.br\/noticias\/area\/previdenciario\/stj-segurado-que-trabalha-em-condicoes-especiais-pode-contar-tempo-de-auxilio-doenca-nao-acidentario-como-especial.html#breadcrumb"},"inLanguage":"pt-BR","potentialAction":[{"@type":"ReadAction","target":["https:\/\/mhcalculos.com.br\/noticias\/area\/previdenciario\/stj-segurado-que-trabalha-em-condicoes-especiais-pode-contar-tempo-de-auxilio-doenca-nao-acidentario-como-especial.html"]}]},{"@type":"ImageObject","inLanguage":"pt-BR","@id":"https:\/\/mhcalculos.com.br\/noticias\/area\/previdenciario\/stj-segurado-que-trabalha-em-condicoes-especiais-pode-contar-tempo-de-auxilio-doenca-nao-acidentario-como-especial.html#primaryimage","url":"https:\/\/mhcalculos.com.br\/noticias\/wp-content\/uploads\/sites\/2\/2019\/02\/previdenciario-0036.jpg","contentUrl":"https:\/\/mhcalculos.com.br\/noticias\/wp-content\/uploads\/sites\/2\/2019\/02\/previdenciario-0036.jpg","width":2000,"height":800},{"@type":"BreadcrumbList","@id":"https:\/\/mhcalculos.com.br\/noticias\/area\/previdenciario\/stj-segurado-que-trabalha-em-condicoes-especiais-pode-contar-tempo-de-auxilio-doenca-nao-acidentario-como-especial.html#breadcrumb","itemListElement":[{"@type":"ListItem","position":1,"name":"In\u00edcio","item":"https:\/\/mhcalculos.com.br\/noticias\/"},{"@type":"ListItem","position":2,"name":"STJ: Segurado que trabalha em condi\u00e7\u00f5es especiais pode contar tempo de aux\u00edlio-doen\u00e7a n\u00e3o acident\u00e1rio como especial"}]},{"@type":"WebSite","@id":"https:\/\/mhcalculos.com.br\/noticias\/#website","url":"https:\/\/mhcalculos.com.br\/noticias\/","name":"Portal de Not\u00edcias","description":"Not\u00edcias e Jurisprud\u00eancia","potentialAction":[{"@type":"SearchAction","target":{"@type":"EntryPoint","urlTemplate":"https:\/\/mhcalculos.com.br\/noticias\/?s={search_term_string}"},"query-input":{"@type":"PropertyValueSpecification","valueRequired":true,"valueName":"search_term_string"}}],"inLanguage":"pt-BR"},{"@type":"Person","@id":"https:\/\/mhcalculos.com.br\/noticias\/#\/schema\/person\/88d1c34bf72dc779ea14a5a6b8e0ae8d","name":"Equipe MH","image":{"@type":"ImageObject","inLanguage":"pt-BR","@id":"https:\/\/secure.gravatar.com\/avatar\/de1c686c2ecc9c5a3f327e3431d819eb39f8f05d4e1045f5a1caad6daaba987f?s=96&d=mm&r=g","url":"https:\/\/secure.gravatar.com\/avatar\/de1c686c2ecc9c5a3f327e3431d819eb39f8f05d4e1045f5a1caad6daaba987f?s=96&d=mm&r=g","contentUrl":"https:\/\/secure.gravatar.com\/avatar\/de1c686c2ecc9c5a3f327e3431d819eb39f8f05d4e1045f5a1caad6daaba987f?s=96&d=mm&r=g","caption":"Equipe MH"}}]}},"_links":{"self":[{"href":"https:\/\/mhcalculos.com.br\/noticias\/wp-json\/wp\/v2\/posts\/5208","targetHints":{"allow":["GET"]}}],"collection":[{"href":"https:\/\/mhcalculos.com.br\/noticias\/wp-json\/wp\/v2\/posts"}],"about":[{"href":"https:\/\/mhcalculos.com.br\/noticias\/wp-json\/wp\/v2\/types\/post"}],"author":[{"embeddable":true,"href":"https:\/\/mhcalculos.com.br\/noticias\/wp-json\/wp\/v2\/users\/3063"}],"replies":[{"embeddable":true,"href":"https:\/\/mhcalculos.com.br\/noticias\/wp-json\/wp\/v2\/comments?post=5208"}],"version-history":[{"count":1,"href":"https:\/\/mhcalculos.com.br\/noticias\/wp-json\/wp\/v2\/posts\/5208\/revisions"}],"predecessor-version":[{"id":9750,"href":"https:\/\/mhcalculos.com.br\/noticias\/wp-json\/wp\/v2\/posts\/5208\/revisions\/9750"}],"wp:featuredmedia":[{"embeddable":true,"href":"https:\/\/mhcalculos.com.br\/noticias\/wp-json\/wp\/v2\/media\/3753"}],"wp:attachment":[{"href":"https:\/\/mhcalculos.com.br\/noticias\/wp-json\/wp\/v2\/media?parent=5208"}],"wp:term":[{"taxonomy":"category","embeddable":true,"href":"https:\/\/mhcalculos.com.br\/noticias\/wp-json\/wp\/v2\/categories?post=5208"},{"taxonomy":"post_tag","embeddable":true,"href":"https:\/\/mhcalculos.com.br\/noticias\/wp-json\/wp\/v2\/tags?post=5208"}],"curies":[{"name":"wp","href":"https:\/\/api.w.org\/{rel}","templated":true}]}}