{"id":5204,"date":"2019-07-15T20:00:15","date_gmt":"2019-07-15T23:00:15","guid":{"rendered":"https:\/\/mhcalculos.com.br\/noticias\/2019\/07\/15\/stj-para-primeira-turma-nao-cabem-apreensao-de-passaporte-e-suspensao-de-cnh-em-execucao-fiscal\/"},"modified":"2021-07-28T14:32:24","modified_gmt":"2021-07-28T17:32:24","slug":"stj-para-primeira-turma-nao-cabem-apreensao-de-passaporte-e-suspensao-de-cnh-em-execucao-fiscal","status":"publish","type":"post","link":"https:\/\/mhcalculos.com.br\/noticias\/area\/tributario\/stj-para-primeira-turma-nao-cabem-apreensao-de-passaporte-e-suspensao-de-cnh-em-execucao-fiscal.html","title":{"rendered":"STJ: Para Primeira Turma, n\u00e3o cabem apreens\u00e3o de passaporte e suspens\u00e3o de CNH em execu\u00e7\u00e3o fiscal"},"content":{"rendered":"\n<p>A Primeira Turma do Superior Tribunal de Justi\u00e7a (STJ), por maioria, concedeu habeas corpus para suspender decis\u00e3o do Tribunal de Justi\u00e7a do Paran\u00e1 (TJPR) que, em execu\u00e7\u00e3o de condena\u00e7\u00e3o por improbidade administrativa, havia mandado apreender o passaporte e suspender a Carteira Nacional de Habilita\u00e7\u00e3o (CNH) do ex-prefeito de Foz do Igua\u00e7u (PR) Celso Samis da Silva.<\/p>\n<p>A controv\u00e9rsia teve origem em execu\u00e7\u00e3o fiscal originada de ac\u00f3rd\u00e3o do Tribunal de Contas do Paran\u00e1 que responsabilizou o munic\u00edpio de Foz do Igua\u00e7u por d\u00e9bitos trabalhistas decorrentes de terceiriza\u00e7\u00e3o il\u00edcita de m\u00e3o de obra. Como forma de regresso, o munic\u00edpio emitiu Certid\u00e3o de D\u00edvida Ativa e iniciou a execu\u00e7\u00e3o fiscal contra o ex-prefeito. \u00c0 \u00e9poca, dezembro de 2013, o d\u00e9bito era de R$ 24.645,53.<\/p>\n<p>Em primeiro grau, foi determinada a penhora de 30% do sal\u00e1rio recebido pelo ex-prefeito na Companhia de Saneamento do Paran\u00e1, com a reten\u00e7\u00e3o do valor em folha de pagamento. Posteriormente, o TJPR deferiu pedido do munic\u00edpio para inscrever o r\u00e9u em cadastro de inadimplentes, nos \u00f3rg\u00e3os de prote\u00e7\u00e3o de cr\u00e9dito, e suspendeu seu passaporte e a CNH como forma de coagi-lo a pagar a d\u00edvida.<\/p>\n<p>Ao apresentar o habeas corpus no STJ, o ex-prefeito alegou desproporcionalidade na medida e afirmou que j\u00e1 est\u00e3o sendo retidos 30% do seu sal\u00e1rio para saldar a d\u00edvida. Argumentou, ainda, que a restri\u00e7\u00e3o em rela\u00e7\u00e3o ao passaporte e \u00e0 CNH lhe traz v\u00e1rios preju\u00edzos.<\/p>\n<h2>Medida excessiva<\/h2>\n<p>De acordo com o relator, ministro Napole\u00e3o Nunes Maia Filho, foi desproporcional o ato do TJPR ao apreender o passaporte e suspender a CNH do ex-prefeito.<\/p>\n<p>&#8220;O caderno processual aponta que h\u00e1 penhora de 30% dos vencimentos que o r\u00e9u aufere na Companhia de Saneamento do Paran\u00e1. Al\u00e9m disso, rendimentos de s\u00f3cio majorit\u00e1rio que o executado possui na R\u00e1dio Cultura de Foz do Igua\u00e7u Ltda. \u2013 EPP tamb\u00e9m foram levados a bloqueio&#8221;, destacou.<\/p>\n<p>Para o ministro, o r\u00e9u foi submetido a not\u00f3ria restri\u00e7\u00e3o do direito constitucional de ir e vir, num contexto de &#8220;execu\u00e7\u00e3o fiscal j\u00e1 razoavelmente assegurada&#8221;. Segundo ele, a restri\u00e7\u00e3o torna-se mais aguda para algu\u00e9m que vive em cidade onde se situa a tr\u00edplice fronteira Brasil-Paraguai-Argentina.<\/p>\n<p>&#8220;\u00c9 not\u00f3rio que, por residir nessa localidade fronteiri\u00e7a, o paciente est\u00e1 a sofrer mais limita\u00e7\u00f5es em seu direito de ir e vir pela supress\u00e3o de passaporte do que outra pessoa que esteja a milhares de quil\u00f4metros de qualquer \u00e1rea lim\u00edtrofe&#8221;, afirmou o relator.<\/p>\n<h2>Privil\u00e9gios processuais<\/h2>\n<p>Napole\u00e3o Maia Filho explicou que a l\u00f3gica de mercado n\u00e3o se aplica \u00e0s execu\u00e7\u00f5es fiscais, pois o poder p\u00fablico j\u00e1 \u00e9 dotado, pela\u00a0<a href=\"http:\/\/www.planalto.gov.br\/ccivil_03\/leis\/l6830.htm\" target=\"_blank\" rel=\"noopener noreferrer\"><strong>Lei 6.830\/1980<\/strong><\/a>, de privil\u00e9gios processuais.<\/p>\n<p>&#8220;Para se ter uma ideia do que o poder p\u00fablico j\u00e1 possui de privil\u00e9gios\u00a0<em>ex ante<\/em>, a execu\u00e7\u00e3o s\u00f3 \u00e9 embarg\u00e1vel mediante a plena garantia do ju\u00edzo (artigo 16, par\u00e1grafo 1\u00ba, da Lei de Execu\u00e7\u00e3o Fiscal), o que n\u00e3o encontra correspondente na execu\u00e7\u00e3o que se pode dizer comum. Como se percebe, o cr\u00e9dito fiscal \u00e9 altamente blindado dos riscos de inadimplemento, por sua pr\u00f3pria conforma\u00e7\u00e3o jusprocedimental&#8221;, observou.<\/p>\n<p>Ao votar pela concess\u00e3o do habeas corpus, o ministro acrescentou que s\u00e3o excessivas &#8220;medidas at\u00edpicas aflitivas pessoais, tais como a suspens\u00e3o de passaporte e da licen\u00e7a para dirigir&#8221;, quando aplicadas no \u00e2mbito de execu\u00e7\u00e3o fiscal.<\/p>\n<p><em>Leia tamb\u00e9m:<\/em><\/p>\n<p><a href=\"http:\/\/www.stj.jus.br\/sites\/portalp\/Paginas\/Comunicacao\/Noticias-antigas\/2018\/2018-06-05_19-26_Quarta-Turma-nao-admite-suspensao-de-passaporte-para-coacao-de-devedor.aspx\"><strong>Quarta Turma n\u00e3o admite suspens\u00e3o de passaporte para coa\u00e7\u00e3o de devedor<\/strong><\/a><\/p>\n<p><a href=\"http:\/\/www.stj.jus.br\/sites\/portalp\/Paginas\/Comunicacao\/Noticias-antigas\/2018\/2018-12-12_06-52_Terceira-Turma-mantem-bloqueio-de-passaporte-como-meio-coercitivo-para-pagamento-de-divida.aspx\"><strong>Terceira Turma mant\u00e9m bloqueio de passaporte como meio coercitivo para pagamento de d\u00edvida<\/strong><\/a>?<\/p>\n<p><\/p>\n<p><i>Com informa\u00e7\u00f5es da assessoria de imprensa do STJ.<\/i><\/p>\n<p><a href=\"http:\/\/feedproxy.google.com\/~r\/STJNoticias\/~3\/wTIhqpu4fJ8\/Para-Primeira-Turma,-n%C3%A3o-cabem-apreens%C3%A3o-de-passaporte-e-suspens%C3%A3o-de-CNH-em-execu%C3%A7%C3%A3o-fiscal\">Fonte<\/a><\/p>\n\n","protected":false},"excerpt":{"rendered":"<p>A Primeira Turma do Superior Tribunal de Justi\u00e7a (STJ), por maioria, concedeu habeas corpus para suspender decis\u00e3o do Tribunal de Justi\u00e7a do Paran\u00e1 (TJPR) que, em execu\u00e7\u00e3o de condena\u00e7\u00e3o por improbidade administrativa, havia mandado apreender o passaporte e suspender a Carteira Nacional de Habilita\u00e7\u00e3o (CNH) do ex-prefeito de Foz do Igua\u00e7u (PR) Celso Samis da [&hellip;]<\/p>\n","protected":false},"author":3063,"featured_media":4194,"comment_status":"open","ping_status":"open","sticky":false,"template":"","format":"standard","meta":{"footnotes":""},"categories":[18,7],"tags":[32,31,42,30,29,213,9,12,14,212,214],"class_list":{"0":"post-5204","1":"post","2":"type-post","3":"status-publish","4":"format-standard","5":"has-post-thumbnail","7":"category-tributario","8":"category-stj","9":"tag-calculos-judiciais","10":"tag-calculos-tributarios","11":"tag-direito-tributario","12":"tag-divida-ativa","13":"tag-fazenda-publica","14":"tag-imposto","15":"tag-pericia","16":"tag-perito","17":"tag-stj","18":"tag-superior-tribunal-de-justica","19":"tag-tributo"},"yoast_head":"<!-- This site is optimized with the Yoast SEO plugin v27.2 - https:\/\/yoast.com\/product\/yoast-seo-wordpress\/ -->\n<title>STJ: Para Primeira Turma, n\u00e3o cabem apreens\u00e3o de passaporte e suspens\u00e3o de CNH em execu\u00e7\u00e3o fiscal | Portal de Not\u00edcias<\/title>\n<meta name=\"robots\" content=\"index, follow, max-snippet:-1, max-image-preview:large, max-video-preview:-1\" \/>\n<link rel=\"canonical\" href=\"https:\/\/mhcalculos.com.br\/noticias\/area\/tributario\/stj-para-primeira-turma-nao-cabem-apreensao-de-passaporte-e-suspensao-de-cnh-em-execucao-fiscal.html\" \/>\n<meta property=\"og:locale\" content=\"pt_BR\" \/>\n<meta property=\"og:type\" content=\"article\" \/>\n<meta property=\"og:title\" content=\"STJ: Para Primeira Turma, n\u00e3o cabem apreens\u00e3o de passaporte e suspens\u00e3o de CNH em execu\u00e7\u00e3o fiscal | Portal de Not\u00edcias\" \/>\n<meta property=\"og:description\" content=\"A Primeira Turma do Superior Tribunal de Justi\u00e7a (STJ), por maioria, concedeu habeas corpus para suspender decis\u00e3o do Tribunal de Justi\u00e7a do Paran\u00e1 (TJPR) que, em execu\u00e7\u00e3o de condena\u00e7\u00e3o por improbidade administrativa, havia mandado apreender o passaporte e suspender a Carteira Nacional de Habilita\u00e7\u00e3o (CNH) do ex-prefeito de Foz do Igua\u00e7u (PR) Celso Samis da [&hellip;]\" \/>\n<meta property=\"og:url\" content=\"https:\/\/mhcalculos.com.br\/noticias\/area\/tributario\/stj-para-primeira-turma-nao-cabem-apreensao-de-passaporte-e-suspensao-de-cnh-em-execucao-fiscal.html\" \/>\n<meta property=\"og:site_name\" content=\"Portal de Not\u00edcias\" \/>\n<meta property=\"article:published_time\" content=\"2019-07-15T23:00:15+00:00\" \/>\n<meta property=\"article:modified_time\" content=\"2021-07-28T17:32:24+00:00\" \/>\n<meta property=\"og:image\" content=\"https:\/\/mhcalculos.com.br\/noticias\/wp-content\/uploads\/sites\/2\/2019\/05\/tributario-0044.jpg\" \/>\n\t<meta property=\"og:image:width\" content=\"2000\" \/>\n\t<meta property=\"og:image:height\" content=\"800\" \/>\n\t<meta property=\"og:image:type\" content=\"image\/jpeg\" \/>\n<meta name=\"author\" content=\"Equipe MH\" \/>\n<meta name=\"twitter:card\" content=\"summary_large_image\" \/>\n<meta name=\"twitter:label1\" content=\"Escrito por\" \/>\n\t<meta name=\"twitter:data1\" content=\"Equipe MH\" \/>\n\t<meta name=\"twitter:label2\" content=\"Est. tempo de leitura\" \/>\n\t<meta name=\"twitter:data2\" content=\"3 minutos\" \/>\n<script type=\"application\/ld+json\" class=\"yoast-schema-graph\">{\"@context\":\"https:\/\/schema.org\",\"@graph\":[{\"@type\":\"Article\",\"@id\":\"https:\/\/mhcalculos.com.br\/noticias\/area\/tributario\/stj-para-primeira-turma-nao-cabem-apreensao-de-passaporte-e-suspensao-de-cnh-em-execucao-fiscal.html#article\",\"isPartOf\":{\"@id\":\"https:\/\/mhcalculos.com.br\/noticias\/area\/tributario\/stj-para-primeira-turma-nao-cabem-apreensao-de-passaporte-e-suspensao-de-cnh-em-execucao-fiscal.html\"},\"author\":{\"name\":\"Equipe MH\",\"@id\":\"https:\/\/mhcalculos.com.br\/noticias\/#\/schema\/person\/88d1c34bf72dc779ea14a5a6b8e0ae8d\"},\"headline\":\"STJ: Para Primeira Turma, n\u00e3o cabem apreens\u00e3o de passaporte e suspens\u00e3o de CNH em execu\u00e7\u00e3o fiscal\",\"datePublished\":\"2019-07-15T23:00:15+00:00\",\"dateModified\":\"2021-07-28T17:32:24+00:00\",\"mainEntityOfPage\":{\"@id\":\"https:\/\/mhcalculos.com.br\/noticias\/area\/tributario\/stj-para-primeira-turma-nao-cabem-apreensao-de-passaporte-e-suspensao-de-cnh-em-execucao-fiscal.html\"},\"wordCount\":657,\"commentCount\":0,\"image\":{\"@id\":\"https:\/\/mhcalculos.com.br\/noticias\/area\/tributario\/stj-para-primeira-turma-nao-cabem-apreensao-de-passaporte-e-suspensao-de-cnh-em-execucao-fiscal.html#primaryimage\"},\"thumbnailUrl\":\"https:\/\/mhcalculos.com.br\/noticias\/wp-content\/uploads\/sites\/2\/2019\/05\/tributario-0044.jpg\",\"keywords\":[\"c\u00e1lculos judiciais\",\"c\u00e1lculos tribut\u00e1rios\",\"direito tribut\u00e1rio\",\"d\u00edvida ativa\",\"fazenda p\u00fablica\",\"Imposto\",\"per\u00edcia\",\"perito\",\"stj\",\"Superior Tribunal de Justi\u00e7a\",\"tributo\"],\"articleSection\":[\"Direito Tribut\u00e1rio\",\"STJ\"],\"inLanguage\":\"pt-BR\",\"potentialAction\":[{\"@type\":\"CommentAction\",\"name\":\"Comment\",\"target\":[\"https:\/\/mhcalculos.com.br\/noticias\/area\/tributario\/stj-para-primeira-turma-nao-cabem-apreensao-de-passaporte-e-suspensao-de-cnh-em-execucao-fiscal.html#respond\"]}]},{\"@type\":\"WebPage\",\"@id\":\"https:\/\/mhcalculos.com.br\/noticias\/area\/tributario\/stj-para-primeira-turma-nao-cabem-apreensao-de-passaporte-e-suspensao-de-cnh-em-execucao-fiscal.html\",\"url\":\"https:\/\/mhcalculos.com.br\/noticias\/area\/tributario\/stj-para-primeira-turma-nao-cabem-apreensao-de-passaporte-e-suspensao-de-cnh-em-execucao-fiscal.html\",\"name\":\"STJ: Para Primeira Turma, n\u00e3o cabem apreens\u00e3o de passaporte e suspens\u00e3o de CNH em execu\u00e7\u00e3o fiscal | Portal de Not\u00edcias\",\"isPartOf\":{\"@id\":\"https:\/\/mhcalculos.com.br\/noticias\/#website\"},\"primaryImageOfPage\":{\"@id\":\"https:\/\/mhcalculos.com.br\/noticias\/area\/tributario\/stj-para-primeira-turma-nao-cabem-apreensao-de-passaporte-e-suspensao-de-cnh-em-execucao-fiscal.html#primaryimage\"},\"image\":{\"@id\":\"https:\/\/mhcalculos.com.br\/noticias\/area\/tributario\/stj-para-primeira-turma-nao-cabem-apreensao-de-passaporte-e-suspensao-de-cnh-em-execucao-fiscal.html#primaryimage\"},\"thumbnailUrl\":\"https:\/\/mhcalculos.com.br\/noticias\/wp-content\/uploads\/sites\/2\/2019\/05\/tributario-0044.jpg\",\"datePublished\":\"2019-07-15T23:00:15+00:00\",\"dateModified\":\"2021-07-28T17:32:24+00:00\",\"author\":{\"@id\":\"https:\/\/mhcalculos.com.br\/noticias\/#\/schema\/person\/88d1c34bf72dc779ea14a5a6b8e0ae8d\"},\"breadcrumb\":{\"@id\":\"https:\/\/mhcalculos.com.br\/noticias\/area\/tributario\/stj-para-primeira-turma-nao-cabem-apreensao-de-passaporte-e-suspensao-de-cnh-em-execucao-fiscal.html#breadcrumb\"},\"inLanguage\":\"pt-BR\",\"potentialAction\":[{\"@type\":\"ReadAction\",\"target\":[\"https:\/\/mhcalculos.com.br\/noticias\/area\/tributario\/stj-para-primeira-turma-nao-cabem-apreensao-de-passaporte-e-suspensao-de-cnh-em-execucao-fiscal.html\"]}]},{\"@type\":\"ImageObject\",\"inLanguage\":\"pt-BR\",\"@id\":\"https:\/\/mhcalculos.com.br\/noticias\/area\/tributario\/stj-para-primeira-turma-nao-cabem-apreensao-de-passaporte-e-suspensao-de-cnh-em-execucao-fiscal.html#primaryimage\",\"url\":\"https:\/\/mhcalculos.com.br\/noticias\/wp-content\/uploads\/sites\/2\/2019\/05\/tributario-0044.jpg\",\"contentUrl\":\"https:\/\/mhcalculos.com.br\/noticias\/wp-content\/uploads\/sites\/2\/2019\/05\/tributario-0044.jpg\",\"width\":2000,\"height\":800},{\"@type\":\"BreadcrumbList\",\"@id\":\"https:\/\/mhcalculos.com.br\/noticias\/area\/tributario\/stj-para-primeira-turma-nao-cabem-apreensao-de-passaporte-e-suspensao-de-cnh-em-execucao-fiscal.html#breadcrumb\",\"itemListElement\":[{\"@type\":\"ListItem\",\"position\":1,\"name\":\"In\u00edcio\",\"item\":\"https:\/\/mhcalculos.com.br\/noticias\/\"},{\"@type\":\"ListItem\",\"position\":2,\"name\":\"STJ: Para Primeira Turma, n\u00e3o cabem apreens\u00e3o de passaporte e suspens\u00e3o de CNH em execu\u00e7\u00e3o fiscal\"}]},{\"@type\":\"WebSite\",\"@id\":\"https:\/\/mhcalculos.com.br\/noticias\/#website\",\"url\":\"https:\/\/mhcalculos.com.br\/noticias\/\",\"name\":\"Portal de Not\u00edcias\",\"description\":\"Not\u00edcias e Jurisprud\u00eancia\",\"potentialAction\":[{\"@type\":\"SearchAction\",\"target\":{\"@type\":\"EntryPoint\",\"urlTemplate\":\"https:\/\/mhcalculos.com.br\/noticias\/?s={search_term_string}\"},\"query-input\":{\"@type\":\"PropertyValueSpecification\",\"valueRequired\":true,\"valueName\":\"search_term_string\"}}],\"inLanguage\":\"pt-BR\"},{\"@type\":\"Person\",\"@id\":\"https:\/\/mhcalculos.com.br\/noticias\/#\/schema\/person\/88d1c34bf72dc779ea14a5a6b8e0ae8d\",\"name\":\"Equipe MH\",\"image\":{\"@type\":\"ImageObject\",\"inLanguage\":\"pt-BR\",\"@id\":\"https:\/\/secure.gravatar.com\/avatar\/de1c686c2ecc9c5a3f327e3431d819eb39f8f05d4e1045f5a1caad6daaba987f?s=96&d=mm&r=g\",\"url\":\"https:\/\/secure.gravatar.com\/avatar\/de1c686c2ecc9c5a3f327e3431d819eb39f8f05d4e1045f5a1caad6daaba987f?s=96&d=mm&r=g\",\"contentUrl\":\"https:\/\/secure.gravatar.com\/avatar\/de1c686c2ecc9c5a3f327e3431d819eb39f8f05d4e1045f5a1caad6daaba987f?s=96&d=mm&r=g\",\"caption\":\"Equipe MH\"}}]}<\/script>\n<!-- \/ Yoast SEO plugin. -->","yoast_head_json":{"title":"STJ: Para Primeira Turma, n\u00e3o cabem apreens\u00e3o de passaporte e suspens\u00e3o de CNH em execu\u00e7\u00e3o fiscal | Portal de Not\u00edcias","robots":{"index":"index","follow":"follow","max-snippet":"max-snippet:-1","max-image-preview":"max-image-preview:large","max-video-preview":"max-video-preview:-1"},"canonical":"https:\/\/mhcalculos.com.br\/noticias\/area\/tributario\/stj-para-primeira-turma-nao-cabem-apreensao-de-passaporte-e-suspensao-de-cnh-em-execucao-fiscal.html","og_locale":"pt_BR","og_type":"article","og_title":"STJ: Para Primeira Turma, n\u00e3o cabem apreens\u00e3o de passaporte e suspens\u00e3o de CNH em execu\u00e7\u00e3o fiscal | Portal de Not\u00edcias","og_description":"A Primeira Turma do Superior Tribunal de Justi\u00e7a (STJ), por maioria, concedeu habeas corpus para suspender decis\u00e3o do Tribunal de Justi\u00e7a do Paran\u00e1 (TJPR) que, em execu\u00e7\u00e3o de condena\u00e7\u00e3o por improbidade administrativa, havia mandado apreender o passaporte e suspender a Carteira Nacional de Habilita\u00e7\u00e3o (CNH) do ex-prefeito de Foz do Igua\u00e7u (PR) Celso Samis da [&hellip;]","og_url":"https:\/\/mhcalculos.com.br\/noticias\/area\/tributario\/stj-para-primeira-turma-nao-cabem-apreensao-de-passaporte-e-suspensao-de-cnh-em-execucao-fiscal.html","og_site_name":"Portal de Not\u00edcias","article_published_time":"2019-07-15T23:00:15+00:00","article_modified_time":"2021-07-28T17:32:24+00:00","og_image":[{"width":2000,"height":800,"url":"https:\/\/mhcalculos.com.br\/noticias\/wp-content\/uploads\/sites\/2\/2019\/05\/tributario-0044.jpg","type":"image\/jpeg"}],"author":"Equipe MH","twitter_card":"summary_large_image","twitter_misc":{"Escrito por":"Equipe MH","Est. tempo de leitura":"3 minutos"},"schema":{"@context":"https:\/\/schema.org","@graph":[{"@type":"Article","@id":"https:\/\/mhcalculos.com.br\/noticias\/area\/tributario\/stj-para-primeira-turma-nao-cabem-apreensao-de-passaporte-e-suspensao-de-cnh-em-execucao-fiscal.html#article","isPartOf":{"@id":"https:\/\/mhcalculos.com.br\/noticias\/area\/tributario\/stj-para-primeira-turma-nao-cabem-apreensao-de-passaporte-e-suspensao-de-cnh-em-execucao-fiscal.html"},"author":{"name":"Equipe MH","@id":"https:\/\/mhcalculos.com.br\/noticias\/#\/schema\/person\/88d1c34bf72dc779ea14a5a6b8e0ae8d"},"headline":"STJ: Para Primeira Turma, n\u00e3o cabem apreens\u00e3o de passaporte e suspens\u00e3o de CNH em execu\u00e7\u00e3o fiscal","datePublished":"2019-07-15T23:00:15+00:00","dateModified":"2021-07-28T17:32:24+00:00","mainEntityOfPage":{"@id":"https:\/\/mhcalculos.com.br\/noticias\/area\/tributario\/stj-para-primeira-turma-nao-cabem-apreensao-de-passaporte-e-suspensao-de-cnh-em-execucao-fiscal.html"},"wordCount":657,"commentCount":0,"image":{"@id":"https:\/\/mhcalculos.com.br\/noticias\/area\/tributario\/stj-para-primeira-turma-nao-cabem-apreensao-de-passaporte-e-suspensao-de-cnh-em-execucao-fiscal.html#primaryimage"},"thumbnailUrl":"https:\/\/mhcalculos.com.br\/noticias\/wp-content\/uploads\/sites\/2\/2019\/05\/tributario-0044.jpg","keywords":["c\u00e1lculos judiciais","c\u00e1lculos tribut\u00e1rios","direito tribut\u00e1rio","d\u00edvida ativa","fazenda p\u00fablica","Imposto","per\u00edcia","perito","stj","Superior Tribunal de Justi\u00e7a","tributo"],"articleSection":["Direito Tribut\u00e1rio","STJ"],"inLanguage":"pt-BR","potentialAction":[{"@type":"CommentAction","name":"Comment","target":["https:\/\/mhcalculos.com.br\/noticias\/area\/tributario\/stj-para-primeira-turma-nao-cabem-apreensao-de-passaporte-e-suspensao-de-cnh-em-execucao-fiscal.html#respond"]}]},{"@type":"WebPage","@id":"https:\/\/mhcalculos.com.br\/noticias\/area\/tributario\/stj-para-primeira-turma-nao-cabem-apreensao-de-passaporte-e-suspensao-de-cnh-em-execucao-fiscal.html","url":"https:\/\/mhcalculos.com.br\/noticias\/area\/tributario\/stj-para-primeira-turma-nao-cabem-apreensao-de-passaporte-e-suspensao-de-cnh-em-execucao-fiscal.html","name":"STJ: Para Primeira Turma, n\u00e3o cabem apreens\u00e3o de passaporte e suspens\u00e3o de CNH em execu\u00e7\u00e3o fiscal | Portal de Not\u00edcias","isPartOf":{"@id":"https:\/\/mhcalculos.com.br\/noticias\/#website"},"primaryImageOfPage":{"@id":"https:\/\/mhcalculos.com.br\/noticias\/area\/tributario\/stj-para-primeira-turma-nao-cabem-apreensao-de-passaporte-e-suspensao-de-cnh-em-execucao-fiscal.html#primaryimage"},"image":{"@id":"https:\/\/mhcalculos.com.br\/noticias\/area\/tributario\/stj-para-primeira-turma-nao-cabem-apreensao-de-passaporte-e-suspensao-de-cnh-em-execucao-fiscal.html#primaryimage"},"thumbnailUrl":"https:\/\/mhcalculos.com.br\/noticias\/wp-content\/uploads\/sites\/2\/2019\/05\/tributario-0044.jpg","datePublished":"2019-07-15T23:00:15+00:00","dateModified":"2021-07-28T17:32:24+00:00","author":{"@id":"https:\/\/mhcalculos.com.br\/noticias\/#\/schema\/person\/88d1c34bf72dc779ea14a5a6b8e0ae8d"},"breadcrumb":{"@id":"https:\/\/mhcalculos.com.br\/noticias\/area\/tributario\/stj-para-primeira-turma-nao-cabem-apreensao-de-passaporte-e-suspensao-de-cnh-em-execucao-fiscal.html#breadcrumb"},"inLanguage":"pt-BR","potentialAction":[{"@type":"ReadAction","target":["https:\/\/mhcalculos.com.br\/noticias\/area\/tributario\/stj-para-primeira-turma-nao-cabem-apreensao-de-passaporte-e-suspensao-de-cnh-em-execucao-fiscal.html"]}]},{"@type":"ImageObject","inLanguage":"pt-BR","@id":"https:\/\/mhcalculos.com.br\/noticias\/area\/tributario\/stj-para-primeira-turma-nao-cabem-apreensao-de-passaporte-e-suspensao-de-cnh-em-execucao-fiscal.html#primaryimage","url":"https:\/\/mhcalculos.com.br\/noticias\/wp-content\/uploads\/sites\/2\/2019\/05\/tributario-0044.jpg","contentUrl":"https:\/\/mhcalculos.com.br\/noticias\/wp-content\/uploads\/sites\/2\/2019\/05\/tributario-0044.jpg","width":2000,"height":800},{"@type":"BreadcrumbList","@id":"https:\/\/mhcalculos.com.br\/noticias\/area\/tributario\/stj-para-primeira-turma-nao-cabem-apreensao-de-passaporte-e-suspensao-de-cnh-em-execucao-fiscal.html#breadcrumb","itemListElement":[{"@type":"ListItem","position":1,"name":"In\u00edcio","item":"https:\/\/mhcalculos.com.br\/noticias\/"},{"@type":"ListItem","position":2,"name":"STJ: Para Primeira Turma, n\u00e3o cabem apreens\u00e3o de passaporte e suspens\u00e3o de CNH em execu\u00e7\u00e3o fiscal"}]},{"@type":"WebSite","@id":"https:\/\/mhcalculos.com.br\/noticias\/#website","url":"https:\/\/mhcalculos.com.br\/noticias\/","name":"Portal de Not\u00edcias","description":"Not\u00edcias e Jurisprud\u00eancia","potentialAction":[{"@type":"SearchAction","target":{"@type":"EntryPoint","urlTemplate":"https:\/\/mhcalculos.com.br\/noticias\/?s={search_term_string}"},"query-input":{"@type":"PropertyValueSpecification","valueRequired":true,"valueName":"search_term_string"}}],"inLanguage":"pt-BR"},{"@type":"Person","@id":"https:\/\/mhcalculos.com.br\/noticias\/#\/schema\/person\/88d1c34bf72dc779ea14a5a6b8e0ae8d","name":"Equipe MH","image":{"@type":"ImageObject","inLanguage":"pt-BR","@id":"https:\/\/secure.gravatar.com\/avatar\/de1c686c2ecc9c5a3f327e3431d819eb39f8f05d4e1045f5a1caad6daaba987f?s=96&d=mm&r=g","url":"https:\/\/secure.gravatar.com\/avatar\/de1c686c2ecc9c5a3f327e3431d819eb39f8f05d4e1045f5a1caad6daaba987f?s=96&d=mm&r=g","contentUrl":"https:\/\/secure.gravatar.com\/avatar\/de1c686c2ecc9c5a3f327e3431d819eb39f8f05d4e1045f5a1caad6daaba987f?s=96&d=mm&r=g","caption":"Equipe MH"}}]}},"_links":{"self":[{"href":"https:\/\/mhcalculos.com.br\/noticias\/wp-json\/wp\/v2\/posts\/5204","targetHints":{"allow":["GET"]}}],"collection":[{"href":"https:\/\/mhcalculos.com.br\/noticias\/wp-json\/wp\/v2\/posts"}],"about":[{"href":"https:\/\/mhcalculos.com.br\/noticias\/wp-json\/wp\/v2\/types\/post"}],"author":[{"embeddable":true,"href":"https:\/\/mhcalculos.com.br\/noticias\/wp-json\/wp\/v2\/users\/3063"}],"replies":[{"embeddable":true,"href":"https:\/\/mhcalculos.com.br\/noticias\/wp-json\/wp\/v2\/comments?post=5204"}],"version-history":[{"count":1,"href":"https:\/\/mhcalculos.com.br\/noticias\/wp-json\/wp\/v2\/posts\/5204\/revisions"}],"predecessor-version":[{"id":6579,"href":"https:\/\/mhcalculos.com.br\/noticias\/wp-json\/wp\/v2\/posts\/5204\/revisions\/6579"}],"wp:featuredmedia":[{"embeddable":true,"href":"https:\/\/mhcalculos.com.br\/noticias\/wp-json\/wp\/v2\/media\/4194"}],"wp:attachment":[{"href":"https:\/\/mhcalculos.com.br\/noticias\/wp-json\/wp\/v2\/media?parent=5204"}],"wp:term":[{"taxonomy":"category","embeddable":true,"href":"https:\/\/mhcalculos.com.br\/noticias\/wp-json\/wp\/v2\/categories?post=5204"},{"taxonomy":"post_tag","embeddable":true,"href":"https:\/\/mhcalculos.com.br\/noticias\/wp-json\/wp\/v2\/tags?post=5204"}],"curies":[{"name":"wp","href":"https:\/\/api.w.org\/{rel}","templated":true}]}}