{"id":5171,"date":"2019-07-13T16:00:10","date_gmt":"2019-07-13T19:00:10","guid":{"rendered":"https:\/\/mhcalculos.com.br\/noticias\/2019\/07\/13\/stf-negada-liminar-que-pedia-suspensao-da-votacao-da-reforma-da-previdencia\/"},"modified":"2021-07-28T14:32:24","modified_gmt":"2021-07-28T17:32:24","slug":"stf-negada-liminar-que-pedia-suspensao-da-votacao-da-reforma-da-previdencia","status":"publish","type":"post","link":"https:\/\/mhcalculos.com.br\/noticias\/area\/previdenciario\/stf-negada-liminar-que-pedia-suspensao-da-votacao-da-reforma-da-previdencia.html","title":{"rendered":"STF: Negada liminar que pedia suspens\u00e3o da vota\u00e7\u00e3o da Reforma da Previd\u00eancia"},"content":{"rendered":"<p><br \/>\n<\/p>\n<p>O presidente do Supremo Tribunal Federal (STF), ministro Dias Toffoli, indeferiu liminar por meio da qual o deputado federal Ivan Valente (PSOL-SP) pedia que fosse suspensa a vota\u00e7\u00e3o da Reforma da Previd\u00eancia &ndash; Proposta de Emenda \u00e0 Constitui\u00e7\u00e3o (PEC) 6\/2019 &ndash; e que o Executivo se abstivesse de liberar valores referentes a emendas parlamentares que, segundo o parlamentar, estariam sendo utilizados como moeda de troca na conquista dos votos suficientes de parlamentes para a aprova\u00e7\u00e3o da reforma na C\u00e2mara dos Deputados. A decis\u00e3o do ministro foi proferida no Mandado de Seguran\u00e7a (MS) 36570.<\/p>\n<p>Segundo o deputado, o Executivo teria autorizado a libera\u00e7\u00e3o de valores de emendas parlamentares no or\u00e7amento do Minist\u00e9rio da Sa\u00fade acima do previsto na Lei 13.700\/2018 (Lei Or\u00e7ament\u00e1ria), com o objetivo de angariar apoio para a aprova\u00e7\u00e3o da Reforma da Previd\u00eancia, situa\u00e7\u00e3o que, segundo alega, contraria a pr\u00f3pria lei, que veda a utiliza\u00e7\u00e3o da execu\u00e7\u00e3o or\u00e7ament\u00e1ria &ldquo;para influir na aprecia\u00e7\u00e3o de proposi\u00e7\u00f5es legislativas em tramita\u00e7\u00e3o no Congresso Nacional&rdquo;. Com isso, afirma o parlamentar, o processo legislativo teria v\u00edcio de legalidade e de inconstitucionalidade.<\/p>\n<p>Segundo o presidente do STF, o parlamentar n\u00e3o demonstrou ter direito l\u00edquido e certo violado que justifique a concess\u00e3o de liminar para suspender o processo legislativo, pois n\u00e3o ficou inequivocamente demonstrada a exist\u00eancia de correla\u00e7\u00e3o entre a libera\u00e7\u00e3o dos valores das emendas parlamentares com o processo legislativo da PEC 6\/2019. Observou, ainda, n\u00e3o ter sido comprovada desconformidade na execu\u00e7\u00e3o das emendas parlamentares com a lei or\u00e7ament\u00e1ria anual ou com as normas gerais e especiais que disciplinam a execu\u00e7\u00e3o do or\u00e7amento. O ministro destacou que n\u00e3o \u00e9 poss\u00edvel presumir, por mera alega\u00e7\u00e3o, a interfer\u00eancia do Poder Executivo na delibera\u00e7\u00e3o e no livre convencimento dos parlamentares.<\/p>\n<p>&ldquo;Como se sabe, a exist\u00eancia de controv\u00e9rsia sobre mat\u00e9ria de fato revela-se bastante para descaracterizar a liquidez necess\u00e1ria \u00e0 configura\u00e7\u00e3o de situa\u00e7\u00e3o ampar\u00e1vel pela a\u00e7\u00e3o de mandado de seguran\u00e7a&rdquo;, destacou o presidente.<\/p>\n<p><span style=\"font-size: small\">PR\/AD<\/span><\/p>\n<p>&nbsp;<\/p>\n<p><i>Com informa\u00e7\u00f5es da assessoria de imprensa do STF.<\/i><br \/>\n<br \/><br \/>\n<br \/><a href=\"http:\/\/www.stf.jus.br\/portal\/cms\/verNoticiaDetalhe.asp?idConteudo=416268\">Fonte<\/a><\/p>\n","protected":false},"excerpt":{"rendered":"<p>O presidente do Supremo Tribunal Federal (STF), ministro Dias Toffoli, indeferiu liminar por meio da qual o deputado federal Ivan Valente (PSOL-SP) pedia que fosse suspensa a vota\u00e7\u00e3o da Reforma da Previd\u00eancia &ndash; Proposta de Emenda \u00e0 Constitui\u00e7\u00e3o (PEC) 6\/2019 &ndash; e que o Executivo se abstivesse de liberar valores referentes a emendas parlamentares que, [&hellip;]<\/p>\n","protected":false},"author":3063,"featured_media":2324,"comment_status":"open","ping_status":"open","sticky":false,"template":"","format":"standard","meta":{"footnotes":""},"categories":[5,15],"tags":[11,10,8,13,9,12,16],"class_list":{"0":"post-5171","1":"post","2":"type-post","3":"status-publish","4":"format-standard","5":"has-post-thumbnail","7":"category-previdenciario","8":"category-stf","9":"tag-aposentadoria","10":"tag-calculos-previdenciarios","11":"tag-direito-previdenciario","12":"tag-inss","13":"tag-pericia","14":"tag-perito","15":"tag-stf"},"yoast_head":"<!-- This site is optimized with the Yoast SEO plugin v27.2 - https:\/\/yoast.com\/product\/yoast-seo-wordpress\/ -->\n<title>STF: Negada liminar que pedia suspens\u00e3o da vota\u00e7\u00e3o da Reforma da Previd\u00eancia | Portal de Not\u00edcias<\/title>\n<meta name=\"robots\" content=\"index, follow, max-snippet:-1, max-image-preview:large, max-video-preview:-1\" \/>\n<link rel=\"canonical\" href=\"https:\/\/mhcalculos.com.br\/noticias\/area\/previdenciario\/stf-negada-liminar-que-pedia-suspensao-da-votacao-da-reforma-da-previdencia.html\" \/>\n<meta property=\"og:locale\" content=\"pt_BR\" \/>\n<meta property=\"og:type\" content=\"article\" \/>\n<meta property=\"og:title\" content=\"STF: Negada liminar que pedia suspens\u00e3o da vota\u00e7\u00e3o da Reforma da Previd\u00eancia | Portal de Not\u00edcias\" \/>\n<meta property=\"og:description\" content=\"O presidente do Supremo Tribunal Federal (STF), ministro Dias Toffoli, indeferiu liminar por meio da qual o deputado federal Ivan Valente (PSOL-SP) pedia que fosse suspensa a vota\u00e7\u00e3o da Reforma da Previd\u00eancia &ndash; Proposta de Emenda \u00e0 Constitui\u00e7\u00e3o (PEC) 6\/2019 &ndash; e que o Executivo se abstivesse de liberar valores referentes a emendas parlamentares que, [&hellip;]\" \/>\n<meta property=\"og:url\" content=\"https:\/\/mhcalculos.com.br\/noticias\/area\/previdenciario\/stf-negada-liminar-que-pedia-suspensao-da-votacao-da-reforma-da-previdencia.html\" \/>\n<meta property=\"og:site_name\" content=\"Portal de Not\u00edcias\" \/>\n<meta property=\"article:published_time\" content=\"2019-07-13T19:00:10+00:00\" \/>\n<meta property=\"article:modified_time\" content=\"2021-07-28T17:32:24+00:00\" \/>\n<meta property=\"og:image\" content=\"https:\/\/mhcalculos.com.br\/noticias\/wp-content\/uploads\/sites\/2\/2018\/06\/judiciario-0010.jpg\" \/>\n\t<meta property=\"og:image:width\" content=\"2000\" \/>\n\t<meta property=\"og:image:height\" content=\"800\" \/>\n\t<meta property=\"og:image:type\" content=\"image\/jpeg\" \/>\n<meta name=\"author\" content=\"Equipe MH\" \/>\n<meta name=\"twitter:card\" content=\"summary_large_image\" \/>\n<meta name=\"twitter:label1\" content=\"Escrito por\" \/>\n\t<meta name=\"twitter:data1\" content=\"Equipe MH\" \/>\n\t<meta name=\"twitter:label2\" content=\"Est. tempo de leitura\" \/>\n\t<meta name=\"twitter:data2\" content=\"2 minutos\" \/>\n<script type=\"application\/ld+json\" class=\"yoast-schema-graph\">{\"@context\":\"https:\/\/schema.org\",\"@graph\":[{\"@type\":\"Article\",\"@id\":\"https:\/\/mhcalculos.com.br\/noticias\/area\/previdenciario\/stf-negada-liminar-que-pedia-suspensao-da-votacao-da-reforma-da-previdencia.html#article\",\"isPartOf\":{\"@id\":\"https:\/\/mhcalculos.com.br\/noticias\/area\/previdenciario\/stf-negada-liminar-que-pedia-suspensao-da-votacao-da-reforma-da-previdencia.html\"},\"author\":{\"name\":\"Equipe MH\",\"@id\":\"https:\/\/mhcalculos.com.br\/noticias\/#\/schema\/person\/88d1c34bf72dc779ea14a5a6b8e0ae8d\"},\"headline\":\"STF: Negada liminar que pedia suspens\u00e3o da vota\u00e7\u00e3o da Reforma da Previd\u00eancia\",\"datePublished\":\"2019-07-13T19:00:10+00:00\",\"dateModified\":\"2021-07-28T17:32:24+00:00\",\"mainEntityOfPage\":{\"@id\":\"https:\/\/mhcalculos.com.br\/noticias\/area\/previdenciario\/stf-negada-liminar-que-pedia-suspensao-da-votacao-da-reforma-da-previdencia.html\"},\"wordCount\":391,\"commentCount\":0,\"image\":{\"@id\":\"https:\/\/mhcalculos.com.br\/noticias\/area\/previdenciario\/stf-negada-liminar-que-pedia-suspensao-da-votacao-da-reforma-da-previdencia.html#primaryimage\"},\"thumbnailUrl\":\"https:\/\/mhcalculos.com.br\/noticias\/wp-content\/uploads\/sites\/2\/2018\/06\/judiciario-0010.jpg\",\"keywords\":[\"aposentadoria\",\"c\u00e1lculos previdenci\u00e1rios\",\"direito previdenci\u00e1rio\",\"inss\",\"per\u00edcia\",\"perito\",\"stf\"],\"articleSection\":[\"Direito Previdenci\u00e1rio\",\"STF\"],\"inLanguage\":\"pt-BR\",\"potentialAction\":[{\"@type\":\"CommentAction\",\"name\":\"Comment\",\"target\":[\"https:\/\/mhcalculos.com.br\/noticias\/area\/previdenciario\/stf-negada-liminar-que-pedia-suspensao-da-votacao-da-reforma-da-previdencia.html#respond\"]}]},{\"@type\":\"WebPage\",\"@id\":\"https:\/\/mhcalculos.com.br\/noticias\/area\/previdenciario\/stf-negada-liminar-que-pedia-suspensao-da-votacao-da-reforma-da-previdencia.html\",\"url\":\"https:\/\/mhcalculos.com.br\/noticias\/area\/previdenciario\/stf-negada-liminar-que-pedia-suspensao-da-votacao-da-reforma-da-previdencia.html\",\"name\":\"STF: Negada liminar que pedia suspens\u00e3o da vota\u00e7\u00e3o da Reforma da Previd\u00eancia | Portal de Not\u00edcias\",\"isPartOf\":{\"@id\":\"https:\/\/mhcalculos.com.br\/noticias\/#website\"},\"primaryImageOfPage\":{\"@id\":\"https:\/\/mhcalculos.com.br\/noticias\/area\/previdenciario\/stf-negada-liminar-que-pedia-suspensao-da-votacao-da-reforma-da-previdencia.html#primaryimage\"},\"image\":{\"@id\":\"https:\/\/mhcalculos.com.br\/noticias\/area\/previdenciario\/stf-negada-liminar-que-pedia-suspensao-da-votacao-da-reforma-da-previdencia.html#primaryimage\"},\"thumbnailUrl\":\"https:\/\/mhcalculos.com.br\/noticias\/wp-content\/uploads\/sites\/2\/2018\/06\/judiciario-0010.jpg\",\"datePublished\":\"2019-07-13T19:00:10+00:00\",\"dateModified\":\"2021-07-28T17:32:24+00:00\",\"author\":{\"@id\":\"https:\/\/mhcalculos.com.br\/noticias\/#\/schema\/person\/88d1c34bf72dc779ea14a5a6b8e0ae8d\"},\"breadcrumb\":{\"@id\":\"https:\/\/mhcalculos.com.br\/noticias\/area\/previdenciario\/stf-negada-liminar-que-pedia-suspensao-da-votacao-da-reforma-da-previdencia.html#breadcrumb\"},\"inLanguage\":\"pt-BR\",\"potentialAction\":[{\"@type\":\"ReadAction\",\"target\":[\"https:\/\/mhcalculos.com.br\/noticias\/area\/previdenciario\/stf-negada-liminar-que-pedia-suspensao-da-votacao-da-reforma-da-previdencia.html\"]}]},{\"@type\":\"ImageObject\",\"inLanguage\":\"pt-BR\",\"@id\":\"https:\/\/mhcalculos.com.br\/noticias\/area\/previdenciario\/stf-negada-liminar-que-pedia-suspensao-da-votacao-da-reforma-da-previdencia.html#primaryimage\",\"url\":\"https:\/\/mhcalculos.com.br\/noticias\/wp-content\/uploads\/sites\/2\/2018\/06\/judiciario-0010.jpg\",\"contentUrl\":\"https:\/\/mhcalculos.com.br\/noticias\/wp-content\/uploads\/sites\/2\/2018\/06\/judiciario-0010.jpg\",\"width\":2000,\"height\":800},{\"@type\":\"BreadcrumbList\",\"@id\":\"https:\/\/mhcalculos.com.br\/noticias\/area\/previdenciario\/stf-negada-liminar-que-pedia-suspensao-da-votacao-da-reforma-da-previdencia.html#breadcrumb\",\"itemListElement\":[{\"@type\":\"ListItem\",\"position\":1,\"name\":\"In\u00edcio\",\"item\":\"https:\/\/mhcalculos.com.br\/noticias\/\"},{\"@type\":\"ListItem\",\"position\":2,\"name\":\"STF: Negada liminar que pedia suspens\u00e3o da vota\u00e7\u00e3o da Reforma da Previd\u00eancia\"}]},{\"@type\":\"WebSite\",\"@id\":\"https:\/\/mhcalculos.com.br\/noticias\/#website\",\"url\":\"https:\/\/mhcalculos.com.br\/noticias\/\",\"name\":\"Portal de Not\u00edcias\",\"description\":\"Not\u00edcias e Jurisprud\u00eancia\",\"potentialAction\":[{\"@type\":\"SearchAction\",\"target\":{\"@type\":\"EntryPoint\",\"urlTemplate\":\"https:\/\/mhcalculos.com.br\/noticias\/?s={search_term_string}\"},\"query-input\":{\"@type\":\"PropertyValueSpecification\",\"valueRequired\":true,\"valueName\":\"search_term_string\"}}],\"inLanguage\":\"pt-BR\"},{\"@type\":\"Person\",\"@id\":\"https:\/\/mhcalculos.com.br\/noticias\/#\/schema\/person\/88d1c34bf72dc779ea14a5a6b8e0ae8d\",\"name\":\"Equipe MH\",\"image\":{\"@type\":\"ImageObject\",\"inLanguage\":\"pt-BR\",\"@id\":\"https:\/\/secure.gravatar.com\/avatar\/de1c686c2ecc9c5a3f327e3431d819eb39f8f05d4e1045f5a1caad6daaba987f?s=96&d=mm&r=g\",\"url\":\"https:\/\/secure.gravatar.com\/avatar\/de1c686c2ecc9c5a3f327e3431d819eb39f8f05d4e1045f5a1caad6daaba987f?s=96&d=mm&r=g\",\"contentUrl\":\"https:\/\/secure.gravatar.com\/avatar\/de1c686c2ecc9c5a3f327e3431d819eb39f8f05d4e1045f5a1caad6daaba987f?s=96&d=mm&r=g\",\"caption\":\"Equipe MH\"}}]}<\/script>\n<!-- \/ Yoast SEO plugin. -->","yoast_head_json":{"title":"STF: Negada liminar que pedia suspens\u00e3o da vota\u00e7\u00e3o da Reforma da Previd\u00eancia | Portal de Not\u00edcias","robots":{"index":"index","follow":"follow","max-snippet":"max-snippet:-1","max-image-preview":"max-image-preview:large","max-video-preview":"max-video-preview:-1"},"canonical":"https:\/\/mhcalculos.com.br\/noticias\/area\/previdenciario\/stf-negada-liminar-que-pedia-suspensao-da-votacao-da-reforma-da-previdencia.html","og_locale":"pt_BR","og_type":"article","og_title":"STF: Negada liminar que pedia suspens\u00e3o da vota\u00e7\u00e3o da Reforma da Previd\u00eancia | Portal de Not\u00edcias","og_description":"O presidente do Supremo Tribunal Federal (STF), ministro Dias Toffoli, indeferiu liminar por meio da qual o deputado federal Ivan Valente (PSOL-SP) pedia que fosse suspensa a vota\u00e7\u00e3o da Reforma da Previd\u00eancia &ndash; Proposta de Emenda \u00e0 Constitui\u00e7\u00e3o (PEC) 6\/2019 &ndash; e que o Executivo se abstivesse de liberar valores referentes a emendas parlamentares que, [&hellip;]","og_url":"https:\/\/mhcalculos.com.br\/noticias\/area\/previdenciario\/stf-negada-liminar-que-pedia-suspensao-da-votacao-da-reforma-da-previdencia.html","og_site_name":"Portal de Not\u00edcias","article_published_time":"2019-07-13T19:00:10+00:00","article_modified_time":"2021-07-28T17:32:24+00:00","og_image":[{"width":2000,"height":800,"url":"https:\/\/mhcalculos.com.br\/noticias\/wp-content\/uploads\/sites\/2\/2018\/06\/judiciario-0010.jpg","type":"image\/jpeg"}],"author":"Equipe MH","twitter_card":"summary_large_image","twitter_misc":{"Escrito por":"Equipe MH","Est. tempo de leitura":"2 minutos"},"schema":{"@context":"https:\/\/schema.org","@graph":[{"@type":"Article","@id":"https:\/\/mhcalculos.com.br\/noticias\/area\/previdenciario\/stf-negada-liminar-que-pedia-suspensao-da-votacao-da-reforma-da-previdencia.html#article","isPartOf":{"@id":"https:\/\/mhcalculos.com.br\/noticias\/area\/previdenciario\/stf-negada-liminar-que-pedia-suspensao-da-votacao-da-reforma-da-previdencia.html"},"author":{"name":"Equipe MH","@id":"https:\/\/mhcalculos.com.br\/noticias\/#\/schema\/person\/88d1c34bf72dc779ea14a5a6b8e0ae8d"},"headline":"STF: Negada liminar que pedia suspens\u00e3o da vota\u00e7\u00e3o da Reforma da Previd\u00eancia","datePublished":"2019-07-13T19:00:10+00:00","dateModified":"2021-07-28T17:32:24+00:00","mainEntityOfPage":{"@id":"https:\/\/mhcalculos.com.br\/noticias\/area\/previdenciario\/stf-negada-liminar-que-pedia-suspensao-da-votacao-da-reforma-da-previdencia.html"},"wordCount":391,"commentCount":0,"image":{"@id":"https:\/\/mhcalculos.com.br\/noticias\/area\/previdenciario\/stf-negada-liminar-que-pedia-suspensao-da-votacao-da-reforma-da-previdencia.html#primaryimage"},"thumbnailUrl":"https:\/\/mhcalculos.com.br\/noticias\/wp-content\/uploads\/sites\/2\/2018\/06\/judiciario-0010.jpg","keywords":["aposentadoria","c\u00e1lculos previdenci\u00e1rios","direito previdenci\u00e1rio","inss","per\u00edcia","perito","stf"],"articleSection":["Direito Previdenci\u00e1rio","STF"],"inLanguage":"pt-BR","potentialAction":[{"@type":"CommentAction","name":"Comment","target":["https:\/\/mhcalculos.com.br\/noticias\/area\/previdenciario\/stf-negada-liminar-que-pedia-suspensao-da-votacao-da-reforma-da-previdencia.html#respond"]}]},{"@type":"WebPage","@id":"https:\/\/mhcalculos.com.br\/noticias\/area\/previdenciario\/stf-negada-liminar-que-pedia-suspensao-da-votacao-da-reforma-da-previdencia.html","url":"https:\/\/mhcalculos.com.br\/noticias\/area\/previdenciario\/stf-negada-liminar-que-pedia-suspensao-da-votacao-da-reforma-da-previdencia.html","name":"STF: Negada liminar que pedia suspens\u00e3o da vota\u00e7\u00e3o da Reforma da Previd\u00eancia | Portal de Not\u00edcias","isPartOf":{"@id":"https:\/\/mhcalculos.com.br\/noticias\/#website"},"primaryImageOfPage":{"@id":"https:\/\/mhcalculos.com.br\/noticias\/area\/previdenciario\/stf-negada-liminar-que-pedia-suspensao-da-votacao-da-reforma-da-previdencia.html#primaryimage"},"image":{"@id":"https:\/\/mhcalculos.com.br\/noticias\/area\/previdenciario\/stf-negada-liminar-que-pedia-suspensao-da-votacao-da-reforma-da-previdencia.html#primaryimage"},"thumbnailUrl":"https:\/\/mhcalculos.com.br\/noticias\/wp-content\/uploads\/sites\/2\/2018\/06\/judiciario-0010.jpg","datePublished":"2019-07-13T19:00:10+00:00","dateModified":"2021-07-28T17:32:24+00:00","author":{"@id":"https:\/\/mhcalculos.com.br\/noticias\/#\/schema\/person\/88d1c34bf72dc779ea14a5a6b8e0ae8d"},"breadcrumb":{"@id":"https:\/\/mhcalculos.com.br\/noticias\/area\/previdenciario\/stf-negada-liminar-que-pedia-suspensao-da-votacao-da-reforma-da-previdencia.html#breadcrumb"},"inLanguage":"pt-BR","potentialAction":[{"@type":"ReadAction","target":["https:\/\/mhcalculos.com.br\/noticias\/area\/previdenciario\/stf-negada-liminar-que-pedia-suspensao-da-votacao-da-reforma-da-previdencia.html"]}]},{"@type":"ImageObject","inLanguage":"pt-BR","@id":"https:\/\/mhcalculos.com.br\/noticias\/area\/previdenciario\/stf-negada-liminar-que-pedia-suspensao-da-votacao-da-reforma-da-previdencia.html#primaryimage","url":"https:\/\/mhcalculos.com.br\/noticias\/wp-content\/uploads\/sites\/2\/2018\/06\/judiciario-0010.jpg","contentUrl":"https:\/\/mhcalculos.com.br\/noticias\/wp-content\/uploads\/sites\/2\/2018\/06\/judiciario-0010.jpg","width":2000,"height":800},{"@type":"BreadcrumbList","@id":"https:\/\/mhcalculos.com.br\/noticias\/area\/previdenciario\/stf-negada-liminar-que-pedia-suspensao-da-votacao-da-reforma-da-previdencia.html#breadcrumb","itemListElement":[{"@type":"ListItem","position":1,"name":"In\u00edcio","item":"https:\/\/mhcalculos.com.br\/noticias\/"},{"@type":"ListItem","position":2,"name":"STF: Negada liminar que pedia suspens\u00e3o da vota\u00e7\u00e3o da Reforma da Previd\u00eancia"}]},{"@type":"WebSite","@id":"https:\/\/mhcalculos.com.br\/noticias\/#website","url":"https:\/\/mhcalculos.com.br\/noticias\/","name":"Portal de Not\u00edcias","description":"Not\u00edcias e Jurisprud\u00eancia","potentialAction":[{"@type":"SearchAction","target":{"@type":"EntryPoint","urlTemplate":"https:\/\/mhcalculos.com.br\/noticias\/?s={search_term_string}"},"query-input":{"@type":"PropertyValueSpecification","valueRequired":true,"valueName":"search_term_string"}}],"inLanguage":"pt-BR"},{"@type":"Person","@id":"https:\/\/mhcalculos.com.br\/noticias\/#\/schema\/person\/88d1c34bf72dc779ea14a5a6b8e0ae8d","name":"Equipe MH","image":{"@type":"ImageObject","inLanguage":"pt-BR","@id":"https:\/\/secure.gravatar.com\/avatar\/de1c686c2ecc9c5a3f327e3431d819eb39f8f05d4e1045f5a1caad6daaba987f?s=96&d=mm&r=g","url":"https:\/\/secure.gravatar.com\/avatar\/de1c686c2ecc9c5a3f327e3431d819eb39f8f05d4e1045f5a1caad6daaba987f?s=96&d=mm&r=g","contentUrl":"https:\/\/secure.gravatar.com\/avatar\/de1c686c2ecc9c5a3f327e3431d819eb39f8f05d4e1045f5a1caad6daaba987f?s=96&d=mm&r=g","caption":"Equipe MH"}}]}},"_links":{"self":[{"href":"https:\/\/mhcalculos.com.br\/noticias\/wp-json\/wp\/v2\/posts\/5171","targetHints":{"allow":["GET"]}}],"collection":[{"href":"https:\/\/mhcalculos.com.br\/noticias\/wp-json\/wp\/v2\/posts"}],"about":[{"href":"https:\/\/mhcalculos.com.br\/noticias\/wp-json\/wp\/v2\/types\/post"}],"author":[{"embeddable":true,"href":"https:\/\/mhcalculos.com.br\/noticias\/wp-json\/wp\/v2\/users\/3063"}],"replies":[{"embeddable":true,"href":"https:\/\/mhcalculos.com.br\/noticias\/wp-json\/wp\/v2\/comments?post=5171"}],"version-history":[{"count":1,"href":"https:\/\/mhcalculos.com.br\/noticias\/wp-json\/wp\/v2\/posts\/5171\/revisions"}],"predecessor-version":[{"id":9752,"href":"https:\/\/mhcalculos.com.br\/noticias\/wp-json\/wp\/v2\/posts\/5171\/revisions\/9752"}],"wp:featuredmedia":[{"embeddable":true,"href":"https:\/\/mhcalculos.com.br\/noticias\/wp-json\/wp\/v2\/media\/2324"}],"wp:attachment":[{"href":"https:\/\/mhcalculos.com.br\/noticias\/wp-json\/wp\/v2\/media?parent=5171"}],"wp:term":[{"taxonomy":"category","embeddable":true,"href":"https:\/\/mhcalculos.com.br\/noticias\/wp-json\/wp\/v2\/categories?post=5171"},{"taxonomy":"post_tag","embeddable":true,"href":"https:\/\/mhcalculos.com.br\/noticias\/wp-json\/wp\/v2\/tags?post=5171"}],"curies":[{"name":"wp","href":"https:\/\/api.w.org\/{rel}","templated":true}]}}