{"id":5162,"date":"2019-07-10T18:32:00","date_gmt":"2019-07-10T21:32:00","guid":{"rendered":"https:\/\/mhcalculos.com.br\/noticias\/2019\/07\/10\/tst-erro-da-parte-ao-registrar-recurso-no-pje-nao-impede-acesso-a-justica\/"},"modified":"2021-07-28T14:32:26","modified_gmt":"2021-07-28T17:32:26","slug":"tst-erro-da-parte-ao-registrar-recurso-no-pje-nao-impede-acesso-a-justica","status":"publish","type":"post","link":"https:\/\/mhcalculos.com.br\/noticias\/area\/trabalhista\/tst-erro-da-parte-ao-registrar-recurso-no-pje-nao-impede-acesso-a-justica.html","title":{"rendered":"TST: Erro da parte ao registrar recurso no PJe n\u00e3o impede acesso \u00e0 Justi\u00e7a"},"content":{"rendered":"<p><br \/>\n <\/p>\n<p ><em>Decis\u00e3o de n\u00e3o admitir o recurso configurou cerceamento de defesa.<\/em><\/p>\n<p >A Sexta Turma do Tribunal Superior do Trabalho acolheu o <a href=\"http:\/\/www.tst.jus.br\/sala-de-imprensa-glossario#letra-r\" target=\"_blank\" rel=\"noopener noreferrer\">recurso de revista<\/a> de um ex-analista da Cognizant Servi\u00e7os de Tecnologia e Software do Brasil S.A., de S\u00e3o Paulo, contra decis\u00e3o do Tribunal Regional do Trabalho da 2\u00aa Regi\u00e3o que n\u00e3o admitiu seu <a href=\"http:\/\/www.tst.jus.br\/sala-de-imprensa-glossario#letra-r\" target=\"_blank\" rel=\"noopener noreferrer\">recurso ordin\u00e1rio<\/a>, porque constatado erro de identifica\u00e7\u00e3o da pe\u00e7a no sistema PJe. Segundo o colegiado, a lei n\u00e3o prev\u00ea essa hip\u00f3tese de n\u00e3o conhecimento do recurso.<\/p>\n<p >No caso, o TRT entendeu que o empregado tinha descumprido a Resolu\u00e7\u00e3o CSJT 185\/2017, pois a \u201cdescri\u00e7\u00e3o\u201d e o \u201ctipo de documento\u201d indicados no sistema PJe n\u00e3o correspondiam ao respectivo conte\u00fado. O Tribunal Regional considerou ainda que o erro no cadastramento do recurso \u2013 nomeado como \u201cpeti\u00e7\u00e3o em PDF\u201d ou \u201cmanifesta\u00e7\u00e3o\u201d \u2013 gera inconsist\u00eancias estat\u00edsticas no sistema do PJe, o que repercutiria na apura\u00e7\u00e3o da produtividade do TRT.<\/p>\n<p >Mas, segundo o relator do recurso de revista do analista ao TST, ministro Augusto C\u00e9sar Leite de Carvalho, a resolu\u00e7\u00e3o citada pelo TRT e a Lei 11.419\/2006 \u2013 que disp\u00f5e sobre a informatiza\u00e7\u00e3o do processo judicial \u2013 n\u00e3o preveem essa hip\u00f3tese de n\u00e3o conhecimento do recurso. Na vis\u00e3o do relator, o empregado comprovou ter peticionado o seu recurso com a demonstra\u00e7\u00e3o de viola\u00e7\u00e3o aos princ\u00edpios do contradit\u00f3rio e da ampla defesa. Ao n\u00e3o conhecer do recurso ordin\u00e1rio por hip\u00f3tese n\u00e3o prevista em lei (erro no cadastramento no PJe), o Tribunal Regional, segundo o ministro, violou os princ\u00edpios do devido processo legal e da legalidade, insertos no artigo 5\u00ba, incisos II e LV, da Constitui\u00e7\u00e3o da Rep\u00fablica.<\/p>\n<p >O processo retornar\u00e1 ao TRT.<\/p>\n<p >(RR\/GS)<\/p>\n<p >Processo:&nbsp;<a href=\"http:\/\/aplicacao4.tst.jus.br\/consultaProcessual\/consultaTstNumUnica.do?consulta=Consultar&amp;conscsjt=&amp;numeroTst=1001857&amp;digitoTst=06&amp;anoTst=2016&amp;orgaoTst=5&amp;tribunalTst=02&amp;varaTst=0719&amp;submit=Consultar\" target=\"_blank\" rel=\"noopener noreferrer\">RR-1001857-06.2016.5.02.0719<\/a><\/p>\n<p> O TST possui oito Turmas, cada uma composta de tr\u00eas ministros, com a atribui\u00e7\u00e3o de analisar recursos de revista, agravos, agravos de instrumento, agravos regimentais e recursos ordin\u00e1rios em a\u00e7\u00e3o cautelar. Das decis\u00f5es das Turmas, a parte ainda pode, em alguns casos, recorrer \u00e0 Subse\u00e7\u00e3o I Especializada em Diss\u00eddios Individuais (SBDI-1). Esta mat\u00e9ria tem cunho meramente informativo.<br \/> Permitida a reprodu\u00e7\u00e3o mediante cita\u00e7\u00e3o da fonte.<br \/> Secretaria de Comunica\u00e7\u00e3o Social<br \/> Tribunal Superior do Trabalho<br \/> Tel. (61) 3043-4907<br \/> <a href=\"mailto:secom@tst.jus.br\">secom@tst.jus.br<\/a>     <\/br><br \/>\n<br \/><i>Com informa\u00e7\u00f5es da assessoria de imprensa do TST.<\/i><br \/>\n<br \/><a href=\"http:\/\/www.tst.jus.br\/web\/guest\/noticias?p_p_id=89Dk&#038;p_p_lifecycle=0&#038;refererPlid=10730&#038;_89Dk_struts_action=%2Fjournal_content%2Fview&#038;_89Dk_groupId=10157&#038;_89Dk_articleId=24926301\">Fonte<\/a><br \/>\n<br \/><\/p>\n","protected":false},"excerpt":{"rendered":"<p>Decis\u00e3o de n\u00e3o admitir o recurso configurou cerceamento de defesa. A Sexta Turma do Tribunal Superior do Trabalho acolheu o recurso de revista de um ex-analista da Cognizant Servi\u00e7os de Tecnologia e Software do Brasil S.A., de S\u00e3o Paulo, contra decis\u00e3o do Tribunal Regional do Trabalho da 2\u00aa Regi\u00e3o que n\u00e3o admitiu seu recurso ordin\u00e1rio, [&hellip;]<\/p>\n","protected":false},"author":3063,"featured_media":1825,"comment_status":"open","ping_status":"open","sticky":false,"template":"","format":"standard","meta":{"footnotes":""},"categories":[3,21],"tags":[33,216,9,12,217,215],"class_list":{"0":"post-5162","1":"post","2":"type-post","3":"status-publish","4":"format-standard","5":"has-post-thumbnail","7":"category-trabalhista","8":"category-tst","9":"tag-calculos-trabalhistas","10":"tag-direito-trabalhista","11":"tag-pericia","12":"tag-perito","13":"tag-trabalho","14":"tag-tst"},"yoast_head":"<!-- This site is optimized with the Yoast SEO plugin v27.2 - https:\/\/yoast.com\/product\/yoast-seo-wordpress\/ -->\n<title>TST: Erro da parte ao registrar recurso no PJe n\u00e3o impede acesso \u00e0 Justi\u00e7a | Portal de Not\u00edcias<\/title>\n<meta name=\"robots\" content=\"index, follow, max-snippet:-1, max-image-preview:large, max-video-preview:-1\" \/>\n<link rel=\"canonical\" href=\"https:\/\/mhcalculos.com.br\/noticias\/area\/trabalhista\/tst-erro-da-parte-ao-registrar-recurso-no-pje-nao-impede-acesso-a-justica.html\" \/>\n<meta property=\"og:locale\" content=\"pt_BR\" \/>\n<meta property=\"og:type\" content=\"article\" \/>\n<meta property=\"og:title\" content=\"TST: Erro da parte ao registrar recurso no PJe n\u00e3o impede acesso \u00e0 Justi\u00e7a | Portal de Not\u00edcias\" \/>\n<meta property=\"og:description\" content=\"Decis\u00e3o de n\u00e3o admitir o recurso configurou cerceamento de defesa. A Sexta Turma do Tribunal Superior do Trabalho acolheu o recurso de revista de um ex-analista da Cognizant Servi\u00e7os de Tecnologia e Software do Brasil S.A., de S\u00e3o Paulo, contra decis\u00e3o do Tribunal Regional do Trabalho da 2\u00aa Regi\u00e3o que n\u00e3o admitiu seu recurso ordin\u00e1rio, [&hellip;]\" \/>\n<meta property=\"og:url\" content=\"https:\/\/mhcalculos.com.br\/noticias\/area\/trabalhista\/tst-erro-da-parte-ao-registrar-recurso-no-pje-nao-impede-acesso-a-justica.html\" \/>\n<meta property=\"og:site_name\" content=\"Portal de Not\u00edcias\" \/>\n<meta property=\"article:published_time\" content=\"2019-07-10T21:32:00+00:00\" \/>\n<meta property=\"article:modified_time\" content=\"2021-07-28T17:32:26+00:00\" \/>\n<meta property=\"og:image\" content=\"https:\/\/mhcalculos.com.br\/noticias\/wp-content\/uploads\/sites\/2\/2018\/06\/judiciario-0037.jpg\" \/>\n\t<meta property=\"og:image:width\" content=\"2000\" \/>\n\t<meta property=\"og:image:height\" content=\"800\" \/>\n\t<meta property=\"og:image:type\" content=\"image\/jpeg\" \/>\n<meta name=\"author\" content=\"Equipe MH\" \/>\n<meta name=\"twitter:card\" content=\"summary_large_image\" \/>\n<meta name=\"twitter:label1\" content=\"Escrito por\" \/>\n\t<meta name=\"twitter:data1\" content=\"Equipe MH\" \/>\n\t<meta name=\"twitter:label2\" content=\"Est. tempo de leitura\" \/>\n\t<meta name=\"twitter:data2\" content=\"2 minutos\" \/>\n<script type=\"application\/ld+json\" class=\"yoast-schema-graph\">{\"@context\":\"https:\/\/schema.org\",\"@graph\":[{\"@type\":\"Article\",\"@id\":\"https:\/\/mhcalculos.com.br\/noticias\/area\/trabalhista\/tst-erro-da-parte-ao-registrar-recurso-no-pje-nao-impede-acesso-a-justica.html#article\",\"isPartOf\":{\"@id\":\"https:\/\/mhcalculos.com.br\/noticias\/area\/trabalhista\/tst-erro-da-parte-ao-registrar-recurso-no-pje-nao-impede-acesso-a-justica.html\"},\"author\":{\"name\":\"Equipe MH\",\"@id\":\"https:\/\/mhcalculos.com.br\/noticias\/#\/schema\/person\/88d1c34bf72dc779ea14a5a6b8e0ae8d\"},\"headline\":\"TST: Erro da parte ao registrar recurso no PJe n\u00e3o impede acesso \u00e0 Justi\u00e7a\",\"datePublished\":\"2019-07-10T21:32:00+00:00\",\"dateModified\":\"2021-07-28T17:32:26+00:00\",\"mainEntityOfPage\":{\"@id\":\"https:\/\/mhcalculos.com.br\/noticias\/area\/trabalhista\/tst-erro-da-parte-ao-registrar-recurso-no-pje-nao-impede-acesso-a-justica.html\"},\"wordCount\":423,\"commentCount\":0,\"image\":{\"@id\":\"https:\/\/mhcalculos.com.br\/noticias\/area\/trabalhista\/tst-erro-da-parte-ao-registrar-recurso-no-pje-nao-impede-acesso-a-justica.html#primaryimage\"},\"thumbnailUrl\":\"https:\/\/mhcalculos.com.br\/noticias\/wp-content\/uploads\/sites\/2\/2018\/06\/judiciario-0037.jpg\",\"keywords\":[\"c\u00e1lculos trabalhistas\",\"direito trabalhista\",\"per\u00edcia\",\"perito\",\"trabalho\",\"TST\"],\"articleSection\":[\"Direito Trabalhista\",\"TST\"],\"inLanguage\":\"pt-BR\",\"potentialAction\":[{\"@type\":\"CommentAction\",\"name\":\"Comment\",\"target\":[\"https:\/\/mhcalculos.com.br\/noticias\/area\/trabalhista\/tst-erro-da-parte-ao-registrar-recurso-no-pje-nao-impede-acesso-a-justica.html#respond\"]}]},{\"@type\":\"WebPage\",\"@id\":\"https:\/\/mhcalculos.com.br\/noticias\/area\/trabalhista\/tst-erro-da-parte-ao-registrar-recurso-no-pje-nao-impede-acesso-a-justica.html\",\"url\":\"https:\/\/mhcalculos.com.br\/noticias\/area\/trabalhista\/tst-erro-da-parte-ao-registrar-recurso-no-pje-nao-impede-acesso-a-justica.html\",\"name\":\"TST: Erro da parte ao registrar recurso no PJe n\u00e3o impede acesso \u00e0 Justi\u00e7a | Portal de Not\u00edcias\",\"isPartOf\":{\"@id\":\"https:\/\/mhcalculos.com.br\/noticias\/#website\"},\"primaryImageOfPage\":{\"@id\":\"https:\/\/mhcalculos.com.br\/noticias\/area\/trabalhista\/tst-erro-da-parte-ao-registrar-recurso-no-pje-nao-impede-acesso-a-justica.html#primaryimage\"},\"image\":{\"@id\":\"https:\/\/mhcalculos.com.br\/noticias\/area\/trabalhista\/tst-erro-da-parte-ao-registrar-recurso-no-pje-nao-impede-acesso-a-justica.html#primaryimage\"},\"thumbnailUrl\":\"https:\/\/mhcalculos.com.br\/noticias\/wp-content\/uploads\/sites\/2\/2018\/06\/judiciario-0037.jpg\",\"datePublished\":\"2019-07-10T21:32:00+00:00\",\"dateModified\":\"2021-07-28T17:32:26+00:00\",\"author\":{\"@id\":\"https:\/\/mhcalculos.com.br\/noticias\/#\/schema\/person\/88d1c34bf72dc779ea14a5a6b8e0ae8d\"},\"breadcrumb\":{\"@id\":\"https:\/\/mhcalculos.com.br\/noticias\/area\/trabalhista\/tst-erro-da-parte-ao-registrar-recurso-no-pje-nao-impede-acesso-a-justica.html#breadcrumb\"},\"inLanguage\":\"pt-BR\",\"potentialAction\":[{\"@type\":\"ReadAction\",\"target\":[\"https:\/\/mhcalculos.com.br\/noticias\/area\/trabalhista\/tst-erro-da-parte-ao-registrar-recurso-no-pje-nao-impede-acesso-a-justica.html\"]}]},{\"@type\":\"ImageObject\",\"inLanguage\":\"pt-BR\",\"@id\":\"https:\/\/mhcalculos.com.br\/noticias\/area\/trabalhista\/tst-erro-da-parte-ao-registrar-recurso-no-pje-nao-impede-acesso-a-justica.html#primaryimage\",\"url\":\"https:\/\/mhcalculos.com.br\/noticias\/wp-content\/uploads\/sites\/2\/2018\/06\/judiciario-0037.jpg\",\"contentUrl\":\"https:\/\/mhcalculos.com.br\/noticias\/wp-content\/uploads\/sites\/2\/2018\/06\/judiciario-0037.jpg\",\"width\":2000,\"height\":800},{\"@type\":\"BreadcrumbList\",\"@id\":\"https:\/\/mhcalculos.com.br\/noticias\/area\/trabalhista\/tst-erro-da-parte-ao-registrar-recurso-no-pje-nao-impede-acesso-a-justica.html#breadcrumb\",\"itemListElement\":[{\"@type\":\"ListItem\",\"position\":1,\"name\":\"In\u00edcio\",\"item\":\"https:\/\/mhcalculos.com.br\/noticias\/\"},{\"@type\":\"ListItem\",\"position\":2,\"name\":\"TST: Erro da parte ao registrar recurso no PJe n\u00e3o impede acesso \u00e0 Justi\u00e7a\"}]},{\"@type\":\"WebSite\",\"@id\":\"https:\/\/mhcalculos.com.br\/noticias\/#website\",\"url\":\"https:\/\/mhcalculos.com.br\/noticias\/\",\"name\":\"Portal de Not\u00edcias\",\"description\":\"Not\u00edcias e Jurisprud\u00eancia\",\"potentialAction\":[{\"@type\":\"SearchAction\",\"target\":{\"@type\":\"EntryPoint\",\"urlTemplate\":\"https:\/\/mhcalculos.com.br\/noticias\/?s={search_term_string}\"},\"query-input\":{\"@type\":\"PropertyValueSpecification\",\"valueRequired\":true,\"valueName\":\"search_term_string\"}}],\"inLanguage\":\"pt-BR\"},{\"@type\":\"Person\",\"@id\":\"https:\/\/mhcalculos.com.br\/noticias\/#\/schema\/person\/88d1c34bf72dc779ea14a5a6b8e0ae8d\",\"name\":\"Equipe MH\",\"image\":{\"@type\":\"ImageObject\",\"inLanguage\":\"pt-BR\",\"@id\":\"https:\/\/secure.gravatar.com\/avatar\/de1c686c2ecc9c5a3f327e3431d819eb39f8f05d4e1045f5a1caad6daaba987f?s=96&d=mm&r=g\",\"url\":\"https:\/\/secure.gravatar.com\/avatar\/de1c686c2ecc9c5a3f327e3431d819eb39f8f05d4e1045f5a1caad6daaba987f?s=96&d=mm&r=g\",\"contentUrl\":\"https:\/\/secure.gravatar.com\/avatar\/de1c686c2ecc9c5a3f327e3431d819eb39f8f05d4e1045f5a1caad6daaba987f?s=96&d=mm&r=g\",\"caption\":\"Equipe MH\"}}]}<\/script>\n<!-- \/ Yoast SEO plugin. -->","yoast_head_json":{"title":"TST: Erro da parte ao registrar recurso no PJe n\u00e3o impede acesso \u00e0 Justi\u00e7a | Portal de Not\u00edcias","robots":{"index":"index","follow":"follow","max-snippet":"max-snippet:-1","max-image-preview":"max-image-preview:large","max-video-preview":"max-video-preview:-1"},"canonical":"https:\/\/mhcalculos.com.br\/noticias\/area\/trabalhista\/tst-erro-da-parte-ao-registrar-recurso-no-pje-nao-impede-acesso-a-justica.html","og_locale":"pt_BR","og_type":"article","og_title":"TST: Erro da parte ao registrar recurso no PJe n\u00e3o impede acesso \u00e0 Justi\u00e7a | Portal de Not\u00edcias","og_description":"Decis\u00e3o de n\u00e3o admitir o recurso configurou cerceamento de defesa. A Sexta Turma do Tribunal Superior do Trabalho acolheu o recurso de revista de um ex-analista da Cognizant Servi\u00e7os de Tecnologia e Software do Brasil S.A., de S\u00e3o Paulo, contra decis\u00e3o do Tribunal Regional do Trabalho da 2\u00aa Regi\u00e3o que n\u00e3o admitiu seu recurso ordin\u00e1rio, [&hellip;]","og_url":"https:\/\/mhcalculos.com.br\/noticias\/area\/trabalhista\/tst-erro-da-parte-ao-registrar-recurso-no-pje-nao-impede-acesso-a-justica.html","og_site_name":"Portal de Not\u00edcias","article_published_time":"2019-07-10T21:32:00+00:00","article_modified_time":"2021-07-28T17:32:26+00:00","og_image":[{"width":2000,"height":800,"url":"https:\/\/mhcalculos.com.br\/noticias\/wp-content\/uploads\/sites\/2\/2018\/06\/judiciario-0037.jpg","type":"image\/jpeg"}],"author":"Equipe MH","twitter_card":"summary_large_image","twitter_misc":{"Escrito por":"Equipe MH","Est. tempo de leitura":"2 minutos"},"schema":{"@context":"https:\/\/schema.org","@graph":[{"@type":"Article","@id":"https:\/\/mhcalculos.com.br\/noticias\/area\/trabalhista\/tst-erro-da-parte-ao-registrar-recurso-no-pje-nao-impede-acesso-a-justica.html#article","isPartOf":{"@id":"https:\/\/mhcalculos.com.br\/noticias\/area\/trabalhista\/tst-erro-da-parte-ao-registrar-recurso-no-pje-nao-impede-acesso-a-justica.html"},"author":{"name":"Equipe MH","@id":"https:\/\/mhcalculos.com.br\/noticias\/#\/schema\/person\/88d1c34bf72dc779ea14a5a6b8e0ae8d"},"headline":"TST: Erro da parte ao registrar recurso no PJe n\u00e3o impede acesso \u00e0 Justi\u00e7a","datePublished":"2019-07-10T21:32:00+00:00","dateModified":"2021-07-28T17:32:26+00:00","mainEntityOfPage":{"@id":"https:\/\/mhcalculos.com.br\/noticias\/area\/trabalhista\/tst-erro-da-parte-ao-registrar-recurso-no-pje-nao-impede-acesso-a-justica.html"},"wordCount":423,"commentCount":0,"image":{"@id":"https:\/\/mhcalculos.com.br\/noticias\/area\/trabalhista\/tst-erro-da-parte-ao-registrar-recurso-no-pje-nao-impede-acesso-a-justica.html#primaryimage"},"thumbnailUrl":"https:\/\/mhcalculos.com.br\/noticias\/wp-content\/uploads\/sites\/2\/2018\/06\/judiciario-0037.jpg","keywords":["c\u00e1lculos trabalhistas","direito trabalhista","per\u00edcia","perito","trabalho","TST"],"articleSection":["Direito Trabalhista","TST"],"inLanguage":"pt-BR","potentialAction":[{"@type":"CommentAction","name":"Comment","target":["https:\/\/mhcalculos.com.br\/noticias\/area\/trabalhista\/tst-erro-da-parte-ao-registrar-recurso-no-pje-nao-impede-acesso-a-justica.html#respond"]}]},{"@type":"WebPage","@id":"https:\/\/mhcalculos.com.br\/noticias\/area\/trabalhista\/tst-erro-da-parte-ao-registrar-recurso-no-pje-nao-impede-acesso-a-justica.html","url":"https:\/\/mhcalculos.com.br\/noticias\/area\/trabalhista\/tst-erro-da-parte-ao-registrar-recurso-no-pje-nao-impede-acesso-a-justica.html","name":"TST: Erro da parte ao registrar recurso no PJe n\u00e3o impede acesso \u00e0 Justi\u00e7a | Portal de Not\u00edcias","isPartOf":{"@id":"https:\/\/mhcalculos.com.br\/noticias\/#website"},"primaryImageOfPage":{"@id":"https:\/\/mhcalculos.com.br\/noticias\/area\/trabalhista\/tst-erro-da-parte-ao-registrar-recurso-no-pje-nao-impede-acesso-a-justica.html#primaryimage"},"image":{"@id":"https:\/\/mhcalculos.com.br\/noticias\/area\/trabalhista\/tst-erro-da-parte-ao-registrar-recurso-no-pje-nao-impede-acesso-a-justica.html#primaryimage"},"thumbnailUrl":"https:\/\/mhcalculos.com.br\/noticias\/wp-content\/uploads\/sites\/2\/2018\/06\/judiciario-0037.jpg","datePublished":"2019-07-10T21:32:00+00:00","dateModified":"2021-07-28T17:32:26+00:00","author":{"@id":"https:\/\/mhcalculos.com.br\/noticias\/#\/schema\/person\/88d1c34bf72dc779ea14a5a6b8e0ae8d"},"breadcrumb":{"@id":"https:\/\/mhcalculos.com.br\/noticias\/area\/trabalhista\/tst-erro-da-parte-ao-registrar-recurso-no-pje-nao-impede-acesso-a-justica.html#breadcrumb"},"inLanguage":"pt-BR","potentialAction":[{"@type":"ReadAction","target":["https:\/\/mhcalculos.com.br\/noticias\/area\/trabalhista\/tst-erro-da-parte-ao-registrar-recurso-no-pje-nao-impede-acesso-a-justica.html"]}]},{"@type":"ImageObject","inLanguage":"pt-BR","@id":"https:\/\/mhcalculos.com.br\/noticias\/area\/trabalhista\/tst-erro-da-parte-ao-registrar-recurso-no-pje-nao-impede-acesso-a-justica.html#primaryimage","url":"https:\/\/mhcalculos.com.br\/noticias\/wp-content\/uploads\/sites\/2\/2018\/06\/judiciario-0037.jpg","contentUrl":"https:\/\/mhcalculos.com.br\/noticias\/wp-content\/uploads\/sites\/2\/2018\/06\/judiciario-0037.jpg","width":2000,"height":800},{"@type":"BreadcrumbList","@id":"https:\/\/mhcalculos.com.br\/noticias\/area\/trabalhista\/tst-erro-da-parte-ao-registrar-recurso-no-pje-nao-impede-acesso-a-justica.html#breadcrumb","itemListElement":[{"@type":"ListItem","position":1,"name":"In\u00edcio","item":"https:\/\/mhcalculos.com.br\/noticias\/"},{"@type":"ListItem","position":2,"name":"TST: Erro da parte ao registrar recurso no PJe n\u00e3o impede acesso \u00e0 Justi\u00e7a"}]},{"@type":"WebSite","@id":"https:\/\/mhcalculos.com.br\/noticias\/#website","url":"https:\/\/mhcalculos.com.br\/noticias\/","name":"Portal de Not\u00edcias","description":"Not\u00edcias e Jurisprud\u00eancia","potentialAction":[{"@type":"SearchAction","target":{"@type":"EntryPoint","urlTemplate":"https:\/\/mhcalculos.com.br\/noticias\/?s={search_term_string}"},"query-input":{"@type":"PropertyValueSpecification","valueRequired":true,"valueName":"search_term_string"}}],"inLanguage":"pt-BR"},{"@type":"Person","@id":"https:\/\/mhcalculos.com.br\/noticias\/#\/schema\/person\/88d1c34bf72dc779ea14a5a6b8e0ae8d","name":"Equipe MH","image":{"@type":"ImageObject","inLanguage":"pt-BR","@id":"https:\/\/secure.gravatar.com\/avatar\/de1c686c2ecc9c5a3f327e3431d819eb39f8f05d4e1045f5a1caad6daaba987f?s=96&d=mm&r=g","url":"https:\/\/secure.gravatar.com\/avatar\/de1c686c2ecc9c5a3f327e3431d819eb39f8f05d4e1045f5a1caad6daaba987f?s=96&d=mm&r=g","contentUrl":"https:\/\/secure.gravatar.com\/avatar\/de1c686c2ecc9c5a3f327e3431d819eb39f8f05d4e1045f5a1caad6daaba987f?s=96&d=mm&r=g","caption":"Equipe MH"}}]}},"_links":{"self":[{"href":"https:\/\/mhcalculos.com.br\/noticias\/wp-json\/wp\/v2\/posts\/5162","targetHints":{"allow":["GET"]}}],"collection":[{"href":"https:\/\/mhcalculos.com.br\/noticias\/wp-json\/wp\/v2\/posts"}],"about":[{"href":"https:\/\/mhcalculos.com.br\/noticias\/wp-json\/wp\/v2\/types\/post"}],"author":[{"embeddable":true,"href":"https:\/\/mhcalculos.com.br\/noticias\/wp-json\/wp\/v2\/users\/3063"}],"replies":[{"embeddable":true,"href":"https:\/\/mhcalculos.com.br\/noticias\/wp-json\/wp\/v2\/comments?post=5162"}],"version-history":[{"count":1,"href":"https:\/\/mhcalculos.com.br\/noticias\/wp-json\/wp\/v2\/posts\/5162\/revisions"}],"predecessor-version":[{"id":9758,"href":"https:\/\/mhcalculos.com.br\/noticias\/wp-json\/wp\/v2\/posts\/5162\/revisions\/9758"}],"wp:featuredmedia":[{"embeddable":true,"href":"https:\/\/mhcalculos.com.br\/noticias\/wp-json\/wp\/v2\/media\/1825"}],"wp:attachment":[{"href":"https:\/\/mhcalculos.com.br\/noticias\/wp-json\/wp\/v2\/media?parent=5162"}],"wp:term":[{"taxonomy":"category","embeddable":true,"href":"https:\/\/mhcalculos.com.br\/noticias\/wp-json\/wp\/v2\/categories?post=5162"},{"taxonomy":"post_tag","embeddable":true,"href":"https:\/\/mhcalculos.com.br\/noticias\/wp-json\/wp\/v2\/tags?post=5162"}],"curies":[{"name":"wp","href":"https:\/\/api.w.org\/{rel}","templated":true}]}}