{"id":5101,"date":"2019-07-10T07:00:12","date_gmt":"2019-07-10T10:00:12","guid":{"rendered":"https:\/\/mhcalculos.com.br\/noticias\/2019\/07\/10\/trf4-tribunal-confirma-condenacao-de-morador-de-canoas-rs-por-estelionato-09-07-2019\/"},"modified":"2021-07-28T14:32:26","modified_gmt":"2021-07-28T17:32:26","slug":"trf4-tribunal-confirma-condenacao-de-morador-de-canoas-rs-por-estelionato-09-07-2019","status":"publish","type":"post","link":"https:\/\/mhcalculos.com.br\/noticias\/area\/previdenciario\/trf4-tribunal-confirma-condenacao-de-morador-de-canoas-rs-por-estelionato-09-07-2019.html","title":{"rendered":"TRF4: Tribunal&nbsp;confirma condena\u00e7\u00e3o de morador de Canoas (RS) por estelionato (09\/07\/2019)"},"content":{"rendered":"<p><br \/>\n<\/p>\n<p style=\"text-align:justify\">O Tribunal Regional Federal da 4\u00aa Regi\u00e3o (TRF4) confirmou a condena\u00e7\u00e3o de um morador de Canoas por fraude contra um aposentado e a Caixa Econ\u00f4mica Federal, mas diminuiu a pena em 6 meses devido \u00e0 confiss\u00e3o do r\u00e9u. A senten\u00e7a foi proferida pela 7\u00aa Turma de forma un\u00e2nime em sess\u00e3o de julgamento realizada no dia 25 de junho.<\/p>\n<p style=\"text-align:justify\">De acordo com a den\u00fancia do Minist\u00e9rio P\u00fablico Federal (MPF), o homem teria apresentado documentos em nome de um aposentado para abrir uma conta-corrente na ag\u00eancia da Caixa em N\u00e3o-Me-Toque (RS) e contratar financiamento na modalidade Construcard. O acusado ainda teria retirado empr\u00e9stimos, cr\u00e9dito especial e saques referentes \u00e0 aposentadoria. O dano total causado \u00e0 Caixa teria sido de R$ 36.300,00.<\/p>\n<p style=\"text-align:justify\">Em abril de 2016, o ju\u00edzo da 7\u00aa Vara Federal de Porto Alegre julgou o r\u00e9u culpado, condenando-o \u00e0 pena de 4 anos e 6 meses de reclus\u00e3o pelos crimes de fraude e estelionato.<\/p>\n<p style=\"text-align:justify\">O r\u00e9u apelou ao tribunal requerendo o reajuste da pena atrav\u00e9s da causa excludente da culpabilidade e da atenuante da confiss\u00e3o. A defesa alegou que ele teria sido coagido a cometer os delitos devido a amea\u00e7as que estaria recebendo de um traficante com o qual possu\u00eda d\u00edvidas. A Turma deu parcial provimento \u00e0 apela\u00e7\u00e3o, negando a exclus\u00e3o de culpa, mas reconhecendo que a confiss\u00e3o do r\u00e9u sobre as fraudes permitiu o esclarecimento dos atos il\u00edcitos.<\/p>\n<p style=\"text-align:justify\">A relatora do ac\u00f3rd\u00e3o, desembargadora federal Cl\u00e1udia Cristina Cristofani, destacou que a coa\u00e7\u00e3o moral s\u00f3 exclui a culpa do r\u00e9u quando o autor do delito tenha sido submetido \u00e0 amea\u00e7a que possa causar dano grave e dif\u00edcil de ser suportado, o que, segundo a magistrada, n\u00e3o ficou comprovado nos autos.<\/p>\n<p style=\"text-align:justify\">&ldquo;O fato de o r\u00e9u compreender o car\u00e1ter il\u00edcito dos fatos \u00e9 raz\u00e3o para a pr\u00f3pria incid\u00eancia da pena, n\u00e3o sendo raz\u00e3o para exasperar a sua san\u00e7\u00e3o&rdquo;, completou Cristofani.<\/p>\n<p style=\"text-align:justify\">Apesar da diminui\u00e7\u00e3o da pena em 6 meses, a magistrada modificou o cumprimento inicial do regime aberto para o regime semi-aberto devido \u00e0 reincid\u00eancia do r\u00e9u.<\/p>\n<p style=\"text-align:justify\">Cristofani determinou o cumprimento imediato da senten\u00e7a devido ao esgotamento da jurisdi\u00e7\u00e3o na corte e ressaltou ser incab\u00edvel a substitui\u00e7\u00e3o da pena por medida restritiva de direitos.<\/p>\n<p style=\"text-align:justify\">O r\u00e9u ainda ter\u00e1 que pagar multa no valor de R$ 10.712,00.<\/p>\n<p><br \/> (Foto: Stock Photos)<\/p>\n<p><i>Com informa\u00e7\u00f5es da assessoria de imprensa do TRF4.<\/i><br \/>\n<br \/><a href=\"http:\/\/www2.trf4.jus.br\/trf4\/controlador.php?acao=noticia_visualizar&#038;id_noticia=14601\">Fonte<\/a><br \/>\n<br \/><\/p>\n","protected":false},"excerpt":{"rendered":"<p>O Tribunal Regional Federal da 4\u00aa Regi\u00e3o (TRF4) confirmou a condena\u00e7\u00e3o de um morador de Canoas por fraude contra um aposentado e a Caixa Econ\u00f4mica Federal, mas diminuiu a pena em 6 meses devido \u00e0 confiss\u00e3o do r\u00e9u. A senten\u00e7a foi proferida pela 7\u00aa Turma de forma un\u00e2nime em sess\u00e3o de julgamento realizada no dia [&hellip;]<\/p>\n","protected":false},"author":3063,"featured_media":3126,"comment_status":"open","ping_status":"open","sticky":false,"template":"","format":"standard","meta":{"footnotes":""},"categories":[5,6],"tags":[11,10,8,13,9,12,17],"class_list":{"0":"post-5101","1":"post","2":"type-post","3":"status-publish","4":"format-standard","5":"has-post-thumbnail","7":"category-previdenciario","8":"category-trf4","9":"tag-aposentadoria","10":"tag-calculos-previdenciarios","11":"tag-direito-previdenciario","12":"tag-inss","13":"tag-pericia","14":"tag-perito","15":"tag-trf4"},"yoast_head":"<!-- This site is optimized with the Yoast SEO plugin v27.2 - https:\/\/yoast.com\/product\/yoast-seo-wordpress\/ -->\n<title>TRF4: Tribunal&nbsp;confirma condena\u00e7\u00e3o de morador de Canoas (RS) por estelionato (09\/07\/2019) | Portal de Not\u00edcias<\/title>\n<meta name=\"robots\" content=\"index, follow, max-snippet:-1, max-image-preview:large, max-video-preview:-1\" \/>\n<link rel=\"canonical\" href=\"https:\/\/mhcalculos.com.br\/noticias\/area\/previdenciario\/trf4-tribunal-confirma-condenacao-de-morador-de-canoas-rs-por-estelionato-09-07-2019.html\" \/>\n<meta property=\"og:locale\" content=\"pt_BR\" \/>\n<meta property=\"og:type\" content=\"article\" \/>\n<meta property=\"og:title\" content=\"TRF4: Tribunal&nbsp;confirma condena\u00e7\u00e3o de morador de Canoas (RS) por estelionato (09\/07\/2019) | Portal de Not\u00edcias\" \/>\n<meta property=\"og:description\" content=\"O Tribunal Regional Federal da 4\u00aa Regi\u00e3o (TRF4) confirmou a condena\u00e7\u00e3o de um morador de Canoas por fraude contra um aposentado e a Caixa Econ\u00f4mica Federal, mas diminuiu a pena em 6 meses devido \u00e0 confiss\u00e3o do r\u00e9u. A senten\u00e7a foi proferida pela 7\u00aa Turma de forma un\u00e2nime em sess\u00e3o de julgamento realizada no dia [&hellip;]\" \/>\n<meta property=\"og:url\" content=\"https:\/\/mhcalculos.com.br\/noticias\/area\/previdenciario\/trf4-tribunal-confirma-condenacao-de-morador-de-canoas-rs-por-estelionato-09-07-2019.html\" \/>\n<meta property=\"og:site_name\" content=\"Portal de Not\u00edcias\" \/>\n<meta property=\"article:published_time\" content=\"2019-07-10T10:00:12+00:00\" \/>\n<meta property=\"article:modified_time\" content=\"2021-07-28T17:32:26+00:00\" \/>\n<meta property=\"og:image\" content=\"https:\/\/mhcalculos.com.br\/noticias\/wp-content\/uploads\/sites\/2\/2018\/09\/previdenciario-0024.jpg\" \/>\n\t<meta property=\"og:image:width\" content=\"2000\" \/>\n\t<meta property=\"og:image:height\" content=\"800\" \/>\n\t<meta property=\"og:image:type\" content=\"image\/jpeg\" \/>\n<meta name=\"author\" content=\"Equipe MH\" \/>\n<meta name=\"twitter:card\" content=\"summary_large_image\" \/>\n<meta name=\"twitter:label1\" content=\"Escrito por\" \/>\n\t<meta name=\"twitter:data1\" content=\"Equipe MH\" \/>\n\t<meta name=\"twitter:label2\" content=\"Est. tempo de leitura\" \/>\n\t<meta name=\"twitter:data2\" content=\"2 minutos\" \/>\n<script type=\"application\/ld+json\" class=\"yoast-schema-graph\">{\"@context\":\"https:\/\/schema.org\",\"@graph\":[{\"@type\":\"Article\",\"@id\":\"https:\/\/mhcalculos.com.br\/noticias\/area\/previdenciario\/trf4-tribunal-confirma-condenacao-de-morador-de-canoas-rs-por-estelionato-09-07-2019.html#article\",\"isPartOf\":{\"@id\":\"https:\/\/mhcalculos.com.br\/noticias\/area\/previdenciario\/trf4-tribunal-confirma-condenacao-de-morador-de-canoas-rs-por-estelionato-09-07-2019.html\"},\"author\":{\"name\":\"Equipe MH\",\"@id\":\"https:\/\/mhcalculos.com.br\/noticias\/#\/schema\/person\/88d1c34bf72dc779ea14a5a6b8e0ae8d\"},\"headline\":\"TRF4: Tribunal&nbsp;confirma condena\u00e7\u00e3o de morador de Canoas (RS) por estelionato (09\/07\/2019)\",\"datePublished\":\"2019-07-10T10:00:12+00:00\",\"dateModified\":\"2021-07-28T17:32:26+00:00\",\"mainEntityOfPage\":{\"@id\":\"https:\/\/mhcalculos.com.br\/noticias\/area\/previdenciario\/trf4-tribunal-confirma-condenacao-de-morador-de-canoas-rs-por-estelionato-09-07-2019.html\"},\"wordCount\":437,\"commentCount\":0,\"image\":{\"@id\":\"https:\/\/mhcalculos.com.br\/noticias\/area\/previdenciario\/trf4-tribunal-confirma-condenacao-de-morador-de-canoas-rs-por-estelionato-09-07-2019.html#primaryimage\"},\"thumbnailUrl\":\"https:\/\/mhcalculos.com.br\/noticias\/wp-content\/uploads\/sites\/2\/2018\/09\/previdenciario-0024.jpg\",\"keywords\":[\"aposentadoria\",\"c\u00e1lculos previdenci\u00e1rios\",\"direito previdenci\u00e1rio\",\"inss\",\"per\u00edcia\",\"perito\",\"trf4\"],\"articleSection\":[\"Direito Previdenci\u00e1rio\",\"TRF4\"],\"inLanguage\":\"pt-BR\",\"potentialAction\":[{\"@type\":\"CommentAction\",\"name\":\"Comment\",\"target\":[\"https:\/\/mhcalculos.com.br\/noticias\/area\/previdenciario\/trf4-tribunal-confirma-condenacao-de-morador-de-canoas-rs-por-estelionato-09-07-2019.html#respond\"]}]},{\"@type\":\"WebPage\",\"@id\":\"https:\/\/mhcalculos.com.br\/noticias\/area\/previdenciario\/trf4-tribunal-confirma-condenacao-de-morador-de-canoas-rs-por-estelionato-09-07-2019.html\",\"url\":\"https:\/\/mhcalculos.com.br\/noticias\/area\/previdenciario\/trf4-tribunal-confirma-condenacao-de-morador-de-canoas-rs-por-estelionato-09-07-2019.html\",\"name\":\"TRF4: Tribunal&nbsp;confirma condena\u00e7\u00e3o de morador de Canoas (RS) por estelionato (09\/07\/2019) | Portal de Not\u00edcias\",\"isPartOf\":{\"@id\":\"https:\/\/mhcalculos.com.br\/noticias\/#website\"},\"primaryImageOfPage\":{\"@id\":\"https:\/\/mhcalculos.com.br\/noticias\/area\/previdenciario\/trf4-tribunal-confirma-condenacao-de-morador-de-canoas-rs-por-estelionato-09-07-2019.html#primaryimage\"},\"image\":{\"@id\":\"https:\/\/mhcalculos.com.br\/noticias\/area\/previdenciario\/trf4-tribunal-confirma-condenacao-de-morador-de-canoas-rs-por-estelionato-09-07-2019.html#primaryimage\"},\"thumbnailUrl\":\"https:\/\/mhcalculos.com.br\/noticias\/wp-content\/uploads\/sites\/2\/2018\/09\/previdenciario-0024.jpg\",\"datePublished\":\"2019-07-10T10:00:12+00:00\",\"dateModified\":\"2021-07-28T17:32:26+00:00\",\"author\":{\"@id\":\"https:\/\/mhcalculos.com.br\/noticias\/#\/schema\/person\/88d1c34bf72dc779ea14a5a6b8e0ae8d\"},\"breadcrumb\":{\"@id\":\"https:\/\/mhcalculos.com.br\/noticias\/area\/previdenciario\/trf4-tribunal-confirma-condenacao-de-morador-de-canoas-rs-por-estelionato-09-07-2019.html#breadcrumb\"},\"inLanguage\":\"pt-BR\",\"potentialAction\":[{\"@type\":\"ReadAction\",\"target\":[\"https:\/\/mhcalculos.com.br\/noticias\/area\/previdenciario\/trf4-tribunal-confirma-condenacao-de-morador-de-canoas-rs-por-estelionato-09-07-2019.html\"]}]},{\"@type\":\"ImageObject\",\"inLanguage\":\"pt-BR\",\"@id\":\"https:\/\/mhcalculos.com.br\/noticias\/area\/previdenciario\/trf4-tribunal-confirma-condenacao-de-morador-de-canoas-rs-por-estelionato-09-07-2019.html#primaryimage\",\"url\":\"https:\/\/mhcalculos.com.br\/noticias\/wp-content\/uploads\/sites\/2\/2018\/09\/previdenciario-0024.jpg\",\"contentUrl\":\"https:\/\/mhcalculos.com.br\/noticias\/wp-content\/uploads\/sites\/2\/2018\/09\/previdenciario-0024.jpg\",\"width\":2000,\"height\":800,\"caption\":\"Primeira Se\u00e7\u00e3o vai julgar pedido de uniformiza\u00e7\u00e3o sobre renda inicial de aposentadoria\"},{\"@type\":\"BreadcrumbList\",\"@id\":\"https:\/\/mhcalculos.com.br\/noticias\/area\/previdenciario\/trf4-tribunal-confirma-condenacao-de-morador-de-canoas-rs-por-estelionato-09-07-2019.html#breadcrumb\",\"itemListElement\":[{\"@type\":\"ListItem\",\"position\":1,\"name\":\"In\u00edcio\",\"item\":\"https:\/\/mhcalculos.com.br\/noticias\/\"},{\"@type\":\"ListItem\",\"position\":2,\"name\":\"TRF4: Tribunal&nbsp;confirma condena\u00e7\u00e3o de morador de Canoas (RS) por estelionato (09\/07\/2019)\"}]},{\"@type\":\"WebSite\",\"@id\":\"https:\/\/mhcalculos.com.br\/noticias\/#website\",\"url\":\"https:\/\/mhcalculos.com.br\/noticias\/\",\"name\":\"Portal de Not\u00edcias\",\"description\":\"Not\u00edcias e Jurisprud\u00eancia\",\"potentialAction\":[{\"@type\":\"SearchAction\",\"target\":{\"@type\":\"EntryPoint\",\"urlTemplate\":\"https:\/\/mhcalculos.com.br\/noticias\/?s={search_term_string}\"},\"query-input\":{\"@type\":\"PropertyValueSpecification\",\"valueRequired\":true,\"valueName\":\"search_term_string\"}}],\"inLanguage\":\"pt-BR\"},{\"@type\":\"Person\",\"@id\":\"https:\/\/mhcalculos.com.br\/noticias\/#\/schema\/person\/88d1c34bf72dc779ea14a5a6b8e0ae8d\",\"name\":\"Equipe MH\",\"image\":{\"@type\":\"ImageObject\",\"inLanguage\":\"pt-BR\",\"@id\":\"https:\/\/secure.gravatar.com\/avatar\/de1c686c2ecc9c5a3f327e3431d819eb39f8f05d4e1045f5a1caad6daaba987f?s=96&d=mm&r=g\",\"url\":\"https:\/\/secure.gravatar.com\/avatar\/de1c686c2ecc9c5a3f327e3431d819eb39f8f05d4e1045f5a1caad6daaba987f?s=96&d=mm&r=g\",\"contentUrl\":\"https:\/\/secure.gravatar.com\/avatar\/de1c686c2ecc9c5a3f327e3431d819eb39f8f05d4e1045f5a1caad6daaba987f?s=96&d=mm&r=g\",\"caption\":\"Equipe MH\"}}]}<\/script>\n<!-- \/ Yoast SEO plugin. -->","yoast_head_json":{"title":"TRF4: Tribunal&nbsp;confirma condena\u00e7\u00e3o de morador de Canoas (RS) por estelionato (09\/07\/2019) | Portal de Not\u00edcias","robots":{"index":"index","follow":"follow","max-snippet":"max-snippet:-1","max-image-preview":"max-image-preview:large","max-video-preview":"max-video-preview:-1"},"canonical":"https:\/\/mhcalculos.com.br\/noticias\/area\/previdenciario\/trf4-tribunal-confirma-condenacao-de-morador-de-canoas-rs-por-estelionato-09-07-2019.html","og_locale":"pt_BR","og_type":"article","og_title":"TRF4: Tribunal&nbsp;confirma condena\u00e7\u00e3o de morador de Canoas (RS) por estelionato (09\/07\/2019) | Portal de Not\u00edcias","og_description":"O Tribunal Regional Federal da 4\u00aa Regi\u00e3o (TRF4) confirmou a condena\u00e7\u00e3o de um morador de Canoas por fraude contra um aposentado e a Caixa Econ\u00f4mica Federal, mas diminuiu a pena em 6 meses devido \u00e0 confiss\u00e3o do r\u00e9u. A senten\u00e7a foi proferida pela 7\u00aa Turma de forma un\u00e2nime em sess\u00e3o de julgamento realizada no dia [&hellip;]","og_url":"https:\/\/mhcalculos.com.br\/noticias\/area\/previdenciario\/trf4-tribunal-confirma-condenacao-de-morador-de-canoas-rs-por-estelionato-09-07-2019.html","og_site_name":"Portal de Not\u00edcias","article_published_time":"2019-07-10T10:00:12+00:00","article_modified_time":"2021-07-28T17:32:26+00:00","og_image":[{"width":2000,"height":800,"url":"https:\/\/mhcalculos.com.br\/noticias\/wp-content\/uploads\/sites\/2\/2018\/09\/previdenciario-0024.jpg","type":"image\/jpeg"}],"author":"Equipe MH","twitter_card":"summary_large_image","twitter_misc":{"Escrito por":"Equipe MH","Est. tempo de leitura":"2 minutos"},"schema":{"@context":"https:\/\/schema.org","@graph":[{"@type":"Article","@id":"https:\/\/mhcalculos.com.br\/noticias\/area\/previdenciario\/trf4-tribunal-confirma-condenacao-de-morador-de-canoas-rs-por-estelionato-09-07-2019.html#article","isPartOf":{"@id":"https:\/\/mhcalculos.com.br\/noticias\/area\/previdenciario\/trf4-tribunal-confirma-condenacao-de-morador-de-canoas-rs-por-estelionato-09-07-2019.html"},"author":{"name":"Equipe MH","@id":"https:\/\/mhcalculos.com.br\/noticias\/#\/schema\/person\/88d1c34bf72dc779ea14a5a6b8e0ae8d"},"headline":"TRF4: Tribunal&nbsp;confirma condena\u00e7\u00e3o de morador de Canoas (RS) por estelionato (09\/07\/2019)","datePublished":"2019-07-10T10:00:12+00:00","dateModified":"2021-07-28T17:32:26+00:00","mainEntityOfPage":{"@id":"https:\/\/mhcalculos.com.br\/noticias\/area\/previdenciario\/trf4-tribunal-confirma-condenacao-de-morador-de-canoas-rs-por-estelionato-09-07-2019.html"},"wordCount":437,"commentCount":0,"image":{"@id":"https:\/\/mhcalculos.com.br\/noticias\/area\/previdenciario\/trf4-tribunal-confirma-condenacao-de-morador-de-canoas-rs-por-estelionato-09-07-2019.html#primaryimage"},"thumbnailUrl":"https:\/\/mhcalculos.com.br\/noticias\/wp-content\/uploads\/sites\/2\/2018\/09\/previdenciario-0024.jpg","keywords":["aposentadoria","c\u00e1lculos previdenci\u00e1rios","direito previdenci\u00e1rio","inss","per\u00edcia","perito","trf4"],"articleSection":["Direito Previdenci\u00e1rio","TRF4"],"inLanguage":"pt-BR","potentialAction":[{"@type":"CommentAction","name":"Comment","target":["https:\/\/mhcalculos.com.br\/noticias\/area\/previdenciario\/trf4-tribunal-confirma-condenacao-de-morador-de-canoas-rs-por-estelionato-09-07-2019.html#respond"]}]},{"@type":"WebPage","@id":"https:\/\/mhcalculos.com.br\/noticias\/area\/previdenciario\/trf4-tribunal-confirma-condenacao-de-morador-de-canoas-rs-por-estelionato-09-07-2019.html","url":"https:\/\/mhcalculos.com.br\/noticias\/area\/previdenciario\/trf4-tribunal-confirma-condenacao-de-morador-de-canoas-rs-por-estelionato-09-07-2019.html","name":"TRF4: Tribunal&nbsp;confirma condena\u00e7\u00e3o de morador de Canoas (RS) por estelionato (09\/07\/2019) | Portal de Not\u00edcias","isPartOf":{"@id":"https:\/\/mhcalculos.com.br\/noticias\/#website"},"primaryImageOfPage":{"@id":"https:\/\/mhcalculos.com.br\/noticias\/area\/previdenciario\/trf4-tribunal-confirma-condenacao-de-morador-de-canoas-rs-por-estelionato-09-07-2019.html#primaryimage"},"image":{"@id":"https:\/\/mhcalculos.com.br\/noticias\/area\/previdenciario\/trf4-tribunal-confirma-condenacao-de-morador-de-canoas-rs-por-estelionato-09-07-2019.html#primaryimage"},"thumbnailUrl":"https:\/\/mhcalculos.com.br\/noticias\/wp-content\/uploads\/sites\/2\/2018\/09\/previdenciario-0024.jpg","datePublished":"2019-07-10T10:00:12+00:00","dateModified":"2021-07-28T17:32:26+00:00","author":{"@id":"https:\/\/mhcalculos.com.br\/noticias\/#\/schema\/person\/88d1c34bf72dc779ea14a5a6b8e0ae8d"},"breadcrumb":{"@id":"https:\/\/mhcalculos.com.br\/noticias\/area\/previdenciario\/trf4-tribunal-confirma-condenacao-de-morador-de-canoas-rs-por-estelionato-09-07-2019.html#breadcrumb"},"inLanguage":"pt-BR","potentialAction":[{"@type":"ReadAction","target":["https:\/\/mhcalculos.com.br\/noticias\/area\/previdenciario\/trf4-tribunal-confirma-condenacao-de-morador-de-canoas-rs-por-estelionato-09-07-2019.html"]}]},{"@type":"ImageObject","inLanguage":"pt-BR","@id":"https:\/\/mhcalculos.com.br\/noticias\/area\/previdenciario\/trf4-tribunal-confirma-condenacao-de-morador-de-canoas-rs-por-estelionato-09-07-2019.html#primaryimage","url":"https:\/\/mhcalculos.com.br\/noticias\/wp-content\/uploads\/sites\/2\/2018\/09\/previdenciario-0024.jpg","contentUrl":"https:\/\/mhcalculos.com.br\/noticias\/wp-content\/uploads\/sites\/2\/2018\/09\/previdenciario-0024.jpg","width":2000,"height":800,"caption":"Primeira Se\u00e7\u00e3o vai julgar pedido de uniformiza\u00e7\u00e3o sobre renda inicial de aposentadoria"},{"@type":"BreadcrumbList","@id":"https:\/\/mhcalculos.com.br\/noticias\/area\/previdenciario\/trf4-tribunal-confirma-condenacao-de-morador-de-canoas-rs-por-estelionato-09-07-2019.html#breadcrumb","itemListElement":[{"@type":"ListItem","position":1,"name":"In\u00edcio","item":"https:\/\/mhcalculos.com.br\/noticias\/"},{"@type":"ListItem","position":2,"name":"TRF4: Tribunal&nbsp;confirma condena\u00e7\u00e3o de morador de Canoas (RS) por estelionato (09\/07\/2019)"}]},{"@type":"WebSite","@id":"https:\/\/mhcalculos.com.br\/noticias\/#website","url":"https:\/\/mhcalculos.com.br\/noticias\/","name":"Portal de Not\u00edcias","description":"Not\u00edcias e Jurisprud\u00eancia","potentialAction":[{"@type":"SearchAction","target":{"@type":"EntryPoint","urlTemplate":"https:\/\/mhcalculos.com.br\/noticias\/?s={search_term_string}"},"query-input":{"@type":"PropertyValueSpecification","valueRequired":true,"valueName":"search_term_string"}}],"inLanguage":"pt-BR"},{"@type":"Person","@id":"https:\/\/mhcalculos.com.br\/noticias\/#\/schema\/person\/88d1c34bf72dc779ea14a5a6b8e0ae8d","name":"Equipe MH","image":{"@type":"ImageObject","inLanguage":"pt-BR","@id":"https:\/\/secure.gravatar.com\/avatar\/de1c686c2ecc9c5a3f327e3431d819eb39f8f05d4e1045f5a1caad6daaba987f?s=96&d=mm&r=g","url":"https:\/\/secure.gravatar.com\/avatar\/de1c686c2ecc9c5a3f327e3431d819eb39f8f05d4e1045f5a1caad6daaba987f?s=96&d=mm&r=g","contentUrl":"https:\/\/secure.gravatar.com\/avatar\/de1c686c2ecc9c5a3f327e3431d819eb39f8f05d4e1045f5a1caad6daaba987f?s=96&d=mm&r=g","caption":"Equipe MH"}}]}},"_links":{"self":[{"href":"https:\/\/mhcalculos.com.br\/noticias\/wp-json\/wp\/v2\/posts\/5101","targetHints":{"allow":["GET"]}}],"collection":[{"href":"https:\/\/mhcalculos.com.br\/noticias\/wp-json\/wp\/v2\/posts"}],"about":[{"href":"https:\/\/mhcalculos.com.br\/noticias\/wp-json\/wp\/v2\/types\/post"}],"author":[{"embeddable":true,"href":"https:\/\/mhcalculos.com.br\/noticias\/wp-json\/wp\/v2\/users\/3063"}],"replies":[{"embeddable":true,"href":"https:\/\/mhcalculos.com.br\/noticias\/wp-json\/wp\/v2\/comments?post=5101"}],"version-history":[{"count":1,"href":"https:\/\/mhcalculos.com.br\/noticias\/wp-json\/wp\/v2\/posts\/5101\/revisions"}],"predecessor-version":[{"id":9759,"href":"https:\/\/mhcalculos.com.br\/noticias\/wp-json\/wp\/v2\/posts\/5101\/revisions\/9759"}],"wp:featuredmedia":[{"embeddable":true,"href":"https:\/\/mhcalculos.com.br\/noticias\/wp-json\/wp\/v2\/media\/3126"}],"wp:attachment":[{"href":"https:\/\/mhcalculos.com.br\/noticias\/wp-json\/wp\/v2\/media?parent=5101"}],"wp:term":[{"taxonomy":"category","embeddable":true,"href":"https:\/\/mhcalculos.com.br\/noticias\/wp-json\/wp\/v2\/categories?post=5101"},{"taxonomy":"post_tag","embeddable":true,"href":"https:\/\/mhcalculos.com.br\/noticias\/wp-json\/wp\/v2\/tags?post=5101"}],"curies":[{"name":"wp","href":"https:\/\/api.w.org\/{rel}","templated":true}]}}