{"id":5038,"date":"2019-07-06T15:00:15","date_gmt":"2019-07-06T18:00:15","guid":{"rendered":"https:\/\/mhcalculos.com.br\/noticias\/2019\/07\/06\/stf-adi-contra-lei-do-rj-que-cria-obrigacao-para-seguradoras-de-veiculos-tramitara-sob-rito-abreviado\/"},"modified":"2021-07-28T14:32:27","modified_gmt":"2021-07-28T17:32:27","slug":"stf-adi-contra-lei-do-rj-que-cria-obrigacao-para-seguradoras-de-veiculos-tramitara-sob-rito-abreviado","status":"publish","type":"post","link":"https:\/\/mhcalculos.com.br\/noticias\/area\/previdenciario\/stf-adi-contra-lei-do-rj-que-cria-obrigacao-para-seguradoras-de-veiculos-tramitara-sob-rito-abreviado.html","title":{"rendered":"STF: ADI contra lei do RJ que cria obriga\u00e7\u00e3o para seguradoras de ve\u00edculos tramitar\u00e1 sob rito abreviado"},"content":{"rendered":"<p><br \/>\n<\/p>\n<p>O ministro do Supremo Tribunal Federal (STF) Ricardo Lewandowski, em decis\u00e3o publicada no \u00faltimo dia 13, aplicou \u00e0 tramita\u00e7\u00e3o da A\u00e7\u00e3o Direta de Inconstitucionalidade (ADI) 6153 o rito abreviado previsto no artigo 12 da Lei 9.868\/1999 (Lei das ADIs), que autoriza o julgamento da a\u00e7\u00e3o pelo Plen\u00e1rio do Supremo diretamente no m\u00e9rito, sem pr\u00e9via an\u00e1lise do pedido de liminar. O objeto de questionamento \u00e9 a  Lei  8.182\/2018 do Estado do Rio de Janeiro, que imp\u00f5e \u00e0s seguradoras o dever de publicar, periodicamente, em seus sites, a lista dos ve\u00edculos exclu\u00eddos de sua cobertura, e estabelece penalidades.<\/p>\n<p>Segundo a Confedera\u00e7\u00e3o Nacional das Empresas de Seguros Gerais, Previd\u00eancia Privada e Vida, Sa\u00fade Suplementar e Capitaliza\u00e7\u00e3o (CNSeg), autora da a\u00e7\u00e3o, h\u00e1 no caso viola\u00e7\u00e3o ao artigo 22, incisos I e VI, da Constitui\u00e7\u00e3o Federal, pois, ao criar obriga\u00e7\u00e3o para as seguradoras, a norma estadual legislou sobre direito civil e seguros, que s\u00e3o mat\u00e9rias de compet\u00eancia privativa da Uni\u00e3o. &ldquo;A inten\u00e7\u00e3o do legislador constituinte foi uniformizar o regime jur\u00eddico do setor de seguros em todo o territ\u00f3rio nacional, para que n\u00e3o ocorram distor\u00e7\u00f5es, em estados e munic\u00edpios, da disciplina legal da mat\u00e9ria&rdquo;, alega.<\/p>\n<p>A confedera\u00e7\u00e3o sustenta tamb\u00e9m viola\u00e7\u00e3o aos princ\u00edpios da isonomia e da livre inciativa, previstos nos artigos 1&deg;, inciso IV; 5&deg;, caput; e 170, <i>caput<\/i>, todos da Constitui\u00e7\u00e3o. Nesse sentido, lembra que a jurisprud\u00eancia \u00e9 &ldquo;un\u00edssona&rdquo; no sentido de que a interven\u00e7\u00e3o estatal na economia deve ser exercida com respeito aos princ\u00edpios e fundamentos da ordem econ\u00f4mica. Ainda de acordo com a entidade, a exclus\u00e3o de cobertura de um ve\u00edculo depende de an\u00e1lise espec\u00edfica de cada risco e de cada caso, &ldquo;n\u00e3o sendo vi\u00e1vel a elabora\u00e7\u00e3o de uma lista que apenas causaria riscos e exposi\u00e7\u00e3o dos propriet\u00e1rios de determinados carros e geraria \u00f4nus regulat\u00f3rios excessivos, desnecess\u00e1rios e cuja finalidade n\u00e3o est\u00e1 focada nos direitos dos consumidores&rdquo;.<\/p>\n<p><b>Rito abreviado<\/b><\/p>\n<p>O ministro Lewandowski adotou o rito abreviado em raz\u00e3o da relev\u00e2ncia da mat\u00e9ria e de seu especial significado para a ordem social e para a seguran\u00e7a jur\u00eddica. Na decis\u00e3o, o relator requisitou informa\u00e7\u00f5es \u00e0 Assembleia Legislativa e ao governador do Rio de Janeiro. Em seguida, os autos ser\u00e3o encaminhados, sucessivamente, \u00e0 Advocacia-Geral da Uni\u00e3o (AGU) e \u00e0 Procuradoria-Geral da Rep\u00fablica (PGR), para que se manifestem sobre a mat\u00e9ria.<\/p>\n<p><span style=\"font-size: small\">EC\/AD<\/span><\/p>\n<p><i>Com informa\u00e7\u00f5es da assessoria de imprensa do STF.<\/i><br \/>\n<br \/><br \/>\n<br \/><a href=\"http:\/\/www.stf.jus.br\/portal\/cms\/verNoticiaDetalhe.asp?idConteudo=415968\">Fonte<\/a><\/p>\n","protected":false},"excerpt":{"rendered":"<p>O ministro do Supremo Tribunal Federal (STF) Ricardo Lewandowski, em decis\u00e3o publicada no \u00faltimo dia 13, aplicou \u00e0 tramita\u00e7\u00e3o da A\u00e7\u00e3o Direta de Inconstitucionalidade (ADI) 6153 o rito abreviado previsto no artigo 12 da Lei 9.868\/1999 (Lei das ADIs), que autoriza o julgamento da a\u00e7\u00e3o pelo Plen\u00e1rio do Supremo diretamente no m\u00e9rito, sem pr\u00e9via an\u00e1lise [&hellip;]<\/p>\n","protected":false},"author":3063,"featured_media":5039,"comment_status":"open","ping_status":"open","sticky":false,"template":"","format":"standard","meta":{"footnotes":""},"categories":[5,15],"tags":[11,10,8,13,9,12,16],"class_list":{"0":"post-5038","1":"post","2":"type-post","3":"status-publish","4":"format-standard","5":"has-post-thumbnail","7":"category-previdenciario","8":"category-stf","9":"tag-aposentadoria","10":"tag-calculos-previdenciarios","11":"tag-direito-previdenciario","12":"tag-inss","13":"tag-pericia","14":"tag-perito","15":"tag-stf"},"yoast_head":"<!-- This site is optimized with the Yoast SEO plugin v27.2 - https:\/\/yoast.com\/product\/yoast-seo-wordpress\/ -->\n<title>STF: ADI contra lei do RJ que cria obriga\u00e7\u00e3o para seguradoras de ve\u00edculos tramitar\u00e1 sob rito abreviado | Portal de Not\u00edcias<\/title>\n<meta name=\"robots\" content=\"index, follow, max-snippet:-1, max-image-preview:large, max-video-preview:-1\" \/>\n<link rel=\"canonical\" href=\"https:\/\/mhcalculos.com.br\/noticias\/area\/previdenciario\/stf-adi-contra-lei-do-rj-que-cria-obrigacao-para-seguradoras-de-veiculos-tramitara-sob-rito-abreviado.html\" \/>\n<meta property=\"og:locale\" content=\"pt_BR\" \/>\n<meta property=\"og:type\" content=\"article\" \/>\n<meta property=\"og:title\" content=\"STF: ADI contra lei do RJ que cria obriga\u00e7\u00e3o para seguradoras de ve\u00edculos tramitar\u00e1 sob rito abreviado | Portal de Not\u00edcias\" \/>\n<meta property=\"og:description\" content=\"O ministro do Supremo Tribunal Federal (STF) Ricardo Lewandowski, em decis\u00e3o publicada no \u00faltimo dia 13, aplicou \u00e0 tramita\u00e7\u00e3o da A\u00e7\u00e3o Direta de Inconstitucionalidade (ADI) 6153 o rito abreviado previsto no artigo 12 da Lei 9.868\/1999 (Lei das ADIs), que autoriza o julgamento da a\u00e7\u00e3o pelo Plen\u00e1rio do Supremo diretamente no m\u00e9rito, sem pr\u00e9via an\u00e1lise [&hellip;]\" \/>\n<meta property=\"og:url\" content=\"https:\/\/mhcalculos.com.br\/noticias\/area\/previdenciario\/stf-adi-contra-lei-do-rj-que-cria-obrigacao-para-seguradoras-de-veiculos-tramitara-sob-rito-abreviado.html\" \/>\n<meta property=\"og:site_name\" content=\"Portal de Not\u00edcias\" \/>\n<meta property=\"article:published_time\" content=\"2019-07-06T18:00:15+00:00\" \/>\n<meta property=\"article:modified_time\" content=\"2021-07-28T17:32:27+00:00\" \/>\n<meta property=\"og:image\" content=\"https:\/\/mhcalculos.com.br\/noticias\/wp-content\/uploads\/sites\/2\/2019\/07\/previdenciario-0042.jpg\" \/>\n\t<meta property=\"og:image:width\" content=\"2000\" \/>\n\t<meta property=\"og:image:height\" content=\"800\" \/>\n\t<meta property=\"og:image:type\" content=\"image\/jpeg\" \/>\n<meta name=\"author\" content=\"Equipe MH\" \/>\n<meta name=\"twitter:card\" content=\"summary_large_image\" \/>\n<meta name=\"twitter:label1\" content=\"Escrito por\" \/>\n\t<meta name=\"twitter:data1\" content=\"Equipe MH\" \/>\n\t<meta name=\"twitter:label2\" content=\"Est. tempo de leitura\" \/>\n\t<meta name=\"twitter:data2\" content=\"2 minutos\" \/>\n<script type=\"application\/ld+json\" class=\"yoast-schema-graph\">{\"@context\":\"https:\/\/schema.org\",\"@graph\":[{\"@type\":\"Article\",\"@id\":\"https:\/\/mhcalculos.com.br\/noticias\/area\/previdenciario\/stf-adi-contra-lei-do-rj-que-cria-obrigacao-para-seguradoras-de-veiculos-tramitara-sob-rito-abreviado.html#article\",\"isPartOf\":{\"@id\":\"https:\/\/mhcalculos.com.br\/noticias\/area\/previdenciario\/stf-adi-contra-lei-do-rj-que-cria-obrigacao-para-seguradoras-de-veiculos-tramitara-sob-rito-abreviado.html\"},\"author\":{\"name\":\"Equipe MH\",\"@id\":\"https:\/\/mhcalculos.com.br\/noticias\/#\/schema\/person\/88d1c34bf72dc779ea14a5a6b8e0ae8d\"},\"headline\":\"STF: ADI contra lei do RJ que cria obriga\u00e7\u00e3o para seguradoras de ve\u00edculos tramitar\u00e1 sob rito abreviado\",\"datePublished\":\"2019-07-06T18:00:15+00:00\",\"dateModified\":\"2021-07-28T17:32:27+00:00\",\"mainEntityOfPage\":{\"@id\":\"https:\/\/mhcalculos.com.br\/noticias\/area\/previdenciario\/stf-adi-contra-lei-do-rj-que-cria-obrigacao-para-seguradoras-de-veiculos-tramitara-sob-rito-abreviado.html\"},\"wordCount\":463,\"commentCount\":0,\"image\":{\"@id\":\"https:\/\/mhcalculos.com.br\/noticias\/area\/previdenciario\/stf-adi-contra-lei-do-rj-que-cria-obrigacao-para-seguradoras-de-veiculos-tramitara-sob-rito-abreviado.html#primaryimage\"},\"thumbnailUrl\":\"https:\/\/mhcalculos.com.br\/noticias\/wp-content\/uploads\/sites\/2\/2019\/07\/previdenciario-0042.jpg\",\"keywords\":[\"aposentadoria\",\"c\u00e1lculos previdenci\u00e1rios\",\"direito previdenci\u00e1rio\",\"inss\",\"per\u00edcia\",\"perito\",\"stf\"],\"articleSection\":[\"Direito Previdenci\u00e1rio\",\"STF\"],\"inLanguage\":\"pt-BR\",\"potentialAction\":[{\"@type\":\"CommentAction\",\"name\":\"Comment\",\"target\":[\"https:\/\/mhcalculos.com.br\/noticias\/area\/previdenciario\/stf-adi-contra-lei-do-rj-que-cria-obrigacao-para-seguradoras-de-veiculos-tramitara-sob-rito-abreviado.html#respond\"]}]},{\"@type\":\"WebPage\",\"@id\":\"https:\/\/mhcalculos.com.br\/noticias\/area\/previdenciario\/stf-adi-contra-lei-do-rj-que-cria-obrigacao-para-seguradoras-de-veiculos-tramitara-sob-rito-abreviado.html\",\"url\":\"https:\/\/mhcalculos.com.br\/noticias\/area\/previdenciario\/stf-adi-contra-lei-do-rj-que-cria-obrigacao-para-seguradoras-de-veiculos-tramitara-sob-rito-abreviado.html\",\"name\":\"STF: ADI contra lei do RJ que cria obriga\u00e7\u00e3o para seguradoras de ve\u00edculos tramitar\u00e1 sob rito abreviado | Portal de Not\u00edcias\",\"isPartOf\":{\"@id\":\"https:\/\/mhcalculos.com.br\/noticias\/#website\"},\"primaryImageOfPage\":{\"@id\":\"https:\/\/mhcalculos.com.br\/noticias\/area\/previdenciario\/stf-adi-contra-lei-do-rj-que-cria-obrigacao-para-seguradoras-de-veiculos-tramitara-sob-rito-abreviado.html#primaryimage\"},\"image\":{\"@id\":\"https:\/\/mhcalculos.com.br\/noticias\/area\/previdenciario\/stf-adi-contra-lei-do-rj-que-cria-obrigacao-para-seguradoras-de-veiculos-tramitara-sob-rito-abreviado.html#primaryimage\"},\"thumbnailUrl\":\"https:\/\/mhcalculos.com.br\/noticias\/wp-content\/uploads\/sites\/2\/2019\/07\/previdenciario-0042.jpg\",\"datePublished\":\"2019-07-06T18:00:15+00:00\",\"dateModified\":\"2021-07-28T17:32:27+00:00\",\"author\":{\"@id\":\"https:\/\/mhcalculos.com.br\/noticias\/#\/schema\/person\/88d1c34bf72dc779ea14a5a6b8e0ae8d\"},\"breadcrumb\":{\"@id\":\"https:\/\/mhcalculos.com.br\/noticias\/area\/previdenciario\/stf-adi-contra-lei-do-rj-que-cria-obrigacao-para-seguradoras-de-veiculos-tramitara-sob-rito-abreviado.html#breadcrumb\"},\"inLanguage\":\"pt-BR\",\"potentialAction\":[{\"@type\":\"ReadAction\",\"target\":[\"https:\/\/mhcalculos.com.br\/noticias\/area\/previdenciario\/stf-adi-contra-lei-do-rj-que-cria-obrigacao-para-seguradoras-de-veiculos-tramitara-sob-rito-abreviado.html\"]}]},{\"@type\":\"ImageObject\",\"inLanguage\":\"pt-BR\",\"@id\":\"https:\/\/mhcalculos.com.br\/noticias\/area\/previdenciario\/stf-adi-contra-lei-do-rj-que-cria-obrigacao-para-seguradoras-de-veiculos-tramitara-sob-rito-abreviado.html#primaryimage\",\"url\":\"https:\/\/mhcalculos.com.br\/noticias\/wp-content\/uploads\/sites\/2\/2019\/07\/previdenciario-0042.jpg\",\"contentUrl\":\"https:\/\/mhcalculos.com.br\/noticias\/wp-content\/uploads\/sites\/2\/2019\/07\/previdenciario-0042.jpg\",\"width\":2000,\"height\":800},{\"@type\":\"BreadcrumbList\",\"@id\":\"https:\/\/mhcalculos.com.br\/noticias\/area\/previdenciario\/stf-adi-contra-lei-do-rj-que-cria-obrigacao-para-seguradoras-de-veiculos-tramitara-sob-rito-abreviado.html#breadcrumb\",\"itemListElement\":[{\"@type\":\"ListItem\",\"position\":1,\"name\":\"In\u00edcio\",\"item\":\"https:\/\/mhcalculos.com.br\/noticias\/\"},{\"@type\":\"ListItem\",\"position\":2,\"name\":\"STF: ADI contra lei do RJ que cria obriga\u00e7\u00e3o para seguradoras de ve\u00edculos tramitar\u00e1 sob rito abreviado\"}]},{\"@type\":\"WebSite\",\"@id\":\"https:\/\/mhcalculos.com.br\/noticias\/#website\",\"url\":\"https:\/\/mhcalculos.com.br\/noticias\/\",\"name\":\"Portal de Not\u00edcias\",\"description\":\"Not\u00edcias e Jurisprud\u00eancia\",\"potentialAction\":[{\"@type\":\"SearchAction\",\"target\":{\"@type\":\"EntryPoint\",\"urlTemplate\":\"https:\/\/mhcalculos.com.br\/noticias\/?s={search_term_string}\"},\"query-input\":{\"@type\":\"PropertyValueSpecification\",\"valueRequired\":true,\"valueName\":\"search_term_string\"}}],\"inLanguage\":\"pt-BR\"},{\"@type\":\"Person\",\"@id\":\"https:\/\/mhcalculos.com.br\/noticias\/#\/schema\/person\/88d1c34bf72dc779ea14a5a6b8e0ae8d\",\"name\":\"Equipe MH\",\"image\":{\"@type\":\"ImageObject\",\"inLanguage\":\"pt-BR\",\"@id\":\"https:\/\/secure.gravatar.com\/avatar\/de1c686c2ecc9c5a3f327e3431d819eb39f8f05d4e1045f5a1caad6daaba987f?s=96&d=mm&r=g\",\"url\":\"https:\/\/secure.gravatar.com\/avatar\/de1c686c2ecc9c5a3f327e3431d819eb39f8f05d4e1045f5a1caad6daaba987f?s=96&d=mm&r=g\",\"contentUrl\":\"https:\/\/secure.gravatar.com\/avatar\/de1c686c2ecc9c5a3f327e3431d819eb39f8f05d4e1045f5a1caad6daaba987f?s=96&d=mm&r=g\",\"caption\":\"Equipe MH\"}}]}<\/script>\n<!-- \/ Yoast SEO plugin. -->","yoast_head_json":{"title":"STF: ADI contra lei do RJ que cria obriga\u00e7\u00e3o para seguradoras de ve\u00edculos tramitar\u00e1 sob rito abreviado | Portal de Not\u00edcias","robots":{"index":"index","follow":"follow","max-snippet":"max-snippet:-1","max-image-preview":"max-image-preview:large","max-video-preview":"max-video-preview:-1"},"canonical":"https:\/\/mhcalculos.com.br\/noticias\/area\/previdenciario\/stf-adi-contra-lei-do-rj-que-cria-obrigacao-para-seguradoras-de-veiculos-tramitara-sob-rito-abreviado.html","og_locale":"pt_BR","og_type":"article","og_title":"STF: ADI contra lei do RJ que cria obriga\u00e7\u00e3o para seguradoras de ve\u00edculos tramitar\u00e1 sob rito abreviado | Portal de Not\u00edcias","og_description":"O ministro do Supremo Tribunal Federal (STF) Ricardo Lewandowski, em decis\u00e3o publicada no \u00faltimo dia 13, aplicou \u00e0 tramita\u00e7\u00e3o da A\u00e7\u00e3o Direta de Inconstitucionalidade (ADI) 6153 o rito abreviado previsto no artigo 12 da Lei 9.868\/1999 (Lei das ADIs), que autoriza o julgamento da a\u00e7\u00e3o pelo Plen\u00e1rio do Supremo diretamente no m\u00e9rito, sem pr\u00e9via an\u00e1lise [&hellip;]","og_url":"https:\/\/mhcalculos.com.br\/noticias\/area\/previdenciario\/stf-adi-contra-lei-do-rj-que-cria-obrigacao-para-seguradoras-de-veiculos-tramitara-sob-rito-abreviado.html","og_site_name":"Portal de Not\u00edcias","article_published_time":"2019-07-06T18:00:15+00:00","article_modified_time":"2021-07-28T17:32:27+00:00","og_image":[{"width":2000,"height":800,"url":"https:\/\/mhcalculos.com.br\/noticias\/wp-content\/uploads\/sites\/2\/2019\/07\/previdenciario-0042.jpg","type":"image\/jpeg"}],"author":"Equipe MH","twitter_card":"summary_large_image","twitter_misc":{"Escrito por":"Equipe MH","Est. tempo de leitura":"2 minutos"},"schema":{"@context":"https:\/\/schema.org","@graph":[{"@type":"Article","@id":"https:\/\/mhcalculos.com.br\/noticias\/area\/previdenciario\/stf-adi-contra-lei-do-rj-que-cria-obrigacao-para-seguradoras-de-veiculos-tramitara-sob-rito-abreviado.html#article","isPartOf":{"@id":"https:\/\/mhcalculos.com.br\/noticias\/area\/previdenciario\/stf-adi-contra-lei-do-rj-que-cria-obrigacao-para-seguradoras-de-veiculos-tramitara-sob-rito-abreviado.html"},"author":{"name":"Equipe MH","@id":"https:\/\/mhcalculos.com.br\/noticias\/#\/schema\/person\/88d1c34bf72dc779ea14a5a6b8e0ae8d"},"headline":"STF: ADI contra lei do RJ que cria obriga\u00e7\u00e3o para seguradoras de ve\u00edculos tramitar\u00e1 sob rito abreviado","datePublished":"2019-07-06T18:00:15+00:00","dateModified":"2021-07-28T17:32:27+00:00","mainEntityOfPage":{"@id":"https:\/\/mhcalculos.com.br\/noticias\/area\/previdenciario\/stf-adi-contra-lei-do-rj-que-cria-obrigacao-para-seguradoras-de-veiculos-tramitara-sob-rito-abreviado.html"},"wordCount":463,"commentCount":0,"image":{"@id":"https:\/\/mhcalculos.com.br\/noticias\/area\/previdenciario\/stf-adi-contra-lei-do-rj-que-cria-obrigacao-para-seguradoras-de-veiculos-tramitara-sob-rito-abreviado.html#primaryimage"},"thumbnailUrl":"https:\/\/mhcalculos.com.br\/noticias\/wp-content\/uploads\/sites\/2\/2019\/07\/previdenciario-0042.jpg","keywords":["aposentadoria","c\u00e1lculos previdenci\u00e1rios","direito previdenci\u00e1rio","inss","per\u00edcia","perito","stf"],"articleSection":["Direito Previdenci\u00e1rio","STF"],"inLanguage":"pt-BR","potentialAction":[{"@type":"CommentAction","name":"Comment","target":["https:\/\/mhcalculos.com.br\/noticias\/area\/previdenciario\/stf-adi-contra-lei-do-rj-que-cria-obrigacao-para-seguradoras-de-veiculos-tramitara-sob-rito-abreviado.html#respond"]}]},{"@type":"WebPage","@id":"https:\/\/mhcalculos.com.br\/noticias\/area\/previdenciario\/stf-adi-contra-lei-do-rj-que-cria-obrigacao-para-seguradoras-de-veiculos-tramitara-sob-rito-abreviado.html","url":"https:\/\/mhcalculos.com.br\/noticias\/area\/previdenciario\/stf-adi-contra-lei-do-rj-que-cria-obrigacao-para-seguradoras-de-veiculos-tramitara-sob-rito-abreviado.html","name":"STF: ADI contra lei do RJ que cria obriga\u00e7\u00e3o para seguradoras de ve\u00edculos tramitar\u00e1 sob rito abreviado | Portal de Not\u00edcias","isPartOf":{"@id":"https:\/\/mhcalculos.com.br\/noticias\/#website"},"primaryImageOfPage":{"@id":"https:\/\/mhcalculos.com.br\/noticias\/area\/previdenciario\/stf-adi-contra-lei-do-rj-que-cria-obrigacao-para-seguradoras-de-veiculos-tramitara-sob-rito-abreviado.html#primaryimage"},"image":{"@id":"https:\/\/mhcalculos.com.br\/noticias\/area\/previdenciario\/stf-adi-contra-lei-do-rj-que-cria-obrigacao-para-seguradoras-de-veiculos-tramitara-sob-rito-abreviado.html#primaryimage"},"thumbnailUrl":"https:\/\/mhcalculos.com.br\/noticias\/wp-content\/uploads\/sites\/2\/2019\/07\/previdenciario-0042.jpg","datePublished":"2019-07-06T18:00:15+00:00","dateModified":"2021-07-28T17:32:27+00:00","author":{"@id":"https:\/\/mhcalculos.com.br\/noticias\/#\/schema\/person\/88d1c34bf72dc779ea14a5a6b8e0ae8d"},"breadcrumb":{"@id":"https:\/\/mhcalculos.com.br\/noticias\/area\/previdenciario\/stf-adi-contra-lei-do-rj-que-cria-obrigacao-para-seguradoras-de-veiculos-tramitara-sob-rito-abreviado.html#breadcrumb"},"inLanguage":"pt-BR","potentialAction":[{"@type":"ReadAction","target":["https:\/\/mhcalculos.com.br\/noticias\/area\/previdenciario\/stf-adi-contra-lei-do-rj-que-cria-obrigacao-para-seguradoras-de-veiculos-tramitara-sob-rito-abreviado.html"]}]},{"@type":"ImageObject","inLanguage":"pt-BR","@id":"https:\/\/mhcalculos.com.br\/noticias\/area\/previdenciario\/stf-adi-contra-lei-do-rj-que-cria-obrigacao-para-seguradoras-de-veiculos-tramitara-sob-rito-abreviado.html#primaryimage","url":"https:\/\/mhcalculos.com.br\/noticias\/wp-content\/uploads\/sites\/2\/2019\/07\/previdenciario-0042.jpg","contentUrl":"https:\/\/mhcalculos.com.br\/noticias\/wp-content\/uploads\/sites\/2\/2019\/07\/previdenciario-0042.jpg","width":2000,"height":800},{"@type":"BreadcrumbList","@id":"https:\/\/mhcalculos.com.br\/noticias\/area\/previdenciario\/stf-adi-contra-lei-do-rj-que-cria-obrigacao-para-seguradoras-de-veiculos-tramitara-sob-rito-abreviado.html#breadcrumb","itemListElement":[{"@type":"ListItem","position":1,"name":"In\u00edcio","item":"https:\/\/mhcalculos.com.br\/noticias\/"},{"@type":"ListItem","position":2,"name":"STF: ADI contra lei do RJ que cria obriga\u00e7\u00e3o para seguradoras de ve\u00edculos tramitar\u00e1 sob rito abreviado"}]},{"@type":"WebSite","@id":"https:\/\/mhcalculos.com.br\/noticias\/#website","url":"https:\/\/mhcalculos.com.br\/noticias\/","name":"Portal de Not\u00edcias","description":"Not\u00edcias e Jurisprud\u00eancia","potentialAction":[{"@type":"SearchAction","target":{"@type":"EntryPoint","urlTemplate":"https:\/\/mhcalculos.com.br\/noticias\/?s={search_term_string}"},"query-input":{"@type":"PropertyValueSpecification","valueRequired":true,"valueName":"search_term_string"}}],"inLanguage":"pt-BR"},{"@type":"Person","@id":"https:\/\/mhcalculos.com.br\/noticias\/#\/schema\/person\/88d1c34bf72dc779ea14a5a6b8e0ae8d","name":"Equipe MH","image":{"@type":"ImageObject","inLanguage":"pt-BR","@id":"https:\/\/secure.gravatar.com\/avatar\/de1c686c2ecc9c5a3f327e3431d819eb39f8f05d4e1045f5a1caad6daaba987f?s=96&d=mm&r=g","url":"https:\/\/secure.gravatar.com\/avatar\/de1c686c2ecc9c5a3f327e3431d819eb39f8f05d4e1045f5a1caad6daaba987f?s=96&d=mm&r=g","contentUrl":"https:\/\/secure.gravatar.com\/avatar\/de1c686c2ecc9c5a3f327e3431d819eb39f8f05d4e1045f5a1caad6daaba987f?s=96&d=mm&r=g","caption":"Equipe MH"}}]}},"_links":{"self":[{"href":"https:\/\/mhcalculos.com.br\/noticias\/wp-json\/wp\/v2\/posts\/5038","targetHints":{"allow":["GET"]}}],"collection":[{"href":"https:\/\/mhcalculos.com.br\/noticias\/wp-json\/wp\/v2\/posts"}],"about":[{"href":"https:\/\/mhcalculos.com.br\/noticias\/wp-json\/wp\/v2\/types\/post"}],"author":[{"embeddable":true,"href":"https:\/\/mhcalculos.com.br\/noticias\/wp-json\/wp\/v2\/users\/3063"}],"replies":[{"embeddable":true,"href":"https:\/\/mhcalculos.com.br\/noticias\/wp-json\/wp\/v2\/comments?post=5038"}],"version-history":[{"count":1,"href":"https:\/\/mhcalculos.com.br\/noticias\/wp-json\/wp\/v2\/posts\/5038\/revisions"}],"predecessor-version":[{"id":9763,"href":"https:\/\/mhcalculos.com.br\/noticias\/wp-json\/wp\/v2\/posts\/5038\/revisions\/9763"}],"wp:featuredmedia":[{"embeddable":true,"href":"https:\/\/mhcalculos.com.br\/noticias\/wp-json\/wp\/v2\/media\/5039"}],"wp:attachment":[{"href":"https:\/\/mhcalculos.com.br\/noticias\/wp-json\/wp\/v2\/media?parent=5038"}],"wp:term":[{"taxonomy":"category","embeddable":true,"href":"https:\/\/mhcalculos.com.br\/noticias\/wp-json\/wp\/v2\/categories?post=5038"},{"taxonomy":"post_tag","embeddable":true,"href":"https:\/\/mhcalculos.com.br\/noticias\/wp-json\/wp\/v2\/tags?post=5038"}],"curies":[{"name":"wp","href":"https:\/\/api.w.org\/{rel}","templated":true}]}}