{"id":4818,"date":"2019-06-19T10:54:00","date_gmt":"2019-06-19T13:54:00","guid":{"rendered":"https:\/\/mhcalculos.com.br\/noticias\/2019\/06\/19\/tst-ebserh-proposta-de-acordo-da-vice-presidencia-sera-transmitida-ao-vivo\/"},"modified":"2021-07-28T14:32:34","modified_gmt":"2021-07-28T17:32:34","slug":"tst-ebserh-proposta-de-acordo-da-vice-presidencia-sera-transmitida-ao-vivo","status":"publish","type":"post","link":"https:\/\/mhcalculos.com.br\/noticias\/area\/trabalhista\/tst-ebserh-proposta-de-acordo-da-vice-presidencia-sera-transmitida-ao-vivo.html","title":{"rendered":"TST: Ebserh: proposta de acordo da Vice-Presid\u00eancia ser\u00e1 transmitida ao vivo"},"content":{"rendered":"<p><br \/>\n  <\/p>\n<p ><em>Os empregados aceitaram adiar greve para avaliar proposta do TST<\/em><\/p>\n<p >O vice-presidente do Tribunal Superior do Trabalho, ministro Renato de Lacerda Paiva, apresenta nesta quarta-feira, \u00e0s 17h, a proposta de acordo coletivo para a Empresa Brasileira de Servi\u00e7os Hospitalares (Ebserh) e seus empregados. A apresenta\u00e7\u00e3o ser\u00e1 transmitida ao vivo pelo <a href=\"https:\/\/www.youtube.com\/watch?v=ioId0kycGgI\">canal do TST no YouTube<\/a> para que possa ser conhecida por todos os integrantes da categoria, em raz\u00e3o da impossibilidade de promover reuni\u00e3o presencial.<\/p>\n<p >No dia 13\/6, o ministro, em reuni\u00e3o com a Ebserh e com os empregados, representados pela Confedera\u00e7\u00e3o dos Trabalhadores no Servi\u00e7o P\u00fablico Federal (Condsef), pela Federa\u00e7\u00e3o Nacional dos Trabalhadores do Servi\u00e7o P\u00fablico Federal (Fenadsef) e pela Federa\u00e7\u00e3o Nacional dos M\u00e9dicos (Fenam), prop\u00f4s o adiamento da greve da categoria, marcada para 18\/6, e se comprometeu a apresentar proposta de acordo no dia 19\/6. A sugest\u00e3o foi aceita, o que, para o vice-presidente, representa um gesto de boa vontade e de disposi\u00e7\u00e3o para a busca do consenso.<\/p>\n<p >(CF\/GVP)<\/p>\n<p >Leia mais:<\/p>\n<p >17\/6\/2019 &#8211; <a href=\"http:\/\/www.tst.jus.br\/web\/guest\/noticias\/-\/asset_publisher\/89Dk\/content\/empregados-da-ebserh-aceitam-adiar-greve-para-avaliar-proposta-do-tst?inheritRedirect=false&amp;redirect=http%3A%2F%2Fwww.tst.jus.br%2Fweb%2Fguest%2Fnoticias%3Fp_p_id%3D101_INSTANCE_89Dk%26p_p_lifecycle%3D0%26p_p_state%3Dnormal%26p_p_mode%3Dview%26p_p_col_id%3Dcolumn-1%26p_p_col_pos%3D2%26p_p_col_count%3D5\" target=\"_blank\" rel=\"noopener noreferrer\">Empregados da Ebserh aceitam adiar greve para avaliar proposta do TST<\/a><\/p>\n<p > &nbsp;<\/p>\n<p>       <\/br><br \/>\n<br \/><i>Com informa\u00e7\u00f5es da assessoria de imprensa do TST.<\/i><br \/>\n<br \/><a href=\"http:\/\/www.tst.jus.br\/web\/guest\/noticias?p_p_id=89Dk&#038;p_p_lifecycle=0&#038;refererPlid=10730&#038;_89Dk_struts_action=%2Fjournal_content%2Fview&#038;_89Dk_groupId=10157&#038;_89Dk_articleId=24910854\">Fonte<\/a><br \/>\n<br \/><\/p>\n","protected":false},"excerpt":{"rendered":"<p>Os empregados aceitaram adiar greve para avaliar proposta do TST O vice-presidente do Tribunal Superior do Trabalho, ministro Renato de Lacerda Paiva, apresenta nesta quarta-feira, \u00e0s 17h, a proposta de acordo coletivo para a Empresa Brasileira de Servi\u00e7os Hospitalares (Ebserh) e seus empregados. A apresenta\u00e7\u00e3o ser\u00e1 transmitida ao vivo pelo canal do TST no YouTube [&hellip;]<\/p>\n","protected":false},"author":3063,"featured_media":2652,"comment_status":"open","ping_status":"open","sticky":false,"template":"","format":"standard","meta":{"footnotes":""},"categories":[3,21],"tags":[33,216,9,12,217,215],"class_list":{"0":"post-4818","1":"post","2":"type-post","3":"status-publish","4":"format-standard","5":"has-post-thumbnail","7":"category-trabalhista","8":"category-tst","9":"tag-calculos-trabalhistas","10":"tag-direito-trabalhista","11":"tag-pericia","12":"tag-perito","13":"tag-trabalho","14":"tag-tst"},"yoast_head":"<!-- This site is optimized with the Yoast SEO plugin v27.2 - https:\/\/yoast.com\/product\/yoast-seo-wordpress\/ -->\n<title>TST: Ebserh: proposta de acordo da Vice-Presid\u00eancia ser\u00e1 transmitida ao vivo | Portal de Not\u00edcias<\/title>\n<meta name=\"robots\" content=\"index, follow, max-snippet:-1, max-image-preview:large, max-video-preview:-1\" \/>\n<link rel=\"canonical\" href=\"https:\/\/mhcalculos.com.br\/noticias\/area\/trabalhista\/tst-ebserh-proposta-de-acordo-da-vice-presidencia-sera-transmitida-ao-vivo.html\" \/>\n<meta property=\"og:locale\" content=\"pt_BR\" \/>\n<meta property=\"og:type\" content=\"article\" \/>\n<meta property=\"og:title\" content=\"TST: Ebserh: proposta de acordo da Vice-Presid\u00eancia ser\u00e1 transmitida ao vivo | Portal de Not\u00edcias\" \/>\n<meta property=\"og:description\" content=\"Os empregados aceitaram adiar greve para avaliar proposta do TST O vice-presidente do Tribunal Superior do Trabalho, ministro Renato de Lacerda Paiva, apresenta nesta quarta-feira, \u00e0s 17h, a proposta de acordo coletivo para a Empresa Brasileira de Servi\u00e7os Hospitalares (Ebserh) e seus empregados. A apresenta\u00e7\u00e3o ser\u00e1 transmitida ao vivo pelo canal do TST no YouTube [&hellip;]\" \/>\n<meta property=\"og:url\" content=\"https:\/\/mhcalculos.com.br\/noticias\/area\/trabalhista\/tst-ebserh-proposta-de-acordo-da-vice-presidencia-sera-transmitida-ao-vivo.html\" \/>\n<meta property=\"og:site_name\" content=\"Portal de Not\u00edcias\" \/>\n<meta property=\"article:published_time\" content=\"2019-06-19T13:54:00+00:00\" \/>\n<meta property=\"article:modified_time\" content=\"2021-07-28T17:32:34+00:00\" \/>\n<meta property=\"og:image\" content=\"https:\/\/mhcalculos.com.br\/noticias\/wp-content\/uploads\/sites\/2\/2018\/07\/judiciario-0012.jpg\" \/>\n\t<meta property=\"og:image:width\" content=\"2000\" \/>\n\t<meta property=\"og:image:height\" content=\"800\" \/>\n\t<meta property=\"og:image:type\" content=\"image\/jpeg\" \/>\n<meta name=\"author\" content=\"Equipe MH\" \/>\n<meta name=\"twitter:card\" content=\"summary_large_image\" \/>\n<meta name=\"twitter:label1\" content=\"Escrito por\" \/>\n\t<meta name=\"twitter:data1\" content=\"Equipe MH\" \/>\n\t<meta name=\"twitter:label2\" content=\"Est. tempo de leitura\" \/>\n\t<meta name=\"twitter:data2\" content=\"1 minuto\" \/>\n<script type=\"application\/ld+json\" class=\"yoast-schema-graph\">{\"@context\":\"https:\/\/schema.org\",\"@graph\":[{\"@type\":\"Article\",\"@id\":\"https:\/\/mhcalculos.com.br\/noticias\/area\/trabalhista\/tst-ebserh-proposta-de-acordo-da-vice-presidencia-sera-transmitida-ao-vivo.html#article\",\"isPartOf\":{\"@id\":\"https:\/\/mhcalculos.com.br\/noticias\/area\/trabalhista\/tst-ebserh-proposta-de-acordo-da-vice-presidencia-sera-transmitida-ao-vivo.html\"},\"author\":{\"name\":\"Equipe MH\",\"@id\":\"https:\/\/mhcalculos.com.br\/noticias\/#\/schema\/person\/88d1c34bf72dc779ea14a5a6b8e0ae8d\"},\"headline\":\"TST: Ebserh: proposta de acordo da Vice-Presid\u00eancia ser\u00e1 transmitida ao vivo\",\"datePublished\":\"2019-06-19T13:54:00+00:00\",\"dateModified\":\"2021-07-28T17:32:34+00:00\",\"mainEntityOfPage\":{\"@id\":\"https:\/\/mhcalculos.com.br\/noticias\/area\/trabalhista\/tst-ebserh-proposta-de-acordo-da-vice-presidencia-sera-transmitida-ao-vivo.html\"},\"wordCount\":213,\"commentCount\":0,\"image\":{\"@id\":\"https:\/\/mhcalculos.com.br\/noticias\/area\/trabalhista\/tst-ebserh-proposta-de-acordo-da-vice-presidencia-sera-transmitida-ao-vivo.html#primaryimage\"},\"thumbnailUrl\":\"https:\/\/mhcalculos.com.br\/noticias\/wp-content\/uploads\/sites\/2\/2018\/07\/judiciario-0012.jpg\",\"keywords\":[\"c\u00e1lculos trabalhistas\",\"direito trabalhista\",\"per\u00edcia\",\"perito\",\"trabalho\",\"TST\"],\"articleSection\":[\"Direito Trabalhista\",\"TST\"],\"inLanguage\":\"pt-BR\",\"potentialAction\":[{\"@type\":\"CommentAction\",\"name\":\"Comment\",\"target\":[\"https:\/\/mhcalculos.com.br\/noticias\/area\/trabalhista\/tst-ebserh-proposta-de-acordo-da-vice-presidencia-sera-transmitida-ao-vivo.html#respond\"]}]},{\"@type\":\"WebPage\",\"@id\":\"https:\/\/mhcalculos.com.br\/noticias\/area\/trabalhista\/tst-ebserh-proposta-de-acordo-da-vice-presidencia-sera-transmitida-ao-vivo.html\",\"url\":\"https:\/\/mhcalculos.com.br\/noticias\/area\/trabalhista\/tst-ebserh-proposta-de-acordo-da-vice-presidencia-sera-transmitida-ao-vivo.html\",\"name\":\"TST: Ebserh: proposta de acordo da Vice-Presid\u00eancia ser\u00e1 transmitida ao vivo | Portal de Not\u00edcias\",\"isPartOf\":{\"@id\":\"https:\/\/mhcalculos.com.br\/noticias\/#website\"},\"primaryImageOfPage\":{\"@id\":\"https:\/\/mhcalculos.com.br\/noticias\/area\/trabalhista\/tst-ebserh-proposta-de-acordo-da-vice-presidencia-sera-transmitida-ao-vivo.html#primaryimage\"},\"image\":{\"@id\":\"https:\/\/mhcalculos.com.br\/noticias\/area\/trabalhista\/tst-ebserh-proposta-de-acordo-da-vice-presidencia-sera-transmitida-ao-vivo.html#primaryimage\"},\"thumbnailUrl\":\"https:\/\/mhcalculos.com.br\/noticias\/wp-content\/uploads\/sites\/2\/2018\/07\/judiciario-0012.jpg\",\"datePublished\":\"2019-06-19T13:54:00+00:00\",\"dateModified\":\"2021-07-28T17:32:34+00:00\",\"author\":{\"@id\":\"https:\/\/mhcalculos.com.br\/noticias\/#\/schema\/person\/88d1c34bf72dc779ea14a5a6b8e0ae8d\"},\"breadcrumb\":{\"@id\":\"https:\/\/mhcalculos.com.br\/noticias\/area\/trabalhista\/tst-ebserh-proposta-de-acordo-da-vice-presidencia-sera-transmitida-ao-vivo.html#breadcrumb\"},\"inLanguage\":\"pt-BR\",\"potentialAction\":[{\"@type\":\"ReadAction\",\"target\":[\"https:\/\/mhcalculos.com.br\/noticias\/area\/trabalhista\/tst-ebserh-proposta-de-acordo-da-vice-presidencia-sera-transmitida-ao-vivo.html\"]}]},{\"@type\":\"ImageObject\",\"inLanguage\":\"pt-BR\",\"@id\":\"https:\/\/mhcalculos.com.br\/noticias\/area\/trabalhista\/tst-ebserh-proposta-de-acordo-da-vice-presidencia-sera-transmitida-ao-vivo.html#primaryimage\",\"url\":\"https:\/\/mhcalculos.com.br\/noticias\/wp-content\/uploads\/sites\/2\/2018\/07\/judiciario-0012.jpg\",\"contentUrl\":\"https:\/\/mhcalculos.com.br\/noticias\/wp-content\/uploads\/sites\/2\/2018\/07\/judiciario-0012.jpg\",\"width\":2000,\"height\":800},{\"@type\":\"BreadcrumbList\",\"@id\":\"https:\/\/mhcalculos.com.br\/noticias\/area\/trabalhista\/tst-ebserh-proposta-de-acordo-da-vice-presidencia-sera-transmitida-ao-vivo.html#breadcrumb\",\"itemListElement\":[{\"@type\":\"ListItem\",\"position\":1,\"name\":\"In\u00edcio\",\"item\":\"https:\/\/mhcalculos.com.br\/noticias\/\"},{\"@type\":\"ListItem\",\"position\":2,\"name\":\"TST: Ebserh: proposta de acordo da Vice-Presid\u00eancia ser\u00e1 transmitida ao vivo\"}]},{\"@type\":\"WebSite\",\"@id\":\"https:\/\/mhcalculos.com.br\/noticias\/#website\",\"url\":\"https:\/\/mhcalculos.com.br\/noticias\/\",\"name\":\"Portal de Not\u00edcias\",\"description\":\"Not\u00edcias e Jurisprud\u00eancia\",\"potentialAction\":[{\"@type\":\"SearchAction\",\"target\":{\"@type\":\"EntryPoint\",\"urlTemplate\":\"https:\/\/mhcalculos.com.br\/noticias\/?s={search_term_string}\"},\"query-input\":{\"@type\":\"PropertyValueSpecification\",\"valueRequired\":true,\"valueName\":\"search_term_string\"}}],\"inLanguage\":\"pt-BR\"},{\"@type\":\"Person\",\"@id\":\"https:\/\/mhcalculos.com.br\/noticias\/#\/schema\/person\/88d1c34bf72dc779ea14a5a6b8e0ae8d\",\"name\":\"Equipe MH\",\"image\":{\"@type\":\"ImageObject\",\"inLanguage\":\"pt-BR\",\"@id\":\"https:\/\/secure.gravatar.com\/avatar\/de1c686c2ecc9c5a3f327e3431d819eb39f8f05d4e1045f5a1caad6daaba987f?s=96&d=mm&r=g\",\"url\":\"https:\/\/secure.gravatar.com\/avatar\/de1c686c2ecc9c5a3f327e3431d819eb39f8f05d4e1045f5a1caad6daaba987f?s=96&d=mm&r=g\",\"contentUrl\":\"https:\/\/secure.gravatar.com\/avatar\/de1c686c2ecc9c5a3f327e3431d819eb39f8f05d4e1045f5a1caad6daaba987f?s=96&d=mm&r=g\",\"caption\":\"Equipe MH\"}}]}<\/script>\n<!-- \/ Yoast SEO plugin. -->","yoast_head_json":{"title":"TST: Ebserh: proposta de acordo da Vice-Presid\u00eancia ser\u00e1 transmitida ao vivo | Portal de Not\u00edcias","robots":{"index":"index","follow":"follow","max-snippet":"max-snippet:-1","max-image-preview":"max-image-preview:large","max-video-preview":"max-video-preview:-1"},"canonical":"https:\/\/mhcalculos.com.br\/noticias\/area\/trabalhista\/tst-ebserh-proposta-de-acordo-da-vice-presidencia-sera-transmitida-ao-vivo.html","og_locale":"pt_BR","og_type":"article","og_title":"TST: Ebserh: proposta de acordo da Vice-Presid\u00eancia ser\u00e1 transmitida ao vivo | Portal de Not\u00edcias","og_description":"Os empregados aceitaram adiar greve para avaliar proposta do TST O vice-presidente do Tribunal Superior do Trabalho, ministro Renato de Lacerda Paiva, apresenta nesta quarta-feira, \u00e0s 17h, a proposta de acordo coletivo para a Empresa Brasileira de Servi\u00e7os Hospitalares (Ebserh) e seus empregados. A apresenta\u00e7\u00e3o ser\u00e1 transmitida ao vivo pelo canal do TST no YouTube [&hellip;]","og_url":"https:\/\/mhcalculos.com.br\/noticias\/area\/trabalhista\/tst-ebserh-proposta-de-acordo-da-vice-presidencia-sera-transmitida-ao-vivo.html","og_site_name":"Portal de Not\u00edcias","article_published_time":"2019-06-19T13:54:00+00:00","article_modified_time":"2021-07-28T17:32:34+00:00","og_image":[{"width":2000,"height":800,"url":"https:\/\/mhcalculos.com.br\/noticias\/wp-content\/uploads\/sites\/2\/2018\/07\/judiciario-0012.jpg","type":"image\/jpeg"}],"author":"Equipe MH","twitter_card":"summary_large_image","twitter_misc":{"Escrito por":"Equipe MH","Est. tempo de leitura":"1 minuto"},"schema":{"@context":"https:\/\/schema.org","@graph":[{"@type":"Article","@id":"https:\/\/mhcalculos.com.br\/noticias\/area\/trabalhista\/tst-ebserh-proposta-de-acordo-da-vice-presidencia-sera-transmitida-ao-vivo.html#article","isPartOf":{"@id":"https:\/\/mhcalculos.com.br\/noticias\/area\/trabalhista\/tst-ebserh-proposta-de-acordo-da-vice-presidencia-sera-transmitida-ao-vivo.html"},"author":{"name":"Equipe MH","@id":"https:\/\/mhcalculos.com.br\/noticias\/#\/schema\/person\/88d1c34bf72dc779ea14a5a6b8e0ae8d"},"headline":"TST: Ebserh: proposta de acordo da Vice-Presid\u00eancia ser\u00e1 transmitida ao vivo","datePublished":"2019-06-19T13:54:00+00:00","dateModified":"2021-07-28T17:32:34+00:00","mainEntityOfPage":{"@id":"https:\/\/mhcalculos.com.br\/noticias\/area\/trabalhista\/tst-ebserh-proposta-de-acordo-da-vice-presidencia-sera-transmitida-ao-vivo.html"},"wordCount":213,"commentCount":0,"image":{"@id":"https:\/\/mhcalculos.com.br\/noticias\/area\/trabalhista\/tst-ebserh-proposta-de-acordo-da-vice-presidencia-sera-transmitida-ao-vivo.html#primaryimage"},"thumbnailUrl":"https:\/\/mhcalculos.com.br\/noticias\/wp-content\/uploads\/sites\/2\/2018\/07\/judiciario-0012.jpg","keywords":["c\u00e1lculos trabalhistas","direito trabalhista","per\u00edcia","perito","trabalho","TST"],"articleSection":["Direito Trabalhista","TST"],"inLanguage":"pt-BR","potentialAction":[{"@type":"CommentAction","name":"Comment","target":["https:\/\/mhcalculos.com.br\/noticias\/area\/trabalhista\/tst-ebserh-proposta-de-acordo-da-vice-presidencia-sera-transmitida-ao-vivo.html#respond"]}]},{"@type":"WebPage","@id":"https:\/\/mhcalculos.com.br\/noticias\/area\/trabalhista\/tst-ebserh-proposta-de-acordo-da-vice-presidencia-sera-transmitida-ao-vivo.html","url":"https:\/\/mhcalculos.com.br\/noticias\/area\/trabalhista\/tst-ebserh-proposta-de-acordo-da-vice-presidencia-sera-transmitida-ao-vivo.html","name":"TST: Ebserh: proposta de acordo da Vice-Presid\u00eancia ser\u00e1 transmitida ao vivo | Portal de Not\u00edcias","isPartOf":{"@id":"https:\/\/mhcalculos.com.br\/noticias\/#website"},"primaryImageOfPage":{"@id":"https:\/\/mhcalculos.com.br\/noticias\/area\/trabalhista\/tst-ebserh-proposta-de-acordo-da-vice-presidencia-sera-transmitida-ao-vivo.html#primaryimage"},"image":{"@id":"https:\/\/mhcalculos.com.br\/noticias\/area\/trabalhista\/tst-ebserh-proposta-de-acordo-da-vice-presidencia-sera-transmitida-ao-vivo.html#primaryimage"},"thumbnailUrl":"https:\/\/mhcalculos.com.br\/noticias\/wp-content\/uploads\/sites\/2\/2018\/07\/judiciario-0012.jpg","datePublished":"2019-06-19T13:54:00+00:00","dateModified":"2021-07-28T17:32:34+00:00","author":{"@id":"https:\/\/mhcalculos.com.br\/noticias\/#\/schema\/person\/88d1c34bf72dc779ea14a5a6b8e0ae8d"},"breadcrumb":{"@id":"https:\/\/mhcalculos.com.br\/noticias\/area\/trabalhista\/tst-ebserh-proposta-de-acordo-da-vice-presidencia-sera-transmitida-ao-vivo.html#breadcrumb"},"inLanguage":"pt-BR","potentialAction":[{"@type":"ReadAction","target":["https:\/\/mhcalculos.com.br\/noticias\/area\/trabalhista\/tst-ebserh-proposta-de-acordo-da-vice-presidencia-sera-transmitida-ao-vivo.html"]}]},{"@type":"ImageObject","inLanguage":"pt-BR","@id":"https:\/\/mhcalculos.com.br\/noticias\/area\/trabalhista\/tst-ebserh-proposta-de-acordo-da-vice-presidencia-sera-transmitida-ao-vivo.html#primaryimage","url":"https:\/\/mhcalculos.com.br\/noticias\/wp-content\/uploads\/sites\/2\/2018\/07\/judiciario-0012.jpg","contentUrl":"https:\/\/mhcalculos.com.br\/noticias\/wp-content\/uploads\/sites\/2\/2018\/07\/judiciario-0012.jpg","width":2000,"height":800},{"@type":"BreadcrumbList","@id":"https:\/\/mhcalculos.com.br\/noticias\/area\/trabalhista\/tst-ebserh-proposta-de-acordo-da-vice-presidencia-sera-transmitida-ao-vivo.html#breadcrumb","itemListElement":[{"@type":"ListItem","position":1,"name":"In\u00edcio","item":"https:\/\/mhcalculos.com.br\/noticias\/"},{"@type":"ListItem","position":2,"name":"TST: Ebserh: proposta de acordo da Vice-Presid\u00eancia ser\u00e1 transmitida ao vivo"}]},{"@type":"WebSite","@id":"https:\/\/mhcalculos.com.br\/noticias\/#website","url":"https:\/\/mhcalculos.com.br\/noticias\/","name":"Portal de Not\u00edcias","description":"Not\u00edcias e Jurisprud\u00eancia","potentialAction":[{"@type":"SearchAction","target":{"@type":"EntryPoint","urlTemplate":"https:\/\/mhcalculos.com.br\/noticias\/?s={search_term_string}"},"query-input":{"@type":"PropertyValueSpecification","valueRequired":true,"valueName":"search_term_string"}}],"inLanguage":"pt-BR"},{"@type":"Person","@id":"https:\/\/mhcalculos.com.br\/noticias\/#\/schema\/person\/88d1c34bf72dc779ea14a5a6b8e0ae8d","name":"Equipe MH","image":{"@type":"ImageObject","inLanguage":"pt-BR","@id":"https:\/\/secure.gravatar.com\/avatar\/de1c686c2ecc9c5a3f327e3431d819eb39f8f05d4e1045f5a1caad6daaba987f?s=96&d=mm&r=g","url":"https:\/\/secure.gravatar.com\/avatar\/de1c686c2ecc9c5a3f327e3431d819eb39f8f05d4e1045f5a1caad6daaba987f?s=96&d=mm&r=g","contentUrl":"https:\/\/secure.gravatar.com\/avatar\/de1c686c2ecc9c5a3f327e3431d819eb39f8f05d4e1045f5a1caad6daaba987f?s=96&d=mm&r=g","caption":"Equipe MH"}}]}},"_links":{"self":[{"href":"https:\/\/mhcalculos.com.br\/noticias\/wp-json\/wp\/v2\/posts\/4818","targetHints":{"allow":["GET"]}}],"collection":[{"href":"https:\/\/mhcalculos.com.br\/noticias\/wp-json\/wp\/v2\/posts"}],"about":[{"href":"https:\/\/mhcalculos.com.br\/noticias\/wp-json\/wp\/v2\/types\/post"}],"author":[{"embeddable":true,"href":"https:\/\/mhcalculos.com.br\/noticias\/wp-json\/wp\/v2\/users\/3063"}],"replies":[{"embeddable":true,"href":"https:\/\/mhcalculos.com.br\/noticias\/wp-json\/wp\/v2\/comments?post=4818"}],"version-history":[{"count":1,"href":"https:\/\/mhcalculos.com.br\/noticias\/wp-json\/wp\/v2\/posts\/4818\/revisions"}],"predecessor-version":[{"id":9790,"href":"https:\/\/mhcalculos.com.br\/noticias\/wp-json\/wp\/v2\/posts\/4818\/revisions\/9790"}],"wp:featuredmedia":[{"embeddable":true,"href":"https:\/\/mhcalculos.com.br\/noticias\/wp-json\/wp\/v2\/media\/2652"}],"wp:attachment":[{"href":"https:\/\/mhcalculos.com.br\/noticias\/wp-json\/wp\/v2\/media?parent=4818"}],"wp:term":[{"taxonomy":"category","embeddable":true,"href":"https:\/\/mhcalculos.com.br\/noticias\/wp-json\/wp\/v2\/categories?post=4818"},{"taxonomy":"post_tag","embeddable":true,"href":"https:\/\/mhcalculos.com.br\/noticias\/wp-json\/wp\/v2\/tags?post=4818"}],"curies":[{"name":"wp","href":"https:\/\/api.w.org\/{rel}","templated":true}]}}