{"id":4774,"date":"2019-06-21T05:00:27","date_gmt":"2019-06-21T08:00:27","guid":{"rendered":"https:\/\/mhcalculos.com.br\/noticias\/2019\/06\/21\/stj-painel-sobre-o-centro-nacional-de-inteligencia-da-justica-federal-encerra-encontro-sobre-precedentes\/"},"modified":"2021-07-28T14:32:33","modified_gmt":"2021-07-28T17:32:33","slug":"stj-painel-sobre-o-centro-nacional-de-inteligencia-da-justica-federal-encerra-encontro-sobre-precedentes","status":"publish","type":"post","link":"https:\/\/mhcalculos.com.br\/noticias\/area\/previdenciario\/stj-painel-sobre-o-centro-nacional-de-inteligencia-da-justica-federal-encerra-encontro-sobre-precedentes.html","title":{"rendered":"STJ: Painel sobre o Centro Nacional de Intelig\u00eancia da Justi\u00e7a Federal encerra encontro sobre precedentes"},"content":{"rendered":"<p><br \/>\n<\/p>\n<p>O presidente do Superior Tribunal de Justi&ccedil;a (STJ) e do Conselho da Justi&ccedil;a Federal (CJF), ministro Jo&atilde;o Ot&aacute;vio de Noronha, encerrou, nesta ter&ccedil;a-feira (18), o Encontro Nacional sobre Precedentes Qualificados, no audit&oacute;rio da Corte. &ldquo;A cada dia n&oacute;s vamos tomando consci&ecirc;ncia de que o eixo do Direito mudou no Brasil. A solu&ccedil;&atilde;o de conflitos n&atilde;o se faz mais &agrave; base exclusivamente da doutrina, mas &agrave; base dos precedentes jurisprudenciais&rdquo;, ressaltou Noronha ao parabenizar os palestrantes pela qualidade dos temas debatidos.<\/p>\n<p>O &uacute;ltimo painel do evento, no per&iacute;odo da tarde, foi coordenado pela vice-presidente do STJ e do CJF, ministra Maria Thereza de Assis Moura. O tema foi <em>O Centro Nacional de Intelig&ecirc;ncia da Justi&ccedil;a Federal (CIn): um projeto para a Justi&ccedil;a brasileira<\/em>. &ldquo;O Centro Nacional de Intelig&ecirc;ncia trata-se de um grupo de sonhadores, de pessoas abnegadas, muito inteligentes e muito competentes em tudo o que fazem&rdquo;, elogiou a ministra.<\/p>\n<p>O CIn foi criado em 2017 com a finalidade de monitorar e racionalizar demandas repetitivas, al&eacute;m de aperfei&ccedil;oar o gerenciamento de precedentes. A ideia &eacute; estimular a resolu&ccedil;&atilde;o dos conflitos ainda na origem e, desse modo, evitar a judicializa&ccedil;&atilde;o indevida. O CIn &eacute; formado pelo Grupo Operacional &ndash; respons&aacute;vel pelos estudos e levantamentos de dados sobre demandas repetitivas &ndash; e pelo Grupo Decis&oacute;rio &ndash; que avalia as medidas para tentar otimizar os julgamentos dos processos.<\/p>\n<p><strong>Rede de colabora&ccedil;&atilde;o<\/strong><\/p>\n<p>A coordenadora do Grupo Operacional, ju&iacute;za federal V&acirc;nila Cardoso Andr&eacute; de Moraes, explicou o funcionamento dos Centros Locais de Intelig&ecirc;ncia, que formam uma rede de colabora&ccedil;&atilde;o cont&iacute;nua com a inten&ccedil;&atilde;o de buscar solu&ccedil;&otilde;es efetivas para os problemas enfrentados pela Justi&ccedil;a Federal.<\/p>\n<p>&ldquo;Os Centros de Intelig&ecirc;ncia comp&otilde;em uma estrutura administrativa que integra todas as inst&acirc;ncias de 1&ordm; e 2&ordm; graus, com representa&ccedil;&atilde;o no STJ e no STF. Essa coopera&ccedil;&atilde;o entre as inst&acirc;ncias inclui todos os atores sociais e as institui&ccedil;&otilde;es em uma rede de comunica&ccedil;&atilde;o com um trip&eacute;, que tem tr&ecirc;s objetivos: preven&ccedil;&otilde;es de demandas; monitoramento de demandas, e gest&atilde;o de precedentes&rdquo;, explicou.<\/p>\n<p>V&acirc;nila Moraes apresentou casos em que a atua&ccedil;&atilde;o do Centros Locais de Intelig&ecirc;ncia foi determinante, como no estado de Pernambuco, onde um grupo de ju&iacute;zes percebeu que a demora do cart&oacute;rio em informar o falecimento de pessoas gerava um grande n&uacute;mero de benef&iacute;cios pagos indevidamente pelo Instituto Nacional do Seguro Social (INSS). &ldquo;Foi feito um acordo com o Tribunal de Justi&ccedil;a de Pernambuco, que baixou um provimento determinando que os cart&oacute;rios deveriam informar o &oacute;bito em 24 horas. A medida gerou uma economia de R$ 11 milh&otilde;es em um trimestre&rdquo;, exemplificou.<\/p>\n<p><strong>Gest&atilde;o do conhecimento<\/strong><\/p>\n<p>Na avalia&ccedil;&atilde;o do juiz federal Marco Bruno Miranda, outras alternativas de solu&ccedil;&otilde;es de problemas acabam sendo negligenciadas por conta do grande apego que se tem aos processos judiciais. &ldquo;O CIn &eacute; o momento em que a gente reconhece que existe um capital intelectual sofisticad&iacute;ssimo de ju&iacute;zes que merecem estar em conex&atilde;o, porque &eacute; necess&aacute;rio fazer gest&atilde;o do conhecimento. Antes, o conhecimento na Justi&ccedil;a Federal se dava dentro das varas, com pessoas batendo cabe&ccedil;a quando o poder do di&aacute;logo pode equacionar um conflito de compet&ecirc;ncia a partir de um simples contato&rdquo;, observou.<\/p>\n<p>Marcelo Marchiori, assessor-chefe do N&uacute;cleo de Gerenciamento de Precedentes do STJ (NUGEP), apresentou algumas <strong><a target=\"_blank\" href=\"https:\/\/www.cjf.jus.br\/cjf\/corregedoria-da-justica-federal\/centro-de-estudos-judiciarios-1\/nucleo-de-estudo-e-pesquisa\/notas-tecnicas\/nota-tecnica-24-2019-2013-custo-pericias-judiciais\/@@download\/arquivo\" rel=\"noopener noreferrer\">notas t&eacute;cnicas<\/a><\/strong> emitidas pelo CIn e falou sobre a import&acirc;ncia da integra&ccedil;&atilde;o jurisdicional entre inst&acirc;ncias e Cortes Superiores para a gest&atilde;o de precedentes.<\/p>\n<p>&ldquo;Recentemente recebemos alguns recursos de tr&ecirc;s Tribunais de Justi&ccedil;a distintos, discutindo dois temas repetitivos. Fomos analisar o motivo daquele volume de processos no STJ e constatamos que os tr&ecirc;s tribunais estavam notificando distin&ccedil;&otilde;es nesses repetitivos. Verificamos que o STJ disse que n&atilde;o identificou nenhuma distin&ccedil;&atilde;o apontada por esses tribunais. Por falta de di&aacute;logo entre as inst&acirc;ncias, identificamos mais de 3 mil processos que nem precisavam ter subido aqui&rdquo;, afirmou.<\/p>\n<p>Para a ju&iacute;za federal Ta&iacute;s Schilling Ferraz, apesar de as taxas de congestionamento de processos terem reduzido, o momento &eacute; de escassez no Judici&aacute;rio. &ldquo;N&oacute;s, ju&iacute;zes federais, produzimos muito mais hoje do que anos atr&aacute;s, com o aux&iacute;lio da tecnologia. Mas, muitas vezes, ao focar na nossa tarefa, no excesso de demandas e na necessidade de responder rapidamente &agrave;quela quantidade enorme de processos, n&atilde;o conseguimos olhar o que gera aquela demanda e os efeitos que nossa atividade est&aacute; gerando em termos de realidade&rdquo;, afirmou.<\/p>\n<p>Segundo a magistrada, &eacute; fundamental enxergar o sistema judici&aacute;rio como um todo para identificar onde os sinais trocados podem ser gerados. &ldquo;De forma nenhuma vai se propor que a solu&ccedil;&atilde;o seja A ou B, apenas que haja um alinhamento quando se identifica que as interpreta&ccedil;&otilde;es sobre aqueles precedentes est&atilde;o sendo justificadamente divergentes&rdquo;, disse.<\/p>\n<p><br \/>\n<br \/><i>Com informa\u00e7\u00f5es da assessoria de imprensa do STJ.<\/i><br \/>\n<br \/><a href=\"http:\/\/feedproxy.google.com\/~r\/STJNoticias\/~3\/tZQCTRK19Ig\/Painel-sobre-o-Centro-Nacional-de-Intelig%C3%AAncia-da-Justi%C3%A7a-Federal-encerra-encontro-sobre-precedentes\">Fonte<\/a><br \/>\n<br \/><\/p>\n","protected":false},"excerpt":{"rendered":"<p>O presidente do Superior Tribunal de Justi&ccedil;a (STJ) e do Conselho da Justi&ccedil;a Federal (CJF), ministro Jo&atilde;o Ot&aacute;vio de Noronha, encerrou, nesta ter&ccedil;a-feira (18), o Encontro Nacional sobre Precedentes Qualificados, no audit&oacute;rio da Corte. &ldquo;A cada dia n&oacute;s vamos tomando consci&ecirc;ncia de que o eixo do Direito mudou no Brasil. A solu&ccedil;&atilde;o de conflitos n&atilde;o [&hellip;]<\/p>\n","protected":false},"author":3063,"featured_media":2025,"comment_status":"open","ping_status":"open","sticky":false,"template":"","format":"standard","meta":{"footnotes":""},"categories":[5,7],"tags":[11,10,8,13,9,12,14],"class_list":{"0":"post-4774","1":"post","2":"type-post","3":"status-publish","4":"format-standard","5":"has-post-thumbnail","7":"category-previdenciario","8":"category-stj","9":"tag-aposentadoria","10":"tag-calculos-previdenciarios","11":"tag-direito-previdenciario","12":"tag-inss","13":"tag-pericia","14":"tag-perito","15":"tag-stj"},"yoast_head":"<!-- This site is optimized with the Yoast SEO plugin v27.2 - https:\/\/yoast.com\/product\/yoast-seo-wordpress\/ -->\n<title>STJ: Painel sobre o Centro Nacional de Intelig\u00eancia da Justi\u00e7a Federal encerra encontro sobre precedentes | Portal de Not\u00edcias<\/title>\n<meta name=\"robots\" content=\"index, follow, max-snippet:-1, max-image-preview:large, max-video-preview:-1\" \/>\n<link rel=\"canonical\" href=\"https:\/\/mhcalculos.com.br\/noticias\/area\/previdenciario\/stj-painel-sobre-o-centro-nacional-de-inteligencia-da-justica-federal-encerra-encontro-sobre-precedentes.html\" \/>\n<meta property=\"og:locale\" content=\"pt_BR\" \/>\n<meta property=\"og:type\" content=\"article\" \/>\n<meta property=\"og:title\" content=\"STJ: Painel sobre o Centro Nacional de Intelig\u00eancia da Justi\u00e7a Federal encerra encontro sobre precedentes | Portal de Not\u00edcias\" \/>\n<meta property=\"og:description\" content=\"O presidente do Superior Tribunal de Justi&ccedil;a (STJ) e do Conselho da Justi&ccedil;a Federal (CJF), ministro Jo&atilde;o Ot&aacute;vio de Noronha, encerrou, nesta ter&ccedil;a-feira (18), o Encontro Nacional sobre Precedentes Qualificados, no audit&oacute;rio da Corte. &ldquo;A cada dia n&oacute;s vamos tomando consci&ecirc;ncia de que o eixo do Direito mudou no Brasil. A solu&ccedil;&atilde;o de conflitos n&atilde;o [&hellip;]\" \/>\n<meta property=\"og:url\" content=\"https:\/\/mhcalculos.com.br\/noticias\/area\/previdenciario\/stj-painel-sobre-o-centro-nacional-de-inteligencia-da-justica-federal-encerra-encontro-sobre-precedentes.html\" \/>\n<meta property=\"og:site_name\" content=\"Portal de Not\u00edcias\" \/>\n<meta property=\"article:published_time\" content=\"2019-06-21T08:00:27+00:00\" \/>\n<meta property=\"article:modified_time\" content=\"2021-07-28T17:32:33+00:00\" \/>\n<meta property=\"og:image\" content=\"https:\/\/mhcalculos.com.br\/noticias\/wp-content\/uploads\/sites\/2\/2018\/06\/judiciario-0006.jpg\" \/>\n\t<meta property=\"og:image:width\" content=\"2000\" \/>\n\t<meta property=\"og:image:height\" content=\"800\" \/>\n\t<meta property=\"og:image:type\" content=\"image\/jpeg\" \/>\n<meta name=\"author\" content=\"Equipe MH\" \/>\n<meta name=\"twitter:card\" content=\"summary_large_image\" \/>\n<meta name=\"twitter:label1\" content=\"Escrito por\" \/>\n\t<meta name=\"twitter:data1\" content=\"Equipe MH\" \/>\n\t<meta name=\"twitter:label2\" content=\"Est. tempo de leitura\" \/>\n\t<meta name=\"twitter:data2\" content=\"5 minutos\" \/>\n<script type=\"application\/ld+json\" class=\"yoast-schema-graph\">{\"@context\":\"https:\/\/schema.org\",\"@graph\":[{\"@type\":\"Article\",\"@id\":\"https:\/\/mhcalculos.com.br\/noticias\/area\/previdenciario\/stj-painel-sobre-o-centro-nacional-de-inteligencia-da-justica-federal-encerra-encontro-sobre-precedentes.html#article\",\"isPartOf\":{\"@id\":\"https:\/\/mhcalculos.com.br\/noticias\/area\/previdenciario\/stj-painel-sobre-o-centro-nacional-de-inteligencia-da-justica-federal-encerra-encontro-sobre-precedentes.html\"},\"author\":{\"name\":\"Equipe MH\",\"@id\":\"https:\/\/mhcalculos.com.br\/noticias\/#\/schema\/person\/88d1c34bf72dc779ea14a5a6b8e0ae8d\"},\"headline\":\"STJ: Painel sobre o Centro Nacional de Intelig\u00eancia da Justi\u00e7a Federal encerra encontro sobre precedentes\",\"datePublished\":\"2019-06-21T08:00:27+00:00\",\"dateModified\":\"2021-07-28T17:32:33+00:00\",\"mainEntityOfPage\":{\"@id\":\"https:\/\/mhcalculos.com.br\/noticias\/area\/previdenciario\/stj-painel-sobre-o-centro-nacional-de-inteligencia-da-justica-federal-encerra-encontro-sobre-precedentes.html\"},\"wordCount\":1001,\"commentCount\":0,\"image\":{\"@id\":\"https:\/\/mhcalculos.com.br\/noticias\/area\/previdenciario\/stj-painel-sobre-o-centro-nacional-de-inteligencia-da-justica-federal-encerra-encontro-sobre-precedentes.html#primaryimage\"},\"thumbnailUrl\":\"https:\/\/mhcalculos.com.br\/noticias\/wp-content\/uploads\/sites\/2\/2018\/06\/judiciario-0006.jpg\",\"keywords\":[\"aposentadoria\",\"c\u00e1lculos previdenci\u00e1rios\",\"direito previdenci\u00e1rio\",\"inss\",\"per\u00edcia\",\"perito\",\"stj\"],\"articleSection\":[\"Direito Previdenci\u00e1rio\",\"STJ\"],\"inLanguage\":\"pt-BR\",\"potentialAction\":[{\"@type\":\"CommentAction\",\"name\":\"Comment\",\"target\":[\"https:\/\/mhcalculos.com.br\/noticias\/area\/previdenciario\/stj-painel-sobre-o-centro-nacional-de-inteligencia-da-justica-federal-encerra-encontro-sobre-precedentes.html#respond\"]}]},{\"@type\":\"WebPage\",\"@id\":\"https:\/\/mhcalculos.com.br\/noticias\/area\/previdenciario\/stj-painel-sobre-o-centro-nacional-de-inteligencia-da-justica-federal-encerra-encontro-sobre-precedentes.html\",\"url\":\"https:\/\/mhcalculos.com.br\/noticias\/area\/previdenciario\/stj-painel-sobre-o-centro-nacional-de-inteligencia-da-justica-federal-encerra-encontro-sobre-precedentes.html\",\"name\":\"STJ: Painel sobre o Centro Nacional de Intelig\u00eancia da Justi\u00e7a Federal encerra encontro sobre precedentes | Portal de Not\u00edcias\",\"isPartOf\":{\"@id\":\"https:\/\/mhcalculos.com.br\/noticias\/#website\"},\"primaryImageOfPage\":{\"@id\":\"https:\/\/mhcalculos.com.br\/noticias\/area\/previdenciario\/stj-painel-sobre-o-centro-nacional-de-inteligencia-da-justica-federal-encerra-encontro-sobre-precedentes.html#primaryimage\"},\"image\":{\"@id\":\"https:\/\/mhcalculos.com.br\/noticias\/area\/previdenciario\/stj-painel-sobre-o-centro-nacional-de-inteligencia-da-justica-federal-encerra-encontro-sobre-precedentes.html#primaryimage\"},\"thumbnailUrl\":\"https:\/\/mhcalculos.com.br\/noticias\/wp-content\/uploads\/sites\/2\/2018\/06\/judiciario-0006.jpg\",\"datePublished\":\"2019-06-21T08:00:27+00:00\",\"dateModified\":\"2021-07-28T17:32:33+00:00\",\"author\":{\"@id\":\"https:\/\/mhcalculos.com.br\/noticias\/#\/schema\/person\/88d1c34bf72dc779ea14a5a6b8e0ae8d\"},\"breadcrumb\":{\"@id\":\"https:\/\/mhcalculos.com.br\/noticias\/area\/previdenciario\/stj-painel-sobre-o-centro-nacional-de-inteligencia-da-justica-federal-encerra-encontro-sobre-precedentes.html#breadcrumb\"},\"inLanguage\":\"pt-BR\",\"potentialAction\":[{\"@type\":\"ReadAction\",\"target\":[\"https:\/\/mhcalculos.com.br\/noticias\/area\/previdenciario\/stj-painel-sobre-o-centro-nacional-de-inteligencia-da-justica-federal-encerra-encontro-sobre-precedentes.html\"]}]},{\"@type\":\"ImageObject\",\"inLanguage\":\"pt-BR\",\"@id\":\"https:\/\/mhcalculos.com.br\/noticias\/area\/previdenciario\/stj-painel-sobre-o-centro-nacional-de-inteligencia-da-justica-federal-encerra-encontro-sobre-precedentes.html#primaryimage\",\"url\":\"https:\/\/mhcalculos.com.br\/noticias\/wp-content\/uploads\/sites\/2\/2018\/06\/judiciario-0006.jpg\",\"contentUrl\":\"https:\/\/mhcalculos.com.br\/noticias\/wp-content\/uploads\/sites\/2\/2018\/06\/judiciario-0006.jpg\",\"width\":2000,\"height\":800},{\"@type\":\"BreadcrumbList\",\"@id\":\"https:\/\/mhcalculos.com.br\/noticias\/area\/previdenciario\/stj-painel-sobre-o-centro-nacional-de-inteligencia-da-justica-federal-encerra-encontro-sobre-precedentes.html#breadcrumb\",\"itemListElement\":[{\"@type\":\"ListItem\",\"position\":1,\"name\":\"In\u00edcio\",\"item\":\"https:\/\/mhcalculos.com.br\/noticias\/\"},{\"@type\":\"ListItem\",\"position\":2,\"name\":\"STJ: Painel sobre o Centro Nacional de Intelig\u00eancia da Justi\u00e7a Federal encerra encontro sobre precedentes\"}]},{\"@type\":\"WebSite\",\"@id\":\"https:\/\/mhcalculos.com.br\/noticias\/#website\",\"url\":\"https:\/\/mhcalculos.com.br\/noticias\/\",\"name\":\"Portal de Not\u00edcias\",\"description\":\"Not\u00edcias e Jurisprud\u00eancia\",\"potentialAction\":[{\"@type\":\"SearchAction\",\"target\":{\"@type\":\"EntryPoint\",\"urlTemplate\":\"https:\/\/mhcalculos.com.br\/noticias\/?s={search_term_string}\"},\"query-input\":{\"@type\":\"PropertyValueSpecification\",\"valueRequired\":true,\"valueName\":\"search_term_string\"}}],\"inLanguage\":\"pt-BR\"},{\"@type\":\"Person\",\"@id\":\"https:\/\/mhcalculos.com.br\/noticias\/#\/schema\/person\/88d1c34bf72dc779ea14a5a6b8e0ae8d\",\"name\":\"Equipe MH\",\"image\":{\"@type\":\"ImageObject\",\"inLanguage\":\"pt-BR\",\"@id\":\"https:\/\/secure.gravatar.com\/avatar\/de1c686c2ecc9c5a3f327e3431d819eb39f8f05d4e1045f5a1caad6daaba987f?s=96&d=mm&r=g\",\"url\":\"https:\/\/secure.gravatar.com\/avatar\/de1c686c2ecc9c5a3f327e3431d819eb39f8f05d4e1045f5a1caad6daaba987f?s=96&d=mm&r=g\",\"contentUrl\":\"https:\/\/secure.gravatar.com\/avatar\/de1c686c2ecc9c5a3f327e3431d819eb39f8f05d4e1045f5a1caad6daaba987f?s=96&d=mm&r=g\",\"caption\":\"Equipe MH\"}}]}<\/script>\n<!-- \/ Yoast SEO plugin. -->","yoast_head_json":{"title":"STJ: Painel sobre o Centro Nacional de Intelig\u00eancia da Justi\u00e7a Federal encerra encontro sobre precedentes | Portal de Not\u00edcias","robots":{"index":"index","follow":"follow","max-snippet":"max-snippet:-1","max-image-preview":"max-image-preview:large","max-video-preview":"max-video-preview:-1"},"canonical":"https:\/\/mhcalculos.com.br\/noticias\/area\/previdenciario\/stj-painel-sobre-o-centro-nacional-de-inteligencia-da-justica-federal-encerra-encontro-sobre-precedentes.html","og_locale":"pt_BR","og_type":"article","og_title":"STJ: Painel sobre o Centro Nacional de Intelig\u00eancia da Justi\u00e7a Federal encerra encontro sobre precedentes | Portal de Not\u00edcias","og_description":"O presidente do Superior Tribunal de Justi&ccedil;a (STJ) e do Conselho da Justi&ccedil;a Federal (CJF), ministro Jo&atilde;o Ot&aacute;vio de Noronha, encerrou, nesta ter&ccedil;a-feira (18), o Encontro Nacional sobre Precedentes Qualificados, no audit&oacute;rio da Corte. &ldquo;A cada dia n&oacute;s vamos tomando consci&ecirc;ncia de que o eixo do Direito mudou no Brasil. A solu&ccedil;&atilde;o de conflitos n&atilde;o [&hellip;]","og_url":"https:\/\/mhcalculos.com.br\/noticias\/area\/previdenciario\/stj-painel-sobre-o-centro-nacional-de-inteligencia-da-justica-federal-encerra-encontro-sobre-precedentes.html","og_site_name":"Portal de Not\u00edcias","article_published_time":"2019-06-21T08:00:27+00:00","article_modified_time":"2021-07-28T17:32:33+00:00","og_image":[{"width":2000,"height":800,"url":"https:\/\/mhcalculos.com.br\/noticias\/wp-content\/uploads\/sites\/2\/2018\/06\/judiciario-0006.jpg","type":"image\/jpeg"}],"author":"Equipe MH","twitter_card":"summary_large_image","twitter_misc":{"Escrito por":"Equipe MH","Est. tempo de leitura":"5 minutos"},"schema":{"@context":"https:\/\/schema.org","@graph":[{"@type":"Article","@id":"https:\/\/mhcalculos.com.br\/noticias\/area\/previdenciario\/stj-painel-sobre-o-centro-nacional-de-inteligencia-da-justica-federal-encerra-encontro-sobre-precedentes.html#article","isPartOf":{"@id":"https:\/\/mhcalculos.com.br\/noticias\/area\/previdenciario\/stj-painel-sobre-o-centro-nacional-de-inteligencia-da-justica-federal-encerra-encontro-sobre-precedentes.html"},"author":{"name":"Equipe MH","@id":"https:\/\/mhcalculos.com.br\/noticias\/#\/schema\/person\/88d1c34bf72dc779ea14a5a6b8e0ae8d"},"headline":"STJ: Painel sobre o Centro Nacional de Intelig\u00eancia da Justi\u00e7a Federal encerra encontro sobre precedentes","datePublished":"2019-06-21T08:00:27+00:00","dateModified":"2021-07-28T17:32:33+00:00","mainEntityOfPage":{"@id":"https:\/\/mhcalculos.com.br\/noticias\/area\/previdenciario\/stj-painel-sobre-o-centro-nacional-de-inteligencia-da-justica-federal-encerra-encontro-sobre-precedentes.html"},"wordCount":1001,"commentCount":0,"image":{"@id":"https:\/\/mhcalculos.com.br\/noticias\/area\/previdenciario\/stj-painel-sobre-o-centro-nacional-de-inteligencia-da-justica-federal-encerra-encontro-sobre-precedentes.html#primaryimage"},"thumbnailUrl":"https:\/\/mhcalculos.com.br\/noticias\/wp-content\/uploads\/sites\/2\/2018\/06\/judiciario-0006.jpg","keywords":["aposentadoria","c\u00e1lculos previdenci\u00e1rios","direito previdenci\u00e1rio","inss","per\u00edcia","perito","stj"],"articleSection":["Direito Previdenci\u00e1rio","STJ"],"inLanguage":"pt-BR","potentialAction":[{"@type":"CommentAction","name":"Comment","target":["https:\/\/mhcalculos.com.br\/noticias\/area\/previdenciario\/stj-painel-sobre-o-centro-nacional-de-inteligencia-da-justica-federal-encerra-encontro-sobre-precedentes.html#respond"]}]},{"@type":"WebPage","@id":"https:\/\/mhcalculos.com.br\/noticias\/area\/previdenciario\/stj-painel-sobre-o-centro-nacional-de-inteligencia-da-justica-federal-encerra-encontro-sobre-precedentes.html","url":"https:\/\/mhcalculos.com.br\/noticias\/area\/previdenciario\/stj-painel-sobre-o-centro-nacional-de-inteligencia-da-justica-federal-encerra-encontro-sobre-precedentes.html","name":"STJ: Painel sobre o Centro Nacional de Intelig\u00eancia da Justi\u00e7a Federal encerra encontro sobre precedentes | Portal de Not\u00edcias","isPartOf":{"@id":"https:\/\/mhcalculos.com.br\/noticias\/#website"},"primaryImageOfPage":{"@id":"https:\/\/mhcalculos.com.br\/noticias\/area\/previdenciario\/stj-painel-sobre-o-centro-nacional-de-inteligencia-da-justica-federal-encerra-encontro-sobre-precedentes.html#primaryimage"},"image":{"@id":"https:\/\/mhcalculos.com.br\/noticias\/area\/previdenciario\/stj-painel-sobre-o-centro-nacional-de-inteligencia-da-justica-federal-encerra-encontro-sobre-precedentes.html#primaryimage"},"thumbnailUrl":"https:\/\/mhcalculos.com.br\/noticias\/wp-content\/uploads\/sites\/2\/2018\/06\/judiciario-0006.jpg","datePublished":"2019-06-21T08:00:27+00:00","dateModified":"2021-07-28T17:32:33+00:00","author":{"@id":"https:\/\/mhcalculos.com.br\/noticias\/#\/schema\/person\/88d1c34bf72dc779ea14a5a6b8e0ae8d"},"breadcrumb":{"@id":"https:\/\/mhcalculos.com.br\/noticias\/area\/previdenciario\/stj-painel-sobre-o-centro-nacional-de-inteligencia-da-justica-federal-encerra-encontro-sobre-precedentes.html#breadcrumb"},"inLanguage":"pt-BR","potentialAction":[{"@type":"ReadAction","target":["https:\/\/mhcalculos.com.br\/noticias\/area\/previdenciario\/stj-painel-sobre-o-centro-nacional-de-inteligencia-da-justica-federal-encerra-encontro-sobre-precedentes.html"]}]},{"@type":"ImageObject","inLanguage":"pt-BR","@id":"https:\/\/mhcalculos.com.br\/noticias\/area\/previdenciario\/stj-painel-sobre-o-centro-nacional-de-inteligencia-da-justica-federal-encerra-encontro-sobre-precedentes.html#primaryimage","url":"https:\/\/mhcalculos.com.br\/noticias\/wp-content\/uploads\/sites\/2\/2018\/06\/judiciario-0006.jpg","contentUrl":"https:\/\/mhcalculos.com.br\/noticias\/wp-content\/uploads\/sites\/2\/2018\/06\/judiciario-0006.jpg","width":2000,"height":800},{"@type":"BreadcrumbList","@id":"https:\/\/mhcalculos.com.br\/noticias\/area\/previdenciario\/stj-painel-sobre-o-centro-nacional-de-inteligencia-da-justica-federal-encerra-encontro-sobre-precedentes.html#breadcrumb","itemListElement":[{"@type":"ListItem","position":1,"name":"In\u00edcio","item":"https:\/\/mhcalculos.com.br\/noticias\/"},{"@type":"ListItem","position":2,"name":"STJ: Painel sobre o Centro Nacional de Intelig\u00eancia da Justi\u00e7a Federal encerra encontro sobre precedentes"}]},{"@type":"WebSite","@id":"https:\/\/mhcalculos.com.br\/noticias\/#website","url":"https:\/\/mhcalculos.com.br\/noticias\/","name":"Portal de Not\u00edcias","description":"Not\u00edcias e Jurisprud\u00eancia","potentialAction":[{"@type":"SearchAction","target":{"@type":"EntryPoint","urlTemplate":"https:\/\/mhcalculos.com.br\/noticias\/?s={search_term_string}"},"query-input":{"@type":"PropertyValueSpecification","valueRequired":true,"valueName":"search_term_string"}}],"inLanguage":"pt-BR"},{"@type":"Person","@id":"https:\/\/mhcalculos.com.br\/noticias\/#\/schema\/person\/88d1c34bf72dc779ea14a5a6b8e0ae8d","name":"Equipe MH","image":{"@type":"ImageObject","inLanguage":"pt-BR","@id":"https:\/\/secure.gravatar.com\/avatar\/de1c686c2ecc9c5a3f327e3431d819eb39f8f05d4e1045f5a1caad6daaba987f?s=96&d=mm&r=g","url":"https:\/\/secure.gravatar.com\/avatar\/de1c686c2ecc9c5a3f327e3431d819eb39f8f05d4e1045f5a1caad6daaba987f?s=96&d=mm&r=g","contentUrl":"https:\/\/secure.gravatar.com\/avatar\/de1c686c2ecc9c5a3f327e3431d819eb39f8f05d4e1045f5a1caad6daaba987f?s=96&d=mm&r=g","caption":"Equipe MH"}}]}},"_links":{"self":[{"href":"https:\/\/mhcalculos.com.br\/noticias\/wp-json\/wp\/v2\/posts\/4774","targetHints":{"allow":["GET"]}}],"collection":[{"href":"https:\/\/mhcalculos.com.br\/noticias\/wp-json\/wp\/v2\/posts"}],"about":[{"href":"https:\/\/mhcalculos.com.br\/noticias\/wp-json\/wp\/v2\/types\/post"}],"author":[{"embeddable":true,"href":"https:\/\/mhcalculos.com.br\/noticias\/wp-json\/wp\/v2\/users\/3063"}],"replies":[{"embeddable":true,"href":"https:\/\/mhcalculos.com.br\/noticias\/wp-json\/wp\/v2\/comments?post=4774"}],"version-history":[{"count":1,"href":"https:\/\/mhcalculos.com.br\/noticias\/wp-json\/wp\/v2\/posts\/4774\/revisions"}],"predecessor-version":[{"id":9787,"href":"https:\/\/mhcalculos.com.br\/noticias\/wp-json\/wp\/v2\/posts\/4774\/revisions\/9787"}],"wp:featuredmedia":[{"embeddable":true,"href":"https:\/\/mhcalculos.com.br\/noticias\/wp-json\/wp\/v2\/media\/2025"}],"wp:attachment":[{"href":"https:\/\/mhcalculos.com.br\/noticias\/wp-json\/wp\/v2\/media?parent=4774"}],"wp:term":[{"taxonomy":"category","embeddable":true,"href":"https:\/\/mhcalculos.com.br\/noticias\/wp-json\/wp\/v2\/categories?post=4774"},{"taxonomy":"post_tag","embeddable":true,"href":"https:\/\/mhcalculos.com.br\/noticias\/wp-json\/wp\/v2\/tags?post=4774"}],"curies":[{"name":"wp","href":"https:\/\/api.w.org\/{rel}","templated":true}]}}