{"id":4765,"date":"2019-06-18T07:00:00","date_gmt":"2019-06-18T10:00:00","guid":{"rendered":"https:\/\/mhcalculos.com.br\/noticias\/2019\/06\/18\/tst-professora-municipal-tem-direito-a-incorporar-gratificacao-recebida-por-dez-anos-descontinuos\/"},"modified":"2021-07-28T14:32:35","modified_gmt":"2021-07-28T17:32:35","slug":"tst-professora-municipal-tem-direito-a-incorporar-gratificacao-recebida-por-dez-anos-descontinuos","status":"publish","type":"post","link":"https:\/\/mhcalculos.com.br\/noticias\/area\/trabalhista\/tst-professora-municipal-tem-direito-a-incorporar-gratificacao-recebida-por-dez-anos-descontinuos.html","title":{"rendered":"TST: Professora municipal tem direito a incorporar gratifica\u00e7\u00e3o recebida por dez anos descont\u00ednuos"},"content":{"rendered":"<p><br \/>\n  <\/p>\n<p ><em>A incorpora\u00e7\u00e3o visa garantir a estabilidade financeira.<\/em><\/p>\n<p >Uma professora do munic\u00edpio de Mogi Mirim (SP) teve reconhecido o direito \u00e0 incorpora\u00e7\u00e3o de fun\u00e7\u00e3o gratificada exercida por mais de dez anos de forma n\u00e3o cont\u00ednua. A Terceira Turma do Tribunal Superior do Trabalho fundamentou a decis\u00e3o no princ\u00edpio da estabilidade financeira, que protege o empregado de eventual supress\u00e3o da gratifica\u00e7\u00e3o, a fim de evitar a redu\u00e7\u00e3o salarial e a queda no seu poder aquisitivo.<\/p>\n<p ><strong>Fun\u00e7\u00f5es gratificadas<\/strong><\/p>\n<p >A professora informou, na reclama\u00e7\u00e3o trabalhista, que fora&nbsp;contratada por concurso p\u00fablico e que, por mais de dez anos, sua remunera\u00e7\u00e3o havia sido composta do sal\u00e1rio-base acrescido de vantagens pessoais, entre elas diversas fun\u00e7\u00f5es gratificadas que exercera&nbsp;no per\u00edodo. Ap\u00f3s ser exonerada da \u00faltima fun\u00e7\u00e3o, deixou de receber o valor correspondente \u00e0 gratifica\u00e7\u00e3o.<\/p>\n<p ><strong>Cargos em comiss\u00e3o<\/strong><\/p>\n<p >O munic\u00edpio, em sua defesa, sustentou que, durante cinco anos, a professora havia exercido cargos em comiss\u00e3o, que n\u00e3o poderiam ser confundidos com fun\u00e7\u00f5es gratificadas e n\u00e3o poderiam ser computados para alcan\u00e7ar o per\u00edodo que daria direito \u00e0 incorpora\u00e7\u00e3o.<\/p>\n<p >O Tribunal Regional do Trabalho da 15\u00aa Regi\u00e3o (Campinas\/SP) manteve a senten\u00e7a em que se havia indeferido o pedido \u00e0 incorpora\u00e7\u00e3o, ao acolher os argumentos do munic\u00edpio. Segundo o TRT, de acordo com a legisla\u00e7\u00e3o municipal, a gratifica\u00e7\u00e3o de fun\u00e7\u00e3o \u00e9 paga ao servidor do quadro efetivo pelo exerc\u00edcio de atividades de maior complexidade e responsabilidade, e o cargo em comiss\u00e3o pode ser exercido por qualquer um que preencha os requisitos m\u00ednimos para tanto, independentemente de fazer parte do quadro do Munic\u00edpio, mediante nomea\u00e7\u00e3o por ato do prefeito. Trata-se, assim, de posto de livre provimento e exonera\u00e7\u00e3o.<\/p>\n<p ><strong>Estabilidade financeira<\/strong><\/p>\n<p >O relator do recurso de revista da professora, ministro Jos\u00e9 Roberto Pimenta, explicou que o TRT contrariou o entendimento pacificado pelo TST no item I da <a href=\"http:\/\/www3.tst.jus.br\/jurisprudencia\/Sumulas_com_indice\/Sumulas_Ind_351_400.html#SUM-372\" target=\"_blank\" rel=\"noopener noreferrer\">S\u00famula 372<\/a>, apesar de reconhecer que a empregada havia recebido pelo exerc\u00edcio de fun\u00e7\u00e3o gratificada ou pelo exerc\u00edcio de cargo em comiss\u00e3o por mais de dez anos. De acordo com o relator, em observ\u00e2ncia ao princ\u00edpio da estabilidade financeira, o fato de o empregado n\u00e3o ter recebido a gratifica\u00e7\u00e3o de forma cont\u00ednua n\u00e3o \u00e9 suficiente para&nbsp;afastar o direito \u00e0 incorpora\u00e7\u00e3o. Desde que tenha sido paga por mais de dez anos, a parcela se incorpora aos sal\u00e1rios no valor equivalente \u00e0 m\u00e9dia atualizada dos \u00faltimos dez anos.<\/p>\n<p >A decis\u00e3o foi un\u00e2nime.<\/p>\n<p >(DA\/CF)<\/p>\n<p >Processo: <a href=\"http:\/\/aplicacao4.tst.jus.br\/consultaProcessual\/consultaTstNumUnica.do?consulta=Consultar&amp;conscsjt=&amp;numeroTst=12438&amp;digitoTst=91&amp;anoTst=2016&amp;orgaoTst=5&amp;tribunalTst=15&amp;varaTst=0022&amp;submit=Consultar\" target=\"_blank\" rel=\"noopener noreferrer\">RR-12438-91.2016.5.15.0022<\/a><\/p>\n<p> A Subse\u00e7\u00e3o I Especializada em Diss\u00eddios Individuais, composta de 14 ministros, \u00e9 o \u00f3rg\u00e3o revisor das decis\u00f5es das Turmas e unificador da jurisprud\u00eancia do TST. O quorum m\u00ednimo \u00e9 de oito ministros para o julgamento de agravos, agravos regimentais e recursos de embargos contra decis\u00f5es divergentes das Turmas ou destas que divirjam de entendimento da Se\u00e7\u00e3o de Diss\u00eddios Individuais, de Orienta\u00e7\u00e3o Jurisprudencial ou de S\u00famula. <strong>Esta mat\u00e9ria tem cunho meramente informativo.<br \/> Permitida a reprodu\u00e7\u00e3o mediante cita\u00e7\u00e3o da fonte.<br \/> Secretaria de Comunica\u00e7\u00e3o Social<br \/> <a href=\"http:\/\/www.tst.jus.br\/\">Tribunal Superior do Trabalho<\/a><br \/> Tel. (61) 3043-4907<br \/> <a href=\"mailto:secom@tst.jus.br\">secom@tst.jus.br<\/a><\/strong> <\/p>\n<p>&nbsp;<\/p>\n<p>       <\/br><br \/>\n<br \/><i>Com informa\u00e7\u00f5es da assessoria de imprensa do TST.<\/i><br \/>\n<br \/><a href=\"http:\/\/www.tst.jus.br\/web\/guest\/noticias?p_p_id=89Dk&#038;p_p_lifecycle=0&#038;refererPlid=10730&#038;_89Dk_struts_action=%2Fjournal_content%2Fview&#038;_89Dk_groupId=10157&#038;_89Dk_articleId=24909336\">Fonte<\/a><br \/>\n<br \/><\/p>\n","protected":false},"excerpt":{"rendered":"<p>A incorpora\u00e7\u00e3o visa garantir a estabilidade financeira. Uma professora do munic\u00edpio de Mogi Mirim (SP) teve reconhecido o direito \u00e0 incorpora\u00e7\u00e3o de fun\u00e7\u00e3o gratificada exercida por mais de dez anos de forma n\u00e3o cont\u00ednua. A Terceira Turma do Tribunal Superior do Trabalho fundamentou a decis\u00e3o no princ\u00edpio da estabilidade financeira, que protege o empregado de [&hellip;]<\/p>\n","protected":false},"author":3063,"featured_media":1590,"comment_status":"open","ping_status":"open","sticky":false,"template":"","format":"standard","meta":{"footnotes":""},"categories":[3,21],"tags":[33,216,9,12,217,215],"class_list":{"0":"post-4765","1":"post","2":"type-post","3":"status-publish","4":"format-standard","5":"has-post-thumbnail","7":"category-trabalhista","8":"category-tst","9":"tag-calculos-trabalhistas","10":"tag-direito-trabalhista","11":"tag-pericia","12":"tag-perito","13":"tag-trabalho","14":"tag-tst"},"yoast_head":"<!-- This site is optimized with the Yoast SEO plugin v27.2 - https:\/\/yoast.com\/product\/yoast-seo-wordpress\/ -->\n<title>TST: Professora municipal tem direito a incorporar gratifica\u00e7\u00e3o recebida por dez anos descont\u00ednuos | Portal de Not\u00edcias<\/title>\n<meta name=\"robots\" content=\"index, follow, max-snippet:-1, max-image-preview:large, max-video-preview:-1\" \/>\n<link rel=\"canonical\" href=\"https:\/\/mhcalculos.com.br\/noticias\/area\/trabalhista\/tst-professora-municipal-tem-direito-a-incorporar-gratificacao-recebida-por-dez-anos-descontinuos.html\" \/>\n<meta property=\"og:locale\" content=\"pt_BR\" \/>\n<meta property=\"og:type\" content=\"article\" \/>\n<meta property=\"og:title\" content=\"TST: Professora municipal tem direito a incorporar gratifica\u00e7\u00e3o recebida por dez anos descont\u00ednuos | Portal de Not\u00edcias\" \/>\n<meta property=\"og:description\" content=\"A incorpora\u00e7\u00e3o visa garantir a estabilidade financeira. Uma professora do munic\u00edpio de Mogi Mirim (SP) teve reconhecido o direito \u00e0 incorpora\u00e7\u00e3o de fun\u00e7\u00e3o gratificada exercida por mais de dez anos de forma n\u00e3o cont\u00ednua. A Terceira Turma do Tribunal Superior do Trabalho fundamentou a decis\u00e3o no princ\u00edpio da estabilidade financeira, que protege o empregado de [&hellip;]\" \/>\n<meta property=\"og:url\" content=\"https:\/\/mhcalculos.com.br\/noticias\/area\/trabalhista\/tst-professora-municipal-tem-direito-a-incorporar-gratificacao-recebida-por-dez-anos-descontinuos.html\" \/>\n<meta property=\"og:site_name\" content=\"Portal de Not\u00edcias\" \/>\n<meta property=\"article:published_time\" content=\"2019-06-18T10:00:00+00:00\" \/>\n<meta property=\"article:modified_time\" content=\"2021-07-28T17:32:35+00:00\" \/>\n<meta property=\"og:image\" content=\"https:\/\/mhcalculos.com.br\/noticias\/wp-content\/uploads\/sites\/2\/2018\/06\/trabalhista-0012.jpg\" \/>\n\t<meta property=\"og:image:width\" content=\"2000\" \/>\n\t<meta property=\"og:image:height\" content=\"800\" \/>\n\t<meta property=\"og:image:type\" content=\"image\/jpeg\" \/>\n<meta name=\"author\" content=\"Equipe MH\" \/>\n<meta name=\"twitter:card\" content=\"summary_large_image\" \/>\n<meta name=\"twitter:label1\" content=\"Escrito por\" \/>\n\t<meta name=\"twitter:data1\" content=\"Equipe MH\" \/>\n\t<meta name=\"twitter:label2\" content=\"Est. tempo de leitura\" \/>\n\t<meta name=\"twitter:data2\" content=\"3 minutos\" \/>\n<script type=\"application\/ld+json\" class=\"yoast-schema-graph\">{\"@context\":\"https:\/\/schema.org\",\"@graph\":[{\"@type\":\"Article\",\"@id\":\"https:\/\/mhcalculos.com.br\/noticias\/area\/trabalhista\/tst-professora-municipal-tem-direito-a-incorporar-gratificacao-recebida-por-dez-anos-descontinuos.html#article\",\"isPartOf\":{\"@id\":\"https:\/\/mhcalculos.com.br\/noticias\/area\/trabalhista\/tst-professora-municipal-tem-direito-a-incorporar-gratificacao-recebida-por-dez-anos-descontinuos.html\"},\"author\":{\"name\":\"Equipe MH\",\"@id\":\"https:\/\/mhcalculos.com.br\/noticias\/#\/schema\/person\/88d1c34bf72dc779ea14a5a6b8e0ae8d\"},\"headline\":\"TST: Professora municipal tem direito a incorporar gratifica\u00e7\u00e3o recebida por dez anos descont\u00ednuos\",\"datePublished\":\"2019-06-18T10:00:00+00:00\",\"dateModified\":\"2021-07-28T17:32:35+00:00\",\"mainEntityOfPage\":{\"@id\":\"https:\/\/mhcalculos.com.br\/noticias\/area\/trabalhista\/tst-professora-municipal-tem-direito-a-incorporar-gratificacao-recebida-por-dez-anos-descontinuos.html\"},\"wordCount\":576,\"commentCount\":0,\"image\":{\"@id\":\"https:\/\/mhcalculos.com.br\/noticias\/area\/trabalhista\/tst-professora-municipal-tem-direito-a-incorporar-gratificacao-recebida-por-dez-anos-descontinuos.html#primaryimage\"},\"thumbnailUrl\":\"https:\/\/mhcalculos.com.br\/noticias\/wp-content\/uploads\/sites\/2\/2018\/06\/trabalhista-0012.jpg\",\"keywords\":[\"c\u00e1lculos trabalhistas\",\"direito trabalhista\",\"per\u00edcia\",\"perito\",\"trabalho\",\"TST\"],\"articleSection\":[\"Direito Trabalhista\",\"TST\"],\"inLanguage\":\"pt-BR\",\"potentialAction\":[{\"@type\":\"CommentAction\",\"name\":\"Comment\",\"target\":[\"https:\/\/mhcalculos.com.br\/noticias\/area\/trabalhista\/tst-professora-municipal-tem-direito-a-incorporar-gratificacao-recebida-por-dez-anos-descontinuos.html#respond\"]}]},{\"@type\":\"WebPage\",\"@id\":\"https:\/\/mhcalculos.com.br\/noticias\/area\/trabalhista\/tst-professora-municipal-tem-direito-a-incorporar-gratificacao-recebida-por-dez-anos-descontinuos.html\",\"url\":\"https:\/\/mhcalculos.com.br\/noticias\/area\/trabalhista\/tst-professora-municipal-tem-direito-a-incorporar-gratificacao-recebida-por-dez-anos-descontinuos.html\",\"name\":\"TST: Professora municipal tem direito a incorporar gratifica\u00e7\u00e3o recebida por dez anos descont\u00ednuos | Portal de Not\u00edcias\",\"isPartOf\":{\"@id\":\"https:\/\/mhcalculos.com.br\/noticias\/#website\"},\"primaryImageOfPage\":{\"@id\":\"https:\/\/mhcalculos.com.br\/noticias\/area\/trabalhista\/tst-professora-municipal-tem-direito-a-incorporar-gratificacao-recebida-por-dez-anos-descontinuos.html#primaryimage\"},\"image\":{\"@id\":\"https:\/\/mhcalculos.com.br\/noticias\/area\/trabalhista\/tst-professora-municipal-tem-direito-a-incorporar-gratificacao-recebida-por-dez-anos-descontinuos.html#primaryimage\"},\"thumbnailUrl\":\"https:\/\/mhcalculos.com.br\/noticias\/wp-content\/uploads\/sites\/2\/2018\/06\/trabalhista-0012.jpg\",\"datePublished\":\"2019-06-18T10:00:00+00:00\",\"dateModified\":\"2021-07-28T17:32:35+00:00\",\"author\":{\"@id\":\"https:\/\/mhcalculos.com.br\/noticias\/#\/schema\/person\/88d1c34bf72dc779ea14a5a6b8e0ae8d\"},\"breadcrumb\":{\"@id\":\"https:\/\/mhcalculos.com.br\/noticias\/area\/trabalhista\/tst-professora-municipal-tem-direito-a-incorporar-gratificacao-recebida-por-dez-anos-descontinuos.html#breadcrumb\"},\"inLanguage\":\"pt-BR\",\"potentialAction\":[{\"@type\":\"ReadAction\",\"target\":[\"https:\/\/mhcalculos.com.br\/noticias\/area\/trabalhista\/tst-professora-municipal-tem-direito-a-incorporar-gratificacao-recebida-por-dez-anos-descontinuos.html\"]}]},{\"@type\":\"ImageObject\",\"inLanguage\":\"pt-BR\",\"@id\":\"https:\/\/mhcalculos.com.br\/noticias\/area\/trabalhista\/tst-professora-municipal-tem-direito-a-incorporar-gratificacao-recebida-por-dez-anos-descontinuos.html#primaryimage\",\"url\":\"https:\/\/mhcalculos.com.br\/noticias\/wp-content\/uploads\/sites\/2\/2018\/06\/trabalhista-0012.jpg\",\"contentUrl\":\"https:\/\/mhcalculos.com.br\/noticias\/wp-content\/uploads\/sites\/2\/2018\/06\/trabalhista-0012.jpg\",\"width\":2000,\"height\":800},{\"@type\":\"BreadcrumbList\",\"@id\":\"https:\/\/mhcalculos.com.br\/noticias\/area\/trabalhista\/tst-professora-municipal-tem-direito-a-incorporar-gratificacao-recebida-por-dez-anos-descontinuos.html#breadcrumb\",\"itemListElement\":[{\"@type\":\"ListItem\",\"position\":1,\"name\":\"In\u00edcio\",\"item\":\"https:\/\/mhcalculos.com.br\/noticias\/\"},{\"@type\":\"ListItem\",\"position\":2,\"name\":\"TST: Professora municipal tem direito a incorporar gratifica\u00e7\u00e3o recebida por dez anos descont\u00ednuos\"}]},{\"@type\":\"WebSite\",\"@id\":\"https:\/\/mhcalculos.com.br\/noticias\/#website\",\"url\":\"https:\/\/mhcalculos.com.br\/noticias\/\",\"name\":\"Portal de Not\u00edcias\",\"description\":\"Not\u00edcias e Jurisprud\u00eancia\",\"potentialAction\":[{\"@type\":\"SearchAction\",\"target\":{\"@type\":\"EntryPoint\",\"urlTemplate\":\"https:\/\/mhcalculos.com.br\/noticias\/?s={search_term_string}\"},\"query-input\":{\"@type\":\"PropertyValueSpecification\",\"valueRequired\":true,\"valueName\":\"search_term_string\"}}],\"inLanguage\":\"pt-BR\"},{\"@type\":\"Person\",\"@id\":\"https:\/\/mhcalculos.com.br\/noticias\/#\/schema\/person\/88d1c34bf72dc779ea14a5a6b8e0ae8d\",\"name\":\"Equipe MH\",\"image\":{\"@type\":\"ImageObject\",\"inLanguage\":\"pt-BR\",\"@id\":\"https:\/\/secure.gravatar.com\/avatar\/de1c686c2ecc9c5a3f327e3431d819eb39f8f05d4e1045f5a1caad6daaba987f?s=96&d=mm&r=g\",\"url\":\"https:\/\/secure.gravatar.com\/avatar\/de1c686c2ecc9c5a3f327e3431d819eb39f8f05d4e1045f5a1caad6daaba987f?s=96&d=mm&r=g\",\"contentUrl\":\"https:\/\/secure.gravatar.com\/avatar\/de1c686c2ecc9c5a3f327e3431d819eb39f8f05d4e1045f5a1caad6daaba987f?s=96&d=mm&r=g\",\"caption\":\"Equipe MH\"}}]}<\/script>\n<!-- \/ Yoast SEO plugin. -->","yoast_head_json":{"title":"TST: Professora municipal tem direito a incorporar gratifica\u00e7\u00e3o recebida por dez anos descont\u00ednuos | Portal de Not\u00edcias","robots":{"index":"index","follow":"follow","max-snippet":"max-snippet:-1","max-image-preview":"max-image-preview:large","max-video-preview":"max-video-preview:-1"},"canonical":"https:\/\/mhcalculos.com.br\/noticias\/area\/trabalhista\/tst-professora-municipal-tem-direito-a-incorporar-gratificacao-recebida-por-dez-anos-descontinuos.html","og_locale":"pt_BR","og_type":"article","og_title":"TST: Professora municipal tem direito a incorporar gratifica\u00e7\u00e3o recebida por dez anos descont\u00ednuos | Portal de Not\u00edcias","og_description":"A incorpora\u00e7\u00e3o visa garantir a estabilidade financeira. Uma professora do munic\u00edpio de Mogi Mirim (SP) teve reconhecido o direito \u00e0 incorpora\u00e7\u00e3o de fun\u00e7\u00e3o gratificada exercida por mais de dez anos de forma n\u00e3o cont\u00ednua. A Terceira Turma do Tribunal Superior do Trabalho fundamentou a decis\u00e3o no princ\u00edpio da estabilidade financeira, que protege o empregado de [&hellip;]","og_url":"https:\/\/mhcalculos.com.br\/noticias\/area\/trabalhista\/tst-professora-municipal-tem-direito-a-incorporar-gratificacao-recebida-por-dez-anos-descontinuos.html","og_site_name":"Portal de Not\u00edcias","article_published_time":"2019-06-18T10:00:00+00:00","article_modified_time":"2021-07-28T17:32:35+00:00","og_image":[{"width":2000,"height":800,"url":"https:\/\/mhcalculos.com.br\/noticias\/wp-content\/uploads\/sites\/2\/2018\/06\/trabalhista-0012.jpg","type":"image\/jpeg"}],"author":"Equipe MH","twitter_card":"summary_large_image","twitter_misc":{"Escrito por":"Equipe MH","Est. tempo de leitura":"3 minutos"},"schema":{"@context":"https:\/\/schema.org","@graph":[{"@type":"Article","@id":"https:\/\/mhcalculos.com.br\/noticias\/area\/trabalhista\/tst-professora-municipal-tem-direito-a-incorporar-gratificacao-recebida-por-dez-anos-descontinuos.html#article","isPartOf":{"@id":"https:\/\/mhcalculos.com.br\/noticias\/area\/trabalhista\/tst-professora-municipal-tem-direito-a-incorporar-gratificacao-recebida-por-dez-anos-descontinuos.html"},"author":{"name":"Equipe MH","@id":"https:\/\/mhcalculos.com.br\/noticias\/#\/schema\/person\/88d1c34bf72dc779ea14a5a6b8e0ae8d"},"headline":"TST: Professora municipal tem direito a incorporar gratifica\u00e7\u00e3o recebida por dez anos descont\u00ednuos","datePublished":"2019-06-18T10:00:00+00:00","dateModified":"2021-07-28T17:32:35+00:00","mainEntityOfPage":{"@id":"https:\/\/mhcalculos.com.br\/noticias\/area\/trabalhista\/tst-professora-municipal-tem-direito-a-incorporar-gratificacao-recebida-por-dez-anos-descontinuos.html"},"wordCount":576,"commentCount":0,"image":{"@id":"https:\/\/mhcalculos.com.br\/noticias\/area\/trabalhista\/tst-professora-municipal-tem-direito-a-incorporar-gratificacao-recebida-por-dez-anos-descontinuos.html#primaryimage"},"thumbnailUrl":"https:\/\/mhcalculos.com.br\/noticias\/wp-content\/uploads\/sites\/2\/2018\/06\/trabalhista-0012.jpg","keywords":["c\u00e1lculos trabalhistas","direito trabalhista","per\u00edcia","perito","trabalho","TST"],"articleSection":["Direito Trabalhista","TST"],"inLanguage":"pt-BR","potentialAction":[{"@type":"CommentAction","name":"Comment","target":["https:\/\/mhcalculos.com.br\/noticias\/area\/trabalhista\/tst-professora-municipal-tem-direito-a-incorporar-gratificacao-recebida-por-dez-anos-descontinuos.html#respond"]}]},{"@type":"WebPage","@id":"https:\/\/mhcalculos.com.br\/noticias\/area\/trabalhista\/tst-professora-municipal-tem-direito-a-incorporar-gratificacao-recebida-por-dez-anos-descontinuos.html","url":"https:\/\/mhcalculos.com.br\/noticias\/area\/trabalhista\/tst-professora-municipal-tem-direito-a-incorporar-gratificacao-recebida-por-dez-anos-descontinuos.html","name":"TST: Professora municipal tem direito a incorporar gratifica\u00e7\u00e3o recebida por dez anos descont\u00ednuos | Portal de Not\u00edcias","isPartOf":{"@id":"https:\/\/mhcalculos.com.br\/noticias\/#website"},"primaryImageOfPage":{"@id":"https:\/\/mhcalculos.com.br\/noticias\/area\/trabalhista\/tst-professora-municipal-tem-direito-a-incorporar-gratificacao-recebida-por-dez-anos-descontinuos.html#primaryimage"},"image":{"@id":"https:\/\/mhcalculos.com.br\/noticias\/area\/trabalhista\/tst-professora-municipal-tem-direito-a-incorporar-gratificacao-recebida-por-dez-anos-descontinuos.html#primaryimage"},"thumbnailUrl":"https:\/\/mhcalculos.com.br\/noticias\/wp-content\/uploads\/sites\/2\/2018\/06\/trabalhista-0012.jpg","datePublished":"2019-06-18T10:00:00+00:00","dateModified":"2021-07-28T17:32:35+00:00","author":{"@id":"https:\/\/mhcalculos.com.br\/noticias\/#\/schema\/person\/88d1c34bf72dc779ea14a5a6b8e0ae8d"},"breadcrumb":{"@id":"https:\/\/mhcalculos.com.br\/noticias\/area\/trabalhista\/tst-professora-municipal-tem-direito-a-incorporar-gratificacao-recebida-por-dez-anos-descontinuos.html#breadcrumb"},"inLanguage":"pt-BR","potentialAction":[{"@type":"ReadAction","target":["https:\/\/mhcalculos.com.br\/noticias\/area\/trabalhista\/tst-professora-municipal-tem-direito-a-incorporar-gratificacao-recebida-por-dez-anos-descontinuos.html"]}]},{"@type":"ImageObject","inLanguage":"pt-BR","@id":"https:\/\/mhcalculos.com.br\/noticias\/area\/trabalhista\/tst-professora-municipal-tem-direito-a-incorporar-gratificacao-recebida-por-dez-anos-descontinuos.html#primaryimage","url":"https:\/\/mhcalculos.com.br\/noticias\/wp-content\/uploads\/sites\/2\/2018\/06\/trabalhista-0012.jpg","contentUrl":"https:\/\/mhcalculos.com.br\/noticias\/wp-content\/uploads\/sites\/2\/2018\/06\/trabalhista-0012.jpg","width":2000,"height":800},{"@type":"BreadcrumbList","@id":"https:\/\/mhcalculos.com.br\/noticias\/area\/trabalhista\/tst-professora-municipal-tem-direito-a-incorporar-gratificacao-recebida-por-dez-anos-descontinuos.html#breadcrumb","itemListElement":[{"@type":"ListItem","position":1,"name":"In\u00edcio","item":"https:\/\/mhcalculos.com.br\/noticias\/"},{"@type":"ListItem","position":2,"name":"TST: Professora municipal tem direito a incorporar gratifica\u00e7\u00e3o recebida por dez anos descont\u00ednuos"}]},{"@type":"WebSite","@id":"https:\/\/mhcalculos.com.br\/noticias\/#website","url":"https:\/\/mhcalculos.com.br\/noticias\/","name":"Portal de Not\u00edcias","description":"Not\u00edcias e Jurisprud\u00eancia","potentialAction":[{"@type":"SearchAction","target":{"@type":"EntryPoint","urlTemplate":"https:\/\/mhcalculos.com.br\/noticias\/?s={search_term_string}"},"query-input":{"@type":"PropertyValueSpecification","valueRequired":true,"valueName":"search_term_string"}}],"inLanguage":"pt-BR"},{"@type":"Person","@id":"https:\/\/mhcalculos.com.br\/noticias\/#\/schema\/person\/88d1c34bf72dc779ea14a5a6b8e0ae8d","name":"Equipe MH","image":{"@type":"ImageObject","inLanguage":"pt-BR","@id":"https:\/\/secure.gravatar.com\/avatar\/de1c686c2ecc9c5a3f327e3431d819eb39f8f05d4e1045f5a1caad6daaba987f?s=96&d=mm&r=g","url":"https:\/\/secure.gravatar.com\/avatar\/de1c686c2ecc9c5a3f327e3431d819eb39f8f05d4e1045f5a1caad6daaba987f?s=96&d=mm&r=g","contentUrl":"https:\/\/secure.gravatar.com\/avatar\/de1c686c2ecc9c5a3f327e3431d819eb39f8f05d4e1045f5a1caad6daaba987f?s=96&d=mm&r=g","caption":"Equipe MH"}}]}},"_links":{"self":[{"href":"https:\/\/mhcalculos.com.br\/noticias\/wp-json\/wp\/v2\/posts\/4765","targetHints":{"allow":["GET"]}}],"collection":[{"href":"https:\/\/mhcalculos.com.br\/noticias\/wp-json\/wp\/v2\/posts"}],"about":[{"href":"https:\/\/mhcalculos.com.br\/noticias\/wp-json\/wp\/v2\/types\/post"}],"author":[{"embeddable":true,"href":"https:\/\/mhcalculos.com.br\/noticias\/wp-json\/wp\/v2\/users\/3063"}],"replies":[{"embeddable":true,"href":"https:\/\/mhcalculos.com.br\/noticias\/wp-json\/wp\/v2\/comments?post=4765"}],"version-history":[{"count":1,"href":"https:\/\/mhcalculos.com.br\/noticias\/wp-json\/wp\/v2\/posts\/4765\/revisions"}],"predecessor-version":[{"id":9795,"href":"https:\/\/mhcalculos.com.br\/noticias\/wp-json\/wp\/v2\/posts\/4765\/revisions\/9795"}],"wp:featuredmedia":[{"embeddable":true,"href":"https:\/\/mhcalculos.com.br\/noticias\/wp-json\/wp\/v2\/media\/1590"}],"wp:attachment":[{"href":"https:\/\/mhcalculos.com.br\/noticias\/wp-json\/wp\/v2\/media?parent=4765"}],"wp:term":[{"taxonomy":"category","embeddable":true,"href":"https:\/\/mhcalculos.com.br\/noticias\/wp-json\/wp\/v2\/categories?post=4765"},{"taxonomy":"post_tag","embeddable":true,"href":"https:\/\/mhcalculos.com.br\/noticias\/wp-json\/wp\/v2\/tags?post=4765"}],"curies":[{"name":"wp","href":"https:\/\/api.w.org\/{rel}","templated":true}]}}