{"id":4689,"date":"2019-06-16T06:00:15","date_gmt":"2019-06-16T09:00:15","guid":{"rendered":"https:\/\/mhcalculos.com.br\/noticias\/2019\/06\/16\/stj-stj-autoriza-retorno-de-vereador-de-belo-horizonte-afastado-do-cargo-ha-mais-de-um-ano\/"},"modified":"2021-07-28T14:32:36","modified_gmt":"2021-07-28T17:32:36","slug":"stj-stj-autoriza-retorno-de-vereador-de-belo-horizonte-afastado-do-cargo-ha-mais-de-um-ano","status":"publish","type":"post","link":"https:\/\/mhcalculos.com.br\/noticias\/area\/tributario\/stj-stj-autoriza-retorno-de-vereador-de-belo-horizonte-afastado-do-cargo-ha-mais-de-um-ano.html","title":{"rendered":"STJ: STJ autoriza retorno de vereador de Belo Horizonte afastado do cargo h\u00e1 mais de um ano"},"content":{"rendered":"\n<p>O presidente do Superior Tribunal de Justi\u00e7a (STJ), ministro Jo\u00e3o Ot\u00e1vio de Noronha, determinou nesta ter\u00e7a-feira (11) o retorno de Wellington Gon\u00e7alves de Magalh\u00e3es (PTN-MG) ao exerc\u00edcio do cargo de vereador de Belo Horizonte. A decis\u00e3o foi tomada em pedido de suspens\u00e3o de liminar e de senten\u00e7a.<\/p>\n<p>Wellington Magalh\u00e3es \u00e9 acusado pelo Minist\u00e9rio P\u00fablico de Minas Gerais (MPMG) de ter recebido valores il\u00edcitos em raz\u00e3o de contratos assinados quando foi presidente da C\u00e2mara Municipal, no per\u00edodo de 2014 a 2016.<\/p>\n<p>O MP solicitou o afastamento do pol\u00edtico devido \u00e0 influ\u00eancia que ele poderia ter sobre a pol\u00edcia e ao risco de embara\u00e7ar as investiga\u00e7\u00f5es. Em 4 de junho de 2018, o afastamento foi determinado pelo ju\u00edzo da 2\u00aa Vara da Fazenda P\u00fablica de Belo Horizonte.<\/p>\n<p>O ministro Jo\u00e3o Ot\u00e1vio de Noronha suspendeu uma decis\u00e3o do Tribunal de Justi\u00e7a de Minas Gerais (TJMG) de outubro de 2018, que, ao julgar recurso interposto nos autos da a\u00e7\u00e3o de improbidade administrativa, manteve o afastamento cautelar do vereador.<\/p>\n<p>Noronha mencionou que a jurisprud\u00eancia do STJ e do Supremo Tribunal Federal (STF) admite que pol\u00edticos detentores de mandatos eletivos afastados por ordem judicial utilizem o pedido de suspens\u00e3o de liminar e de senten\u00e7a para tentar reverter a situa\u00e7\u00e3o, alegando les\u00e3o \u00e0 ordem p\u00fablica. Segundo o ministro, o afastamento com base na Lei de Improbidade Administrativa (<strong><a href=\"http:\/\/www.planalto.gov.br\/ccivil_03\/leis\/l8429.htm\" target=\"_blank\" rel=\"noopener noreferrer\">Lei 8.429\/1992<\/a><\/strong>) n\u00e3o pode se estender por per\u00edodo indeterminado.<\/p>\n<p>\u201cSe \u00e9 certo que tal afastamento, imposto com base no <strong><a href=\"http:\/\/www.planalto.gov.br\/ccivil_03\/leis\/l8429.htm#art20\" target=\"_blank\" rel=\"noopener noreferrer\">artigo 20<\/a><\/strong>, par\u00e1grafo \u00fanico, da Lei 8.429\/1992, n\u00e3o ter\u00e1, por si s\u00f3, potencial para causar les\u00e3o \u00e0 ordem p\u00fablica, tamb\u00e9m o \u00e9 que n\u00e3o pode perpetuar-se no tempo, sobretudo por tratar-se de medida de car\u00e1ter excepcional que afeta diretamente o interesse popular\u201d, afirmou o presidente do STJ.<\/p>\n<p><strong>Cassa\u00e7\u00e3o indireta<\/strong><\/p>\n<p>Segundo a defesa do vereador, al\u00e9m de os fatos investigados serem antigos, os supostos riscos de interfer\u00eancia na instru\u00e7\u00e3o processual, considerados na decis\u00e3o do TJMG, n\u00e3o est\u00e3o relacionados ao exerc\u00edcio do mandato.<\/p>\n<p>O ministro Noronha observou que, na an\u00e1lise do pedido de suspens\u00e3o, n\u00e3o cabe avaliar a necessidade do afastamento como medida de prote\u00e7\u00e3o \u00e0 instru\u00e7\u00e3o processual. Para ele, a quest\u00e3o fundamental \u00e9 o tempo j\u00e1 decorrido com o pol\u00edtico eleito afastado de suas fun\u00e7\u00f5es, sem que o processo tenha sido conclu\u00eddo.<\/p>\n<p>\u201cN\u00e3o vejo como desconsiderar a relevante circunst\u00e2ncia de que o afastamento do parlamentar, levado a efeito por meio de decis\u00e3o prolatada em 4\/6\/2018, estende-se no tempo de forma desarrazoada e desproporcional, a ponto de configurar hip\u00f3tese de cassa\u00e7\u00e3o indireta de seu mandato\u201d, fundamentou.<\/p>\n<p>Pensar de forma diferente \u2013 destacou Noronha \u2013 seria \u201ccompactuar com a morosidade do aparelho judici\u00e1rio estatal em detrimento do interesse de todos os mun\u00edcipes\u201d que, de forma livre, elegeram Wellington Magalh\u00e3es para o cargo de vereador.<\/p>\n<p><i>Com informa\u00e7\u00f5es da assessoria de imprensa do STJ.<\/i><\/p>\n<p><a href=\"http:\/\/feedproxy.google.com\/~r\/STJNoticias\/~3\/VuAnoNnNfVY\/STJ-autoriza-retorno-de-vereador-de-Belo-Horizonte-afastado-do-cargo-h%C3%A1-mais-de-um-ano\">Fonte<\/a><\/p>\n\n","protected":false},"excerpt":{"rendered":"<p>O presidente do Superior Tribunal de Justi\u00e7a (STJ), ministro Jo\u00e3o Ot\u00e1vio de Noronha, determinou nesta ter\u00e7a-feira (11) o retorno de Wellington Gon\u00e7alves de Magalh\u00e3es (PTN-MG) ao exerc\u00edcio do cargo de vereador de Belo Horizonte. A decis\u00e3o foi tomada em pedido de suspens\u00e3o de liminar e de senten\u00e7a. Wellington Magalh\u00e3es \u00e9 acusado pelo Minist\u00e9rio P\u00fablico de [&hellip;]<\/p>\n","protected":false},"author":3063,"featured_media":4137,"comment_status":"open","ping_status":"open","sticky":false,"template":"","format":"standard","meta":{"footnotes":""},"categories":[18,7],"tags":[32,31,42,30,29,213,9,12,14,212,214],"class_list":{"0":"post-4689","1":"post","2":"type-post","3":"status-publish","4":"format-standard","5":"has-post-thumbnail","7":"category-tributario","8":"category-stj","9":"tag-calculos-judiciais","10":"tag-calculos-tributarios","11":"tag-direito-tributario","12":"tag-divida-ativa","13":"tag-fazenda-publica","14":"tag-imposto","15":"tag-pericia","16":"tag-perito","17":"tag-stj","18":"tag-superior-tribunal-de-justica","19":"tag-tributo"},"yoast_head":"<!-- This site is optimized with the Yoast SEO plugin v27.2 - https:\/\/yoast.com\/product\/yoast-seo-wordpress\/ -->\n<title>STJ: STJ autoriza retorno de vereador de Belo Horizonte afastado do cargo h\u00e1 mais de um ano | Portal de Not\u00edcias<\/title>\n<meta name=\"robots\" content=\"index, follow, max-snippet:-1, max-image-preview:large, max-video-preview:-1\" \/>\n<link rel=\"canonical\" href=\"https:\/\/mhcalculos.com.br\/noticias\/area\/tributario\/stj-stj-autoriza-retorno-de-vereador-de-belo-horizonte-afastado-do-cargo-ha-mais-de-um-ano.html\" \/>\n<meta property=\"og:locale\" content=\"pt_BR\" \/>\n<meta property=\"og:type\" content=\"article\" \/>\n<meta property=\"og:title\" content=\"STJ: STJ autoriza retorno de vereador de Belo Horizonte afastado do cargo h\u00e1 mais de um ano | Portal de Not\u00edcias\" \/>\n<meta property=\"og:description\" content=\"O presidente do Superior Tribunal de Justi\u00e7a (STJ), ministro Jo\u00e3o Ot\u00e1vio de Noronha, determinou nesta ter\u00e7a-feira (11) o retorno de Wellington Gon\u00e7alves de Magalh\u00e3es (PTN-MG) ao exerc\u00edcio do cargo de vereador de Belo Horizonte. A decis\u00e3o foi tomada em pedido de suspens\u00e3o de liminar e de senten\u00e7a. Wellington Magalh\u00e3es \u00e9 acusado pelo Minist\u00e9rio P\u00fablico de [&hellip;]\" \/>\n<meta property=\"og:url\" content=\"https:\/\/mhcalculos.com.br\/noticias\/area\/tributario\/stj-stj-autoriza-retorno-de-vereador-de-belo-horizonte-afastado-do-cargo-ha-mais-de-um-ano.html\" \/>\n<meta property=\"og:site_name\" content=\"Portal de Not\u00edcias\" \/>\n<meta property=\"article:published_time\" content=\"2019-06-16T09:00:15+00:00\" \/>\n<meta property=\"article:modified_time\" content=\"2021-07-28T17:32:36+00:00\" \/>\n<meta property=\"og:image\" content=\"https:\/\/mhcalculos.com.br\/noticias\/wp-content\/uploads\/sites\/2\/2019\/04\/tributario-0033.jpg\" \/>\n\t<meta property=\"og:image:width\" content=\"2000\" \/>\n\t<meta property=\"og:image:height\" content=\"800\" \/>\n\t<meta property=\"og:image:type\" content=\"image\/jpeg\" \/>\n<meta name=\"author\" content=\"Equipe MH\" \/>\n<meta name=\"twitter:card\" content=\"summary_large_image\" \/>\n<meta name=\"twitter:label1\" content=\"Escrito por\" \/>\n\t<meta name=\"twitter:data1\" content=\"Equipe MH\" \/>\n\t<meta name=\"twitter:label2\" content=\"Est. tempo de leitura\" \/>\n\t<meta name=\"twitter:data2\" content=\"3 minutos\" \/>\n<script type=\"application\/ld+json\" class=\"yoast-schema-graph\">{\"@context\":\"https:\/\/schema.org\",\"@graph\":[{\"@type\":\"Article\",\"@id\":\"https:\/\/mhcalculos.com.br\/noticias\/area\/tributario\/stj-stj-autoriza-retorno-de-vereador-de-belo-horizonte-afastado-do-cargo-ha-mais-de-um-ano.html#article\",\"isPartOf\":{\"@id\":\"https:\/\/mhcalculos.com.br\/noticias\/area\/tributario\/stj-stj-autoriza-retorno-de-vereador-de-belo-horizonte-afastado-do-cargo-ha-mais-de-um-ano.html\"},\"author\":{\"name\":\"Equipe MH\",\"@id\":\"https:\/\/mhcalculos.com.br\/noticias\/#\/schema\/person\/88d1c34bf72dc779ea14a5a6b8e0ae8d\"},\"headline\":\"STJ: STJ autoriza retorno de vereador de Belo Horizonte afastado do cargo h\u00e1 mais de um ano\",\"datePublished\":\"2019-06-16T09:00:15+00:00\",\"dateModified\":\"2021-07-28T17:32:36+00:00\",\"mainEntityOfPage\":{\"@id\":\"https:\/\/mhcalculos.com.br\/noticias\/area\/tributario\/stj-stj-autoriza-retorno-de-vereador-de-belo-horizonte-afastado-do-cargo-ha-mais-de-um-ano.html\"},\"wordCount\":528,\"commentCount\":0,\"image\":{\"@id\":\"https:\/\/mhcalculos.com.br\/noticias\/area\/tributario\/stj-stj-autoriza-retorno-de-vereador-de-belo-horizonte-afastado-do-cargo-ha-mais-de-um-ano.html#primaryimage\"},\"thumbnailUrl\":\"https:\/\/mhcalculos.com.br\/noticias\/wp-content\/uploads\/sites\/2\/2019\/04\/tributario-0033.jpg\",\"keywords\":[\"c\u00e1lculos judiciais\",\"c\u00e1lculos tribut\u00e1rios\",\"direito tribut\u00e1rio\",\"d\u00edvida ativa\",\"fazenda p\u00fablica\",\"Imposto\",\"per\u00edcia\",\"perito\",\"stj\",\"Superior Tribunal de Justi\u00e7a\",\"tributo\"],\"articleSection\":[\"Direito Tribut\u00e1rio\",\"STJ\"],\"inLanguage\":\"pt-BR\",\"potentialAction\":[{\"@type\":\"CommentAction\",\"name\":\"Comment\",\"target\":[\"https:\/\/mhcalculos.com.br\/noticias\/area\/tributario\/stj-stj-autoriza-retorno-de-vereador-de-belo-horizonte-afastado-do-cargo-ha-mais-de-um-ano.html#respond\"]}]},{\"@type\":\"WebPage\",\"@id\":\"https:\/\/mhcalculos.com.br\/noticias\/area\/tributario\/stj-stj-autoriza-retorno-de-vereador-de-belo-horizonte-afastado-do-cargo-ha-mais-de-um-ano.html\",\"url\":\"https:\/\/mhcalculos.com.br\/noticias\/area\/tributario\/stj-stj-autoriza-retorno-de-vereador-de-belo-horizonte-afastado-do-cargo-ha-mais-de-um-ano.html\",\"name\":\"STJ: STJ autoriza retorno de vereador de Belo Horizonte afastado do cargo h\u00e1 mais de um ano | Portal de Not\u00edcias\",\"isPartOf\":{\"@id\":\"https:\/\/mhcalculos.com.br\/noticias\/#website\"},\"primaryImageOfPage\":{\"@id\":\"https:\/\/mhcalculos.com.br\/noticias\/area\/tributario\/stj-stj-autoriza-retorno-de-vereador-de-belo-horizonte-afastado-do-cargo-ha-mais-de-um-ano.html#primaryimage\"},\"image\":{\"@id\":\"https:\/\/mhcalculos.com.br\/noticias\/area\/tributario\/stj-stj-autoriza-retorno-de-vereador-de-belo-horizonte-afastado-do-cargo-ha-mais-de-um-ano.html#primaryimage\"},\"thumbnailUrl\":\"https:\/\/mhcalculos.com.br\/noticias\/wp-content\/uploads\/sites\/2\/2019\/04\/tributario-0033.jpg\",\"datePublished\":\"2019-06-16T09:00:15+00:00\",\"dateModified\":\"2021-07-28T17:32:36+00:00\",\"author\":{\"@id\":\"https:\/\/mhcalculos.com.br\/noticias\/#\/schema\/person\/88d1c34bf72dc779ea14a5a6b8e0ae8d\"},\"breadcrumb\":{\"@id\":\"https:\/\/mhcalculos.com.br\/noticias\/area\/tributario\/stj-stj-autoriza-retorno-de-vereador-de-belo-horizonte-afastado-do-cargo-ha-mais-de-um-ano.html#breadcrumb\"},\"inLanguage\":\"pt-BR\",\"potentialAction\":[{\"@type\":\"ReadAction\",\"target\":[\"https:\/\/mhcalculos.com.br\/noticias\/area\/tributario\/stj-stj-autoriza-retorno-de-vereador-de-belo-horizonte-afastado-do-cargo-ha-mais-de-um-ano.html\"]}]},{\"@type\":\"ImageObject\",\"inLanguage\":\"pt-BR\",\"@id\":\"https:\/\/mhcalculos.com.br\/noticias\/area\/tributario\/stj-stj-autoriza-retorno-de-vereador-de-belo-horizonte-afastado-do-cargo-ha-mais-de-um-ano.html#primaryimage\",\"url\":\"https:\/\/mhcalculos.com.br\/noticias\/wp-content\/uploads\/sites\/2\/2019\/04\/tributario-0033.jpg\",\"contentUrl\":\"https:\/\/mhcalculos.com.br\/noticias\/wp-content\/uploads\/sites\/2\/2019\/04\/tributario-0033.jpg\",\"width\":2000,\"height\":800},{\"@type\":\"BreadcrumbList\",\"@id\":\"https:\/\/mhcalculos.com.br\/noticias\/area\/tributario\/stj-stj-autoriza-retorno-de-vereador-de-belo-horizonte-afastado-do-cargo-ha-mais-de-um-ano.html#breadcrumb\",\"itemListElement\":[{\"@type\":\"ListItem\",\"position\":1,\"name\":\"In\u00edcio\",\"item\":\"https:\/\/mhcalculos.com.br\/noticias\/\"},{\"@type\":\"ListItem\",\"position\":2,\"name\":\"STJ: STJ autoriza retorno de vereador de Belo Horizonte afastado do cargo h\u00e1 mais de um ano\"}]},{\"@type\":\"WebSite\",\"@id\":\"https:\/\/mhcalculos.com.br\/noticias\/#website\",\"url\":\"https:\/\/mhcalculos.com.br\/noticias\/\",\"name\":\"Portal de Not\u00edcias\",\"description\":\"Not\u00edcias e Jurisprud\u00eancia\",\"potentialAction\":[{\"@type\":\"SearchAction\",\"target\":{\"@type\":\"EntryPoint\",\"urlTemplate\":\"https:\/\/mhcalculos.com.br\/noticias\/?s={search_term_string}\"},\"query-input\":{\"@type\":\"PropertyValueSpecification\",\"valueRequired\":true,\"valueName\":\"search_term_string\"}}],\"inLanguage\":\"pt-BR\"},{\"@type\":\"Person\",\"@id\":\"https:\/\/mhcalculos.com.br\/noticias\/#\/schema\/person\/88d1c34bf72dc779ea14a5a6b8e0ae8d\",\"name\":\"Equipe MH\",\"image\":{\"@type\":\"ImageObject\",\"inLanguage\":\"pt-BR\",\"@id\":\"https:\/\/secure.gravatar.com\/avatar\/de1c686c2ecc9c5a3f327e3431d819eb39f8f05d4e1045f5a1caad6daaba987f?s=96&d=mm&r=g\",\"url\":\"https:\/\/secure.gravatar.com\/avatar\/de1c686c2ecc9c5a3f327e3431d819eb39f8f05d4e1045f5a1caad6daaba987f?s=96&d=mm&r=g\",\"contentUrl\":\"https:\/\/secure.gravatar.com\/avatar\/de1c686c2ecc9c5a3f327e3431d819eb39f8f05d4e1045f5a1caad6daaba987f?s=96&d=mm&r=g\",\"caption\":\"Equipe MH\"}}]}<\/script>\n<!-- \/ Yoast SEO plugin. -->","yoast_head_json":{"title":"STJ: STJ autoriza retorno de vereador de Belo Horizonte afastado do cargo h\u00e1 mais de um ano | Portal de Not\u00edcias","robots":{"index":"index","follow":"follow","max-snippet":"max-snippet:-1","max-image-preview":"max-image-preview:large","max-video-preview":"max-video-preview:-1"},"canonical":"https:\/\/mhcalculos.com.br\/noticias\/area\/tributario\/stj-stj-autoriza-retorno-de-vereador-de-belo-horizonte-afastado-do-cargo-ha-mais-de-um-ano.html","og_locale":"pt_BR","og_type":"article","og_title":"STJ: STJ autoriza retorno de vereador de Belo Horizonte afastado do cargo h\u00e1 mais de um ano | Portal de Not\u00edcias","og_description":"O presidente do Superior Tribunal de Justi\u00e7a (STJ), ministro Jo\u00e3o Ot\u00e1vio de Noronha, determinou nesta ter\u00e7a-feira (11) o retorno de Wellington Gon\u00e7alves de Magalh\u00e3es (PTN-MG) ao exerc\u00edcio do cargo de vereador de Belo Horizonte. A decis\u00e3o foi tomada em pedido de suspens\u00e3o de liminar e de senten\u00e7a. Wellington Magalh\u00e3es \u00e9 acusado pelo Minist\u00e9rio P\u00fablico de [&hellip;]","og_url":"https:\/\/mhcalculos.com.br\/noticias\/area\/tributario\/stj-stj-autoriza-retorno-de-vereador-de-belo-horizonte-afastado-do-cargo-ha-mais-de-um-ano.html","og_site_name":"Portal de Not\u00edcias","article_published_time":"2019-06-16T09:00:15+00:00","article_modified_time":"2021-07-28T17:32:36+00:00","og_image":[{"width":2000,"height":800,"url":"https:\/\/mhcalculos.com.br\/noticias\/wp-content\/uploads\/sites\/2\/2019\/04\/tributario-0033.jpg","type":"image\/jpeg"}],"author":"Equipe MH","twitter_card":"summary_large_image","twitter_misc":{"Escrito por":"Equipe MH","Est. tempo de leitura":"3 minutos"},"schema":{"@context":"https:\/\/schema.org","@graph":[{"@type":"Article","@id":"https:\/\/mhcalculos.com.br\/noticias\/area\/tributario\/stj-stj-autoriza-retorno-de-vereador-de-belo-horizonte-afastado-do-cargo-ha-mais-de-um-ano.html#article","isPartOf":{"@id":"https:\/\/mhcalculos.com.br\/noticias\/area\/tributario\/stj-stj-autoriza-retorno-de-vereador-de-belo-horizonte-afastado-do-cargo-ha-mais-de-um-ano.html"},"author":{"name":"Equipe MH","@id":"https:\/\/mhcalculos.com.br\/noticias\/#\/schema\/person\/88d1c34bf72dc779ea14a5a6b8e0ae8d"},"headline":"STJ: STJ autoriza retorno de vereador de Belo Horizonte afastado do cargo h\u00e1 mais de um ano","datePublished":"2019-06-16T09:00:15+00:00","dateModified":"2021-07-28T17:32:36+00:00","mainEntityOfPage":{"@id":"https:\/\/mhcalculos.com.br\/noticias\/area\/tributario\/stj-stj-autoriza-retorno-de-vereador-de-belo-horizonte-afastado-do-cargo-ha-mais-de-um-ano.html"},"wordCount":528,"commentCount":0,"image":{"@id":"https:\/\/mhcalculos.com.br\/noticias\/area\/tributario\/stj-stj-autoriza-retorno-de-vereador-de-belo-horizonte-afastado-do-cargo-ha-mais-de-um-ano.html#primaryimage"},"thumbnailUrl":"https:\/\/mhcalculos.com.br\/noticias\/wp-content\/uploads\/sites\/2\/2019\/04\/tributario-0033.jpg","keywords":["c\u00e1lculos judiciais","c\u00e1lculos tribut\u00e1rios","direito tribut\u00e1rio","d\u00edvida ativa","fazenda p\u00fablica","Imposto","per\u00edcia","perito","stj","Superior Tribunal de Justi\u00e7a","tributo"],"articleSection":["Direito Tribut\u00e1rio","STJ"],"inLanguage":"pt-BR","potentialAction":[{"@type":"CommentAction","name":"Comment","target":["https:\/\/mhcalculos.com.br\/noticias\/area\/tributario\/stj-stj-autoriza-retorno-de-vereador-de-belo-horizonte-afastado-do-cargo-ha-mais-de-um-ano.html#respond"]}]},{"@type":"WebPage","@id":"https:\/\/mhcalculos.com.br\/noticias\/area\/tributario\/stj-stj-autoriza-retorno-de-vereador-de-belo-horizonte-afastado-do-cargo-ha-mais-de-um-ano.html","url":"https:\/\/mhcalculos.com.br\/noticias\/area\/tributario\/stj-stj-autoriza-retorno-de-vereador-de-belo-horizonte-afastado-do-cargo-ha-mais-de-um-ano.html","name":"STJ: STJ autoriza retorno de vereador de Belo Horizonte afastado do cargo h\u00e1 mais de um ano | Portal de Not\u00edcias","isPartOf":{"@id":"https:\/\/mhcalculos.com.br\/noticias\/#website"},"primaryImageOfPage":{"@id":"https:\/\/mhcalculos.com.br\/noticias\/area\/tributario\/stj-stj-autoriza-retorno-de-vereador-de-belo-horizonte-afastado-do-cargo-ha-mais-de-um-ano.html#primaryimage"},"image":{"@id":"https:\/\/mhcalculos.com.br\/noticias\/area\/tributario\/stj-stj-autoriza-retorno-de-vereador-de-belo-horizonte-afastado-do-cargo-ha-mais-de-um-ano.html#primaryimage"},"thumbnailUrl":"https:\/\/mhcalculos.com.br\/noticias\/wp-content\/uploads\/sites\/2\/2019\/04\/tributario-0033.jpg","datePublished":"2019-06-16T09:00:15+00:00","dateModified":"2021-07-28T17:32:36+00:00","author":{"@id":"https:\/\/mhcalculos.com.br\/noticias\/#\/schema\/person\/88d1c34bf72dc779ea14a5a6b8e0ae8d"},"breadcrumb":{"@id":"https:\/\/mhcalculos.com.br\/noticias\/area\/tributario\/stj-stj-autoriza-retorno-de-vereador-de-belo-horizonte-afastado-do-cargo-ha-mais-de-um-ano.html#breadcrumb"},"inLanguage":"pt-BR","potentialAction":[{"@type":"ReadAction","target":["https:\/\/mhcalculos.com.br\/noticias\/area\/tributario\/stj-stj-autoriza-retorno-de-vereador-de-belo-horizonte-afastado-do-cargo-ha-mais-de-um-ano.html"]}]},{"@type":"ImageObject","inLanguage":"pt-BR","@id":"https:\/\/mhcalculos.com.br\/noticias\/area\/tributario\/stj-stj-autoriza-retorno-de-vereador-de-belo-horizonte-afastado-do-cargo-ha-mais-de-um-ano.html#primaryimage","url":"https:\/\/mhcalculos.com.br\/noticias\/wp-content\/uploads\/sites\/2\/2019\/04\/tributario-0033.jpg","contentUrl":"https:\/\/mhcalculos.com.br\/noticias\/wp-content\/uploads\/sites\/2\/2019\/04\/tributario-0033.jpg","width":2000,"height":800},{"@type":"BreadcrumbList","@id":"https:\/\/mhcalculos.com.br\/noticias\/area\/tributario\/stj-stj-autoriza-retorno-de-vereador-de-belo-horizonte-afastado-do-cargo-ha-mais-de-um-ano.html#breadcrumb","itemListElement":[{"@type":"ListItem","position":1,"name":"In\u00edcio","item":"https:\/\/mhcalculos.com.br\/noticias\/"},{"@type":"ListItem","position":2,"name":"STJ: STJ autoriza retorno de vereador de Belo Horizonte afastado do cargo h\u00e1 mais de um ano"}]},{"@type":"WebSite","@id":"https:\/\/mhcalculos.com.br\/noticias\/#website","url":"https:\/\/mhcalculos.com.br\/noticias\/","name":"Portal de Not\u00edcias","description":"Not\u00edcias e Jurisprud\u00eancia","potentialAction":[{"@type":"SearchAction","target":{"@type":"EntryPoint","urlTemplate":"https:\/\/mhcalculos.com.br\/noticias\/?s={search_term_string}"},"query-input":{"@type":"PropertyValueSpecification","valueRequired":true,"valueName":"search_term_string"}}],"inLanguage":"pt-BR"},{"@type":"Person","@id":"https:\/\/mhcalculos.com.br\/noticias\/#\/schema\/person\/88d1c34bf72dc779ea14a5a6b8e0ae8d","name":"Equipe MH","image":{"@type":"ImageObject","inLanguage":"pt-BR","@id":"https:\/\/secure.gravatar.com\/avatar\/de1c686c2ecc9c5a3f327e3431d819eb39f8f05d4e1045f5a1caad6daaba987f?s=96&d=mm&r=g","url":"https:\/\/secure.gravatar.com\/avatar\/de1c686c2ecc9c5a3f327e3431d819eb39f8f05d4e1045f5a1caad6daaba987f?s=96&d=mm&r=g","contentUrl":"https:\/\/secure.gravatar.com\/avatar\/de1c686c2ecc9c5a3f327e3431d819eb39f8f05d4e1045f5a1caad6daaba987f?s=96&d=mm&r=g","caption":"Equipe MH"}}]}},"_links":{"self":[{"href":"https:\/\/mhcalculos.com.br\/noticias\/wp-json\/wp\/v2\/posts\/4689","targetHints":{"allow":["GET"]}}],"collection":[{"href":"https:\/\/mhcalculos.com.br\/noticias\/wp-json\/wp\/v2\/posts"}],"about":[{"href":"https:\/\/mhcalculos.com.br\/noticias\/wp-json\/wp\/v2\/types\/post"}],"author":[{"embeddable":true,"href":"https:\/\/mhcalculos.com.br\/noticias\/wp-json\/wp\/v2\/users\/3063"}],"replies":[{"embeddable":true,"href":"https:\/\/mhcalculos.com.br\/noticias\/wp-json\/wp\/v2\/comments?post=4689"}],"version-history":[{"count":1,"href":"https:\/\/mhcalculos.com.br\/noticias\/wp-json\/wp\/v2\/posts\/4689\/revisions"}],"predecessor-version":[{"id":6608,"href":"https:\/\/mhcalculos.com.br\/noticias\/wp-json\/wp\/v2\/posts\/4689\/revisions\/6608"}],"wp:featuredmedia":[{"embeddable":true,"href":"https:\/\/mhcalculos.com.br\/noticias\/wp-json\/wp\/v2\/media\/4137"}],"wp:attachment":[{"href":"https:\/\/mhcalculos.com.br\/noticias\/wp-json\/wp\/v2\/media?parent=4689"}],"wp:term":[{"taxonomy":"category","embeddable":true,"href":"https:\/\/mhcalculos.com.br\/noticias\/wp-json\/wp\/v2\/categories?post=4689"},{"taxonomy":"post_tag","embeddable":true,"href":"https:\/\/mhcalculos.com.br\/noticias\/wp-json\/wp\/v2\/tags?post=4689"}],"curies":[{"name":"wp","href":"https:\/\/api.w.org\/{rel}","templated":true}]}}